{"id":1133185,"date":"2020-06-12T00:28:10","date_gmt":"2020-06-11T23:28:10","guid":{"rendered":"https:\/\/www.pressenza.com\/?p=1133185"},"modified":"2020-06-12T00:28:10","modified_gmt":"2020-06-11T23:28:10","slug":"biden-afirma-que-las-fuerzas-armadas-sacaran-a-trump-de-la-casa-blanca","status":"publish","type":"post","link":"https:\/\/www.pressenza.com\/es\/2020\/06\/biden-afirma-que-las-fuerzas-armadas-sacaran-a-trump-de-la-casa-blanca\/","title":{"rendered":"Biden afirma que las Fuerzas Armadas sacar\u00e1n a Trump de la Casa Blanca"},"content":{"rendered":"<p><strong>Biden dice que su mayor temor es que Trump trate de secuestrar los resultados de las elecciones de noviembre o que se niegue a dejar la Casa Blanca si pierde.<\/strong><\/p>\n<p>En una entrevista en el programa\u00a0<em>The Daily Show with Trevor Noah<\/em>, Joe Biden, candidato dem\u00f3crata a las elecciones presidenciales del pr\u00f3ximo 3 de noviembre, admiti\u00f3 la noche del mi\u00e9rcoles que se ha planteado la posibilidad de que sea \u00e9l quien se alce con la victoria en los comicios y que su rival y actual presidente de EE.UU., Donald Trump, se niegue a reconocer su derrota, que ser\u00eda algo sin precedentes en la historia norteamericana.<\/p>\n<p>Biden, quien fue la mano derecha del expresidente de EE.UU. Barack Obama durante ocho a\u00f1os, recalc\u00f3 que su mayor preocupaci\u00f3n es que Trump pueda intentar robar las elecciones y se resista a dejar su cargo.<\/p>\n<p>En tal caso, el expresidente de EE.UU. subray\u00f3 que est\u00e1 \u201cabsolutamente convencido\u201d de que el l\u00edder republicano ser\u00eda evacuado de la Casa Blanca por miembros de las Fuerzas Armadas aduciendo a que los altos cargos militares se han distanciado de Trump durante estos \u00faltimos a\u00f1os, entre ellos miembros de la c\u00fapula del Departamento de Defensa (el Pent\u00e1gono), as\u00ed como algunos destacados l\u00edderes republicanos que se han desmarcado de su candidatura en los \u00faltimos d\u00edas tras\u00a0<a href=\"https:\/\/www.hispantv.com\/noticias\/ee-uu-\/468010\/trump-floyd-republicanos-elecciones-protestas\" target=\"_blank\" rel=\"noopener noreferrer\">haberle criticado su brutal respuesta para sofocar las protestas raciales en Estados Unidos.<\/a><\/p>\n<p>En otra parte de su intervenci\u00f3n, Biden, en alusi\u00f3n a las cr\u00edticas del actual mandatario contra un sistema que podr\u00eda utilizarse para evitar aglomeraciones en los colegios electorales, se\u00f1al\u00f3 que\u00a0Trump\u00a0es el mismo tipo que dijo en su d\u00eda que todas las boletas de\u00a0elecciones\u00a0del voto por correo son fraudulentas mientras se sienta detr\u00e1s de un escritorio en la Oficina Oval y escribe su boleta por correo para votar en las primarias del Partido Republicano.<\/p>\n<p>Esta no es la primera vez que Biden plantea la idea de que Trump puede entrometerse en las elecciones, ya que en abril, mientras el n\u00famero de muertos por coronavirus, causante de la COVID-19, continuaba aumentando, advirti\u00f3: \u201cMarquen mis palabras. Creo que intentar\u00e1 retrasar las elecciones de alguna manera, propondr\u00e1 alguna raz\u00f3n por la que no se puede celebrar\u201d.<\/p>\n","protected":false},"excerpt":{"rendered":"<p>Biden dice que su mayor temor es que Trump trate de secuestrar los resultados de las elecciones de noviembre o que se niegue a dejar la Casa Blanca si pierde. En una entrevista en el programa\u00a0The Daily Show with Trevor&hellip;<\/p>\n","protected":false},"author":954,"featured_media":1133197,"comment_status":"closed","ping_status":"closed","sticky":false,"template":"","format":"standard","meta":{"footnotes":""},"categories":[68,74],"tags":[21613,70071,77151,26187,25705,403,77152,24500],"class_list":["post-1133185","post","type-post","status-publish","format-standard","has-post-thumbnail","hentry","category-norteamerica","category-politica-es","tag-casa-blanca","tag-coronavirus-es","tag-despacho-oval","tag-donald-trump-es","tag-eeuu","tag-elecciones","tag-joseph-biden","tag-partido-republicano"],"yoast_head":"<!-- This site is optimized with the Yoast SEO plugin v27.1.1 - https:\/\/yoast.com\/product\/yoast-seo-wordpress\/ -->\n<title>Biden afirma que las Fuerzas Armadas sacar\u00e1n a Trump de la Casa Blanca<\/title>\n<meta name=\"description\" content=\"Biden dice que su mayor temor es que Trump trate de secuestrar los resultados de las elecciones de noviembre o que se niegue a dejar la Casa Blanca si\" \/>\n<meta name=\"robots\" content=\"index, follow, max-snippet:-1, max-image-preview:large, max-video-preview:-1\" \/>\n<link rel=\"canonical\" href=\"https:\/\/www.pressenza.com\/es\/2020\/06\/biden-afirma-que-las-fuerzas-armadas-sacaran-a-trump-de-la-casa-blanca\/\" \/>\n<meta property=\"og:locale\" content=\"es_ES\" \/>\n<meta property=\"og:type\" content=\"article\" \/>\n<meta property=\"og:title\" content=\"Biden afirma que las Fuerzas Armadas sacar\u00e1n a Trump de la Casa Blanca\" \/>\n<meta property=\"og:description\" content=\"Biden dice que su mayor temor es que Trump trate de secuestrar los resultados de las elecciones de noviembre o que se niegue a dejar la Casa Blanca si\" \/>\n<meta property=\"og:url\" content=\"https:\/\/www.pressenza.com\/es\/2020\/06\/biden-afirma-que-las-fuerzas-armadas-sacaran-a-trump-de-la-casa-blanca\/\" \/>\n<meta property=\"og:site_name\" content=\"Pressenza\" \/>\n<meta property=\"article:publisher\" content=\"https:\/\/www.facebook.com\/PressenzaItalia\" \/>\n<meta property=\"article:author\" content=\"https:\/\/www.facebook.com\/Hispantv\" \/>\n<meta property=\"article:published_time\" content=\"2020-06-11T23:28:10+00:00\" \/>\n<meta property=\"og:image\" content=\"https:\/\/www.pressenza.com\/wp-content\/uploads\/2020\/06\/Trump-x-DonkeyHotey.jpg\" \/>\n\t<meta property=\"og:image:width\" content=\"800\" \/>\n\t<meta property=\"og:image:height\" content=\"450\" \/>\n\t<meta property=\"og:image:type\" content=\"image\/jpeg\" \/>\n<meta name=\"author\" content=\"HispanTV\" \/>\n<meta name=\"twitter:card\" content=\"summary_large_image\" \/>\n<meta name=\"twitter:creator\" content=\"@Hispantv\" \/>\n<meta name=\"twitter:site\" content=\"@PressenzaIPA\" \/>\n<meta name=\"twitter:label1\" content=\"Escrito por\" \/>\n\t<meta name=\"twitter:data1\" content=\"HispanTV\" \/>\n\t<meta name=\"twitter:label2\" content=\"Tiempo de lectura\" \/>\n\t<meta name=\"twitter:data2\" content=\"2 minutos\" \/>\n<script type=\"application\/ld+json\" class=\"yoast-schema-graph\">{\"@context\":\"https:\/\/schema.org\",\"@graph\":[{\"@type\":\"Article\",\"@id\":\"https:\/\/www.pressenza.com\/es\/2020\/06\/biden-afirma-que-las-fuerzas-armadas-sacaran-a-trump-de-la-casa-blanca\/#article\",\"isPartOf\":{\"@id\":\"https:\/\/www.pressenza.com\/es\/2020\/06\/biden-afirma-que-las-fuerzas-armadas-sacaran-a-trump-de-la-casa-blanca\/\"},\"author\":{\"name\":\"HispanTV\",\"@id\":\"https:\/\/www.pressenza.com\/es\/#\/schema\/person\/2e5ffdf0e238fbba512bcf5c97959187\"},\"headline\":\"Biden afirma que las Fuerzas Armadas sacar\u00e1n a Trump de la Casa Blanca\",\"datePublished\":\"2020-06-11T23:28:10+00:00\",\"mainEntityOfPage\":{\"@id\":\"https:\/\/www.pressenza.com\/es\/2020\/06\/biden-afirma-que-las-fuerzas-armadas-sacaran-a-trump-de-la-casa-blanca\/\"},\"wordCount\":402,\"publisher\":{\"@id\":\"https:\/\/www.pressenza.com\/es\/#organization\"},\"image\":{\"@id\":\"https:\/\/www.pressenza.com\/es\/2020\/06\/biden-afirma-que-las-fuerzas-armadas-sacaran-a-trump-de-la-casa-blanca\/#primaryimage\"},\"thumbnailUrl\":\"https:\/\/www.pressenza.com\/wp-content\/uploads\/2020\/06\/Trump-x-DonkeyHotey.jpg\",\"keywords\":[\"Casa Blanca\",\"coronav\u00edrus\",\"Despacho Oval\",\"Donald Trump\",\"EEUU\",\"elecciones\",\"Joseph Biden\",\"Partido Republicano\"],\"articleSection\":[\"Norteam\u00e9rica\",\"Pol\u00edtica\"],\"inLanguage\":\"es\"},{\"@type\":\"WebPage\",\"@id\":\"https:\/\/www.pressenza.com\/es\/2020\/06\/biden-afirma-que-las-fuerzas-armadas-sacaran-a-trump-de-la-casa-blanca\/\",\"url\":\"https:\/\/www.pressenza.com\/es\/2020\/06\/biden-afirma-que-las-fuerzas-armadas-sacaran-a-trump-de-la-casa-blanca\/\",\"name\":\"Biden afirma que las Fuerzas Armadas sacar\u00e1n a Trump de la Casa Blanca\",\"isPartOf\":{\"@id\":\"https:\/\/www.pressenza.com\/es\/#website\"},\"primaryImageOfPage\":{\"@id\":\"https:\/\/www.pressenza.com\/es\/2020\/06\/biden-afirma-que-las-fuerzas-armadas-sacaran-a-trump-de-la-casa-blanca\/#primaryimage\"},\"image\":{\"@id\":\"https:\/\/www.pressenza.com\/es\/2020\/06\/biden-afirma-que-las-fuerzas-armadas-sacaran-a-trump-de-la-casa-blanca\/#primaryimage\"},\"thumbnailUrl\":\"https:\/\/www.pressenza.com\/wp-content\/uploads\/2020\/06\/Trump-x-DonkeyHotey.jpg\",\"datePublished\":\"2020-06-11T23:28:10+00:00\",\"description\":\"Biden dice que su mayor temor es que Trump trate de secuestrar los resultados de las elecciones de noviembre o que se niegue a dejar la Casa Blanca si\",\"breadcrumb\":{\"@id\":\"https:\/\/www.pressenza.com\/es\/2020\/06\/biden-afirma-que-las-fuerzas-armadas-sacaran-a-trump-de-la-casa-blanca\/#breadcrumb\"},\"inLanguage\":\"es\",\"potentialAction\":[{\"@type\":\"ReadAction\",\"target\":[\"https:\/\/www.pressenza.com\/es\/2020\/06\/biden-afirma-que-las-fuerzas-armadas-sacaran-a-trump-de-la-casa-blanca\/\"]}]},{\"@type\":\"ImageObject\",\"inLanguage\":\"es\",\"@id\":\"https:\/\/www.pressenza.com\/es\/2020\/06\/biden-afirma-que-las-fuerzas-armadas-sacaran-a-trump-de-la-casa-blanca\/#primaryimage\",\"url\":\"https:\/\/www.pressenza.com\/wp-content\/uploads\/2020\/06\/Trump-x-DonkeyHotey.jpg\",\"contentUrl\":\"https:\/\/www.pressenza.com\/wp-content\/uploads\/2020\/06\/Trump-x-DonkeyHotey.jpg\",\"width\":800,\"height\":450},{\"@type\":\"BreadcrumbList\",\"@id\":\"https:\/\/www.pressenza.com\/es\/2020\/06\/biden-afirma-que-las-fuerzas-armadas-sacaran-a-trump-de-la-casa-blanca\/#breadcrumb\",\"itemListElement\":[{\"@type\":\"ListItem\",\"position\":1,\"name\":\"Accueil\",\"item\":\"https:\/\/www.pressenza.com\/es\/\"},{\"@type\":\"ListItem\",\"position\":2,\"name\":\"Biden afirma que las Fuerzas Armadas sacar\u00e1n a Trump de la Casa Blanca\"}]},{\"@type\":\"WebSite\",\"@id\":\"https:\/\/www.pressenza.com\/es\/#website\",\"url\":\"https:\/\/www.pressenza.com\/es\/\",\"name\":\"Pressenza\",\"description\":\"International Press Agency\",\"publisher\":{\"@id\":\"https:\/\/www.pressenza.com\/es\/#organization\"},\"potentialAction\":[{\"@type\":\"SearchAction\",\"target\":{\"@type\":\"EntryPoint\",\"urlTemplate\":\"https:\/\/www.pressenza.com\/es\/?s={search_term_string}\"},\"query-input\":{\"@type\":\"PropertyValueSpecification\",\"valueRequired\":true,\"valueName\":\"search_term_string\"}}],\"inLanguage\":\"es\"},{\"@type\":\"Organization\",\"@id\":\"https:\/\/www.pressenza.com\/es\/#organization\",\"name\":\"Pressenza\",\"url\":\"https:\/\/www.pressenza.com\/es\/\",\"logo\":{\"@type\":\"ImageObject\",\"inLanguage\":\"es\",\"@id\":\"https:\/\/www.pressenza.com\/es\/#\/schema\/logo\/image\/\",\"url\":\"https:\/\/www.pressenza.com\/wp-content\/uploads\/2022\/10\/pressenza_logo_200x200.jpg\",\"contentUrl\":\"https:\/\/www.pressenza.com\/wp-content\/uploads\/2022\/10\/pressenza_logo_200x200.jpg\",\"width\":200,\"height\":200,\"caption\":\"Pressenza\"},\"image\":{\"@id\":\"https:\/\/www.pressenza.com\/es\/#\/schema\/logo\/image\/\"},\"sameAs\":[\"https:\/\/www.facebook.com\/PressenzaItalia\",\"https:\/\/x.com\/PressenzaIPA\"]},{\"@type\":\"Person\",\"@id\":\"https:\/\/www.pressenza.com\/es\/#\/schema\/person\/2e5ffdf0e238fbba512bcf5c97959187\",\"name\":\"HispanTV\",\"description\":\"Trabajar bajo el f\u00e9rreo compromiso como medio de comunicaci\u00f3n para fomentar el acercamiento entre los pueblos de Ir\u00e1n, el Hispanoamericano y los de Medio Oriente, considerando adem\u00e1s la necesidad de crear una mayor cercan\u00eda entre todos los pueblos de Am\u00e9rica Latina. http:\/\/www.hispantv.com\/\",\"sameAs\":[\"http:\/\/www.hispantv.ir\",\"https:\/\/www.facebook.com\/Hispantv\",\"https:\/\/x.com\/Hispantv\"],\"url\":\"https:\/\/www.pressenza.com\/es\/author\/hispantv\/\"}]}<\/script>\n<!-- \/ Yoast SEO plugin. -->","yoast_head_json":{"title":"Biden afirma que las Fuerzas Armadas sacar\u00e1n a Trump de la Casa Blanca","description":"Biden dice que su mayor temor es que Trump trate de secuestrar los resultados de las elecciones de noviembre o que se niegue a dejar la Casa Blanca si","robots":{"index":"index","follow":"follow","max-snippet":"max-snippet:-1","max-image-preview":"max-image-preview:large","max-video-preview":"max-video-preview:-1"},"canonical":"https:\/\/www.pressenza.com\/es\/2020\/06\/biden-afirma-que-las-fuerzas-armadas-sacaran-a-trump-de-la-casa-blanca\/","og_locale":"es_ES","og_type":"article","og_title":"Biden afirma que las Fuerzas Armadas sacar\u00e1n a Trump de la Casa Blanca","og_description":"Biden dice que su mayor temor es que Trump trate de secuestrar los resultados de las elecciones de noviembre o que se niegue a dejar la Casa Blanca si","og_url":"https:\/\/www.pressenza.com\/es\/2020\/06\/biden-afirma-que-las-fuerzas-armadas-sacaran-a-trump-de-la-casa-blanca\/","og_site_name":"Pressenza","article_publisher":"https:\/\/www.facebook.com\/PressenzaItalia","article_author":"https:\/\/www.facebook.com\/Hispantv","article_published_time":"2020-06-11T23:28:10+00:00","og_image":[{"width":800,"height":450,"url":"https:\/\/www.pressenza.com\/wp-content\/uploads\/2020\/06\/Trump-x-DonkeyHotey.jpg","type":"image\/jpeg"}],"author":"HispanTV","twitter_card":"summary_large_image","twitter_creator":"@Hispantv","twitter_site":"@PressenzaIPA","twitter_misc":{"Escrito por":"HispanTV","Tiempo de lectura":"2 minutos"},"schema":{"@context":"https:\/\/schema.org","@graph":[{"@type":"Article","@id":"https:\/\/www.pressenza.com\/es\/2020\/06\/biden-afirma-que-las-fuerzas-armadas-sacaran-a-trump-de-la-casa-blanca\/#article","isPartOf":{"@id":"https:\/\/www.pressenza.com\/es\/2020\/06\/biden-afirma-que-las-fuerzas-armadas-sacaran-a-trump-de-la-casa-blanca\/"},"author":{"name":"HispanTV","@id":"https:\/\/www.pressenza.com\/es\/#\/schema\/person\/2e5ffdf0e238fbba512bcf5c97959187"},"headline":"Biden afirma que las Fuerzas Armadas sacar\u00e1n a Trump de la Casa Blanca","datePublished":"2020-06-11T23:28:10+00:00","mainEntityOfPage":{"@id":"https:\/\/www.pressenza.com\/es\/2020\/06\/biden-afirma-que-las-fuerzas-armadas-sacaran-a-trump-de-la-casa-blanca\/"},"wordCount":402,"publisher":{"@id":"https:\/\/www.pressenza.com\/es\/#organization"},"image":{"@id":"https:\/\/www.pressenza.com\/es\/2020\/06\/biden-afirma-que-las-fuerzas-armadas-sacaran-a-trump-de-la-casa-blanca\/#primaryimage"},"thumbnailUrl":"https:\/\/www.pressenza.com\/wp-content\/uploads\/2020\/06\/Trump-x-DonkeyHotey.jpg","keywords":["Casa Blanca","coronav\u00edrus","Despacho Oval","Donald Trump","EEUU","elecciones","Joseph Biden","Partido Republicano"],"articleSection":["Norteam\u00e9rica","Pol\u00edtica"],"inLanguage":"es"},{"@type":"WebPage","@id":"https:\/\/www.pressenza.com\/es\/2020\/06\/biden-afirma-que-las-fuerzas-armadas-sacaran-a-trump-de-la-casa-blanca\/","url":"https:\/\/www.pressenza.com\/es\/2020\/06\/biden-afirma-que-las-fuerzas-armadas-sacaran-a-trump-de-la-casa-blanca\/","name":"Biden afirma que las Fuerzas Armadas sacar\u00e1n a Trump de la Casa Blanca","isPartOf":{"@id":"https:\/\/www.pressenza.com\/es\/#website"},"primaryImageOfPage":{"@id":"https:\/\/www.pressenza.com\/es\/2020\/06\/biden-afirma-que-las-fuerzas-armadas-sacaran-a-trump-de-la-casa-blanca\/#primaryimage"},"image":{"@id":"https:\/\/www.pressenza.com\/es\/2020\/06\/biden-afirma-que-las-fuerzas-armadas-sacaran-a-trump-de-la-casa-blanca\/#primaryimage"},"thumbnailUrl":"https:\/\/www.pressenza.com\/wp-content\/uploads\/2020\/06\/Trump-x-DonkeyHotey.jpg","datePublished":"2020-06-11T23:28:10+00:00","description":"Biden dice que su mayor temor es que Trump trate de secuestrar los resultados de las elecciones de noviembre o que se niegue a dejar la Casa Blanca si","breadcrumb":{"@id":"https:\/\/www.pressenza.com\/es\/2020\/06\/biden-afirma-que-las-fuerzas-armadas-sacaran-a-trump-de-la-casa-blanca\/#breadcrumb"},"inLanguage":"es","potentialAction":[{"@type":"ReadAction","target":["https:\/\/www.pressenza.com\/es\/2020\/06\/biden-afirma-que-las-fuerzas-armadas-sacaran-a-trump-de-la-casa-blanca\/"]}]},{"@type":"ImageObject","inLanguage":"es","@id":"https:\/\/www.pressenza.com\/es\/2020\/06\/biden-afirma-que-las-fuerzas-armadas-sacaran-a-trump-de-la-casa-blanca\/#primaryimage","url":"https:\/\/www.pressenza.com\/wp-content\/uploads\/2020\/06\/Trump-x-DonkeyHotey.jpg","contentUrl":"https:\/\/www.pressenza.com\/wp-content\/uploads\/2020\/06\/Trump-x-DonkeyHotey.jpg","width":800,"height":450},{"@type":"BreadcrumbList","@id":"https:\/\/www.pressenza.com\/es\/2020\/06\/biden-afirma-que-las-fuerzas-armadas-sacaran-a-trump-de-la-casa-blanca\/#breadcrumb","itemListElement":[{"@type":"ListItem","position":1,"name":"Accueil","item":"https:\/\/www.pressenza.com\/es\/"},{"@type":"ListItem","position":2,"name":"Biden afirma que las Fuerzas Armadas sacar\u00e1n a Trump de la Casa Blanca"}]},{"@type":"WebSite","@id":"https:\/\/www.pressenza.com\/es\/#website","url":"https:\/\/www.pressenza.com\/es\/","name":"Pressenza","description":"International Press Agency","publisher":{"@id":"https:\/\/www.pressenza.com\/es\/#organization"},"potentialAction":[{"@type":"SearchAction","target":{"@type":"EntryPoint","urlTemplate":"https:\/\/www.pressenza.com\/es\/?s={search_term_string}"},"query-input":{"@type":"PropertyValueSpecification","valueRequired":true,"valueName":"search_term_string"}}],"inLanguage":"es"},{"@type":"Organization","@id":"https:\/\/www.pressenza.com\/es\/#organization","name":"Pressenza","url":"https:\/\/www.pressenza.com\/es\/","logo":{"@type":"ImageObject","inLanguage":"es","@id":"https:\/\/www.pressenza.com\/es\/#\/schema\/logo\/image\/","url":"https:\/\/www.pressenza.com\/wp-content\/uploads\/2022\/10\/pressenza_logo_200x200.jpg","contentUrl":"https:\/\/www.pressenza.com\/wp-content\/uploads\/2022\/10\/pressenza_logo_200x200.jpg","width":200,"height":200,"caption":"Pressenza"},"image":{"@id":"https:\/\/www.pressenza.com\/es\/#\/schema\/logo\/image\/"},"sameAs":["https:\/\/www.facebook.com\/PressenzaItalia","https:\/\/x.com\/PressenzaIPA"]},{"@type":"Person","@id":"https:\/\/www.pressenza.com\/es\/#\/schema\/person\/2e5ffdf0e238fbba512bcf5c97959187","name":"HispanTV","description":"Trabajar bajo el f\u00e9rreo compromiso como medio de comunicaci\u00f3n para fomentar el acercamiento entre los pueblos de Ir\u00e1n, el Hispanoamericano y los de Medio Oriente, considerando adem\u00e1s la necesidad de crear una mayor cercan\u00eda entre todos los pueblos de Am\u00e9rica Latina. http:\/\/www.hispantv.com\/","sameAs":["http:\/\/www.hispantv.ir","https:\/\/www.facebook.com\/Hispantv","https:\/\/x.com\/Hispantv"],"url":"https:\/\/www.pressenza.com\/es\/author\/hispantv\/"}]}},"place":"Estados Unidos","original_article_url":"https:\/\/www.hispantv.com\/noticias\/ee-uu-\/468433\/trump-elecciones-biden-coronavirus","_links":{"self":[{"href":"https:\/\/www.pressenza.com\/es\/wp-json\/wp\/v2\/posts\/1133185","targetHints":{"allow":["GET"]}}],"collection":[{"href":"https:\/\/www.pressenza.com\/es\/wp-json\/wp\/v2\/posts"}],"about":[{"href":"https:\/\/www.pressenza.com\/es\/wp-json\/wp\/v2\/types\/post"}],"author":[{"embeddable":true,"href":"https:\/\/www.pressenza.com\/es\/wp-json\/wp\/v2\/users\/954"}],"replies":[{"embeddable":true,"href":"https:\/\/www.pressenza.com\/es\/wp-json\/wp\/v2\/comments?post=1133185"}],"version-history":[{"count":0,"href":"https:\/\/www.pressenza.com\/es\/wp-json\/wp\/v2\/posts\/1133185\/revisions"}],"wp:featuredmedia":[{"embeddable":true,"href":"https:\/\/www.pressenza.com\/es\/wp-json\/wp\/v2\/media\/1133197"}],"wp:attachment":[{"href":"https:\/\/www.pressenza.com\/es\/wp-json\/wp\/v2\/media?parent=1133185"}],"wp:term":[{"taxonomy":"category","embeddable":true,"href":"https:\/\/www.pressenza.com\/es\/wp-json\/wp\/v2\/categories?post=1133185"},{"taxonomy":"post_tag","embeddable":true,"href":"https:\/\/www.pressenza.com\/es\/wp-json\/wp\/v2\/tags?post=1133185"}],"curies":[{"name":"wp","href":"https:\/\/api.w.org\/{rel}","templated":true}]}}