{"id":1133,"date":"2009-08-28T00:00:00","date_gmt":"2009-08-28T00:00:00","guid":{"rendered":""},"modified":"2009-08-30T06:21:48","modified_gmt":"2009-08-30T06:21:48","slug":"unasurx-xdecidimos-construir-un-compromiso-mutuo-de-defensa-y-de-pazx-rechazando-el-uso-de-la-fuerza-contra-otro-estadox","status":"publish","type":"post","link":"https:\/\/www.pressenza.com\/es\/2009\/08\/unasurx-xdecidimos-construir-un-compromiso-mutuo-de-defensa-y-de-pazx-rechazando-el-uso-de-la-fuerza-contra-otro-estadox\/","title":{"rendered":"UNASUR: \u201cDecidimos construir un compromiso mutuo de defensa y de paz, rechazando el uso de la fuerza contra otro Estado\u00bb"},"content":{"rendered":"<p>En medio de idas y vueltas, menciones a la historia de las bases yanquis en la zona y algunos malhumores presidenciales, se aprob\u00f3 esta tarde el documento final de la cumbre, de la Uni\u00f3n de Naciones Suramericanas realizada en Bariloche. El tema central fue la pol\u00e9mica instalaci\u00f3n de bases militares estadounidenses en Colombia. En el documento final del encuentro realizado en el Hotel Llao Llao, se puntualiz\u00f3 que \u201cUNASUR promueve el di\u00e1logo, la cooperaci\u00f3n, la confianza y la transparencia. Tambi\u00e9n rechaza la presencia de grupos armados y el narcotr\u00e1fico, por lo que decidimos construir un compromiso mutuo de defensa y de paz, rechazando el uso de la fuerza contra otro Estado.<\/p>\n<p>El consenso se logr\u00f3 luego de un cuarto intermedio en el que se aprovech\u00f3 para sacar la foto oficial de la cumbre, a la que faltaron tres presidentes que ya se hab\u00edan retirado al prolongarse el debate.<\/p>\n<p>En otro de sus puntos, el documento final de la Cumbre defendi\u00f3 \u00abla no injerencia en asuntos internos de los pueblos para garantizar la integraci\u00f3n regional\u00bb y se pronunci\u00f3 por \u00abla paz y la preservaci\u00f3n de los recursos naturales\u00bb.<\/p>\n<p>Las diferencias entre los mandatarios no lograron ser atenuadas pese al empe\u00f1o demostrado por funcionarios de Brasil, Chile y Argentina para bajar el tono de la discusi\u00f3n y atenuar la conmoci\u00f3n regional que provoc\u00f3 el reciente pacto militar entre EE.UU. y Colombia.<\/p>\n<p>Durante el debate, \u00c1lvaro Uribe, presidente de Colombia, defendi\u00f3 f\u00e9rreamente la decisi\u00f3n de su pa\u00eds de permitir a Estados Unidos el uso de bases militares para combatir al narcotr\u00e1fico.<\/p>\n<p>En una conferencia de prensa dada luego en el escenario del encuentro, la presidente Cristina Fern\u00e1ndez de Kirchner y su par de Ecuador Rafael Correa, ratificaron los avances alcanzados en UNASUR y coincidieron en que en el encuentro se pudo deliberar sobre temas que antes no se tocaban.<\/p>\n<p>\u00abEl documento aprobado fue muy importante para comenzar a reconstruir la confianza a trav\u00e9s de mecanismos de verificaci\u00f3n. Es primordial reconstruir la confianza en la diplomacia. Hemos dado un paso importante porque esta reuni\u00f3n p\u00fablica no vol\u00f3 por los aires, a pesar de las posturas diferentes\u00bb. Se\u00f1al\u00f3 la mandataria argentina.<\/p>\n<p>\u00abHa habido decisi\u00f3n y respeto. Todos queremos vivir en una regi\u00f3n donde exista la paz. No se puede introducir la doctrina de la unilateralidad en Am\u00e9rica Latina. No tenemos nada que ver con guerras preventivas o decisiones unilaterales. No queremos guerras\u00bb.<\/p>\n<p>Por su parte el presidente de Ecuador, Rafael Correa, afirm\u00f3 que \u00abes un paso adelante\u00bb haber debatido el tema de las bases de EE.UU. en Colombia\u201d y dijo que \u00abno es que antes no hab\u00eda conflictos, siempre han estado, lo que no hab\u00eda antes era una discusi\u00f3n tan franca\u00bb.<\/p>\n<p>\u201cNunca antes se hab\u00eda discutido sobre bases extranjeras en Sudam\u00e9rica, y las hab\u00eda por ejemplo en Ecuador\u201d y remarc\u00f3 la creaci\u00f3n de \u201ccriterios y normativas\u201d.<\/p>\n<p>Dijo en otro orden que ve \u00abmuy dif\u00edcil\u00bb restablecer las relaciones diplom\u00e1ticas con su vecino Colombia \u00abantes de marzo\u00bb, y sostuvo que \u00abes necesario reconstruir la confianza\u00bb.<\/p>\n<p>\u00abUribe ha pedido perd\u00f3n nuevamente. Hemos tenido nuevos acercamientos hoy en UNASUR, hay voluntad\u00bb, \u00abcon las bases de EE.UU. en Colombia se est\u00e1 rompiendo a\u00fan m\u00e1s el equilibrio de poderes que ya existe, porque (Colombia) tiene un ej\u00e9rcito m\u00e1s grande que el del propio Brasil\u00bb.<\/p>\n<p>Adem\u00e1s, se\u00f1al\u00f3 que \u00abno se puede confiar en la garant\u00eda jur\u00eddica\u00bb de los tratados y tom\u00f3 como ejemplo la invasi\u00f3n de Estados Unidos a Irak o el TIAR (Tratado Interamericano de Asistencia Rec\u00edproca).<br \/>\n\u00ab\u00bfDe qu\u00e9 sirvi\u00f3 el TIAR cuando fue la guerra de Malvinas?\u00bb, dijo Correa al recordar que Estados Unidos prest\u00f3 asistencia a las fuerzas brit\u00e1nicas en el conflicto b\u00e9lico de 1982.<\/p>\n<p>El documento aprobado completo:<\/p>\n<p>http:\/\/www.pressenza.com\/npermalink\/la-cumbre-de-la-unasur-resolvio-fortalecer-la-paz-en-la-region<\/p>\n","protected":false},"excerpt":{"rendered":"<p>El tema central de la cumbre fue la instalaci\u00f3n de bases estadounidenses en Colombia. \u00c1lvaro Uribe defendi\u00f3 su decisi\u00f3n de permitirlas para combatir al narcotr\u00e1fico, en tanto que el presidente Correa puntualiz\u00f3 que \u201dNunca antes se hab\u00eda discutido sobre bases extranjeras en Sudam\u00e9rica, y las hab\u00eda por ejemplo en Ecuador\u201d y remarc\u00f3 la creaci\u00f3n de \u00abcriterios y normativas\u00bb<\/p>\n","protected":false},"author":19,"featured_media":0,"comment_status":"closed","ping_status":"open","sticky":false,"template":"","format":"standard","meta":{"footnotes":""},"categories":[39,74,67],"tags":[],"class_list":["post-1133","post","type-post","status-publish","format-standard","hentry","category-internacional","category-politica-es","category-sudamerica"],"yoast_head":"<!-- This site is optimized with the Yoast SEO plugin v27.1.1 - https:\/\/yoast.com\/product\/yoast-seo-wordpress\/ -->\n<title>UNASUR: \u201cDecidimos construir un compromiso mutuo de defensa y de paz, rechazando el uso de la fuerza contra otro Estado&quot;<\/title>\n<meta name=\"description\" content=\"El tema central de la cumbre fue la instalaci\u00f3n de bases estadounidenses en Colombia. \u00c1lvaro Uribe defendi\u00f3 su decisi\u00f3n de permitirlas para combatir al narcotr\u00e1fico, en tanto que el presidente Correa puntualiz\u00f3 que \u201dNunca antes se hab\u00eda discutido sobre bases extranjeras en Sudam\u00e9rica, y las hab\u00eda por ejemplo en Ecuador\u201d y remarc\u00f3 la creaci\u00f3n de &quot;criterios y normativas&quot;\" \/>\n<meta name=\"robots\" content=\"index, follow, max-snippet:-1, max-image-preview:large, max-video-preview:-1\" \/>\n<link rel=\"canonical\" href=\"https:\/\/www.pressenza.com\/es\/2009\/08\/unasurx-xdecidimos-construir-un-compromiso-mutuo-de-defensa-y-de-pazx-rechazando-el-uso-de-la-fuerza-contra-otro-estadox\/\" \/>\n<meta property=\"og:locale\" content=\"es_ES\" \/>\n<meta property=\"og:type\" content=\"article\" \/>\n<meta property=\"og:title\" content=\"UNASUR: \u201cDecidimos construir un compromiso mutuo de defensa y de paz, rechazando el uso de la fuerza contra otro Estado&quot;\" \/>\n<meta property=\"og:description\" content=\"El tema central de la cumbre fue la instalaci\u00f3n de bases estadounidenses en Colombia. \u00c1lvaro Uribe defendi\u00f3 su decisi\u00f3n de permitirlas para combatir al narcotr\u00e1fico, en tanto que el presidente Correa puntualiz\u00f3 que \u201dNunca antes se hab\u00eda discutido sobre bases extranjeras en Sudam\u00e9rica, y las hab\u00eda por ejemplo en Ecuador\u201d y remarc\u00f3 la creaci\u00f3n de &quot;criterios y normativas&quot;\" \/>\n<meta property=\"og:url\" content=\"https:\/\/www.pressenza.com\/es\/2009\/08\/unasurx-xdecidimos-construir-un-compromiso-mutuo-de-defensa-y-de-pazx-rechazando-el-uso-de-la-fuerza-contra-otro-estadox\/\" \/>\n<meta property=\"og:site_name\" content=\"Pressenza\" \/>\n<meta property=\"article:publisher\" content=\"https:\/\/www.facebook.com\/PressenzaItalia\" \/>\n<meta property=\"article:author\" content=\"https:\/\/www.facebook.com\/pressenza\" \/>\n<meta property=\"article:published_time\" content=\"2009-08-28T00:00:00+00:00\" \/>\n<meta property=\"article:modified_time\" content=\"2009-08-30T06:21:48+00:00\" \/>\n<meta name=\"author\" content=\"Pressenza IPA\" \/>\n<meta name=\"twitter:card\" content=\"summary_large_image\" \/>\n<meta name=\"twitter:creator\" content=\"@PressenzaIPA\" \/>\n<meta name=\"twitter:site\" content=\"@PressenzaIPA\" \/>\n<meta name=\"twitter:label1\" content=\"Escrito por\" \/>\n\t<meta name=\"twitter:data1\" content=\"Pressenza IPA\" \/>\n\t<meta name=\"twitter:label2\" content=\"Tiempo de lectura\" \/>\n\t<meta name=\"twitter:data2\" content=\"3 minutos\" \/>\n<script type=\"application\/ld+json\" class=\"yoast-schema-graph\">{\"@context\":\"https:\/\/schema.org\",\"@graph\":[{\"@type\":\"Article\",\"@id\":\"https:\/\/www.pressenza.com\/es\/2009\/08\/unasurx-xdecidimos-construir-un-compromiso-mutuo-de-defensa-y-de-pazx-rechazando-el-uso-de-la-fuerza-contra-otro-estadox\/#article\",\"isPartOf\":{\"@id\":\"https:\/\/www.pressenza.com\/es\/2009\/08\/unasurx-xdecidimos-construir-un-compromiso-mutuo-de-defensa-y-de-pazx-rechazando-el-uso-de-la-fuerza-contra-otro-estadox\/\"},\"author\":{\"name\":\"Pressenza IPA\",\"@id\":\"https:\/\/www.pressenza.com\/es\/#\/schema\/person\/010e5d02bcf40965427a1289a4cc8d75\"},\"headline\":\"UNASUR: \u201cDecidimos construir un compromiso mutuo de defensa y de paz, rechazando el uso de la fuerza contra otro Estado\u00bb\",\"datePublished\":\"2009-08-28T00:00:00+00:00\",\"dateModified\":\"2009-08-30T06:21:48+00:00\",\"mainEntityOfPage\":{\"@id\":\"https:\/\/www.pressenza.com\/es\/2009\/08\/unasurx-xdecidimos-construir-un-compromiso-mutuo-de-defensa-y-de-pazx-rechazando-el-uso-de-la-fuerza-contra-otro-estadox\/\"},\"wordCount\":686,\"publisher\":{\"@id\":\"https:\/\/www.pressenza.com\/es\/#organization\"},\"articleSection\":[\"Internacional\",\"Pol\u00edtica\",\"Sudam\u00e9rica\"],\"inLanguage\":\"es\"},{\"@type\":\"WebPage\",\"@id\":\"https:\/\/www.pressenza.com\/es\/2009\/08\/unasurx-xdecidimos-construir-un-compromiso-mutuo-de-defensa-y-de-pazx-rechazando-el-uso-de-la-fuerza-contra-otro-estadox\/\",\"url\":\"https:\/\/www.pressenza.com\/es\/2009\/08\/unasurx-xdecidimos-construir-un-compromiso-mutuo-de-defensa-y-de-pazx-rechazando-el-uso-de-la-fuerza-contra-otro-estadox\/\",\"name\":\"UNASUR: \u201cDecidimos construir un compromiso mutuo de defensa y de paz, rechazando el uso de la fuerza contra otro Estado\\\"\",\"isPartOf\":{\"@id\":\"https:\/\/www.pressenza.com\/es\/#website\"},\"datePublished\":\"2009-08-28T00:00:00+00:00\",\"dateModified\":\"2009-08-30T06:21:48+00:00\",\"description\":\"El tema central de la cumbre fue la instalaci\u00f3n de bases estadounidenses en Colombia. \u00c1lvaro Uribe defendi\u00f3 su decisi\u00f3n de permitirlas para combatir al narcotr\u00e1fico, en tanto que el presidente Correa puntualiz\u00f3 que \u201dNunca antes se hab\u00eda discutido sobre bases extranjeras en Sudam\u00e9rica, y las hab\u00eda por ejemplo en Ecuador\u201d y remarc\u00f3 la creaci\u00f3n de \\\"criterios y normativas\\\"\",\"breadcrumb\":{\"@id\":\"https:\/\/www.pressenza.com\/es\/2009\/08\/unasurx-xdecidimos-construir-un-compromiso-mutuo-de-defensa-y-de-pazx-rechazando-el-uso-de-la-fuerza-contra-otro-estadox\/#breadcrumb\"},\"inLanguage\":\"es\",\"potentialAction\":[{\"@type\":\"ReadAction\",\"target\":[\"https:\/\/www.pressenza.com\/es\/2009\/08\/unasurx-xdecidimos-construir-un-compromiso-mutuo-de-defensa-y-de-pazx-rechazando-el-uso-de-la-fuerza-contra-otro-estadox\/\"]}]},{\"@type\":\"BreadcrumbList\",\"@id\":\"https:\/\/www.pressenza.com\/es\/2009\/08\/unasurx-xdecidimos-construir-un-compromiso-mutuo-de-defensa-y-de-pazx-rechazando-el-uso-de-la-fuerza-contra-otro-estadox\/#breadcrumb\",\"itemListElement\":[{\"@type\":\"ListItem\",\"position\":1,\"name\":\"Accueil\",\"item\":\"https:\/\/www.pressenza.com\/es\/\"},{\"@type\":\"ListItem\",\"position\":2,\"name\":\"UNASUR: \u201cDecidimos construir un compromiso mutuo de defensa y de paz, rechazando el uso de la fuerza contra otro Estado\u00bb\"}]},{\"@type\":\"WebSite\",\"@id\":\"https:\/\/www.pressenza.com\/es\/#website\",\"url\":\"https:\/\/www.pressenza.com\/es\/\",\"name\":\"Pressenza\",\"description\":\"International Press Agency\",\"publisher\":{\"@id\":\"https:\/\/www.pressenza.com\/es\/#organization\"},\"potentialAction\":[{\"@type\":\"SearchAction\",\"target\":{\"@type\":\"EntryPoint\",\"urlTemplate\":\"https:\/\/www.pressenza.com\/es\/?s={search_term_string}\"},\"query-input\":{\"@type\":\"PropertyValueSpecification\",\"valueRequired\":true,\"valueName\":\"search_term_string\"}}],\"inLanguage\":\"es\"},{\"@type\":\"Organization\",\"@id\":\"https:\/\/www.pressenza.com\/es\/#organization\",\"name\":\"Pressenza\",\"url\":\"https:\/\/www.pressenza.com\/es\/\",\"logo\":{\"@type\":\"ImageObject\",\"inLanguage\":\"es\",\"@id\":\"https:\/\/www.pressenza.com\/es\/#\/schema\/logo\/image\/\",\"url\":\"https:\/\/www.pressenza.com\/wp-content\/uploads\/2022\/10\/pressenza_logo_200x200.jpg\",\"contentUrl\":\"https:\/\/www.pressenza.com\/wp-content\/uploads\/2022\/10\/pressenza_logo_200x200.jpg\",\"width\":200,\"height\":200,\"caption\":\"Pressenza\"},\"image\":{\"@id\":\"https:\/\/www.pressenza.com\/es\/#\/schema\/logo\/image\/\"},\"sameAs\":[\"https:\/\/www.facebook.com\/PressenzaItalia\",\"https:\/\/x.com\/PressenzaIPA\"]},{\"@type\":\"Person\",\"@id\":\"https:\/\/www.pressenza.com\/es\/#\/schema\/person\/010e5d02bcf40965427a1289a4cc8d75\",\"name\":\"Pressenza IPA\",\"description\":\"News from Pressenza IPA correspondents\",\"sameAs\":[\"https:\/\/www.facebook.com\/pressenza\",\"https:\/\/x.com\/PressenzaIPA\"],\"url\":\"https:\/\/www.pressenza.com\/es\/author\/pressenza-ipa\/\"}]}<\/script>\n<!-- \/ Yoast SEO plugin. -->","yoast_head_json":{"title":"UNASUR: \u201cDecidimos construir un compromiso mutuo de defensa y de paz, rechazando el uso de la fuerza contra otro Estado\"","description":"El tema central de la cumbre fue la instalaci\u00f3n de bases estadounidenses en Colombia. \u00c1lvaro Uribe defendi\u00f3 su decisi\u00f3n de permitirlas para combatir al narcotr\u00e1fico, en tanto que el presidente Correa puntualiz\u00f3 que \u201dNunca antes se hab\u00eda discutido sobre bases extranjeras en Sudam\u00e9rica, y las hab\u00eda por ejemplo en Ecuador\u201d y remarc\u00f3 la creaci\u00f3n de \"criterios y normativas\"","robots":{"index":"index","follow":"follow","max-snippet":"max-snippet:-1","max-image-preview":"max-image-preview:large","max-video-preview":"max-video-preview:-1"},"canonical":"https:\/\/www.pressenza.com\/es\/2009\/08\/unasurx-xdecidimos-construir-un-compromiso-mutuo-de-defensa-y-de-pazx-rechazando-el-uso-de-la-fuerza-contra-otro-estadox\/","og_locale":"es_ES","og_type":"article","og_title":"UNASUR: \u201cDecidimos construir un compromiso mutuo de defensa y de paz, rechazando el uso de la fuerza contra otro Estado\"","og_description":"El tema central de la cumbre fue la instalaci\u00f3n de bases estadounidenses en Colombia. \u00c1lvaro Uribe defendi\u00f3 su decisi\u00f3n de permitirlas para combatir al narcotr\u00e1fico, en tanto que el presidente Correa puntualiz\u00f3 que \u201dNunca antes se hab\u00eda discutido sobre bases extranjeras en Sudam\u00e9rica, y las hab\u00eda por ejemplo en Ecuador\u201d y remarc\u00f3 la creaci\u00f3n de \"criterios y normativas\"","og_url":"https:\/\/www.pressenza.com\/es\/2009\/08\/unasurx-xdecidimos-construir-un-compromiso-mutuo-de-defensa-y-de-pazx-rechazando-el-uso-de-la-fuerza-contra-otro-estadox\/","og_site_name":"Pressenza","article_publisher":"https:\/\/www.facebook.com\/PressenzaItalia","article_author":"https:\/\/www.facebook.com\/pressenza","article_published_time":"2009-08-28T00:00:00+00:00","article_modified_time":"2009-08-30T06:21:48+00:00","author":"Pressenza IPA","twitter_card":"summary_large_image","twitter_creator":"@PressenzaIPA","twitter_site":"@PressenzaIPA","twitter_misc":{"Escrito por":"Pressenza IPA","Tiempo de lectura":"3 minutos"},"schema":{"@context":"https:\/\/schema.org","@graph":[{"@type":"Article","@id":"https:\/\/www.pressenza.com\/es\/2009\/08\/unasurx-xdecidimos-construir-un-compromiso-mutuo-de-defensa-y-de-pazx-rechazando-el-uso-de-la-fuerza-contra-otro-estadox\/#article","isPartOf":{"@id":"https:\/\/www.pressenza.com\/es\/2009\/08\/unasurx-xdecidimos-construir-un-compromiso-mutuo-de-defensa-y-de-pazx-rechazando-el-uso-de-la-fuerza-contra-otro-estadox\/"},"author":{"name":"Pressenza IPA","@id":"https:\/\/www.pressenza.com\/es\/#\/schema\/person\/010e5d02bcf40965427a1289a4cc8d75"},"headline":"UNASUR: \u201cDecidimos construir un compromiso mutuo de defensa y de paz, rechazando el uso de la fuerza contra otro Estado\u00bb","datePublished":"2009-08-28T00:00:00+00:00","dateModified":"2009-08-30T06:21:48+00:00","mainEntityOfPage":{"@id":"https:\/\/www.pressenza.com\/es\/2009\/08\/unasurx-xdecidimos-construir-un-compromiso-mutuo-de-defensa-y-de-pazx-rechazando-el-uso-de-la-fuerza-contra-otro-estadox\/"},"wordCount":686,"publisher":{"@id":"https:\/\/www.pressenza.com\/es\/#organization"},"articleSection":["Internacional","Pol\u00edtica","Sudam\u00e9rica"],"inLanguage":"es"},{"@type":"WebPage","@id":"https:\/\/www.pressenza.com\/es\/2009\/08\/unasurx-xdecidimos-construir-un-compromiso-mutuo-de-defensa-y-de-pazx-rechazando-el-uso-de-la-fuerza-contra-otro-estadox\/","url":"https:\/\/www.pressenza.com\/es\/2009\/08\/unasurx-xdecidimos-construir-un-compromiso-mutuo-de-defensa-y-de-pazx-rechazando-el-uso-de-la-fuerza-contra-otro-estadox\/","name":"UNASUR: \u201cDecidimos construir un compromiso mutuo de defensa y de paz, rechazando el uso de la fuerza contra otro Estado\"","isPartOf":{"@id":"https:\/\/www.pressenza.com\/es\/#website"},"datePublished":"2009-08-28T00:00:00+00:00","dateModified":"2009-08-30T06:21:48+00:00","description":"El tema central de la cumbre fue la instalaci\u00f3n de bases estadounidenses en Colombia. \u00c1lvaro Uribe defendi\u00f3 su decisi\u00f3n de permitirlas para combatir al narcotr\u00e1fico, en tanto que el presidente Correa puntualiz\u00f3 que \u201dNunca antes se hab\u00eda discutido sobre bases extranjeras en Sudam\u00e9rica, y las hab\u00eda por ejemplo en Ecuador\u201d y remarc\u00f3 la creaci\u00f3n de \"criterios y normativas\"","breadcrumb":{"@id":"https:\/\/www.pressenza.com\/es\/2009\/08\/unasurx-xdecidimos-construir-un-compromiso-mutuo-de-defensa-y-de-pazx-rechazando-el-uso-de-la-fuerza-contra-otro-estadox\/#breadcrumb"},"inLanguage":"es","potentialAction":[{"@type":"ReadAction","target":["https:\/\/www.pressenza.com\/es\/2009\/08\/unasurx-xdecidimos-construir-un-compromiso-mutuo-de-defensa-y-de-pazx-rechazando-el-uso-de-la-fuerza-contra-otro-estadox\/"]}]},{"@type":"BreadcrumbList","@id":"https:\/\/www.pressenza.com\/es\/2009\/08\/unasurx-xdecidimos-construir-un-compromiso-mutuo-de-defensa-y-de-pazx-rechazando-el-uso-de-la-fuerza-contra-otro-estadox\/#breadcrumb","itemListElement":[{"@type":"ListItem","position":1,"name":"Accueil","item":"https:\/\/www.pressenza.com\/es\/"},{"@type":"ListItem","position":2,"name":"UNASUR: \u201cDecidimos construir un compromiso mutuo de defensa y de paz, rechazando el uso de la fuerza contra otro Estado\u00bb"}]},{"@type":"WebSite","@id":"https:\/\/www.pressenza.com\/es\/#website","url":"https:\/\/www.pressenza.com\/es\/","name":"Pressenza","description":"International Press Agency","publisher":{"@id":"https:\/\/www.pressenza.com\/es\/#organization"},"potentialAction":[{"@type":"SearchAction","target":{"@type":"EntryPoint","urlTemplate":"https:\/\/www.pressenza.com\/es\/?s={search_term_string}"},"query-input":{"@type":"PropertyValueSpecification","valueRequired":true,"valueName":"search_term_string"}}],"inLanguage":"es"},{"@type":"Organization","@id":"https:\/\/www.pressenza.com\/es\/#organization","name":"Pressenza","url":"https:\/\/www.pressenza.com\/es\/","logo":{"@type":"ImageObject","inLanguage":"es","@id":"https:\/\/www.pressenza.com\/es\/#\/schema\/logo\/image\/","url":"https:\/\/www.pressenza.com\/wp-content\/uploads\/2022\/10\/pressenza_logo_200x200.jpg","contentUrl":"https:\/\/www.pressenza.com\/wp-content\/uploads\/2022\/10\/pressenza_logo_200x200.jpg","width":200,"height":200,"caption":"Pressenza"},"image":{"@id":"https:\/\/www.pressenza.com\/es\/#\/schema\/logo\/image\/"},"sameAs":["https:\/\/www.facebook.com\/PressenzaItalia","https:\/\/x.com\/PressenzaIPA"]},{"@type":"Person","@id":"https:\/\/www.pressenza.com\/es\/#\/schema\/person\/010e5d02bcf40965427a1289a4cc8d75","name":"Pressenza IPA","description":"News from Pressenza IPA correspondents","sameAs":["https:\/\/www.facebook.com\/pressenza","https:\/\/x.com\/PressenzaIPA"],"url":"https:\/\/www.pressenza.com\/es\/author\/pressenza-ipa\/"}]}},"place":"Bariloche","original_article_url":"","_links":{"self":[{"href":"https:\/\/www.pressenza.com\/es\/wp-json\/wp\/v2\/posts\/1133","targetHints":{"allow":["GET"]}}],"collection":[{"href":"https:\/\/www.pressenza.com\/es\/wp-json\/wp\/v2\/posts"}],"about":[{"href":"https:\/\/www.pressenza.com\/es\/wp-json\/wp\/v2\/types\/post"}],"author":[{"embeddable":true,"href":"https:\/\/www.pressenza.com\/es\/wp-json\/wp\/v2\/users\/19"}],"replies":[{"embeddable":true,"href":"https:\/\/www.pressenza.com\/es\/wp-json\/wp\/v2\/comments?post=1133"}],"version-history":[{"count":0,"href":"https:\/\/www.pressenza.com\/es\/wp-json\/wp\/v2\/posts\/1133\/revisions"}],"wp:attachment":[{"href":"https:\/\/www.pressenza.com\/es\/wp-json\/wp\/v2\/media?parent=1133"}],"wp:term":[{"taxonomy":"category","embeddable":true,"href":"https:\/\/www.pressenza.com\/es\/wp-json\/wp\/v2\/categories?post=1133"},{"taxonomy":"post_tag","embeddable":true,"href":"https:\/\/www.pressenza.com\/es\/wp-json\/wp\/v2\/tags?post=1133"}],"curies":[{"name":"wp","href":"https:\/\/api.w.org\/{rel}","templated":true}]}}