{"id":1132267,"date":"2020-06-10T16:49:47","date_gmt":"2020-06-10T15:49:47","guid":{"rendered":"https:\/\/www.pressenza.com\/?p=1132267"},"modified":"2020-06-10T16:49:47","modified_gmt":"2020-06-10T15:49:47","slug":"lanzan-campana-internacional-por-la-libertad-de-los-siete-asilados-en-la-embajada-de-mexico-en-bolivia","status":"publish","type":"post","link":"https:\/\/www.pressenza.com\/es\/2020\/06\/lanzan-campana-internacional-por-la-libertad-de-los-siete-asilados-en-la-embajada-de-mexico-en-bolivia\/","title":{"rendered":"Lanzan Campa\u00f1a internacional por la libertad de los siete asilados en la embajada de M\u00e9xico en Bolivia"},"content":{"rendered":"<p>El Comit\u00e9 de Solidaridad con los Pueblos Latinoamericanos, la Mesa de Trabajo por los DDHH de C\u00f3rdoba Argentina y la Facultad de Filosof\u00eda y Humanidades de la Universidad Nacional de C\u00f3rdoba, junto a ALBA- Suiza, Consejo Pro Bolivia Francia, Asociaci\u00f3n de Ciudadanxs Argentinos en Francia (ACAF), Colectivo Wiphala, Casa Nuestra Am\u00e9rica y Bolivia Solidarity Campaign de Inglaterra, anuncian el lanzamiento de una <b>CAMPA\u00d1A INTERNACIONAL POR LA LIBERTAD Y SALVOCONDUCTOS PARA LXS 7 ASILADXS EN LA EMBAJADA DE M\u00c9XICO EN BOLIVIA.<\/b><\/p>\n<p>En estos d\u00edas se cumplen siete meses desde que siete ex autoridades del gobierno constitucional de Evo Morales permanecen asiladas en la residencia de la Embajada de M\u00e9xico, en La Paz, sin que la dictadura gobernante les entregue los salvoconductos para que puedan trasladarse hacia M\u00e9xico.<\/p>\n<p>El ex Ministro de la Presidencia, Juan Ram\u00f3n Quintana Taborga; el ex Ministro de Defensa, Javier Zavaleta; el ex Ministro de Gobierno, Hugo Moldiz Mercado; el ex Ministro de Justicia, H\u00e9ctor Arce Zaconeta; la ex Ministra de Culturas, Wilma Alanoca Mamani; el ex Gobernador del Departamento de Oruro, V\u00edctor Hugo V\u00e1squez y el ex Director de Agencia de Tecnolog\u00edas de Informaci\u00f3n, Nicol\u00e1s Laguna, ingresaron a la residencia de la Embajada mexicana, apenas consumado el Golpe de Estado en el hermano pa\u00eds, el 10 de noviembre de 2019.<\/p>\n<p>Pidieron el asilo pol\u00edtico para salvaguardar sus vidas, ya que fueron amenazados de muerte, sus familias fueron gravemente perseguidas, hostigadas y amenazadas. En la mayor\u00eda de los casos, sus viviendas fueron allanadas, saqueadas, destruidas o quemadas.<\/p>\n<p>En reiteradas oportunidades y p\u00fablicamente, el Ministro de Gobierno golpista Arturo Murillo, ha dicho que las ex autoridades del Gobierno constitucional de Evo Morales ser\u00edan \u201ccazadas\u201d y encarceladas antes de que se expidiera orden de aprehensi\u00f3n alguna \u2013 ya que al momento del ingreso a la residencia de la Embajada ninguna ten\u00eda proceso abierto o mandamiento alguno para su detenci\u00f3n-. Con el paso del tiempo se fueron fabricando una serie de procesos judiciales -de contenido delirante e inveros\u00edmil- fuera de toda racionalidad pol\u00edtica, jur\u00eddica y humana.<\/p>\n<p>Tanto Bolivia como M\u00e9xico son parte de la Convenci\u00f3n Americana de Derechos Humanos que en su art\u00edculo 22 establece el derecho de buscar y recibir asilo: \u201cToda persona tiene el derecho de buscar y recibir asilo en territorio extranjero en caso de persecuci\u00f3n por delitos pol\u00edticos o comunes conexos con los pol\u00edticos y de acuerdo con la legislaci\u00f3n de cada Estado y los convenios internacionales.\u201d Adem\u00e1s,\u00a0 los antecedentes hist\u00f3ricos respecto al derecho a asilo en Bolivia y en la regi\u00f3n, han ido conformando en t\u00e9rminos consuetudinarios \u201cla tradici\u00f3n latinoamericana del asilo\u201d, tradici\u00f3n que incluso sangrientas dictaduras han mantenido en otros momentos.<\/p>\n<p>Las autoridades de facto del Estado de \u201cNo Derecho\u201d boliviano \u2013 al decir del Dr. Eugenio Ra\u00fal Zaffaroni \u2013\u00a0 no han seguido las observaciones realizadas por la Comisi\u00f3n Interamericana de Derechos Humanos (CIDH), tras su visita a Bolivia el 10 de diciembre de 2019, en la que encomienda \u201cEntregar los salvoconductos a las personas que se encuentran asiladas en las embajadas de M\u00e9xico y Argentina, o en otras sedes diplom\u00e1ticas, para que as\u00ed puedan ejercer su derecho humano a obtener asilo y refugio, en forma tal que no fragmenten sus n\u00facleos familiares\u201d.<\/p>\n<p>Denunciamos ante el mundo esta grav\u00edsima violaci\u00f3n a los derechos humanos y exigimos la inmediata entrega de salvoconductos para estas siete personas. Para que puedan salir del pa\u00eds, reencontrarse con sus familias y seres queridos, vivir con dignidad, en libertad y en el efectivo ejercicio de los derechos humanos.<\/p>\n<p>Les esperamos en la Conferencia de Prensa de Lanzamiento de la <b>Campa\u00f1a<\/b> <b>Internacional por la Libertad y Salvoconductos para lxs 7 asilados en la Embajada de M\u00e9xico en Bolivia<\/b> el pr\u00f3ximo <b>mi\u00e9rcoles 17 de junio a las 15:30 hora Argentina (14.30\u00a0 Bolivia; 20.30 CET)<\/b>\u00a0 en la que participar\u00e1n <b>Eugenio Zaffaroni, Atilio Bor\u00f3n, Isabel Rauber, Patricia Moldiz,<\/b> <b>Gustavo Tissera<\/b>\u00a0 y <b>Lyllan Luque<\/b>.<\/p>\n<p>#LibertadParaLxs7Asiladxs<\/p>\n<p>#SalvoconductoYa<\/p>\n<p>#GolpeDeEstadoEnBolivia<\/p>\n<p>***<\/p>\n<p>Comit\u00e9 de Solidaridad con los Pueblos Latinoamericanos<\/p>\n<p>Mesa de Trabajo por los DDHH de C\u00f3rdoba, Argentina<\/p>\n<p>Facultad de Filosof\u00eda y Humanidades. Universidad Nacional de C\u00f3rdoba<\/p>\n<p>ALBA- Suiza<\/p>\n<p>Consejo Pro Bolivia Europa<\/p>\n<p>Consejo Pro Bolivia Francia<\/p>\n<p>Asociaci\u00f3n de Ciudadanxs Argentinos en Francia (ACAF)<\/p>\n<p>Colectivo Wiphala<\/p>\n<p>Bolivia Solidarity Campaign de Inglaterra<\/p>\n<p>Casa Nuestra Am\u00e9rica<\/p>\n<p>Instituto de DDHH del Senado de la Naci\u00f3n Argentina. Director Juan Mart\u00edn Fresneda<\/p>\n<p>Ariel Basteiro. Ex Embajador argentino en Bolivia<\/p>\n<p>Generaci\u00f3n Patri\u00f3tica (Argentina)<\/p>\n<p>Centro de Estudios Humanistas de C\u00f3rdoba<\/p>\n<p>&nbsp;<\/p>\n<p><b>Para enviar adhesiones<\/b><b>: <\/b><b>\u00a0<\/b>libertadparalxs7asiladxs@gmail.com<\/p>\n<p>Documento de consulta:\u00a0<a href=\"http:\/\/ffyh.unc.edu.ar\/comitesolidaridad\/wp-content\/uploads\/sites\/36\/2020\/06\/ASILADOS-EN-LA-EMBAJADA-DE-LOS-ESTADOS-UNIDOS-DE-M\u00c9XICO.pdf\">ASILADOS EN LA EMBAJADA DE LOS ESTADOS UNIDOS DE M\u00c9XICO<\/a><\/p>\n","protected":false},"excerpt":{"rendered":"<p>El Comit\u00e9 de Solidaridad con los Pueblos Latinoamericanos, la Mesa de Trabajo por los DDHH de C\u00f3rdoba Argentina y la Facultad de Filosof\u00eda y Humanidades de la Universidad Nacional de C\u00f3rdoba, junto a ALBA- Suiza, Consejo Pro Bolivia Francia, Asociaci\u00f3n&hellip;<\/p>\n","protected":false},"author":87,"featured_media":1132268,"comment_status":"closed","ping_status":"closed","sticky":false,"template":"","format":"standard","meta":{"footnotes":""},"categories":[149,79,67],"tags":[77092,77090,77091],"class_list":["post-1132267","post","type-post","status-publish","format-standard","has-post-thumbnail","hentry","category-comunicados-de-prensa","category-derechos-humanos","category-sudamerica","tag-golpedeestadoenbolivia","tag-libertadparalxs7asiladxs","tag-salvoconductoya"],"yoast_head":"<!-- This site is optimized with the Yoast SEO plugin v27.1.1 - https:\/\/yoast.com\/product\/yoast-seo-wordpress\/ -->\n<title>Lanzan Campa\u00f1a internacional por la libertad de los siete asilados en la embajada de M\u00e9xico en Bolivia<\/title>\n<meta name=\"description\" content=\"El Comit\u00e9 de Solidaridad con los Pueblos Latinoamericanos, la Mesa de Trabajo por los DDHH de C\u00f3rdoba Argentina y la Facultad de Filosof\u00eda y Humanidades\" \/>\n<meta name=\"robots\" content=\"index, follow, max-snippet:-1, max-image-preview:large, max-video-preview:-1\" \/>\n<link rel=\"canonical\" href=\"https:\/\/www.pressenza.com\/es\/2020\/06\/lanzan-campana-internacional-por-la-libertad-de-los-siete-asilados-en-la-embajada-de-mexico-en-bolivia\/\" \/>\n<meta property=\"og:locale\" content=\"es_ES\" \/>\n<meta property=\"og:type\" content=\"article\" \/>\n<meta property=\"og:title\" content=\"Lanzan Campa\u00f1a internacional por la libertad de los siete asilados en la embajada de M\u00e9xico en Bolivia\" \/>\n<meta property=\"og:description\" content=\"El Comit\u00e9 de Solidaridad con los Pueblos Latinoamericanos, la Mesa de Trabajo por los DDHH de C\u00f3rdoba Argentina y la Facultad de Filosof\u00eda y Humanidades\" \/>\n<meta property=\"og:url\" content=\"https:\/\/www.pressenza.com\/es\/2020\/06\/lanzan-campana-internacional-por-la-libertad-de-los-siete-asilados-en-la-embajada-de-mexico-en-bolivia\/\" \/>\n<meta property=\"og:site_name\" content=\"Pressenza\" \/>\n<meta property=\"article:publisher\" content=\"https:\/\/www.facebook.com\/PressenzaItalia\" \/>\n<meta property=\"article:published_time\" content=\"2020-06-10T15:49:47+00:00\" \/>\n<meta property=\"og:image\" content=\"https:\/\/www.pressenza.com\/wp-content\/uploads\/2020\/06\/asilados-bolivianos.png\" \/>\n\t<meta property=\"og:image:width\" content=\"800\" \/>\n\t<meta property=\"og:image:height\" content=\"445\" \/>\n\t<meta property=\"og:image:type\" content=\"image\/png\" \/>\n<meta name=\"author\" content=\"Redacci\u00f3n Argentina\" \/>\n<meta name=\"twitter:card\" content=\"summary_large_image\" \/>\n<meta name=\"twitter:creator\" content=\"@pressenza\" \/>\n<meta name=\"twitter:site\" content=\"@PressenzaIPA\" \/>\n<meta name=\"twitter:label1\" content=\"Escrito por\" \/>\n\t<meta name=\"twitter:data1\" content=\"Redacci\u00f3n Argentina\" \/>\n\t<meta name=\"twitter:label2\" content=\"Tiempo de lectura\" \/>\n\t<meta name=\"twitter:data2\" content=\"4 minutos\" \/>\n<script type=\"application\/ld+json\" class=\"yoast-schema-graph\">{\"@context\":\"https:\/\/schema.org\",\"@graph\":[{\"@type\":\"Article\",\"@id\":\"https:\/\/www.pressenza.com\/es\/2020\/06\/lanzan-campana-internacional-por-la-libertad-de-los-siete-asilados-en-la-embajada-de-mexico-en-bolivia\/#article\",\"isPartOf\":{\"@id\":\"https:\/\/www.pressenza.com\/es\/2020\/06\/lanzan-campana-internacional-por-la-libertad-de-los-siete-asilados-en-la-embajada-de-mexico-en-bolivia\/\"},\"author\":{\"name\":\"Redacci\u00f3n Argentina\",\"@id\":\"https:\/\/www.pressenza.com\/es\/#\/schema\/person\/0dda7d1b68267ad95b1e1d83abc98c89\"},\"headline\":\"Lanzan Campa\u00f1a internacional por la libertad de los siete asilados en la embajada de M\u00e9xico en Bolivia\",\"datePublished\":\"2020-06-10T15:49:47+00:00\",\"mainEntityOfPage\":{\"@id\":\"https:\/\/www.pressenza.com\/es\/2020\/06\/lanzan-campana-internacional-por-la-libertad-de-los-siete-asilados-en-la-embajada-de-mexico-en-bolivia\/\"},\"wordCount\":815,\"publisher\":{\"@id\":\"https:\/\/www.pressenza.com\/es\/#organization\"},\"image\":{\"@id\":\"https:\/\/www.pressenza.com\/es\/2020\/06\/lanzan-campana-internacional-por-la-libertad-de-los-siete-asilados-en-la-embajada-de-mexico-en-bolivia\/#primaryimage\"},\"thumbnailUrl\":\"https:\/\/www.pressenza.com\/wp-content\/uploads\/2020\/06\/asilados-bolivianos.png\",\"keywords\":[\"#GolpeDeEstadoEnBolivia\",\"#LibertadParaLxs7Asiladxs\",\"#SalvoconductoYa\"],\"articleSection\":[\"Comunicados de Prensa\",\"Derechos Humanos\",\"Sudam\u00e9rica\"],\"inLanguage\":\"es\"},{\"@type\":\"WebPage\",\"@id\":\"https:\/\/www.pressenza.com\/es\/2020\/06\/lanzan-campana-internacional-por-la-libertad-de-los-siete-asilados-en-la-embajada-de-mexico-en-bolivia\/\",\"url\":\"https:\/\/www.pressenza.com\/es\/2020\/06\/lanzan-campana-internacional-por-la-libertad-de-los-siete-asilados-en-la-embajada-de-mexico-en-bolivia\/\",\"name\":\"Lanzan Campa\u00f1a internacional por la libertad de los siete asilados en la embajada de M\u00e9xico en Bolivia\",\"isPartOf\":{\"@id\":\"https:\/\/www.pressenza.com\/es\/#website\"},\"primaryImageOfPage\":{\"@id\":\"https:\/\/www.pressenza.com\/es\/2020\/06\/lanzan-campana-internacional-por-la-libertad-de-los-siete-asilados-en-la-embajada-de-mexico-en-bolivia\/#primaryimage\"},\"image\":{\"@id\":\"https:\/\/www.pressenza.com\/es\/2020\/06\/lanzan-campana-internacional-por-la-libertad-de-los-siete-asilados-en-la-embajada-de-mexico-en-bolivia\/#primaryimage\"},\"thumbnailUrl\":\"https:\/\/www.pressenza.com\/wp-content\/uploads\/2020\/06\/asilados-bolivianos.png\",\"datePublished\":\"2020-06-10T15:49:47+00:00\",\"description\":\"El Comit\u00e9 de Solidaridad con los Pueblos Latinoamericanos, la Mesa de Trabajo por los DDHH de C\u00f3rdoba Argentina y la Facultad de Filosof\u00eda y Humanidades\",\"breadcrumb\":{\"@id\":\"https:\/\/www.pressenza.com\/es\/2020\/06\/lanzan-campana-internacional-por-la-libertad-de-los-siete-asilados-en-la-embajada-de-mexico-en-bolivia\/#breadcrumb\"},\"inLanguage\":\"es\",\"potentialAction\":[{\"@type\":\"ReadAction\",\"target\":[\"https:\/\/www.pressenza.com\/es\/2020\/06\/lanzan-campana-internacional-por-la-libertad-de-los-siete-asilados-en-la-embajada-de-mexico-en-bolivia\/\"]}]},{\"@type\":\"ImageObject\",\"inLanguage\":\"es\",\"@id\":\"https:\/\/www.pressenza.com\/es\/2020\/06\/lanzan-campana-internacional-por-la-libertad-de-los-siete-asilados-en-la-embajada-de-mexico-en-bolivia\/#primaryimage\",\"url\":\"https:\/\/www.pressenza.com\/wp-content\/uploads\/2020\/06\/asilados-bolivianos.png\",\"contentUrl\":\"https:\/\/www.pressenza.com\/wp-content\/uploads\/2020\/06\/asilados-bolivianos.png\",\"width\":800,\"height\":445},{\"@type\":\"BreadcrumbList\",\"@id\":\"https:\/\/www.pressenza.com\/es\/2020\/06\/lanzan-campana-internacional-por-la-libertad-de-los-siete-asilados-en-la-embajada-de-mexico-en-bolivia\/#breadcrumb\",\"itemListElement\":[{\"@type\":\"ListItem\",\"position\":1,\"name\":\"Accueil\",\"item\":\"https:\/\/www.pressenza.com\/es\/\"},{\"@type\":\"ListItem\",\"position\":2,\"name\":\"Lanzan Campa\u00f1a internacional por la libertad de los siete asilados en la embajada de M\u00e9xico en Bolivia\"}]},{\"@type\":\"WebSite\",\"@id\":\"https:\/\/www.pressenza.com\/es\/#website\",\"url\":\"https:\/\/www.pressenza.com\/es\/\",\"name\":\"Pressenza\",\"description\":\"International Press Agency\",\"publisher\":{\"@id\":\"https:\/\/www.pressenza.com\/es\/#organization\"},\"potentialAction\":[{\"@type\":\"SearchAction\",\"target\":{\"@type\":\"EntryPoint\",\"urlTemplate\":\"https:\/\/www.pressenza.com\/es\/?s={search_term_string}\"},\"query-input\":{\"@type\":\"PropertyValueSpecification\",\"valueRequired\":true,\"valueName\":\"search_term_string\"}}],\"inLanguage\":\"es\"},{\"@type\":\"Organization\",\"@id\":\"https:\/\/www.pressenza.com\/es\/#organization\",\"name\":\"Pressenza\",\"url\":\"https:\/\/www.pressenza.com\/es\/\",\"logo\":{\"@type\":\"ImageObject\",\"inLanguage\":\"es\",\"@id\":\"https:\/\/www.pressenza.com\/es\/#\/schema\/logo\/image\/\",\"url\":\"https:\/\/www.pressenza.com\/wp-content\/uploads\/2022\/10\/pressenza_logo_200x200.jpg\",\"contentUrl\":\"https:\/\/www.pressenza.com\/wp-content\/uploads\/2022\/10\/pressenza_logo_200x200.jpg\",\"width\":200,\"height\":200,\"caption\":\"Pressenza\"},\"image\":{\"@id\":\"https:\/\/www.pressenza.com\/es\/#\/schema\/logo\/image\/\"},\"sameAs\":[\"https:\/\/www.facebook.com\/PressenzaItalia\",\"https:\/\/x.com\/PressenzaIPA\"]},{\"@type\":\"Person\",\"@id\":\"https:\/\/www.pressenza.com\/es\/#\/schema\/person\/0dda7d1b68267ad95b1e1d83abc98c89\",\"name\":\"Redacci\u00f3n Argentina\",\"description\":\"News from the Pressenza Bureau in Argentina.\",\"sameAs\":[\"https:\/\/x.com\/pressenza\"],\"url\":\"https:\/\/www.pressenza.com\/es\/author\/redaccion-argentina\/\"}]}<\/script>\n<!-- \/ Yoast SEO plugin. -->","yoast_head_json":{"title":"Lanzan Campa\u00f1a internacional por la libertad de los siete asilados en la embajada de M\u00e9xico en Bolivia","description":"El Comit\u00e9 de Solidaridad con los Pueblos Latinoamericanos, la Mesa de Trabajo por los DDHH de C\u00f3rdoba Argentina y la Facultad de Filosof\u00eda y Humanidades","robots":{"index":"index","follow":"follow","max-snippet":"max-snippet:-1","max-image-preview":"max-image-preview:large","max-video-preview":"max-video-preview:-1"},"canonical":"https:\/\/www.pressenza.com\/es\/2020\/06\/lanzan-campana-internacional-por-la-libertad-de-los-siete-asilados-en-la-embajada-de-mexico-en-bolivia\/","og_locale":"es_ES","og_type":"article","og_title":"Lanzan Campa\u00f1a internacional por la libertad de los siete asilados en la embajada de M\u00e9xico en Bolivia","og_description":"El Comit\u00e9 de Solidaridad con los Pueblos Latinoamericanos, la Mesa de Trabajo por los DDHH de C\u00f3rdoba Argentina y la Facultad de Filosof\u00eda y Humanidades","og_url":"https:\/\/www.pressenza.com\/es\/2020\/06\/lanzan-campana-internacional-por-la-libertad-de-los-siete-asilados-en-la-embajada-de-mexico-en-bolivia\/","og_site_name":"Pressenza","article_publisher":"https:\/\/www.facebook.com\/PressenzaItalia","article_published_time":"2020-06-10T15:49:47+00:00","og_image":[{"width":800,"height":445,"url":"https:\/\/www.pressenza.com\/wp-content\/uploads\/2020\/06\/asilados-bolivianos.png","type":"image\/png"}],"author":"Redacci\u00f3n Argentina","twitter_card":"summary_large_image","twitter_creator":"@pressenza","twitter_site":"@PressenzaIPA","twitter_misc":{"Escrito por":"Redacci\u00f3n Argentina","Tiempo de lectura":"4 minutos"},"schema":{"@context":"https:\/\/schema.org","@graph":[{"@type":"Article","@id":"https:\/\/www.pressenza.com\/es\/2020\/06\/lanzan-campana-internacional-por-la-libertad-de-los-siete-asilados-en-la-embajada-de-mexico-en-bolivia\/#article","isPartOf":{"@id":"https:\/\/www.pressenza.com\/es\/2020\/06\/lanzan-campana-internacional-por-la-libertad-de-los-siete-asilados-en-la-embajada-de-mexico-en-bolivia\/"},"author":{"name":"Redacci\u00f3n Argentina","@id":"https:\/\/www.pressenza.com\/es\/#\/schema\/person\/0dda7d1b68267ad95b1e1d83abc98c89"},"headline":"Lanzan Campa\u00f1a internacional por la libertad de los siete asilados en la embajada de M\u00e9xico en Bolivia","datePublished":"2020-06-10T15:49:47+00:00","mainEntityOfPage":{"@id":"https:\/\/www.pressenza.com\/es\/2020\/06\/lanzan-campana-internacional-por-la-libertad-de-los-siete-asilados-en-la-embajada-de-mexico-en-bolivia\/"},"wordCount":815,"publisher":{"@id":"https:\/\/www.pressenza.com\/es\/#organization"},"image":{"@id":"https:\/\/www.pressenza.com\/es\/2020\/06\/lanzan-campana-internacional-por-la-libertad-de-los-siete-asilados-en-la-embajada-de-mexico-en-bolivia\/#primaryimage"},"thumbnailUrl":"https:\/\/www.pressenza.com\/wp-content\/uploads\/2020\/06\/asilados-bolivianos.png","keywords":["#GolpeDeEstadoEnBolivia","#LibertadParaLxs7Asiladxs","#SalvoconductoYa"],"articleSection":["Comunicados de Prensa","Derechos Humanos","Sudam\u00e9rica"],"inLanguage":"es"},{"@type":"WebPage","@id":"https:\/\/www.pressenza.com\/es\/2020\/06\/lanzan-campana-internacional-por-la-libertad-de-los-siete-asilados-en-la-embajada-de-mexico-en-bolivia\/","url":"https:\/\/www.pressenza.com\/es\/2020\/06\/lanzan-campana-internacional-por-la-libertad-de-los-siete-asilados-en-la-embajada-de-mexico-en-bolivia\/","name":"Lanzan Campa\u00f1a internacional por la libertad de los siete asilados en la embajada de M\u00e9xico en Bolivia","isPartOf":{"@id":"https:\/\/www.pressenza.com\/es\/#website"},"primaryImageOfPage":{"@id":"https:\/\/www.pressenza.com\/es\/2020\/06\/lanzan-campana-internacional-por-la-libertad-de-los-siete-asilados-en-la-embajada-de-mexico-en-bolivia\/#primaryimage"},"image":{"@id":"https:\/\/www.pressenza.com\/es\/2020\/06\/lanzan-campana-internacional-por-la-libertad-de-los-siete-asilados-en-la-embajada-de-mexico-en-bolivia\/#primaryimage"},"thumbnailUrl":"https:\/\/www.pressenza.com\/wp-content\/uploads\/2020\/06\/asilados-bolivianos.png","datePublished":"2020-06-10T15:49:47+00:00","description":"El Comit\u00e9 de Solidaridad con los Pueblos Latinoamericanos, la Mesa de Trabajo por los DDHH de C\u00f3rdoba Argentina y la Facultad de Filosof\u00eda y Humanidades","breadcrumb":{"@id":"https:\/\/www.pressenza.com\/es\/2020\/06\/lanzan-campana-internacional-por-la-libertad-de-los-siete-asilados-en-la-embajada-de-mexico-en-bolivia\/#breadcrumb"},"inLanguage":"es","potentialAction":[{"@type":"ReadAction","target":["https:\/\/www.pressenza.com\/es\/2020\/06\/lanzan-campana-internacional-por-la-libertad-de-los-siete-asilados-en-la-embajada-de-mexico-en-bolivia\/"]}]},{"@type":"ImageObject","inLanguage":"es","@id":"https:\/\/www.pressenza.com\/es\/2020\/06\/lanzan-campana-internacional-por-la-libertad-de-los-siete-asilados-en-la-embajada-de-mexico-en-bolivia\/#primaryimage","url":"https:\/\/www.pressenza.com\/wp-content\/uploads\/2020\/06\/asilados-bolivianos.png","contentUrl":"https:\/\/www.pressenza.com\/wp-content\/uploads\/2020\/06\/asilados-bolivianos.png","width":800,"height":445},{"@type":"BreadcrumbList","@id":"https:\/\/www.pressenza.com\/es\/2020\/06\/lanzan-campana-internacional-por-la-libertad-de-los-siete-asilados-en-la-embajada-de-mexico-en-bolivia\/#breadcrumb","itemListElement":[{"@type":"ListItem","position":1,"name":"Accueil","item":"https:\/\/www.pressenza.com\/es\/"},{"@type":"ListItem","position":2,"name":"Lanzan Campa\u00f1a internacional por la libertad de los siete asilados en la embajada de M\u00e9xico en Bolivia"}]},{"@type":"WebSite","@id":"https:\/\/www.pressenza.com\/es\/#website","url":"https:\/\/www.pressenza.com\/es\/","name":"Pressenza","description":"International Press Agency","publisher":{"@id":"https:\/\/www.pressenza.com\/es\/#organization"},"potentialAction":[{"@type":"SearchAction","target":{"@type":"EntryPoint","urlTemplate":"https:\/\/www.pressenza.com\/es\/?s={search_term_string}"},"query-input":{"@type":"PropertyValueSpecification","valueRequired":true,"valueName":"search_term_string"}}],"inLanguage":"es"},{"@type":"Organization","@id":"https:\/\/www.pressenza.com\/es\/#organization","name":"Pressenza","url":"https:\/\/www.pressenza.com\/es\/","logo":{"@type":"ImageObject","inLanguage":"es","@id":"https:\/\/www.pressenza.com\/es\/#\/schema\/logo\/image\/","url":"https:\/\/www.pressenza.com\/wp-content\/uploads\/2022\/10\/pressenza_logo_200x200.jpg","contentUrl":"https:\/\/www.pressenza.com\/wp-content\/uploads\/2022\/10\/pressenza_logo_200x200.jpg","width":200,"height":200,"caption":"Pressenza"},"image":{"@id":"https:\/\/www.pressenza.com\/es\/#\/schema\/logo\/image\/"},"sameAs":["https:\/\/www.facebook.com\/PressenzaItalia","https:\/\/x.com\/PressenzaIPA"]},{"@type":"Person","@id":"https:\/\/www.pressenza.com\/es\/#\/schema\/person\/0dda7d1b68267ad95b1e1d83abc98c89","name":"Redacci\u00f3n Argentina","description":"News from the Pressenza Bureau in Argentina.","sameAs":["https:\/\/x.com\/pressenza"],"url":"https:\/\/www.pressenza.com\/es\/author\/redaccion-argentina\/"}]}},"place":"C\u00f3rdoba, Argentina","original_article_url":"","_links":{"self":[{"href":"https:\/\/www.pressenza.com\/es\/wp-json\/wp\/v2\/posts\/1132267","targetHints":{"allow":["GET"]}}],"collection":[{"href":"https:\/\/www.pressenza.com\/es\/wp-json\/wp\/v2\/posts"}],"about":[{"href":"https:\/\/www.pressenza.com\/es\/wp-json\/wp\/v2\/types\/post"}],"author":[{"embeddable":true,"href":"https:\/\/www.pressenza.com\/es\/wp-json\/wp\/v2\/users\/87"}],"replies":[{"embeddable":true,"href":"https:\/\/www.pressenza.com\/es\/wp-json\/wp\/v2\/comments?post=1132267"}],"version-history":[{"count":0,"href":"https:\/\/www.pressenza.com\/es\/wp-json\/wp\/v2\/posts\/1132267\/revisions"}],"wp:featuredmedia":[{"embeddable":true,"href":"https:\/\/www.pressenza.com\/es\/wp-json\/wp\/v2\/media\/1132268"}],"wp:attachment":[{"href":"https:\/\/www.pressenza.com\/es\/wp-json\/wp\/v2\/media?parent=1132267"}],"wp:term":[{"taxonomy":"category","embeddable":true,"href":"https:\/\/www.pressenza.com\/es\/wp-json\/wp\/v2\/categories?post=1132267"},{"taxonomy":"post_tag","embeddable":true,"href":"https:\/\/www.pressenza.com\/es\/wp-json\/wp\/v2\/tags?post=1132267"}],"curies":[{"name":"wp","href":"https:\/\/api.w.org\/{rel}","templated":true}]}}