{"id":1132235,"date":"2020-06-11T16:11:39","date_gmt":"2020-06-11T15:11:39","guid":{"rendered":"https:\/\/www.pressenza.com\/?p=1132235"},"modified":"2020-06-12T20:35:20","modified_gmt":"2020-06-12T19:35:20","slug":"covid-19-y-armas-nucleares","status":"publish","type":"post","link":"https:\/\/www.pressenza.com\/es\/2020\/06\/covid-19-y-armas-nucleares\/","title":{"rendered":"Covid-19 y armas nucleares"},"content":{"rendered":"<blockquote><p>Es imprescindible escuchar a los cient\u00edficos, quienes llevan a\u00f1os alertando del riesgo de las armas nucleares.<\/p><\/blockquote>\n<p><em><strong>Por Carlos Uma\u00f1a*<\/strong><\/em><\/p>\n<p>Estos son tiempos dif\u00edciles. Estamos en una crisis sanitaria y econ\u00f3mica que tiene al mundo tenso y encerrado y que ha develado varias crudas realidades, incluida cu\u00e1n vulnerable es el actual sistema social global. No obstante, debemos entender que aunque esta crisis fue provocada por un virus, su origen es pol\u00edtico, no biol\u00f3gico. Surgi\u00f3 porque varios gobiernos desestimaron e ignoraron las advertencias de los cient\u00edficos y de los profesionales sanitarios.<\/p>\n<p>La lecci\u00f3n m\u00e1s importante que debemos aprender de esta pandemia es que la ciencia no debe ser ignorada y, una y otra vez, la ciencia ha emitido advertencias detalladas sobre las armas nucleares. No obstante, con las armas nucleares, los riesgos son much\u00edsimo m\u00e1s elevados.<\/p>\n<p>Desde hace d\u00e9cadas, varios profesionales sanitarios han descrito las terribles consecuencias humanitarias de las detonaciones nucleares y han se\u00f1alado los riesgos que conlleva la existencia de los actuales arsenales nucleares.<\/p>\n<p>Estas bombas son destructivas de una forma singular: la devastaci\u00f3n que causan abarca tanto el espacio como el tiempo. Las ciudades bombardeadas se volver\u00edan inaccesibles e inhabitables durante muchos a\u00f1os y los efectos atroces de la radiaci\u00f3n aguda y cr\u00f3nica no solo afectar\u00edan a los sobrevivientes a lo largo de sus vidas -con varios tipos de c\u00e1ncer y enfermedades cr\u00f3nicas- sino tambi\u00e9n a su progenie, que tendr\u00eda un alto riesgo de sufrir graves defectos gen\u00e9ticos y cong\u00e9nitos, as\u00ed como un mayor riesgo de c\u00e1ncer. No hay ninguna posibilidad de primeros auxilios, ya que la mayor\u00eda de los trabajadores sanitarios habr\u00e1n muerto, la mayor\u00eda de los hospitales, cl\u00ednicas e infraestructura de comunicaci\u00f3n habr\u00e1n sido destruidos, y la radiaci\u00f3n imposibilitar\u00eda el ingreso de ayuda m\u00e9dica externa para las v\u00edctimas de una detonaci\u00f3n nuclear. Las v\u00edctimas que padezcan lesiones, quemaduras y las terribles manifestaciones del s\u00edndrome de radiaci\u00f3n aguda sufrir\u00e1n y morir\u00e1n solas. Adem\u00e1s, una explosi\u00f3n nuclear a una gran altitud crear\u00eda un pulso electromagn\u00e9tico que inhabilitar\u00eda la mayor\u00eda de los dispositivos el\u00e9ctricos dentro de un radio mucho mayor que la devastaci\u00f3n f\u00edsica de la explosi\u00f3n nuclea. Esto causar\u00eda fallas generalizadas de autom\u00f3viles, computadoras, tel\u00e9fonos y telecomunicaciones. El mundo, tal y como lo conocemos, cambiar\u00eda radicalmente.<\/p>\n<p>Algunos climat\u00f3logos han determinado que una guerra nuclear \u00ablimitada\u00bb -una causada por 100 armas nucleares con una potencia igual a la de Hiroshima detonadas en ciudades en una guerra entre India y Pakist\u00e1n- no solo matar\u00eda y lesionar\u00eda a varios millones de personas, sino que el holl\u00edn y los escombros que se elevar\u00edan a la atm\u00f3sfera tapar\u00edan la luz solar y reducir\u00edan r\u00e1pidamente la temperatura en la biosfera global. Esto afectar\u00eda la producci\u00f3n de granos b\u00e1sicos (arroz, trigo, ma\u00edz y soya) en todo el mundo, lo que provocar\u00eda una hambruna que matar\u00eda a alrededor de 2 mil millones de personas, principalmente en los pa\u00edses del sur global, en su mayor\u00eda ubicados lejos de donde se dio el conflicto original. La escasez de suministros de alimentos y la consiguiente especulaci\u00f3n de precios aumentar\u00eda la probabilidad de conflictos armados e incluso de una guerra nuclear a gran escala. Dicha guerra, adem\u00e1s de matar a decenas de millones de personas, generar\u00eda un invierno nuclear que causar\u00eda la extinci\u00f3n de muchas especies, quiz\u00e1s incluso de la nuestra.<\/p>\n<p><strong>La recuperaci\u00f3n de una guerra nuclear a gran escala ser\u00eda imposible. El \u00fanico camino sensato es prevenirla.<\/strong><\/p>\n<p>Los cient\u00edficos tambi\u00e9n nos han dicho que el riesgo de que esto ocurra es cada vez mayor. El \u00abReloj del Apocalipsis\u00bb, creado por el <em>Bolet\u00edn de Cient\u00edficos At\u00f3micos &#8211;<\/em>un reloj simb\u00f3lico que mide una cat\u00e1strofe mundial provocada por el hombre en minutos a la medianoche- marca, para 2020, la medianoche menos 100 segundos. Este riesgo -el m\u00e1s elevado de la historia- se debe a la ret\u00f3rica incendiaria de los l\u00edderes de los pa\u00edses nucleares y a la facilidad con la que hacen amenazas nucleares, a la creciente crisis clim\u00e1tica y su potencial para generar y agravar conflictos b\u00e9licos, y al riesgo cada vez mayor de detonaciones nucleares accidentales.<\/p>\n<p>Solo en el arsenal estadounidense se han registrado m\u00e1s de 1000 accidentes, 6 de los cuales casi han resultado en una guerra nuclear. De las casi 14.000 ojivas nucleares en el arsenal global actual, aproximadamente 1.800 permanecen en estado de alerta m\u00e1xima, apuntando a ciudades y listas para ser detonadas en cuesti\u00f3n de minutos. La alta dependencia tecnol\u00f3gica hace que los sistemas de alerta m\u00e1xima sean vulnerables a ataques cibern\u00e9ticos y a errores humanos y t\u00e9cnicos. Este riesgo es tan elevado que los cient\u00edficos del <em>Future of Life Institute<\/em> han determinado que la guerra nuclear m\u00e1s probable es una accidental. Es decir, el que hoy estemos vivos no se debe a un buen manejo de estos arsenales, sino a la suerte. Si no estamos dispuestos a apostar a que esta suerte durar\u00e1 para siempre, debemos eliminar la amenaza nuclear, y debemos hacerlo con urgencia.<\/p>\n<p>Como armas, las armas nucleares no son pr\u00e1cticas. Sus efectos no se pueden controlar. No respetan las fronteras. No est\u00e1n hechas para destruir objetivos militares, sino para destruir ciudades y matar a much\u00edsimos civiles. Usarlas ser\u00eda acto suicida porque su uso desencadenar\u00eda una guerra nuclear, entonces realmente no se pueden usar en una guerra. El \u00fanico valor real que tienen estas armas es la amenaza que representan, la carga sem\u00e1ntica detr\u00e1s de las palabras \u00abpotencia nuclear\u00bb. En este sentido, la funci\u00f3n esencial de las armas nucleares es ser un s\u00edmbolo, y este s\u00edmbolo se ha construido y mantenido a lo largo de los a\u00f1os con la participaci\u00f3n y complicidad de todo el mundo, no solamente de los nueve Estados nucleares y sus aliados. Sin embargo, esto cambi\u00f3 hace poco.<\/p>\n<p>El 7 de julio de 2017 en la ONU en Nueva York, 122 pa\u00edses -una clara mayor\u00eda de la comunidad internacional- votaron en favor de adoptar el Tratado sobre la Prohibici\u00f3n de las Armas Nucleares (TPAN). Este tratado -que proh\u00edbe desarrollar, ensayar, producir, fabricar, adquirir de cualquier otro modo, poseer o almacenar armas nucleares- es el producto del empoderamiento colectivo de los Estados no nucleares, que han dejado la pasividad de lado y han asumido un rol activo como partes interesadas en el tema nuclear. Esta nueva forma de hacer pol\u00edtica internacional -acu\u00f1ada por una diplom\u00e1tica costarricense en la ONU como la democratizaci\u00f3n del desarme nuclear- fomenta la cooperaci\u00f3n internacional y fortalece el r\u00e9gimen multilateral, ingredientes necesarios para enfrentar los desaf\u00edos apremiantes de la humanidad.<\/p>\n<p>M\u00e1s a\u00fan, el TPAN busca estigmatizar las armas nucleares a trav\u00e9s de la prohibici\u00f3n, una estrategia que la historia ha comprobado que es efectiva, y el mecanismo mediante el cual se han abolido todas las dem\u00e1s armas de destrucci\u00f3n masiva &#8211; las qu\u00edmicas, las biol\u00f3gicas, las minas terrestres y las municiones en racimo-. Hoy en d\u00eda no hay ning\u00fan Estado que se jacte de ser una potencia de armas qu\u00edmicas o que use armas biol\u00f3gicas en su doctrina de seguridad. Esto se debe a que una fuerte normativa internacional y un clima de condena moral han hecho que tales afirmaciones sean un tab\u00fa. As\u00ed es precisamente c\u00f3mo este tratado ya est\u00e1 comenzando a tener efecto, incluso antes de su entrada en vigor.<\/p>\n<p>Hoy en d\u00eda, el poder y el prestigio est\u00e1n cada vez menos asociados al poder destructivo, a las imposiciones y a las amenazas, y est\u00e1n cada vez m\u00e1s asociados a la capacidad de crear di\u00e1logo, construir puentes y llegar a acuerdos. En este momento, la amenaza de una guerra nuclear inminente tiene menos sentido que nunca y, a la luz de la crisis global actual, el gasto anual de 116 mil millones de d\u00f3lares en el mantenimiento y la modernizaci\u00f3n del arsenal nuclear mundial resulta m\u00e1s que absurdo. Urge darle una oportunidad a la paz. Urge avanzar hacia el desarme nuclear y prohibir las armas nucleares.<\/p>\n<p>Ignorar la amenaza planteada por la COVID-19 result\u00f3 ser desastroso, pero la negligencia de los gobiernos que, de forma similar, ignoran la amenaza nuclear derivar\u00e1 en un desastre much\u00edsimo peor. El lado positivo de esta pandemia es que la humanidad tiene la oportunidad de abrir los ojos a las advertencias de la ciencia, al riesgo latente en el que nos encontramos y a la urgente necesidad de cooperaci\u00f3n y de paz. Nuestra s\u00faplica a los pol\u00edticos es que se posicionen del lado de la ciencia, de la evidencia y del sentido com\u00fan. La otra opci\u00f3n, como ahora bien lo sabemos, es la cat\u00e1strofe.<\/p>\n<p>&nbsp;<\/p>\n<p><em><strong>*Carlos Uma\u00f1a, m\u00e9dico y traductor, es miembro de ICAN y vicepresidente regional para Am\u00e9rica Latina de IPPNW, una de las organizaciones que lleva d\u00e9cadas trabajando por el desarme nuclear.<\/strong><\/em><\/p>\n<p>&nbsp;<\/p>\n","protected":false},"excerpt":{"rendered":"<p>Es imprescindible escuchar a los cient\u00edficos, quienes llevan a\u00f1os alertando del riesgo de las armas nucleares. Por Carlos Uma\u00f1a* Estos son tiempos dif\u00edciles. Estamos en una crisis sanitaria y econ\u00f3mica que tiene al mundo tenso y encerrado y que ha&hellip;<\/p>\n","protected":false},"author":1681,"featured_media":638430,"comment_status":"closed","ping_status":"closed","sticky":false,"template":"","format":"standard","meta":{"footnotes":""},"categories":[11389,39,1243],"tags":[598,70071,72131,650,44688],"class_list":["post-1132235","post","type-post","status-publish","format-standard","has-post-thumbnail","hentry","category-contenido-original","category-internacional","category-paz-desarme","tag-ciencia","tag-coronavirus-es","tag-covid-19-es","tag-desarme-nuclear","tag-tratado-de-prohibicion-de-las-armas-nucleares"],"yoast_head":"<!-- This site is optimized with the Yoast SEO plugin v27.1.1 - https:\/\/yoast.com\/product\/yoast-seo-wordpress\/ -->\n<title>Covid-19 y armas nucleares<\/title>\n<meta name=\"description\" content=\"Es imprescindible escuchar a los cient\u00edficos, quienes llevan a\u00f1os alertando del riesgo de las armas nucleares. Por Carlos Uma\u00f1a* Estos son tiempos\" \/>\n<meta name=\"robots\" content=\"index, follow, max-snippet:-1, max-image-preview:large, max-video-preview:-1\" \/>\n<link rel=\"canonical\" href=\"https:\/\/www.pressenza.com\/es\/2020\/06\/covid-19-y-armas-nucleares\/\" \/>\n<meta property=\"og:locale\" content=\"es_ES\" \/>\n<meta property=\"og:type\" content=\"article\" \/>\n<meta property=\"og:title\" content=\"Covid-19 y armas nucleares\" \/>\n<meta property=\"og:description\" content=\"Es imprescindible escuchar a los cient\u00edficos, quienes llevan a\u00f1os alertando del riesgo de las armas nucleares. Por Carlos Uma\u00f1a* Estos son tiempos\" \/>\n<meta property=\"og:url\" content=\"https:\/\/www.pressenza.com\/es\/2020\/06\/covid-19-y-armas-nucleares\/\" \/>\n<meta property=\"og:site_name\" content=\"Pressenza\" \/>\n<meta property=\"article:publisher\" content=\"https:\/\/www.facebook.com\/PressenzaItalia\" \/>\n<meta property=\"article:published_time\" content=\"2020-06-11T15:11:39+00:00\" \/>\n<meta property=\"article:modified_time\" content=\"2020-06-12T19:35:20+00:00\" \/>\n<meta property=\"og:image\" content=\"https:\/\/www.pressenza.com\/wp-content\/uploads\/2018\/05\/TRATADO_DE_PROHIBICION_DE_LAS_ARMAS_NUCLEARES_1_Cast.jpg\" \/>\n\t<meta property=\"og:image:width\" content=\"1024\" \/>\n\t<meta property=\"og:image:height\" content=\"768\" \/>\n\t<meta property=\"og:image:type\" content=\"image\/jpeg\" \/>\n<meta name=\"author\" content=\"Redacci\u00f3n Espa\u00f1a\" \/>\n<meta name=\"twitter:card\" content=\"summary_large_image\" \/>\n<meta name=\"twitter:creator\" content=\"@PressenzaIPA\" \/>\n<meta name=\"twitter:site\" content=\"@PressenzaIPA\" \/>\n<meta name=\"twitter:label1\" content=\"Escrito por\" \/>\n\t<meta name=\"twitter:data1\" content=\"Redacci\u00f3n Espa\u00f1a\" \/>\n\t<meta name=\"twitter:label2\" content=\"Tiempo de lectura\" \/>\n\t<meta name=\"twitter:data2\" content=\"8 minutos\" \/>\n<script type=\"application\/ld+json\" class=\"yoast-schema-graph\">{\"@context\":\"https:\/\/schema.org\",\"@graph\":[{\"@type\":\"Article\",\"@id\":\"https:\/\/www.pressenza.com\/es\/2020\/06\/covid-19-y-armas-nucleares\/#article\",\"isPartOf\":{\"@id\":\"https:\/\/www.pressenza.com\/es\/2020\/06\/covid-19-y-armas-nucleares\/\"},\"author\":{\"name\":\"Redacci\u00f3n Espa\u00f1a\",\"@id\":\"https:\/\/www.pressenza.com\/es\/#\/schema\/person\/fffbbe2f14495897417f313a954dae23\"},\"headline\":\"Covid-19 y armas nucleares\",\"datePublished\":\"2020-06-11T15:11:39+00:00\",\"dateModified\":\"2020-06-12T19:35:20+00:00\",\"mainEntityOfPage\":{\"@id\":\"https:\/\/www.pressenza.com\/es\/2020\/06\/covid-19-y-armas-nucleares\/\"},\"wordCount\":1579,\"publisher\":{\"@id\":\"https:\/\/www.pressenza.com\/es\/#organization\"},\"image\":{\"@id\":\"https:\/\/www.pressenza.com\/es\/2020\/06\/covid-19-y-armas-nucleares\/#primaryimage\"},\"thumbnailUrl\":\"https:\/\/www.pressenza.com\/wp-content\/uploads\/2018\/05\/TRATADO_DE_PROHIBICION_DE_LAS_ARMAS_NUCLEARES_1_Cast.jpg\",\"keywords\":[\"ciencia\",\"coronav\u00edrus\",\"COVID-19\",\"Desarme nuclear\",\"Tratado de Prohibici\u00f3n de las Armas Nucleares\"],\"articleSection\":[\"Contenido Original\",\"Internacional\",\"Paz y Desarme\"],\"inLanguage\":\"es\"},{\"@type\":\"WebPage\",\"@id\":\"https:\/\/www.pressenza.com\/es\/2020\/06\/covid-19-y-armas-nucleares\/\",\"url\":\"https:\/\/www.pressenza.com\/es\/2020\/06\/covid-19-y-armas-nucleares\/\",\"name\":\"Covid-19 y armas nucleares\",\"isPartOf\":{\"@id\":\"https:\/\/www.pressenza.com\/es\/#website\"},\"primaryImageOfPage\":{\"@id\":\"https:\/\/www.pressenza.com\/es\/2020\/06\/covid-19-y-armas-nucleares\/#primaryimage\"},\"image\":{\"@id\":\"https:\/\/www.pressenza.com\/es\/2020\/06\/covid-19-y-armas-nucleares\/#primaryimage\"},\"thumbnailUrl\":\"https:\/\/www.pressenza.com\/wp-content\/uploads\/2018\/05\/TRATADO_DE_PROHIBICION_DE_LAS_ARMAS_NUCLEARES_1_Cast.jpg\",\"datePublished\":\"2020-06-11T15:11:39+00:00\",\"dateModified\":\"2020-06-12T19:35:20+00:00\",\"description\":\"Es imprescindible escuchar a los cient\u00edficos, quienes llevan a\u00f1os alertando del riesgo de las armas nucleares. Por Carlos Uma\u00f1a* Estos son tiempos\",\"breadcrumb\":{\"@id\":\"https:\/\/www.pressenza.com\/es\/2020\/06\/covid-19-y-armas-nucleares\/#breadcrumb\"},\"inLanguage\":\"es\",\"potentialAction\":[{\"@type\":\"ReadAction\",\"target\":[\"https:\/\/www.pressenza.com\/es\/2020\/06\/covid-19-y-armas-nucleares\/\"]}]},{\"@type\":\"ImageObject\",\"inLanguage\":\"es\",\"@id\":\"https:\/\/www.pressenza.com\/es\/2020\/06\/covid-19-y-armas-nucleares\/#primaryimage\",\"url\":\"https:\/\/www.pressenza.com\/wp-content\/uploads\/2018\/05\/TRATADO_DE_PROHIBICION_DE_LAS_ARMAS_NUCLEARES_1_Cast.jpg\",\"contentUrl\":\"https:\/\/www.pressenza.com\/wp-content\/uploads\/2018\/05\/TRATADO_DE_PROHIBICION_DE_LAS_ARMAS_NUCLEARES_1_Cast.jpg\",\"width\":1024,\"height\":768},{\"@type\":\"BreadcrumbList\",\"@id\":\"https:\/\/www.pressenza.com\/es\/2020\/06\/covid-19-y-armas-nucleares\/#breadcrumb\",\"itemListElement\":[{\"@type\":\"ListItem\",\"position\":1,\"name\":\"Accueil\",\"item\":\"https:\/\/www.pressenza.com\/es\/\"},{\"@type\":\"ListItem\",\"position\":2,\"name\":\"Covid-19 y armas nucleares\"}]},{\"@type\":\"WebSite\",\"@id\":\"https:\/\/www.pressenza.com\/es\/#website\",\"url\":\"https:\/\/www.pressenza.com\/es\/\",\"name\":\"Pressenza\",\"description\":\"International Press Agency\",\"publisher\":{\"@id\":\"https:\/\/www.pressenza.com\/es\/#organization\"},\"potentialAction\":[{\"@type\":\"SearchAction\",\"target\":{\"@type\":\"EntryPoint\",\"urlTemplate\":\"https:\/\/www.pressenza.com\/es\/?s={search_term_string}\"},\"query-input\":{\"@type\":\"PropertyValueSpecification\",\"valueRequired\":true,\"valueName\":\"search_term_string\"}}],\"inLanguage\":\"es\"},{\"@type\":\"Organization\",\"@id\":\"https:\/\/www.pressenza.com\/es\/#organization\",\"name\":\"Pressenza\",\"url\":\"https:\/\/www.pressenza.com\/es\/\",\"logo\":{\"@type\":\"ImageObject\",\"inLanguage\":\"es\",\"@id\":\"https:\/\/www.pressenza.com\/es\/#\/schema\/logo\/image\/\",\"url\":\"https:\/\/www.pressenza.com\/wp-content\/uploads\/2022\/10\/pressenza_logo_200x200.jpg\",\"contentUrl\":\"https:\/\/www.pressenza.com\/wp-content\/uploads\/2022\/10\/pressenza_logo_200x200.jpg\",\"width\":200,\"height\":200,\"caption\":\"Pressenza\"},\"image\":{\"@id\":\"https:\/\/www.pressenza.com\/es\/#\/schema\/logo\/image\/\"},\"sameAs\":[\"https:\/\/www.facebook.com\/PressenzaItalia\",\"https:\/\/x.com\/PressenzaIPA\"]},{\"@type\":\"Person\",\"@id\":\"https:\/\/www.pressenza.com\/es\/#\/schema\/person\/fffbbe2f14495897417f313a954dae23\",\"name\":\"Redacci\u00f3n Espa\u00f1a\",\"url\":\"https:\/\/www.pressenza.com\/es\/author\/redaccion-espana\/\"}]}<\/script>\n<!-- \/ Yoast SEO plugin. -->","yoast_head_json":{"title":"Covid-19 y armas nucleares","description":"Es imprescindible escuchar a los cient\u00edficos, quienes llevan a\u00f1os alertando del riesgo de las armas nucleares. Por Carlos Uma\u00f1a* Estos son tiempos","robots":{"index":"index","follow":"follow","max-snippet":"max-snippet:-1","max-image-preview":"max-image-preview:large","max-video-preview":"max-video-preview:-1"},"canonical":"https:\/\/www.pressenza.com\/es\/2020\/06\/covid-19-y-armas-nucleares\/","og_locale":"es_ES","og_type":"article","og_title":"Covid-19 y armas nucleares","og_description":"Es imprescindible escuchar a los cient\u00edficos, quienes llevan a\u00f1os alertando del riesgo de las armas nucleares. Por Carlos Uma\u00f1a* Estos son tiempos","og_url":"https:\/\/www.pressenza.com\/es\/2020\/06\/covid-19-y-armas-nucleares\/","og_site_name":"Pressenza","article_publisher":"https:\/\/www.facebook.com\/PressenzaItalia","article_published_time":"2020-06-11T15:11:39+00:00","article_modified_time":"2020-06-12T19:35:20+00:00","og_image":[{"width":1024,"height":768,"url":"https:\/\/www.pressenza.com\/wp-content\/uploads\/2018\/05\/TRATADO_DE_PROHIBICION_DE_LAS_ARMAS_NUCLEARES_1_Cast.jpg","type":"image\/jpeg"}],"author":"Redacci\u00f3n Espa\u00f1a","twitter_card":"summary_large_image","twitter_creator":"@PressenzaIPA","twitter_site":"@PressenzaIPA","twitter_misc":{"Escrito por":"Redacci\u00f3n Espa\u00f1a","Tiempo de lectura":"8 minutos"},"schema":{"@context":"https:\/\/schema.org","@graph":[{"@type":"Article","@id":"https:\/\/www.pressenza.com\/es\/2020\/06\/covid-19-y-armas-nucleares\/#article","isPartOf":{"@id":"https:\/\/www.pressenza.com\/es\/2020\/06\/covid-19-y-armas-nucleares\/"},"author":{"name":"Redacci\u00f3n Espa\u00f1a","@id":"https:\/\/www.pressenza.com\/es\/#\/schema\/person\/fffbbe2f14495897417f313a954dae23"},"headline":"Covid-19 y armas nucleares","datePublished":"2020-06-11T15:11:39+00:00","dateModified":"2020-06-12T19:35:20+00:00","mainEntityOfPage":{"@id":"https:\/\/www.pressenza.com\/es\/2020\/06\/covid-19-y-armas-nucleares\/"},"wordCount":1579,"publisher":{"@id":"https:\/\/www.pressenza.com\/es\/#organization"},"image":{"@id":"https:\/\/www.pressenza.com\/es\/2020\/06\/covid-19-y-armas-nucleares\/#primaryimage"},"thumbnailUrl":"https:\/\/www.pressenza.com\/wp-content\/uploads\/2018\/05\/TRATADO_DE_PROHIBICION_DE_LAS_ARMAS_NUCLEARES_1_Cast.jpg","keywords":["ciencia","coronav\u00edrus","COVID-19","Desarme nuclear","Tratado de Prohibici\u00f3n de las Armas Nucleares"],"articleSection":["Contenido Original","Internacional","Paz y Desarme"],"inLanguage":"es"},{"@type":"WebPage","@id":"https:\/\/www.pressenza.com\/es\/2020\/06\/covid-19-y-armas-nucleares\/","url":"https:\/\/www.pressenza.com\/es\/2020\/06\/covid-19-y-armas-nucleares\/","name":"Covid-19 y armas nucleares","isPartOf":{"@id":"https:\/\/www.pressenza.com\/es\/#website"},"primaryImageOfPage":{"@id":"https:\/\/www.pressenza.com\/es\/2020\/06\/covid-19-y-armas-nucleares\/#primaryimage"},"image":{"@id":"https:\/\/www.pressenza.com\/es\/2020\/06\/covid-19-y-armas-nucleares\/#primaryimage"},"thumbnailUrl":"https:\/\/www.pressenza.com\/wp-content\/uploads\/2018\/05\/TRATADO_DE_PROHIBICION_DE_LAS_ARMAS_NUCLEARES_1_Cast.jpg","datePublished":"2020-06-11T15:11:39+00:00","dateModified":"2020-06-12T19:35:20+00:00","description":"Es imprescindible escuchar a los cient\u00edficos, quienes llevan a\u00f1os alertando del riesgo de las armas nucleares. Por Carlos Uma\u00f1a* Estos son tiempos","breadcrumb":{"@id":"https:\/\/www.pressenza.com\/es\/2020\/06\/covid-19-y-armas-nucleares\/#breadcrumb"},"inLanguage":"es","potentialAction":[{"@type":"ReadAction","target":["https:\/\/www.pressenza.com\/es\/2020\/06\/covid-19-y-armas-nucleares\/"]}]},{"@type":"ImageObject","inLanguage":"es","@id":"https:\/\/www.pressenza.com\/es\/2020\/06\/covid-19-y-armas-nucleares\/#primaryimage","url":"https:\/\/www.pressenza.com\/wp-content\/uploads\/2018\/05\/TRATADO_DE_PROHIBICION_DE_LAS_ARMAS_NUCLEARES_1_Cast.jpg","contentUrl":"https:\/\/www.pressenza.com\/wp-content\/uploads\/2018\/05\/TRATADO_DE_PROHIBICION_DE_LAS_ARMAS_NUCLEARES_1_Cast.jpg","width":1024,"height":768},{"@type":"BreadcrumbList","@id":"https:\/\/www.pressenza.com\/es\/2020\/06\/covid-19-y-armas-nucleares\/#breadcrumb","itemListElement":[{"@type":"ListItem","position":1,"name":"Accueil","item":"https:\/\/www.pressenza.com\/es\/"},{"@type":"ListItem","position":2,"name":"Covid-19 y armas nucleares"}]},{"@type":"WebSite","@id":"https:\/\/www.pressenza.com\/es\/#website","url":"https:\/\/www.pressenza.com\/es\/","name":"Pressenza","description":"International Press Agency","publisher":{"@id":"https:\/\/www.pressenza.com\/es\/#organization"},"potentialAction":[{"@type":"SearchAction","target":{"@type":"EntryPoint","urlTemplate":"https:\/\/www.pressenza.com\/es\/?s={search_term_string}"},"query-input":{"@type":"PropertyValueSpecification","valueRequired":true,"valueName":"search_term_string"}}],"inLanguage":"es"},{"@type":"Organization","@id":"https:\/\/www.pressenza.com\/es\/#organization","name":"Pressenza","url":"https:\/\/www.pressenza.com\/es\/","logo":{"@type":"ImageObject","inLanguage":"es","@id":"https:\/\/www.pressenza.com\/es\/#\/schema\/logo\/image\/","url":"https:\/\/www.pressenza.com\/wp-content\/uploads\/2022\/10\/pressenza_logo_200x200.jpg","contentUrl":"https:\/\/www.pressenza.com\/wp-content\/uploads\/2022\/10\/pressenza_logo_200x200.jpg","width":200,"height":200,"caption":"Pressenza"},"image":{"@id":"https:\/\/www.pressenza.com\/es\/#\/schema\/logo\/image\/"},"sameAs":["https:\/\/www.facebook.com\/PressenzaItalia","https:\/\/x.com\/PressenzaIPA"]},{"@type":"Person","@id":"https:\/\/www.pressenza.com\/es\/#\/schema\/person\/fffbbe2f14495897417f313a954dae23","name":"Redacci\u00f3n Espa\u00f1a","url":"https:\/\/www.pressenza.com\/es\/author\/redaccion-espana\/"}]}},"place":"San Jos\u00e9 de Costa Rica","original_article_url":"","_links":{"self":[{"href":"https:\/\/www.pressenza.com\/es\/wp-json\/wp\/v2\/posts\/1132235","targetHints":{"allow":["GET"]}}],"collection":[{"href":"https:\/\/www.pressenza.com\/es\/wp-json\/wp\/v2\/posts"}],"about":[{"href":"https:\/\/www.pressenza.com\/es\/wp-json\/wp\/v2\/types\/post"}],"author":[{"embeddable":true,"href":"https:\/\/www.pressenza.com\/es\/wp-json\/wp\/v2\/users\/1681"}],"replies":[{"embeddable":true,"href":"https:\/\/www.pressenza.com\/es\/wp-json\/wp\/v2\/comments?post=1132235"}],"version-history":[{"count":0,"href":"https:\/\/www.pressenza.com\/es\/wp-json\/wp\/v2\/posts\/1132235\/revisions"}],"wp:featuredmedia":[{"embeddable":true,"href":"https:\/\/www.pressenza.com\/es\/wp-json\/wp\/v2\/media\/638430"}],"wp:attachment":[{"href":"https:\/\/www.pressenza.com\/es\/wp-json\/wp\/v2\/media?parent=1132235"}],"wp:term":[{"taxonomy":"category","embeddable":true,"href":"https:\/\/www.pressenza.com\/es\/wp-json\/wp\/v2\/categories?post=1132235"},{"taxonomy":"post_tag","embeddable":true,"href":"https:\/\/www.pressenza.com\/es\/wp-json\/wp\/v2\/tags?post=1132235"}],"curies":[{"name":"wp","href":"https:\/\/api.w.org\/{rel}","templated":true}]}}