{"id":1130905,"date":"2020-06-08T23:47:04","date_gmt":"2020-06-08T22:47:04","guid":{"rendered":"https:\/\/www.pressenza.com\/?p=1130905"},"modified":"2020-06-08T23:47:04","modified_gmt":"2020-06-08T22:47:04","slug":"nueva-york-reduce-recursos-a-policia-para-destinarlos-a-servicios-sociales-y-juventud","status":"publish","type":"post","link":"https:\/\/www.pressenza.com\/es\/2020\/06\/nueva-york-reduce-recursos-a-policia-para-destinarlos-a-servicios-sociales-y-juventud\/","title":{"rendered":"Nueva York reduce recursos a Polic\u00eda para destinarlos a servicios sociales y juventud"},"content":{"rendered":"<p>Nueva York resolvi\u00f3 aplicar una serie de reformas a los asuntos policiales, los que incluyen reducir los fondos del presupuesto para financiar en cambio servicios para la juventud, retirando al mismo tiempo las facultades de los agentes para controlar el comercio callejero.<\/p>\n<p>Los cambios anunciados ayer domingo, se producen cuando el pa\u00eds registra masivas protestas en contra de la violencia policial, aun cuando surgen de un grupo de trabajo sobre inclusi\u00f3n racial que ya se hab\u00eda puesto a trabajar con anterioridad en la Municipalidad.<\/p>\n<p>El alcalde Bill de Blasio, se\u00f1al\u00f3 que estas reformas representan solamente una peque\u00f1a parte de los distintos cambios necesarios a la Polic\u00eda, los que se ha comprometido a realizar durante el a\u00f1o y medio que le queda en su cargo. Anunci\u00f3 el recorte de fondos que son destinados a la Polic\u00eda para utilizarlos en el financiamiento de iniciativas para la juventud y los servicios sociales. Aunque no detall\u00f3 de cu\u00e1nto dinero se trata, dijo que ser\u00e1 precisado en las negociaciones del presupuesto municipal que tendr\u00e1n lugar en las pr\u00f3ximas semanas.<\/p>\n<p>\u00daltimamente el slogan \u00abDefund the Police\u00bb (Retiren los fondos a la Polic\u00eda) se difunde con fuerza en las manifestaciones norteamericanas, un reclamo contra el dinero que se destina a las fuerzas del orden. Incluso hay muchos que hoy sostienen que \u00e9stas deber\u00edan eliminarse completamente y su trabajo ser asumido por otro tipo de agencias.<\/p>\n<p>El Alcalde De Blasio anunci\u00f3 adem\u00e1s que el Departamento de Polic\u00eda de Nueva York dejar\u00e1 de ser el encargado de controlar al comercio callejero y que la responsabilidad pasar\u00e1 a una agencia civil.<\/p>\n<p>El objetivo, explic\u00f3, es que la gesti\u00f3n de posibles violaciones de las normas que regulan este tipo de actividades no requiera la presencia de agentes, que normalmente termina en problemas mayores o con personas detenidas. El Alcalde record\u00f3 que la venta de comida o productos en las calles es una oportunidad de sobrevivencia para muchos inmigrantes y personas de color y que debe facilitarse.<\/p>\n<p>Finalmente, De Blasio defendi\u00f3 la necesidad de reformar la ley que mantiene los expedientes disciplinarios de los agentes como secretos -cambio que se est\u00e1 discutiendo a nivel estatal- y anunci\u00f3 una iniciativa para designar \u00abembajadores\u00bb de las comunidades que act\u00faen como contacto con la Polic\u00eda.<\/p>\n<p>El Alcalde progresista ha introducido importantes cambios, pese a haberse enfrentado a fuertes resistencias de parte de los sindicatos de agentes policiales.<\/p>\n<p>Este domingo, el personero defendi\u00f3 su historial, destacando el enorme descenso en el n\u00famero de arrestos y el fin de pr\u00e1cticas policiales que discriminaban continuamente a afroamericanos y latinos.<\/p>\n<p>Confirm\u00f3 tambi\u00e9n que se est\u00e1n investigando varios supuestos abusos cometidos por agentes como respuesta a las protestas de estos \u00faltimos d\u00edas y que los protagonistas han sido suspendidos o reasignados temporalmente.<\/p>\n","protected":false},"excerpt":{"rendered":"<p>Nueva York resolvi\u00f3 aplicar una serie de reformas a los asuntos policiales, los que incluyen reducir los fondos del presupuesto para financiar en cambio servicios para la juventud, retirando al mismo tiempo las facultades de los agentes para controlar el&hellip;<\/p>\n","protected":false},"author":1126,"featured_media":1130947,"comment_status":"closed","ping_status":"closed","sticky":false,"template":"","format":"standard","meta":{"footnotes":""},"categories":[11389,68,1243],"tags":[77021,17361,16058,77022],"class_list":["post-1130905","post","type-post","status-publish","format-standard","has-post-thumbnail","hentry","category-contenido-original","category-norteamerica","category-paz-desarme","tag-alcalde-de-blasio","tag-nueva-york","tag-policia-es","tag-reduccion-presupuestaria"],"yoast_head":"<!-- This site is optimized with the Yoast SEO plugin v27.1.1 - https:\/\/yoast.com\/product\/yoast-seo-wordpress\/ -->\n<title>Nueva York reduce recursos a Polic\u00eda para destinarlos a servicios sociales y juventud<\/title>\n<meta name=\"description\" content=\"Nueva York reduce recursos a Polic\u00eda para destinarlos a servicios sociales y juventud\" \/>\n<meta name=\"robots\" content=\"index, follow, max-snippet:-1, max-image-preview:large, max-video-preview:-1\" \/>\n<link rel=\"canonical\" href=\"https:\/\/www.pressenza.com\/es\/2020\/06\/nueva-york-reduce-recursos-a-policia-para-destinarlos-a-servicios-sociales-y-juventud\/\" \/>\n<meta property=\"og:locale\" content=\"es_ES\" \/>\n<meta property=\"og:type\" content=\"article\" \/>\n<meta property=\"og:title\" content=\"Nueva York reduce recursos a Polic\u00eda para destinarlos a servicios sociales y juventud\" \/>\n<meta property=\"og:description\" content=\"Nueva York reduce recursos a Polic\u00eda para destinarlos a servicios sociales y juventud\" \/>\n<meta property=\"og:url\" content=\"https:\/\/www.pressenza.com\/es\/2020\/06\/nueva-york-reduce-recursos-a-policia-para-destinarlos-a-servicios-sociales-y-juventud\/\" \/>\n<meta property=\"og:site_name\" content=\"Pressenza\" \/>\n<meta property=\"article:publisher\" content=\"https:\/\/www.facebook.com\/PressenzaItalia\" \/>\n<meta property=\"article:author\" content=\"https:\/\/www.facebook.com\/PressenzaEnglish\/\" \/>\n<meta property=\"article:published_time\" content=\"2020-06-08T22:47:04+00:00\" \/>\n<meta property=\"og:image\" content=\"https:\/\/www.pressenza.com\/wp-content\/uploads\/2020\/06\/fibonacci-blue3.jpg\" \/>\n\t<meta property=\"og:image:width\" content=\"1024\" \/>\n\t<meta property=\"og:image:height\" content=\"576\" \/>\n\t<meta property=\"og:image:type\" content=\"image\/jpeg\" \/>\n<meta name=\"author\" content=\"Pressenza New York\" \/>\n<meta name=\"twitter:card\" content=\"summary_large_image\" \/>\n<meta name=\"twitter:creator\" content=\"@PressenzaIPA\" \/>\n<meta name=\"twitter:site\" content=\"@PressenzaIPA\" \/>\n<meta name=\"twitter:label1\" content=\"Escrito por\" \/>\n\t<meta name=\"twitter:data1\" content=\"Pressenza New York\" \/>\n\t<meta name=\"twitter:label2\" content=\"Tiempo de lectura\" \/>\n\t<meta name=\"twitter:data2\" content=\"2 minutos\" \/>\n<script type=\"application\/ld+json\" class=\"yoast-schema-graph\">{\"@context\":\"https:\/\/schema.org\",\"@graph\":[{\"@type\":\"Article\",\"@id\":\"https:\/\/www.pressenza.com\/es\/2020\/06\/nueva-york-reduce-recursos-a-policia-para-destinarlos-a-servicios-sociales-y-juventud\/#article\",\"isPartOf\":{\"@id\":\"https:\/\/www.pressenza.com\/es\/2020\/06\/nueva-york-reduce-recursos-a-policia-para-destinarlos-a-servicios-sociales-y-juventud\/\"},\"author\":{\"name\":\"Pressenza New York\",\"@id\":\"https:\/\/www.pressenza.com\/es\/#\/schema\/person\/75ff8ec4b4b03f1d2da977bba83672b3\"},\"headline\":\"Nueva York reduce recursos a Polic\u00eda para destinarlos a servicios sociales y juventud\",\"datePublished\":\"2020-06-08T22:47:04+00:00\",\"mainEntityOfPage\":{\"@id\":\"https:\/\/www.pressenza.com\/es\/2020\/06\/nueva-york-reduce-recursos-a-policia-para-destinarlos-a-servicios-sociales-y-juventud\/\"},\"wordCount\":489,\"publisher\":{\"@id\":\"https:\/\/www.pressenza.com\/es\/#organization\"},\"image\":{\"@id\":\"https:\/\/www.pressenza.com\/es\/2020\/06\/nueva-york-reduce-recursos-a-policia-para-destinarlos-a-servicios-sociales-y-juventud\/#primaryimage\"},\"thumbnailUrl\":\"https:\/\/www.pressenza.com\/wp-content\/uploads\/2020\/06\/fibonacci-blue3.jpg\",\"keywords\":[\"Alcalde De Blasio\",\"Nueva York\",\"policia\",\"reducci\u00f3n presupuestaria\"],\"articleSection\":[\"Contenido Original\",\"Norteam\u00e9rica\",\"Paz y Desarme\"],\"inLanguage\":\"es\"},{\"@type\":\"WebPage\",\"@id\":\"https:\/\/www.pressenza.com\/es\/2020\/06\/nueva-york-reduce-recursos-a-policia-para-destinarlos-a-servicios-sociales-y-juventud\/\",\"url\":\"https:\/\/www.pressenza.com\/es\/2020\/06\/nueva-york-reduce-recursos-a-policia-para-destinarlos-a-servicios-sociales-y-juventud\/\",\"name\":\"Nueva York reduce recursos a Polic\u00eda para destinarlos a servicios sociales y juventud\",\"isPartOf\":{\"@id\":\"https:\/\/www.pressenza.com\/es\/#website\"},\"primaryImageOfPage\":{\"@id\":\"https:\/\/www.pressenza.com\/es\/2020\/06\/nueva-york-reduce-recursos-a-policia-para-destinarlos-a-servicios-sociales-y-juventud\/#primaryimage\"},\"image\":{\"@id\":\"https:\/\/www.pressenza.com\/es\/2020\/06\/nueva-york-reduce-recursos-a-policia-para-destinarlos-a-servicios-sociales-y-juventud\/#primaryimage\"},\"thumbnailUrl\":\"https:\/\/www.pressenza.com\/wp-content\/uploads\/2020\/06\/fibonacci-blue3.jpg\",\"datePublished\":\"2020-06-08T22:47:04+00:00\",\"description\":\"Nueva York reduce recursos a Polic\u00eda para destinarlos a servicios sociales y juventud\",\"breadcrumb\":{\"@id\":\"https:\/\/www.pressenza.com\/es\/2020\/06\/nueva-york-reduce-recursos-a-policia-para-destinarlos-a-servicios-sociales-y-juventud\/#breadcrumb\"},\"inLanguage\":\"es\",\"potentialAction\":[{\"@type\":\"ReadAction\",\"target\":[\"https:\/\/www.pressenza.com\/es\/2020\/06\/nueva-york-reduce-recursos-a-policia-para-destinarlos-a-servicios-sociales-y-juventud\/\"]}]},{\"@type\":\"ImageObject\",\"inLanguage\":\"es\",\"@id\":\"https:\/\/www.pressenza.com\/es\/2020\/06\/nueva-york-reduce-recursos-a-policia-para-destinarlos-a-servicios-sociales-y-juventud\/#primaryimage\",\"url\":\"https:\/\/www.pressenza.com\/wp-content\/uploads\/2020\/06\/fibonacci-blue3.jpg\",\"contentUrl\":\"https:\/\/www.pressenza.com\/wp-content\/uploads\/2020\/06\/fibonacci-blue3.jpg\",\"width\":1024,\"height\":576},{\"@type\":\"BreadcrumbList\",\"@id\":\"https:\/\/www.pressenza.com\/es\/2020\/06\/nueva-york-reduce-recursos-a-policia-para-destinarlos-a-servicios-sociales-y-juventud\/#breadcrumb\",\"itemListElement\":[{\"@type\":\"ListItem\",\"position\":1,\"name\":\"Accueil\",\"item\":\"https:\/\/www.pressenza.com\/es\/\"},{\"@type\":\"ListItem\",\"position\":2,\"name\":\"Nueva York reduce recursos a Polic\u00eda para destinarlos a servicios sociales y juventud\"}]},{\"@type\":\"WebSite\",\"@id\":\"https:\/\/www.pressenza.com\/es\/#website\",\"url\":\"https:\/\/www.pressenza.com\/es\/\",\"name\":\"Pressenza\",\"description\":\"International Press Agency\",\"publisher\":{\"@id\":\"https:\/\/www.pressenza.com\/es\/#organization\"},\"potentialAction\":[{\"@type\":\"SearchAction\",\"target\":{\"@type\":\"EntryPoint\",\"urlTemplate\":\"https:\/\/www.pressenza.com\/es\/?s={search_term_string}\"},\"query-input\":{\"@type\":\"PropertyValueSpecification\",\"valueRequired\":true,\"valueName\":\"search_term_string\"}}],\"inLanguage\":\"es\"},{\"@type\":\"Organization\",\"@id\":\"https:\/\/www.pressenza.com\/es\/#organization\",\"name\":\"Pressenza\",\"url\":\"https:\/\/www.pressenza.com\/es\/\",\"logo\":{\"@type\":\"ImageObject\",\"inLanguage\":\"es\",\"@id\":\"https:\/\/www.pressenza.com\/es\/#\/schema\/logo\/image\/\",\"url\":\"https:\/\/www.pressenza.com\/wp-content\/uploads\/2022\/10\/pressenza_logo_200x200.jpg\",\"contentUrl\":\"https:\/\/www.pressenza.com\/wp-content\/uploads\/2022\/10\/pressenza_logo_200x200.jpg\",\"width\":200,\"height\":200,\"caption\":\"Pressenza\"},\"image\":{\"@id\":\"https:\/\/www.pressenza.com\/es\/#\/schema\/logo\/image\/\"},\"sameAs\":[\"https:\/\/www.facebook.com\/PressenzaItalia\",\"https:\/\/x.com\/PressenzaIPA\"]},{\"@type\":\"Person\",\"@id\":\"https:\/\/www.pressenza.com\/es\/#\/schema\/person\/75ff8ec4b4b03f1d2da977bba83672b3\",\"name\":\"Pressenza New York\",\"description\":\"News from the Pressenza Bureau in New York, United States\",\"sameAs\":[\"https:\/\/www.facebook.com\/PressenzaEnglish\/\",\"https:\/\/x.com\/PressenzaIPA\"],\"url\":\"https:\/\/www.pressenza.com\/es\/author\/pressenza-new-york\/\"}]}<\/script>\n<!-- \/ Yoast SEO plugin. -->","yoast_head_json":{"title":"Nueva York reduce recursos a Polic\u00eda para destinarlos a servicios sociales y juventud","description":"Nueva York reduce recursos a Polic\u00eda para destinarlos a servicios sociales y juventud","robots":{"index":"index","follow":"follow","max-snippet":"max-snippet:-1","max-image-preview":"max-image-preview:large","max-video-preview":"max-video-preview:-1"},"canonical":"https:\/\/www.pressenza.com\/es\/2020\/06\/nueva-york-reduce-recursos-a-policia-para-destinarlos-a-servicios-sociales-y-juventud\/","og_locale":"es_ES","og_type":"article","og_title":"Nueva York reduce recursos a Polic\u00eda para destinarlos a servicios sociales y juventud","og_description":"Nueva York reduce recursos a Polic\u00eda para destinarlos a servicios sociales y juventud","og_url":"https:\/\/www.pressenza.com\/es\/2020\/06\/nueva-york-reduce-recursos-a-policia-para-destinarlos-a-servicios-sociales-y-juventud\/","og_site_name":"Pressenza","article_publisher":"https:\/\/www.facebook.com\/PressenzaItalia","article_author":"https:\/\/www.facebook.com\/PressenzaEnglish\/","article_published_time":"2020-06-08T22:47:04+00:00","og_image":[{"width":1024,"height":576,"url":"https:\/\/www.pressenza.com\/wp-content\/uploads\/2020\/06\/fibonacci-blue3.jpg","type":"image\/jpeg"}],"author":"Pressenza New York","twitter_card":"summary_large_image","twitter_creator":"@PressenzaIPA","twitter_site":"@PressenzaIPA","twitter_misc":{"Escrito por":"Pressenza New York","Tiempo de lectura":"2 minutos"},"schema":{"@context":"https:\/\/schema.org","@graph":[{"@type":"Article","@id":"https:\/\/www.pressenza.com\/es\/2020\/06\/nueva-york-reduce-recursos-a-policia-para-destinarlos-a-servicios-sociales-y-juventud\/#article","isPartOf":{"@id":"https:\/\/www.pressenza.com\/es\/2020\/06\/nueva-york-reduce-recursos-a-policia-para-destinarlos-a-servicios-sociales-y-juventud\/"},"author":{"name":"Pressenza New York","@id":"https:\/\/www.pressenza.com\/es\/#\/schema\/person\/75ff8ec4b4b03f1d2da977bba83672b3"},"headline":"Nueva York reduce recursos a Polic\u00eda para destinarlos a servicios sociales y juventud","datePublished":"2020-06-08T22:47:04+00:00","mainEntityOfPage":{"@id":"https:\/\/www.pressenza.com\/es\/2020\/06\/nueva-york-reduce-recursos-a-policia-para-destinarlos-a-servicios-sociales-y-juventud\/"},"wordCount":489,"publisher":{"@id":"https:\/\/www.pressenza.com\/es\/#organization"},"image":{"@id":"https:\/\/www.pressenza.com\/es\/2020\/06\/nueva-york-reduce-recursos-a-policia-para-destinarlos-a-servicios-sociales-y-juventud\/#primaryimage"},"thumbnailUrl":"https:\/\/www.pressenza.com\/wp-content\/uploads\/2020\/06\/fibonacci-blue3.jpg","keywords":["Alcalde De Blasio","Nueva York","policia","reducci\u00f3n presupuestaria"],"articleSection":["Contenido Original","Norteam\u00e9rica","Paz y Desarme"],"inLanguage":"es"},{"@type":"WebPage","@id":"https:\/\/www.pressenza.com\/es\/2020\/06\/nueva-york-reduce-recursos-a-policia-para-destinarlos-a-servicios-sociales-y-juventud\/","url":"https:\/\/www.pressenza.com\/es\/2020\/06\/nueva-york-reduce-recursos-a-policia-para-destinarlos-a-servicios-sociales-y-juventud\/","name":"Nueva York reduce recursos a Polic\u00eda para destinarlos a servicios sociales y juventud","isPartOf":{"@id":"https:\/\/www.pressenza.com\/es\/#website"},"primaryImageOfPage":{"@id":"https:\/\/www.pressenza.com\/es\/2020\/06\/nueva-york-reduce-recursos-a-policia-para-destinarlos-a-servicios-sociales-y-juventud\/#primaryimage"},"image":{"@id":"https:\/\/www.pressenza.com\/es\/2020\/06\/nueva-york-reduce-recursos-a-policia-para-destinarlos-a-servicios-sociales-y-juventud\/#primaryimage"},"thumbnailUrl":"https:\/\/www.pressenza.com\/wp-content\/uploads\/2020\/06\/fibonacci-blue3.jpg","datePublished":"2020-06-08T22:47:04+00:00","description":"Nueva York reduce recursos a Polic\u00eda para destinarlos a servicios sociales y juventud","breadcrumb":{"@id":"https:\/\/www.pressenza.com\/es\/2020\/06\/nueva-york-reduce-recursos-a-policia-para-destinarlos-a-servicios-sociales-y-juventud\/#breadcrumb"},"inLanguage":"es","potentialAction":[{"@type":"ReadAction","target":["https:\/\/www.pressenza.com\/es\/2020\/06\/nueva-york-reduce-recursos-a-policia-para-destinarlos-a-servicios-sociales-y-juventud\/"]}]},{"@type":"ImageObject","inLanguage":"es","@id":"https:\/\/www.pressenza.com\/es\/2020\/06\/nueva-york-reduce-recursos-a-policia-para-destinarlos-a-servicios-sociales-y-juventud\/#primaryimage","url":"https:\/\/www.pressenza.com\/wp-content\/uploads\/2020\/06\/fibonacci-blue3.jpg","contentUrl":"https:\/\/www.pressenza.com\/wp-content\/uploads\/2020\/06\/fibonacci-blue3.jpg","width":1024,"height":576},{"@type":"BreadcrumbList","@id":"https:\/\/www.pressenza.com\/es\/2020\/06\/nueva-york-reduce-recursos-a-policia-para-destinarlos-a-servicios-sociales-y-juventud\/#breadcrumb","itemListElement":[{"@type":"ListItem","position":1,"name":"Accueil","item":"https:\/\/www.pressenza.com\/es\/"},{"@type":"ListItem","position":2,"name":"Nueva York reduce recursos a Polic\u00eda para destinarlos a servicios sociales y juventud"}]},{"@type":"WebSite","@id":"https:\/\/www.pressenza.com\/es\/#website","url":"https:\/\/www.pressenza.com\/es\/","name":"Pressenza","description":"International Press Agency","publisher":{"@id":"https:\/\/www.pressenza.com\/es\/#organization"},"potentialAction":[{"@type":"SearchAction","target":{"@type":"EntryPoint","urlTemplate":"https:\/\/www.pressenza.com\/es\/?s={search_term_string}"},"query-input":{"@type":"PropertyValueSpecification","valueRequired":true,"valueName":"search_term_string"}}],"inLanguage":"es"},{"@type":"Organization","@id":"https:\/\/www.pressenza.com\/es\/#organization","name":"Pressenza","url":"https:\/\/www.pressenza.com\/es\/","logo":{"@type":"ImageObject","inLanguage":"es","@id":"https:\/\/www.pressenza.com\/es\/#\/schema\/logo\/image\/","url":"https:\/\/www.pressenza.com\/wp-content\/uploads\/2022\/10\/pressenza_logo_200x200.jpg","contentUrl":"https:\/\/www.pressenza.com\/wp-content\/uploads\/2022\/10\/pressenza_logo_200x200.jpg","width":200,"height":200,"caption":"Pressenza"},"image":{"@id":"https:\/\/www.pressenza.com\/es\/#\/schema\/logo\/image\/"},"sameAs":["https:\/\/www.facebook.com\/PressenzaItalia","https:\/\/x.com\/PressenzaIPA"]},{"@type":"Person","@id":"https:\/\/www.pressenza.com\/es\/#\/schema\/person\/75ff8ec4b4b03f1d2da977bba83672b3","name":"Pressenza New York","description":"News from the Pressenza Bureau in New York, United States","sameAs":["https:\/\/www.facebook.com\/PressenzaEnglish\/","https:\/\/x.com\/PressenzaIPA"],"url":"https:\/\/www.pressenza.com\/es\/author\/pressenza-new-york\/"}]}},"place":"Nueva York","original_article_url":"","_links":{"self":[{"href":"https:\/\/www.pressenza.com\/es\/wp-json\/wp\/v2\/posts\/1130905","targetHints":{"allow":["GET"]}}],"collection":[{"href":"https:\/\/www.pressenza.com\/es\/wp-json\/wp\/v2\/posts"}],"about":[{"href":"https:\/\/www.pressenza.com\/es\/wp-json\/wp\/v2\/types\/post"}],"author":[{"embeddable":true,"href":"https:\/\/www.pressenza.com\/es\/wp-json\/wp\/v2\/users\/1126"}],"replies":[{"embeddable":true,"href":"https:\/\/www.pressenza.com\/es\/wp-json\/wp\/v2\/comments?post=1130905"}],"version-history":[{"count":0,"href":"https:\/\/www.pressenza.com\/es\/wp-json\/wp\/v2\/posts\/1130905\/revisions"}],"wp:featuredmedia":[{"embeddable":true,"href":"https:\/\/www.pressenza.com\/es\/wp-json\/wp\/v2\/media\/1130947"}],"wp:attachment":[{"href":"https:\/\/www.pressenza.com\/es\/wp-json\/wp\/v2\/media?parent=1130905"}],"wp:term":[{"taxonomy":"category","embeddable":true,"href":"https:\/\/www.pressenza.com\/es\/wp-json\/wp\/v2\/categories?post=1130905"},{"taxonomy":"post_tag","embeddable":true,"href":"https:\/\/www.pressenza.com\/es\/wp-json\/wp\/v2\/tags?post=1130905"}],"curies":[{"name":"wp","href":"https:\/\/api.w.org\/{rel}","templated":true}]}}