{"id":1124615,"date":"2020-06-03T08:34:28","date_gmt":"2020-06-03T07:34:28","guid":{"rendered":"https:\/\/www.pressenza.com\/?p=1124615"},"modified":"2020-06-03T08:34:28","modified_gmt":"2020-06-03T07:34:28","slug":"la-batalla-por-la-democracia-internacional-se-esta-librando-hoy-en-estados-unidos","status":"publish","type":"post","link":"https:\/\/www.pressenza.com\/es\/2020\/06\/la-batalla-por-la-democracia-internacional-se-esta-librando-hoy-en-estados-unidos\/","title":{"rendered":"La batalla por la democracia internacional se est\u00e1 librando hoy en Estados Unidos"},"content":{"rendered":"<blockquote>\n<p class=\"entry-title\">Con motivo de la muerte de George Floyd y las movilizaciones de la ciudadan\u00eda estadounidense, el partido pol\u00edtico espa\u00f1ol PODEMOS -que gobierna el pa\u00eds junto al partido socialista- ha hecho un llamado internacional a posicionarse contra lo que representan las pol\u00edticas antidemocr\u00e1ticas de Donald Trump en EEUU y que ha exportado a otros puntos del planeta como Brasil, India, Filipinas o Espa\u00f1a.<\/p>\n<p class=\"entry-title\">\u00abNecesitamos defender la democracia, los derechos humanos, la igualdad entre hombres y mujeres, la justicia social y el planeta, que es nuestra casa com\u00fan, como base para garantizar un proyecto con futuro. Nos va la vida en ello\u00bb, dicen en un comunicado que reproducimos textualmente.<\/p>\n<\/blockquote>\n<p>&nbsp;<\/p>\n<p><strong>PODEMOS<\/strong><\/p>\n<div class=\"post-content\">\n<p align=\"justify\">El asesinato de George Floyd a manos de un polic\u00eda de Minnesota, en un acto de brutalidad policial que ha podido ver todo el planeta, ha desencadenado una serie de protestas contra el racismo institucional en Estados Unidos como las que no se recordaban en d\u00e9cadas. Este asesinato no es sino la expresi\u00f3n \u00faltima y m\u00e1s violenta de un sistema social profundamente desigual y racista, que hace que las personas afroamericanas ganasen en 2016 un 30 % menos que las personas blancas, un porcentaje mayor que hace cuarenta a\u00f1os, o que tengan m\u00e1s del triple de posibilidades de ir a la c\u00e1rcel que las personas blancas. La respuesta policial a las manifestaciones ha sido, en la mayor parte de los casos, de gran violencia, lo que ha producido ya nuevas muertes y encendido todav\u00eda m\u00e1s los \u00e1nimos de los manifestantes y de buena parte del pa\u00eds.<\/p>\n<p align=\"justify\">Si bien algunos alcaldes y gobernadores han tratado de calmar los \u00e1nimos con declaraciones y respuestas m\u00e1s conciliadoras, Donald Trump ha decidido utilizar las protestas para polarizar la sociedad estadounidense con el objetivo de erigirse en protector de una minor\u00eda (blanca, de clase media-alta y supremacista) frente a la oposici\u00f3n pol\u00edtica ahora en la calle. Para ello, ha anunciado la ilegalizaci\u00f3n del movimiento Antifa, el nombre que el antifascismo toma en Estados Unidos, en una acci\u00f3n dirigida a crear un enemigo interno que justifique la militarizaci\u00f3n y la excepcionalidad que pretende llevar a cabo.<\/p>\n<p align=\"justify\">Esta estrategia, abiertamente enfocada a las elecciones de noviembre y a oscurecer su nefasta gesti\u00f3n de la pandemia del coronavirus y los malos datos econ\u00f3micos, dio anoche un \u00faltimo giro de tuerca. En un discurso que se esperaba de apaciguamiento, Trump volvi\u00f3 a invocar una ley de 1807 para incidir en que est\u00e1 dispuesto a desplegar al Ej\u00e9rcito estadounidense en los estados y ciudades que no repriman las protestas, aun en contra de la voluntad de sus autoridades.<\/p>\n<p align=\"justify\">Con esta respuesta, Donald Trump ha decidido jugarse la estabilidad democr\u00e1tica y social de Estados Unidos para alcanzar la reelecci\u00f3n en noviembre. Con sus declaraciones y actos, abiertamente racistas y orientados a generar m\u00e1s tensi\u00f3n y violencia en la sociedad estadounidense, pretende generar un conflicto entre su base social, disciplinada por el miedo, y un enemigo interno que incluye a las personas de minor\u00edas raciales y los movimientos progresistas y por los derechos civiles que est\u00e1n protagonizando las movilizaciones.<\/p>\n<p align=\"justify\">Hemos denunciado, pr\u00e1cticamente desde su llegada al poder, que Donald Trump supon\u00eda un peligro para la democracia estadounidense y para la pol\u00edtica internacional. Ahora mismo est\u00e1 haciendo con su pueblo lo que lleva tres a\u00f1os haciendo con el resto del planeta: amenazar, dividir y polarizar a quien en cada momento ven\u00eda bien a sus intereses. No es casual que, en este ambiente internacional, se hayan multiplicado los hombres ultras como \u00e9l (Bolsonaro en Brasil, Modi en la India o Duterte en Filipinas), quienes, a base de mentiras y miedo inducido, est\u00e1n acabando con el Estado de derecho y las bases de la democracia en sus pa\u00edses y amenazan con hacerlo en otros. Sin ir m\u00e1s lejos, en nuestro pa\u00eds, Santiago Abascal se ha apresurado a apoyar a Trump en esta clausura de la democracia.<\/p>\n<p align=\"justify\">Por eso, la comunidad internacional no puede quedarse mirando mientras deja hacer al presidente de Estados Unidos. Una vez m\u00e1s, han sido sus ciudadanos y la sociedad organizada quienes han salido a plantar cara, y seremos la ciudadan\u00eda y los pueblos del mundo quienes tendremos que salir a defender los l\u00edmites. El antifascismo es una condici\u00f3n necesaria para la democracia. La lucha contra el racismo, el machismo y el clasismo que representan Donald Trump, Bolsonaro o Abascal es una necesidad hist\u00f3rica para todas las personas que aspiran a vivir en una sociedad decente y con derechos. Hoy en Estados Unidos, y en el futuro en cualquier otro lugar del mundo, Podemos estar\u00e1 siempre enfrente de \u00ablos Donald Trump\u00bb del planeta, de sus pol\u00edticas y de lo que representan. Necesitamos defender la democracia, los derechos humanos, la igualdad entre hombres y mujeres, la justicia social y el planeta, que es nuestra casa com\u00fan, como base para garantizar un proyecto con futuro. Nos va la vida en ello.<\/p>\n<\/div>\n","protected":false},"excerpt":{"rendered":"<p>Con motivo de la muerte de George Floyd y las movilizaciones de la ciudadan\u00eda estadounidense, el partido pol\u00edtico espa\u00f1ol PODEMOS -que gobierna el pa\u00eds junto al partido socialista- ha hecho un llamado internacional a posicionarse contra lo que representan las&hellip;<\/p>\n","protected":false},"author":1681,"featured_media":1124618,"comment_status":"closed","ping_status":"closed","sticky":false,"template":"","format":"standard","meta":{"footnotes":""},"categories":[11389,39,74],"tags":[696,26187,25705,1065,76720,76348,5126,10642,3098],"class_list":["post-1124615","post","type-post","status-publish","format-standard","has-post-thumbnail","hentry","category-contenido-original","category-internacional","category-politica-es","tag-democracia","tag-donald-trump-es","tag-eeuu","tag-espana","tag-fascismos","tag-george-floyd","tag-manifestaciones","tag-podemos","tag-racismo"],"yoast_head":"<!-- This site is optimized with the Yoast SEO plugin v27.1.1 - https:\/\/yoast.com\/product\/yoast-seo-wordpress\/ -->\n<title>La batalla por la democracia internacional se est\u00e1 librando hoy en Estados Unidos<\/title>\n<meta name=\"description\" content=\"Con motivo de la muerte de George Floyd y las movilizaciones de la ciudadan\u00eda estadounidense, el partido pol\u00edtico espa\u00f1ol PODEMOS -que gobierna el pa\u00eds\" \/>\n<meta name=\"robots\" content=\"index, follow, max-snippet:-1, max-image-preview:large, max-video-preview:-1\" \/>\n<link rel=\"canonical\" href=\"https:\/\/www.pressenza.com\/es\/2020\/06\/la-batalla-por-la-democracia-internacional-se-esta-librando-hoy-en-estados-unidos\/\" \/>\n<meta property=\"og:locale\" content=\"es_ES\" \/>\n<meta property=\"og:type\" content=\"article\" \/>\n<meta property=\"og:title\" content=\"La batalla por la democracia internacional se est\u00e1 librando hoy en Estados Unidos\" \/>\n<meta property=\"og:description\" content=\"Con motivo de la muerte de George Floyd y las movilizaciones de la ciudadan\u00eda estadounidense, el partido pol\u00edtico espa\u00f1ol PODEMOS -que gobierna el pa\u00eds\" \/>\n<meta property=\"og:url\" content=\"https:\/\/www.pressenza.com\/es\/2020\/06\/la-batalla-por-la-democracia-internacional-se-esta-librando-hoy-en-estados-unidos\/\" \/>\n<meta property=\"og:site_name\" content=\"Pressenza\" \/>\n<meta property=\"article:publisher\" content=\"https:\/\/www.facebook.com\/PressenzaItalia\" \/>\n<meta property=\"article:published_time\" content=\"2020-06-03T07:34:28+00:00\" \/>\n<meta property=\"og:image\" content=\"https:\/\/www.pressenza.com\/wp-content\/uploads\/2020\/06\/La_batalla_por_la_democracia_se_esta_librando_en_Estados_Unidos.jpg\" \/>\n\t<meta property=\"og:image:width\" content=\"960\" \/>\n\t<meta property=\"og:image:height\" content=\"720\" \/>\n\t<meta property=\"og:image:type\" content=\"image\/jpeg\" \/>\n<meta name=\"author\" content=\"Redacci\u00f3n Espa\u00f1a\" \/>\n<meta name=\"twitter:card\" content=\"summary_large_image\" \/>\n<meta name=\"twitter:creator\" content=\"@PressenzaIPA\" \/>\n<meta name=\"twitter:site\" content=\"@PressenzaIPA\" \/>\n<meta name=\"twitter:label1\" content=\"Escrito por\" \/>\n\t<meta name=\"twitter:data1\" content=\"Redacci\u00f3n Espa\u00f1a\" \/>\n\t<meta name=\"twitter:label2\" content=\"Tiempo de lectura\" \/>\n\t<meta name=\"twitter:data2\" content=\"4 minutos\" \/>\n<script type=\"application\/ld+json\" class=\"yoast-schema-graph\">{\"@context\":\"https:\/\/schema.org\",\"@graph\":[{\"@type\":\"Article\",\"@id\":\"https:\/\/www.pressenza.com\/es\/2020\/06\/la-batalla-por-la-democracia-internacional-se-esta-librando-hoy-en-estados-unidos\/#article\",\"isPartOf\":{\"@id\":\"https:\/\/www.pressenza.com\/es\/2020\/06\/la-batalla-por-la-democracia-internacional-se-esta-librando-hoy-en-estados-unidos\/\"},\"author\":{\"name\":\"Redacci\u00f3n Espa\u00f1a\",\"@id\":\"https:\/\/www.pressenza.com\/es\/#\/schema\/person\/fffbbe2f14495897417f313a954dae23\"},\"headline\":\"La batalla por la democracia internacional se est\u00e1 librando hoy en Estados Unidos\",\"datePublished\":\"2020-06-03T07:34:28+00:00\",\"mainEntityOfPage\":{\"@id\":\"https:\/\/www.pressenza.com\/es\/2020\/06\/la-batalla-por-la-democracia-internacional-se-esta-librando-hoy-en-estados-unidos\/\"},\"wordCount\":865,\"publisher\":{\"@id\":\"https:\/\/www.pressenza.com\/es\/#organization\"},\"image\":{\"@id\":\"https:\/\/www.pressenza.com\/es\/2020\/06\/la-batalla-por-la-democracia-internacional-se-esta-librando-hoy-en-estados-unidos\/#primaryimage\"},\"thumbnailUrl\":\"https:\/\/www.pressenza.com\/wp-content\/uploads\/2020\/06\/La_batalla_por_la_democracia_se_esta_librando_en_Estados_Unidos.jpg\",\"keywords\":[\"Democracia\",\"Donald Trump\",\"EEUU\",\"Espa\u00f1a\",\"fascismos\",\"George Floyd\",\"Manifestaciones\",\"Podemos\",\"racismo\"],\"articleSection\":[\"Contenido Original\",\"Internacional\",\"Pol\u00edtica\"],\"inLanguage\":\"es\"},{\"@type\":\"WebPage\",\"@id\":\"https:\/\/www.pressenza.com\/es\/2020\/06\/la-batalla-por-la-democracia-internacional-se-esta-librando-hoy-en-estados-unidos\/\",\"url\":\"https:\/\/www.pressenza.com\/es\/2020\/06\/la-batalla-por-la-democracia-internacional-se-esta-librando-hoy-en-estados-unidos\/\",\"name\":\"La batalla por la democracia internacional se est\u00e1 librando hoy en Estados Unidos\",\"isPartOf\":{\"@id\":\"https:\/\/www.pressenza.com\/es\/#website\"},\"primaryImageOfPage\":{\"@id\":\"https:\/\/www.pressenza.com\/es\/2020\/06\/la-batalla-por-la-democracia-internacional-se-esta-librando-hoy-en-estados-unidos\/#primaryimage\"},\"image\":{\"@id\":\"https:\/\/www.pressenza.com\/es\/2020\/06\/la-batalla-por-la-democracia-internacional-se-esta-librando-hoy-en-estados-unidos\/#primaryimage\"},\"thumbnailUrl\":\"https:\/\/www.pressenza.com\/wp-content\/uploads\/2020\/06\/La_batalla_por_la_democracia_se_esta_librando_en_Estados_Unidos.jpg\",\"datePublished\":\"2020-06-03T07:34:28+00:00\",\"description\":\"Con motivo de la muerte de George Floyd y las movilizaciones de la ciudadan\u00eda estadounidense, el partido pol\u00edtico espa\u00f1ol PODEMOS -que gobierna el pa\u00eds\",\"breadcrumb\":{\"@id\":\"https:\/\/www.pressenza.com\/es\/2020\/06\/la-batalla-por-la-democracia-internacional-se-esta-librando-hoy-en-estados-unidos\/#breadcrumb\"},\"inLanguage\":\"es\",\"potentialAction\":[{\"@type\":\"ReadAction\",\"target\":[\"https:\/\/www.pressenza.com\/es\/2020\/06\/la-batalla-por-la-democracia-internacional-se-esta-librando-hoy-en-estados-unidos\/\"]}]},{\"@type\":\"ImageObject\",\"inLanguage\":\"es\",\"@id\":\"https:\/\/www.pressenza.com\/es\/2020\/06\/la-batalla-por-la-democracia-internacional-se-esta-librando-hoy-en-estados-unidos\/#primaryimage\",\"url\":\"https:\/\/www.pressenza.com\/wp-content\/uploads\/2020\/06\/La_batalla_por_la_democracia_se_esta_librando_en_Estados_Unidos.jpg\",\"contentUrl\":\"https:\/\/www.pressenza.com\/wp-content\/uploads\/2020\/06\/La_batalla_por_la_democracia_se_esta_librando_en_Estados_Unidos.jpg\",\"width\":960,\"height\":720},{\"@type\":\"BreadcrumbList\",\"@id\":\"https:\/\/www.pressenza.com\/es\/2020\/06\/la-batalla-por-la-democracia-internacional-se-esta-librando-hoy-en-estados-unidos\/#breadcrumb\",\"itemListElement\":[{\"@type\":\"ListItem\",\"position\":1,\"name\":\"Accueil\",\"item\":\"https:\/\/www.pressenza.com\/es\/\"},{\"@type\":\"ListItem\",\"position\":2,\"name\":\"La batalla por la democracia internacional se est\u00e1 librando hoy en Estados Unidos\"}]},{\"@type\":\"WebSite\",\"@id\":\"https:\/\/www.pressenza.com\/es\/#website\",\"url\":\"https:\/\/www.pressenza.com\/es\/\",\"name\":\"Pressenza\",\"description\":\"International Press Agency\",\"publisher\":{\"@id\":\"https:\/\/www.pressenza.com\/es\/#organization\"},\"potentialAction\":[{\"@type\":\"SearchAction\",\"target\":{\"@type\":\"EntryPoint\",\"urlTemplate\":\"https:\/\/www.pressenza.com\/es\/?s={search_term_string}\"},\"query-input\":{\"@type\":\"PropertyValueSpecification\",\"valueRequired\":true,\"valueName\":\"search_term_string\"}}],\"inLanguage\":\"es\"},{\"@type\":\"Organization\",\"@id\":\"https:\/\/www.pressenza.com\/es\/#organization\",\"name\":\"Pressenza\",\"url\":\"https:\/\/www.pressenza.com\/es\/\",\"logo\":{\"@type\":\"ImageObject\",\"inLanguage\":\"es\",\"@id\":\"https:\/\/www.pressenza.com\/es\/#\/schema\/logo\/image\/\",\"url\":\"https:\/\/www.pressenza.com\/wp-content\/uploads\/2022\/10\/pressenza_logo_200x200.jpg\",\"contentUrl\":\"https:\/\/www.pressenza.com\/wp-content\/uploads\/2022\/10\/pressenza_logo_200x200.jpg\",\"width\":200,\"height\":200,\"caption\":\"Pressenza\"},\"image\":{\"@id\":\"https:\/\/www.pressenza.com\/es\/#\/schema\/logo\/image\/\"},\"sameAs\":[\"https:\/\/www.facebook.com\/PressenzaItalia\",\"https:\/\/x.com\/PressenzaIPA\"]},{\"@type\":\"Person\",\"@id\":\"https:\/\/www.pressenza.com\/es\/#\/schema\/person\/fffbbe2f14495897417f313a954dae23\",\"name\":\"Redacci\u00f3n Espa\u00f1a\",\"url\":\"https:\/\/www.pressenza.com\/es\/author\/redaccion-espana\/\"}]}<\/script>\n<!-- \/ Yoast SEO plugin. -->","yoast_head_json":{"title":"La batalla por la democracia internacional se est\u00e1 librando hoy en Estados Unidos","description":"Con motivo de la muerte de George Floyd y las movilizaciones de la ciudadan\u00eda estadounidense, el partido pol\u00edtico espa\u00f1ol PODEMOS -que gobierna el pa\u00eds","robots":{"index":"index","follow":"follow","max-snippet":"max-snippet:-1","max-image-preview":"max-image-preview:large","max-video-preview":"max-video-preview:-1"},"canonical":"https:\/\/www.pressenza.com\/es\/2020\/06\/la-batalla-por-la-democracia-internacional-se-esta-librando-hoy-en-estados-unidos\/","og_locale":"es_ES","og_type":"article","og_title":"La batalla por la democracia internacional se est\u00e1 librando hoy en Estados Unidos","og_description":"Con motivo de la muerte de George Floyd y las movilizaciones de la ciudadan\u00eda estadounidense, el partido pol\u00edtico espa\u00f1ol PODEMOS -que gobierna el pa\u00eds","og_url":"https:\/\/www.pressenza.com\/es\/2020\/06\/la-batalla-por-la-democracia-internacional-se-esta-librando-hoy-en-estados-unidos\/","og_site_name":"Pressenza","article_publisher":"https:\/\/www.facebook.com\/PressenzaItalia","article_published_time":"2020-06-03T07:34:28+00:00","og_image":[{"width":960,"height":720,"url":"https:\/\/www.pressenza.com\/wp-content\/uploads\/2020\/06\/La_batalla_por_la_democracia_se_esta_librando_en_Estados_Unidos.jpg","type":"image\/jpeg"}],"author":"Redacci\u00f3n Espa\u00f1a","twitter_card":"summary_large_image","twitter_creator":"@PressenzaIPA","twitter_site":"@PressenzaIPA","twitter_misc":{"Escrito por":"Redacci\u00f3n Espa\u00f1a","Tiempo de lectura":"4 minutos"},"schema":{"@context":"https:\/\/schema.org","@graph":[{"@type":"Article","@id":"https:\/\/www.pressenza.com\/es\/2020\/06\/la-batalla-por-la-democracia-internacional-se-esta-librando-hoy-en-estados-unidos\/#article","isPartOf":{"@id":"https:\/\/www.pressenza.com\/es\/2020\/06\/la-batalla-por-la-democracia-internacional-se-esta-librando-hoy-en-estados-unidos\/"},"author":{"name":"Redacci\u00f3n Espa\u00f1a","@id":"https:\/\/www.pressenza.com\/es\/#\/schema\/person\/fffbbe2f14495897417f313a954dae23"},"headline":"La batalla por la democracia internacional se est\u00e1 librando hoy en Estados Unidos","datePublished":"2020-06-03T07:34:28+00:00","mainEntityOfPage":{"@id":"https:\/\/www.pressenza.com\/es\/2020\/06\/la-batalla-por-la-democracia-internacional-se-esta-librando-hoy-en-estados-unidos\/"},"wordCount":865,"publisher":{"@id":"https:\/\/www.pressenza.com\/es\/#organization"},"image":{"@id":"https:\/\/www.pressenza.com\/es\/2020\/06\/la-batalla-por-la-democracia-internacional-se-esta-librando-hoy-en-estados-unidos\/#primaryimage"},"thumbnailUrl":"https:\/\/www.pressenza.com\/wp-content\/uploads\/2020\/06\/La_batalla_por_la_democracia_se_esta_librando_en_Estados_Unidos.jpg","keywords":["Democracia","Donald Trump","EEUU","Espa\u00f1a","fascismos","George Floyd","Manifestaciones","Podemos","racismo"],"articleSection":["Contenido Original","Internacional","Pol\u00edtica"],"inLanguage":"es"},{"@type":"WebPage","@id":"https:\/\/www.pressenza.com\/es\/2020\/06\/la-batalla-por-la-democracia-internacional-se-esta-librando-hoy-en-estados-unidos\/","url":"https:\/\/www.pressenza.com\/es\/2020\/06\/la-batalla-por-la-democracia-internacional-se-esta-librando-hoy-en-estados-unidos\/","name":"La batalla por la democracia internacional se est\u00e1 librando hoy en Estados Unidos","isPartOf":{"@id":"https:\/\/www.pressenza.com\/es\/#website"},"primaryImageOfPage":{"@id":"https:\/\/www.pressenza.com\/es\/2020\/06\/la-batalla-por-la-democracia-internacional-se-esta-librando-hoy-en-estados-unidos\/#primaryimage"},"image":{"@id":"https:\/\/www.pressenza.com\/es\/2020\/06\/la-batalla-por-la-democracia-internacional-se-esta-librando-hoy-en-estados-unidos\/#primaryimage"},"thumbnailUrl":"https:\/\/www.pressenza.com\/wp-content\/uploads\/2020\/06\/La_batalla_por_la_democracia_se_esta_librando_en_Estados_Unidos.jpg","datePublished":"2020-06-03T07:34:28+00:00","description":"Con motivo de la muerte de George Floyd y las movilizaciones de la ciudadan\u00eda estadounidense, el partido pol\u00edtico espa\u00f1ol PODEMOS -que gobierna el pa\u00eds","breadcrumb":{"@id":"https:\/\/www.pressenza.com\/es\/2020\/06\/la-batalla-por-la-democracia-internacional-se-esta-librando-hoy-en-estados-unidos\/#breadcrumb"},"inLanguage":"es","potentialAction":[{"@type":"ReadAction","target":["https:\/\/www.pressenza.com\/es\/2020\/06\/la-batalla-por-la-democracia-internacional-se-esta-librando-hoy-en-estados-unidos\/"]}]},{"@type":"ImageObject","inLanguage":"es","@id":"https:\/\/www.pressenza.com\/es\/2020\/06\/la-batalla-por-la-democracia-internacional-se-esta-librando-hoy-en-estados-unidos\/#primaryimage","url":"https:\/\/www.pressenza.com\/wp-content\/uploads\/2020\/06\/La_batalla_por_la_democracia_se_esta_librando_en_Estados_Unidos.jpg","contentUrl":"https:\/\/www.pressenza.com\/wp-content\/uploads\/2020\/06\/La_batalla_por_la_democracia_se_esta_librando_en_Estados_Unidos.jpg","width":960,"height":720},{"@type":"BreadcrumbList","@id":"https:\/\/www.pressenza.com\/es\/2020\/06\/la-batalla-por-la-democracia-internacional-se-esta-librando-hoy-en-estados-unidos\/#breadcrumb","itemListElement":[{"@type":"ListItem","position":1,"name":"Accueil","item":"https:\/\/www.pressenza.com\/es\/"},{"@type":"ListItem","position":2,"name":"La batalla por la democracia internacional se est\u00e1 librando hoy en Estados Unidos"}]},{"@type":"WebSite","@id":"https:\/\/www.pressenza.com\/es\/#website","url":"https:\/\/www.pressenza.com\/es\/","name":"Pressenza","description":"International Press Agency","publisher":{"@id":"https:\/\/www.pressenza.com\/es\/#organization"},"potentialAction":[{"@type":"SearchAction","target":{"@type":"EntryPoint","urlTemplate":"https:\/\/www.pressenza.com\/es\/?s={search_term_string}"},"query-input":{"@type":"PropertyValueSpecification","valueRequired":true,"valueName":"search_term_string"}}],"inLanguage":"es"},{"@type":"Organization","@id":"https:\/\/www.pressenza.com\/es\/#organization","name":"Pressenza","url":"https:\/\/www.pressenza.com\/es\/","logo":{"@type":"ImageObject","inLanguage":"es","@id":"https:\/\/www.pressenza.com\/es\/#\/schema\/logo\/image\/","url":"https:\/\/www.pressenza.com\/wp-content\/uploads\/2022\/10\/pressenza_logo_200x200.jpg","contentUrl":"https:\/\/www.pressenza.com\/wp-content\/uploads\/2022\/10\/pressenza_logo_200x200.jpg","width":200,"height":200,"caption":"Pressenza"},"image":{"@id":"https:\/\/www.pressenza.com\/es\/#\/schema\/logo\/image\/"},"sameAs":["https:\/\/www.facebook.com\/PressenzaItalia","https:\/\/x.com\/PressenzaIPA"]},{"@type":"Person","@id":"https:\/\/www.pressenza.com\/es\/#\/schema\/person\/fffbbe2f14495897417f313a954dae23","name":"Redacci\u00f3n Espa\u00f1a","url":"https:\/\/www.pressenza.com\/es\/author\/redaccion-espana\/"}]}},"place":"Madrid","original_article_url":"","_links":{"self":[{"href":"https:\/\/www.pressenza.com\/es\/wp-json\/wp\/v2\/posts\/1124615","targetHints":{"allow":["GET"]}}],"collection":[{"href":"https:\/\/www.pressenza.com\/es\/wp-json\/wp\/v2\/posts"}],"about":[{"href":"https:\/\/www.pressenza.com\/es\/wp-json\/wp\/v2\/types\/post"}],"author":[{"embeddable":true,"href":"https:\/\/www.pressenza.com\/es\/wp-json\/wp\/v2\/users\/1681"}],"replies":[{"embeddable":true,"href":"https:\/\/www.pressenza.com\/es\/wp-json\/wp\/v2\/comments?post=1124615"}],"version-history":[{"count":0,"href":"https:\/\/www.pressenza.com\/es\/wp-json\/wp\/v2\/posts\/1124615\/revisions"}],"wp:featuredmedia":[{"embeddable":true,"href":"https:\/\/www.pressenza.com\/es\/wp-json\/wp\/v2\/media\/1124618"}],"wp:attachment":[{"href":"https:\/\/www.pressenza.com\/es\/wp-json\/wp\/v2\/media?parent=1124615"}],"wp:term":[{"taxonomy":"category","embeddable":true,"href":"https:\/\/www.pressenza.com\/es\/wp-json\/wp\/v2\/categories?post=1124615"},{"taxonomy":"post_tag","embeddable":true,"href":"https:\/\/www.pressenza.com\/es\/wp-json\/wp\/v2\/tags?post=1124615"}],"curies":[{"name":"wp","href":"https:\/\/api.w.org\/{rel}","templated":true}]}}