{"id":1122,"date":"2009-08-28T00:00:00","date_gmt":"2009-08-28T00:00:00","guid":{"rendered":""},"modified":"2009-09-28T05:01:04","modified_gmt":"2009-09-28T05:01:04","slug":"el-gobierno-aprueba-la-declaracixn-de-la-onu-sobre-pueblos-indxgenas","status":"publish","type":"post","link":"https:\/\/www.pressenza.com\/es\/2009\/08\/el-gobierno-aprueba-la-declaracixn-de-la-onu-sobre-pueblos-indxgenas\/","title":{"rendered":"El Gobierno aprueba la Declaraci\u00f3n de la ONU sobre pueblos ind\u00edgenas"},"content":{"rendered":"<p>Australia aprob\u00f3 en Abril del 2009 formalmente la Declaraci\u00f3n de Naciones Unidas sobre los Derechos de los Pueblos Ind\u00edgenas, dando as\u00ed un giro de 180 grados a su postura previa de oposici\u00f3n.<\/p>\n<p>Durante la ceremonia celebrada en el Parlamento, la ministra para Asuntos Ind\u00edgenas, Jenny Macklin, declar\u00f3: \u201cHoy Australia da otro importante paso para reestablecer la relaci\u00f3n entre los australianos ind\u00edgenas y no ind\u00edgenas, y avanzando as\u00ed hac\u00eda un nuevo futuro\u201d.<\/p>\n<p>\u201cHoy, Australia se une al resto de la comunidad internacional para confirmar las aspiraciones de todos los pueblos ind\u00edgenas (\u2026) El 17 de septiembre de 2007, 143 naciones votaron a favor de la Declaraci\u00f3n. Australia fue uno de los cuatro pa\u00edses que vot\u00f3 en contra. Australia cambia hoy su postura y da su apoyo a la Declaraci\u00f3n\u201d.<\/p>\n<p>\u201cHacemos esto con la ilusi\u00f3n de restablecer la relaci\u00f3n entre los australianos ind\u00edgenas y no ind\u00edgenas, y fortalecer la confianza\u201d.<\/p>\n<p>Cuando la Declaraci\u00f3n fue adoptada por la Asamblea General de la ONU en 2007, tan s\u00f3lo cuatro pa\u00edses se opusieron a ella: Australia, Canad\u00e1, Nueva Zelanda y EE.UU. La Declaraci\u00f3n establece una serie de importantes principios con los que juzgar el trato que los pa\u00edses dan a su poblaci\u00f3n ind\u00edgena, pero no es legalmente vinculante.<\/p>\n","protected":false},"excerpt":{"rendered":"<p>Australia aprob\u00f3 en Abril del 2009 formalmente la Declaraci\u00f3n de Naciones Unidas sobre los Derechos de los Pueblos Ind\u00edgenas, dando as\u00ed un giro de 180 grados a su postura previa de oposici\u00f3n. El 17 de septiembre de 2007, 143 naciones votaron a favor de la Declaraci\u00f3n. Australia fue uno de los cuatro pa\u00edses que vot\u00f3 en contra: Australia, Canad\u00e1, Nueva Zelanda y EE.UU.<\/p>\n","protected":false},"author":19,"featured_media":0,"comment_status":"closed","ping_status":"open","sticky":false,"template":"","format":"standard","meta":{"footnotes":""},"categories":[75,70],"tags":[],"class_list":["post-1122","post","type-post","status-publish","format-standard","hentry","category-cultura-es","category-oceania-region-es"],"yoast_head":"<!-- This site is optimized with the Yoast SEO plugin v27.1.1 - https:\/\/yoast.com\/product\/yoast-seo-wordpress\/ -->\n<title>El Gobierno aprueba la Declaraci\u00f3n de la ONU sobre pueblos ind\u00edgenas<\/title>\n<meta name=\"description\" content=\"Australia aprob\u00f3 en Abril del 2009 formalmente la Declaraci\u00f3n de Naciones Unidas sobre los Derechos de los Pueblos Ind\u00edgenas, dando as\u00ed un giro de 180 grados a su postura previa de oposici\u00f3n. El 17 de septiembre de 2007, 143 naciones votaron a favor de la Declaraci\u00f3n. Australia fue uno de los cuatro pa\u00edses que vot\u00f3 en contra: Australia, Canad\u00e1, Nueva Zelanda y EE.UU.\" \/>\n<meta name=\"robots\" content=\"index, follow, max-snippet:-1, max-image-preview:large, max-video-preview:-1\" \/>\n<link rel=\"canonical\" href=\"https:\/\/www.pressenza.com\/es\/2009\/08\/el-gobierno-aprueba-la-declaracixn-de-la-onu-sobre-pueblos-indxgenas\/\" \/>\n<meta property=\"og:locale\" content=\"es_ES\" \/>\n<meta property=\"og:type\" content=\"article\" \/>\n<meta property=\"og:title\" content=\"El Gobierno aprueba la Declaraci\u00f3n de la ONU sobre pueblos ind\u00edgenas\" \/>\n<meta property=\"og:description\" content=\"Australia aprob\u00f3 en Abril del 2009 formalmente la Declaraci\u00f3n de Naciones Unidas sobre los Derechos de los Pueblos Ind\u00edgenas, dando as\u00ed un giro de 180 grados a su postura previa de oposici\u00f3n. El 17 de septiembre de 2007, 143 naciones votaron a favor de la Declaraci\u00f3n. Australia fue uno de los cuatro pa\u00edses que vot\u00f3 en contra: Australia, Canad\u00e1, Nueva Zelanda y EE.UU.\" \/>\n<meta property=\"og:url\" content=\"https:\/\/www.pressenza.com\/es\/2009\/08\/el-gobierno-aprueba-la-declaracixn-de-la-onu-sobre-pueblos-indxgenas\/\" \/>\n<meta property=\"og:site_name\" content=\"Pressenza\" \/>\n<meta property=\"article:publisher\" content=\"https:\/\/www.facebook.com\/PressenzaItalia\" \/>\n<meta property=\"article:author\" content=\"https:\/\/www.facebook.com\/pressenza\" \/>\n<meta property=\"article:published_time\" content=\"2009-08-28T00:00:00+00:00\" \/>\n<meta property=\"article:modified_time\" content=\"2009-09-28T05:01:04+00:00\" \/>\n<meta name=\"author\" content=\"Pressenza IPA\" \/>\n<meta name=\"twitter:card\" content=\"summary_large_image\" \/>\n<meta name=\"twitter:creator\" content=\"@PressenzaIPA\" \/>\n<meta name=\"twitter:site\" content=\"@PressenzaIPA\" \/>\n<meta name=\"twitter:label1\" content=\"Escrito por\" \/>\n\t<meta name=\"twitter:data1\" content=\"Pressenza IPA\" \/>\n\t<meta name=\"twitter:label2\" content=\"Tiempo de lectura\" \/>\n\t<meta name=\"twitter:data2\" content=\"1 minuto\" \/>\n<script type=\"application\/ld+json\" class=\"yoast-schema-graph\">{\"@context\":\"https:\/\/schema.org\",\"@graph\":[{\"@type\":\"Article\",\"@id\":\"https:\/\/www.pressenza.com\/es\/2009\/08\/el-gobierno-aprueba-la-declaracixn-de-la-onu-sobre-pueblos-indxgenas\/#article\",\"isPartOf\":{\"@id\":\"https:\/\/www.pressenza.com\/es\/2009\/08\/el-gobierno-aprueba-la-declaracixn-de-la-onu-sobre-pueblos-indxgenas\/\"},\"author\":{\"name\":\"Pressenza IPA\",\"@id\":\"https:\/\/www.pressenza.com\/es\/#\/schema\/person\/010e5d02bcf40965427a1289a4cc8d75\"},\"headline\":\"El Gobierno aprueba la Declaraci\u00f3n de la ONU sobre pueblos ind\u00edgenas\",\"datePublished\":\"2009-08-28T00:00:00+00:00\",\"dateModified\":\"2009-09-28T05:01:04+00:00\",\"mainEntityOfPage\":{\"@id\":\"https:\/\/www.pressenza.com\/es\/2009\/08\/el-gobierno-aprueba-la-declaracixn-de-la-onu-sobre-pueblos-indxgenas\/\"},\"wordCount\":233,\"publisher\":{\"@id\":\"https:\/\/www.pressenza.com\/es\/#organization\"},\"articleSection\":[\"Cultura y Medios\",\"Oceania\"],\"inLanguage\":\"es\"},{\"@type\":\"WebPage\",\"@id\":\"https:\/\/www.pressenza.com\/es\/2009\/08\/el-gobierno-aprueba-la-declaracixn-de-la-onu-sobre-pueblos-indxgenas\/\",\"url\":\"https:\/\/www.pressenza.com\/es\/2009\/08\/el-gobierno-aprueba-la-declaracixn-de-la-onu-sobre-pueblos-indxgenas\/\",\"name\":\"El Gobierno aprueba la Declaraci\u00f3n de la ONU sobre pueblos ind\u00edgenas\",\"isPartOf\":{\"@id\":\"https:\/\/www.pressenza.com\/es\/#website\"},\"datePublished\":\"2009-08-28T00:00:00+00:00\",\"dateModified\":\"2009-09-28T05:01:04+00:00\",\"description\":\"Australia aprob\u00f3 en Abril del 2009 formalmente la Declaraci\u00f3n de Naciones Unidas sobre los Derechos de los Pueblos Ind\u00edgenas, dando as\u00ed un giro de 180 grados a su postura previa de oposici\u00f3n. El 17 de septiembre de 2007, 143 naciones votaron a favor de la Declaraci\u00f3n. Australia fue uno de los cuatro pa\u00edses que vot\u00f3 en contra: Australia, Canad\u00e1, Nueva Zelanda y EE.UU.\",\"breadcrumb\":{\"@id\":\"https:\/\/www.pressenza.com\/es\/2009\/08\/el-gobierno-aprueba-la-declaracixn-de-la-onu-sobre-pueblos-indxgenas\/#breadcrumb\"},\"inLanguage\":\"es\",\"potentialAction\":[{\"@type\":\"ReadAction\",\"target\":[\"https:\/\/www.pressenza.com\/es\/2009\/08\/el-gobierno-aprueba-la-declaracixn-de-la-onu-sobre-pueblos-indxgenas\/\"]}]},{\"@type\":\"BreadcrumbList\",\"@id\":\"https:\/\/www.pressenza.com\/es\/2009\/08\/el-gobierno-aprueba-la-declaracixn-de-la-onu-sobre-pueblos-indxgenas\/#breadcrumb\",\"itemListElement\":[{\"@type\":\"ListItem\",\"position\":1,\"name\":\"Accueil\",\"item\":\"https:\/\/www.pressenza.com\/es\/\"},{\"@type\":\"ListItem\",\"position\":2,\"name\":\"El Gobierno aprueba la Declaraci\u00f3n de la ONU sobre pueblos ind\u00edgenas\"}]},{\"@type\":\"WebSite\",\"@id\":\"https:\/\/www.pressenza.com\/es\/#website\",\"url\":\"https:\/\/www.pressenza.com\/es\/\",\"name\":\"Pressenza\",\"description\":\"International Press Agency\",\"publisher\":{\"@id\":\"https:\/\/www.pressenza.com\/es\/#organization\"},\"potentialAction\":[{\"@type\":\"SearchAction\",\"target\":{\"@type\":\"EntryPoint\",\"urlTemplate\":\"https:\/\/www.pressenza.com\/es\/?s={search_term_string}\"},\"query-input\":{\"@type\":\"PropertyValueSpecification\",\"valueRequired\":true,\"valueName\":\"search_term_string\"}}],\"inLanguage\":\"es\"},{\"@type\":\"Organization\",\"@id\":\"https:\/\/www.pressenza.com\/es\/#organization\",\"name\":\"Pressenza\",\"url\":\"https:\/\/www.pressenza.com\/es\/\",\"logo\":{\"@type\":\"ImageObject\",\"inLanguage\":\"es\",\"@id\":\"https:\/\/www.pressenza.com\/es\/#\/schema\/logo\/image\/\",\"url\":\"https:\/\/www.pressenza.com\/wp-content\/uploads\/2022\/10\/pressenza_logo_200x200.jpg\",\"contentUrl\":\"https:\/\/www.pressenza.com\/wp-content\/uploads\/2022\/10\/pressenza_logo_200x200.jpg\",\"width\":200,\"height\":200,\"caption\":\"Pressenza\"},\"image\":{\"@id\":\"https:\/\/www.pressenza.com\/es\/#\/schema\/logo\/image\/\"},\"sameAs\":[\"https:\/\/www.facebook.com\/PressenzaItalia\",\"https:\/\/x.com\/PressenzaIPA\"]},{\"@type\":\"Person\",\"@id\":\"https:\/\/www.pressenza.com\/es\/#\/schema\/person\/010e5d02bcf40965427a1289a4cc8d75\",\"name\":\"Pressenza IPA\",\"description\":\"News from Pressenza IPA correspondents\",\"sameAs\":[\"https:\/\/www.facebook.com\/pressenza\",\"https:\/\/x.com\/PressenzaIPA\"],\"url\":\"https:\/\/www.pressenza.com\/es\/author\/pressenza-ipa\/\"}]}<\/script>\n<!-- \/ Yoast SEO plugin. -->","yoast_head_json":{"title":"El Gobierno aprueba la Declaraci\u00f3n de la ONU sobre pueblos ind\u00edgenas","description":"Australia aprob\u00f3 en Abril del 2009 formalmente la Declaraci\u00f3n de Naciones Unidas sobre los Derechos de los Pueblos Ind\u00edgenas, dando as\u00ed un giro de 180 grados a su postura previa de oposici\u00f3n. El 17 de septiembre de 2007, 143 naciones votaron a favor de la Declaraci\u00f3n. Australia fue uno de los cuatro pa\u00edses que vot\u00f3 en contra: Australia, Canad\u00e1, Nueva Zelanda y EE.UU.","robots":{"index":"index","follow":"follow","max-snippet":"max-snippet:-1","max-image-preview":"max-image-preview:large","max-video-preview":"max-video-preview:-1"},"canonical":"https:\/\/www.pressenza.com\/es\/2009\/08\/el-gobierno-aprueba-la-declaracixn-de-la-onu-sobre-pueblos-indxgenas\/","og_locale":"es_ES","og_type":"article","og_title":"El Gobierno aprueba la Declaraci\u00f3n de la ONU sobre pueblos ind\u00edgenas","og_description":"Australia aprob\u00f3 en Abril del 2009 formalmente la Declaraci\u00f3n de Naciones Unidas sobre los Derechos de los Pueblos Ind\u00edgenas, dando as\u00ed un giro de 180 grados a su postura previa de oposici\u00f3n. El 17 de septiembre de 2007, 143 naciones votaron a favor de la Declaraci\u00f3n. Australia fue uno de los cuatro pa\u00edses que vot\u00f3 en contra: Australia, Canad\u00e1, Nueva Zelanda y EE.UU.","og_url":"https:\/\/www.pressenza.com\/es\/2009\/08\/el-gobierno-aprueba-la-declaracixn-de-la-onu-sobre-pueblos-indxgenas\/","og_site_name":"Pressenza","article_publisher":"https:\/\/www.facebook.com\/PressenzaItalia","article_author":"https:\/\/www.facebook.com\/pressenza","article_published_time":"2009-08-28T00:00:00+00:00","article_modified_time":"2009-09-28T05:01:04+00:00","author":"Pressenza IPA","twitter_card":"summary_large_image","twitter_creator":"@PressenzaIPA","twitter_site":"@PressenzaIPA","twitter_misc":{"Escrito por":"Pressenza IPA","Tiempo de lectura":"1 minuto"},"schema":{"@context":"https:\/\/schema.org","@graph":[{"@type":"Article","@id":"https:\/\/www.pressenza.com\/es\/2009\/08\/el-gobierno-aprueba-la-declaracixn-de-la-onu-sobre-pueblos-indxgenas\/#article","isPartOf":{"@id":"https:\/\/www.pressenza.com\/es\/2009\/08\/el-gobierno-aprueba-la-declaracixn-de-la-onu-sobre-pueblos-indxgenas\/"},"author":{"name":"Pressenza IPA","@id":"https:\/\/www.pressenza.com\/es\/#\/schema\/person\/010e5d02bcf40965427a1289a4cc8d75"},"headline":"El Gobierno aprueba la Declaraci\u00f3n de la ONU sobre pueblos ind\u00edgenas","datePublished":"2009-08-28T00:00:00+00:00","dateModified":"2009-09-28T05:01:04+00:00","mainEntityOfPage":{"@id":"https:\/\/www.pressenza.com\/es\/2009\/08\/el-gobierno-aprueba-la-declaracixn-de-la-onu-sobre-pueblos-indxgenas\/"},"wordCount":233,"publisher":{"@id":"https:\/\/www.pressenza.com\/es\/#organization"},"articleSection":["Cultura y Medios","Oceania"],"inLanguage":"es"},{"@type":"WebPage","@id":"https:\/\/www.pressenza.com\/es\/2009\/08\/el-gobierno-aprueba-la-declaracixn-de-la-onu-sobre-pueblos-indxgenas\/","url":"https:\/\/www.pressenza.com\/es\/2009\/08\/el-gobierno-aprueba-la-declaracixn-de-la-onu-sobre-pueblos-indxgenas\/","name":"El Gobierno aprueba la Declaraci\u00f3n de la ONU sobre pueblos ind\u00edgenas","isPartOf":{"@id":"https:\/\/www.pressenza.com\/es\/#website"},"datePublished":"2009-08-28T00:00:00+00:00","dateModified":"2009-09-28T05:01:04+00:00","description":"Australia aprob\u00f3 en Abril del 2009 formalmente la Declaraci\u00f3n de Naciones Unidas sobre los Derechos de los Pueblos Ind\u00edgenas, dando as\u00ed un giro de 180 grados a su postura previa de oposici\u00f3n. El 17 de septiembre de 2007, 143 naciones votaron a favor de la Declaraci\u00f3n. Australia fue uno de los cuatro pa\u00edses que vot\u00f3 en contra: Australia, Canad\u00e1, Nueva Zelanda y EE.UU.","breadcrumb":{"@id":"https:\/\/www.pressenza.com\/es\/2009\/08\/el-gobierno-aprueba-la-declaracixn-de-la-onu-sobre-pueblos-indxgenas\/#breadcrumb"},"inLanguage":"es","potentialAction":[{"@type":"ReadAction","target":["https:\/\/www.pressenza.com\/es\/2009\/08\/el-gobierno-aprueba-la-declaracixn-de-la-onu-sobre-pueblos-indxgenas\/"]}]},{"@type":"BreadcrumbList","@id":"https:\/\/www.pressenza.com\/es\/2009\/08\/el-gobierno-aprueba-la-declaracixn-de-la-onu-sobre-pueblos-indxgenas\/#breadcrumb","itemListElement":[{"@type":"ListItem","position":1,"name":"Accueil","item":"https:\/\/www.pressenza.com\/es\/"},{"@type":"ListItem","position":2,"name":"El Gobierno aprueba la Declaraci\u00f3n de la ONU sobre pueblos ind\u00edgenas"}]},{"@type":"WebSite","@id":"https:\/\/www.pressenza.com\/es\/#website","url":"https:\/\/www.pressenza.com\/es\/","name":"Pressenza","description":"International Press Agency","publisher":{"@id":"https:\/\/www.pressenza.com\/es\/#organization"},"potentialAction":[{"@type":"SearchAction","target":{"@type":"EntryPoint","urlTemplate":"https:\/\/www.pressenza.com\/es\/?s={search_term_string}"},"query-input":{"@type":"PropertyValueSpecification","valueRequired":true,"valueName":"search_term_string"}}],"inLanguage":"es"},{"@type":"Organization","@id":"https:\/\/www.pressenza.com\/es\/#organization","name":"Pressenza","url":"https:\/\/www.pressenza.com\/es\/","logo":{"@type":"ImageObject","inLanguage":"es","@id":"https:\/\/www.pressenza.com\/es\/#\/schema\/logo\/image\/","url":"https:\/\/www.pressenza.com\/wp-content\/uploads\/2022\/10\/pressenza_logo_200x200.jpg","contentUrl":"https:\/\/www.pressenza.com\/wp-content\/uploads\/2022\/10\/pressenza_logo_200x200.jpg","width":200,"height":200,"caption":"Pressenza"},"image":{"@id":"https:\/\/www.pressenza.com\/es\/#\/schema\/logo\/image\/"},"sameAs":["https:\/\/www.facebook.com\/PressenzaItalia","https:\/\/x.com\/PressenzaIPA"]},{"@type":"Person","@id":"https:\/\/www.pressenza.com\/es\/#\/schema\/person\/010e5d02bcf40965427a1289a4cc8d75","name":"Pressenza IPA","description":"News from Pressenza IPA correspondents","sameAs":["https:\/\/www.facebook.com\/pressenza","https:\/\/x.com\/PressenzaIPA"],"url":"https:\/\/www.pressenza.com\/es\/author\/pressenza-ipa\/"}]}},"place":"Sydney","original_article_url":"","_links":{"self":[{"href":"https:\/\/www.pressenza.com\/es\/wp-json\/wp\/v2\/posts\/1122","targetHints":{"allow":["GET"]}}],"collection":[{"href":"https:\/\/www.pressenza.com\/es\/wp-json\/wp\/v2\/posts"}],"about":[{"href":"https:\/\/www.pressenza.com\/es\/wp-json\/wp\/v2\/types\/post"}],"author":[{"embeddable":true,"href":"https:\/\/www.pressenza.com\/es\/wp-json\/wp\/v2\/users\/19"}],"replies":[{"embeddable":true,"href":"https:\/\/www.pressenza.com\/es\/wp-json\/wp\/v2\/comments?post=1122"}],"version-history":[{"count":0,"href":"https:\/\/www.pressenza.com\/es\/wp-json\/wp\/v2\/posts\/1122\/revisions"}],"wp:attachment":[{"href":"https:\/\/www.pressenza.com\/es\/wp-json\/wp\/v2\/media?parent=1122"}],"wp:term":[{"taxonomy":"category","embeddable":true,"href":"https:\/\/www.pressenza.com\/es\/wp-json\/wp\/v2\/categories?post=1122"},{"taxonomy":"post_tag","embeddable":true,"href":"https:\/\/www.pressenza.com\/es\/wp-json\/wp\/v2\/tags?post=1122"}],"curies":[{"name":"wp","href":"https:\/\/api.w.org\/{rel}","templated":true}]}}