{"id":1120385,"date":"2020-05-29T00:20:51","date_gmt":"2020-05-28T23:20:51","guid":{"rendered":"https:\/\/www.pressenza.com\/?p=1120385"},"modified":"2020-05-29T00:20:51","modified_gmt":"2020-05-28T23:20:51","slug":"entrevista-a-la-artista-libanesa-en-protesta-batool-jacob","status":"publish","type":"post","link":"https:\/\/www.pressenza.com\/es\/2020\/05\/entrevista-a-la-artista-libanesa-en-protesta-batool-jacob\/","title":{"rendered":"Entrevista a la artista libanesa en protesta Batool Jacob"},"content":{"rendered":"<p>Desde que empezaron las <a href=\"https:\/\/es.crimethinc.com\/2019\/11\/13\/lebanon-a-revolution-against-sectarianism-chronicling-the-first-month-of-the-uprising\" target=\"_blank\" rel=\"noopener noreferrer\">manifestaciones<\/a> en contra del gobierno en L\u00edbano, el 17 de octubre de 2019, se ha desarrollado el arte como medio de protesta. El arte urbano se ha extendido por los muros a un\u00edsono de las voces en la calle de diferentes ciudades libanesas. Este es el caso <a href=\"https:\/\/www.instagram.com\/batool.jacob\/\" target=\"_blank\" rel=\"noopener noreferrer\">Batool Jacob<\/a> que junto a un grupo de artistas de Tr\u00edpoli han empezado a hacer obras de arte urbanas conjuntamente y que sigue dibujando desde su casa mientras el pa\u00eds empieza las fases de desconfinamiento.<\/p>\n<p>En octubre pasado, cuando el gobierno liban\u00e9s quiso implementar un impuesto hac\u00eda el servicio de llamadas del WhatsApp y otras redes sociales,\u00a0<a href=\"http:\/\/miles de libaneses salieron a protestar\" target=\"_blank\" rel=\"noopener noreferrer\">miles de libaneses salieron a protestar<\/a>\u00a0en diferentes ciudades. Para ellos, esta medida afectaba desproporcionadamente a la mayor\u00eda pobre. Aunque el gobierno acabo retirando la medida, las protestas continuaron, denunciando la corrupci\u00f3n pol\u00edtica y el\u00a0sistema sectario\u00a0que establece las cuotas fijas de asientos otorgados a cada confesi\u00f3n religiosa del pa\u00eds, las consecuencias de la crisis econ\u00f3mica, as\u00ed como la defensa de los derechos de la mujeres y la solidaridad con otros pueblos como el sirios. El gobierno cay\u00f3 el 29 de octubre, pero cuando se form\u00f3 un nuevo gobierno en enero 2020, hubieron\u00a0<a href=\"https:\/\/www.elsaltodiario.com\/oriente-proximo\/manifestantes-libano-nuevo-gobierno-falta-de-respeto\" target=\"_blank\" rel=\"noopener noreferrer\">nuevas protestas<\/a>. Desde que empezaron las protestas,\u00a0el gobierno detuvo a\u00a0<a href=\"https:\/\/theintercept.com\/2020\/01\/25\/lebanon-protests-torture\/\" target=\"_blank\" rel=\"noopener noreferrer\">m\u00e1s de 450 personas<\/a>, muchas de ellas denunciaron haber sido torturadas.<\/p>\n<p>El protagonismo en las protestas ha hecho que la ciudad de Tr\u00edpoli y\u00a0su zona norte, de mayor\u00eda musulmana, estuviera representada en los medios, ya que anteriormente hab\u00eda una falta de cobertura. Adem\u00e1s ha ayudado a que se borraran los estereotipos relativos a la pobreza\u00a0y que se empezaran a destacar sus artistas, portavoces, j\u00f3venes y la unidad de su gente. En este contexto se ha hecho la entrevista a Batool Jacob, una artista autodidacta, que fue editada por tama\u00f1o.<\/p>\n<p><strong>\u2013Marta Closa Valero: M\u00faltiples trabajos de artistas libaneses se puede encontrar en las redes sociales conectados con las protestas, como el espacio art\u00edstico de \u201cArt of change \u201d en Beirut. Tambi\u00e9n en Tr\u00edpoli hab\u00e9is empezado con este tipo de arte de protesta, como ha surgido este movimiento?<\/strong><\/p>\n<p>\u2013El street art es una t\u00e9cnica nueva para mi, el primer trabajo fue en enero juntamente con mis amigos Ghiath Al Robih, artista palestino sirio residente en Tr\u00edpoli, y Nagham Abboud, tambi\u00e9n artista tripolensa. Es interesante ya que es la primera vez en la ciudad que un grupo de artista se juntan con el mismo objetivo, mostrar la revoluci\u00f3n y luchar por la libertad de expresi\u00f3n, antes cada \u00e1rea de la ciudad hacia sus exposiciones pero no hab\u00eda unidad.<\/p>\n<p><strong>\u2013Cual era el motivo de hacer la primera obra juntos, qu\u00e9 quer\u00edas mostrar?<\/strong><\/p>\n<p>\u2013La obra fue mayoritariamente idea de Giath, consist\u00eda en un dibujo 3D en el suelo de la plaza de la revoluci\u00f3n en Tr\u00edpoli. Representamos la libra libanesa cayendo al abismo. Es una forma simplificada de mostrar lo que estamos viviendo realmente, estamos perdiendo el valor de la moneda estatal sin que el gobierno haga nada para salvar la situaci\u00f3n.<\/p>\n<p><strong>\u2013Individualmente y con el grupo \u00bfcu\u00e1les son las principales tem\u00e1ticas que quer\u00e9is transmitir con vuestras obras?<\/strong><\/p>\n<p>\u2013Nuestro principal t\u00f3pico es la revoluci\u00f3n, mostrar como la gente est\u00e1 oprimida y las duras condiciones que vivimos, el gobierno liban\u00e9s no nos proporciona los derechos b\u00e1sicos. Por este motivo, como artistas buscamos hacer algo que no se pueda menospreciar, que deja constancia de las demandas de las protestas y nos asegura de que nuestras voces son escuchadas. No queremos que nuestro derecho a expresarnos se pierda, tenemos la responsabilidad de hacer todo lo posible para expresar nuestro mensaje.<\/p>\n<p><strong>\u2013Teniendo en cuenta que la calle es un espacio masculinizado, has sentido que es m\u00e1s dif\u00edcil hacer obras de street art siendo mujer?<\/strong><\/p>\n<p>\u2013Ser mujer y querer hacer street art o cualquier otra disciplina art\u00edstica que implique su realizaci\u00f3n en la calle es m\u00e1s dif\u00edcil como mujer. Dentro de la sociedad libanesa hay m\u00faltiples mentalidades y hay opresi\u00f3n hac\u00eda las mujeres. La sociedad piensa a las mujeres solo en casa, cocinando y cuidando de los hijos, de esta forma nuestras opciones disminuyen considerablemente. Es esta mentalidad la que no acepta a una mujer en la calle dibujando o realizando otra disciplina art\u00edstica como la danza. Como mujer se te permite hacer las obras en tu casa y despu\u00e9s llevarlas a una galer\u00eda, ya que no conlleva consecuencias negativas debido a que no hay una exposici\u00f3n p\u00fablica. Cuando se traduce en desarrollar arte urbano, s\u00ed que hay una exposici\u00f3n p\u00fablica y por lo tanto puedes experimentar situaciones negativas, ojos observ\u00e1ndote lascivamente, intimidaci\u00f3n y mala opini\u00f3n acerca de ti. Eso lleva a muchas mujeres a no querer dar el salto al arte urbano. A pesar de estos aspectos, me gustar\u00eda dar coraje a todas las mujeres libanesas para salir a las calles y llevar en ellas sus habilidades.<\/p>\n<p><strong>\u2013Estas \u00faltimas semanas se han visto protestas en Tr\u00edpoli otra vez. \u00bfCu\u00e1l ha sido el motivo que ha hecho surgir las protestas y cu\u00e1l es tu posicionamiento como activista artista?<\/strong><\/p>\n<p>\u2013Las \u00faltimas protestas han surgido a ra\u00edz del r\u00e1pido crecimiento del costo de vida, los precios de productos b\u00e1sicos han aumentado mucho. La gente ya no tiene nada m\u00e1s que perder, as\u00ed que est\u00e1n proyectando su rabia hacia los bancos, ya que estos est\u00e1n en la c\u00faspide de las instituciones que roban a los ciudadanos. Personalmente no pienso que est\u00e1 reacci\u00f3n sea favorable para recuperar nuestro dinero, creo en la uni\u00f3n de toda la poblaci\u00f3n libanesa para hacer presi\u00f3n al gobierno y aturar este caos.<\/p>\n<p><strong>\u2013Viendo la actual situaci\u00f3n del L\u00edbano \u00bfcu\u00b4l es tu posicionamiento respecto el futuro?<\/strong><\/p>\n<p>\u2013La situaci\u00f3n actual no me hace tener buenas vibraciones para el futuro, quiero tener esperanza pero la realidad nos muestra que la situaci\u00f3n va a peor. El surgimiento del COVID-19 y la falta de conciencia de la gente en tomar medidas de prevenci\u00f3n pueden empeorar a\u00fan m\u00e1s la situaci\u00f3n. A pesar de esto, deseo para el L\u00edbano su libertad y estabilidad, con mi arte continuar\u00e9 haciendo lo posible para ayudar a concienciar y transmitir los mensajes de nuestras protestas.<\/p>\n","protected":false},"excerpt":{"rendered":"<p>Desde que empezaron las manifestaciones en contra del gobierno en L\u00edbano, el 17 de octubre de 2019, se ha desarrollado el arte como medio de protesta. El arte urbano se ha extendido por los muros a un\u00edsono de las voces&hellip;<\/p>\n","protected":false},"author":1277,"featured_media":1120386,"comment_status":"closed","ping_status":"closed","sticky":false,"template":"","format":"standard","meta":{"footnotes":""},"categories":[75,155,54515,71],"tags":[335,76409,11571,76410],"class_list":["post-1120385","post","type-post","status-publish","format-standard","has-post-thumbnail","hentry","category-cultura-es","category-entrevistas","category-genero-y-feminismos","category-medio-oriente-es","tag-arte","tag-batool-jacob","tag-libano-es","tag-protests-es"],"yoast_head":"<!-- This site is optimized with the Yoast SEO plugin v27.1.1 - https:\/\/yoast.com\/product\/yoast-seo-wordpress\/ -->\n<title>Entrevista a la artista libanesa en protesta Batool Jacob<\/title>\n<meta name=\"description\" content=\"Desde que empezaron las manifestaciones en contra del gobierno en L\u00edbano, el 17 de octubre de 2019, se ha desarrollado el arte como medio de protesta. El\" \/>\n<meta name=\"robots\" content=\"index, follow, max-snippet:-1, max-image-preview:large, max-video-preview:-1\" \/>\n<link rel=\"canonical\" href=\"https:\/\/www.pressenza.com\/es\/2020\/05\/entrevista-a-la-artista-libanesa-en-protesta-batool-jacob\/\" \/>\n<meta property=\"og:locale\" content=\"es_ES\" \/>\n<meta property=\"og:type\" content=\"article\" \/>\n<meta property=\"og:title\" content=\"Entrevista a la artista libanesa en protesta Batool Jacob\" \/>\n<meta property=\"og:description\" content=\"Desde que empezaron las manifestaciones en contra del gobierno en L\u00edbano, el 17 de octubre de 2019, se ha desarrollado el arte como medio de protesta. El\" \/>\n<meta property=\"og:url\" content=\"https:\/\/www.pressenza.com\/es\/2020\/05\/entrevista-a-la-artista-libanesa-en-protesta-batool-jacob\/\" \/>\n<meta property=\"og:site_name\" content=\"Pressenza\" \/>\n<meta property=\"article:publisher\" content=\"https:\/\/www.facebook.com\/PressenzaItalia\" \/>\n<meta property=\"article:published_time\" content=\"2020-05-28T23:20:51+00:00\" \/>\n<meta property=\"og:image\" content=\"https:\/\/www.pressenza.com\/wp-content\/uploads\/2020\/05\/Batool-Jacob-Instagram-Global-Voices-permiso.png\" \/>\n\t<meta property=\"og:image:width\" content=\"800\" \/>\n\t<meta property=\"og:image:height\" content=\"612\" \/>\n\t<meta property=\"og:image:type\" content=\"image\/png\" \/>\n<meta name=\"author\" content=\"Global Voices Online\" \/>\n<meta name=\"twitter:card\" content=\"summary_large_image\" \/>\n<meta name=\"twitter:creator\" content=\"@PressenzaIPA\" \/>\n<meta name=\"twitter:site\" content=\"@PressenzaIPA\" \/>\n<meta name=\"twitter:label1\" content=\"Escrito por\" \/>\n\t<meta name=\"twitter:data1\" content=\"Global Voices Online\" \/>\n\t<meta name=\"twitter:label2\" content=\"Tiempo de lectura\" \/>\n\t<meta name=\"twitter:data2\" content=\"5 minutos\" \/>\n<script type=\"application\/ld+json\" class=\"yoast-schema-graph\">{\"@context\":\"https:\/\/schema.org\",\"@graph\":[{\"@type\":\"Article\",\"@id\":\"https:\/\/www.pressenza.com\/es\/2020\/05\/entrevista-a-la-artista-libanesa-en-protesta-batool-jacob\/#article\",\"isPartOf\":{\"@id\":\"https:\/\/www.pressenza.com\/es\/2020\/05\/entrevista-a-la-artista-libanesa-en-protesta-batool-jacob\/\"},\"author\":{\"name\":\"Global Voices Online\",\"@id\":\"https:\/\/www.pressenza.com\/es\/#\/schema\/person\/a6c3e727f5a3eb6cce9a762fc2af8b72\"},\"headline\":\"Entrevista a la artista libanesa en protesta Batool Jacob\",\"datePublished\":\"2020-05-28T23:20:51+00:00\",\"mainEntityOfPage\":{\"@id\":\"https:\/\/www.pressenza.com\/es\/2020\/05\/entrevista-a-la-artista-libanesa-en-protesta-batool-jacob\/\"},\"wordCount\":1099,\"publisher\":{\"@id\":\"https:\/\/www.pressenza.com\/es\/#organization\"},\"image\":{\"@id\":\"https:\/\/www.pressenza.com\/es\/2020\/05\/entrevista-a-la-artista-libanesa-en-protesta-batool-jacob\/#primaryimage\"},\"thumbnailUrl\":\"https:\/\/www.pressenza.com\/wp-content\/uploads\/2020\/05\/Batool-Jacob-Instagram-Global-Voices-permiso.png\",\"keywords\":[\"arte\",\"Batool Jacob\",\"L\u00edbano\",\"protests\"],\"articleSection\":[\"Cultura y Medios\",\"Entrevistas\",\"G\u00e9nero y Feminismos\",\"Medio Oriente\"],\"inLanguage\":\"es\"},{\"@type\":\"WebPage\",\"@id\":\"https:\/\/www.pressenza.com\/es\/2020\/05\/entrevista-a-la-artista-libanesa-en-protesta-batool-jacob\/\",\"url\":\"https:\/\/www.pressenza.com\/es\/2020\/05\/entrevista-a-la-artista-libanesa-en-protesta-batool-jacob\/\",\"name\":\"Entrevista a la artista libanesa en protesta Batool Jacob\",\"isPartOf\":{\"@id\":\"https:\/\/www.pressenza.com\/es\/#website\"},\"primaryImageOfPage\":{\"@id\":\"https:\/\/www.pressenza.com\/es\/2020\/05\/entrevista-a-la-artista-libanesa-en-protesta-batool-jacob\/#primaryimage\"},\"image\":{\"@id\":\"https:\/\/www.pressenza.com\/es\/2020\/05\/entrevista-a-la-artista-libanesa-en-protesta-batool-jacob\/#primaryimage\"},\"thumbnailUrl\":\"https:\/\/www.pressenza.com\/wp-content\/uploads\/2020\/05\/Batool-Jacob-Instagram-Global-Voices-permiso.png\",\"datePublished\":\"2020-05-28T23:20:51+00:00\",\"description\":\"Desde que empezaron las manifestaciones en contra del gobierno en L\u00edbano, el 17 de octubre de 2019, se ha desarrollado el arte como medio de protesta. El\",\"breadcrumb\":{\"@id\":\"https:\/\/www.pressenza.com\/es\/2020\/05\/entrevista-a-la-artista-libanesa-en-protesta-batool-jacob\/#breadcrumb\"},\"inLanguage\":\"es\",\"potentialAction\":[{\"@type\":\"ReadAction\",\"target\":[\"https:\/\/www.pressenza.com\/es\/2020\/05\/entrevista-a-la-artista-libanesa-en-protesta-batool-jacob\/\"]}]},{\"@type\":\"ImageObject\",\"inLanguage\":\"es\",\"@id\":\"https:\/\/www.pressenza.com\/es\/2020\/05\/entrevista-a-la-artista-libanesa-en-protesta-batool-jacob\/#primaryimage\",\"url\":\"https:\/\/www.pressenza.com\/wp-content\/uploads\/2020\/05\/Batool-Jacob-Instagram-Global-Voices-permiso.png\",\"contentUrl\":\"https:\/\/www.pressenza.com\/wp-content\/uploads\/2020\/05\/Batool-Jacob-Instagram-Global-Voices-permiso.png\",\"width\":800,\"height\":612},{\"@type\":\"BreadcrumbList\",\"@id\":\"https:\/\/www.pressenza.com\/es\/2020\/05\/entrevista-a-la-artista-libanesa-en-protesta-batool-jacob\/#breadcrumb\",\"itemListElement\":[{\"@type\":\"ListItem\",\"position\":1,\"name\":\"Accueil\",\"item\":\"https:\/\/www.pressenza.com\/es\/\"},{\"@type\":\"ListItem\",\"position\":2,\"name\":\"Entrevista a la artista libanesa en protesta Batool Jacob\"}]},{\"@type\":\"WebSite\",\"@id\":\"https:\/\/www.pressenza.com\/es\/#website\",\"url\":\"https:\/\/www.pressenza.com\/es\/\",\"name\":\"Pressenza\",\"description\":\"International Press Agency\",\"publisher\":{\"@id\":\"https:\/\/www.pressenza.com\/es\/#organization\"},\"potentialAction\":[{\"@type\":\"SearchAction\",\"target\":{\"@type\":\"EntryPoint\",\"urlTemplate\":\"https:\/\/www.pressenza.com\/es\/?s={search_term_string}\"},\"query-input\":{\"@type\":\"PropertyValueSpecification\",\"valueRequired\":true,\"valueName\":\"search_term_string\"}}],\"inLanguage\":\"es\"},{\"@type\":\"Organization\",\"@id\":\"https:\/\/www.pressenza.com\/es\/#organization\",\"name\":\"Pressenza\",\"url\":\"https:\/\/www.pressenza.com\/es\/\",\"logo\":{\"@type\":\"ImageObject\",\"inLanguage\":\"es\",\"@id\":\"https:\/\/www.pressenza.com\/es\/#\/schema\/logo\/image\/\",\"url\":\"https:\/\/www.pressenza.com\/wp-content\/uploads\/2022\/10\/pressenza_logo_200x200.jpg\",\"contentUrl\":\"https:\/\/www.pressenza.com\/wp-content\/uploads\/2022\/10\/pressenza_logo_200x200.jpg\",\"width\":200,\"height\":200,\"caption\":\"Pressenza\"},\"image\":{\"@id\":\"https:\/\/www.pressenza.com\/es\/#\/schema\/logo\/image\/\"},\"sameAs\":[\"https:\/\/www.facebook.com\/PressenzaItalia\",\"https:\/\/x.com\/PressenzaIPA\"]},{\"@type\":\"Person\",\"@id\":\"https:\/\/www.pressenza.com\/es\/#\/schema\/person\/a6c3e727f5a3eb6cce9a762fc2af8b72\",\"name\":\"Global Voices Online\",\"description\":\"Global Voices is an international, multilingual, primarily volunteer community of writers, translators, academics, and human rights activists. Together, we leverage the power of the internet to build understanding across borders.\",\"sameAs\":[\"https:\/\/it.globalvoices.org\"],\"url\":\"https:\/\/www.pressenza.com\/es\/author\/global-voices-online\/\"}]}<\/script>\n<!-- \/ Yoast SEO plugin. -->","yoast_head_json":{"title":"Entrevista a la artista libanesa en protesta Batool Jacob","description":"Desde que empezaron las manifestaciones en contra del gobierno en L\u00edbano, el 17 de octubre de 2019, se ha desarrollado el arte como medio de protesta. El","robots":{"index":"index","follow":"follow","max-snippet":"max-snippet:-1","max-image-preview":"max-image-preview:large","max-video-preview":"max-video-preview:-1"},"canonical":"https:\/\/www.pressenza.com\/es\/2020\/05\/entrevista-a-la-artista-libanesa-en-protesta-batool-jacob\/","og_locale":"es_ES","og_type":"article","og_title":"Entrevista a la artista libanesa en protesta Batool Jacob","og_description":"Desde que empezaron las manifestaciones en contra del gobierno en L\u00edbano, el 17 de octubre de 2019, se ha desarrollado el arte como medio de protesta. El","og_url":"https:\/\/www.pressenza.com\/es\/2020\/05\/entrevista-a-la-artista-libanesa-en-protesta-batool-jacob\/","og_site_name":"Pressenza","article_publisher":"https:\/\/www.facebook.com\/PressenzaItalia","article_published_time":"2020-05-28T23:20:51+00:00","og_image":[{"width":800,"height":612,"url":"https:\/\/www.pressenza.com\/wp-content\/uploads\/2020\/05\/Batool-Jacob-Instagram-Global-Voices-permiso.png","type":"image\/png"}],"author":"Global Voices Online","twitter_card":"summary_large_image","twitter_creator":"@PressenzaIPA","twitter_site":"@PressenzaIPA","twitter_misc":{"Escrito por":"Global Voices Online","Tiempo de lectura":"5 minutos"},"schema":{"@context":"https:\/\/schema.org","@graph":[{"@type":"Article","@id":"https:\/\/www.pressenza.com\/es\/2020\/05\/entrevista-a-la-artista-libanesa-en-protesta-batool-jacob\/#article","isPartOf":{"@id":"https:\/\/www.pressenza.com\/es\/2020\/05\/entrevista-a-la-artista-libanesa-en-protesta-batool-jacob\/"},"author":{"name":"Global Voices Online","@id":"https:\/\/www.pressenza.com\/es\/#\/schema\/person\/a6c3e727f5a3eb6cce9a762fc2af8b72"},"headline":"Entrevista a la artista libanesa en protesta Batool Jacob","datePublished":"2020-05-28T23:20:51+00:00","mainEntityOfPage":{"@id":"https:\/\/www.pressenza.com\/es\/2020\/05\/entrevista-a-la-artista-libanesa-en-protesta-batool-jacob\/"},"wordCount":1099,"publisher":{"@id":"https:\/\/www.pressenza.com\/es\/#organization"},"image":{"@id":"https:\/\/www.pressenza.com\/es\/2020\/05\/entrevista-a-la-artista-libanesa-en-protesta-batool-jacob\/#primaryimage"},"thumbnailUrl":"https:\/\/www.pressenza.com\/wp-content\/uploads\/2020\/05\/Batool-Jacob-Instagram-Global-Voices-permiso.png","keywords":["arte","Batool Jacob","L\u00edbano","protests"],"articleSection":["Cultura y Medios","Entrevistas","G\u00e9nero y Feminismos","Medio Oriente"],"inLanguage":"es"},{"@type":"WebPage","@id":"https:\/\/www.pressenza.com\/es\/2020\/05\/entrevista-a-la-artista-libanesa-en-protesta-batool-jacob\/","url":"https:\/\/www.pressenza.com\/es\/2020\/05\/entrevista-a-la-artista-libanesa-en-protesta-batool-jacob\/","name":"Entrevista a la artista libanesa en protesta Batool Jacob","isPartOf":{"@id":"https:\/\/www.pressenza.com\/es\/#website"},"primaryImageOfPage":{"@id":"https:\/\/www.pressenza.com\/es\/2020\/05\/entrevista-a-la-artista-libanesa-en-protesta-batool-jacob\/#primaryimage"},"image":{"@id":"https:\/\/www.pressenza.com\/es\/2020\/05\/entrevista-a-la-artista-libanesa-en-protesta-batool-jacob\/#primaryimage"},"thumbnailUrl":"https:\/\/www.pressenza.com\/wp-content\/uploads\/2020\/05\/Batool-Jacob-Instagram-Global-Voices-permiso.png","datePublished":"2020-05-28T23:20:51+00:00","description":"Desde que empezaron las manifestaciones en contra del gobierno en L\u00edbano, el 17 de octubre de 2019, se ha desarrollado el arte como medio de protesta. El","breadcrumb":{"@id":"https:\/\/www.pressenza.com\/es\/2020\/05\/entrevista-a-la-artista-libanesa-en-protesta-batool-jacob\/#breadcrumb"},"inLanguage":"es","potentialAction":[{"@type":"ReadAction","target":["https:\/\/www.pressenza.com\/es\/2020\/05\/entrevista-a-la-artista-libanesa-en-protesta-batool-jacob\/"]}]},{"@type":"ImageObject","inLanguage":"es","@id":"https:\/\/www.pressenza.com\/es\/2020\/05\/entrevista-a-la-artista-libanesa-en-protesta-batool-jacob\/#primaryimage","url":"https:\/\/www.pressenza.com\/wp-content\/uploads\/2020\/05\/Batool-Jacob-Instagram-Global-Voices-permiso.png","contentUrl":"https:\/\/www.pressenza.com\/wp-content\/uploads\/2020\/05\/Batool-Jacob-Instagram-Global-Voices-permiso.png","width":800,"height":612},{"@type":"BreadcrumbList","@id":"https:\/\/www.pressenza.com\/es\/2020\/05\/entrevista-a-la-artista-libanesa-en-protesta-batool-jacob\/#breadcrumb","itemListElement":[{"@type":"ListItem","position":1,"name":"Accueil","item":"https:\/\/www.pressenza.com\/es\/"},{"@type":"ListItem","position":2,"name":"Entrevista a la artista libanesa en protesta Batool Jacob"}]},{"@type":"WebSite","@id":"https:\/\/www.pressenza.com\/es\/#website","url":"https:\/\/www.pressenza.com\/es\/","name":"Pressenza","description":"International Press Agency","publisher":{"@id":"https:\/\/www.pressenza.com\/es\/#organization"},"potentialAction":[{"@type":"SearchAction","target":{"@type":"EntryPoint","urlTemplate":"https:\/\/www.pressenza.com\/es\/?s={search_term_string}"},"query-input":{"@type":"PropertyValueSpecification","valueRequired":true,"valueName":"search_term_string"}}],"inLanguage":"es"},{"@type":"Organization","@id":"https:\/\/www.pressenza.com\/es\/#organization","name":"Pressenza","url":"https:\/\/www.pressenza.com\/es\/","logo":{"@type":"ImageObject","inLanguage":"es","@id":"https:\/\/www.pressenza.com\/es\/#\/schema\/logo\/image\/","url":"https:\/\/www.pressenza.com\/wp-content\/uploads\/2022\/10\/pressenza_logo_200x200.jpg","contentUrl":"https:\/\/www.pressenza.com\/wp-content\/uploads\/2022\/10\/pressenza_logo_200x200.jpg","width":200,"height":200,"caption":"Pressenza"},"image":{"@id":"https:\/\/www.pressenza.com\/es\/#\/schema\/logo\/image\/"},"sameAs":["https:\/\/www.facebook.com\/PressenzaItalia","https:\/\/x.com\/PressenzaIPA"]},{"@type":"Person","@id":"https:\/\/www.pressenza.com\/es\/#\/schema\/person\/a6c3e727f5a3eb6cce9a762fc2af8b72","name":"Global Voices Online","description":"Global Voices is an international, multilingual, primarily volunteer community of writers, translators, academics, and human rights activists. Together, we leverage the power of the internet to build understanding across borders.","sameAs":["https:\/\/it.globalvoices.org"],"url":"https:\/\/www.pressenza.com\/es\/author\/global-voices-online\/"}]}},"place":"L\u00edbano","original_article_url":"https:\/\/es.globalvoices.org\/2020\/05\/28\/entrevista-con-la-artista-libanesa-en-protesta-batool-jacob\/","_links":{"self":[{"href":"https:\/\/www.pressenza.com\/es\/wp-json\/wp\/v2\/posts\/1120385","targetHints":{"allow":["GET"]}}],"collection":[{"href":"https:\/\/www.pressenza.com\/es\/wp-json\/wp\/v2\/posts"}],"about":[{"href":"https:\/\/www.pressenza.com\/es\/wp-json\/wp\/v2\/types\/post"}],"author":[{"embeddable":true,"href":"https:\/\/www.pressenza.com\/es\/wp-json\/wp\/v2\/users\/1277"}],"replies":[{"embeddable":true,"href":"https:\/\/www.pressenza.com\/es\/wp-json\/wp\/v2\/comments?post=1120385"}],"version-history":[{"count":0,"href":"https:\/\/www.pressenza.com\/es\/wp-json\/wp\/v2\/posts\/1120385\/revisions"}],"wp:featuredmedia":[{"embeddable":true,"href":"https:\/\/www.pressenza.com\/es\/wp-json\/wp\/v2\/media\/1120386"}],"wp:attachment":[{"href":"https:\/\/www.pressenza.com\/es\/wp-json\/wp\/v2\/media?parent=1120385"}],"wp:term":[{"taxonomy":"category","embeddable":true,"href":"https:\/\/www.pressenza.com\/es\/wp-json\/wp\/v2\/categories?post=1120385"},{"taxonomy":"post_tag","embeddable":true,"href":"https:\/\/www.pressenza.com\/es\/wp-json\/wp\/v2\/tags?post=1120385"}],"curies":[{"name":"wp","href":"https:\/\/api.w.org\/{rel}","templated":true}]}}