{"id":1119463,"date":"2020-05-27T18:28:40","date_gmt":"2020-05-27T17:28:40","guid":{"rendered":"https:\/\/www.pressenza.com\/?p=1119463"},"modified":"2020-05-27T18:28:40","modified_gmt":"2020-05-27T17:28:40","slug":"secretario-tecnico-del-filac-denuncia-indiferencia-de-los-gobiernos-de-alc-ante-situacion-covid-19-de-los-pueblos-indigenas","status":"publish","type":"post","link":"https:\/\/www.pressenza.com\/es\/2020\/05\/secretario-tecnico-del-filac-denuncia-indiferencia-de-los-gobiernos-de-alc-ante-situacion-covid-19-de-los-pueblos-indigenas\/","title":{"rendered":"Secretario t\u00e9cnico del FILAC denuncia indiferencia de los gobiernos de ALC ante situaci\u00f3n covid-19 de los pueblos ind\u00edgenas"},"content":{"rendered":"<p>El Coronavirus o Covid-19 ha crecido a pasos agigantados en Am\u00e9rica Latina y el Caribe. Brasil se ha convertido en el segundo pa\u00eds del mundo con m\u00e1s de 378 mil casos reportados y 23.606 muertes. Ante este delicado panorama, el secretario t\u00e9cnico del Fondo para el Desarrollo de los Pueblos Ind\u00edgenas de Am\u00e9rica Latina y el Caribe (FILAC), \u00c1lvaro Pop, denunci\u00f3 la indiferencia de los gobiernos de la regi\u00f3n ante la realidad de los pueblos originarios frente a esta pandemia.<\/p>\n<p>En conversaci\u00f3n con periodistas integrantes del Foro de Comunicaci\u00f3n para la Integraci\u00f3n de NuestrAm\u00e9rica (FCINA), Pop manifest\u00f3 que \u00abno contamos con pol\u00edticas p\u00fablicas que puedan atender y enfrentar la situaci\u00f3n de riesgo. Las camas de hospital y la atenci\u00f3n de la enfermedad solo est\u00e1n en las capitales y en los centros urbanos mayores. La atenci\u00f3n en las \u00e1reas rurales y selva es casi nula, en consecuencia hay un enorme riesgo en toda Am\u00e9rica Latina y el Caribe\u00bb.<\/p>\n<p>El secretario T\u00e9cnico del FILAC detall\u00f3 las vulnerabilidades de los pueblos ind\u00edgenas de la regi\u00f3n e indic\u00f3 que existen m\u00e1s de 400 pueblos con menos de 3 mil miembros y 100 pueblos trasnfronterizos, quienes se encuentran en mayor riesgo precisamente porque est\u00e1n entre la atenci\u00f3n de un pa\u00eds u otro. \u00abHay regiones amaz\u00f3nicas que tienen transfroterizos entre 3 pa\u00edses y eso genera una crisis humanitaria de amplias dimensiones\u00bb, dijo.<\/p>\n<p>Resalt\u00f3 que al crearse el FILAC se logr\u00f3 comunicaci\u00f3n directa con todos los jefes de Estado y de gobierno del continente para informar sobre las preocupaciones y propuestas de las organizaciones de pueblos indigenas de cada uno de los pa\u00edses ante la pandemia, sin embargo la comunicaci\u00f3n se ha estancado y al d\u00eda de hoy \u00abno tenemos el dato exacto de los que est\u00e1n muriendo en Brasil, no tenemos datos de Mesoam\u00e9rica, de la regi\u00f3n Andina y no hay una preocupaci\u00f3n s\u00f3lida de las naciones por atender la situaci\u00f3n\u00bb.<\/p>\n<p>Acot\u00f3 que en estos momentos algunos pa\u00edses de la regi\u00f3n est\u00e1n llevando a cabo negociaciones con el Banco Mundial y el Banco Interamericano de Desarrollo para incrementar los cr\u00e9ditos espec\u00edficos para el tratamiento de la pandemia y la recuperaci\u00f3n econ\u00f3mica, no obstante, en muy pocos casos, se menciona a los pueblos ind\u00edgenas como un actor dentro de estas discusiones.<\/p>\n<p>En cuanto a Bolivia, pa\u00eds con poblaci\u00f3n mayoritariamente ind\u00edgena, Pop coment\u00f3 que la naci\u00f3n del altiplano hab\u00eda logrado importantes avances en el empoderamiento de los pueblos originarios durante los \u00faltimos 12 a\u00f1os. Sin embargo, la inestabilidad pol\u00edtica actual tras el golpe de Estado al gobierno de Evo Morales ha sumido al pa\u00eds en una gran incertidumbre pol\u00edtica, econ\u00f3mica, social y cultural.<\/p>\n<p>\u00abLos informes que tenemos son seriamente cuestionables. La crisis gener\u00f3 una desarticulaci\u00f3n en Bolivia y el pa\u00eds est\u00e1 sufriendo serias amenazas a su estabilidad a partir de cuestiones de salud. La crisis por el dengue y ahora por el covid, est\u00e1n generando inestabilidad muy fuerte. Bolivia tiene 11 millones de habitantes y tiene m\u00e1s de 5000 casos de coronavirus. Mientras Guatemala, por ejemplo, que tiene 20 millones de habitantes, tiene un poco m\u00e1s de 2 mil casos de coronavirus\u00bb, a\u00f1adi\u00f3.<\/p>\n<p>Para finalizar, Pop recalc\u00f3 que desde el FILAC continuar\u00e1n sumando esfuerzos por ampliar el di\u00e1logo entre los gobiernos y las empresas dispuestas a tener una nueva visi\u00f3n de desarrollo que incluya a los ind\u00edgenas. \u00abEse es el reto del FILAC, discutir en nuevo horizonte con los pueblos ind\u00edgenas como actores fundamentales de su propio futuro\u00bb.<\/p>\n<p>A continuaci\u00f3n, la entrevista completa.<\/p>\n<p><iframe loading=\"lazy\" src=\"https:\/\/peertube.su\/videos\/embed\/d2a7ee10-f2a3-46f7-81dc-f972bb65f6bc\" width=\"560\" height=\"315\" frameborder=\"0\" sandbox=\"allow-same-origin allow-scripts allow-popups\" allowfullscreen=\"allowfullscreen\"><\/iframe><br \/>\n&nbsp;<\/p>\n","protected":false},"excerpt":{"rendered":"<p>El Coronavirus o Covid-19 ha crecido a pasos agigantados en Am\u00e9rica Latina y el Caribe. Brasil se ha convertido en el segundo pa\u00eds del mundo con m\u00e1s de 378 mil casos reportados y 23.606 muertes. Ante este delicado panorama, el&hellip;<\/p>\n","protected":false},"author":1338,"featured_media":1119464,"comment_status":"closed","ping_status":"closed","sticky":false,"template":"","format":"standard","meta":{"footnotes":""},"categories":[76,155,80,1239,25678],"tags":[20547,72131,75226,11815],"class_list":["post-1119463","post","type-post","status-publish","format-standard","has-post-thumbnail","hentry","category-relaciones-exteriores","category-entrevistas","category-pueblos-originarios","category-salud","category-video-es","tag-america-latina-y-el-caribe","tag-covid-19-es","tag-filac","tag-pueblos-indigenas"],"yoast_head":"<!-- This site is optimized with the Yoast SEO plugin v27.1.1 - https:\/\/yoast.com\/product\/yoast-seo-wordpress\/ -->\n<title>Secretario t\u00e9cnico del FILAC denuncia indiferencia de los gobiernos de ALC ante situaci\u00f3n covid-19 de los pueblos ind\u00edgenas<\/title>\n<meta name=\"description\" content=\"El Coronavirus o Covid-19 ha crecido a pasos agigantados en Am\u00e9rica Latina y el Caribe. Brasil se ha convertido en el segundo pa\u00eds del mundo con m\u00e1s de\" \/>\n<meta name=\"robots\" content=\"index, follow, max-snippet:-1, max-image-preview:large, max-video-preview:-1\" \/>\n<link rel=\"canonical\" href=\"https:\/\/www.pressenza.com\/es\/2020\/05\/secretario-tecnico-del-filac-denuncia-indiferencia-de-los-gobiernos-de-alc-ante-situacion-covid-19-de-los-pueblos-indigenas\/\" \/>\n<meta property=\"og:locale\" content=\"es_ES\" \/>\n<meta property=\"og:type\" content=\"article\" \/>\n<meta property=\"og:title\" content=\"Secretario t\u00e9cnico del FILAC denuncia indiferencia de los gobiernos de ALC ante situaci\u00f3n covid-19 de los pueblos ind\u00edgenas\" \/>\n<meta property=\"og:description\" content=\"El Coronavirus o Covid-19 ha crecido a pasos agigantados en Am\u00e9rica Latina y el Caribe. Brasil se ha convertido en el segundo pa\u00eds del mundo con m\u00e1s de\" \/>\n<meta property=\"og:url\" content=\"https:\/\/www.pressenza.com\/es\/2020\/05\/secretario-tecnico-del-filac-denuncia-indiferencia-de-los-gobiernos-de-alc-ante-situacion-covid-19-de-los-pueblos-indigenas\/\" \/>\n<meta property=\"og:site_name\" content=\"Pressenza\" \/>\n<meta property=\"article:publisher\" content=\"https:\/\/www.facebook.com\/PressenzaItalia\" \/>\n<meta property=\"article:published_time\" content=\"2020-05-27T17:28:40+00:00\" \/>\n<meta property=\"og:image\" content=\"https:\/\/www.pressenza.com\/wp-content\/uploads\/2020\/05\/alvaropop-1024x679-1.jpg\" \/>\n\t<meta property=\"og:image:width\" content=\"940\" \/>\n\t<meta property=\"og:image:height\" content=\"400\" \/>\n\t<meta property=\"og:image:type\" content=\"image\/jpeg\" \/>\n<meta name=\"author\" content=\"Foro de Comunicaci\u00f3n para la Integracion de NuestrAm\u00e9rica (FCINA)\" \/>\n<meta name=\"twitter:card\" content=\"summary_large_image\" \/>\n<meta name=\"twitter:creator\" content=\"@PressenzaIPA\" \/>\n<meta name=\"twitter:site\" content=\"@PressenzaIPA\" \/>\n<meta name=\"twitter:label1\" content=\"Escrito por\" \/>\n\t<meta name=\"twitter:data1\" content=\"Foro de Comunicaci\u00f3n para la Integracion de NuestrAm\u00e9rica (FCINA)\" \/>\n\t<meta name=\"twitter:label2\" content=\"Tiempo de lectura\" \/>\n\t<meta name=\"twitter:data2\" content=\"3 minutos\" \/>\n<script type=\"application\/ld+json\" class=\"yoast-schema-graph\">{\"@context\":\"https:\/\/schema.org\",\"@graph\":[{\"@type\":\"Article\",\"@id\":\"https:\/\/www.pressenza.com\/es\/2020\/05\/secretario-tecnico-del-filac-denuncia-indiferencia-de-los-gobiernos-de-alc-ante-situacion-covid-19-de-los-pueblos-indigenas\/#article\",\"isPartOf\":{\"@id\":\"https:\/\/www.pressenza.com\/es\/2020\/05\/secretario-tecnico-del-filac-denuncia-indiferencia-de-los-gobiernos-de-alc-ante-situacion-covid-19-de-los-pueblos-indigenas\/\"},\"author\":{\"name\":\"Foro de Comunicaci\u00f3n para la Integracion de NuestrAm\u00e9rica (FCINA)\",\"@id\":\"https:\/\/www.pressenza.com\/es\/#\/schema\/person\/bee2dba4625fd34d557d703cfd75f339\"},\"headline\":\"Secretario t\u00e9cnico del FILAC denuncia indiferencia de los gobiernos de ALC ante situaci\u00f3n covid-19 de los pueblos ind\u00edgenas\",\"datePublished\":\"2020-05-27T17:28:40+00:00\",\"mainEntityOfPage\":{\"@id\":\"https:\/\/www.pressenza.com\/es\/2020\/05\/secretario-tecnico-del-filac-denuncia-indiferencia-de-los-gobiernos-de-alc-ante-situacion-covid-19-de-los-pueblos-indigenas\/\"},\"wordCount\":653,\"publisher\":{\"@id\":\"https:\/\/www.pressenza.com\/es\/#organization\"},\"image\":{\"@id\":\"https:\/\/www.pressenza.com\/es\/2020\/05\/secretario-tecnico-del-filac-denuncia-indiferencia-de-los-gobiernos-de-alc-ante-situacion-covid-19-de-los-pueblos-indigenas\/#primaryimage\"},\"thumbnailUrl\":\"https:\/\/www.pressenza.com\/wp-content\/uploads\/2020\/05\/alvaropop-1024x679-1.jpg\",\"keywords\":[\"Am\u00e9rica Latina y el Caribe\",\"COVID-19\",\"FILAC\",\"Pueblos indigenas\"],\"articleSection\":[\"Asuntos internacionales\",\"Entrevistas\",\"Pueblos Originarios\",\"Salud\",\"Video\"],\"inLanguage\":\"es\"},{\"@type\":\"WebPage\",\"@id\":\"https:\/\/www.pressenza.com\/es\/2020\/05\/secretario-tecnico-del-filac-denuncia-indiferencia-de-los-gobiernos-de-alc-ante-situacion-covid-19-de-los-pueblos-indigenas\/\",\"url\":\"https:\/\/www.pressenza.com\/es\/2020\/05\/secretario-tecnico-del-filac-denuncia-indiferencia-de-los-gobiernos-de-alc-ante-situacion-covid-19-de-los-pueblos-indigenas\/\",\"name\":\"Secretario t\u00e9cnico del FILAC denuncia indiferencia de los gobiernos de ALC ante situaci\u00f3n covid-19 de los pueblos ind\u00edgenas\",\"isPartOf\":{\"@id\":\"https:\/\/www.pressenza.com\/es\/#website\"},\"primaryImageOfPage\":{\"@id\":\"https:\/\/www.pressenza.com\/es\/2020\/05\/secretario-tecnico-del-filac-denuncia-indiferencia-de-los-gobiernos-de-alc-ante-situacion-covid-19-de-los-pueblos-indigenas\/#primaryimage\"},\"image\":{\"@id\":\"https:\/\/www.pressenza.com\/es\/2020\/05\/secretario-tecnico-del-filac-denuncia-indiferencia-de-los-gobiernos-de-alc-ante-situacion-covid-19-de-los-pueblos-indigenas\/#primaryimage\"},\"thumbnailUrl\":\"https:\/\/www.pressenza.com\/wp-content\/uploads\/2020\/05\/alvaropop-1024x679-1.jpg\",\"datePublished\":\"2020-05-27T17:28:40+00:00\",\"description\":\"El Coronavirus o Covid-19 ha crecido a pasos agigantados en Am\u00e9rica Latina y el Caribe. Brasil se ha convertido en el segundo pa\u00eds del mundo con m\u00e1s de\",\"breadcrumb\":{\"@id\":\"https:\/\/www.pressenza.com\/es\/2020\/05\/secretario-tecnico-del-filac-denuncia-indiferencia-de-los-gobiernos-de-alc-ante-situacion-covid-19-de-los-pueblos-indigenas\/#breadcrumb\"},\"inLanguage\":\"es\",\"potentialAction\":[{\"@type\":\"ReadAction\",\"target\":[\"https:\/\/www.pressenza.com\/es\/2020\/05\/secretario-tecnico-del-filac-denuncia-indiferencia-de-los-gobiernos-de-alc-ante-situacion-covid-19-de-los-pueblos-indigenas\/\"]}]},{\"@type\":\"ImageObject\",\"inLanguage\":\"es\",\"@id\":\"https:\/\/www.pressenza.com\/es\/2020\/05\/secretario-tecnico-del-filac-denuncia-indiferencia-de-los-gobiernos-de-alc-ante-situacion-covid-19-de-los-pueblos-indigenas\/#primaryimage\",\"url\":\"https:\/\/www.pressenza.com\/wp-content\/uploads\/2020\/05\/alvaropop-1024x679-1.jpg\",\"contentUrl\":\"https:\/\/www.pressenza.com\/wp-content\/uploads\/2020\/05\/alvaropop-1024x679-1.jpg\",\"width\":940,\"height\":400},{\"@type\":\"BreadcrumbList\",\"@id\":\"https:\/\/www.pressenza.com\/es\/2020\/05\/secretario-tecnico-del-filac-denuncia-indiferencia-de-los-gobiernos-de-alc-ante-situacion-covid-19-de-los-pueblos-indigenas\/#breadcrumb\",\"itemListElement\":[{\"@type\":\"ListItem\",\"position\":1,\"name\":\"Accueil\",\"item\":\"https:\/\/www.pressenza.com\/es\/\"},{\"@type\":\"ListItem\",\"position\":2,\"name\":\"Secretario t\u00e9cnico del FILAC denuncia indiferencia de los gobiernos de ALC ante situaci\u00f3n covid-19 de los pueblos ind\u00edgenas\"}]},{\"@type\":\"WebSite\",\"@id\":\"https:\/\/www.pressenza.com\/es\/#website\",\"url\":\"https:\/\/www.pressenza.com\/es\/\",\"name\":\"Pressenza\",\"description\":\"International Press Agency\",\"publisher\":{\"@id\":\"https:\/\/www.pressenza.com\/es\/#organization\"},\"potentialAction\":[{\"@type\":\"SearchAction\",\"target\":{\"@type\":\"EntryPoint\",\"urlTemplate\":\"https:\/\/www.pressenza.com\/es\/?s={search_term_string}\"},\"query-input\":{\"@type\":\"PropertyValueSpecification\",\"valueRequired\":true,\"valueName\":\"search_term_string\"}}],\"inLanguage\":\"es\"},{\"@type\":\"Organization\",\"@id\":\"https:\/\/www.pressenza.com\/es\/#organization\",\"name\":\"Pressenza\",\"url\":\"https:\/\/www.pressenza.com\/es\/\",\"logo\":{\"@type\":\"ImageObject\",\"inLanguage\":\"es\",\"@id\":\"https:\/\/www.pressenza.com\/es\/#\/schema\/logo\/image\/\",\"url\":\"https:\/\/www.pressenza.com\/wp-content\/uploads\/2022\/10\/pressenza_logo_200x200.jpg\",\"contentUrl\":\"https:\/\/www.pressenza.com\/wp-content\/uploads\/2022\/10\/pressenza_logo_200x200.jpg\",\"width\":200,\"height\":200,\"caption\":\"Pressenza\"},\"image\":{\"@id\":\"https:\/\/www.pressenza.com\/es\/#\/schema\/logo\/image\/\"},\"sameAs\":[\"https:\/\/www.facebook.com\/PressenzaItalia\",\"https:\/\/x.com\/PressenzaIPA\"]},{\"@type\":\"Person\",\"@id\":\"https:\/\/www.pressenza.com\/es\/#\/schema\/person\/bee2dba4625fd34d557d703cfd75f339\",\"name\":\"Foro de Comunicaci\u00f3n para la Integracion de NuestrAm\u00e9rica (FCINA)\",\"url\":\"https:\/\/www.pressenza.com\/es\/author\/fcina\/\"}]}<\/script>\n<!-- \/ Yoast SEO plugin. -->","yoast_head_json":{"title":"Secretario t\u00e9cnico del FILAC denuncia indiferencia de los gobiernos de ALC ante situaci\u00f3n covid-19 de los pueblos ind\u00edgenas","description":"El Coronavirus o Covid-19 ha crecido a pasos agigantados en Am\u00e9rica Latina y el Caribe. Brasil se ha convertido en el segundo pa\u00eds del mundo con m\u00e1s de","robots":{"index":"index","follow":"follow","max-snippet":"max-snippet:-1","max-image-preview":"max-image-preview:large","max-video-preview":"max-video-preview:-1"},"canonical":"https:\/\/www.pressenza.com\/es\/2020\/05\/secretario-tecnico-del-filac-denuncia-indiferencia-de-los-gobiernos-de-alc-ante-situacion-covid-19-de-los-pueblos-indigenas\/","og_locale":"es_ES","og_type":"article","og_title":"Secretario t\u00e9cnico del FILAC denuncia indiferencia de los gobiernos de ALC ante situaci\u00f3n covid-19 de los pueblos ind\u00edgenas","og_description":"El Coronavirus o Covid-19 ha crecido a pasos agigantados en Am\u00e9rica Latina y el Caribe. Brasil se ha convertido en el segundo pa\u00eds del mundo con m\u00e1s de","og_url":"https:\/\/www.pressenza.com\/es\/2020\/05\/secretario-tecnico-del-filac-denuncia-indiferencia-de-los-gobiernos-de-alc-ante-situacion-covid-19-de-los-pueblos-indigenas\/","og_site_name":"Pressenza","article_publisher":"https:\/\/www.facebook.com\/PressenzaItalia","article_published_time":"2020-05-27T17:28:40+00:00","og_image":[{"width":940,"height":400,"url":"https:\/\/www.pressenza.com\/wp-content\/uploads\/2020\/05\/alvaropop-1024x679-1.jpg","type":"image\/jpeg"}],"author":"Foro de Comunicaci\u00f3n para la Integracion de NuestrAm\u00e9rica (FCINA)","twitter_card":"summary_large_image","twitter_creator":"@PressenzaIPA","twitter_site":"@PressenzaIPA","twitter_misc":{"Escrito por":"Foro de Comunicaci\u00f3n para la Integracion de NuestrAm\u00e9rica (FCINA)","Tiempo de lectura":"3 minutos"},"schema":{"@context":"https:\/\/schema.org","@graph":[{"@type":"Article","@id":"https:\/\/www.pressenza.com\/es\/2020\/05\/secretario-tecnico-del-filac-denuncia-indiferencia-de-los-gobiernos-de-alc-ante-situacion-covid-19-de-los-pueblos-indigenas\/#article","isPartOf":{"@id":"https:\/\/www.pressenza.com\/es\/2020\/05\/secretario-tecnico-del-filac-denuncia-indiferencia-de-los-gobiernos-de-alc-ante-situacion-covid-19-de-los-pueblos-indigenas\/"},"author":{"name":"Foro de Comunicaci\u00f3n para la Integracion de NuestrAm\u00e9rica (FCINA)","@id":"https:\/\/www.pressenza.com\/es\/#\/schema\/person\/bee2dba4625fd34d557d703cfd75f339"},"headline":"Secretario t\u00e9cnico del FILAC denuncia indiferencia de los gobiernos de ALC ante situaci\u00f3n covid-19 de los pueblos ind\u00edgenas","datePublished":"2020-05-27T17:28:40+00:00","mainEntityOfPage":{"@id":"https:\/\/www.pressenza.com\/es\/2020\/05\/secretario-tecnico-del-filac-denuncia-indiferencia-de-los-gobiernos-de-alc-ante-situacion-covid-19-de-los-pueblos-indigenas\/"},"wordCount":653,"publisher":{"@id":"https:\/\/www.pressenza.com\/es\/#organization"},"image":{"@id":"https:\/\/www.pressenza.com\/es\/2020\/05\/secretario-tecnico-del-filac-denuncia-indiferencia-de-los-gobiernos-de-alc-ante-situacion-covid-19-de-los-pueblos-indigenas\/#primaryimage"},"thumbnailUrl":"https:\/\/www.pressenza.com\/wp-content\/uploads\/2020\/05\/alvaropop-1024x679-1.jpg","keywords":["Am\u00e9rica Latina y el Caribe","COVID-19","FILAC","Pueblos indigenas"],"articleSection":["Asuntos internacionales","Entrevistas","Pueblos Originarios","Salud","Video"],"inLanguage":"es"},{"@type":"WebPage","@id":"https:\/\/www.pressenza.com\/es\/2020\/05\/secretario-tecnico-del-filac-denuncia-indiferencia-de-los-gobiernos-de-alc-ante-situacion-covid-19-de-los-pueblos-indigenas\/","url":"https:\/\/www.pressenza.com\/es\/2020\/05\/secretario-tecnico-del-filac-denuncia-indiferencia-de-los-gobiernos-de-alc-ante-situacion-covid-19-de-los-pueblos-indigenas\/","name":"Secretario t\u00e9cnico del FILAC denuncia indiferencia de los gobiernos de ALC ante situaci\u00f3n covid-19 de los pueblos ind\u00edgenas","isPartOf":{"@id":"https:\/\/www.pressenza.com\/es\/#website"},"primaryImageOfPage":{"@id":"https:\/\/www.pressenza.com\/es\/2020\/05\/secretario-tecnico-del-filac-denuncia-indiferencia-de-los-gobiernos-de-alc-ante-situacion-covid-19-de-los-pueblos-indigenas\/#primaryimage"},"image":{"@id":"https:\/\/www.pressenza.com\/es\/2020\/05\/secretario-tecnico-del-filac-denuncia-indiferencia-de-los-gobiernos-de-alc-ante-situacion-covid-19-de-los-pueblos-indigenas\/#primaryimage"},"thumbnailUrl":"https:\/\/www.pressenza.com\/wp-content\/uploads\/2020\/05\/alvaropop-1024x679-1.jpg","datePublished":"2020-05-27T17:28:40+00:00","description":"El Coronavirus o Covid-19 ha crecido a pasos agigantados en Am\u00e9rica Latina y el Caribe. Brasil se ha convertido en el segundo pa\u00eds del mundo con m\u00e1s de","breadcrumb":{"@id":"https:\/\/www.pressenza.com\/es\/2020\/05\/secretario-tecnico-del-filac-denuncia-indiferencia-de-los-gobiernos-de-alc-ante-situacion-covid-19-de-los-pueblos-indigenas\/#breadcrumb"},"inLanguage":"es","potentialAction":[{"@type":"ReadAction","target":["https:\/\/www.pressenza.com\/es\/2020\/05\/secretario-tecnico-del-filac-denuncia-indiferencia-de-los-gobiernos-de-alc-ante-situacion-covid-19-de-los-pueblos-indigenas\/"]}]},{"@type":"ImageObject","inLanguage":"es","@id":"https:\/\/www.pressenza.com\/es\/2020\/05\/secretario-tecnico-del-filac-denuncia-indiferencia-de-los-gobiernos-de-alc-ante-situacion-covid-19-de-los-pueblos-indigenas\/#primaryimage","url":"https:\/\/www.pressenza.com\/wp-content\/uploads\/2020\/05\/alvaropop-1024x679-1.jpg","contentUrl":"https:\/\/www.pressenza.com\/wp-content\/uploads\/2020\/05\/alvaropop-1024x679-1.jpg","width":940,"height":400},{"@type":"BreadcrumbList","@id":"https:\/\/www.pressenza.com\/es\/2020\/05\/secretario-tecnico-del-filac-denuncia-indiferencia-de-los-gobiernos-de-alc-ante-situacion-covid-19-de-los-pueblos-indigenas\/#breadcrumb","itemListElement":[{"@type":"ListItem","position":1,"name":"Accueil","item":"https:\/\/www.pressenza.com\/es\/"},{"@type":"ListItem","position":2,"name":"Secretario t\u00e9cnico del FILAC denuncia indiferencia de los gobiernos de ALC ante situaci\u00f3n covid-19 de los pueblos ind\u00edgenas"}]},{"@type":"WebSite","@id":"https:\/\/www.pressenza.com\/es\/#website","url":"https:\/\/www.pressenza.com\/es\/","name":"Pressenza","description":"International Press Agency","publisher":{"@id":"https:\/\/www.pressenza.com\/es\/#organization"},"potentialAction":[{"@type":"SearchAction","target":{"@type":"EntryPoint","urlTemplate":"https:\/\/www.pressenza.com\/es\/?s={search_term_string}"},"query-input":{"@type":"PropertyValueSpecification","valueRequired":true,"valueName":"search_term_string"}}],"inLanguage":"es"},{"@type":"Organization","@id":"https:\/\/www.pressenza.com\/es\/#organization","name":"Pressenza","url":"https:\/\/www.pressenza.com\/es\/","logo":{"@type":"ImageObject","inLanguage":"es","@id":"https:\/\/www.pressenza.com\/es\/#\/schema\/logo\/image\/","url":"https:\/\/www.pressenza.com\/wp-content\/uploads\/2022\/10\/pressenza_logo_200x200.jpg","contentUrl":"https:\/\/www.pressenza.com\/wp-content\/uploads\/2022\/10\/pressenza_logo_200x200.jpg","width":200,"height":200,"caption":"Pressenza"},"image":{"@id":"https:\/\/www.pressenza.com\/es\/#\/schema\/logo\/image\/"},"sameAs":["https:\/\/www.facebook.com\/PressenzaItalia","https:\/\/x.com\/PressenzaIPA"]},{"@type":"Person","@id":"https:\/\/www.pressenza.com\/es\/#\/schema\/person\/bee2dba4625fd34d557d703cfd75f339","name":"Foro de Comunicaci\u00f3n para la Integracion de NuestrAm\u00e9rica (FCINA)","url":"https:\/\/www.pressenza.com\/es\/author\/fcina\/"}]}},"place":"","original_article_url":"https:\/\/integracion-lac.info\/es\/node\/44213","_links":{"self":[{"href":"https:\/\/www.pressenza.com\/es\/wp-json\/wp\/v2\/posts\/1119463","targetHints":{"allow":["GET"]}}],"collection":[{"href":"https:\/\/www.pressenza.com\/es\/wp-json\/wp\/v2\/posts"}],"about":[{"href":"https:\/\/www.pressenza.com\/es\/wp-json\/wp\/v2\/types\/post"}],"author":[{"embeddable":true,"href":"https:\/\/www.pressenza.com\/es\/wp-json\/wp\/v2\/users\/1338"}],"replies":[{"embeddable":true,"href":"https:\/\/www.pressenza.com\/es\/wp-json\/wp\/v2\/comments?post=1119463"}],"version-history":[{"count":0,"href":"https:\/\/www.pressenza.com\/es\/wp-json\/wp\/v2\/posts\/1119463\/revisions"}],"wp:featuredmedia":[{"embeddable":true,"href":"https:\/\/www.pressenza.com\/es\/wp-json\/wp\/v2\/media\/1119464"}],"wp:attachment":[{"href":"https:\/\/www.pressenza.com\/es\/wp-json\/wp\/v2\/media?parent=1119463"}],"wp:term":[{"taxonomy":"category","embeddable":true,"href":"https:\/\/www.pressenza.com\/es\/wp-json\/wp\/v2\/categories?post=1119463"},{"taxonomy":"post_tag","embeddable":true,"href":"https:\/\/www.pressenza.com\/es\/wp-json\/wp\/v2\/tags?post=1119463"}],"curies":[{"name":"wp","href":"https:\/\/api.w.org\/{rel}","templated":true}]}}