{"id":1118005,"date":"2020-05-26T03:17:58","date_gmt":"2020-05-26T02:17:58","guid":{"rendered":"https:\/\/www.pressenza.com\/?p=1118005"},"modified":"2020-05-26T03:17:58","modified_gmt":"2020-05-26T02:17:58","slug":"fase-2-reconsiderar-a-fondo-el-trabajo","status":"publish","type":"post","link":"https:\/\/www.pressenza.com\/es\/2020\/05\/fase-2-reconsiderar-a-fondo-el-trabajo\/","title":{"rendered":"Fase 2: reconsiderar a fondo el trabajo"},"content":{"rendered":"<p>La \u00abfase 2\u00bb que se ha puesto en el orden del d\u00eda durante las \u00faltimas semanas no se refiere tanto a la \u00absalida\u00bb todav\u00eda lejana de la pandemia, como a la \u00abreactivaci\u00f3n\u00bb de la econom\u00eda, que no es otra cosa que el retorno a una normalidad \u00abreforzada\u00bb. Fortalecido para recuperar el tiempo perdido: no el de Proust, sino el del PIB. M\u00e1s producci\u00f3n, m\u00e1s explotaci\u00f3n, m\u00e1s precariedad -es decir, falta de perspectivas y de futuro- para todos, m\u00e1s deuda, m\u00e1s desigualdades entre ricos y pobres, m\u00e1s marginaci\u00f3n de los que se quedan atr\u00e1s, m\u00e1s rechazos de los que no debemos ver entre nosotros (para poder explotarlos mejor), m\u00e1s indiferencia hacia las \u00abvidas desperdiciadas\u00bb.<\/p>\n<p>Todo esto pone en el centro la concepci\u00f3n que los \u00abmaestros\u00bb de la pol\u00edtica y la econom\u00eda tienen del trabajo, que es la verdadera apuesta de este relanzamiento, pero tambi\u00e9n la necesidad de una reconsideraci\u00f3n radical, para muchos de nosotros a la luz de los principios que nos ha transmitido la enc\u00edclica <i>Laudato s\u00ed<\/i>.<\/p>\n<p>Durante siglos, o milenios, el trabajo ha sido considerado una condena, asociado con una condici\u00f3n servil &#8211; o una condici\u00f3n de verdadera esclavitud &#8211; s\u00f3lo sublimada metaf\u00f3ricamente en algunas de sus versiones buc\u00f3licas o rurales. La vida \u00abreal\u00bb siempre ha estado exenta de trabajo, ya sea porque se dedicaba al culto o a la guerra, ya sea porque se centraba en la propia perfecci\u00f3n: condici\u00f3n que el lat\u00edn expresaba con el t\u00e9rmino <i>otium<\/i>, cuyo opuesto &#8211; <i>negotium<\/i> &#8211; no conten\u00eda ninguna referencia al trabajo o al sufrimiento de lo que llamamos trabajo, sino s\u00f3lo al tr\u00e1fico y a los asuntos de orden pol\u00edtico y comercial. Por otra parte, en la ra\u00edz del t\u00e9rmino <i>travail<\/i> (trabajo), presente en varias versiones en muchos modismos neolatinos, hay una referencia a un instrumento de tortura querido por la Inquisici\u00f3n (<i>tri-palio<\/i>: tres palos).<\/p>\n<p>Pero con el advenimiento del capitalismo y la erradicaci\u00f3n de los trabajadores de su entorno de vida para trasladarlos al entorno artificial de la f\u00e1brica, el trabajo se ha ido asociando progresivamente al aumento de la productividad generado por este nuevo entorno: en una palabra, el \u00abdesarrollo de las fuerzas productivas\u00bb. Y a este proceso, tanto Marx como las diferentes versiones pol\u00edticas y culturales que inici\u00f3, y, m\u00e1s tarde, la tradici\u00f3n del catolicismo democr\u00e1tico, a partir de la enc\u00edclica <i>Rerum Novarum<\/i>, e incluso la cultura liberal-libertaria, han propiciado, aunque en formas diferentes, la emancipaci\u00f3n de la explotaci\u00f3n, o la conquista de la propia dignidad, o la realizaci\u00f3n de la plena ciudadan\u00eda.<\/p>\n<p>La Constituci\u00f3n Italiana, por otra parte, que pone el trabajo en la fundaci\u00f3n de la Rep\u00fablica, es uno de los muchos herederos de esta visi\u00f3n. Equipar\u00f3, o confundi\u00f3, el trabajo con las luchas por el mejoramiento de los salarios o las condiciones de trabajo o los derechos de los trabajadores, atribuyendo a los primeros el sentido y la \u00abdignidad\u00bb que les corresponde a los segundos. Pero no por casualidad, ni por error: la fuerza del trabajo industrializado, es decir, el desarrollo de las fuerzas productivas, ha sido y sigue siendo considerada durante mucho tiempo una condici\u00f3n ineludible para la emancipaci\u00f3n de los trabajadores.<\/p>\n<p>Lo que ese trabajo produce o ayuda a producir ocupa un segundo lugar frente a su potencial emancipador. Pero hoy, no s\u00f3lo a la luz de la pandemia, sino tambi\u00e9n a la luz de la crisis clim\u00e1tica y ambiental que la precedi\u00f3, que la caus\u00f3 en gran medida y est\u00e1 destinada a continuar mucho m\u00e1s all\u00e1 de la erradicaci\u00f3n de la enfermedad, ya no es posible una actitud \u00abagn\u00f3stica\u00bb hacia el trabajo. La \u00abvuelta al trabajo\u00bb para aquellos &#8211; no todos &#8211; que han tenido que interrumpirlo, a su \u00abnormalidad\u00bb, es la vuelta a una estructura de procesos de producci\u00f3n que lleva a la humanidad, y no s\u00f3lo a ella, a la extinci\u00f3n. La \u00abdignidad\u00bb del <i>homo faber<\/i> ya no puede confiarse a su capacidad de dominar y transformar la naturaleza y el poder con el que lo hace; se hace indispensable vincularla a las consecuencias de lo que hace, en la medida en que contribuye al cuidado de la Tierra o a su ruina. Ya no puede haber una \u00abdignidad del trabajo\u00bb &#8211; invocada a menudo, adem\u00e1s, por quienes est\u00e1n exentos de \u00e9l de diversas maneras, o que hacen pasar su tr\u00e1fico por trabajo &#8211; excepto en aquellas actividades que contribuyen a la protecci\u00f3n o regeneraci\u00f3n del medio ambiente o a la lucha por la reconversi\u00f3n ecol\u00f3gica de la producci\u00f3n y las actividades en las que todos estamos, m\u00e1s o menos, obligados a ganarnos la vida. La dignidad del trabajo s\u00f3lo puede residir en el cuidado de la Tierra.<\/p>\n<p>A medida que el trabajo abstracto y remunerado se separaba de su contexto de vida -tanto en la modalidad de trabajo remunerado como en la de trabajo \u00abaut\u00f3nomo\u00bb, entre las que hoy en d\u00eda desaparece r\u00e1pidamente cualquier soluci\u00f3n de continuidad- tambi\u00e9n se iba perfilando una reorganizaci\u00f3n de las actividades relacionadas con la reproducci\u00f3n. Hoy en d\u00eda, \u00e9stas se devuelven gen\u00e9ricamente a la categor\u00eda de trabajo de cuidado, en gran parte no remunerado y relegado en su mayor parte al componente femenino de los hogares; sin embargo, es esencial que el trabajo remunerado pueda realizarse seg\u00fan los dictados de las actividades productivas de los bienes, es decir, de valor de cambio.<\/p>\n<p>Durante mucho tiempo, para el trabajo de reproducci\u00f3n o cuidado -cuyo papel esencial en el funcionamiento de la sociedad, pero oculto durante mucho tiempo, ha sido sacado a la luz por los movimientos feministas- se reclam\u00f3 una \u00abigual dignidad\u00bb y una remuneraci\u00f3n adecuada para lo que se conoc\u00eda como trabajo productivo. En otras palabras, se trataba de empujar el trabajo de cuidado dentro de la esfera del trabajo productivo a trav\u00e9s de la lucha. Sin embargo, hoy en d\u00eda est\u00e1 claro que el movimiento que hay que promover es exactamente lo contrario: es necesario luchar para transformar todo el trabajo productivo en un trabajo de cuidado de la Tierra, de los seres vivientes, de la convivencia humana, de la reproducci\u00f3n de la vida. Es el cuidado el que debe atraer, acoger y transferir dentro de su propia esfera de significado y revalorizaci\u00f3n de su importancia el trabajo llamado \u00abproductivo\u00bb, realizando, dentro de esta transformaci\u00f3n, ese reequilibrio entre g\u00e9neros y roles que el \u00abdesarrollo de las fuerzas productivas\u00bb nunca ha conocido y no ha podido lograr: una inversi\u00f3n no insignificante del campo.<\/p>\n<p>Es en esta perspectiva que la reivindicaci\u00f3n de una renta incondicional puede perder su car\u00e1cter retributivo &#8211; \u00abme pagas a cambio de algo\u00bb, es decir, incluso s\u00f3lo esa preciada informaci\u00f3n que se extrae de la vida de cada persona a trav\u00e9s de la red &#8211; que lo vincula indisolublemente al paradigma del trabajo asalariado, para asumir las connotaciones de una reivindicaci\u00f3n que coincide con la pertenencia a una sola raza humana.<\/p>\n<hr \/>\n<p><i>Traducido del italiano por Estefany Zaldumbide<\/i><\/p>\n","protected":false},"excerpt":{"rendered":"<p>La \u00abfase 2\u00bb que se ha puesto en el orden del d\u00eda durante las \u00faltimas semanas no se refiere tanto a la \u00absalida\u00bb todav\u00eda lejana de la pandemia, como a la \u00abreactivaci\u00f3n\u00bb de la econom\u00eda, que no es otra cosa&hellip;<\/p>\n","protected":false},"author":1616,"featured_media":1105944,"comment_status":"closed","ping_status":"closed","sticky":false,"template":"","format":"standard","meta":{"footnotes":""},"categories":[11389,78,81,161],"tags":[55341,17882,9452,76237,76238,76236,72253],"class_list":["post-1118005","post","type-post","status-publish","format-standard","has-post-thumbnail","hentry","category-contenido-original","category-medio-ambiente-ecologia","category-economia-es","category-opiniones","tag-crisis-climatica","tag-desigualdades","tag-empleo","tag-enciclica-laudato-si-es","tag-fase-2-es","tag-ingresos-incondicionales","tag-pandemia-es"],"yoast_head":"<!-- This site is optimized with the Yoast SEO plugin v27.1.1 - https:\/\/yoast.com\/product\/yoast-seo-wordpress\/ -->\n<title>Fase 2: reconsiderar a fondo el trabajo<\/title>\n<meta name=\"description\" content=\"La \u00abfase 2\u00bb que se ha puesto en el orden del d\u00eda durante las \u00faltimas semanas no se refiere tanto a la \u00absalida\u00bb todav\u00eda lejana de la pandemia, como a la\" \/>\n<meta name=\"robots\" content=\"index, follow, max-snippet:-1, max-image-preview:large, max-video-preview:-1\" \/>\n<link rel=\"canonical\" href=\"https:\/\/www.pressenza.com\/es\/2020\/05\/fase-2-reconsiderar-a-fondo-el-trabajo\/\" \/>\n<meta property=\"og:locale\" content=\"es_ES\" \/>\n<meta property=\"og:type\" content=\"article\" \/>\n<meta property=\"og:title\" content=\"Fase 2: reconsiderar a fondo el trabajo\" \/>\n<meta property=\"og:description\" content=\"La \u00abfase 2\u00bb que se ha puesto en el orden del d\u00eda durante las \u00faltimas semanas no se refiere tanto a la \u00absalida\u00bb todav\u00eda lejana de la pandemia, como a la\" \/>\n<meta property=\"og:url\" content=\"https:\/\/www.pressenza.com\/es\/2020\/05\/fase-2-reconsiderar-a-fondo-el-trabajo\/\" \/>\n<meta property=\"og:site_name\" content=\"Pressenza\" \/>\n<meta property=\"article:publisher\" content=\"https:\/\/www.facebook.com\/PressenzaItalia\" \/>\n<meta property=\"article:published_time\" content=\"2020-05-26T02:17:58+00:00\" \/>\n<meta property=\"og:image\" content=\"https:\/\/www.pressenza.com\/wp-content\/uploads\/2020\/05\/factories-Pixabay.jpg\" \/>\n\t<meta property=\"og:image:width\" content=\"1280\" \/>\n\t<meta property=\"og:image:height\" content=\"639\" \/>\n\t<meta property=\"og:image:type\" content=\"image\/jpeg\" \/>\n<meta name=\"author\" content=\"Guido Viale\" \/>\n<meta name=\"twitter:card\" content=\"summary_large_image\" \/>\n<meta name=\"twitter:creator\" content=\"@PressenzaIPA\" \/>\n<meta name=\"twitter:site\" content=\"@PressenzaIPA\" \/>\n<meta name=\"twitter:label1\" content=\"Escrito por\" \/>\n\t<meta name=\"twitter:data1\" content=\"Guido Viale\" \/>\n\t<meta name=\"twitter:label2\" content=\"Tiempo de lectura\" \/>\n\t<meta name=\"twitter:data2\" content=\"6 minutos\" \/>\n<script type=\"application\/ld+json\" class=\"yoast-schema-graph\">{\"@context\":\"https:\/\/schema.org\",\"@graph\":[{\"@type\":\"Article\",\"@id\":\"https:\/\/www.pressenza.com\/es\/2020\/05\/fase-2-reconsiderar-a-fondo-el-trabajo\/#article\",\"isPartOf\":{\"@id\":\"https:\/\/www.pressenza.com\/es\/2020\/05\/fase-2-reconsiderar-a-fondo-el-trabajo\/\"},\"author\":{\"name\":\"Guido Viale\",\"@id\":\"https:\/\/www.pressenza.com\/es\/#\/schema\/person\/7e30fb1d68799cd117e655ba05ad06ef\"},\"headline\":\"Fase 2: reconsiderar a fondo el trabajo\",\"datePublished\":\"2020-05-26T02:17:58+00:00\",\"mainEntityOfPage\":{\"@id\":\"https:\/\/www.pressenza.com\/es\/2020\/05\/fase-2-reconsiderar-a-fondo-el-trabajo\/\"},\"wordCount\":1243,\"publisher\":{\"@id\":\"https:\/\/www.pressenza.com\/es\/#organization\"},\"image\":{\"@id\":\"https:\/\/www.pressenza.com\/es\/2020\/05\/fase-2-reconsiderar-a-fondo-el-trabajo\/#primaryimage\"},\"thumbnailUrl\":\"https:\/\/www.pressenza.com\/wp-content\/uploads\/2020\/05\/factories-Pixabay.jpg\",\"keywords\":[\"crisis clim\u00e1tica\",\"Desigualdades\",\"empleo\",\"enciclica Laudato s\u00ec\",\"fase 2\",\"ingresos incondicionales\",\"pandemia\"],\"articleSection\":[\"Contenido Original\",\"Ecolog\u00eda y Medio Ambiente\",\"Econom\u00eda\",\"Opiniones\"],\"inLanguage\":\"es\"},{\"@type\":\"WebPage\",\"@id\":\"https:\/\/www.pressenza.com\/es\/2020\/05\/fase-2-reconsiderar-a-fondo-el-trabajo\/\",\"url\":\"https:\/\/www.pressenza.com\/es\/2020\/05\/fase-2-reconsiderar-a-fondo-el-trabajo\/\",\"name\":\"Fase 2: reconsiderar a fondo el trabajo\",\"isPartOf\":{\"@id\":\"https:\/\/www.pressenza.com\/es\/#website\"},\"primaryImageOfPage\":{\"@id\":\"https:\/\/www.pressenza.com\/es\/2020\/05\/fase-2-reconsiderar-a-fondo-el-trabajo\/#primaryimage\"},\"image\":{\"@id\":\"https:\/\/www.pressenza.com\/es\/2020\/05\/fase-2-reconsiderar-a-fondo-el-trabajo\/#primaryimage\"},\"thumbnailUrl\":\"https:\/\/www.pressenza.com\/wp-content\/uploads\/2020\/05\/factories-Pixabay.jpg\",\"datePublished\":\"2020-05-26T02:17:58+00:00\",\"description\":\"La \u00abfase 2\u00bb que se ha puesto en el orden del d\u00eda durante las \u00faltimas semanas no se refiere tanto a la \u00absalida\u00bb todav\u00eda lejana de la pandemia, como a la\",\"breadcrumb\":{\"@id\":\"https:\/\/www.pressenza.com\/es\/2020\/05\/fase-2-reconsiderar-a-fondo-el-trabajo\/#breadcrumb\"},\"inLanguage\":\"es\",\"potentialAction\":[{\"@type\":\"ReadAction\",\"target\":[\"https:\/\/www.pressenza.com\/es\/2020\/05\/fase-2-reconsiderar-a-fondo-el-trabajo\/\"]}]},{\"@type\":\"ImageObject\",\"inLanguage\":\"es\",\"@id\":\"https:\/\/www.pressenza.com\/es\/2020\/05\/fase-2-reconsiderar-a-fondo-el-trabajo\/#primaryimage\",\"url\":\"https:\/\/www.pressenza.com\/wp-content\/uploads\/2020\/05\/factories-Pixabay.jpg\",\"contentUrl\":\"https:\/\/www.pressenza.com\/wp-content\/uploads\/2020\/05\/factories-Pixabay.jpg\",\"width\":1280,\"height\":639},{\"@type\":\"BreadcrumbList\",\"@id\":\"https:\/\/www.pressenza.com\/es\/2020\/05\/fase-2-reconsiderar-a-fondo-el-trabajo\/#breadcrumb\",\"itemListElement\":[{\"@type\":\"ListItem\",\"position\":1,\"name\":\"Accueil\",\"item\":\"https:\/\/www.pressenza.com\/es\/\"},{\"@type\":\"ListItem\",\"position\":2,\"name\":\"Fase 2: reconsiderar a fondo el trabajo\"}]},{\"@type\":\"WebSite\",\"@id\":\"https:\/\/www.pressenza.com\/es\/#website\",\"url\":\"https:\/\/www.pressenza.com\/es\/\",\"name\":\"Pressenza\",\"description\":\"International Press Agency\",\"publisher\":{\"@id\":\"https:\/\/www.pressenza.com\/es\/#organization\"},\"potentialAction\":[{\"@type\":\"SearchAction\",\"target\":{\"@type\":\"EntryPoint\",\"urlTemplate\":\"https:\/\/www.pressenza.com\/es\/?s={search_term_string}\"},\"query-input\":{\"@type\":\"PropertyValueSpecification\",\"valueRequired\":true,\"valueName\":\"search_term_string\"}}],\"inLanguage\":\"es\"},{\"@type\":\"Organization\",\"@id\":\"https:\/\/www.pressenza.com\/es\/#organization\",\"name\":\"Pressenza\",\"url\":\"https:\/\/www.pressenza.com\/es\/\",\"logo\":{\"@type\":\"ImageObject\",\"inLanguage\":\"es\",\"@id\":\"https:\/\/www.pressenza.com\/es\/#\/schema\/logo\/image\/\",\"url\":\"https:\/\/www.pressenza.com\/wp-content\/uploads\/2022\/10\/pressenza_logo_200x200.jpg\",\"contentUrl\":\"https:\/\/www.pressenza.com\/wp-content\/uploads\/2022\/10\/pressenza_logo_200x200.jpg\",\"width\":200,\"height\":200,\"caption\":\"Pressenza\"},\"image\":{\"@id\":\"https:\/\/www.pressenza.com\/es\/#\/schema\/logo\/image\/\"},\"sameAs\":[\"https:\/\/www.facebook.com\/PressenzaItalia\",\"https:\/\/x.com\/PressenzaIPA\"]},{\"@type\":\"Person\",\"@id\":\"https:\/\/www.pressenza.com\/es\/#\/schema\/person\/7e30fb1d68799cd117e655ba05ad06ef\",\"name\":\"Guido Viale\",\"description\":\"Guido Viale was born in Tokyo in 1943 and lives in Milan. He participated in the student movement of 1968 in Turin and was a member of the Lotta Continua group until 1976. He graduated in philosophy at the University of Turin. He worked as a teacher, preceptor, translator, journalist, researcher and consultant. He has carried out studies and economic research with various companies and worked on cooperation projects in Asia, Africa, Middle East and Latin America. He has been a member of the technical and scientific committee of the Italian Agency for Environmental Protection. Among his publications: A Disposable World, Everybody in Taxi, At Home, Government of Garbage, Life and Death of the Car, Virtues that Change the World. With Editions NdA Press of Rimini he published: Evidence of a different world, Ecological conversion, Europe can be reinvented together with refugees and migrants. With Interno4 Editiors he published in 2017, Slessico Familiare, Words worn out - open perspectives, a repertoire for the times to come. In Interno4 Editions he also published in 2018 an updated edition of his important book on the 1968 protest movement.\",\"sameAs\":[\"https:\/\/www.guidoviale.it\/\"],\"url\":\"https:\/\/www.pressenza.com\/es\/author\/guido-viale\/\"}]}<\/script>\n<!-- \/ Yoast SEO plugin. -->","yoast_head_json":{"title":"Fase 2: reconsiderar a fondo el trabajo","description":"La \u00abfase 2\u00bb que se ha puesto en el orden del d\u00eda durante las \u00faltimas semanas no se refiere tanto a la \u00absalida\u00bb todav\u00eda lejana de la pandemia, como a la","robots":{"index":"index","follow":"follow","max-snippet":"max-snippet:-1","max-image-preview":"max-image-preview:large","max-video-preview":"max-video-preview:-1"},"canonical":"https:\/\/www.pressenza.com\/es\/2020\/05\/fase-2-reconsiderar-a-fondo-el-trabajo\/","og_locale":"es_ES","og_type":"article","og_title":"Fase 2: reconsiderar a fondo el trabajo","og_description":"La \u00abfase 2\u00bb que se ha puesto en el orden del d\u00eda durante las \u00faltimas semanas no se refiere tanto a la \u00absalida\u00bb todav\u00eda lejana de la pandemia, como a la","og_url":"https:\/\/www.pressenza.com\/es\/2020\/05\/fase-2-reconsiderar-a-fondo-el-trabajo\/","og_site_name":"Pressenza","article_publisher":"https:\/\/www.facebook.com\/PressenzaItalia","article_published_time":"2020-05-26T02:17:58+00:00","og_image":[{"width":1280,"height":639,"url":"https:\/\/www.pressenza.com\/wp-content\/uploads\/2020\/05\/factories-Pixabay.jpg","type":"image\/jpeg"}],"author":"Guido Viale","twitter_card":"summary_large_image","twitter_creator":"@PressenzaIPA","twitter_site":"@PressenzaIPA","twitter_misc":{"Escrito por":"Guido Viale","Tiempo de lectura":"6 minutos"},"schema":{"@context":"https:\/\/schema.org","@graph":[{"@type":"Article","@id":"https:\/\/www.pressenza.com\/es\/2020\/05\/fase-2-reconsiderar-a-fondo-el-trabajo\/#article","isPartOf":{"@id":"https:\/\/www.pressenza.com\/es\/2020\/05\/fase-2-reconsiderar-a-fondo-el-trabajo\/"},"author":{"name":"Guido Viale","@id":"https:\/\/www.pressenza.com\/es\/#\/schema\/person\/7e30fb1d68799cd117e655ba05ad06ef"},"headline":"Fase 2: reconsiderar a fondo el trabajo","datePublished":"2020-05-26T02:17:58+00:00","mainEntityOfPage":{"@id":"https:\/\/www.pressenza.com\/es\/2020\/05\/fase-2-reconsiderar-a-fondo-el-trabajo\/"},"wordCount":1243,"publisher":{"@id":"https:\/\/www.pressenza.com\/es\/#organization"},"image":{"@id":"https:\/\/www.pressenza.com\/es\/2020\/05\/fase-2-reconsiderar-a-fondo-el-trabajo\/#primaryimage"},"thumbnailUrl":"https:\/\/www.pressenza.com\/wp-content\/uploads\/2020\/05\/factories-Pixabay.jpg","keywords":["crisis clim\u00e1tica","Desigualdades","empleo","enciclica Laudato s\u00ec","fase 2","ingresos incondicionales","pandemia"],"articleSection":["Contenido Original","Ecolog\u00eda y Medio Ambiente","Econom\u00eda","Opiniones"],"inLanguage":"es"},{"@type":"WebPage","@id":"https:\/\/www.pressenza.com\/es\/2020\/05\/fase-2-reconsiderar-a-fondo-el-trabajo\/","url":"https:\/\/www.pressenza.com\/es\/2020\/05\/fase-2-reconsiderar-a-fondo-el-trabajo\/","name":"Fase 2: reconsiderar a fondo el trabajo","isPartOf":{"@id":"https:\/\/www.pressenza.com\/es\/#website"},"primaryImageOfPage":{"@id":"https:\/\/www.pressenza.com\/es\/2020\/05\/fase-2-reconsiderar-a-fondo-el-trabajo\/#primaryimage"},"image":{"@id":"https:\/\/www.pressenza.com\/es\/2020\/05\/fase-2-reconsiderar-a-fondo-el-trabajo\/#primaryimage"},"thumbnailUrl":"https:\/\/www.pressenza.com\/wp-content\/uploads\/2020\/05\/factories-Pixabay.jpg","datePublished":"2020-05-26T02:17:58+00:00","description":"La \u00abfase 2\u00bb que se ha puesto en el orden del d\u00eda durante las \u00faltimas semanas no se refiere tanto a la \u00absalida\u00bb todav\u00eda lejana de la pandemia, como a la","breadcrumb":{"@id":"https:\/\/www.pressenza.com\/es\/2020\/05\/fase-2-reconsiderar-a-fondo-el-trabajo\/#breadcrumb"},"inLanguage":"es","potentialAction":[{"@type":"ReadAction","target":["https:\/\/www.pressenza.com\/es\/2020\/05\/fase-2-reconsiderar-a-fondo-el-trabajo\/"]}]},{"@type":"ImageObject","inLanguage":"es","@id":"https:\/\/www.pressenza.com\/es\/2020\/05\/fase-2-reconsiderar-a-fondo-el-trabajo\/#primaryimage","url":"https:\/\/www.pressenza.com\/wp-content\/uploads\/2020\/05\/factories-Pixabay.jpg","contentUrl":"https:\/\/www.pressenza.com\/wp-content\/uploads\/2020\/05\/factories-Pixabay.jpg","width":1280,"height":639},{"@type":"BreadcrumbList","@id":"https:\/\/www.pressenza.com\/es\/2020\/05\/fase-2-reconsiderar-a-fondo-el-trabajo\/#breadcrumb","itemListElement":[{"@type":"ListItem","position":1,"name":"Accueil","item":"https:\/\/www.pressenza.com\/es\/"},{"@type":"ListItem","position":2,"name":"Fase 2: reconsiderar a fondo el trabajo"}]},{"@type":"WebSite","@id":"https:\/\/www.pressenza.com\/es\/#website","url":"https:\/\/www.pressenza.com\/es\/","name":"Pressenza","description":"International Press Agency","publisher":{"@id":"https:\/\/www.pressenza.com\/es\/#organization"},"potentialAction":[{"@type":"SearchAction","target":{"@type":"EntryPoint","urlTemplate":"https:\/\/www.pressenza.com\/es\/?s={search_term_string}"},"query-input":{"@type":"PropertyValueSpecification","valueRequired":true,"valueName":"search_term_string"}}],"inLanguage":"es"},{"@type":"Organization","@id":"https:\/\/www.pressenza.com\/es\/#organization","name":"Pressenza","url":"https:\/\/www.pressenza.com\/es\/","logo":{"@type":"ImageObject","inLanguage":"es","@id":"https:\/\/www.pressenza.com\/es\/#\/schema\/logo\/image\/","url":"https:\/\/www.pressenza.com\/wp-content\/uploads\/2022\/10\/pressenza_logo_200x200.jpg","contentUrl":"https:\/\/www.pressenza.com\/wp-content\/uploads\/2022\/10\/pressenza_logo_200x200.jpg","width":200,"height":200,"caption":"Pressenza"},"image":{"@id":"https:\/\/www.pressenza.com\/es\/#\/schema\/logo\/image\/"},"sameAs":["https:\/\/www.facebook.com\/PressenzaItalia","https:\/\/x.com\/PressenzaIPA"]},{"@type":"Person","@id":"https:\/\/www.pressenza.com\/es\/#\/schema\/person\/7e30fb1d68799cd117e655ba05ad06ef","name":"Guido Viale","description":"Guido Viale was born in Tokyo in 1943 and lives in Milan. He participated in the student movement of 1968 in Turin and was a member of the Lotta Continua group until 1976. He graduated in philosophy at the University of Turin. He worked as a teacher, preceptor, translator, journalist, researcher and consultant. He has carried out studies and economic research with various companies and worked on cooperation projects in Asia, Africa, Middle East and Latin America. He has been a member of the technical and scientific committee of the Italian Agency for Environmental Protection. Among his publications: A Disposable World, Everybody in Taxi, At Home, Government of Garbage, Life and Death of the Car, Virtues that Change the World. With Editions NdA Press of Rimini he published: Evidence of a different world, Ecological conversion, Europe can be reinvented together with refugees and migrants. With Interno4 Editiors he published in 2017, Slessico Familiare, Words worn out - open perspectives, a repertoire for the times to come. In Interno4 Editions he also published in 2018 an updated edition of his important book on the 1968 protest movement.","sameAs":["https:\/\/www.guidoviale.it\/"],"url":"https:\/\/www.pressenza.com\/es\/author\/guido-viale\/"}]}},"place":"","original_article_url":"","_links":{"self":[{"href":"https:\/\/www.pressenza.com\/es\/wp-json\/wp\/v2\/posts\/1118005","targetHints":{"allow":["GET"]}}],"collection":[{"href":"https:\/\/www.pressenza.com\/es\/wp-json\/wp\/v2\/posts"}],"about":[{"href":"https:\/\/www.pressenza.com\/es\/wp-json\/wp\/v2\/types\/post"}],"author":[{"embeddable":true,"href":"https:\/\/www.pressenza.com\/es\/wp-json\/wp\/v2\/users\/1616"}],"replies":[{"embeddable":true,"href":"https:\/\/www.pressenza.com\/es\/wp-json\/wp\/v2\/comments?post=1118005"}],"version-history":[{"count":0,"href":"https:\/\/www.pressenza.com\/es\/wp-json\/wp\/v2\/posts\/1118005\/revisions"}],"wp:featuredmedia":[{"embeddable":true,"href":"https:\/\/www.pressenza.com\/es\/wp-json\/wp\/v2\/media\/1105944"}],"wp:attachment":[{"href":"https:\/\/www.pressenza.com\/es\/wp-json\/wp\/v2\/media?parent=1118005"}],"wp:term":[{"taxonomy":"category","embeddable":true,"href":"https:\/\/www.pressenza.com\/es\/wp-json\/wp\/v2\/categories?post=1118005"},{"taxonomy":"post_tag","embeddable":true,"href":"https:\/\/www.pressenza.com\/es\/wp-json\/wp\/v2\/tags?post=1118005"}],"curies":[{"name":"wp","href":"https:\/\/api.w.org\/{rel}","templated":true}]}}