{"id":1115505,"date":"2020-05-23T16:56:16","date_gmt":"2020-05-23T15:56:16","guid":{"rendered":"https:\/\/www.pressenza.com\/?p=1115505"},"modified":"2020-05-23T16:56:16","modified_gmt":"2020-05-23T15:56:16","slug":"quedense-en-casa-sigan-vivos-y-organicense","status":"publish","type":"post","link":"https:\/\/www.pressenza.com\/es\/2020\/05\/quedense-en-casa-sigan-vivos-y-organicense\/","title":{"rendered":"\u201cQu\u00e9dense en casa, sigan vivos y organ\u00edcense\u201d"},"content":{"rendered":"<p>Actualmente estamos entre dos \u00e9pocas hist\u00f3ricas: AC y DC; antes de la Covid-19 y despu\u00e9s de la Covid-19. Las instituciones ya establecidas, los reg\u00edmenes arraigados y las corporaciones poderosas se encuentran bien posicionadas para navegar por las aguas desconocidas de este tiempo intermedio, el del \u201cdurante la Covid-19\u201d. Menos equipados est\u00e1n los pobres y la clase trabajadora, que no pueden reunirse para protestar o manifestarse en busca de mejores condiciones de vida sin ponerse en riesgo. El nuevo coronavirus ha amplificado la enorme desigualdad que domina nuestra sociedad. Basta con observar la desconexi\u00f3n entre el mercado de valores y la dif\u00edcil situaci\u00f3n de los trabajadores. Parece que con cada anuncio de p\u00e9rdida hist\u00f3rica de empleos, el \u00edndice Dow Jones y el Standard &amp; Poor\u2019s 500 se disparan hacia arriba. En Wall Street cuentan ganancias mientras que en el resto de la ciudad cada d\u00eda se cuentan m\u00e1s tumbas.<\/p>\n<p>El mi\u00e9rcoles, el reverendo William Barber II concedi\u00f3 una entrevista a Democracy Now!: \u201cEstos son tiempos dif\u00edciles. Gran parte del dolor es por elecci\u00f3n. No tendr\u00eda que ser as\u00ed. No es por el virus per se. Es a causa de la pandemia de codicia y la mentira de la teor\u00eda econ\u00f3mica del derrame que nos condujo a movernos en la direcci\u00f3n equivocada desde el principio. Incluso antes de que llegara el nuevo coronavirus, demasiadas personas en cargos de poder estaban muy c\u00f3modas con la muerte de otras personas. Tenemos 140 millones de personas pobres y de bajos ingresos en el pa\u00eds, el 43% de la naci\u00f3n, 700 personas al d\u00eda que mueren por la pobreza o por no contar con suficientes recursos econ\u00f3micos. Ya antes de la llegada de la Covid-19, ten\u00edamos dos millones y un cuarto de personas al a\u00f1o y 80 millones de personas en total sin seguro de salud o con seguro de salud limitado\u201d.<\/p>\n<p>El reverendo Barber es copresidente de la Campa\u00f1a de los Pobres y presidente de la organizaci\u00f3n sin fines de lucro Repairers of the Breach (\u201cReparadores de la brecha\u201d, en espa\u00f1ol). \u00c9l y la copresidenta de la campa\u00f1a, la reverenda Liz Theoharis, del Seminario Teol\u00f3gico de Uni\u00f3n, han lanzado una convocatoria a personas de todos los \u00e1mbitos sociales a participar de una asamblea virtual y una multitudinaria marcha de los pobres on line el pr\u00f3ximo 20 de junio a trav\u00e9s de la p\u00e1gina web june2020.org. Barber implor\u00f3 \u201cNo crean en las mentiras que estos gobernadores nos est\u00e1n diciendo sobre que es el momento de abrir todo de nuevo. Qu\u00e9dense en casa, sigan vivos y organ\u00edcense\u201d.<\/p>\n<p>Pese a las incre\u00edbles dificultades, pese a las demandas de no salir de los hogares (para aquellos que tienen la suerte de poder quedarse en casa), la gente se organiza y se manifiesta de manera creativa y valiente. Como ha sucedido a lo largo de la historia de Estados Unidos, los movimientos populares son los que impulsan el cambio. Este momento no es la excepci\u00f3n.<\/p>\n<p>Poco despu\u00e9s de su entrevista para Democracy Now!, Barber habl\u00f3 en una manifestaci\u00f3n virtual, una huelga nacional organizada por trabajadores de la cadena de restaurantes McDonald\u2019s. Los trabajadores de McDonald\u2019s y de otras cadenas de comidas r\u00e1pidas han estado organizando campa\u00f1as por un salario digno durante a\u00f1os. La campa\u00f1a \u201cLucha por 15\u201d reclama un salario m\u00ednimo de 15 d\u00f3lares por hora. Varios trabajadores hablaron en la transmisi\u00f3n de video en vivo y detallaron las dificultades y los riesgos que enfrentan diariamente como parte de la fuerza laboral esencial mal paga, pr\u00e1cticamente ignorada y en crecimiento.<\/p>\n<p>Estas son las palabras de Fred Marion: \u201cSoy un trabajador de McDonald\u2019s aqu\u00ed, en Kansas City, Missouri. Hago huelga porque, como pueden ver y escuchar, soy un humano como ustedes. Puede que no sea m\u00e9dico o param\u00e9dico, pero estoy aqu\u00ed en el frente como ellos, y soy humano como ellos. Nos merecemos equipos de protecci\u00f3n, pago de riesgos, atenci\u00f3n m\u00e9dica y ganar 15 d\u00f3lares la hora: es apenas un salario digno. Nosotros no tenemos un salario digno. Solo merezco ser tratado como un ser humano y es por eso que estoy en huelga\u201d.<\/p>\n<p>Ang\u00e9lica Hern\u00e1ndez habl\u00f3 en espa\u00f1ol. Un compa\u00f1ero de trabajo que contrajo Covid-19 y actualmente est\u00e1 conectado a un respirador fue quien la inspir\u00f3 a sumarse a la huelga. Seg\u00fan ella, McDonald\u2019s no mostr\u00f3 inter\u00e9s en brindarles equipos de protecci\u00f3n a los trabajadores. Katerra Wilkins agreg\u00f3: \u201cLa gente puede contraerlo, [al coronavirus]. A cualquiera le puede tocar. As\u00ed que creo que es un poco peligroso y estamos arriesgando nuestras vidas por 7,25 d\u00f3lares la hora\u201d.<\/p>\n<p>En solidaridad con los trabajadores en huelga hubo oradores como Mary Kay Henry, presidenta del Sindicato Internacional de Empleados de Servicio (SEIU, por su sigla en ingl\u00e9s) y el epidemi\u00f3logo David Michaels, quien se desempe\u00f1\u00f3 como director de la Administraci\u00f3n de Seguridad y Salud Ocupacional durante la presidencia de Barack Obama. La senadora dem\u00f3crata de Nueva York Kirsten Gillibrand se\u00f1al\u00f3 lo siguiente: \u201cIncluso despu\u00e9s de que el Congreso aprobara en marzo una ley de emergencia de licencia paga por enfermedad, el 75% de los trabajadores quedaron desamparados por la exclusi\u00f3n de grandes empresas como McDonald\u2019s. Si ellos o un ser querido se enferman, tendr\u00e1n que enfrentar una elecci\u00f3n imposible entre la seguridad econ\u00f3mica de su familia y su salud. Ninguno de nosotros deber\u00eda verse obligado a tomar esa decisi\u00f3n. Es un fracaso de la pol\u00edtica. Si uno no puede permitirse quedarse en casa cuando est\u00e1 enfermo, es un problema para uno y para todas las personas con las que entre en contacto cuando est\u00e9 en el trabajo. Asegurarse de que todos puedan permitirse quedarse en casa cuando presenten m\u00e1s riesgo de contagiar es crucial para combatir este virus\u201d.<\/p>\n<p>Mientras tanto, los activistas montaron una protesta simb\u00f3lica frente a la sede central de McDonald\u2019s en Chicago, con siluetas de cart\u00f3n que representaban a los trabajadores en huelga. La Uni\u00f3n Estadounidense por las Libertades Civiles (ACLU, por su sigla en ingl\u00e9s) sali\u00f3 a recorrer las calles del centro de Chicago con un cami\u00f3n con una cartelera electr\u00f3nica que transmit\u00eda el mensaje de los trabajadores con la demanda por un salario digno.<\/p>\n<p>Estamos viviendo tiempos dif\u00edciles y peligrosos. Mientras los autoproclamados \u201cjusticieros\u201d armados de derecha, mayormente blancos, inundan las capitales de los estados, los indocumentados, los pobres y las comunidades de color, quienes est\u00e1n en mayor riesgo, mantienen nuestra econom\u00eda en movimiento: cultivan nuestros alimentos, trabajan en mataderos y almacenes, entregan paquetes y comidas, limpian nuestros hospitales y cuidan de nuestros ancianos. Ellos se exponen a contraer Covid-19 a diario, pr\u00e1cticamente sin redes de contenci\u00f3n. Independientemente del futuro que forjemos colectivamente en la era despu\u00e9s de la Covid-19, las necesidades de los pobres y de estos trabajadores esenciales deben ser una prioridad.<\/p>\n","protected":false},"excerpt":{"rendered":"<p>Actualmente estamos entre dos \u00e9pocas hist\u00f3ricas: AC y DC; antes de la Covid-19 y despu\u00e9s de la Covid-19. Las instituciones ya establecidas, los reg\u00edmenes arraigados y las corporaciones poderosas se encuentran bien posicionadas para navegar por las aguas desconocidas de&hellip;<\/p>\n","protected":false},"author":38,"featured_media":1115533,"comment_status":"closed","ping_status":"closed","sticky":false,"template":"","format":"standard","meta":{"footnotes":""},"categories":[68,161,1239],"tags":[72517,1035,76110],"class_list":["post-1115505","post","type-post","status-publish","format-standard","has-post-thumbnail","hentry","category-norteamerica","category-opiniones","category-salud","tag-crisis-coronavirus","tag-desigualdad","tag-reverendo-william-barber-ii"],"yoast_head":"<!-- This site is optimized with the Yoast SEO plugin v27.1.1 - https:\/\/yoast.com\/product\/yoast-seo-wordpress\/ -->\n<title>\u201cQu\u00e9dense en casa, sigan vivos y organ\u00edcense\u201d<\/title>\n<meta name=\"description\" content=\"\u201cQu\u00e9dense en casa, sigan vivos y organ\u00edcense\u201d\" \/>\n<meta name=\"robots\" content=\"index, follow, max-snippet:-1, max-image-preview:large, max-video-preview:-1\" \/>\n<link rel=\"canonical\" href=\"https:\/\/www.pressenza.com\/es\/2020\/05\/quedense-en-casa-sigan-vivos-y-organicense\/\" \/>\n<meta property=\"og:locale\" content=\"es_ES\" \/>\n<meta property=\"og:type\" content=\"article\" \/>\n<meta property=\"og:title\" content=\"\u201cQu\u00e9dense en casa, sigan vivos y organ\u00edcense\u201d\" \/>\n<meta property=\"og:description\" content=\"\u201cQu\u00e9dense en casa, sigan vivos y organ\u00edcense\u201d\" \/>\n<meta property=\"og:url\" content=\"https:\/\/www.pressenza.com\/es\/2020\/05\/quedense-en-casa-sigan-vivos-y-organicense\/\" \/>\n<meta property=\"og:site_name\" content=\"Pressenza\" \/>\n<meta property=\"article:publisher\" content=\"https:\/\/www.facebook.com\/PressenzaItalia\" \/>\n<meta property=\"article:published_time\" content=\"2020-05-23T15:56:16+00:00\" \/>\n<meta property=\"og:image\" content=\"https:\/\/www.pressenza.com\/wp-content\/uploads\/2020\/05\/activistas-salud.jpg\" \/>\n\t<meta property=\"og:image:width\" content=\"1051\" \/>\n\t<meta property=\"og:image:height\" content=\"926\" \/>\n\t<meta property=\"og:image:type\" content=\"image\/jpeg\" \/>\n<meta name=\"author\" content=\"Amy Goodman\" \/>\n<meta name=\"twitter:card\" content=\"summary_large_image\" \/>\n<meta name=\"twitter:creator\" content=\"@PressenzaIPA\" \/>\n<meta name=\"twitter:site\" content=\"@PressenzaIPA\" \/>\n<meta name=\"twitter:label1\" content=\"Escrito por\" \/>\n\t<meta name=\"twitter:data1\" content=\"Amy Goodman\" \/>\n\t<meta name=\"twitter:label2\" content=\"Tiempo de lectura\" \/>\n\t<meta name=\"twitter:data2\" content=\"6 minutos\" \/>\n<script type=\"application\/ld+json\" class=\"yoast-schema-graph\">{\"@context\":\"https:\/\/schema.org\",\"@graph\":[{\"@type\":\"Article\",\"@id\":\"https:\/\/www.pressenza.com\/es\/2020\/05\/quedense-en-casa-sigan-vivos-y-organicense\/#article\",\"isPartOf\":{\"@id\":\"https:\/\/www.pressenza.com\/es\/2020\/05\/quedense-en-casa-sigan-vivos-y-organicense\/\"},\"author\":{\"name\":\"Amy Goodman\",\"@id\":\"https:\/\/www.pressenza.com\/es\/#\/schema\/person\/fb76c4542b791ee101e00d9e2f9817ee\"},\"headline\":\"\u201cQu\u00e9dense en casa, sigan vivos y organ\u00edcense\u201d\",\"datePublished\":\"2020-05-23T15:56:16+00:00\",\"mainEntityOfPage\":{\"@id\":\"https:\/\/www.pressenza.com\/es\/2020\/05\/quedense-en-casa-sigan-vivos-y-organicense\/\"},\"wordCount\":1202,\"publisher\":{\"@id\":\"https:\/\/www.pressenza.com\/es\/#organization\"},\"image\":{\"@id\":\"https:\/\/www.pressenza.com\/es\/2020\/05\/quedense-en-casa-sigan-vivos-y-organicense\/#primaryimage\"},\"thumbnailUrl\":\"https:\/\/www.pressenza.com\/wp-content\/uploads\/2020\/05\/activistas-salud.jpg\",\"keywords\":[\"crisis coronavirus\",\"desigualdad\",\"reverendo William Barber II\"],\"articleSection\":[\"Norteam\u00e9rica\",\"Opiniones\",\"Salud\"],\"inLanguage\":\"es\"},{\"@type\":\"WebPage\",\"@id\":\"https:\/\/www.pressenza.com\/es\/2020\/05\/quedense-en-casa-sigan-vivos-y-organicense\/\",\"url\":\"https:\/\/www.pressenza.com\/es\/2020\/05\/quedense-en-casa-sigan-vivos-y-organicense\/\",\"name\":\"\u201cQu\u00e9dense en casa, sigan vivos y organ\u00edcense\u201d\",\"isPartOf\":{\"@id\":\"https:\/\/www.pressenza.com\/es\/#website\"},\"primaryImageOfPage\":{\"@id\":\"https:\/\/www.pressenza.com\/es\/2020\/05\/quedense-en-casa-sigan-vivos-y-organicense\/#primaryimage\"},\"image\":{\"@id\":\"https:\/\/www.pressenza.com\/es\/2020\/05\/quedense-en-casa-sigan-vivos-y-organicense\/#primaryimage\"},\"thumbnailUrl\":\"https:\/\/www.pressenza.com\/wp-content\/uploads\/2020\/05\/activistas-salud.jpg\",\"datePublished\":\"2020-05-23T15:56:16+00:00\",\"description\":\"\u201cQu\u00e9dense en casa, sigan vivos y organ\u00edcense\u201d\",\"breadcrumb\":{\"@id\":\"https:\/\/www.pressenza.com\/es\/2020\/05\/quedense-en-casa-sigan-vivos-y-organicense\/#breadcrumb\"},\"inLanguage\":\"es\",\"potentialAction\":[{\"@type\":\"ReadAction\",\"target\":[\"https:\/\/www.pressenza.com\/es\/2020\/05\/quedense-en-casa-sigan-vivos-y-organicense\/\"]}]},{\"@type\":\"ImageObject\",\"inLanguage\":\"es\",\"@id\":\"https:\/\/www.pressenza.com\/es\/2020\/05\/quedense-en-casa-sigan-vivos-y-organicense\/#primaryimage\",\"url\":\"https:\/\/www.pressenza.com\/wp-content\/uploads\/2020\/05\/activistas-salud.jpg\",\"contentUrl\":\"https:\/\/www.pressenza.com\/wp-content\/uploads\/2020\/05\/activistas-salud.jpg\",\"width\":1051,\"height\":926},{\"@type\":\"BreadcrumbList\",\"@id\":\"https:\/\/www.pressenza.com\/es\/2020\/05\/quedense-en-casa-sigan-vivos-y-organicense\/#breadcrumb\",\"itemListElement\":[{\"@type\":\"ListItem\",\"position\":1,\"name\":\"Accueil\",\"item\":\"https:\/\/www.pressenza.com\/es\/\"},{\"@type\":\"ListItem\",\"position\":2,\"name\":\"\u201cQu\u00e9dense en casa, sigan vivos y organ\u00edcense\u201d\"}]},{\"@type\":\"WebSite\",\"@id\":\"https:\/\/www.pressenza.com\/es\/#website\",\"url\":\"https:\/\/www.pressenza.com\/es\/\",\"name\":\"Pressenza\",\"description\":\"International Press Agency\",\"publisher\":{\"@id\":\"https:\/\/www.pressenza.com\/es\/#organization\"},\"potentialAction\":[{\"@type\":\"SearchAction\",\"target\":{\"@type\":\"EntryPoint\",\"urlTemplate\":\"https:\/\/www.pressenza.com\/es\/?s={search_term_string}\"},\"query-input\":{\"@type\":\"PropertyValueSpecification\",\"valueRequired\":true,\"valueName\":\"search_term_string\"}}],\"inLanguage\":\"es\"},{\"@type\":\"Organization\",\"@id\":\"https:\/\/www.pressenza.com\/es\/#organization\",\"name\":\"Pressenza\",\"url\":\"https:\/\/www.pressenza.com\/es\/\",\"logo\":{\"@type\":\"ImageObject\",\"inLanguage\":\"es\",\"@id\":\"https:\/\/www.pressenza.com\/es\/#\/schema\/logo\/image\/\",\"url\":\"https:\/\/www.pressenza.com\/wp-content\/uploads\/2022\/10\/pressenza_logo_200x200.jpg\",\"contentUrl\":\"https:\/\/www.pressenza.com\/wp-content\/uploads\/2022\/10\/pressenza_logo_200x200.jpg\",\"width\":200,\"height\":200,\"caption\":\"Pressenza\"},\"image\":{\"@id\":\"https:\/\/www.pressenza.com\/es\/#\/schema\/logo\/image\/\"},\"sameAs\":[\"https:\/\/www.facebook.com\/PressenzaItalia\",\"https:\/\/x.com\/PressenzaIPA\"]},{\"@type\":\"Person\",\"@id\":\"https:\/\/www.pressenza.com\/es\/#\/schema\/person\/fb76c4542b791ee101e00d9e2f9817ee\",\"name\":\"Amy Goodman\",\"description\":\"Award-winning investigative journalist and syndicated columnist, author and host\/executive producer of Democracy Now! www.democracynow.org\",\"url\":\"https:\/\/www.pressenza.com\/es\/author\/amy-goodman\/\"}]}<\/script>\n<!-- \/ Yoast SEO plugin. -->","yoast_head_json":{"title":"\u201cQu\u00e9dense en casa, sigan vivos y organ\u00edcense\u201d","description":"\u201cQu\u00e9dense en casa, sigan vivos y organ\u00edcense\u201d","robots":{"index":"index","follow":"follow","max-snippet":"max-snippet:-1","max-image-preview":"max-image-preview:large","max-video-preview":"max-video-preview:-1"},"canonical":"https:\/\/www.pressenza.com\/es\/2020\/05\/quedense-en-casa-sigan-vivos-y-organicense\/","og_locale":"es_ES","og_type":"article","og_title":"\u201cQu\u00e9dense en casa, sigan vivos y organ\u00edcense\u201d","og_description":"\u201cQu\u00e9dense en casa, sigan vivos y organ\u00edcense\u201d","og_url":"https:\/\/www.pressenza.com\/es\/2020\/05\/quedense-en-casa-sigan-vivos-y-organicense\/","og_site_name":"Pressenza","article_publisher":"https:\/\/www.facebook.com\/PressenzaItalia","article_published_time":"2020-05-23T15:56:16+00:00","og_image":[{"width":1051,"height":926,"url":"https:\/\/www.pressenza.com\/wp-content\/uploads\/2020\/05\/activistas-salud.jpg","type":"image\/jpeg"}],"author":"Amy Goodman","twitter_card":"summary_large_image","twitter_creator":"@PressenzaIPA","twitter_site":"@PressenzaIPA","twitter_misc":{"Escrito por":"Amy Goodman","Tiempo de lectura":"6 minutos"},"schema":{"@context":"https:\/\/schema.org","@graph":[{"@type":"Article","@id":"https:\/\/www.pressenza.com\/es\/2020\/05\/quedense-en-casa-sigan-vivos-y-organicense\/#article","isPartOf":{"@id":"https:\/\/www.pressenza.com\/es\/2020\/05\/quedense-en-casa-sigan-vivos-y-organicense\/"},"author":{"name":"Amy Goodman","@id":"https:\/\/www.pressenza.com\/es\/#\/schema\/person\/fb76c4542b791ee101e00d9e2f9817ee"},"headline":"\u201cQu\u00e9dense en casa, sigan vivos y organ\u00edcense\u201d","datePublished":"2020-05-23T15:56:16+00:00","mainEntityOfPage":{"@id":"https:\/\/www.pressenza.com\/es\/2020\/05\/quedense-en-casa-sigan-vivos-y-organicense\/"},"wordCount":1202,"publisher":{"@id":"https:\/\/www.pressenza.com\/es\/#organization"},"image":{"@id":"https:\/\/www.pressenza.com\/es\/2020\/05\/quedense-en-casa-sigan-vivos-y-organicense\/#primaryimage"},"thumbnailUrl":"https:\/\/www.pressenza.com\/wp-content\/uploads\/2020\/05\/activistas-salud.jpg","keywords":["crisis coronavirus","desigualdad","reverendo William Barber II"],"articleSection":["Norteam\u00e9rica","Opiniones","Salud"],"inLanguage":"es"},{"@type":"WebPage","@id":"https:\/\/www.pressenza.com\/es\/2020\/05\/quedense-en-casa-sigan-vivos-y-organicense\/","url":"https:\/\/www.pressenza.com\/es\/2020\/05\/quedense-en-casa-sigan-vivos-y-organicense\/","name":"\u201cQu\u00e9dense en casa, sigan vivos y organ\u00edcense\u201d","isPartOf":{"@id":"https:\/\/www.pressenza.com\/es\/#website"},"primaryImageOfPage":{"@id":"https:\/\/www.pressenza.com\/es\/2020\/05\/quedense-en-casa-sigan-vivos-y-organicense\/#primaryimage"},"image":{"@id":"https:\/\/www.pressenza.com\/es\/2020\/05\/quedense-en-casa-sigan-vivos-y-organicense\/#primaryimage"},"thumbnailUrl":"https:\/\/www.pressenza.com\/wp-content\/uploads\/2020\/05\/activistas-salud.jpg","datePublished":"2020-05-23T15:56:16+00:00","description":"\u201cQu\u00e9dense en casa, sigan vivos y organ\u00edcense\u201d","breadcrumb":{"@id":"https:\/\/www.pressenza.com\/es\/2020\/05\/quedense-en-casa-sigan-vivos-y-organicense\/#breadcrumb"},"inLanguage":"es","potentialAction":[{"@type":"ReadAction","target":["https:\/\/www.pressenza.com\/es\/2020\/05\/quedense-en-casa-sigan-vivos-y-organicense\/"]}]},{"@type":"ImageObject","inLanguage":"es","@id":"https:\/\/www.pressenza.com\/es\/2020\/05\/quedense-en-casa-sigan-vivos-y-organicense\/#primaryimage","url":"https:\/\/www.pressenza.com\/wp-content\/uploads\/2020\/05\/activistas-salud.jpg","contentUrl":"https:\/\/www.pressenza.com\/wp-content\/uploads\/2020\/05\/activistas-salud.jpg","width":1051,"height":926},{"@type":"BreadcrumbList","@id":"https:\/\/www.pressenza.com\/es\/2020\/05\/quedense-en-casa-sigan-vivos-y-organicense\/#breadcrumb","itemListElement":[{"@type":"ListItem","position":1,"name":"Accueil","item":"https:\/\/www.pressenza.com\/es\/"},{"@type":"ListItem","position":2,"name":"\u201cQu\u00e9dense en casa, sigan vivos y organ\u00edcense\u201d"}]},{"@type":"WebSite","@id":"https:\/\/www.pressenza.com\/es\/#website","url":"https:\/\/www.pressenza.com\/es\/","name":"Pressenza","description":"International Press Agency","publisher":{"@id":"https:\/\/www.pressenza.com\/es\/#organization"},"potentialAction":[{"@type":"SearchAction","target":{"@type":"EntryPoint","urlTemplate":"https:\/\/www.pressenza.com\/es\/?s={search_term_string}"},"query-input":{"@type":"PropertyValueSpecification","valueRequired":true,"valueName":"search_term_string"}}],"inLanguage":"es"},{"@type":"Organization","@id":"https:\/\/www.pressenza.com\/es\/#organization","name":"Pressenza","url":"https:\/\/www.pressenza.com\/es\/","logo":{"@type":"ImageObject","inLanguage":"es","@id":"https:\/\/www.pressenza.com\/es\/#\/schema\/logo\/image\/","url":"https:\/\/www.pressenza.com\/wp-content\/uploads\/2022\/10\/pressenza_logo_200x200.jpg","contentUrl":"https:\/\/www.pressenza.com\/wp-content\/uploads\/2022\/10\/pressenza_logo_200x200.jpg","width":200,"height":200,"caption":"Pressenza"},"image":{"@id":"https:\/\/www.pressenza.com\/es\/#\/schema\/logo\/image\/"},"sameAs":["https:\/\/www.facebook.com\/PressenzaItalia","https:\/\/x.com\/PressenzaIPA"]},{"@type":"Person","@id":"https:\/\/www.pressenza.com\/es\/#\/schema\/person\/fb76c4542b791ee101e00d9e2f9817ee","name":"Amy Goodman","description":"Award-winning investigative journalist and syndicated columnist, author and host\/executive producer of Democracy Now! www.democracynow.org","url":"https:\/\/www.pressenza.com\/es\/author\/amy-goodman\/"}]}},"place":"Nueva York","original_article_url":"https:\/\/www.democracynow.org\/es\/2020\/5\/22\/quedense_en_casa_sigan_vivos_y","_links":{"self":[{"href":"https:\/\/www.pressenza.com\/es\/wp-json\/wp\/v2\/posts\/1115505","targetHints":{"allow":["GET"]}}],"collection":[{"href":"https:\/\/www.pressenza.com\/es\/wp-json\/wp\/v2\/posts"}],"about":[{"href":"https:\/\/www.pressenza.com\/es\/wp-json\/wp\/v2\/types\/post"}],"author":[{"embeddable":true,"href":"https:\/\/www.pressenza.com\/es\/wp-json\/wp\/v2\/users\/38"}],"replies":[{"embeddable":true,"href":"https:\/\/www.pressenza.com\/es\/wp-json\/wp\/v2\/comments?post=1115505"}],"version-history":[{"count":0,"href":"https:\/\/www.pressenza.com\/es\/wp-json\/wp\/v2\/posts\/1115505\/revisions"}],"wp:featuredmedia":[{"embeddable":true,"href":"https:\/\/www.pressenza.com\/es\/wp-json\/wp\/v2\/media\/1115533"}],"wp:attachment":[{"href":"https:\/\/www.pressenza.com\/es\/wp-json\/wp\/v2\/media?parent=1115505"}],"wp:term":[{"taxonomy":"category","embeddable":true,"href":"https:\/\/www.pressenza.com\/es\/wp-json\/wp\/v2\/categories?post=1115505"},{"taxonomy":"post_tag","embeddable":true,"href":"https:\/\/www.pressenza.com\/es\/wp-json\/wp\/v2\/tags?post=1115505"}],"curies":[{"name":"wp","href":"https:\/\/api.w.org\/{rel}","templated":true}]}}