{"id":1110186,"date":"2020-05-19T04:22:27","date_gmt":"2020-05-19T03:22:27","guid":{"rendered":"https:\/\/www.pressenza.com\/?p=1110186"},"modified":"2020-05-19T04:25:19","modified_gmt":"2020-05-19T03:25:19","slug":"sally-burch-la-aceleracion-del-uso-de-tecnologias-durante-la-pandemia-sigue-favoreciendo-a-las-corporaciones","status":"publish","type":"post","link":"https:\/\/www.pressenza.com\/es\/2020\/05\/sally-burch-la-aceleracion-del-uso-de-tecnologias-durante-la-pandemia-sigue-favoreciendo-a-las-corporaciones\/","title":{"rendered":"Sally Burch: la aceleraci\u00f3n del uso de tecnolog\u00edas durante la pandemia sigue favoreciendo a las corporaciones"},"content":{"rendered":"<p>Desde el comienzo de la crisis sanitaria por covid-19 hay estad\u00edsticas que nos dicen que el uso de internet ha incrementado de un 29% eso a nivel mundial y de un 69% si calculamos solamente los pa\u00edses de la ocde, teletrabajo, videollamadas, clases virtuales, en fin una nueva vida mas virtual para una gran parte de nuestro planeta significa tambi\u00e9n mas posibilidades para las grandes corporaciones de internet acceder a nuestros datos. \u00bfCu\u00e1les son los riesgos de todo esto y como podemos protegernos de estos peligros virtuales?<\/p>\n<!--[if lt IE 9]><script>document.createElement('audio');<\/script><![endif]-->\n<audio class=\"wp-audio-shortcode\" id=\"audio-1110186-1\" preload=\"none\" style=\"width: 100%;\" controls=\"controls\"><source type=\"audio\/mpeg\" src=\"https:\/\/mx.ivoox.com\/es\/sally-burch-sobre-internet-tiempos-pandemia_md_51171390_wp_1.mp3?_=1\" \/><a href=\"https:\/\/mx.ivoox.com\/es\/sally-burch-sobre-internet-tiempos-pandemia_md_51171390_wp_1.mp3\">https:\/\/mx.ivoox.com\/es\/sally-burch-sobre-internet-tiempos-pandemia_md_51171390_wp_1.mp3<\/a><\/audio>\n<p><a title=\"Sally Burch sobre Internet en tiempos de pandemia\" href=\"https:\/\/mx.ivoox.com\/es\/sally-burch-sobre-internet-tiempos-pandemia-audios-mp3_rf_51171390_1.html\">Ir a descargar<\/a><\/p>\n<p>Bueno obviamente es un gran alivio que no estemos totalmente aislados en casa y es muy normal que incrementemos el uso de internet en estos momentos. Yo creo que para entender los peligros hay que entender el modelo de negocio que est\u00e1 por detr\u00e1s del desarrollo de internet y que, evidentemente, qno era la \u00fanica forma posible de desarrollar la tecnolog\u00eda.<br \/>\nDe hecho, lo que se ha se ha llamado capitalismo de vigilancia fue algo inventado por Google a inicios de este siglo, buscando c\u00f3mo rentabilizar las plataformas. \u00bfEn qu\u00e9 consiste? En apropiarse de la experiencia humana como una materia prima gratuita para transformarla en lo que se puede llamar datos comportamentales o sea, datos de nuestro comportamiento y luego fue desarrollado por Facebook y otras empresas.<\/p>\n<p>Una peque\u00f1a parte de estos datos est\u00e1 efectivamente destinada a mejorar el servicio que recibimos, pero todo lo dem\u00e1s constituye lo que podemos llamar excedente comportamental que, mediante inteligencia artificial, es transformado en productos de predicci\u00f3n que se venden a anunciantes, empresas, gobiernos e instituciones que necesitan tener predicciones fiables para sus inversiones y su planificaci\u00f3n.<\/p>\n<p>Esta fue la primera fase. Luego encontraron que para tener predicciones mas certeras del comportamiento humano, la mejor manera es incidir en ese comportamiento para que sea conforme a los resultados que se buscan. As\u00ed, encontraron estrategias para motivar, persuadir, aguijonear con mayor insistencia hacia los comportamientos deseados y lo hacen en gran parte a trav\u00e9s de las redes sociales. Obviamente, para poder moldear comportamientos no les basta solo con conocer a fondo nuestro h\u00e1bitos e intereses sino tambi\u00e9n nuestra salud, nuestro car\u00e1cter y hasta nuestros pensamientos \u00edntimos. El internet expande esas posibilidades exponencialmente.<\/p>\n<p>El riesgo esta ah\u00ed, yo creo que Facebook ha logrado ir m\u00e1s lejos con la generaci\u00f3n de j\u00f3venes nativos digitales, en los que genera una dependencia compulsiva de sus plataformas, justo en una fase de la vida en la que son mas vulnerables ante la presi\u00f3n y la aceptaci\u00f3n de sus pares, todo ello con inter\u00e9s de lucro particular y muchas veces generando secuelas de infelicidad, de estr\u00e9s, de angustia. Finalmente, se trata de estrategia super secretas. No nos damos cuenta de ellas.<\/p>\n<p>\u00bfDe qu\u00e9 modo todos esos riesgos se agudizan en la actual situaci\u00f3n?<\/p>\n<p>Ya ven\u00edamos en camino hacia un uso cada vez mas intensivo de las tecnolog\u00edas y eso no es malo porque las tecnolog\u00edas pueden servir para muchos fines ben\u00e9ficos que nos facilitan mucho la vida. Lo que ha pasado con la pandemia es que se ha acelerado esa transformaci\u00f3n. Antes, el teletrabajo no era muy com\u00fan entre nosotros, ahora s\u00ed. Antes ya hab\u00eda plataformas educativas, pero ahora se est\u00e1n usando intensivamente. Hay una acelaraci\u00f3n hacia ese nuevo modelo de sociedad digital y los m\u00e1s listos para aprovechar de esto son las grandes empresas que, evidentemente, se han posicionado mejor en este per\u00edodo.<\/p>\n<p>En esta perspectiva, las oportunidades de crear modelos m\u00e1s respetuosos del derecho a la privacidad han quedado un poco atr\u00e1s. Creo justamente que uno de los retos que tenemos es ver c\u00f3mo, desde lo personal y lo colectiva, identificamos plataformas y opciones que se pueden desarrollar para competir con las plataformas corporativas y el otro, es la generaci\u00f3n de pol\u00edticas p\u00fablicas y legislaci\u00f3n que lastimosamente no existen en buena parte de nuestros pa\u00edses. Tenemos una serie de retos hacia delante para asegurar que el modelo de tecnolog\u00eda no sea principalmente ese modelo corporativo que est\u00e1, en este momento, ganando el tablero.<\/p>\n<p>\u00bfC\u00f3mo esta situaci\u00f3n puede vulnerar derechos humanos?<\/p>\n<p>Hemos llegado al teletrabajo sin ninguna preparaci\u00f3n. En la mayor\u00eda de los pa\u00edses no est\u00e1 regulado, no est\u00e1 claro qui\u00e9n se responsabiliza de los equipos, c\u00f3mo son los horarios de trabajo, c\u00f3mo se garantiza el reposo y el tiempo libre y, l\u00f3gicamente, esto se complica con todas las tareas de cuidado. Tambi\u00e9n el derecho a la educaci\u00f3n est\u00e1 en riesgo, no solamente por las brechas de acceso y conectividad sino tambi\u00e9n por la falta de opciones de plataformas propias frente a lo cual, nuevamente, Google sale ganando. En Estados Unidos 50% de las escuelas ya usaban esa plataforma y en Nuevo M\u00e9xico le acaban de iniciar un juicio a Google porque esta ilegalmente rastreando y guardando datos personales de ni\u00f1os de menores de 13 a\u00f1os para fines no educativos.Realmente ser\u00eda muy importante desarrollar o adoptar las plataformas que ofrecen garant\u00edas que no vulneren a ni\u00f1os, ni\u00f1as y adolescentes.<\/p>\n<p>Existen efectivamente alternativas que nos \u201cdesgooglizan\u201d. Al parecer, esas alternativas no tienen el mismo nivel de eficacia en los servicios. \u00bfEs as\u00ed? \u00bfSe puede cerrar esa brecha? \u00bfQu\u00e9 tenemos que cambiar en nuestra mentalidad, para acceder a estas alternativas?<\/p>\n<p>Yo creo que hay diferentes niveles, si uno piensa en la tecnolog\u00eda que uno usa en su computadora hay opciones muy buenas. Firefox, por ejemplo, es una navegador que ofrece m\u00e1s seguridad que Google. En correo electr\u00f3nico te obligan a tener una cuenta en Gmail pero no estas obligado a usar tu cuenta de Gmail para toda tu correspondencia personal, ah\u00ed tienes la opci\u00f3n de abrir una cuenta en otro tipo de plataforma. Lo mismo sucede con las redes sociales. Ciertamente si se quiere llegar masivamente, en necesario por el momento usar las redes corporativas, pero si se trata de cuestiones personales, puedes usar otras redes. Las redes sociales corporativas no son espacios para exponer lo personal.<br \/>\nCreo tambi\u00e9n que necesitamos ir m\u00e1s all\u00e1 de lo personal hacia acciones colectivas para lograr buena legislaci\u00f3n por ejemplo, de protecci\u00f3n de datos. Empujar para que nuestros gobiernos y parlamentos establezcan este tipo de normativas.<\/p>\n","protected":false},"excerpt":{"rendered":"<p>Desde el comienzo de la crisis sanitaria por covid-19 hay estad\u00edsticas que nos dicen que el uso de internet ha incrementado de un 29% eso a nivel mundial y de un 69% si calculamos solamente los pa\u00edses de la ocde,&hellip;<\/p>\n","protected":false},"author":1011,"featured_media":1110188,"comment_status":"closed","ping_status":"closed","sticky":false,"template":"","format":"standard","meta":{"footnotes":""},"categories":[76,497,11389,75,79,155,39,22754],"tags":[70731,58932,39813,72517,69785,69936,3019,16372,40752,54738,28383],"class_list":["post-1110186","post","type-post","status-publish","format-standard","has-post-thumbnail","hentry","category-relaciones-exteriores","category-ciencia-tecnologia","category-contenido-original","category-cultura-es","category-derechos-humanos","category-entrevistas","category-internacional","category-radio-es","tag-4-elementos","tag-alai-es","tag-big-data","tag-crisis-coronavirus","tag-cuatro-elementos","tag-gobernanza-de-internet","tag-internet-es","tag-pichincha-universal","tag-pressenza-internacional","tag-radio-es","tag-sally-burch"],"yoast_head":"<!-- This site is optimized with the Yoast SEO plugin v27.1.1 - https:\/\/yoast.com\/product\/yoast-seo-wordpress\/ -->\n<title>Sally Burch: la aceleraci\u00f3n del uso de tecnolog\u00edas durante la pandemia sigue favoreciendo a las corporaciones<\/title>\n<meta name=\"description\" content=\"Desde el comienzo de la crisis sanitaria por covid-19 hay estad\u00edsticas que nos dicen que el uso de internet ha incrementado de un 29% eso a nivel mundial\" \/>\n<meta name=\"robots\" content=\"index, follow, max-snippet:-1, max-image-preview:large, max-video-preview:-1\" \/>\n<link rel=\"canonical\" href=\"https:\/\/www.pressenza.com\/es\/2020\/05\/sally-burch-la-aceleracion-del-uso-de-tecnologias-durante-la-pandemia-sigue-favoreciendo-a-las-corporaciones\/\" \/>\n<meta property=\"og:locale\" content=\"es_ES\" \/>\n<meta property=\"og:type\" content=\"article\" \/>\n<meta property=\"og:title\" content=\"Sally Burch: la aceleraci\u00f3n del uso de tecnolog\u00edas durante la pandemia sigue favoreciendo a las corporaciones\" \/>\n<meta property=\"og:description\" content=\"Desde el comienzo de la crisis sanitaria por covid-19 hay estad\u00edsticas que nos dicen que el uso de internet ha incrementado de un 29% eso a nivel mundial\" \/>\n<meta property=\"og:url\" content=\"https:\/\/www.pressenza.com\/es\/2020\/05\/sally-burch-la-aceleracion-del-uso-de-tecnologias-durante-la-pandemia-sigue-favoreciendo-a-las-corporaciones\/\" \/>\n<meta property=\"og:site_name\" content=\"Pressenza\" \/>\n<meta property=\"article:publisher\" content=\"https:\/\/www.facebook.com\/PressenzaItalia\" \/>\n<meta property=\"article:published_time\" content=\"2020-05-19T03:22:27+00:00\" \/>\n<meta property=\"article:modified_time\" content=\"2020-05-19T03:25:19+00:00\" \/>\n<meta property=\"og:image\" content=\"https:\/\/www.pressenza.com\/wp-content\/uploads\/2020\/05\/Entrevistado-18.png\" \/>\n\t<meta property=\"og:image:width\" content=\"1920\" \/>\n\t<meta property=\"og:image:height\" content=\"1080\" \/>\n\t<meta property=\"og:image:type\" content=\"image\/png\" \/>\n<meta name=\"author\" content=\"Redacci\u00f3n Ecuador\" \/>\n<meta name=\"twitter:card\" content=\"summary_large_image\" \/>\n<meta name=\"twitter:creator\" content=\"@PressenzaIPA\" \/>\n<meta name=\"twitter:site\" content=\"@PressenzaIPA\" \/>\n<meta name=\"twitter:label1\" content=\"Escrito por\" \/>\n\t<meta name=\"twitter:data1\" content=\"Redacci\u00f3n Ecuador\" \/>\n\t<meta name=\"twitter:label2\" content=\"Tiempo de lectura\" \/>\n\t<meta name=\"twitter:data2\" content=\"5 minutos\" \/>\n<script type=\"application\/ld+json\" class=\"yoast-schema-graph\">{\"@context\":\"https:\/\/schema.org\",\"@graph\":[{\"@type\":\"Article\",\"@id\":\"https:\/\/www.pressenza.com\/es\/2020\/05\/sally-burch-la-aceleracion-del-uso-de-tecnologias-durante-la-pandemia-sigue-favoreciendo-a-las-corporaciones\/#article\",\"isPartOf\":{\"@id\":\"https:\/\/www.pressenza.com\/es\/2020\/05\/sally-burch-la-aceleracion-del-uso-de-tecnologias-durante-la-pandemia-sigue-favoreciendo-a-las-corporaciones\/\"},\"author\":{\"name\":\"Redacci\u00f3n Ecuador\",\"@id\":\"https:\/\/www.pressenza.com\/es\/#\/schema\/person\/883a735c40665759bcc6fe0c26bcb46f\"},\"headline\":\"Sally Burch: la aceleraci\u00f3n del uso de tecnolog\u00edas durante la pandemia sigue favoreciendo a las corporaciones\",\"datePublished\":\"2020-05-19T03:22:27+00:00\",\"dateModified\":\"2020-05-19T03:25:19+00:00\",\"mainEntityOfPage\":{\"@id\":\"https:\/\/www.pressenza.com\/es\/2020\/05\/sally-burch-la-aceleracion-del-uso-de-tecnologias-durante-la-pandemia-sigue-favoreciendo-a-las-corporaciones\/\"},\"wordCount\":1106,\"publisher\":{\"@id\":\"https:\/\/www.pressenza.com\/es\/#organization\"},\"image\":{\"@id\":\"https:\/\/www.pressenza.com\/es\/2020\/05\/sally-burch-la-aceleracion-del-uso-de-tecnologias-durante-la-pandemia-sigue-favoreciendo-a-las-corporaciones\/#primaryimage\"},\"thumbnailUrl\":\"https:\/\/www.pressenza.com\/wp-content\/uploads\/2020\/05\/Entrevistado-18.png\",\"keywords\":[\"4 Elementos\",\"ALAI\",\"Big Data\",\"crisis coronavirus\",\"Cuatro Elementos\",\"gobernanza de Internet\",\"internet\",\"Pichincha Universal\",\"Pressenza Internacional\",\"radio\",\"Sally Burch\"],\"articleSection\":[\"Asuntos internacionales\",\"Ciencia y Tecnolog\u00eda\",\"Contenido Original\",\"Cultura y Medios\",\"Derechos Humanos\",\"Entrevistas\",\"Internacional\",\"Radio\"],\"inLanguage\":\"es\"},{\"@type\":\"WebPage\",\"@id\":\"https:\/\/www.pressenza.com\/es\/2020\/05\/sally-burch-la-aceleracion-del-uso-de-tecnologias-durante-la-pandemia-sigue-favoreciendo-a-las-corporaciones\/\",\"url\":\"https:\/\/www.pressenza.com\/es\/2020\/05\/sally-burch-la-aceleracion-del-uso-de-tecnologias-durante-la-pandemia-sigue-favoreciendo-a-las-corporaciones\/\",\"name\":\"Sally Burch: la aceleraci\u00f3n del uso de tecnolog\u00edas durante la pandemia sigue favoreciendo a las corporaciones\",\"isPartOf\":{\"@id\":\"https:\/\/www.pressenza.com\/es\/#website\"},\"primaryImageOfPage\":{\"@id\":\"https:\/\/www.pressenza.com\/es\/2020\/05\/sally-burch-la-aceleracion-del-uso-de-tecnologias-durante-la-pandemia-sigue-favoreciendo-a-las-corporaciones\/#primaryimage\"},\"image\":{\"@id\":\"https:\/\/www.pressenza.com\/es\/2020\/05\/sally-burch-la-aceleracion-del-uso-de-tecnologias-durante-la-pandemia-sigue-favoreciendo-a-las-corporaciones\/#primaryimage\"},\"thumbnailUrl\":\"https:\/\/www.pressenza.com\/wp-content\/uploads\/2020\/05\/Entrevistado-18.png\",\"datePublished\":\"2020-05-19T03:22:27+00:00\",\"dateModified\":\"2020-05-19T03:25:19+00:00\",\"description\":\"Desde el comienzo de la crisis sanitaria por covid-19 hay estad\u00edsticas que nos dicen que el uso de internet ha incrementado de un 29% eso a nivel mundial\",\"breadcrumb\":{\"@id\":\"https:\/\/www.pressenza.com\/es\/2020\/05\/sally-burch-la-aceleracion-del-uso-de-tecnologias-durante-la-pandemia-sigue-favoreciendo-a-las-corporaciones\/#breadcrumb\"},\"inLanguage\":\"es\",\"potentialAction\":[{\"@type\":\"ReadAction\",\"target\":[\"https:\/\/www.pressenza.com\/es\/2020\/05\/sally-burch-la-aceleracion-del-uso-de-tecnologias-durante-la-pandemia-sigue-favoreciendo-a-las-corporaciones\/\"]}]},{\"@type\":\"ImageObject\",\"inLanguage\":\"es\",\"@id\":\"https:\/\/www.pressenza.com\/es\/2020\/05\/sally-burch-la-aceleracion-del-uso-de-tecnologias-durante-la-pandemia-sigue-favoreciendo-a-las-corporaciones\/#primaryimage\",\"url\":\"https:\/\/www.pressenza.com\/wp-content\/uploads\/2020\/05\/Entrevistado-18.png\",\"contentUrl\":\"https:\/\/www.pressenza.com\/wp-content\/uploads\/2020\/05\/Entrevistado-18.png\",\"width\":1920,\"height\":1080},{\"@type\":\"BreadcrumbList\",\"@id\":\"https:\/\/www.pressenza.com\/es\/2020\/05\/sally-burch-la-aceleracion-del-uso-de-tecnologias-durante-la-pandemia-sigue-favoreciendo-a-las-corporaciones\/#breadcrumb\",\"itemListElement\":[{\"@type\":\"ListItem\",\"position\":1,\"name\":\"Accueil\",\"item\":\"https:\/\/www.pressenza.com\/es\/\"},{\"@type\":\"ListItem\",\"position\":2,\"name\":\"Sally Burch: la aceleraci\u00f3n del uso de tecnolog\u00edas durante la pandemia sigue favoreciendo a las corporaciones\"}]},{\"@type\":\"WebSite\",\"@id\":\"https:\/\/www.pressenza.com\/es\/#website\",\"url\":\"https:\/\/www.pressenza.com\/es\/\",\"name\":\"Pressenza\",\"description\":\"International Press Agency\",\"publisher\":{\"@id\":\"https:\/\/www.pressenza.com\/es\/#organization\"},\"potentialAction\":[{\"@type\":\"SearchAction\",\"target\":{\"@type\":\"EntryPoint\",\"urlTemplate\":\"https:\/\/www.pressenza.com\/es\/?s={search_term_string}\"},\"query-input\":{\"@type\":\"PropertyValueSpecification\",\"valueRequired\":true,\"valueName\":\"search_term_string\"}}],\"inLanguage\":\"es\"},{\"@type\":\"Organization\",\"@id\":\"https:\/\/www.pressenza.com\/es\/#organization\",\"name\":\"Pressenza\",\"url\":\"https:\/\/www.pressenza.com\/es\/\",\"logo\":{\"@type\":\"ImageObject\",\"inLanguage\":\"es\",\"@id\":\"https:\/\/www.pressenza.com\/es\/#\/schema\/logo\/image\/\",\"url\":\"https:\/\/www.pressenza.com\/wp-content\/uploads\/2022\/10\/pressenza_logo_200x200.jpg\",\"contentUrl\":\"https:\/\/www.pressenza.com\/wp-content\/uploads\/2022\/10\/pressenza_logo_200x200.jpg\",\"width\":200,\"height\":200,\"caption\":\"Pressenza\"},\"image\":{\"@id\":\"https:\/\/www.pressenza.com\/es\/#\/schema\/logo\/image\/\"},\"sameAs\":[\"https:\/\/www.facebook.com\/PressenzaItalia\",\"https:\/\/x.com\/PressenzaIPA\"]},{\"@type\":\"Person\",\"@id\":\"https:\/\/www.pressenza.com\/es\/#\/schema\/person\/883a735c40665759bcc6fe0c26bcb46f\",\"name\":\"Redacci\u00f3n Ecuador\",\"description\":\"News published by the Pressenza bureau in Quito, Ecuador\",\"url\":\"https:\/\/www.pressenza.com\/es\/author\/redaccion-ecuador\/\"}]}<\/script>\n<!-- \/ Yoast SEO plugin. -->","yoast_head_json":{"title":"Sally Burch: la aceleraci\u00f3n del uso de tecnolog\u00edas durante la pandemia sigue favoreciendo a las corporaciones","description":"Desde el comienzo de la crisis sanitaria por covid-19 hay estad\u00edsticas que nos dicen que el uso de internet ha incrementado de un 29% eso a nivel mundial","robots":{"index":"index","follow":"follow","max-snippet":"max-snippet:-1","max-image-preview":"max-image-preview:large","max-video-preview":"max-video-preview:-1"},"canonical":"https:\/\/www.pressenza.com\/es\/2020\/05\/sally-burch-la-aceleracion-del-uso-de-tecnologias-durante-la-pandemia-sigue-favoreciendo-a-las-corporaciones\/","og_locale":"es_ES","og_type":"article","og_title":"Sally Burch: la aceleraci\u00f3n del uso de tecnolog\u00edas durante la pandemia sigue favoreciendo a las corporaciones","og_description":"Desde el comienzo de la crisis sanitaria por covid-19 hay estad\u00edsticas que nos dicen que el uso de internet ha incrementado de un 29% eso a nivel mundial","og_url":"https:\/\/www.pressenza.com\/es\/2020\/05\/sally-burch-la-aceleracion-del-uso-de-tecnologias-durante-la-pandemia-sigue-favoreciendo-a-las-corporaciones\/","og_site_name":"Pressenza","article_publisher":"https:\/\/www.facebook.com\/PressenzaItalia","article_published_time":"2020-05-19T03:22:27+00:00","article_modified_time":"2020-05-19T03:25:19+00:00","og_image":[{"width":1920,"height":1080,"url":"https:\/\/www.pressenza.com\/wp-content\/uploads\/2020\/05\/Entrevistado-18.png","type":"image\/png"}],"author":"Redacci\u00f3n Ecuador","twitter_card":"summary_large_image","twitter_creator":"@PressenzaIPA","twitter_site":"@PressenzaIPA","twitter_misc":{"Escrito por":"Redacci\u00f3n Ecuador","Tiempo de lectura":"5 minutos"},"schema":{"@context":"https:\/\/schema.org","@graph":[{"@type":"Article","@id":"https:\/\/www.pressenza.com\/es\/2020\/05\/sally-burch-la-aceleracion-del-uso-de-tecnologias-durante-la-pandemia-sigue-favoreciendo-a-las-corporaciones\/#article","isPartOf":{"@id":"https:\/\/www.pressenza.com\/es\/2020\/05\/sally-burch-la-aceleracion-del-uso-de-tecnologias-durante-la-pandemia-sigue-favoreciendo-a-las-corporaciones\/"},"author":{"name":"Redacci\u00f3n Ecuador","@id":"https:\/\/www.pressenza.com\/es\/#\/schema\/person\/883a735c40665759bcc6fe0c26bcb46f"},"headline":"Sally Burch: la aceleraci\u00f3n del uso de tecnolog\u00edas durante la pandemia sigue favoreciendo a las corporaciones","datePublished":"2020-05-19T03:22:27+00:00","dateModified":"2020-05-19T03:25:19+00:00","mainEntityOfPage":{"@id":"https:\/\/www.pressenza.com\/es\/2020\/05\/sally-burch-la-aceleracion-del-uso-de-tecnologias-durante-la-pandemia-sigue-favoreciendo-a-las-corporaciones\/"},"wordCount":1106,"publisher":{"@id":"https:\/\/www.pressenza.com\/es\/#organization"},"image":{"@id":"https:\/\/www.pressenza.com\/es\/2020\/05\/sally-burch-la-aceleracion-del-uso-de-tecnologias-durante-la-pandemia-sigue-favoreciendo-a-las-corporaciones\/#primaryimage"},"thumbnailUrl":"https:\/\/www.pressenza.com\/wp-content\/uploads\/2020\/05\/Entrevistado-18.png","keywords":["4 Elementos","ALAI","Big Data","crisis coronavirus","Cuatro Elementos","gobernanza de Internet","internet","Pichincha Universal","Pressenza Internacional","radio","Sally Burch"],"articleSection":["Asuntos internacionales","Ciencia y Tecnolog\u00eda","Contenido Original","Cultura y Medios","Derechos Humanos","Entrevistas","Internacional","Radio"],"inLanguage":"es"},{"@type":"WebPage","@id":"https:\/\/www.pressenza.com\/es\/2020\/05\/sally-burch-la-aceleracion-del-uso-de-tecnologias-durante-la-pandemia-sigue-favoreciendo-a-las-corporaciones\/","url":"https:\/\/www.pressenza.com\/es\/2020\/05\/sally-burch-la-aceleracion-del-uso-de-tecnologias-durante-la-pandemia-sigue-favoreciendo-a-las-corporaciones\/","name":"Sally Burch: la aceleraci\u00f3n del uso de tecnolog\u00edas durante la pandemia sigue favoreciendo a las corporaciones","isPartOf":{"@id":"https:\/\/www.pressenza.com\/es\/#website"},"primaryImageOfPage":{"@id":"https:\/\/www.pressenza.com\/es\/2020\/05\/sally-burch-la-aceleracion-del-uso-de-tecnologias-durante-la-pandemia-sigue-favoreciendo-a-las-corporaciones\/#primaryimage"},"image":{"@id":"https:\/\/www.pressenza.com\/es\/2020\/05\/sally-burch-la-aceleracion-del-uso-de-tecnologias-durante-la-pandemia-sigue-favoreciendo-a-las-corporaciones\/#primaryimage"},"thumbnailUrl":"https:\/\/www.pressenza.com\/wp-content\/uploads\/2020\/05\/Entrevistado-18.png","datePublished":"2020-05-19T03:22:27+00:00","dateModified":"2020-05-19T03:25:19+00:00","description":"Desde el comienzo de la crisis sanitaria por covid-19 hay estad\u00edsticas que nos dicen que el uso de internet ha incrementado de un 29% eso a nivel mundial","breadcrumb":{"@id":"https:\/\/www.pressenza.com\/es\/2020\/05\/sally-burch-la-aceleracion-del-uso-de-tecnologias-durante-la-pandemia-sigue-favoreciendo-a-las-corporaciones\/#breadcrumb"},"inLanguage":"es","potentialAction":[{"@type":"ReadAction","target":["https:\/\/www.pressenza.com\/es\/2020\/05\/sally-burch-la-aceleracion-del-uso-de-tecnologias-durante-la-pandemia-sigue-favoreciendo-a-las-corporaciones\/"]}]},{"@type":"ImageObject","inLanguage":"es","@id":"https:\/\/www.pressenza.com\/es\/2020\/05\/sally-burch-la-aceleracion-del-uso-de-tecnologias-durante-la-pandemia-sigue-favoreciendo-a-las-corporaciones\/#primaryimage","url":"https:\/\/www.pressenza.com\/wp-content\/uploads\/2020\/05\/Entrevistado-18.png","contentUrl":"https:\/\/www.pressenza.com\/wp-content\/uploads\/2020\/05\/Entrevistado-18.png","width":1920,"height":1080},{"@type":"BreadcrumbList","@id":"https:\/\/www.pressenza.com\/es\/2020\/05\/sally-burch-la-aceleracion-del-uso-de-tecnologias-durante-la-pandemia-sigue-favoreciendo-a-las-corporaciones\/#breadcrumb","itemListElement":[{"@type":"ListItem","position":1,"name":"Accueil","item":"https:\/\/www.pressenza.com\/es\/"},{"@type":"ListItem","position":2,"name":"Sally Burch: la aceleraci\u00f3n del uso de tecnolog\u00edas durante la pandemia sigue favoreciendo a las corporaciones"}]},{"@type":"WebSite","@id":"https:\/\/www.pressenza.com\/es\/#website","url":"https:\/\/www.pressenza.com\/es\/","name":"Pressenza","description":"International Press Agency","publisher":{"@id":"https:\/\/www.pressenza.com\/es\/#organization"},"potentialAction":[{"@type":"SearchAction","target":{"@type":"EntryPoint","urlTemplate":"https:\/\/www.pressenza.com\/es\/?s={search_term_string}"},"query-input":{"@type":"PropertyValueSpecification","valueRequired":true,"valueName":"search_term_string"}}],"inLanguage":"es"},{"@type":"Organization","@id":"https:\/\/www.pressenza.com\/es\/#organization","name":"Pressenza","url":"https:\/\/www.pressenza.com\/es\/","logo":{"@type":"ImageObject","inLanguage":"es","@id":"https:\/\/www.pressenza.com\/es\/#\/schema\/logo\/image\/","url":"https:\/\/www.pressenza.com\/wp-content\/uploads\/2022\/10\/pressenza_logo_200x200.jpg","contentUrl":"https:\/\/www.pressenza.com\/wp-content\/uploads\/2022\/10\/pressenza_logo_200x200.jpg","width":200,"height":200,"caption":"Pressenza"},"image":{"@id":"https:\/\/www.pressenza.com\/es\/#\/schema\/logo\/image\/"},"sameAs":["https:\/\/www.facebook.com\/PressenzaItalia","https:\/\/x.com\/PressenzaIPA"]},{"@type":"Person","@id":"https:\/\/www.pressenza.com\/es\/#\/schema\/person\/883a735c40665759bcc6fe0c26bcb46f","name":"Redacci\u00f3n Ecuador","description":"News published by the Pressenza bureau in Quito, Ecuador","url":"https:\/\/www.pressenza.com\/es\/author\/redaccion-ecuador\/"}]}},"place":"Quito, Santiago, Buenos Aires","original_article_url":"","_links":{"self":[{"href":"https:\/\/www.pressenza.com\/es\/wp-json\/wp\/v2\/posts\/1110186","targetHints":{"allow":["GET"]}}],"collection":[{"href":"https:\/\/www.pressenza.com\/es\/wp-json\/wp\/v2\/posts"}],"about":[{"href":"https:\/\/www.pressenza.com\/es\/wp-json\/wp\/v2\/types\/post"}],"author":[{"embeddable":true,"href":"https:\/\/www.pressenza.com\/es\/wp-json\/wp\/v2\/users\/1011"}],"replies":[{"embeddable":true,"href":"https:\/\/www.pressenza.com\/es\/wp-json\/wp\/v2\/comments?post=1110186"}],"version-history":[{"count":0,"href":"https:\/\/www.pressenza.com\/es\/wp-json\/wp\/v2\/posts\/1110186\/revisions"}],"wp:featuredmedia":[{"embeddable":true,"href":"https:\/\/www.pressenza.com\/es\/wp-json\/wp\/v2\/media\/1110188"}],"wp:attachment":[{"href":"https:\/\/www.pressenza.com\/es\/wp-json\/wp\/v2\/media?parent=1110186"}],"wp:term":[{"taxonomy":"category","embeddable":true,"href":"https:\/\/www.pressenza.com\/es\/wp-json\/wp\/v2\/categories?post=1110186"},{"taxonomy":"post_tag","embeddable":true,"href":"https:\/\/www.pressenza.com\/es\/wp-json\/wp\/v2\/tags?post=1110186"}],"curies":[{"name":"wp","href":"https:\/\/api.w.org\/{rel}","templated":true}]}}