{"id":1110,"date":"2009-08-28T00:00:00","date_gmt":"2009-08-28T00:00:00","guid":{"rendered":""},"modified":"2009-08-28T10:15:15","modified_gmt":"2009-08-28T10:15:15","slug":"el-fallo-de-la-suprema-corte-y-las-drogas-ilegales","status":"publish","type":"post","link":"https:\/\/www.pressenza.com\/es\/2009\/08\/el-fallo-de-la-suprema-corte-y-las-drogas-ilegales\/","title":{"rendered":"El fallo de la Suprema Corte y las drogas ilegales"},"content":{"rendered":"<p>En un controvertido fallo el m\u00e1ximo tribunal declar\u00f3, en un caso particular, la inconstitucionalidad de la norma que considera delito la tenencia de estupefacientes para consumo personal.<br \/>\nLos fundamentos se apoyan en la \u201cdoctrina\u201d Bazterrica en referencia al caso del guitarrista Gustavo Bazterrica, de 54 a\u00f1os, miembro entre otras agrupaciones musicales de Abuelos de la Nada y m\u00fasico de Charly Garc\u00eda, que fue detenido en 1981 en su casa donde guardaba en una cajita tres cigarrillos de marihuana. En 1986, la Corte Suprema lo absolvi\u00f3 por considerar que la droga incautada era para consumo personal y constitu\u00eda un acto privado sin da\u00f1o para terceros. Calific\u00f3 la conducta como: tenencia de estupefacientes para consumo personal en los t\u00e9rminos del art. 14, 2do. p\u00e1rrafo, de la ley 23.737, declar\u00f3 la inconstitucionalidad de dicha disposici\u00f3n y dispuso el sobreseimiento de aqu\u00e9l.<\/p>\n<p>La evidencia de que la Corte Suprema de Justicia se encamina a la despenalizaci\u00f3n de la tenencia de drogas  focaliza en la gastada pol\u00e9mica entre drogas legales e ilegales, y desv\u00eda la atenci\u00f3n del billonario negocio que las acompa\u00f1a.<\/p>\n<p>El narcotr\u00e1fico mueve hoy en el mundo m\u00e1s de 500.000 millones de d\u00f3lares anuales. Solamente en EEUU se consume la tercera parte de la circulaci\u00f3n mundial de coca\u00edna. Adem\u00e1s de ser el mayor consumidor mundial de drogas ilegales, es, evidentemente, el principal beneficiario de las ganancias que, en ese pa\u00eds, alcanzan el valor de 63.000 millones de d\u00f3lares afirm\u00f3 el mi\u00e9rcoles el secretario de Seguridad de M\u00e9xico, Genaro Garc\u00eda Luna, durante un foro en Ciudad Ju\u00e1rez (norte), considerada la urbe m\u00e1s violenta del mundo. Tambi\u00e9n agreg\u00f3 que *\u00bbSin un mercado no habr\u00eda narcotr\u00e1fico ni violencia y mientras haya demanda habr\u00e1 oferta\u201d*.<\/p>\n<p>Seg\u00fan el Informe 2000 de la Junta Internacional de Fiscalizaci\u00f3n de Estupefacientes (JIFE), el \u00f3rgano de la ONU para temas de drogas: \u201cEl mundo se droga cada vez m\u00e1s, sin importarle si lo que consume es legal o ilegal\u201d.<\/p>\n<p>Una de las conclusiones del informe es que en los pa\u00edses desarrollados se extiende el abuso de drogas legales (sedantes y estimulantes) \u00abpara tratar problemas psicol\u00f3gicos causados por presiones sociales en pacientes que no tienen diagnosticado un verdadero trastorno mental o f\u00edsico. Un h\u00e1bito aceptado socialmente\u00bb. En Europa aumenta la ingesta de sedantes y en EEUU, m\u00e1s de 5 millones de ni\u00f1os toman un antidepresivo o un estimulante por d\u00eda. De acuerdo con un art\u00edculo publicado en el Journal of the American Medical Association, entre 1991 y 1995 el n\u00famero de ni\u00f1os de entre 2 y 4 a\u00f1os que toma Ritalin, una droga estimulante, se duplic\u00f3, y la tendencia es creciente. Otro estudio realizado entre 1995 y 1999 por el IMS Health indica que el uso de antidepresivos como Prozac entre chicos de menos de 6 a\u00f1os aument\u00f3 en un 580%.<\/p>\n<p>Es evidente el avance en la cura y prevenci\u00f3n de variadas enfermedades, as\u00ed como la mitigaci\u00f3n del dolor que han podido realizarse con drogas de distinto tipo, e irrenunciable el derecho de todos los pueblos y personas a tener acceso irrestricto a dichos avances sin depender ello de la situaci\u00f3n socioecon\u00f3mica de el o los necesitados, sin embargo toda esta problem\u00e1tica, tanto por exceso como por carencia, est\u00e1 indisolublemente ligada a los falsos valores y modelos de la sociedad actual, que colocan a la vida humana a merced de factores externos a su intencionalidad y promueven una fuga existencial permanente.<br \/>\nAs\u00ed, se desv\u00eda la mirada humana de la posibilidad de encontrar un verdadero sentido en la vida, donde la satisfacci\u00f3n creciente con uno mismo, la vocaci\u00f3n de aprendizaje ilimitado y el sentimiento de solidaridad humana, hagan no s\u00f3lo innecesaria, sino tambi\u00e9n contradictoria la fuga a trav\u00e9s de cualquier tipo de droga.<\/p>\n","protected":false},"excerpt":{"rendered":"<p>Seg\u00fan el Informe 2000 de J.I.F.E. \u201cEl mundo se droga cada vez m\u00e1s, sin importarle si lo que consume es legal o ilegal\u201d.<br \/>\nEste grave problema est\u00e1 indisolublemente ligado a los falsos valores y modelos de la sociedad actual, que colocan a la vida humana a merced de factores externos a su intencionalidad y promueven una fuga existencial permanente<\/p>\n","protected":false},"author":19,"featured_media":0,"comment_status":"closed","ping_status":"open","sticky":false,"template":"","format":"standard","meta":{"footnotes":""},"categories":[75,67],"tags":[],"class_list":["post-1110","post","type-post","status-publish","format-standard","hentry","category-cultura-es","category-sudamerica"],"yoast_head":"<!-- This site is optimized with the Yoast SEO plugin v27.1.1 - https:\/\/yoast.com\/product\/yoast-seo-wordpress\/ -->\n<title>El fallo de la Suprema Corte y las drogas ilegales<\/title>\n<meta name=\"description\" content=\"Seg\u00fan el Informe 2000 de J.I.F.E. \u201cEl mundo se droga cada vez m\u00e1s, sin importarle si lo que consume es legal o ilegal\u201d. Este grave problema est\u00e1 indisolublemente ligado a los falsos valores y modelos de la sociedad actual, que colocan a la vida humana a merced de factores externos a su intencionalidad y promueven una fuga existencial permanente\" \/>\n<meta name=\"robots\" content=\"index, follow, max-snippet:-1, max-image-preview:large, max-video-preview:-1\" \/>\n<link rel=\"canonical\" href=\"https:\/\/www.pressenza.com\/es\/2009\/08\/el-fallo-de-la-suprema-corte-y-las-drogas-ilegales\/\" \/>\n<meta property=\"og:locale\" content=\"es_ES\" \/>\n<meta property=\"og:type\" content=\"article\" \/>\n<meta property=\"og:title\" content=\"El fallo de la Suprema Corte y las drogas ilegales\" \/>\n<meta property=\"og:description\" content=\"Seg\u00fan el Informe 2000 de J.I.F.E. \u201cEl mundo se droga cada vez m\u00e1s, sin importarle si lo que consume es legal o ilegal\u201d. Este grave problema est\u00e1 indisolublemente ligado a los falsos valores y modelos de la sociedad actual, que colocan a la vida humana a merced de factores externos a su intencionalidad y promueven una fuga existencial permanente\" \/>\n<meta property=\"og:url\" content=\"https:\/\/www.pressenza.com\/es\/2009\/08\/el-fallo-de-la-suprema-corte-y-las-drogas-ilegales\/\" \/>\n<meta property=\"og:site_name\" content=\"Pressenza\" \/>\n<meta property=\"article:publisher\" content=\"https:\/\/www.facebook.com\/PressenzaItalia\" \/>\n<meta property=\"article:author\" content=\"https:\/\/www.facebook.com\/pressenza\" \/>\n<meta property=\"article:published_time\" content=\"2009-08-28T00:00:00+00:00\" \/>\n<meta property=\"article:modified_time\" content=\"2009-08-28T10:15:15+00:00\" \/>\n<meta name=\"author\" content=\"Pressenza IPA\" \/>\n<meta name=\"twitter:card\" content=\"summary_large_image\" \/>\n<meta name=\"twitter:creator\" content=\"@PressenzaIPA\" \/>\n<meta name=\"twitter:site\" content=\"@PressenzaIPA\" \/>\n<meta name=\"twitter:label1\" content=\"Escrito por\" \/>\n\t<meta name=\"twitter:data1\" content=\"Pressenza IPA\" \/>\n\t<meta name=\"twitter:label2\" content=\"Tiempo de lectura\" \/>\n\t<meta name=\"twitter:data2\" content=\"3 minutos\" \/>\n<script type=\"application\/ld+json\" class=\"yoast-schema-graph\">{\"@context\":\"https:\/\/schema.org\",\"@graph\":[{\"@type\":\"Article\",\"@id\":\"https:\/\/www.pressenza.com\/es\/2009\/08\/el-fallo-de-la-suprema-corte-y-las-drogas-ilegales\/#article\",\"isPartOf\":{\"@id\":\"https:\/\/www.pressenza.com\/es\/2009\/08\/el-fallo-de-la-suprema-corte-y-las-drogas-ilegales\/\"},\"author\":{\"name\":\"Pressenza IPA\",\"@id\":\"https:\/\/www.pressenza.com\/es\/#\/schema\/person\/010e5d02bcf40965427a1289a4cc8d75\"},\"headline\":\"El fallo de la Suprema Corte y las drogas ilegales\",\"datePublished\":\"2009-08-28T00:00:00+00:00\",\"dateModified\":\"2009-08-28T10:15:15+00:00\",\"mainEntityOfPage\":{\"@id\":\"https:\/\/www.pressenza.com\/es\/2009\/08\/el-fallo-de-la-suprema-corte-y-las-drogas-ilegales\/\"},\"wordCount\":659,\"publisher\":{\"@id\":\"https:\/\/www.pressenza.com\/es\/#organization\"},\"articleSection\":[\"Cultura y Medios\",\"Sudam\u00e9rica\"],\"inLanguage\":\"es\"},{\"@type\":\"WebPage\",\"@id\":\"https:\/\/www.pressenza.com\/es\/2009\/08\/el-fallo-de-la-suprema-corte-y-las-drogas-ilegales\/\",\"url\":\"https:\/\/www.pressenza.com\/es\/2009\/08\/el-fallo-de-la-suprema-corte-y-las-drogas-ilegales\/\",\"name\":\"El fallo de la Suprema Corte y las drogas ilegales\",\"isPartOf\":{\"@id\":\"https:\/\/www.pressenza.com\/es\/#website\"},\"datePublished\":\"2009-08-28T00:00:00+00:00\",\"dateModified\":\"2009-08-28T10:15:15+00:00\",\"description\":\"Seg\u00fan el Informe 2000 de J.I.F.E. \u201cEl mundo se droga cada vez m\u00e1s, sin importarle si lo que consume es legal o ilegal\u201d. Este grave problema est\u00e1 indisolublemente ligado a los falsos valores y modelos de la sociedad actual, que colocan a la vida humana a merced de factores externos a su intencionalidad y promueven una fuga existencial permanente\",\"breadcrumb\":{\"@id\":\"https:\/\/www.pressenza.com\/es\/2009\/08\/el-fallo-de-la-suprema-corte-y-las-drogas-ilegales\/#breadcrumb\"},\"inLanguage\":\"es\",\"potentialAction\":[{\"@type\":\"ReadAction\",\"target\":[\"https:\/\/www.pressenza.com\/es\/2009\/08\/el-fallo-de-la-suprema-corte-y-las-drogas-ilegales\/\"]}]},{\"@type\":\"BreadcrumbList\",\"@id\":\"https:\/\/www.pressenza.com\/es\/2009\/08\/el-fallo-de-la-suprema-corte-y-las-drogas-ilegales\/#breadcrumb\",\"itemListElement\":[{\"@type\":\"ListItem\",\"position\":1,\"name\":\"Accueil\",\"item\":\"https:\/\/www.pressenza.com\/es\/\"},{\"@type\":\"ListItem\",\"position\":2,\"name\":\"El fallo de la Suprema Corte y las drogas ilegales\"}]},{\"@type\":\"WebSite\",\"@id\":\"https:\/\/www.pressenza.com\/es\/#website\",\"url\":\"https:\/\/www.pressenza.com\/es\/\",\"name\":\"Pressenza\",\"description\":\"International Press Agency\",\"publisher\":{\"@id\":\"https:\/\/www.pressenza.com\/es\/#organization\"},\"potentialAction\":[{\"@type\":\"SearchAction\",\"target\":{\"@type\":\"EntryPoint\",\"urlTemplate\":\"https:\/\/www.pressenza.com\/es\/?s={search_term_string}\"},\"query-input\":{\"@type\":\"PropertyValueSpecification\",\"valueRequired\":true,\"valueName\":\"search_term_string\"}}],\"inLanguage\":\"es\"},{\"@type\":\"Organization\",\"@id\":\"https:\/\/www.pressenza.com\/es\/#organization\",\"name\":\"Pressenza\",\"url\":\"https:\/\/www.pressenza.com\/es\/\",\"logo\":{\"@type\":\"ImageObject\",\"inLanguage\":\"es\",\"@id\":\"https:\/\/www.pressenza.com\/es\/#\/schema\/logo\/image\/\",\"url\":\"https:\/\/www.pressenza.com\/wp-content\/uploads\/2022\/10\/pressenza_logo_200x200.jpg\",\"contentUrl\":\"https:\/\/www.pressenza.com\/wp-content\/uploads\/2022\/10\/pressenza_logo_200x200.jpg\",\"width\":200,\"height\":200,\"caption\":\"Pressenza\"},\"image\":{\"@id\":\"https:\/\/www.pressenza.com\/es\/#\/schema\/logo\/image\/\"},\"sameAs\":[\"https:\/\/www.facebook.com\/PressenzaItalia\",\"https:\/\/x.com\/PressenzaIPA\"]},{\"@type\":\"Person\",\"@id\":\"https:\/\/www.pressenza.com\/es\/#\/schema\/person\/010e5d02bcf40965427a1289a4cc8d75\",\"name\":\"Pressenza IPA\",\"description\":\"News from Pressenza IPA correspondents\",\"sameAs\":[\"https:\/\/www.facebook.com\/pressenza\",\"https:\/\/x.com\/PressenzaIPA\"],\"url\":\"https:\/\/www.pressenza.com\/es\/author\/pressenza-ipa\/\"}]}<\/script>\n<!-- \/ Yoast SEO plugin. -->","yoast_head_json":{"title":"El fallo de la Suprema Corte y las drogas ilegales","description":"Seg\u00fan el Informe 2000 de J.I.F.E. \u201cEl mundo se droga cada vez m\u00e1s, sin importarle si lo que consume es legal o ilegal\u201d. Este grave problema est\u00e1 indisolublemente ligado a los falsos valores y modelos de la sociedad actual, que colocan a la vida humana a merced de factores externos a su intencionalidad y promueven una fuga existencial permanente","robots":{"index":"index","follow":"follow","max-snippet":"max-snippet:-1","max-image-preview":"max-image-preview:large","max-video-preview":"max-video-preview:-1"},"canonical":"https:\/\/www.pressenza.com\/es\/2009\/08\/el-fallo-de-la-suprema-corte-y-las-drogas-ilegales\/","og_locale":"es_ES","og_type":"article","og_title":"El fallo de la Suprema Corte y las drogas ilegales","og_description":"Seg\u00fan el Informe 2000 de J.I.F.E. \u201cEl mundo se droga cada vez m\u00e1s, sin importarle si lo que consume es legal o ilegal\u201d. Este grave problema est\u00e1 indisolublemente ligado a los falsos valores y modelos de la sociedad actual, que colocan a la vida humana a merced de factores externos a su intencionalidad y promueven una fuga existencial permanente","og_url":"https:\/\/www.pressenza.com\/es\/2009\/08\/el-fallo-de-la-suprema-corte-y-las-drogas-ilegales\/","og_site_name":"Pressenza","article_publisher":"https:\/\/www.facebook.com\/PressenzaItalia","article_author":"https:\/\/www.facebook.com\/pressenza","article_published_time":"2009-08-28T00:00:00+00:00","article_modified_time":"2009-08-28T10:15:15+00:00","author":"Pressenza IPA","twitter_card":"summary_large_image","twitter_creator":"@PressenzaIPA","twitter_site":"@PressenzaIPA","twitter_misc":{"Escrito por":"Pressenza IPA","Tiempo de lectura":"3 minutos"},"schema":{"@context":"https:\/\/schema.org","@graph":[{"@type":"Article","@id":"https:\/\/www.pressenza.com\/es\/2009\/08\/el-fallo-de-la-suprema-corte-y-las-drogas-ilegales\/#article","isPartOf":{"@id":"https:\/\/www.pressenza.com\/es\/2009\/08\/el-fallo-de-la-suprema-corte-y-las-drogas-ilegales\/"},"author":{"name":"Pressenza IPA","@id":"https:\/\/www.pressenza.com\/es\/#\/schema\/person\/010e5d02bcf40965427a1289a4cc8d75"},"headline":"El fallo de la Suprema Corte y las drogas ilegales","datePublished":"2009-08-28T00:00:00+00:00","dateModified":"2009-08-28T10:15:15+00:00","mainEntityOfPage":{"@id":"https:\/\/www.pressenza.com\/es\/2009\/08\/el-fallo-de-la-suprema-corte-y-las-drogas-ilegales\/"},"wordCount":659,"publisher":{"@id":"https:\/\/www.pressenza.com\/es\/#organization"},"articleSection":["Cultura y Medios","Sudam\u00e9rica"],"inLanguage":"es"},{"@type":"WebPage","@id":"https:\/\/www.pressenza.com\/es\/2009\/08\/el-fallo-de-la-suprema-corte-y-las-drogas-ilegales\/","url":"https:\/\/www.pressenza.com\/es\/2009\/08\/el-fallo-de-la-suprema-corte-y-las-drogas-ilegales\/","name":"El fallo de la Suprema Corte y las drogas ilegales","isPartOf":{"@id":"https:\/\/www.pressenza.com\/es\/#website"},"datePublished":"2009-08-28T00:00:00+00:00","dateModified":"2009-08-28T10:15:15+00:00","description":"Seg\u00fan el Informe 2000 de J.I.F.E. \u201cEl mundo se droga cada vez m\u00e1s, sin importarle si lo que consume es legal o ilegal\u201d. Este grave problema est\u00e1 indisolublemente ligado a los falsos valores y modelos de la sociedad actual, que colocan a la vida humana a merced de factores externos a su intencionalidad y promueven una fuga existencial permanente","breadcrumb":{"@id":"https:\/\/www.pressenza.com\/es\/2009\/08\/el-fallo-de-la-suprema-corte-y-las-drogas-ilegales\/#breadcrumb"},"inLanguage":"es","potentialAction":[{"@type":"ReadAction","target":["https:\/\/www.pressenza.com\/es\/2009\/08\/el-fallo-de-la-suprema-corte-y-las-drogas-ilegales\/"]}]},{"@type":"BreadcrumbList","@id":"https:\/\/www.pressenza.com\/es\/2009\/08\/el-fallo-de-la-suprema-corte-y-las-drogas-ilegales\/#breadcrumb","itemListElement":[{"@type":"ListItem","position":1,"name":"Accueil","item":"https:\/\/www.pressenza.com\/es\/"},{"@type":"ListItem","position":2,"name":"El fallo de la Suprema Corte y las drogas ilegales"}]},{"@type":"WebSite","@id":"https:\/\/www.pressenza.com\/es\/#website","url":"https:\/\/www.pressenza.com\/es\/","name":"Pressenza","description":"International Press Agency","publisher":{"@id":"https:\/\/www.pressenza.com\/es\/#organization"},"potentialAction":[{"@type":"SearchAction","target":{"@type":"EntryPoint","urlTemplate":"https:\/\/www.pressenza.com\/es\/?s={search_term_string}"},"query-input":{"@type":"PropertyValueSpecification","valueRequired":true,"valueName":"search_term_string"}}],"inLanguage":"es"},{"@type":"Organization","@id":"https:\/\/www.pressenza.com\/es\/#organization","name":"Pressenza","url":"https:\/\/www.pressenza.com\/es\/","logo":{"@type":"ImageObject","inLanguage":"es","@id":"https:\/\/www.pressenza.com\/es\/#\/schema\/logo\/image\/","url":"https:\/\/www.pressenza.com\/wp-content\/uploads\/2022\/10\/pressenza_logo_200x200.jpg","contentUrl":"https:\/\/www.pressenza.com\/wp-content\/uploads\/2022\/10\/pressenza_logo_200x200.jpg","width":200,"height":200,"caption":"Pressenza"},"image":{"@id":"https:\/\/www.pressenza.com\/es\/#\/schema\/logo\/image\/"},"sameAs":["https:\/\/www.facebook.com\/PressenzaItalia","https:\/\/x.com\/PressenzaIPA"]},{"@type":"Person","@id":"https:\/\/www.pressenza.com\/es\/#\/schema\/person\/010e5d02bcf40965427a1289a4cc8d75","name":"Pressenza IPA","description":"News from Pressenza IPA correspondents","sameAs":["https:\/\/www.facebook.com\/pressenza","https:\/\/x.com\/PressenzaIPA"],"url":"https:\/\/www.pressenza.com\/es\/author\/pressenza-ipa\/"}]}},"place":"Buenos Aires","original_article_url":"","_links":{"self":[{"href":"https:\/\/www.pressenza.com\/es\/wp-json\/wp\/v2\/posts\/1110","targetHints":{"allow":["GET"]}}],"collection":[{"href":"https:\/\/www.pressenza.com\/es\/wp-json\/wp\/v2\/posts"}],"about":[{"href":"https:\/\/www.pressenza.com\/es\/wp-json\/wp\/v2\/types\/post"}],"author":[{"embeddable":true,"href":"https:\/\/www.pressenza.com\/es\/wp-json\/wp\/v2\/users\/19"}],"replies":[{"embeddable":true,"href":"https:\/\/www.pressenza.com\/es\/wp-json\/wp\/v2\/comments?post=1110"}],"version-history":[{"count":0,"href":"https:\/\/www.pressenza.com\/es\/wp-json\/wp\/v2\/posts\/1110\/revisions"}],"wp:attachment":[{"href":"https:\/\/www.pressenza.com\/es\/wp-json\/wp\/v2\/media?parent=1110"}],"wp:term":[{"taxonomy":"category","embeddable":true,"href":"https:\/\/www.pressenza.com\/es\/wp-json\/wp\/v2\/categories?post=1110"},{"taxonomy":"post_tag","embeddable":true,"href":"https:\/\/www.pressenza.com\/es\/wp-json\/wp\/v2\/tags?post=1110"}],"curies":[{"name":"wp","href":"https:\/\/api.w.org\/{rel}","templated":true}]}}