{"id":1109,"date":"2009-08-28T00:00:00","date_gmt":"2009-08-28T00:00:00","guid":{"rendered":""},"modified":"2019-02-06T20:49:26","modified_gmt":"2019-02-06T20:49:26","slug":"la-onu-estrena-relatora-sobre-la-violencia-contra-las-mujeres","status":"publish","type":"post","link":"https:\/\/www.pressenza.com\/es\/2009\/08\/la-onu-estrena-relatora-sobre-la-violencia-contra-las-mujeres\/","title":{"rendered":"La ONU estrena relatora sobre la violencia contra las mujeres"},"content":{"rendered":"<p>Manjoo es experta en el tema y ha sido catedr\u00e1tica en varias universidades de su pa\u00eds y de Estados Unidos.<\/p>\n<p>Tambi\u00e9n ha encabezado la Comisi\u00f3n sobre Igualdad de G\u00e9nero del parlamento de Sud\u00e1frica y ha sido una de las responsables de la creaci\u00f3n del Programa de Asistencia contra la Violencia Dom\u00e9stica, en Durban.<\/p>\n<p>El mandato de la nueva relatora tiene una duraci\u00f3n de tres a\u00f1os (2009-2012) y es un cargo renovable.<\/p>\n<p>Manjoo ha ense\u00f1ado y realizado investigaciones en diversas universidades, entre ellas la Universidad de Webster y la Escuela de Leyes de Harvard, ambas en Estados Unidos, as\u00ed como en la Universidad de Ciudad del Cabo en Sud\u00e1frica.<\/p>\n<p>En su natal Sud\u00e1frica, Manjoo fue comisionada parlamentaria de la Comisi\u00f3n de Igualdad de G\u00e9nero, llev\u00f3 a cabo programas de capacitaci\u00f3n para jueces y abogados sobre temas de leyes, raza y g\u00e9nero, y estableci\u00f3 un programa de ayuda contra la violencia dom\u00e9stica en la Corte de Magistrados de Durban, que fue el primer proyecto de ese tipo en una corte en su pa\u00eds.<\/p>\n","protected":false},"excerpt":{"rendered":"<p>Rashida Manjoo, abogada y originaria de Sud\u00e1frica, fue pionera en su pa\u00eds de la lucha contra la violencia dom\u00e9stica. La abogada sudafricana Rashida Manjoo comenz\u00f3 su mandato como relatora del Consejo de Derechos Humanos de la Organizaci\u00f3n de Naciones Unidas sobre violencia contra la mujer. Su mandato se extiende hasta 2012.<\/p>\n","protected":false},"author":19,"featured_media":0,"comment_status":"closed","ping_status":"open","sticky":false,"template":"","format":"standard","meta":{"footnotes":""},"categories":[76,54515,39,68],"tags":[],"class_list":["post-1109","post","type-post","status-publish","format-standard","hentry","category-relaciones-exteriores","category-genero-y-feminismos","category-internacional","category-norteamerica"],"yoast_head":"<!-- This site is optimized with the Yoast SEO plugin v27.1.1 - https:\/\/yoast.com\/product\/yoast-seo-wordpress\/ -->\n<title>La ONU estrena relatora sobre la violencia contra las mujeres<\/title>\n<meta name=\"description\" content=\"Rashida Manjoo, abogada y originaria de Sud\u00e1frica, fue pionera en su pa\u00eds de la lucha contra la violencia dom\u00e9stica. La abogada sudafricana Rashida Manjoo comenz\u00f3 su mandato como relatora del Consejo de Derechos Humanos de la Organizaci\u00f3n de Naciones Unidas sobre violencia contra la mujer. Su mandato se extiende hasta 2012.\" \/>\n<meta name=\"robots\" content=\"index, follow, max-snippet:-1, max-image-preview:large, max-video-preview:-1\" \/>\n<link rel=\"canonical\" href=\"https:\/\/www.pressenza.com\/es\/2009\/08\/la-onu-estrena-relatora-sobre-la-violencia-contra-las-mujeres\/\" \/>\n<meta property=\"og:locale\" content=\"es_ES\" \/>\n<meta property=\"og:type\" content=\"article\" \/>\n<meta property=\"og:title\" content=\"La ONU estrena relatora sobre la violencia contra las mujeres\" \/>\n<meta property=\"og:description\" content=\"Rashida Manjoo, abogada y originaria de Sud\u00e1frica, fue pionera en su pa\u00eds de la lucha contra la violencia dom\u00e9stica. La abogada sudafricana Rashida Manjoo comenz\u00f3 su mandato como relatora del Consejo de Derechos Humanos de la Organizaci\u00f3n de Naciones Unidas sobre violencia contra la mujer. Su mandato se extiende hasta 2012.\" \/>\n<meta property=\"og:url\" content=\"https:\/\/www.pressenza.com\/es\/2009\/08\/la-onu-estrena-relatora-sobre-la-violencia-contra-las-mujeres\/\" \/>\n<meta property=\"og:site_name\" content=\"Pressenza\" \/>\n<meta property=\"article:publisher\" content=\"https:\/\/www.facebook.com\/PressenzaItalia\" \/>\n<meta property=\"article:author\" content=\"https:\/\/www.facebook.com\/pressenza\" \/>\n<meta property=\"article:published_time\" content=\"2009-08-28T00:00:00+00:00\" \/>\n<meta property=\"article:modified_time\" content=\"2019-02-06T20:49:26+00:00\" \/>\n<meta name=\"author\" content=\"Pressenza IPA\" \/>\n<meta name=\"twitter:card\" content=\"summary_large_image\" \/>\n<meta name=\"twitter:creator\" content=\"@PressenzaIPA\" \/>\n<meta name=\"twitter:site\" content=\"@PressenzaIPA\" \/>\n<meta name=\"twitter:label1\" content=\"Escrito por\" \/>\n\t<meta name=\"twitter:data1\" content=\"Pressenza IPA\" \/>\n\t<meta name=\"twitter:label2\" content=\"Tiempo de lectura\" \/>\n\t<meta name=\"twitter:data2\" content=\"1 minuto\" \/>\n<script type=\"application\/ld+json\" class=\"yoast-schema-graph\">{\"@context\":\"https:\/\/schema.org\",\"@graph\":[{\"@type\":\"Article\",\"@id\":\"https:\/\/www.pressenza.com\/es\/2009\/08\/la-onu-estrena-relatora-sobre-la-violencia-contra-las-mujeres\/#article\",\"isPartOf\":{\"@id\":\"https:\/\/www.pressenza.com\/es\/2009\/08\/la-onu-estrena-relatora-sobre-la-violencia-contra-las-mujeres\/\"},\"author\":{\"name\":\"Pressenza IPA\",\"@id\":\"https:\/\/www.pressenza.com\/es\/#\/schema\/person\/010e5d02bcf40965427a1289a4cc8d75\"},\"headline\":\"La ONU estrena relatora sobre la violencia contra las mujeres\",\"datePublished\":\"2009-08-28T00:00:00+00:00\",\"dateModified\":\"2019-02-06T20:49:26+00:00\",\"mainEntityOfPage\":{\"@id\":\"https:\/\/www.pressenza.com\/es\/2009\/08\/la-onu-estrena-relatora-sobre-la-violencia-contra-las-mujeres\/\"},\"wordCount\":200,\"publisher\":{\"@id\":\"https:\/\/www.pressenza.com\/es\/#organization\"},\"articleSection\":[\"Asuntos internacionales\",\"G\u00e9nero y Feminismos\",\"Internacional\",\"Norteam\u00e9rica\"],\"inLanguage\":\"es\"},{\"@type\":\"WebPage\",\"@id\":\"https:\/\/www.pressenza.com\/es\/2009\/08\/la-onu-estrena-relatora-sobre-la-violencia-contra-las-mujeres\/\",\"url\":\"https:\/\/www.pressenza.com\/es\/2009\/08\/la-onu-estrena-relatora-sobre-la-violencia-contra-las-mujeres\/\",\"name\":\"La ONU estrena relatora sobre la violencia contra las mujeres\",\"isPartOf\":{\"@id\":\"https:\/\/www.pressenza.com\/es\/#website\"},\"datePublished\":\"2009-08-28T00:00:00+00:00\",\"dateModified\":\"2019-02-06T20:49:26+00:00\",\"description\":\"Rashida Manjoo, abogada y originaria de Sud\u00e1frica, fue pionera en su pa\u00eds de la lucha contra la violencia dom\u00e9stica. La abogada sudafricana Rashida Manjoo comenz\u00f3 su mandato como relatora del Consejo de Derechos Humanos de la Organizaci\u00f3n de Naciones Unidas sobre violencia contra la mujer. Su mandato se extiende hasta 2012.\",\"breadcrumb\":{\"@id\":\"https:\/\/www.pressenza.com\/es\/2009\/08\/la-onu-estrena-relatora-sobre-la-violencia-contra-las-mujeres\/#breadcrumb\"},\"inLanguage\":\"es\",\"potentialAction\":[{\"@type\":\"ReadAction\",\"target\":[\"https:\/\/www.pressenza.com\/es\/2009\/08\/la-onu-estrena-relatora-sobre-la-violencia-contra-las-mujeres\/\"]}]},{\"@type\":\"BreadcrumbList\",\"@id\":\"https:\/\/www.pressenza.com\/es\/2009\/08\/la-onu-estrena-relatora-sobre-la-violencia-contra-las-mujeres\/#breadcrumb\",\"itemListElement\":[{\"@type\":\"ListItem\",\"position\":1,\"name\":\"Accueil\",\"item\":\"https:\/\/www.pressenza.com\/es\/\"},{\"@type\":\"ListItem\",\"position\":2,\"name\":\"La ONU estrena relatora sobre la violencia contra las mujeres\"}]},{\"@type\":\"WebSite\",\"@id\":\"https:\/\/www.pressenza.com\/es\/#website\",\"url\":\"https:\/\/www.pressenza.com\/es\/\",\"name\":\"Pressenza\",\"description\":\"International Press Agency\",\"publisher\":{\"@id\":\"https:\/\/www.pressenza.com\/es\/#organization\"},\"potentialAction\":[{\"@type\":\"SearchAction\",\"target\":{\"@type\":\"EntryPoint\",\"urlTemplate\":\"https:\/\/www.pressenza.com\/es\/?s={search_term_string}\"},\"query-input\":{\"@type\":\"PropertyValueSpecification\",\"valueRequired\":true,\"valueName\":\"search_term_string\"}}],\"inLanguage\":\"es\"},{\"@type\":\"Organization\",\"@id\":\"https:\/\/www.pressenza.com\/es\/#organization\",\"name\":\"Pressenza\",\"url\":\"https:\/\/www.pressenza.com\/es\/\",\"logo\":{\"@type\":\"ImageObject\",\"inLanguage\":\"es\",\"@id\":\"https:\/\/www.pressenza.com\/es\/#\/schema\/logo\/image\/\",\"url\":\"https:\/\/www.pressenza.com\/wp-content\/uploads\/2022\/10\/pressenza_logo_200x200.jpg\",\"contentUrl\":\"https:\/\/www.pressenza.com\/wp-content\/uploads\/2022\/10\/pressenza_logo_200x200.jpg\",\"width\":200,\"height\":200,\"caption\":\"Pressenza\"},\"image\":{\"@id\":\"https:\/\/www.pressenza.com\/es\/#\/schema\/logo\/image\/\"},\"sameAs\":[\"https:\/\/www.facebook.com\/PressenzaItalia\",\"https:\/\/x.com\/PressenzaIPA\"]},{\"@type\":\"Person\",\"@id\":\"https:\/\/www.pressenza.com\/es\/#\/schema\/person\/010e5d02bcf40965427a1289a4cc8d75\",\"name\":\"Pressenza IPA\",\"description\":\"News from Pressenza IPA correspondents\",\"sameAs\":[\"https:\/\/www.facebook.com\/pressenza\",\"https:\/\/x.com\/PressenzaIPA\"],\"url\":\"https:\/\/www.pressenza.com\/es\/author\/pressenza-ipa\/\"}]}<\/script>\n<!-- \/ Yoast SEO plugin. -->","yoast_head_json":{"title":"La ONU estrena relatora sobre la violencia contra las mujeres","description":"Rashida Manjoo, abogada y originaria de Sud\u00e1frica, fue pionera en su pa\u00eds de la lucha contra la violencia dom\u00e9stica. La abogada sudafricana Rashida Manjoo comenz\u00f3 su mandato como relatora del Consejo de Derechos Humanos de la Organizaci\u00f3n de Naciones Unidas sobre violencia contra la mujer. Su mandato se extiende hasta 2012.","robots":{"index":"index","follow":"follow","max-snippet":"max-snippet:-1","max-image-preview":"max-image-preview:large","max-video-preview":"max-video-preview:-1"},"canonical":"https:\/\/www.pressenza.com\/es\/2009\/08\/la-onu-estrena-relatora-sobre-la-violencia-contra-las-mujeres\/","og_locale":"es_ES","og_type":"article","og_title":"La ONU estrena relatora sobre la violencia contra las mujeres","og_description":"Rashida Manjoo, abogada y originaria de Sud\u00e1frica, fue pionera en su pa\u00eds de la lucha contra la violencia dom\u00e9stica. La abogada sudafricana Rashida Manjoo comenz\u00f3 su mandato como relatora del Consejo de Derechos Humanos de la Organizaci\u00f3n de Naciones Unidas sobre violencia contra la mujer. Su mandato se extiende hasta 2012.","og_url":"https:\/\/www.pressenza.com\/es\/2009\/08\/la-onu-estrena-relatora-sobre-la-violencia-contra-las-mujeres\/","og_site_name":"Pressenza","article_publisher":"https:\/\/www.facebook.com\/PressenzaItalia","article_author":"https:\/\/www.facebook.com\/pressenza","article_published_time":"2009-08-28T00:00:00+00:00","article_modified_time":"2019-02-06T20:49:26+00:00","author":"Pressenza IPA","twitter_card":"summary_large_image","twitter_creator":"@PressenzaIPA","twitter_site":"@PressenzaIPA","twitter_misc":{"Escrito por":"Pressenza IPA","Tiempo de lectura":"1 minuto"},"schema":{"@context":"https:\/\/schema.org","@graph":[{"@type":"Article","@id":"https:\/\/www.pressenza.com\/es\/2009\/08\/la-onu-estrena-relatora-sobre-la-violencia-contra-las-mujeres\/#article","isPartOf":{"@id":"https:\/\/www.pressenza.com\/es\/2009\/08\/la-onu-estrena-relatora-sobre-la-violencia-contra-las-mujeres\/"},"author":{"name":"Pressenza IPA","@id":"https:\/\/www.pressenza.com\/es\/#\/schema\/person\/010e5d02bcf40965427a1289a4cc8d75"},"headline":"La ONU estrena relatora sobre la violencia contra las mujeres","datePublished":"2009-08-28T00:00:00+00:00","dateModified":"2019-02-06T20:49:26+00:00","mainEntityOfPage":{"@id":"https:\/\/www.pressenza.com\/es\/2009\/08\/la-onu-estrena-relatora-sobre-la-violencia-contra-las-mujeres\/"},"wordCount":200,"publisher":{"@id":"https:\/\/www.pressenza.com\/es\/#organization"},"articleSection":["Asuntos internacionales","G\u00e9nero y Feminismos","Internacional","Norteam\u00e9rica"],"inLanguage":"es"},{"@type":"WebPage","@id":"https:\/\/www.pressenza.com\/es\/2009\/08\/la-onu-estrena-relatora-sobre-la-violencia-contra-las-mujeres\/","url":"https:\/\/www.pressenza.com\/es\/2009\/08\/la-onu-estrena-relatora-sobre-la-violencia-contra-las-mujeres\/","name":"La ONU estrena relatora sobre la violencia contra las mujeres","isPartOf":{"@id":"https:\/\/www.pressenza.com\/es\/#website"},"datePublished":"2009-08-28T00:00:00+00:00","dateModified":"2019-02-06T20:49:26+00:00","description":"Rashida Manjoo, abogada y originaria de Sud\u00e1frica, fue pionera en su pa\u00eds de la lucha contra la violencia dom\u00e9stica. La abogada sudafricana Rashida Manjoo comenz\u00f3 su mandato como relatora del Consejo de Derechos Humanos de la Organizaci\u00f3n de Naciones Unidas sobre violencia contra la mujer. Su mandato se extiende hasta 2012.","breadcrumb":{"@id":"https:\/\/www.pressenza.com\/es\/2009\/08\/la-onu-estrena-relatora-sobre-la-violencia-contra-las-mujeres\/#breadcrumb"},"inLanguage":"es","potentialAction":[{"@type":"ReadAction","target":["https:\/\/www.pressenza.com\/es\/2009\/08\/la-onu-estrena-relatora-sobre-la-violencia-contra-las-mujeres\/"]}]},{"@type":"BreadcrumbList","@id":"https:\/\/www.pressenza.com\/es\/2009\/08\/la-onu-estrena-relatora-sobre-la-violencia-contra-las-mujeres\/#breadcrumb","itemListElement":[{"@type":"ListItem","position":1,"name":"Accueil","item":"https:\/\/www.pressenza.com\/es\/"},{"@type":"ListItem","position":2,"name":"La ONU estrena relatora sobre la violencia contra las mujeres"}]},{"@type":"WebSite","@id":"https:\/\/www.pressenza.com\/es\/#website","url":"https:\/\/www.pressenza.com\/es\/","name":"Pressenza","description":"International Press Agency","publisher":{"@id":"https:\/\/www.pressenza.com\/es\/#organization"},"potentialAction":[{"@type":"SearchAction","target":{"@type":"EntryPoint","urlTemplate":"https:\/\/www.pressenza.com\/es\/?s={search_term_string}"},"query-input":{"@type":"PropertyValueSpecification","valueRequired":true,"valueName":"search_term_string"}}],"inLanguage":"es"},{"@type":"Organization","@id":"https:\/\/www.pressenza.com\/es\/#organization","name":"Pressenza","url":"https:\/\/www.pressenza.com\/es\/","logo":{"@type":"ImageObject","inLanguage":"es","@id":"https:\/\/www.pressenza.com\/es\/#\/schema\/logo\/image\/","url":"https:\/\/www.pressenza.com\/wp-content\/uploads\/2022\/10\/pressenza_logo_200x200.jpg","contentUrl":"https:\/\/www.pressenza.com\/wp-content\/uploads\/2022\/10\/pressenza_logo_200x200.jpg","width":200,"height":200,"caption":"Pressenza"},"image":{"@id":"https:\/\/www.pressenza.com\/es\/#\/schema\/logo\/image\/"},"sameAs":["https:\/\/www.facebook.com\/PressenzaItalia","https:\/\/x.com\/PressenzaIPA"]},{"@type":"Person","@id":"https:\/\/www.pressenza.com\/es\/#\/schema\/person\/010e5d02bcf40965427a1289a4cc8d75","name":"Pressenza IPA","description":"News from Pressenza IPA correspondents","sameAs":["https:\/\/www.facebook.com\/pressenza","https:\/\/x.com\/PressenzaIPA"],"url":"https:\/\/www.pressenza.com\/es\/author\/pressenza-ipa\/"}]}},"place":"ONU","original_article_url":"","_links":{"self":[{"href":"https:\/\/www.pressenza.com\/es\/wp-json\/wp\/v2\/posts\/1109","targetHints":{"allow":["GET"]}}],"collection":[{"href":"https:\/\/www.pressenza.com\/es\/wp-json\/wp\/v2\/posts"}],"about":[{"href":"https:\/\/www.pressenza.com\/es\/wp-json\/wp\/v2\/types\/post"}],"author":[{"embeddable":true,"href":"https:\/\/www.pressenza.com\/es\/wp-json\/wp\/v2\/users\/19"}],"replies":[{"embeddable":true,"href":"https:\/\/www.pressenza.com\/es\/wp-json\/wp\/v2\/comments?post=1109"}],"version-history":[{"count":0,"href":"https:\/\/www.pressenza.com\/es\/wp-json\/wp\/v2\/posts\/1109\/revisions"}],"wp:attachment":[{"href":"https:\/\/www.pressenza.com\/es\/wp-json\/wp\/v2\/media?parent=1109"}],"wp:term":[{"taxonomy":"category","embeddable":true,"href":"https:\/\/www.pressenza.com\/es\/wp-json\/wp\/v2\/categories?post=1109"},{"taxonomy":"post_tag","embeddable":true,"href":"https:\/\/www.pressenza.com\/es\/wp-json\/wp\/v2\/tags?post=1109"}],"curies":[{"name":"wp","href":"https:\/\/api.w.org\/{rel}","templated":true}]}}