{"id":1108576,"date":"2020-05-17T04:00:27","date_gmt":"2020-05-17T03:00:27","guid":{"rendered":"https:\/\/www.pressenza.com\/?p=1108576"},"modified":"2020-05-17T11:02:50","modified_gmt":"2020-05-17T10:02:50","slug":"la-musica-en-el-cine-la-companera-inseparable","status":"publish","type":"post","link":"https:\/\/www.pressenza.com\/es\/2020\/05\/la-musica-en-el-cine-la-companera-inseparable\/","title":{"rendered":"La m\u00fasica en el cine: la compa\u00f1era inseparable"},"content":{"rendered":"<h5><strong>\u00a0<\/strong><span style=\"color: #999999;\">CINE Y M\u00daSICA<br \/>\n<\/span><\/h5>\n<p>&nbsp;<\/p>\n<p>Durante incontables d\u00e9cadas, hemos disfrutado de las bondades del s\u00e9ptimo arte, el m\u00e1s moderno de\u00a0 todos y, a la vez, el m\u00e1s contracultural y el que ha impregnado el siglo XX con su presencia, factura y estructura, hasta el punto de convertirse en veh\u00edculo de conexi\u00f3n social y homogeneizar culturas y costumbres, desde occidente a oriente, en un periodo de tiempo en el que se ha convertido en el referente \u201cmainstream\u201d para todo el planeta. Y durante todo ese periplo, ha tenido una compa\u00f1era de viaje muy especial, sin la cual el cine, se puede afirmar sin disimulo, no podr\u00eda existir, al menos en la forma actual que conocemos.<\/p>\n<p>Y es que, imaginemos, \u00bfQu\u00e9 seria del cine sin la m\u00fasica que lo envuelve?<\/p>\n<p>\u00bfPodemos imaginar cl\u00e1sicos como \u201cLo que el Viento se Llev\u00f3\u201d (<a href=\"https:\/\/www.google.com\/search?client=firefox-b-d&amp;sxsrf=ALeKk02sf1BVLBeR89Apv4tQEsuShtGmAA:1589476430341&amp;q=Victor+Fleming&amp;stick=H4sIAAAAAAAAAOPgE-LUz9U3sDAuzi5XAjMNTYqTqrTEspOt9NMyc3LBhFVKZlFqckl-0SJWvrBMEEPBLSc1NzMvfQcrIwAkGihARAAAAA&amp;sa=X&amp;ved=2ahUKEwiejImQ7bPpAhV55-AKHaPbBGsQmxMoATAjegQIEhAD\">Victor Fleming<\/a>, 1962), \u201cBen-Hur (<a href=\"https:\/\/www.google.com\/search?client=firefox-b-d&amp;sxsrf=ALeKk02iiPRWSAKmdO_NDjorZblQN6M4bw:1589476527233&amp;q=William+Wyler&amp;stick=H4sIAAAAAAAAAOPgE-LUz9U3MCmzqLBU4gAx08tMDLTEspOt9NMyc3LBhFVKZlFqckl-0SJW3vDMnJzMxFyF8Mqc1KIdrIwABdsEtUIAAAA&amp;sa=X&amp;ved=2ahUKEwje76K-7bPpAhWXAWMBHV0wAlsQmxMoATAqegQIEBAD\">William Wyler<\/a> ,1960) o \u201cLawrence de Arabia\u201d (<a href=\"https:\/\/www.google.com\/search?client=firefox-b-d&amp;sa=X&amp;biw=1240&amp;bih=647&amp;sxsrf=ALeKk02E2513T4XdrK701Leyvr0CEYSnKw:1589476585692&amp;q=David+Lean&amp;stick=H4sIAAAAAAAAAOPgE-LQz9U3SKowyFECs7LSy9O0xLKTrfTTMnNywYRVSmZRanJJftEiVi6XxLLMFAWf1MS8HayMAA3-pAg-AAAA&amp;ved=2ahUKEwii-pLa7bPpAhWbDGMBHS6SAFcQmxMoATAregQIEhAD\">David Lean<\/a>,1963) sin recordar las hermosas partituras que las acompa\u00f1an como lo primero que nos viene a la mente?<\/p>\n<p>La m\u00fasica ha jugado un papel fundamental en la historia del cine, siendo tan trascendente\u00a0 como lo ha sido el cine mismo. Y es que no conviene olvidar su importancia ya desde el inicio puesto que la m\u00fasica ya estaba presente mucho tiempo antes de que lo estuvieran el di\u00e1logo o incluso el sonido.<\/p>\n<p>El cine comenz\u00f3 siendo mudo, es cierto. Pero pronto, se demostr\u00f3 que aquello no funcionaba. Las primeras salas de cine inclu\u00edan en su exhibici\u00f3n un pianista que interpretaba en directo determinados pasajes, que no solamente acompa\u00f1aban el metraje, sino que ilustraban ya por aquel entonces el argumento, con cambios mel\u00f3dicos que cambiaban con la trama, de la acci\u00f3n al romanticismo o incluso el drama.\u00a0 Su presencia era ya entonces fundamental, en un inicio en el que el cine, ideado por Lumi\u00e9re, solo tenia para guiar al espectador mensajes que se iban intercalando en los fotogramas para ilustrar el argumento.<\/p>\n<p>Vemos pues que su implicaci\u00f3n e importancia estaban ya all\u00ed, desde el comienzo, asumiendo cometidos puramente argumentales.<\/p>\n<p>Su implicaci\u00f3n y simbiosis no ces\u00f3 con los avances tecnol\u00f3gicos de la industria. Muy al contrario, su participaci\u00f3n, ya indisoluble y grabada en las propias cintas, pasa a ser multit\u00edmbrica, con orquestas enteras y con las posibilidades que eso supone, al punto que los grandes estudios siempre han tenido en n\u00f3mina a las m\u00e1s prestigiosas orquestas bajo la batuta de algunos de los m\u00e1s grandes directores y arreglistas.<\/p>\n<p>Durante la \u00e9poca dorada del cine americano, el celuloide alcanz\u00f3 su esplendor con maravillosas pel\u00edculas, con unas partituras que eran tan importantes e incluso m\u00e1s maravillosas que las cintas mismas que les daban cobijo.<\/p>\n<p>En los\u00a0 40, 50 y 60 comienza el cine musical, donde la m\u00fasica misma y las canciones canibalizan el dialogo y el argumento, con coreografi\u00e1s y bailes que convierten las pel\u00edculas en un espect\u00e1culo completamente rendido a la misma.<\/p>\n<p>En los 60 y 70, el cine empieza tambi\u00e9n a utilizar, adem\u00e1s de orquestas, formatos m\u00e1s reducidos, como cuartetos y bandas, y ya en los 80 y 90 la m\u00fasica de cine se nutre tambi\u00e9n de nuevas texturas, con sintetizadores e instrumentos propios del rock y el pop, abarcando as\u00ed una paleta sonora que enmarca mejor el cambio a una sociedad m\u00e1s tecnol\u00f3gica y moderna, como lo son las historias que el cine refleja, en el auge de la ciencia ficci\u00f3n y otros g\u00e9neros ambientados en la fantas\u00eda. T\u00edtulos como \u201cEncuentros en la tercera fase\u201d, \u201cTron\u201d, \u201cBlade Runner\u201d, \u201cTerminator\u201d, etc. presentan una m\u00fasica con texturas de tinte electr\u00f3nico, dando paso a la era moderna en la m\u00fasica cinematogr\u00e1fica.<\/p>\n<p>Es tambi\u00e9n hacia esta misma \u00e9poca cuando el cine comienza a asimilar directamente el pop, el rock y la m\u00fasica generalista, es decir, no hecha para el cine, dentro de los metrajes, dando paso a las bandas sonoras compuestas por grandes \u00e9xitos y canciones de moda, hits y cl\u00e1sicos de radio formula, creando un nuevo tipo de contenido musical para el cine que aprovecha, de nuevo, la vitalidad de la m\u00fasica fuera del genero cinematogr\u00e1fico para ilustrar su contenido.<\/p>\n<p>El cine comienza tambi\u00e9n a asimilar los musicales de Broadway tipo \u201cWest Side Story\u201d, \u201cJesusCrist SuperStar\u201d, \u201cHair\u201d, etc. para dar vida a un nuevo genero de cine musical, que a\u00f1ade dimensi\u00f3n, medios y nuevas posibilidades con respecto a sus adaptaciones en teatro, que sirve como una progresi\u00f3n natural al cine musical de los 40 y 50.<\/p>\n<p>Pero no es hasta entrado el siglo XXI cuando encontramos la m\u00e1xima expresi\u00f3n de la importancia y lo que supone en realidad\u00a0 la m\u00fasica en el cine, con los grandes conciertos de bandas sonoras de pel\u00edculas que se acompa\u00f1an de exhibiciones del titulo en cuesti\u00f3n en grandes recintos y auditorios, pero sin sonido, dejando todo el protagonismo a los interpretes y m\u00fasicos, siendo las im\u00e1genes de la misma pel\u00edcula las que ambientan la funci\u00f3n. Un formato que el propio p\u00fablico demandaba y que se ha convertido en un \u00e9xito y una celebraci\u00f3n de culto.<\/p>\n<p>Y la demanda de este formato no deja de ser curiosa, es por as\u00ed decirlo, la vuelta al comienzo, donde esta vez es la m\u00fasica la protagonista principal y las im\u00e1genes, el acompa\u00f1amiento a la misma. Porque es imposible entender el cine sin m\u00fasica. Lo sabemos, lo sentimos<\/p>\n<p>Y es que, de nuevo la pregunta vuelve a estar presente. \u00bfPodemos pensar en pel\u00edculas como \u201cPsicosis\u201d, \u201cStar Wars\u201d, \u201cTibur\u00f3n\u201d, \u201cTitanic\u201d, \u201cLa lista Schindler\u201d, \u201cBraveheart\u201d, \u201cConan The Barbarian\u201d, \u201cDr\u00e1cula\u201d, \u201cEl Padrino\u201d, \u201cCasino Royale\u201d, \u201cLa Edad de la Inocencia\u201d, \u201cLa Historia interminable\u201d, \u201cEl Golpe\u201d, \u201cLa gran evasi\u00f3n\u201d, etc, sin sus correspondientes bandas sonoras?\u00a0 No. Imposible. Esta uni\u00f3n conforma un matrimonio de conveniencia, que en el caso del cine se traduce en necesidad.<\/p>\n<p>Y es que la m\u00fasica puede vivir sin el cine, pero el cine sin la m\u00fasica perder\u00eda toda su profundidad y dimensi\u00f3n, difuminar\u00eda su mensaje y perder\u00eda emotividad y sensibilidad.<\/p>\n","protected":false},"excerpt":{"rendered":"<p>\u00a0CINE Y M\u00daSICA &nbsp; Durante incontables d\u00e9cadas, hemos disfrutado de las bondades del s\u00e9ptimo arte, el m\u00e1s moderno de\u00a0 todos y, a la vez, el m\u00e1s contracultural y el que ha impregnado el siglo XX con su presencia, factura y&hellip;<\/p>\n","protected":false},"author":1837,"featured_media":1108602,"comment_status":"closed","ping_status":"closed","sticky":false,"template":"","format":"standard","meta":{"footnotes":""},"categories":[11389,75],"tags":[75295,75718],"class_list":["post-1108576","post","type-post","status-publish","format-standard","has-post-thumbnail","hentry","category-contenido-original","category-cultura-es","tag-cuaderno-de-cultura","tag-historia-del-cine"],"yoast_head":"<!-- This site is optimized with the Yoast SEO plugin v27.1.1 - https:\/\/yoast.com\/product\/yoast-seo-wordpress\/ -->\n<title>La m\u00fasica en el cine: la compa\u00f1era inseparable<\/title>\n<meta name=\"description\" content=\"\u00a0CINE Y M\u00daSICA &nbsp; Durante incontables d\u00e9cadas, hemos disfrutado de las bondades del s\u00e9ptimo arte, el m\u00e1s moderno de\u00a0 todos y, a la vez, el m\u00e1s\" \/>\n<meta name=\"robots\" content=\"index, follow, max-snippet:-1, max-image-preview:large, max-video-preview:-1\" \/>\n<link rel=\"canonical\" href=\"https:\/\/www.pressenza.com\/es\/2020\/05\/la-musica-en-el-cine-la-companera-inseparable\/\" \/>\n<meta property=\"og:locale\" content=\"es_ES\" \/>\n<meta property=\"og:type\" content=\"article\" \/>\n<meta property=\"og:title\" content=\"La m\u00fasica en el cine: la compa\u00f1era inseparable\" \/>\n<meta property=\"og:description\" content=\"\u00a0CINE Y M\u00daSICA &nbsp; Durante incontables d\u00e9cadas, hemos disfrutado de las bondades del s\u00e9ptimo arte, el m\u00e1s moderno de\u00a0 todos y, a la vez, el m\u00e1s\" \/>\n<meta property=\"og:url\" content=\"https:\/\/www.pressenza.com\/es\/2020\/05\/la-musica-en-el-cine-la-companera-inseparable\/\" \/>\n<meta property=\"og:site_name\" content=\"Pressenza\" \/>\n<meta property=\"article:publisher\" content=\"https:\/\/www.facebook.com\/PressenzaItalia\" \/>\n<meta property=\"article:published_time\" content=\"2020-05-17T03:00:27+00:00\" \/>\n<meta property=\"article:modified_time\" content=\"2020-05-17T10:02:50+00:00\" \/>\n<meta property=\"og:image\" content=\"https:\/\/www.pressenza.com\/wp-content\/uploads\/2020\/05\/sw.jpg\" \/>\n\t<meta property=\"og:image:width\" content=\"1600\" \/>\n\t<meta property=\"og:image:height\" content=\"1078\" \/>\n\t<meta property=\"og:image:type\" content=\"image\/jpeg\" \/>\n<meta name=\"author\" content=\"David Bazo\" \/>\n<meta name=\"twitter:card\" content=\"summary_large_image\" \/>\n<meta name=\"twitter:creator\" content=\"@PressenzaIPA\" \/>\n<meta name=\"twitter:site\" content=\"@PressenzaIPA\" \/>\n<meta name=\"twitter:label1\" content=\"Escrito por\" \/>\n\t<meta name=\"twitter:data1\" content=\"David Bazo\" \/>\n\t<meta name=\"twitter:label2\" content=\"Tiempo de lectura\" \/>\n\t<meta name=\"twitter:data2\" content=\"5 minutos\" \/>\n<script type=\"application\/ld+json\" class=\"yoast-schema-graph\">{\"@context\":\"https:\/\/schema.org\",\"@graph\":[{\"@type\":\"Article\",\"@id\":\"https:\/\/www.pressenza.com\/es\/2020\/05\/la-musica-en-el-cine-la-companera-inseparable\/#article\",\"isPartOf\":{\"@id\":\"https:\/\/www.pressenza.com\/es\/2020\/05\/la-musica-en-el-cine-la-companera-inseparable\/\"},\"author\":{\"name\":\"David Bazo\",\"@id\":\"https:\/\/www.pressenza.com\/es\/#\/schema\/person\/f34d7e79e9b6b38a2fcc398ba47b563c\"},\"headline\":\"La m\u00fasica en el cine: la compa\u00f1era inseparable\",\"datePublished\":\"2020-05-17T03:00:27+00:00\",\"dateModified\":\"2020-05-17T10:02:50+00:00\",\"mainEntityOfPage\":{\"@id\":\"https:\/\/www.pressenza.com\/es\/2020\/05\/la-musica-en-el-cine-la-companera-inseparable\/\"},\"wordCount\":1059,\"publisher\":{\"@id\":\"https:\/\/www.pressenza.com\/es\/#organization\"},\"image\":{\"@id\":\"https:\/\/www.pressenza.com\/es\/2020\/05\/la-musica-en-el-cine-la-companera-inseparable\/#primaryimage\"},\"thumbnailUrl\":\"https:\/\/www.pressenza.com\/wp-content\/uploads\/2020\/05\/sw.jpg\",\"keywords\":[\"cuaderno de cultura\",\"historia del cine\"],\"articleSection\":[\"Contenido Original\",\"Cultura y Medios\"],\"inLanguage\":\"es\"},{\"@type\":\"WebPage\",\"@id\":\"https:\/\/www.pressenza.com\/es\/2020\/05\/la-musica-en-el-cine-la-companera-inseparable\/\",\"url\":\"https:\/\/www.pressenza.com\/es\/2020\/05\/la-musica-en-el-cine-la-companera-inseparable\/\",\"name\":\"La m\u00fasica en el cine: la compa\u00f1era inseparable\",\"isPartOf\":{\"@id\":\"https:\/\/www.pressenza.com\/es\/#website\"},\"primaryImageOfPage\":{\"@id\":\"https:\/\/www.pressenza.com\/es\/2020\/05\/la-musica-en-el-cine-la-companera-inseparable\/#primaryimage\"},\"image\":{\"@id\":\"https:\/\/www.pressenza.com\/es\/2020\/05\/la-musica-en-el-cine-la-companera-inseparable\/#primaryimage\"},\"thumbnailUrl\":\"https:\/\/www.pressenza.com\/wp-content\/uploads\/2020\/05\/sw.jpg\",\"datePublished\":\"2020-05-17T03:00:27+00:00\",\"dateModified\":\"2020-05-17T10:02:50+00:00\",\"description\":\"\u00a0CINE Y M\u00daSICA &nbsp; Durante incontables d\u00e9cadas, hemos disfrutado de las bondades del s\u00e9ptimo arte, el m\u00e1s moderno de\u00a0 todos y, a la vez, el m\u00e1s\",\"breadcrumb\":{\"@id\":\"https:\/\/www.pressenza.com\/es\/2020\/05\/la-musica-en-el-cine-la-companera-inseparable\/#breadcrumb\"},\"inLanguage\":\"es\",\"potentialAction\":[{\"@type\":\"ReadAction\",\"target\":[\"https:\/\/www.pressenza.com\/es\/2020\/05\/la-musica-en-el-cine-la-companera-inseparable\/\"]}]},{\"@type\":\"ImageObject\",\"inLanguage\":\"es\",\"@id\":\"https:\/\/www.pressenza.com\/es\/2020\/05\/la-musica-en-el-cine-la-companera-inseparable\/#primaryimage\",\"url\":\"https:\/\/www.pressenza.com\/wp-content\/uploads\/2020\/05\/sw.jpg\",\"contentUrl\":\"https:\/\/www.pressenza.com\/wp-content\/uploads\/2020\/05\/sw.jpg\",\"width\":1600,\"height\":1078},{\"@type\":\"BreadcrumbList\",\"@id\":\"https:\/\/www.pressenza.com\/es\/2020\/05\/la-musica-en-el-cine-la-companera-inseparable\/#breadcrumb\",\"itemListElement\":[{\"@type\":\"ListItem\",\"position\":1,\"name\":\"Accueil\",\"item\":\"https:\/\/www.pressenza.com\/es\/\"},{\"@type\":\"ListItem\",\"position\":2,\"name\":\"La m\u00fasica en el cine: la compa\u00f1era inseparable\"}]},{\"@type\":\"WebSite\",\"@id\":\"https:\/\/www.pressenza.com\/es\/#website\",\"url\":\"https:\/\/www.pressenza.com\/es\/\",\"name\":\"Pressenza\",\"description\":\"International Press Agency\",\"publisher\":{\"@id\":\"https:\/\/www.pressenza.com\/es\/#organization\"},\"potentialAction\":[{\"@type\":\"SearchAction\",\"target\":{\"@type\":\"EntryPoint\",\"urlTemplate\":\"https:\/\/www.pressenza.com\/es\/?s={search_term_string}\"},\"query-input\":{\"@type\":\"PropertyValueSpecification\",\"valueRequired\":true,\"valueName\":\"search_term_string\"}}],\"inLanguage\":\"es\"},{\"@type\":\"Organization\",\"@id\":\"https:\/\/www.pressenza.com\/es\/#organization\",\"name\":\"Pressenza\",\"url\":\"https:\/\/www.pressenza.com\/es\/\",\"logo\":{\"@type\":\"ImageObject\",\"inLanguage\":\"es\",\"@id\":\"https:\/\/www.pressenza.com\/es\/#\/schema\/logo\/image\/\",\"url\":\"https:\/\/www.pressenza.com\/wp-content\/uploads\/2022\/10\/pressenza_logo_200x200.jpg\",\"contentUrl\":\"https:\/\/www.pressenza.com\/wp-content\/uploads\/2022\/10\/pressenza_logo_200x200.jpg\",\"width\":200,\"height\":200,\"caption\":\"Pressenza\"},\"image\":{\"@id\":\"https:\/\/www.pressenza.com\/es\/#\/schema\/logo\/image\/\"},\"sameAs\":[\"https:\/\/www.facebook.com\/PressenzaItalia\",\"https:\/\/x.com\/PressenzaIPA\"]},{\"@type\":\"Person\",\"@id\":\"https:\/\/www.pressenza.com\/es\/#\/schema\/person\/f34d7e79e9b6b38a2fcc398ba47b563c\",\"name\":\"David Bazo\",\"description\":\"David Bazo es un polifac\u00e9tico m\u00fasico con un bagaje profesional de m\u00e1s de 25 a\u00f1os y m\u00e1s de un centenar de actuaciones en directo a sus espaldas, como solista e integrando distintas formaciones musicales. Productor, arreglista e int\u00e9rprete de m\u00fasica para cantantes, bandas sonoras, New Age, Pop, TV y mucho m\u00e1s. Puedes conocerlo m\u00e1s en www.davidbazo.info\",\"url\":\"https:\/\/www.pressenza.com\/es\/author\/david-bazo\/\"}]}<\/script>\n<!-- \/ Yoast SEO plugin. -->","yoast_head_json":{"title":"La m\u00fasica en el cine: la compa\u00f1era inseparable","description":"\u00a0CINE Y M\u00daSICA &nbsp; Durante incontables d\u00e9cadas, hemos disfrutado de las bondades del s\u00e9ptimo arte, el m\u00e1s moderno de\u00a0 todos y, a la vez, el m\u00e1s","robots":{"index":"index","follow":"follow","max-snippet":"max-snippet:-1","max-image-preview":"max-image-preview:large","max-video-preview":"max-video-preview:-1"},"canonical":"https:\/\/www.pressenza.com\/es\/2020\/05\/la-musica-en-el-cine-la-companera-inseparable\/","og_locale":"es_ES","og_type":"article","og_title":"La m\u00fasica en el cine: la compa\u00f1era inseparable","og_description":"\u00a0CINE Y M\u00daSICA &nbsp; Durante incontables d\u00e9cadas, hemos disfrutado de las bondades del s\u00e9ptimo arte, el m\u00e1s moderno de\u00a0 todos y, a la vez, el m\u00e1s","og_url":"https:\/\/www.pressenza.com\/es\/2020\/05\/la-musica-en-el-cine-la-companera-inseparable\/","og_site_name":"Pressenza","article_publisher":"https:\/\/www.facebook.com\/PressenzaItalia","article_published_time":"2020-05-17T03:00:27+00:00","article_modified_time":"2020-05-17T10:02:50+00:00","og_image":[{"width":1600,"height":1078,"url":"https:\/\/www.pressenza.com\/wp-content\/uploads\/2020\/05\/sw.jpg","type":"image\/jpeg"}],"author":"David Bazo","twitter_card":"summary_large_image","twitter_creator":"@PressenzaIPA","twitter_site":"@PressenzaIPA","twitter_misc":{"Escrito por":"David Bazo","Tiempo de lectura":"5 minutos"},"schema":{"@context":"https:\/\/schema.org","@graph":[{"@type":"Article","@id":"https:\/\/www.pressenza.com\/es\/2020\/05\/la-musica-en-el-cine-la-companera-inseparable\/#article","isPartOf":{"@id":"https:\/\/www.pressenza.com\/es\/2020\/05\/la-musica-en-el-cine-la-companera-inseparable\/"},"author":{"name":"David Bazo","@id":"https:\/\/www.pressenza.com\/es\/#\/schema\/person\/f34d7e79e9b6b38a2fcc398ba47b563c"},"headline":"La m\u00fasica en el cine: la compa\u00f1era inseparable","datePublished":"2020-05-17T03:00:27+00:00","dateModified":"2020-05-17T10:02:50+00:00","mainEntityOfPage":{"@id":"https:\/\/www.pressenza.com\/es\/2020\/05\/la-musica-en-el-cine-la-companera-inseparable\/"},"wordCount":1059,"publisher":{"@id":"https:\/\/www.pressenza.com\/es\/#organization"},"image":{"@id":"https:\/\/www.pressenza.com\/es\/2020\/05\/la-musica-en-el-cine-la-companera-inseparable\/#primaryimage"},"thumbnailUrl":"https:\/\/www.pressenza.com\/wp-content\/uploads\/2020\/05\/sw.jpg","keywords":["cuaderno de cultura","historia del cine"],"articleSection":["Contenido Original","Cultura y Medios"],"inLanguage":"es"},{"@type":"WebPage","@id":"https:\/\/www.pressenza.com\/es\/2020\/05\/la-musica-en-el-cine-la-companera-inseparable\/","url":"https:\/\/www.pressenza.com\/es\/2020\/05\/la-musica-en-el-cine-la-companera-inseparable\/","name":"La m\u00fasica en el cine: la compa\u00f1era inseparable","isPartOf":{"@id":"https:\/\/www.pressenza.com\/es\/#website"},"primaryImageOfPage":{"@id":"https:\/\/www.pressenza.com\/es\/2020\/05\/la-musica-en-el-cine-la-companera-inseparable\/#primaryimage"},"image":{"@id":"https:\/\/www.pressenza.com\/es\/2020\/05\/la-musica-en-el-cine-la-companera-inseparable\/#primaryimage"},"thumbnailUrl":"https:\/\/www.pressenza.com\/wp-content\/uploads\/2020\/05\/sw.jpg","datePublished":"2020-05-17T03:00:27+00:00","dateModified":"2020-05-17T10:02:50+00:00","description":"\u00a0CINE Y M\u00daSICA &nbsp; Durante incontables d\u00e9cadas, hemos disfrutado de las bondades del s\u00e9ptimo arte, el m\u00e1s moderno de\u00a0 todos y, a la vez, el m\u00e1s","breadcrumb":{"@id":"https:\/\/www.pressenza.com\/es\/2020\/05\/la-musica-en-el-cine-la-companera-inseparable\/#breadcrumb"},"inLanguage":"es","potentialAction":[{"@type":"ReadAction","target":["https:\/\/www.pressenza.com\/es\/2020\/05\/la-musica-en-el-cine-la-companera-inseparable\/"]}]},{"@type":"ImageObject","inLanguage":"es","@id":"https:\/\/www.pressenza.com\/es\/2020\/05\/la-musica-en-el-cine-la-companera-inseparable\/#primaryimage","url":"https:\/\/www.pressenza.com\/wp-content\/uploads\/2020\/05\/sw.jpg","contentUrl":"https:\/\/www.pressenza.com\/wp-content\/uploads\/2020\/05\/sw.jpg","width":1600,"height":1078},{"@type":"BreadcrumbList","@id":"https:\/\/www.pressenza.com\/es\/2020\/05\/la-musica-en-el-cine-la-companera-inseparable\/#breadcrumb","itemListElement":[{"@type":"ListItem","position":1,"name":"Accueil","item":"https:\/\/www.pressenza.com\/es\/"},{"@type":"ListItem","position":2,"name":"La m\u00fasica en el cine: la compa\u00f1era inseparable"}]},{"@type":"WebSite","@id":"https:\/\/www.pressenza.com\/es\/#website","url":"https:\/\/www.pressenza.com\/es\/","name":"Pressenza","description":"International Press Agency","publisher":{"@id":"https:\/\/www.pressenza.com\/es\/#organization"},"potentialAction":[{"@type":"SearchAction","target":{"@type":"EntryPoint","urlTemplate":"https:\/\/www.pressenza.com\/es\/?s={search_term_string}"},"query-input":{"@type":"PropertyValueSpecification","valueRequired":true,"valueName":"search_term_string"}}],"inLanguage":"es"},{"@type":"Organization","@id":"https:\/\/www.pressenza.com\/es\/#organization","name":"Pressenza","url":"https:\/\/www.pressenza.com\/es\/","logo":{"@type":"ImageObject","inLanguage":"es","@id":"https:\/\/www.pressenza.com\/es\/#\/schema\/logo\/image\/","url":"https:\/\/www.pressenza.com\/wp-content\/uploads\/2022\/10\/pressenza_logo_200x200.jpg","contentUrl":"https:\/\/www.pressenza.com\/wp-content\/uploads\/2022\/10\/pressenza_logo_200x200.jpg","width":200,"height":200,"caption":"Pressenza"},"image":{"@id":"https:\/\/www.pressenza.com\/es\/#\/schema\/logo\/image\/"},"sameAs":["https:\/\/www.facebook.com\/PressenzaItalia","https:\/\/x.com\/PressenzaIPA"]},{"@type":"Person","@id":"https:\/\/www.pressenza.com\/es\/#\/schema\/person\/f34d7e79e9b6b38a2fcc398ba47b563c","name":"David Bazo","description":"David Bazo es un polifac\u00e9tico m\u00fasico con un bagaje profesional de m\u00e1s de 25 a\u00f1os y m\u00e1s de un centenar de actuaciones en directo a sus espaldas, como solista e integrando distintas formaciones musicales. Productor, arreglista e int\u00e9rprete de m\u00fasica para cantantes, bandas sonoras, New Age, Pop, TV y mucho m\u00e1s. Puedes conocerlo m\u00e1s en www.davidbazo.info","url":"https:\/\/www.pressenza.com\/es\/author\/david-bazo\/"}]}},"place":"Madrid (Espa\u00f1a)","original_article_url":"","_links":{"self":[{"href":"https:\/\/www.pressenza.com\/es\/wp-json\/wp\/v2\/posts\/1108576","targetHints":{"allow":["GET"]}}],"collection":[{"href":"https:\/\/www.pressenza.com\/es\/wp-json\/wp\/v2\/posts"}],"about":[{"href":"https:\/\/www.pressenza.com\/es\/wp-json\/wp\/v2\/types\/post"}],"author":[{"embeddable":true,"href":"https:\/\/www.pressenza.com\/es\/wp-json\/wp\/v2\/users\/1837"}],"replies":[{"embeddable":true,"href":"https:\/\/www.pressenza.com\/es\/wp-json\/wp\/v2\/comments?post=1108576"}],"version-history":[{"count":0,"href":"https:\/\/www.pressenza.com\/es\/wp-json\/wp\/v2\/posts\/1108576\/revisions"}],"wp:featuredmedia":[{"embeddable":true,"href":"https:\/\/www.pressenza.com\/es\/wp-json\/wp\/v2\/media\/1108602"}],"wp:attachment":[{"href":"https:\/\/www.pressenza.com\/es\/wp-json\/wp\/v2\/media?parent=1108576"}],"wp:term":[{"taxonomy":"category","embeddable":true,"href":"https:\/\/www.pressenza.com\/es\/wp-json\/wp\/v2\/categories?post=1108576"},{"taxonomy":"post_tag","embeddable":true,"href":"https:\/\/www.pressenza.com\/es\/wp-json\/wp\/v2\/tags?post=1108576"}],"curies":[{"name":"wp","href":"https:\/\/api.w.org\/{rel}","templated":true}]}}