{"id":1108417,"date":"2020-05-16T20:03:30","date_gmt":"2020-05-16T19:03:30","guid":{"rendered":"https:\/\/www.pressenza.com\/?p=1108417"},"modified":"2020-05-16T20:12:49","modified_gmt":"2020-05-16T19:12:49","slug":"sos-del-barco-a-pesar-de-todo-lanzado-a-hombres-y-mujeres-de-todas-las-latitudes","status":"publish","type":"post","link":"https:\/\/www.pressenza.com\/es\/2020\/05\/sos-del-barco-a-pesar-de-todo-lanzado-a-hombres-y-mujeres-de-todas-las-latitudes\/","title":{"rendered":"SOS del barco \u201cA pesar de todo\u201d  lanzado a hombres y mujeres de todas las latitudes"},"content":{"rendered":"<p><em>Para ver el video ( 9\u2032 34\u2032\u2032 ) con subt\u00edtulos en espa\u00f1ol:\u00a0\u00a0 1. Haga clic en el icono de Subt\u00edtulos (rect\u00e1ngulo blanco en la parte inferior derecha de la ventana del lector de video).\u00a0\u00a0 2. Haga clic en el icono de Par\u00e1metros (rueda dentada abajo a la derecha), luego en Subt\u00edtulos. \u00a0 3. En la ventana que se abre, despl\u00e1cese a trav\u00e9s de la lista de idiomas y haga clic en Espa\u00f1ol.<\/em><\/p>\n<p><iframe loading=\"lazy\" title=\"SOS du bateau &quot;Malgr\u00e9 tout&quot;\" width=\"500\" height=\"281\" src=\"https:\/\/www.youtube.com\/embed\/SoIViFqNbPQ?feature=oembed\" frameborder=\"0\" allow=\"accelerometer; autoplay; clipboard-write; encrypted-media; gyroscope; picture-in-picture; web-share\" referrerpolicy=\"strict-origin-when-cross-origin\" allowfullscreen><\/iframe><\/p>\n<p><strong>SOS del barco \u201cA pesar de todo\u201d lanzado a hombres y mujeres de todas las latitudes<\/strong><\/p>\n<p>No hay nadie al tim\u00f3n.<br \/>\nEl capit\u00e1n ha perdido la br\u00fajula, desorientado.<br \/>\n\u00bfDeber\u00edamos asustarnos o alegrarnos por esto?<br \/>\nAsustarnos s\u00ed, porque estamos a la deriva en medio de una tormenta.<br \/>\nAlegrarnos s\u00ed, si es la oportunidad de cambiar de capit\u00e1n.<\/p>\n<p>A cada intemperie, constatamos los fallos del barco, que<br \/>\ntantas veces nos han llevado al naufragio. Pero siempre<br \/>\nvolvemos a puerto,<br \/>\ndecididos a nunca m\u00e1s cometer los mismos errores de navegaci\u00f3n.<br \/>\nReparamos las aver\u00edas o cambiamos de embarcaci\u00f3n,<br \/>\npero no de itinerario.<br \/>\nEl combustible<strong><sup>1<\/sup><\/strong> sigue siendo el mismo<br \/>\ny el motor<strong><sup>2<\/sup><\/strong> tambi\u00e9n, a pesar de que tiene fugas por todos lados.<br \/>\nLos capitanes se suceden,<br \/>\npero siempre terminamos encallados sobre los arrecifes.<br \/>\nEllos huyen en sus botes salvavidas,<br \/>\nvuelven a su guarida, cargados con su bot\u00edn,<br \/>\nen alg\u00fan lugar, all\u00e1, en una isla del tesoro.<\/p>\n<p>Muy pronto nos ense\u00f1an a remar.<br \/>\nLos que se niegan a embarcar en la galera<br \/>\nest\u00e1n abandonados en la orilla.<br \/>\nLos que reparten chalecos salvavidas\u2026 amarillos son lanzados a los tiburones.<br \/>\nAquellos que abandonan su tierra quemada<br \/>\nest\u00e1n condenados a vagar en su lancha improvisada.<\/p>\n<p>Sin embargo, desde hace mucho tiempo<br \/>\nse est\u00e1n encendiendo los faros,<br \/>\nque Iluminan la ruta a seguir para evitar los escollos, y<br \/>\nexhortan a salvar a los n\u00e1ufragos,<br \/>\na cambiar de combustible<strong><sup>3<\/sup><\/strong>,<br \/>\na cambiar el viejo motor por uno nuevo<strong><sup>4<\/sup><\/strong>,<br \/>\nse\u00f1alan que hay que aligerar la embarcaci\u00f3n,<br \/>\n&#8230;revisar el mapa.<br \/>\nPero no pasa nada, nada cambia,<br \/>\nseguimos navegando a ciegas,<br \/>\nsin realmente saber hacia d\u00f3nde vamos.<\/p>\n<p>Antiguamente surc\u00e1bamos los mares en goletas,<br \/>\nahora son verdaderos transatl\u00e1nticos<br \/>\ny cuando uno se hunde, nos hundimos todos con \u00e9l.<\/p>\n<p>En el momento en el que escribo estas l\u00edneas<br \/>\nuna epidemia recorre todas las cubiertas.<br \/>\nTuvimos que echar el ancla,<br \/>\nla nave se ha inmovilizado<br \/>\ny nosotros con ella, encerrados en nuestros camarotes.<br \/>\nNos estamos curando con los medios de a bordo;<br \/>\nequipos ad hoc ejemplares est\u00e1n al rescate<br \/>\n(nada que ver con el Capit\u00e1n Haddock).<br \/>\nPor la noche nos animamos mutuamente,<br \/>\nde lejos, cada uno detr\u00e1s de su ventanilla.<br \/>\nLos viejos lobos de mar son los m\u00e1s afectados,<br \/>\npero nadie est\u00e1 tranquilo, yo el primero.<br \/>\nAguantemos \u00a1<em>Mil millones de truenos<\/em>!<\/p>\n<p>La calma est\u00e1 cerca, el viento est\u00e1 cambiando,<br \/>\npero cuidado, el capit\u00e1n quiere retomar el tim\u00f3n<br \/>\ny recuperar el tiempo perdido.<br \/>\nTiene mercanc\u00eda que entregar.<br \/>\nNo nos enga\u00f1emos, lo va a hacer.<br \/>\n\u00bfRetomar\u00e1 la misma estela que antes?<br \/>\nEs un misterio, pero no so\u00f1emos,<br \/>\nhacia babor o hacia estribor, nos arriesgamos a la perdici\u00f3n.<br \/>\nEn todas las latitudes<br \/>\nlas corrientes submarinas siguen ah\u00ed.<\/p>\n<p>Antes de que nos hundamos,<br \/>\nhago un llamamiento a tripulantes cualificados,<br \/>\nnavegantes experimentados, pero tambi\u00e9n a los piratas,<br \/>\nlos \u00absin temores\u00bb, los \u00abnada que perder\u00bb,<br \/>\nlos aventureros, los intr\u00e9pidos,<br \/>\nlos muescados, los parias,<br \/>\nlas grandes almas, los incorruptibles,<br \/>\nlos generosos, los ingeniosos,<br \/>\nlos expertos en maniobras,<br \/>\ny tambi\u00e9n los arrepentidos.<\/p>\n<p>\u00a1De pie ah\u00ed dentro! \u00a1Arriba! \u00a1Arriba!<br \/>\n\u00a1Todos a los cabos!<br \/>\n\u00a1Suelten las amarras!<br \/>\nEsto es una llamada de auxilio, no un mot\u00edn,<br \/>\nEso no mejorar\u00eda las cosas:<br \/>\nlos que caen primero son siempre los clandestinos,<br \/>\nlos tuertos, los sin-piernas,<br \/>\nlos discapacitados, los \u00abque sobran\u00bb,<br \/>\nlos sin-rangos, los que no piden nada, los perdedores,<br \/>\nlos sin banderas, los olvidados, los abandonados,<br \/>\nlos que no hacen olas, los marineros de agua dulce,<br \/>\n&#8230;bueno, una gran parte de la tripulaci\u00f3n y muchos pasajeros.<\/p>\n<p>No tenemos m\u00e1s remedio que volver a agarrar el tim\u00f3n;<br \/>\ninventemos algo para estar en la cubierta.<br \/>\nNo esperemos a que Poseid\u00f3n, Trit\u00f3n o Neptuno interfieran,<br \/>\nvolvamos a tomar el mando del barco siniestrado,<br \/>\npong\u00e1monos a flote.<br \/>\nEntonces podremos encargarnos de los supervivientes<br \/>\ny luego cambiar de rumbo,<br \/>\nconstruir nuevas naves,<br \/>\ntirar el combustible adulterado,<br \/>\ndejar de contaminar,<br \/>\nparar los motores e izar las velas,<br \/>\ntomar aire fresco, soltar un poco de lastre,<br \/>\nayudar a los extraviados,<br \/>\ndar a todos un salvavidas,<br \/>\nabrir las esclusas de todos los puertos.<\/p>\n<p>Por fin, podremos explorar nuevas tierras,<br \/>\ndescubrir mundos a\u00fan desconocidos,<br \/>\ndejarnos llevar por los alisios,<br \/>\nvisitar islas escondidas detr\u00e1s de la niebla,<br \/>\nsondear las profundidades,<br \/>\nescuchar el canto de las sirenas.<\/p>\n<p>Entonces, la traves\u00eda seguir\u00e1 siendo salada, pero m\u00e1s dulce<br \/>\ny en las tormentas nos mantendremos unidos codo a codo,<br \/>\nluego miraremos al horizonte<br \/>\ny levantaremos los ojos hacia el cielo<br \/>\n&#8230;las estrellas fugaces nos har\u00e1n so\u00f1ar.<\/p>\n<p>Y un d\u00eda dejaremos el barco, la mar, el cabeceo,<br \/>\npara el cielo, la calma, el silencio infinito.<br \/>\n\u00a1Otra aventura en perspectiva!<br \/>\nEntonces, los grumetes de hoy<br \/>\nse har\u00e1n cargo y descubrir\u00e1n nuevos continentes.<br \/>\nY nosotros, con ternura,<br \/>\ndesde all\u00ed arriba, miraremos hacia abajo a nuestro peque\u00f1o bote<br \/>\nnavegando sobre las olas de la esfera azul, persiguiendo su destino,<br \/>\nviento en popa.<\/p>\n<p>Era el marinero Moal, bret\u00f3n de nacimiento, empapado por el roc\u00edo del mar de la costa de San Malo, un navegante solitario convertido en bucanero humanista, atado a su m\u00e1stil como a un silo de granos salvadores.<\/p>\n<p>\u00a1Adelante!<\/p>\n<p>&nbsp;<\/p>\n<p>Decodificar:<\/p>\n<p><strong><sup>1\u00a0<\/sup><\/strong>combustible = dinero<\/p>\n<p><sup><span style=\"font-family: Times New Roman, serif;\"><span style=\"font-size: small;\"><b>2<\/b><\/span><\/span><\/sup> motor = violencia<\/p>\n<p><sup><span style=\"font-family: Times New Roman, serif;\"><span style=\"font-size: small;\"><b>3<\/b><\/span><\/span><\/sup> nuevo combustible = raz\u00f3n y amor<\/p>\n<p><sup><span style=\"font-family: Times New Roman, serif;\"><span style=\"font-size: small;\"><b>4<\/b><\/span><\/span><\/sup> nuevo motor = compasi\u00f3n<\/p>\n","protected":false},"excerpt":{"rendered":"<p>Para ver el video ( 9\u2032 34\u2032\u2032 ) con subt\u00edtulos en espa\u00f1ol:\u00a0\u00a0 1. Haga clic en el icono de Subt\u00edtulos (rect\u00e1ngulo blanco en la parte inferior derecha de la ventana del lector de video).\u00a0\u00a0 2. Haga clic en el icono&hellip;<\/p>\n","protected":false},"author":1368,"featured_media":1103340,"comment_status":"closed","ping_status":"closed","sticky":false,"template":"","format":"standard","meta":{"footnotes":""},"categories":[11389,66,1240],"tags":[70071,3075,75705,75704],"class_list":["post-1108417","post","type-post","status-publish","format-standard","has-post-thumbnail","hentry","category-contenido-original","category-europa-es","category-humanismo-espiritualidad","tag-coronavirus-es","tag-futuro","tag-s-o-s-es","tag-situacion-mundial"],"yoast_head":"<!-- This site is optimized with the Yoast SEO plugin v27.1.1 - https:\/\/yoast.com\/product\/yoast-seo-wordpress\/ -->\n<title>SOS del barco \u201cA pesar de todo\u201d lanzado a hombres y mujeres de todas las latitudes<\/title>\n<meta name=\"description\" content=\"Para ver el video ( 9\u2032 34\u2032\u2032 ) con subt\u00edtulos en espa\u00f1ol:\u00a0\u00a0 1. Haga clic en el icono de Subt\u00edtulos (rect\u00e1ngulo blanco en la parte inferior derecha de la\" \/>\n<meta name=\"robots\" content=\"index, follow, max-snippet:-1, max-image-preview:large, max-video-preview:-1\" \/>\n<link rel=\"canonical\" href=\"https:\/\/www.pressenza.com\/es\/2020\/05\/sos-del-barco-a-pesar-de-todo-lanzado-a-hombres-y-mujeres-de-todas-las-latitudes\/\" \/>\n<meta property=\"og:locale\" content=\"es_ES\" \/>\n<meta property=\"og:type\" content=\"article\" \/>\n<meta property=\"og:title\" content=\"SOS del barco \u201cA pesar de todo\u201d lanzado a hombres y mujeres de todas las latitudes\" \/>\n<meta property=\"og:description\" content=\"Para ver el video ( 9\u2032 34\u2032\u2032 ) con subt\u00edtulos en espa\u00f1ol:\u00a0\u00a0 1. Haga clic en el icono de Subt\u00edtulos (rect\u00e1ngulo blanco en la parte inferior derecha de la\" \/>\n<meta property=\"og:url\" content=\"https:\/\/www.pressenza.com\/es\/2020\/05\/sos-del-barco-a-pesar-de-todo-lanzado-a-hombres-y-mujeres-de-todas-las-latitudes\/\" \/>\n<meta property=\"og:site_name\" content=\"Pressenza\" \/>\n<meta property=\"article:publisher\" content=\"https:\/\/www.facebook.com\/PressenzaItalia\" \/>\n<meta property=\"article:published_time\" content=\"2020-05-16T19:03:30+00:00\" \/>\n<meta property=\"article:modified_time\" content=\"2020-05-16T19:12:49+00:00\" \/>\n<meta property=\"og:image\" content=\"https:\/\/www.pressenza.com\/wp-content\/uploads\/2020\/05\/photo-du-matelot-Moal.jpg\" \/>\n\t<meta property=\"og:image:width\" content=\"750\" \/>\n\t<meta property=\"og:image:height\" content=\"415\" \/>\n\t<meta property=\"og:image:type\" content=\"image\/jpeg\" \/>\n<meta name=\"author\" content=\"Philippe Moal\" \/>\n<meta name=\"twitter:card\" content=\"summary_large_image\" \/>\n<meta name=\"twitter:creator\" content=\"@PressenzaIPA\" \/>\n<meta name=\"twitter:site\" content=\"@PressenzaIPA\" \/>\n<meta name=\"twitter:label1\" content=\"Escrito por\" \/>\n\t<meta name=\"twitter:data1\" content=\"Philippe Moal\" \/>\n\t<meta name=\"twitter:label2\" content=\"Tiempo de lectura\" \/>\n\t<meta name=\"twitter:data2\" content=\"5 minutos\" \/>\n<script type=\"application\/ld+json\" class=\"yoast-schema-graph\">{\"@context\":\"https:\/\/schema.org\",\"@graph\":[{\"@type\":\"Article\",\"@id\":\"https:\/\/www.pressenza.com\/es\/2020\/05\/sos-del-barco-a-pesar-de-todo-lanzado-a-hombres-y-mujeres-de-todas-las-latitudes\/#article\",\"isPartOf\":{\"@id\":\"https:\/\/www.pressenza.com\/es\/2020\/05\/sos-del-barco-a-pesar-de-todo-lanzado-a-hombres-y-mujeres-de-todas-las-latitudes\/\"},\"author\":{\"name\":\"Philippe Moal\",\"@id\":\"https:\/\/www.pressenza.com\/es\/#\/schema\/person\/a66e295956468d9ede1bff1bdb1eb65a\"},\"headline\":\"SOS del barco \u201cA pesar de todo\u201d lanzado a hombres y mujeres de todas las latitudes\",\"datePublished\":\"2020-05-16T19:03:30+00:00\",\"dateModified\":\"2020-05-16T19:12:49+00:00\",\"mainEntityOfPage\":{\"@id\":\"https:\/\/www.pressenza.com\/es\/2020\/05\/sos-del-barco-a-pesar-de-todo-lanzado-a-hombres-y-mujeres-de-todas-las-latitudes\/\"},\"wordCount\":990,\"publisher\":{\"@id\":\"https:\/\/www.pressenza.com\/es\/#organization\"},\"image\":{\"@id\":\"https:\/\/www.pressenza.com\/es\/2020\/05\/sos-del-barco-a-pesar-de-todo-lanzado-a-hombres-y-mujeres-de-todas-las-latitudes\/#primaryimage\"},\"thumbnailUrl\":\"https:\/\/www.pressenza.com\/wp-content\/uploads\/2020\/05\/photo-du-matelot-Moal.jpg\",\"keywords\":[\"coronav\u00edrus\",\"futuro\",\"S.O.S\",\"situaci\u00f3n mundial\"],\"articleSection\":[\"Contenido Original\",\"Europa\",\"Humanismo y Espiritualidad\"],\"inLanguage\":\"es\"},{\"@type\":\"WebPage\",\"@id\":\"https:\/\/www.pressenza.com\/es\/2020\/05\/sos-del-barco-a-pesar-de-todo-lanzado-a-hombres-y-mujeres-de-todas-las-latitudes\/\",\"url\":\"https:\/\/www.pressenza.com\/es\/2020\/05\/sos-del-barco-a-pesar-de-todo-lanzado-a-hombres-y-mujeres-de-todas-las-latitudes\/\",\"name\":\"SOS del barco \u201cA pesar de todo\u201d lanzado a hombres y mujeres de todas las latitudes\",\"isPartOf\":{\"@id\":\"https:\/\/www.pressenza.com\/es\/#website\"},\"primaryImageOfPage\":{\"@id\":\"https:\/\/www.pressenza.com\/es\/2020\/05\/sos-del-barco-a-pesar-de-todo-lanzado-a-hombres-y-mujeres-de-todas-las-latitudes\/#primaryimage\"},\"image\":{\"@id\":\"https:\/\/www.pressenza.com\/es\/2020\/05\/sos-del-barco-a-pesar-de-todo-lanzado-a-hombres-y-mujeres-de-todas-las-latitudes\/#primaryimage\"},\"thumbnailUrl\":\"https:\/\/www.pressenza.com\/wp-content\/uploads\/2020\/05\/photo-du-matelot-Moal.jpg\",\"datePublished\":\"2020-05-16T19:03:30+00:00\",\"dateModified\":\"2020-05-16T19:12:49+00:00\",\"description\":\"Para ver el video ( 9\u2032 34\u2032\u2032 ) con subt\u00edtulos en espa\u00f1ol:\u00a0\u00a0 1. Haga clic en el icono de Subt\u00edtulos (rect\u00e1ngulo blanco en la parte inferior derecha de la\",\"breadcrumb\":{\"@id\":\"https:\/\/www.pressenza.com\/es\/2020\/05\/sos-del-barco-a-pesar-de-todo-lanzado-a-hombres-y-mujeres-de-todas-las-latitudes\/#breadcrumb\"},\"inLanguage\":\"es\",\"potentialAction\":[{\"@type\":\"ReadAction\",\"target\":[\"https:\/\/www.pressenza.com\/es\/2020\/05\/sos-del-barco-a-pesar-de-todo-lanzado-a-hombres-y-mujeres-de-todas-las-latitudes\/\"]}]},{\"@type\":\"ImageObject\",\"inLanguage\":\"es\",\"@id\":\"https:\/\/www.pressenza.com\/es\/2020\/05\/sos-del-barco-a-pesar-de-todo-lanzado-a-hombres-y-mujeres-de-todas-las-latitudes\/#primaryimage\",\"url\":\"https:\/\/www.pressenza.com\/wp-content\/uploads\/2020\/05\/photo-du-matelot-Moal.jpg\",\"contentUrl\":\"https:\/\/www.pressenza.com\/wp-content\/uploads\/2020\/05\/photo-du-matelot-Moal.jpg\",\"width\":750,\"height\":415,\"caption\":\"S.O.S. du \u00ab Malgr\u00e9 tout \u00bb lanc\u00e9 aux hommes et aux femmes de toutes latitudes\"},{\"@type\":\"BreadcrumbList\",\"@id\":\"https:\/\/www.pressenza.com\/es\/2020\/05\/sos-del-barco-a-pesar-de-todo-lanzado-a-hombres-y-mujeres-de-todas-las-latitudes\/#breadcrumb\",\"itemListElement\":[{\"@type\":\"ListItem\",\"position\":1,\"name\":\"Accueil\",\"item\":\"https:\/\/www.pressenza.com\/es\/\"},{\"@type\":\"ListItem\",\"position\":2,\"name\":\"SOS del barco \u201cA pesar de todo\u201d lanzado a hombres y mujeres de todas las latitudes\"}]},{\"@type\":\"WebSite\",\"@id\":\"https:\/\/www.pressenza.com\/es\/#website\",\"url\":\"https:\/\/www.pressenza.com\/es\/\",\"name\":\"Pressenza\",\"description\":\"International Press Agency\",\"publisher\":{\"@id\":\"https:\/\/www.pressenza.com\/es\/#organization\"},\"potentialAction\":[{\"@type\":\"SearchAction\",\"target\":{\"@type\":\"EntryPoint\",\"urlTemplate\":\"https:\/\/www.pressenza.com\/es\/?s={search_term_string}\"},\"query-input\":{\"@type\":\"PropertyValueSpecification\",\"valueRequired\":true,\"valueName\":\"search_term_string\"}}],\"inLanguage\":\"es\"},{\"@type\":\"Organization\",\"@id\":\"https:\/\/www.pressenza.com\/es\/#organization\",\"name\":\"Pressenza\",\"url\":\"https:\/\/www.pressenza.com\/es\/\",\"logo\":{\"@type\":\"ImageObject\",\"inLanguage\":\"es\",\"@id\":\"https:\/\/www.pressenza.com\/es\/#\/schema\/logo\/image\/\",\"url\":\"https:\/\/www.pressenza.com\/wp-content\/uploads\/2022\/10\/pressenza_logo_200x200.jpg\",\"contentUrl\":\"https:\/\/www.pressenza.com\/wp-content\/uploads\/2022\/10\/pressenza_logo_200x200.jpg\",\"width\":200,\"height\":200,\"caption\":\"Pressenza\"},\"image\":{\"@id\":\"https:\/\/www.pressenza.com\/es\/#\/schema\/logo\/image\/\"},\"sameAs\":[\"https:\/\/www.facebook.com\/PressenzaItalia\",\"https:\/\/x.com\/PressenzaIPA\"]},{\"@type\":\"Person\",\"@id\":\"https:\/\/www.pressenza.com\/es\/#\/schema\/person\/a66e295956468d9ede1bff1bdb1eb65a\",\"name\":\"Philippe Moal\",\"description\":\"Co-fondateur de l\u2019Observatoire de la non-violence et membre du Centre Mondial d\u2019\u00c9tudes Humanistes, Philippe Moal est l'auteur de \\\"Violence, conscience, non-violence\\\" publi\u00e9 chez L'Harmattan et patronn\u00e9 par la Commission nationale pour l'UNESCO. https:\/\/o-nv.org contact@o-nv.org. Contact : pmoal2012@gmail.com\",\"url\":\"https:\/\/www.pressenza.com\/es\/author\/philippe-moal\/\"}]}<\/script>\n<!-- \/ Yoast SEO plugin. -->","yoast_head_json":{"title":"SOS del barco \u201cA pesar de todo\u201d lanzado a hombres y mujeres de todas las latitudes","description":"Para ver el video ( 9\u2032 34\u2032\u2032 ) con subt\u00edtulos en espa\u00f1ol:\u00a0\u00a0 1. Haga clic en el icono de Subt\u00edtulos (rect\u00e1ngulo blanco en la parte inferior derecha de la","robots":{"index":"index","follow":"follow","max-snippet":"max-snippet:-1","max-image-preview":"max-image-preview:large","max-video-preview":"max-video-preview:-1"},"canonical":"https:\/\/www.pressenza.com\/es\/2020\/05\/sos-del-barco-a-pesar-de-todo-lanzado-a-hombres-y-mujeres-de-todas-las-latitudes\/","og_locale":"es_ES","og_type":"article","og_title":"SOS del barco \u201cA pesar de todo\u201d lanzado a hombres y mujeres de todas las latitudes","og_description":"Para ver el video ( 9\u2032 34\u2032\u2032 ) con subt\u00edtulos en espa\u00f1ol:\u00a0\u00a0 1. Haga clic en el icono de Subt\u00edtulos (rect\u00e1ngulo blanco en la parte inferior derecha de la","og_url":"https:\/\/www.pressenza.com\/es\/2020\/05\/sos-del-barco-a-pesar-de-todo-lanzado-a-hombres-y-mujeres-de-todas-las-latitudes\/","og_site_name":"Pressenza","article_publisher":"https:\/\/www.facebook.com\/PressenzaItalia","article_published_time":"2020-05-16T19:03:30+00:00","article_modified_time":"2020-05-16T19:12:49+00:00","og_image":[{"width":750,"height":415,"url":"https:\/\/www.pressenza.com\/wp-content\/uploads\/2020\/05\/photo-du-matelot-Moal.jpg","type":"image\/jpeg"}],"author":"Philippe Moal","twitter_card":"summary_large_image","twitter_creator":"@PressenzaIPA","twitter_site":"@PressenzaIPA","twitter_misc":{"Escrito por":"Philippe Moal","Tiempo de lectura":"5 minutos"},"schema":{"@context":"https:\/\/schema.org","@graph":[{"@type":"Article","@id":"https:\/\/www.pressenza.com\/es\/2020\/05\/sos-del-barco-a-pesar-de-todo-lanzado-a-hombres-y-mujeres-de-todas-las-latitudes\/#article","isPartOf":{"@id":"https:\/\/www.pressenza.com\/es\/2020\/05\/sos-del-barco-a-pesar-de-todo-lanzado-a-hombres-y-mujeres-de-todas-las-latitudes\/"},"author":{"name":"Philippe Moal","@id":"https:\/\/www.pressenza.com\/es\/#\/schema\/person\/a66e295956468d9ede1bff1bdb1eb65a"},"headline":"SOS del barco \u201cA pesar de todo\u201d lanzado a hombres y mujeres de todas las latitudes","datePublished":"2020-05-16T19:03:30+00:00","dateModified":"2020-05-16T19:12:49+00:00","mainEntityOfPage":{"@id":"https:\/\/www.pressenza.com\/es\/2020\/05\/sos-del-barco-a-pesar-de-todo-lanzado-a-hombres-y-mujeres-de-todas-las-latitudes\/"},"wordCount":990,"publisher":{"@id":"https:\/\/www.pressenza.com\/es\/#organization"},"image":{"@id":"https:\/\/www.pressenza.com\/es\/2020\/05\/sos-del-barco-a-pesar-de-todo-lanzado-a-hombres-y-mujeres-de-todas-las-latitudes\/#primaryimage"},"thumbnailUrl":"https:\/\/www.pressenza.com\/wp-content\/uploads\/2020\/05\/photo-du-matelot-Moal.jpg","keywords":["coronav\u00edrus","futuro","S.O.S","situaci\u00f3n mundial"],"articleSection":["Contenido Original","Europa","Humanismo y Espiritualidad"],"inLanguage":"es"},{"@type":"WebPage","@id":"https:\/\/www.pressenza.com\/es\/2020\/05\/sos-del-barco-a-pesar-de-todo-lanzado-a-hombres-y-mujeres-de-todas-las-latitudes\/","url":"https:\/\/www.pressenza.com\/es\/2020\/05\/sos-del-barco-a-pesar-de-todo-lanzado-a-hombres-y-mujeres-de-todas-las-latitudes\/","name":"SOS del barco \u201cA pesar de todo\u201d lanzado a hombres y mujeres de todas las latitudes","isPartOf":{"@id":"https:\/\/www.pressenza.com\/es\/#website"},"primaryImageOfPage":{"@id":"https:\/\/www.pressenza.com\/es\/2020\/05\/sos-del-barco-a-pesar-de-todo-lanzado-a-hombres-y-mujeres-de-todas-las-latitudes\/#primaryimage"},"image":{"@id":"https:\/\/www.pressenza.com\/es\/2020\/05\/sos-del-barco-a-pesar-de-todo-lanzado-a-hombres-y-mujeres-de-todas-las-latitudes\/#primaryimage"},"thumbnailUrl":"https:\/\/www.pressenza.com\/wp-content\/uploads\/2020\/05\/photo-du-matelot-Moal.jpg","datePublished":"2020-05-16T19:03:30+00:00","dateModified":"2020-05-16T19:12:49+00:00","description":"Para ver el video ( 9\u2032 34\u2032\u2032 ) con subt\u00edtulos en espa\u00f1ol:\u00a0\u00a0 1. Haga clic en el icono de Subt\u00edtulos (rect\u00e1ngulo blanco en la parte inferior derecha de la","breadcrumb":{"@id":"https:\/\/www.pressenza.com\/es\/2020\/05\/sos-del-barco-a-pesar-de-todo-lanzado-a-hombres-y-mujeres-de-todas-las-latitudes\/#breadcrumb"},"inLanguage":"es","potentialAction":[{"@type":"ReadAction","target":["https:\/\/www.pressenza.com\/es\/2020\/05\/sos-del-barco-a-pesar-de-todo-lanzado-a-hombres-y-mujeres-de-todas-las-latitudes\/"]}]},{"@type":"ImageObject","inLanguage":"es","@id":"https:\/\/www.pressenza.com\/es\/2020\/05\/sos-del-barco-a-pesar-de-todo-lanzado-a-hombres-y-mujeres-de-todas-las-latitudes\/#primaryimage","url":"https:\/\/www.pressenza.com\/wp-content\/uploads\/2020\/05\/photo-du-matelot-Moal.jpg","contentUrl":"https:\/\/www.pressenza.com\/wp-content\/uploads\/2020\/05\/photo-du-matelot-Moal.jpg","width":750,"height":415,"caption":"S.O.S. du \u00ab Malgr\u00e9 tout \u00bb lanc\u00e9 aux hommes et aux femmes de toutes latitudes"},{"@type":"BreadcrumbList","@id":"https:\/\/www.pressenza.com\/es\/2020\/05\/sos-del-barco-a-pesar-de-todo-lanzado-a-hombres-y-mujeres-de-todas-las-latitudes\/#breadcrumb","itemListElement":[{"@type":"ListItem","position":1,"name":"Accueil","item":"https:\/\/www.pressenza.com\/es\/"},{"@type":"ListItem","position":2,"name":"SOS del barco \u201cA pesar de todo\u201d lanzado a hombres y mujeres de todas las latitudes"}]},{"@type":"WebSite","@id":"https:\/\/www.pressenza.com\/es\/#website","url":"https:\/\/www.pressenza.com\/es\/","name":"Pressenza","description":"International Press Agency","publisher":{"@id":"https:\/\/www.pressenza.com\/es\/#organization"},"potentialAction":[{"@type":"SearchAction","target":{"@type":"EntryPoint","urlTemplate":"https:\/\/www.pressenza.com\/es\/?s={search_term_string}"},"query-input":{"@type":"PropertyValueSpecification","valueRequired":true,"valueName":"search_term_string"}}],"inLanguage":"es"},{"@type":"Organization","@id":"https:\/\/www.pressenza.com\/es\/#organization","name":"Pressenza","url":"https:\/\/www.pressenza.com\/es\/","logo":{"@type":"ImageObject","inLanguage":"es","@id":"https:\/\/www.pressenza.com\/es\/#\/schema\/logo\/image\/","url":"https:\/\/www.pressenza.com\/wp-content\/uploads\/2022\/10\/pressenza_logo_200x200.jpg","contentUrl":"https:\/\/www.pressenza.com\/wp-content\/uploads\/2022\/10\/pressenza_logo_200x200.jpg","width":200,"height":200,"caption":"Pressenza"},"image":{"@id":"https:\/\/www.pressenza.com\/es\/#\/schema\/logo\/image\/"},"sameAs":["https:\/\/www.facebook.com\/PressenzaItalia","https:\/\/x.com\/PressenzaIPA"]},{"@type":"Person","@id":"https:\/\/www.pressenza.com\/es\/#\/schema\/person\/a66e295956468d9ede1bff1bdb1eb65a","name":"Philippe Moal","description":"Co-fondateur de l\u2019Observatoire de la non-violence et membre du Centre Mondial d\u2019\u00c9tudes Humanistes, Philippe Moal est l'auteur de \"Violence, conscience, non-violence\" publi\u00e9 chez L'Harmattan et patronn\u00e9 par la Commission nationale pour l'UNESCO. https:\/\/o-nv.org contact@o-nv.org. Contact : pmoal2012@gmail.com","url":"https:\/\/www.pressenza.com\/es\/author\/philippe-moal\/"}]}},"place":"","original_article_url":"","_links":{"self":[{"href":"https:\/\/www.pressenza.com\/es\/wp-json\/wp\/v2\/posts\/1108417","targetHints":{"allow":["GET"]}}],"collection":[{"href":"https:\/\/www.pressenza.com\/es\/wp-json\/wp\/v2\/posts"}],"about":[{"href":"https:\/\/www.pressenza.com\/es\/wp-json\/wp\/v2\/types\/post"}],"author":[{"embeddable":true,"href":"https:\/\/www.pressenza.com\/es\/wp-json\/wp\/v2\/users\/1368"}],"replies":[{"embeddable":true,"href":"https:\/\/www.pressenza.com\/es\/wp-json\/wp\/v2\/comments?post=1108417"}],"version-history":[{"count":0,"href":"https:\/\/www.pressenza.com\/es\/wp-json\/wp\/v2\/posts\/1108417\/revisions"}],"wp:featuredmedia":[{"embeddable":true,"href":"https:\/\/www.pressenza.com\/es\/wp-json\/wp\/v2\/media\/1103340"}],"wp:attachment":[{"href":"https:\/\/www.pressenza.com\/es\/wp-json\/wp\/v2\/media?parent=1108417"}],"wp:term":[{"taxonomy":"category","embeddable":true,"href":"https:\/\/www.pressenza.com\/es\/wp-json\/wp\/v2\/categories?post=1108417"},{"taxonomy":"post_tag","embeddable":true,"href":"https:\/\/www.pressenza.com\/es\/wp-json\/wp\/v2\/tags?post=1108417"}],"curies":[{"name":"wp","href":"https:\/\/api.w.org\/{rel}","templated":true}]}}