{"id":110839,"date":"2014-06-03T13:30:14","date_gmt":"2014-06-03T12:30:14","guid":{"rendered":"http:\/\/www.pressenza.com\/?p=110839"},"modified":"2014-06-03T13:30:14","modified_gmt":"2014-06-03T12:30:14","slug":"la-chagra-y-la-vida","status":"publish","type":"post","link":"https:\/\/www.pressenza.com\/es\/2014\/06\/la-chagra-y-la-vida\/","title":{"rendered":"La chagra y la vida"},"content":{"rendered":"<div>\n<div><em><strong>Mujeres ind\u00edgenas del Putumayo en defensa de la Madre Tierra, una co producci\u00f3n COCA-LolaMora, Mocoa, Putumayo colombiano. Abril, 2014<\/strong>.\u00a0<\/em><\/div>\n<div><\/div>\n<div><em>El pie de monte amaz\u00f3nico es el territorio de las minas y el Valle de Sibundoy, en 10 a\u00f1os, ser\u00e1 el desierto del Valle de Sibundoy. Compa\u00f1eras, ustedes que hacen parte de la medicina, pidamos al remedio en ceremonias que ayude a fortalecer nuestros territorios. Si dejamos que las autoridades sigan negociando los recursos naturales de nuestra Madre Tierra, \u00bfde d\u00f3nde van a sacar nuestros pueblos la fuerza espiritual, de d\u00f3nde van a tener medicina y plantas tradicionales?<\/em>&nbsp;<\/p>\n<p><i><\/i><i><img loading=\"lazy\" decoding=\"async\" class=\"aligncenter\" title=\"La expresi\u00f3n del cuerpo como parte de los procesos de sanaci\u00f3n. Foto:LolaMora, Abril 2014.\" alt=\"foto_lachagra_web\" src=\"http:\/\/lolamora.net\/images\/stories\/images\/BOLETINES\/mayo2014\/foto_lachagra_web.jpg\" width=\"200\" height=\"133\" \/><\/i><\/p>\n<p style=\"text-align: center;\"><i>La expresi\u00f3n del cuerpo como parte de los procesos de sanaci\u00f3n. Foto:LolaMora, Abril 2014.<\/i><\/p>\n<p style=\"text-align: center;\">\n<p><em>La tierra es mujer y nosotras somos y damos vida. Tenemos que empezar a ayudarnos entre todas sobre c\u00f3mo vamos a evitar el maltrato intrafamiliar y a tratar con honor y honra a nuestra Madre Tierra.<\/em>\u00a0<strong>Mar\u00eda del Rosario Chicunque,\u00a0<\/strong>mujer medicina caments\u00e1,\u00a0 presidenta de la Asociaci\u00f3n de Mujeres Ind\u00edgenas del Putumayo Colombiano (ASOMI); mientras ella pronuncia estas palabras, un c\u00edrculo de mujeres cofanes, aw\u00e1, inga, siona, caments\u00e1 y pasto la escucha y asiente;\u00a0<strong>mujeres que han abierto un di\u00e1logo sobre las amenazas que se ciernen sobre su territorio y sus cuerpos.<\/strong><\/p>\n<p>A la continuada presencia de actores armados y se\u00f1ores de la guerra en el Alto y Bajo Putumayo, una regi\u00f3n situada en el sur de Colombia, en la frontera con Ecuador, se est\u00e1 a\u00f1adiendo la llegada de trabajadores vinculados a la industria extractivista.<strong>\u00a0Esta presencia est\u00e1 incrementando los casos de violaci\u00f3n y explotaci\u00f3n sexuales de ni\u00f1as, ni\u00f1os, adolescentes y mujeres, as\u00ed como el reclutamiento infantil,\u00a0<\/strong>que son algunas de las grandes vulneraciones de los derechos humanos silenciadas en el departamento. En la zona tambi\u00e9n se viven alt\u00edsimas tasas de violencia intrafamiliar, desplazamiento forzado, militarizaci\u00f3n y ausencia de condiciones para una educaci\u00f3n de calidad.<\/p>\n<p><em>La falta de oportunidades econ\u00f3micas alimenta las m\u00faltiples violencias existentes, para las cuales las rutas de atenci\u00f3n son muy deficientes. No basta con que las instituciones estatales compilen casos o generen leyes y protocolos, tienen que ofrecer las condiciones de seguridad y confidencialidad necesarias para que las v\u00edctimas puedan denunciar. Adem\u00e1s, estas denuncias han de ser investigadas y atendidas por la Fiscal\u00eda, el gran cuello de botella.\u00a0 \u00bfC\u00f3mo denunciar, \u00a0cuando no hay garant\u00edas ni seguimiento?<\/em>\u00a0<strong>Sandra Vargas, veterana activista de los derechos de las mujeres y los menores, co fundadoras de la\u00a0<a href=\"http:\/\/coca-corporacioncasaamazonia.blogspot.com.es\/\" target=\"_blank\">Corporaci\u00f3n Casa Amazon\u00eda (COCA<\/a>),<\/strong>\u00a0una organizaci\u00f3n de mujeres con sede en Mocoa, la capital del departamento Putumayense.\u00a0<b>Petr\u00f3leo, miner\u00eda y energ\u00eda hidroel\u00e9ctrica<\/b><\/p>\n<p>La presencia de petroleras en la regi\u00f3n data de finales de los 70. Sin embargo, en los \u00faltimos a\u00f1os la entrada de corporaciones ha vivido una aut\u00e9ntica explosi\u00f3n. El \u00e1rea de exploraci\u00f3n petrolera abarca el 75% y, en 2011, m\u00e1s de 2 millones de hect\u00e1reas de tierra eran \u00e1reas de explotaci\u00f3n, seg\u00fan la\u00a0<strong>Agencia Nacional de Hidrocarburos.<\/strong>\u00a0Las compa\u00f1\u00edas petroleras y mineras entran a la zona prometiendo casas y trabajos, corrompiendo autoridades y dividendo comunidades, al tiempo que se hacen custodiar por los actores armados e impulsan la construcci\u00f3n de carreteras, clubs y billares.<\/p>\n<p><i>Mientras en las negociaciones de La Habana avanzan los acuerdos y agencias internacionales promueven la paz, el paisaje social de la frontera est\u00e1 cambiando. El escenario post-conflicto se ve negro e incierto en el Putumayo, donde nadie tiene claro cu\u00e1l es la propuesta del despu\u00e9s, y donde se avizora la llegada de nuevos actores armados vinculados a la industria extractivista, apuntalada como negocio del futuro, incluso por encima de la producci\u00f3n de coca.\u00a0<\/i>Valentina Gonz\u00e1lez, de Corporaci\u00f3n Casa Amazon\u00eda (COCA).<\/p>\n<p>A las principales operadoras petroleras en la regi\u00f3n (Petronova, Ecopetrol, Gran Tierra, Vetra Exploraci\u00f3n, Vast, Pacific Stratus y Emerald, entre otras) se suman corporaciones canadienses de miner\u00eda a cielo abierto e hidroel\u00e9ctricas, como la proyectada \u2013seg\u00fan las comunidades\u2013 sobre los r\u00edos Pepino y Balsayaco.\u00a0<strong>Este sangrado energ\u00e9tico contrasta con los continuos apagones de luz\u00a0<\/strong>que viven municipios como Valle del Guamu\u00e9s, Orito y San Miguel.<\/p>\n<p><strong>Escuchar al territorio: medicina, lengua y mujer<\/strong><img loading=\"lazy\" decoding=\"async\" class=\"aligncenter\" title=\"Un encuentro de mujeres sabias. Foto: LolaMora, abril 2014.\" alt=\"foto2_lachagra_web\" src=\"http:\/\/lolamora.net\/images\/stories\/images\/BOLETINES\/mayo2014\/foto2_lachagra_web.jpg\" width=\"200\" height=\"130\" \/><\/p>\n<p style=\"text-align: center;\"><em>Un encuentro de mujeres sabias. Foto: LolaMora, abril 2014.<\/em><\/p>\n<p>Las mujeres ind\u00edgenas reunidas en el Alto Putumayo, junto a las organizaciones de mujeres COCA, Madre Tierra y ASOMI, dicen que los procesos comunitarios de sanaci\u00f3n y preservaci\u00f3n de la identidad resultan esenciales para la\u00a0<strong>pervivencia f\u00edsica y espiritual de los pueblos ind\u00edgenas colombianos<\/strong>\u00a0que est\u00e1n en peligro de extinci\u00f3n (34, seg\u00fan cifras oficiales).<\/p>\n<p>Mujeres siona, caments\u00e1, inga, pasto, cof\u00e1n y aw\u00e1 han comenzado a reunirse para intercambiar conocimientos y plantear alternativas. Ellas son<strong>mujeres medicina<\/strong>, sabias, sanadoras, cultivadoras de sus chagras. Proponen una vuelta a usos y costumbres que benefician a la comunidad y a una revisi\u00f3n de los h\u00e1bitos que la da\u00f1an.<\/p>\n<p>Prevenir la violencia contra mujeres, ni\u00f1as, ni\u00f1os y adolescentes ind\u00edgenas del Putumayo, y generar condiciones para su atenci\u00f3n, cura y escucha, es el \u00fanico camino para reconstruir el tejido social comunitario y ofrecer soluciones a las amenazas que viven los pueblos.<\/p>\n<p>Entre los usos y las costumbres sanadoras y terap\u00e9uticas, las mujeres-medicina rescatan los consejos ma\u00f1aneros, la\u00a0<strong>chagra\u00a0<\/strong>(territorio de cultivo colectivo), la artesan\u00eda, la palabra, la leyenda y la\u00a0<strong>minga\u00a0<\/strong>(trabajo comunitario). Tambi\u00e9n, la recuperaci\u00f3n de la lengua materna y la medicina tradicional \u2013a trav\u00e9s de plantas sagradas como el palo cruz,\u00a0 la guaira, el ziobai y la ortiga- pr\u00e1cticas cuya m\u00e1xima expresi\u00f3n es la\u00a0<i>toma de remedio,<\/i>\u00a0que consiste en la ingesta de una bebida procedente de una ra\u00edz amaz\u00f3nica, el\u00a0<i>yag\u00e9<\/i>, oficiada por los<i>taitas<\/i>\u00a0o autoridades espirituales de la comunidad.<\/p>\n<p><i>Es urgente promover el Plan Salvaguarda y la educaci\u00f3n propia, retomando el modelo de educaci\u00f3n de los abuelos, que tej\u00edan alrededor del yechimyac -el fog\u00f3n- y se levantaban a celebrar el consejo ma\u00f1anero, un espacio en el que sentarse con nuestros abuelos a dialogar ahora que tienen vida. Nuestros abuelos vivieron esa propia educaci\u00f3n, del trabajo colectivo, del saber aconsejar, del saber guiar. Trabajaban la chagra y la artesan\u00eda como terapia.\u00a0<\/i>Mar\u00eda del Rosario Chicunque.<\/p>\n<p>Por su parte, Emerenciana Chicunque, presidenta de Madre Tierra cuenta:<\/p>\n<p><i>El mantenimiento de la chagra se considera vital y sagrado. Sin chagra el pueblo caments\u00e1 perder\u00eda la soberan\u00eda alimentaria, las figuras de la cuadrilla y de la minga. Una minga que no solo es unidad de esfuerzo f\u00edsico, sino tambi\u00e9n unidad de pensamiento, de conocimiento artesanal,\u00a0<strong>minga de gobernabilidad, minga de autocuidado de las mujeres.<\/strong>\u00a0Sin la chagra no se podr\u00eda hablar de la medicina tradicional ni de pensamiento caments\u00e1. Es indispensable que \u00e9sta prevalezca.<\/i><\/p>\n<p>Para estas mujeres sabias, las comunidades ind\u00edgenas del Putumayo deben revisar h\u00e1bitos da\u00f1inos como el<i>acial<\/i>\u00a0o castigo p\u00fablico con fuete, el casamiento temprano de ni\u00f1as, el maltrato a la mujer, el abuso sexual, la degeneraci\u00f3n de la chicha en consumo incontrolado de alcohol o el parto con ces\u00e1rea.<\/p>\n<p>Tambi\u00e9n es necesario, dicen, generar mecanismos para controlar y sancionar a las autoridades que maltratan a sus mujeres y familia,\u00a0<i>pues estas han de dar ejemplo con sus actos<\/i>\u00a0y que resultar\u00eda\u00a0<i>enriquecedor\u00a0<strong>que las mujeres ind\u00edgenas reaprendan a comunicarse con los ciclos lunares,<\/strong>\u00a0incentivando su\u00a0<strong>participaci\u00f3n y liderazgo,<\/strong>\u00a0junto con los j\u00f3venes, en las asambleas y espacios de toma de decisiones comunitarias<\/i>.<\/p>\n<\/div>\n<\/div>\n<div><\/div>\n<div><\/div>\n","protected":false},"excerpt":{"rendered":"<p>Mujeres ind\u00edgenas del Putumayo en defensa de la Madre Tierra, una co producci\u00f3n COCA-LolaMora, Mocoa, Putumayo colombiano. Abril, 2014.\u00a0 El pie de monte amaz\u00f3nico es el territorio de las minas y el Valle de Sibundoy, en 10 a\u00f1os, ser\u00e1 el&hellip;<\/p>\n","protected":false},"author":1011,"featured_media":0,"comment_status":"closed","ping_status":"open","sticky":false,"template":"","format":"standard","meta":{"footnotes":""},"categories":[79,1241,78,80,67],"tags":[],"class_list":["post-110839","post","type-post","status-publish","format-standard","hentry","category-derechos-humanos","category-diversidad","category-medio-ambiente-ecologia","category-pueblos-originarios","category-sudamerica"],"yoast_head":"<!-- This site is optimized with the Yoast SEO plugin v27.1.1 - https:\/\/yoast.com\/product\/yoast-seo-wordpress\/ -->\n<title>La chagra y la vida<\/title>\n<meta name=\"description\" content=\"Mujeres ind\u00edgenas del Putumayo en defensa de la Madre Tierra, una co producci\u00f3n COCA-LolaMora, Mocoa, Putumayo colombiano. Abril, 2014.\u00a0 El pie de monte\" \/>\n<meta name=\"robots\" content=\"index, follow, max-snippet:-1, max-image-preview:large, max-video-preview:-1\" \/>\n<link rel=\"canonical\" href=\"https:\/\/www.pressenza.com\/es\/2014\/06\/la-chagra-y-la-vida\/\" \/>\n<meta property=\"og:locale\" content=\"es_ES\" \/>\n<meta property=\"og:type\" content=\"article\" \/>\n<meta property=\"og:title\" content=\"La chagra y la vida\" \/>\n<meta property=\"og:description\" content=\"Mujeres ind\u00edgenas del Putumayo en defensa de la Madre Tierra, una co producci\u00f3n COCA-LolaMora, Mocoa, Putumayo colombiano. Abril, 2014.\u00a0 El pie de monte\" \/>\n<meta property=\"og:url\" content=\"https:\/\/www.pressenza.com\/es\/2014\/06\/la-chagra-y-la-vida\/\" \/>\n<meta property=\"og:site_name\" content=\"Pressenza\" \/>\n<meta property=\"article:publisher\" content=\"https:\/\/www.facebook.com\/PressenzaItalia\" \/>\n<meta property=\"article:published_time\" content=\"2014-06-03T12:30:14+00:00\" \/>\n<meta property=\"og:image\" content=\"http:\/\/lolamora.net\/images\/stories\/images\/BOLETINES\/mayo2014\/foto_lachagra_web.jpg\" \/>\n<meta name=\"author\" content=\"Redacci\u00f3n Ecuador\" \/>\n<meta name=\"twitter:card\" content=\"summary_large_image\" \/>\n<meta name=\"twitter:creator\" content=\"@PressenzaIPA\" \/>\n<meta name=\"twitter:site\" content=\"@PressenzaIPA\" \/>\n<meta name=\"twitter:label1\" content=\"Escrito por\" \/>\n\t<meta name=\"twitter:data1\" content=\"Redacci\u00f3n Ecuador\" \/>\n\t<meta name=\"twitter:label2\" content=\"Tiempo de lectura\" \/>\n\t<meta name=\"twitter:data2\" content=\"6 minutos\" \/>\n<script type=\"application\/ld+json\" class=\"yoast-schema-graph\">{\"@context\":\"https:\/\/schema.org\",\"@graph\":[{\"@type\":\"Article\",\"@id\":\"https:\/\/www.pressenza.com\/es\/2014\/06\/la-chagra-y-la-vida\/#article\",\"isPartOf\":{\"@id\":\"https:\/\/www.pressenza.com\/es\/2014\/06\/la-chagra-y-la-vida\/\"},\"author\":{\"name\":\"Redacci\u00f3n Ecuador\",\"@id\":\"https:\/\/www.pressenza.com\/es\/#\/schema\/person\/883a735c40665759bcc6fe0c26bcb46f\"},\"headline\":\"La chagra y la vida\",\"datePublished\":\"2014-06-03T12:30:14+00:00\",\"mainEntityOfPage\":{\"@id\":\"https:\/\/www.pressenza.com\/es\/2014\/06\/la-chagra-y-la-vida\/\"},\"wordCount\":1298,\"publisher\":{\"@id\":\"https:\/\/www.pressenza.com\/es\/#organization\"},\"image\":{\"@id\":\"https:\/\/www.pressenza.com\/es\/2014\/06\/la-chagra-y-la-vida\/#primaryimage\"},\"thumbnailUrl\":\"http:\/\/lolamora.net\/images\/stories\/images\/BOLETINES\/mayo2014\/foto_lachagra_web.jpg\",\"articleSection\":[\"Derechos Humanos\",\"Diversidad\",\"Ecolog\u00eda y Medio Ambiente\",\"Pueblos Originarios\",\"Sudam\u00e9rica\"],\"inLanguage\":\"es\"},{\"@type\":\"WebPage\",\"@id\":\"https:\/\/www.pressenza.com\/es\/2014\/06\/la-chagra-y-la-vida\/\",\"url\":\"https:\/\/www.pressenza.com\/es\/2014\/06\/la-chagra-y-la-vida\/\",\"name\":\"La chagra y la vida\",\"isPartOf\":{\"@id\":\"https:\/\/www.pressenza.com\/es\/#website\"},\"primaryImageOfPage\":{\"@id\":\"https:\/\/www.pressenza.com\/es\/2014\/06\/la-chagra-y-la-vida\/#primaryimage\"},\"image\":{\"@id\":\"https:\/\/www.pressenza.com\/es\/2014\/06\/la-chagra-y-la-vida\/#primaryimage\"},\"thumbnailUrl\":\"http:\/\/lolamora.net\/images\/stories\/images\/BOLETINES\/mayo2014\/foto_lachagra_web.jpg\",\"datePublished\":\"2014-06-03T12:30:14+00:00\",\"description\":\"Mujeres ind\u00edgenas del Putumayo en defensa de la Madre Tierra, una co producci\u00f3n COCA-LolaMora, Mocoa, Putumayo colombiano. Abril, 2014.\u00a0 El pie de monte\",\"breadcrumb\":{\"@id\":\"https:\/\/www.pressenza.com\/es\/2014\/06\/la-chagra-y-la-vida\/#breadcrumb\"},\"inLanguage\":\"es\",\"potentialAction\":[{\"@type\":\"ReadAction\",\"target\":[\"https:\/\/www.pressenza.com\/es\/2014\/06\/la-chagra-y-la-vida\/\"]}]},{\"@type\":\"ImageObject\",\"inLanguage\":\"es\",\"@id\":\"https:\/\/www.pressenza.com\/es\/2014\/06\/la-chagra-y-la-vida\/#primaryimage\",\"url\":\"http:\/\/lolamora.net\/images\/stories\/images\/BOLETINES\/mayo2014\/foto_lachagra_web.jpg\",\"contentUrl\":\"http:\/\/lolamora.net\/images\/stories\/images\/BOLETINES\/mayo2014\/foto_lachagra_web.jpg\"},{\"@type\":\"BreadcrumbList\",\"@id\":\"https:\/\/www.pressenza.com\/es\/2014\/06\/la-chagra-y-la-vida\/#breadcrumb\",\"itemListElement\":[{\"@type\":\"ListItem\",\"position\":1,\"name\":\"Accueil\",\"item\":\"https:\/\/www.pressenza.com\/es\/\"},{\"@type\":\"ListItem\",\"position\":2,\"name\":\"La chagra y la vida\"}]},{\"@type\":\"WebSite\",\"@id\":\"https:\/\/www.pressenza.com\/es\/#website\",\"url\":\"https:\/\/www.pressenza.com\/es\/\",\"name\":\"Pressenza\",\"description\":\"International Press Agency\",\"publisher\":{\"@id\":\"https:\/\/www.pressenza.com\/es\/#organization\"},\"potentialAction\":[{\"@type\":\"SearchAction\",\"target\":{\"@type\":\"EntryPoint\",\"urlTemplate\":\"https:\/\/www.pressenza.com\/es\/?s={search_term_string}\"},\"query-input\":{\"@type\":\"PropertyValueSpecification\",\"valueRequired\":true,\"valueName\":\"search_term_string\"}}],\"inLanguage\":\"es\"},{\"@type\":\"Organization\",\"@id\":\"https:\/\/www.pressenza.com\/es\/#organization\",\"name\":\"Pressenza\",\"url\":\"https:\/\/www.pressenza.com\/es\/\",\"logo\":{\"@type\":\"ImageObject\",\"inLanguage\":\"es\",\"@id\":\"https:\/\/www.pressenza.com\/es\/#\/schema\/logo\/image\/\",\"url\":\"https:\/\/www.pressenza.com\/wp-content\/uploads\/2022\/10\/pressenza_logo_200x200.jpg\",\"contentUrl\":\"https:\/\/www.pressenza.com\/wp-content\/uploads\/2022\/10\/pressenza_logo_200x200.jpg\",\"width\":200,\"height\":200,\"caption\":\"Pressenza\"},\"image\":{\"@id\":\"https:\/\/www.pressenza.com\/es\/#\/schema\/logo\/image\/\"},\"sameAs\":[\"https:\/\/www.facebook.com\/PressenzaItalia\",\"https:\/\/x.com\/PressenzaIPA\"]},{\"@type\":\"Person\",\"@id\":\"https:\/\/www.pressenza.com\/es\/#\/schema\/person\/883a735c40665759bcc6fe0c26bcb46f\",\"name\":\"Redacci\u00f3n Ecuador\",\"description\":\"News published by the Pressenza bureau in Quito, Ecuador\",\"url\":\"https:\/\/www.pressenza.com\/es\/author\/redaccion-ecuador\/\"}]}<\/script>\n<!-- \/ Yoast SEO plugin. -->","yoast_head_json":{"title":"La chagra y la vida","description":"Mujeres ind\u00edgenas del Putumayo en defensa de la Madre Tierra, una co producci\u00f3n COCA-LolaMora, Mocoa, Putumayo colombiano. Abril, 2014.\u00a0 El pie de monte","robots":{"index":"index","follow":"follow","max-snippet":"max-snippet:-1","max-image-preview":"max-image-preview:large","max-video-preview":"max-video-preview:-1"},"canonical":"https:\/\/www.pressenza.com\/es\/2014\/06\/la-chagra-y-la-vida\/","og_locale":"es_ES","og_type":"article","og_title":"La chagra y la vida","og_description":"Mujeres ind\u00edgenas del Putumayo en defensa de la Madre Tierra, una co producci\u00f3n COCA-LolaMora, Mocoa, Putumayo colombiano. Abril, 2014.\u00a0 El pie de monte","og_url":"https:\/\/www.pressenza.com\/es\/2014\/06\/la-chagra-y-la-vida\/","og_site_name":"Pressenza","article_publisher":"https:\/\/www.facebook.com\/PressenzaItalia","article_published_time":"2014-06-03T12:30:14+00:00","og_image":[{"url":"http:\/\/lolamora.net\/images\/stories\/images\/BOLETINES\/mayo2014\/foto_lachagra_web.jpg","type":"","width":"","height":""}],"author":"Redacci\u00f3n Ecuador","twitter_card":"summary_large_image","twitter_creator":"@PressenzaIPA","twitter_site":"@PressenzaIPA","twitter_misc":{"Escrito por":"Redacci\u00f3n Ecuador","Tiempo de lectura":"6 minutos"},"schema":{"@context":"https:\/\/schema.org","@graph":[{"@type":"Article","@id":"https:\/\/www.pressenza.com\/es\/2014\/06\/la-chagra-y-la-vida\/#article","isPartOf":{"@id":"https:\/\/www.pressenza.com\/es\/2014\/06\/la-chagra-y-la-vida\/"},"author":{"name":"Redacci\u00f3n Ecuador","@id":"https:\/\/www.pressenza.com\/es\/#\/schema\/person\/883a735c40665759bcc6fe0c26bcb46f"},"headline":"La chagra y la vida","datePublished":"2014-06-03T12:30:14+00:00","mainEntityOfPage":{"@id":"https:\/\/www.pressenza.com\/es\/2014\/06\/la-chagra-y-la-vida\/"},"wordCount":1298,"publisher":{"@id":"https:\/\/www.pressenza.com\/es\/#organization"},"image":{"@id":"https:\/\/www.pressenza.com\/es\/2014\/06\/la-chagra-y-la-vida\/#primaryimage"},"thumbnailUrl":"http:\/\/lolamora.net\/images\/stories\/images\/BOLETINES\/mayo2014\/foto_lachagra_web.jpg","articleSection":["Derechos Humanos","Diversidad","Ecolog\u00eda y Medio Ambiente","Pueblos Originarios","Sudam\u00e9rica"],"inLanguage":"es"},{"@type":"WebPage","@id":"https:\/\/www.pressenza.com\/es\/2014\/06\/la-chagra-y-la-vida\/","url":"https:\/\/www.pressenza.com\/es\/2014\/06\/la-chagra-y-la-vida\/","name":"La chagra y la vida","isPartOf":{"@id":"https:\/\/www.pressenza.com\/es\/#website"},"primaryImageOfPage":{"@id":"https:\/\/www.pressenza.com\/es\/2014\/06\/la-chagra-y-la-vida\/#primaryimage"},"image":{"@id":"https:\/\/www.pressenza.com\/es\/2014\/06\/la-chagra-y-la-vida\/#primaryimage"},"thumbnailUrl":"http:\/\/lolamora.net\/images\/stories\/images\/BOLETINES\/mayo2014\/foto_lachagra_web.jpg","datePublished":"2014-06-03T12:30:14+00:00","description":"Mujeres ind\u00edgenas del Putumayo en defensa de la Madre Tierra, una co producci\u00f3n COCA-LolaMora, Mocoa, Putumayo colombiano. Abril, 2014.\u00a0 El pie de monte","breadcrumb":{"@id":"https:\/\/www.pressenza.com\/es\/2014\/06\/la-chagra-y-la-vida\/#breadcrumb"},"inLanguage":"es","potentialAction":[{"@type":"ReadAction","target":["https:\/\/www.pressenza.com\/es\/2014\/06\/la-chagra-y-la-vida\/"]}]},{"@type":"ImageObject","inLanguage":"es","@id":"https:\/\/www.pressenza.com\/es\/2014\/06\/la-chagra-y-la-vida\/#primaryimage","url":"http:\/\/lolamora.net\/images\/stories\/images\/BOLETINES\/mayo2014\/foto_lachagra_web.jpg","contentUrl":"http:\/\/lolamora.net\/images\/stories\/images\/BOLETINES\/mayo2014\/foto_lachagra_web.jpg"},{"@type":"BreadcrumbList","@id":"https:\/\/www.pressenza.com\/es\/2014\/06\/la-chagra-y-la-vida\/#breadcrumb","itemListElement":[{"@type":"ListItem","position":1,"name":"Accueil","item":"https:\/\/www.pressenza.com\/es\/"},{"@type":"ListItem","position":2,"name":"La chagra y la vida"}]},{"@type":"WebSite","@id":"https:\/\/www.pressenza.com\/es\/#website","url":"https:\/\/www.pressenza.com\/es\/","name":"Pressenza","description":"International Press Agency","publisher":{"@id":"https:\/\/www.pressenza.com\/es\/#organization"},"potentialAction":[{"@type":"SearchAction","target":{"@type":"EntryPoint","urlTemplate":"https:\/\/www.pressenza.com\/es\/?s={search_term_string}"},"query-input":{"@type":"PropertyValueSpecification","valueRequired":true,"valueName":"search_term_string"}}],"inLanguage":"es"},{"@type":"Organization","@id":"https:\/\/www.pressenza.com\/es\/#organization","name":"Pressenza","url":"https:\/\/www.pressenza.com\/es\/","logo":{"@type":"ImageObject","inLanguage":"es","@id":"https:\/\/www.pressenza.com\/es\/#\/schema\/logo\/image\/","url":"https:\/\/www.pressenza.com\/wp-content\/uploads\/2022\/10\/pressenza_logo_200x200.jpg","contentUrl":"https:\/\/www.pressenza.com\/wp-content\/uploads\/2022\/10\/pressenza_logo_200x200.jpg","width":200,"height":200,"caption":"Pressenza"},"image":{"@id":"https:\/\/www.pressenza.com\/es\/#\/schema\/logo\/image\/"},"sameAs":["https:\/\/www.facebook.com\/PressenzaItalia","https:\/\/x.com\/PressenzaIPA"]},{"@type":"Person","@id":"https:\/\/www.pressenza.com\/es\/#\/schema\/person\/883a735c40665759bcc6fe0c26bcb46f","name":"Redacci\u00f3n Ecuador","description":"News published by the Pressenza bureau in Quito, Ecuador","url":"https:\/\/www.pressenza.com\/es\/author\/redaccion-ecuador\/"}]}},"place":"","original_article_url":"","_links":{"self":[{"href":"https:\/\/www.pressenza.com\/es\/wp-json\/wp\/v2\/posts\/110839","targetHints":{"allow":["GET"]}}],"collection":[{"href":"https:\/\/www.pressenza.com\/es\/wp-json\/wp\/v2\/posts"}],"about":[{"href":"https:\/\/www.pressenza.com\/es\/wp-json\/wp\/v2\/types\/post"}],"author":[{"embeddable":true,"href":"https:\/\/www.pressenza.com\/es\/wp-json\/wp\/v2\/users\/1011"}],"replies":[{"embeddable":true,"href":"https:\/\/www.pressenza.com\/es\/wp-json\/wp\/v2\/comments?post=110839"}],"version-history":[{"count":0,"href":"https:\/\/www.pressenza.com\/es\/wp-json\/wp\/v2\/posts\/110839\/revisions"}],"wp:attachment":[{"href":"https:\/\/www.pressenza.com\/es\/wp-json\/wp\/v2\/media?parent=110839"}],"wp:term":[{"taxonomy":"category","embeddable":true,"href":"https:\/\/www.pressenza.com\/es\/wp-json\/wp\/v2\/categories?post=110839"},{"taxonomy":"post_tag","embeddable":true,"href":"https:\/\/www.pressenza.com\/es\/wp-json\/wp\/v2\/tags?post=110839"}],"curies":[{"name":"wp","href":"https:\/\/api.w.org\/{rel}","templated":true}]}}