{"id":110831,"date":"2014-06-03T13:26:03","date_gmt":"2014-06-03T12:26:03","guid":{"rendered":"http:\/\/www.pressenza.com\/?p=110831"},"modified":"2019-02-06T20:35:12","modified_gmt":"2019-02-06T20:35:12","slug":"especial-putumayo-con-la-voz-de-las-mujeres-sabias-de-los-pueblos-indigenas","status":"publish","type":"post","link":"https:\/\/www.pressenza.com\/es\/2014\/06\/especial-putumayo-con-la-voz-de-las-mujeres-sabias-de-los-pueblos-indigenas\/","title":{"rendered":"Especial Putumayo, con la voz de las mujeres sabias de los pueblos ind\u00edgenas."},"content":{"rendered":"<p><em>Por Lola Mora Producciones<\/em><\/p>\n<p>Frontera Colombia &#8211; Ecuador.Entre la diversidad, el abandono y las m\u00faltiples violencias; entre las luchas y la sabidur\u00eda de las mujeres. Desde la ciudad colombiana de Mocoa, las COCA y LolaMora nos unimos para difundir producciones que visibilizar\u00e1n este proceso de resiliencia. Presentamos la primera coproducci\u00f3n\u00a0<strong>Especial Putumayo, con la voz de las mujeres sabias de los pueblos ind\u00edgenas.\u00a0<\/strong><\/p>\n<p><strong><\/strong>Este es un proyecto para reflexionar sobre la defensa del territorio y prevenir las m\u00faltiples formas de violencia que sufren mujeres, ni\u00f1as y ni\u00f1os en la regi\u00f3n del Alto Putumayo, en la frontera sur de Colombia con Ecuador. Es el gran desaf\u00edo que se ha planteado la Corporaci\u00f3n Casa Amazon\u00eda (COCA). En un contexto de impunidad e indiferencia,\u00a0<strong>las COCA inician mecanismos de visibilizaci\u00f3n y prevenci\u00f3n de la violencia de la mano de mujeres sabedoras practicantes de la medicina tradicional<\/strong>. Justicia, educaci\u00f3n, comunicaci\u00f3n y salud ancestral ind\u00edgena son algunas de las areas de trabajo.<\/p>\n<p>El primer Especial Putumayo consiste en:<\/p>\n<p>&#8211;<strong><a href=\"http:\/\/lolamora.net\/index.php\/inicio\/item\/863-la-chagra-y-la-vida\" target=\"_blank\">\u00a0La chagra y la vida.<\/a>\u00a0\u00a0<\/strong><strong>Mujeres ind\u00edgenas del Putumayo en defensa de la Madre Tierra,\u00a0<\/strong>un art\u00edculo sobre el poder de la tierra.<\/p>\n<p>&#8211;\u00a0<strong><a href=\"http:\/\/lolamora.net\/index.php\/inicio\/item\/864-contra-el-matrimonio-forzado\" target=\"_blank\">Contra el matrimonio forzado<\/a>, el testimonio de \u00a0Vitelia Criollo\u00a0sobre su negativa a casarse con 14 a\u00f1os.\u00a0<\/strong><\/p>\n<p>Para escuchar los audios relacionados, visitar el link:<\/p>\n<p>http:\/\/lolamora.net\/index.php\/produccionesmultimedia\/prensa\/item\/869-especial-putumayo<\/p>\n<p>&nbsp;<\/p>\n<p>&nbsp;<\/p>\n<p>&nbsp;<\/p>\n","protected":false},"excerpt":{"rendered":"<p>Por Lola Mora Producciones Frontera Colombia &#8211; Ecuador.Entre la diversidad, el abandono y las m\u00faltiples violencias; entre las luchas y la sabidur\u00eda de las mujeres. Desde la ciudad colombiana de Mocoa, las COCA y LolaMora nos unimos para difundir producciones&hellip;<\/p>\n","protected":false},"author":1011,"featured_media":110832,"comment_status":"closed","ping_status":"open","sticky":false,"template":"","format":"standard","meta":{"footnotes":""},"categories":[79,1241,54515,80,67],"tags":[],"class_list":["post-110831","post","type-post","status-publish","format-standard","has-post-thumbnail","hentry","category-derechos-humanos","category-diversidad","category-genero-y-feminismos","category-pueblos-originarios","category-sudamerica"],"yoast_head":"<!-- This site is optimized with the Yoast SEO plugin v27.1.1 - https:\/\/yoast.com\/product\/yoast-seo-wordpress\/ -->\n<title>Especial Putumayo, con la voz de las mujeres sabias de los pueblos ind\u00edgenas.<\/title>\n<meta name=\"description\" content=\"Por Lola Mora Producciones Frontera Colombia - Ecuador.Entre la diversidad, el abandono y las m\u00faltiples violencias; entre las luchas y la sabidur\u00eda de las\" \/>\n<meta name=\"robots\" content=\"index, follow, max-snippet:-1, max-image-preview:large, max-video-preview:-1\" \/>\n<link rel=\"canonical\" href=\"https:\/\/www.pressenza.com\/es\/2014\/06\/especial-putumayo-con-la-voz-de-las-mujeres-sabias-de-los-pueblos-indigenas\/\" \/>\n<meta property=\"og:locale\" content=\"es_ES\" \/>\n<meta property=\"og:type\" content=\"article\" \/>\n<meta property=\"og:title\" content=\"Especial Putumayo, con la voz de las mujeres sabias de los pueblos ind\u00edgenas.\" \/>\n<meta property=\"og:description\" content=\"Por Lola Mora Producciones Frontera Colombia - Ecuador.Entre la diversidad, el abandono y las m\u00faltiples violencias; entre las luchas y la sabidur\u00eda de las\" \/>\n<meta property=\"og:url\" content=\"https:\/\/www.pressenza.com\/es\/2014\/06\/especial-putumayo-con-la-voz-de-las-mujeres-sabias-de-los-pueblos-indigenas\/\" \/>\n<meta property=\"og:site_name\" content=\"Pressenza\" \/>\n<meta property=\"article:publisher\" content=\"https:\/\/www.facebook.com\/PressenzaItalia\" \/>\n<meta property=\"article:published_time\" content=\"2014-06-03T12:26:03+00:00\" \/>\n<meta property=\"article:modified_time\" content=\"2019-02-06T20:35:12+00:00\" \/>\n<meta property=\"og:image\" content=\"https:\/\/www.pressenza.com\/wp-content\/uploads\/2014\/06\/putumayo.jpg\" \/>\n\t<meta property=\"og:image:width\" content=\"425\" \/>\n\t<meta property=\"og:image:height\" content=\"253\" \/>\n\t<meta property=\"og:image:type\" content=\"image\/jpeg\" \/>\n<meta name=\"author\" content=\"Redacci\u00f3n Ecuador\" \/>\n<meta name=\"twitter:card\" content=\"summary_large_image\" \/>\n<meta name=\"twitter:creator\" content=\"@PressenzaIPA\" \/>\n<meta name=\"twitter:site\" content=\"@PressenzaIPA\" \/>\n<meta name=\"twitter:label1\" content=\"Escrito por\" \/>\n\t<meta name=\"twitter:data1\" content=\"Redacci\u00f3n Ecuador\" \/>\n\t<meta name=\"twitter:label2\" content=\"Tiempo de lectura\" \/>\n\t<meta name=\"twitter:data2\" content=\"1 minuto\" \/>\n<script type=\"application\/ld+json\" class=\"yoast-schema-graph\">{\"@context\":\"https:\/\/schema.org\",\"@graph\":[{\"@type\":\"Article\",\"@id\":\"https:\/\/www.pressenza.com\/es\/2014\/06\/especial-putumayo-con-la-voz-de-las-mujeres-sabias-de-los-pueblos-indigenas\/#article\",\"isPartOf\":{\"@id\":\"https:\/\/www.pressenza.com\/es\/2014\/06\/especial-putumayo-con-la-voz-de-las-mujeres-sabias-de-los-pueblos-indigenas\/\"},\"author\":{\"name\":\"Redacci\u00f3n Ecuador\",\"@id\":\"https:\/\/www.pressenza.com\/es\/#\/schema\/person\/883a735c40665759bcc6fe0c26bcb46f\"},\"headline\":\"Especial Putumayo, con la voz de las mujeres sabias de los pueblos ind\u00edgenas.\",\"datePublished\":\"2014-06-03T12:26:03+00:00\",\"dateModified\":\"2019-02-06T20:35:12+00:00\",\"mainEntityOfPage\":{\"@id\":\"https:\/\/www.pressenza.com\/es\/2014\/06\/especial-putumayo-con-la-voz-de-las-mujeres-sabias-de-los-pueblos-indigenas\/\"},\"wordCount\":259,\"publisher\":{\"@id\":\"https:\/\/www.pressenza.com\/es\/#organization\"},\"image\":{\"@id\":\"https:\/\/www.pressenza.com\/es\/2014\/06\/especial-putumayo-con-la-voz-de-las-mujeres-sabias-de-los-pueblos-indigenas\/#primaryimage\"},\"thumbnailUrl\":\"https:\/\/www.pressenza.com\/wp-content\/uploads\/2014\/06\/putumayo.jpg\",\"articleSection\":[\"Derechos Humanos\",\"Diversidad\",\"G\u00e9nero y Feminismos\",\"Pueblos Originarios\",\"Sudam\u00e9rica\"],\"inLanguage\":\"es\"},{\"@type\":\"WebPage\",\"@id\":\"https:\/\/www.pressenza.com\/es\/2014\/06\/especial-putumayo-con-la-voz-de-las-mujeres-sabias-de-los-pueblos-indigenas\/\",\"url\":\"https:\/\/www.pressenza.com\/es\/2014\/06\/especial-putumayo-con-la-voz-de-las-mujeres-sabias-de-los-pueblos-indigenas\/\",\"name\":\"Especial Putumayo, con la voz de las mujeres sabias de los pueblos ind\u00edgenas.\",\"isPartOf\":{\"@id\":\"https:\/\/www.pressenza.com\/es\/#website\"},\"primaryImageOfPage\":{\"@id\":\"https:\/\/www.pressenza.com\/es\/2014\/06\/especial-putumayo-con-la-voz-de-las-mujeres-sabias-de-los-pueblos-indigenas\/#primaryimage\"},\"image\":{\"@id\":\"https:\/\/www.pressenza.com\/es\/2014\/06\/especial-putumayo-con-la-voz-de-las-mujeres-sabias-de-los-pueblos-indigenas\/#primaryimage\"},\"thumbnailUrl\":\"https:\/\/www.pressenza.com\/wp-content\/uploads\/2014\/06\/putumayo.jpg\",\"datePublished\":\"2014-06-03T12:26:03+00:00\",\"dateModified\":\"2019-02-06T20:35:12+00:00\",\"description\":\"Por Lola Mora Producciones Frontera Colombia - Ecuador.Entre la diversidad, el abandono y las m\u00faltiples violencias; entre las luchas y la sabidur\u00eda de las\",\"breadcrumb\":{\"@id\":\"https:\/\/www.pressenza.com\/es\/2014\/06\/especial-putumayo-con-la-voz-de-las-mujeres-sabias-de-los-pueblos-indigenas\/#breadcrumb\"},\"inLanguage\":\"es\",\"potentialAction\":[{\"@type\":\"ReadAction\",\"target\":[\"https:\/\/www.pressenza.com\/es\/2014\/06\/especial-putumayo-con-la-voz-de-las-mujeres-sabias-de-los-pueblos-indigenas\/\"]}]},{\"@type\":\"ImageObject\",\"inLanguage\":\"es\",\"@id\":\"https:\/\/www.pressenza.com\/es\/2014\/06\/especial-putumayo-con-la-voz-de-las-mujeres-sabias-de-los-pueblos-indigenas\/#primaryimage\",\"url\":\"https:\/\/www.pressenza.com\/wp-content\/uploads\/2014\/06\/putumayo.jpg\",\"contentUrl\":\"https:\/\/www.pressenza.com\/wp-content\/uploads\/2014\/06\/putumayo.jpg\",\"width\":425,\"height\":253},{\"@type\":\"BreadcrumbList\",\"@id\":\"https:\/\/www.pressenza.com\/es\/2014\/06\/especial-putumayo-con-la-voz-de-las-mujeres-sabias-de-los-pueblos-indigenas\/#breadcrumb\",\"itemListElement\":[{\"@type\":\"ListItem\",\"position\":1,\"name\":\"Accueil\",\"item\":\"https:\/\/www.pressenza.com\/es\/\"},{\"@type\":\"ListItem\",\"position\":2,\"name\":\"Especial Putumayo, con la voz de las mujeres sabias de los pueblos ind\u00edgenas.\"}]},{\"@type\":\"WebSite\",\"@id\":\"https:\/\/www.pressenza.com\/es\/#website\",\"url\":\"https:\/\/www.pressenza.com\/es\/\",\"name\":\"Pressenza\",\"description\":\"International Press Agency\",\"publisher\":{\"@id\":\"https:\/\/www.pressenza.com\/es\/#organization\"},\"potentialAction\":[{\"@type\":\"SearchAction\",\"target\":{\"@type\":\"EntryPoint\",\"urlTemplate\":\"https:\/\/www.pressenza.com\/es\/?s={search_term_string}\"},\"query-input\":{\"@type\":\"PropertyValueSpecification\",\"valueRequired\":true,\"valueName\":\"search_term_string\"}}],\"inLanguage\":\"es\"},{\"@type\":\"Organization\",\"@id\":\"https:\/\/www.pressenza.com\/es\/#organization\",\"name\":\"Pressenza\",\"url\":\"https:\/\/www.pressenza.com\/es\/\",\"logo\":{\"@type\":\"ImageObject\",\"inLanguage\":\"es\",\"@id\":\"https:\/\/www.pressenza.com\/es\/#\/schema\/logo\/image\/\",\"url\":\"https:\/\/www.pressenza.com\/wp-content\/uploads\/2022\/10\/pressenza_logo_200x200.jpg\",\"contentUrl\":\"https:\/\/www.pressenza.com\/wp-content\/uploads\/2022\/10\/pressenza_logo_200x200.jpg\",\"width\":200,\"height\":200,\"caption\":\"Pressenza\"},\"image\":{\"@id\":\"https:\/\/www.pressenza.com\/es\/#\/schema\/logo\/image\/\"},\"sameAs\":[\"https:\/\/www.facebook.com\/PressenzaItalia\",\"https:\/\/x.com\/PressenzaIPA\"]},{\"@type\":\"Person\",\"@id\":\"https:\/\/www.pressenza.com\/es\/#\/schema\/person\/883a735c40665759bcc6fe0c26bcb46f\",\"name\":\"Redacci\u00f3n Ecuador\",\"description\":\"News published by the Pressenza bureau in Quito, Ecuador\",\"url\":\"https:\/\/www.pressenza.com\/es\/author\/redaccion-ecuador\/\"}]}<\/script>\n<!-- \/ Yoast SEO plugin. -->","yoast_head_json":{"title":"Especial Putumayo, con la voz de las mujeres sabias de los pueblos ind\u00edgenas.","description":"Por Lola Mora Producciones Frontera Colombia - Ecuador.Entre la diversidad, el abandono y las m\u00faltiples violencias; entre las luchas y la sabidur\u00eda de las","robots":{"index":"index","follow":"follow","max-snippet":"max-snippet:-1","max-image-preview":"max-image-preview:large","max-video-preview":"max-video-preview:-1"},"canonical":"https:\/\/www.pressenza.com\/es\/2014\/06\/especial-putumayo-con-la-voz-de-las-mujeres-sabias-de-los-pueblos-indigenas\/","og_locale":"es_ES","og_type":"article","og_title":"Especial Putumayo, con la voz de las mujeres sabias de los pueblos ind\u00edgenas.","og_description":"Por Lola Mora Producciones Frontera Colombia - Ecuador.Entre la diversidad, el abandono y las m\u00faltiples violencias; entre las luchas y la sabidur\u00eda de las","og_url":"https:\/\/www.pressenza.com\/es\/2014\/06\/especial-putumayo-con-la-voz-de-las-mujeres-sabias-de-los-pueblos-indigenas\/","og_site_name":"Pressenza","article_publisher":"https:\/\/www.facebook.com\/PressenzaItalia","article_published_time":"2014-06-03T12:26:03+00:00","article_modified_time":"2019-02-06T20:35:12+00:00","og_image":[{"width":425,"height":253,"url":"https:\/\/www.pressenza.com\/wp-content\/uploads\/2014\/06\/putumayo.jpg","type":"image\/jpeg"}],"author":"Redacci\u00f3n Ecuador","twitter_card":"summary_large_image","twitter_creator":"@PressenzaIPA","twitter_site":"@PressenzaIPA","twitter_misc":{"Escrito por":"Redacci\u00f3n Ecuador","Tiempo de lectura":"1 minuto"},"schema":{"@context":"https:\/\/schema.org","@graph":[{"@type":"Article","@id":"https:\/\/www.pressenza.com\/es\/2014\/06\/especial-putumayo-con-la-voz-de-las-mujeres-sabias-de-los-pueblos-indigenas\/#article","isPartOf":{"@id":"https:\/\/www.pressenza.com\/es\/2014\/06\/especial-putumayo-con-la-voz-de-las-mujeres-sabias-de-los-pueblos-indigenas\/"},"author":{"name":"Redacci\u00f3n Ecuador","@id":"https:\/\/www.pressenza.com\/es\/#\/schema\/person\/883a735c40665759bcc6fe0c26bcb46f"},"headline":"Especial Putumayo, con la voz de las mujeres sabias de los pueblos ind\u00edgenas.","datePublished":"2014-06-03T12:26:03+00:00","dateModified":"2019-02-06T20:35:12+00:00","mainEntityOfPage":{"@id":"https:\/\/www.pressenza.com\/es\/2014\/06\/especial-putumayo-con-la-voz-de-las-mujeres-sabias-de-los-pueblos-indigenas\/"},"wordCount":259,"publisher":{"@id":"https:\/\/www.pressenza.com\/es\/#organization"},"image":{"@id":"https:\/\/www.pressenza.com\/es\/2014\/06\/especial-putumayo-con-la-voz-de-las-mujeres-sabias-de-los-pueblos-indigenas\/#primaryimage"},"thumbnailUrl":"https:\/\/www.pressenza.com\/wp-content\/uploads\/2014\/06\/putumayo.jpg","articleSection":["Derechos Humanos","Diversidad","G\u00e9nero y Feminismos","Pueblos Originarios","Sudam\u00e9rica"],"inLanguage":"es"},{"@type":"WebPage","@id":"https:\/\/www.pressenza.com\/es\/2014\/06\/especial-putumayo-con-la-voz-de-las-mujeres-sabias-de-los-pueblos-indigenas\/","url":"https:\/\/www.pressenza.com\/es\/2014\/06\/especial-putumayo-con-la-voz-de-las-mujeres-sabias-de-los-pueblos-indigenas\/","name":"Especial Putumayo, con la voz de las mujeres sabias de los pueblos ind\u00edgenas.","isPartOf":{"@id":"https:\/\/www.pressenza.com\/es\/#website"},"primaryImageOfPage":{"@id":"https:\/\/www.pressenza.com\/es\/2014\/06\/especial-putumayo-con-la-voz-de-las-mujeres-sabias-de-los-pueblos-indigenas\/#primaryimage"},"image":{"@id":"https:\/\/www.pressenza.com\/es\/2014\/06\/especial-putumayo-con-la-voz-de-las-mujeres-sabias-de-los-pueblos-indigenas\/#primaryimage"},"thumbnailUrl":"https:\/\/www.pressenza.com\/wp-content\/uploads\/2014\/06\/putumayo.jpg","datePublished":"2014-06-03T12:26:03+00:00","dateModified":"2019-02-06T20:35:12+00:00","description":"Por Lola Mora Producciones Frontera Colombia - Ecuador.Entre la diversidad, el abandono y las m\u00faltiples violencias; entre las luchas y la sabidur\u00eda de las","breadcrumb":{"@id":"https:\/\/www.pressenza.com\/es\/2014\/06\/especial-putumayo-con-la-voz-de-las-mujeres-sabias-de-los-pueblos-indigenas\/#breadcrumb"},"inLanguage":"es","potentialAction":[{"@type":"ReadAction","target":["https:\/\/www.pressenza.com\/es\/2014\/06\/especial-putumayo-con-la-voz-de-las-mujeres-sabias-de-los-pueblos-indigenas\/"]}]},{"@type":"ImageObject","inLanguage":"es","@id":"https:\/\/www.pressenza.com\/es\/2014\/06\/especial-putumayo-con-la-voz-de-las-mujeres-sabias-de-los-pueblos-indigenas\/#primaryimage","url":"https:\/\/www.pressenza.com\/wp-content\/uploads\/2014\/06\/putumayo.jpg","contentUrl":"https:\/\/www.pressenza.com\/wp-content\/uploads\/2014\/06\/putumayo.jpg","width":425,"height":253},{"@type":"BreadcrumbList","@id":"https:\/\/www.pressenza.com\/es\/2014\/06\/especial-putumayo-con-la-voz-de-las-mujeres-sabias-de-los-pueblos-indigenas\/#breadcrumb","itemListElement":[{"@type":"ListItem","position":1,"name":"Accueil","item":"https:\/\/www.pressenza.com\/es\/"},{"@type":"ListItem","position":2,"name":"Especial Putumayo, con la voz de las mujeres sabias de los pueblos ind\u00edgenas."}]},{"@type":"WebSite","@id":"https:\/\/www.pressenza.com\/es\/#website","url":"https:\/\/www.pressenza.com\/es\/","name":"Pressenza","description":"International Press Agency","publisher":{"@id":"https:\/\/www.pressenza.com\/es\/#organization"},"potentialAction":[{"@type":"SearchAction","target":{"@type":"EntryPoint","urlTemplate":"https:\/\/www.pressenza.com\/es\/?s={search_term_string}"},"query-input":{"@type":"PropertyValueSpecification","valueRequired":true,"valueName":"search_term_string"}}],"inLanguage":"es"},{"@type":"Organization","@id":"https:\/\/www.pressenza.com\/es\/#organization","name":"Pressenza","url":"https:\/\/www.pressenza.com\/es\/","logo":{"@type":"ImageObject","inLanguage":"es","@id":"https:\/\/www.pressenza.com\/es\/#\/schema\/logo\/image\/","url":"https:\/\/www.pressenza.com\/wp-content\/uploads\/2022\/10\/pressenza_logo_200x200.jpg","contentUrl":"https:\/\/www.pressenza.com\/wp-content\/uploads\/2022\/10\/pressenza_logo_200x200.jpg","width":200,"height":200,"caption":"Pressenza"},"image":{"@id":"https:\/\/www.pressenza.com\/es\/#\/schema\/logo\/image\/"},"sameAs":["https:\/\/www.facebook.com\/PressenzaItalia","https:\/\/x.com\/PressenzaIPA"]},{"@type":"Person","@id":"https:\/\/www.pressenza.com\/es\/#\/schema\/person\/883a735c40665759bcc6fe0c26bcb46f","name":"Redacci\u00f3n Ecuador","description":"News published by the Pressenza bureau in Quito, Ecuador","url":"https:\/\/www.pressenza.com\/es\/author\/redaccion-ecuador\/"}]}},"place":"","original_article_url":"","_links":{"self":[{"href":"https:\/\/www.pressenza.com\/es\/wp-json\/wp\/v2\/posts\/110831","targetHints":{"allow":["GET"]}}],"collection":[{"href":"https:\/\/www.pressenza.com\/es\/wp-json\/wp\/v2\/posts"}],"about":[{"href":"https:\/\/www.pressenza.com\/es\/wp-json\/wp\/v2\/types\/post"}],"author":[{"embeddable":true,"href":"https:\/\/www.pressenza.com\/es\/wp-json\/wp\/v2\/users\/1011"}],"replies":[{"embeddable":true,"href":"https:\/\/www.pressenza.com\/es\/wp-json\/wp\/v2\/comments?post=110831"}],"version-history":[{"count":0,"href":"https:\/\/www.pressenza.com\/es\/wp-json\/wp\/v2\/posts\/110831\/revisions"}],"wp:featuredmedia":[{"embeddable":true,"href":"https:\/\/www.pressenza.com\/es\/wp-json\/wp\/v2\/media\/110832"}],"wp:attachment":[{"href":"https:\/\/www.pressenza.com\/es\/wp-json\/wp\/v2\/media?parent=110831"}],"wp:term":[{"taxonomy":"category","embeddable":true,"href":"https:\/\/www.pressenza.com\/es\/wp-json\/wp\/v2\/categories?post=110831"},{"taxonomy":"post_tag","embeddable":true,"href":"https:\/\/www.pressenza.com\/es\/wp-json\/wp\/v2\/tags?post=110831"}],"curies":[{"name":"wp","href":"https:\/\/api.w.org\/{rel}","templated":true}]}}