{"id":1105778,"date":"2020-05-12T16:09:31","date_gmt":"2020-05-12T15:09:31","guid":{"rendered":"https:\/\/www.pressenza.com\/?p=1105778"},"modified":"2020-05-12T16:09:31","modified_gmt":"2020-05-12T15:09:31","slug":"la-patria-somos-todos","status":"publish","type":"post","link":"https:\/\/www.pressenza.com\/es\/2020\/05\/la-patria-somos-todos\/","title":{"rendered":"La patria somos todos"},"content":{"rendered":"<p><em>En mi pa\u00eds, Argentina, el kirchnerismo populariz\u00f3 una frase que parafraseo en el t\u00edtulo: \u201cla Patria es el otro\u201d. Me pareci\u00f3 siempre la s\u00edntesis vern\u00e1cula de \u201cel ser humano como valor central\u201d y la Regla de Oro (trata como quieres ser tratado). Lo lamento por los oidos delicados que no pueden reconocer los aciertos metaf\u00f3ricos de los dem\u00e1s. La poes\u00eda es un don de la humanidad.<\/em><\/p>\n<p>Como todos los meses, ten\u00eda que cobrar el alquiler. Pero este mes fue distinto por la cuarentena, para m\u00ed bastante relajada hasta hoy, lunes. Los bancos me complicaron el cr\u00e9dito de los pl\u00e1sticos, motivo suficiente para ir a cobrar personalmente, de paso tomar sol y almorzar donde un buen amigo que vive cerca. (Estas peque\u00f1as huevadas hacen a la matriz de lo que sigue y las cuento porque hay un h\u00e1bito generalizado entre los intelectuales, seg\u00fan el cual su pensamiento brota de las esferas metaf\u00edsicas, a\u00fan cuando nieguen la metaf\u00edsica).<\/p>\n<p>As\u00ed que v\u00ed Buenos Aires fuera de mi barrio por primera vez en dos meses. Me sorprendi\u00f3 que los negocios de aquel barrio (el llamado Norte por su ubicaci\u00f3n geogr\u00e1fica pero tambi\u00e9n es un norte social, porque es el de la gente m\u00e1s acomodada) atendieran sus clientes dentro de los locales, bien que distanciados.<\/p>\n<p>Cuando llegu\u00e9, mi interlocutora estaba en la planta baja, con barbijo. Me salud\u00f3 con el codo. Me llev\u00f3 al hall de recepci\u00f3n por una cuesti\u00f3n de privacidad y mientras sosten\u00eda los billetes en su mano derecha me cont\u00f3 que hab\u00eda ca\u00eddo por la Covid-19 que contrajo en Espa\u00f1a, que estuvo p\u00e9simo durante dos d\u00edas, etc. Como siempre, el buen \u00e1nimo y la simpat\u00eda s\u00f3lo que los dos embozados y a distancia. Como siempre, insisti\u00f3 en que contara los billetes, lo hice y los guard\u00e9 en bolsillos separados. Nos despedimos con el codo, ya no como siempre. Y me fui.<\/p>\n<p>Pas\u00e9 una agradable casi jornada en mi visita, hice compras, camin\u00e9 hasta que me cans\u00e9. Disfrut\u00e9. El contraste con mi barrio era notable. Gente por todos lados, embarbijada, pero m\u00e1s de la que esperaba ver. Casi como un s\u00e1bado normal.<\/p>\n<p>El azar hizo que pasara el fin de semana solo y hace un rato me aprestaba a salir a hacer unos tr\u00e1mites. Todo por el vil metal, claro. Hasta aqu\u00ed, \u201clos hechos\u201d.<\/p>\n<p>Hace d\u00edas me da vuelta en la cabeza una frase que le\u00ed en uno de los tantos documentos que han circulado: \u201cDe repente, cada uno existe y es importante para los dem\u00e1s\u201d. Me parec\u00eda una curiosa inversi\u00f3n del esquema de la compasi\u00f3n, seg\u00fan el cual la importancia es <em>de los otros<\/em> para uno. Es uno el que tiene que ponerse en lugar del otro. La frase en cuesti\u00f3n destaca el lugar de uno para los dem\u00e1s.<\/p>\n<p>Infoadicto como soy, segu\u00ed las alternativas del partido \u201cvirus vs. Humanidad\u201d con un dolor creciente, atento a la informaci\u00f3n sobre los s\u00edntomas y los efectos devastadores de la \u201cgripecita\u201d. Como me cuido, estaba tranquilo. El peligro estaba en los dem\u00e1s. No obstante, en los \u00faltimos quince d\u00edas almorc\u00e9 con mi hija, que est\u00e1 haciendo trabajos en el edificio, con todos los cuidados del caso pero sin ahorrarnos besos y abrazos.<\/p>\n<p>Y de pronto, mientras sacaba turno para ir al banco, ca\u00ed en cuenta.<\/p>\n<p>Reci\u00e9n entonces advert\u00ed que hab\u00eda estado con alguien que hace un apenas mes sali\u00f3 de la enfermedad. Y todav\u00eda no se sabe qu\u00e9 pasa con el contagio despu\u00e9s.<\/p>\n<p>Esa suerte de vectores de prevenci\u00f3n que operaban apuntando a los otros, midiendo la \u00a0distancia que ten\u00eda que guardar, se revirtieron instant\u00e1neamente: convergieron todos sobre m\u00ed. Ahora, a\u00fan cuando remoto, improbable, etc, el peligro est\u00e1 en m\u00ed. No basta que al llegar a casa haya dejado los billetes en una canasta para que se degrade la posible contaminaci\u00f3n (t\u00e9cnica que us\u00e9 hasta ahora cuando no desinfecto). No s\u00e9 si pude haberme contagiado. Ni lo sabr\u00e9 hasta dentro de una semana si hago s\u00edntomas, o nunca lo sabr\u00e9 si se me da asintom\u00e1tica. Pero ya, si me contagi\u00e9, podr\u00eda estar contagiando. (Por ahora, a alguna que otra cucaracha que se aventura en mi presencia de vez en cuando.)<\/p>\n<p>Entonces s\u00ed, es as\u00ed, ahora los importantes son los dem\u00e1s. Yo, ya estoy frito.<\/p>\n<p>Este virus maldito termin\u00f3 de desnudarme. Ser\u00e9 m\u00e1s rigoroso en los cuidados, pero eso es un detalle. La Covid-19 es un detalle. Si me toca, me incorporar\u00e9 a una estad\u00edstica, pero tengo que cuidar de sumarme solo.<\/p>\n<p>De pronto, los otros existen m\u00e1s ac\u00e1 de mi ideolog\u00eda, de mi supuesta moral, que son elementos imaginarios que m\u00e1s han servido para empedrar el camino hacia un mundo mejor pero tambi\u00e9n, sumarme a un conjunto, hacerme un igual, tener una plataforma de comunicaci\u00f3n que me haga part\u00edcipe de una identidad com\u00fan. Ya no tengo que cuidarme del posible contagio que representan los otros (disculpen, chicas, que me relaje y escriba en cl\u00e1sico) sino que tengo que cuidar a los otros de m\u00ed. Para m\u00ed, una terrible met\u00e1fora biogr\u00e1fica.<\/p>\n<p>As\u00ed que s\u00ed, este es el sentido de la cuarentena: cada uno es importante para los dem\u00e1s. Cada uno puede ser un factor de contagio m\u00e1s all\u00e1 de los cuidados del caso. De modo que, cuid\u00e1ndome, cuido; cuid\u00e1ndose cada uno, cuida a los dem\u00e1s.<\/p>\n<p>Creo que esto es lo que los \u201clibertarios\u201d que se oponen a la cuarentena no han comprendido. Inconmovibles frente al aumento de las fosas comunes proclaman \u201cya estoy grande y s\u00e9 c\u00f3mo cuidarme\u201d. S\u00ed, sabr\u00e1s pero, \u00bfy si falla? \u00bfCu\u00e1ntos quedar\u00e1n contagiados? Es notable lo que la metaf\u00edsica puede, pero eso ser\u00e1 tema para otra.<\/p>\n<p>Aqu\u00ed lo que quiero destacar es el \u201ctodos para uno y uno para todos\u201d que Alejandro Dumas ide\u00f3 para sus mosqueteros. Lo aceptemos o no, vivimos por y para el conjunto humano con el que nos hemos desarrollado. Y, cada uno y todos, tenemos la responsabilidad de preservarnos para preservar el conjunto. De modo que todos y cada uno somos importantes para cada cual.<\/p>\n<p>O, desarrollando la idea del t\u00edtulo, <em>la patria somos todos. <\/em>Y esto deja tanto para desgranar\u2026<\/p>\n","protected":false},"excerpt":{"rendered":"<p>En mi pa\u00eds, Argentina, el kirchnerismo populariz\u00f3 una frase que parafraseo en el t\u00edtulo: \u201cla Patria es el otro\u201d. Me pareci\u00f3 siempre la s\u00edntesis vern\u00e1cula de \u201cel ser humano como valor central\u201d y la Regla de Oro (trata como quieres&hellip;<\/p>\n","protected":false},"author":1802,"featured_media":1105779,"comment_status":"closed","ping_status":"closed","sticky":false,"template":"","format":"standard","meta":{"footnotes":""},"categories":[11389,1240,161,1239],"tags":[70071,72131,75455,75450,75452,75451,26068,10270,75453,15429,22219,75454],"class_list":["post-1105778","post","type-post","status-publish","format-standard","has-post-thumbnail","hentry","category-contenido-original","category-humanismo-espiritualidad","category-opiniones","category-salud","tag-coronavirus-es","tag-covid-19-es","tag-cuidado","tag-el-otro","tag-la-patria-es-el-otro","tag-los-otros","tag-patria","tag-prevencion","tag-projimo","tag-regla-de-oro","tag-salud","tag-trata-a-los-demas-como-quieres-que-te-traten"],"yoast_head":"<!-- This site is optimized with the Yoast SEO plugin v27.1.1 - https:\/\/yoast.com\/product\/yoast-seo-wordpress\/ -->\n<title>La patria somos todos<\/title>\n<meta name=\"description\" content=\"En mi pa\u00eds, Argentina, el kirchnerismo populariz\u00f3 una frase que parafraseo en el t\u00edtulo: \u201cla Patria es el otro\u201d. Me pareci\u00f3 siempre la s\u00edntesis vern\u00e1cula\" \/>\n<meta name=\"robots\" content=\"index, follow, max-snippet:-1, max-image-preview:large, max-video-preview:-1\" \/>\n<link rel=\"canonical\" href=\"https:\/\/www.pressenza.com\/es\/2020\/05\/la-patria-somos-todos\/\" \/>\n<meta property=\"og:locale\" content=\"es_ES\" \/>\n<meta property=\"og:type\" content=\"article\" \/>\n<meta property=\"og:title\" content=\"La patria somos todos\" \/>\n<meta property=\"og:description\" content=\"En mi pa\u00eds, Argentina, el kirchnerismo populariz\u00f3 una frase que parafraseo en el t\u00edtulo: \u201cla Patria es el otro\u201d. Me pareci\u00f3 siempre la s\u00edntesis vern\u00e1cula\" \/>\n<meta property=\"og:url\" content=\"https:\/\/www.pressenza.com\/es\/2020\/05\/la-patria-somos-todos\/\" \/>\n<meta property=\"og:site_name\" content=\"Pressenza\" \/>\n<meta property=\"article:publisher\" content=\"https:\/\/www.facebook.com\/PressenzaItalia\" \/>\n<meta property=\"article:published_time\" content=\"2020-05-12T15:09:31+00:00\" \/>\n<meta property=\"og:image\" content=\"https:\/\/www.pressenza.com\/wp-content\/uploads\/2020\/05\/covid-19-5070666_1920.jpg\" \/>\n\t<meta property=\"og:image:width\" content=\"1920\" \/>\n\t<meta property=\"og:image:height\" content=\"1282\" \/>\n\t<meta property=\"og:image:type\" content=\"image\/jpeg\" \/>\n<meta name=\"author\" content=\"N\u00e9stor Tato\" \/>\n<meta name=\"twitter:card\" content=\"summary_large_image\" \/>\n<meta name=\"twitter:creator\" content=\"@PressenzaIPA\" \/>\n<meta name=\"twitter:site\" content=\"@PressenzaIPA\" \/>\n<meta name=\"twitter:label1\" content=\"Escrito por\" \/>\n\t<meta name=\"twitter:data1\" content=\"N\u00e9stor Tato\" \/>\n\t<meta name=\"twitter:label2\" content=\"Tiempo de lectura\" \/>\n\t<meta name=\"twitter:data2\" content=\"5 minutos\" \/>\n<script type=\"application\/ld+json\" class=\"yoast-schema-graph\">{\"@context\":\"https:\/\/schema.org\",\"@graph\":[{\"@type\":\"Article\",\"@id\":\"https:\/\/www.pressenza.com\/es\/2020\/05\/la-patria-somos-todos\/#article\",\"isPartOf\":{\"@id\":\"https:\/\/www.pressenza.com\/es\/2020\/05\/la-patria-somos-todos\/\"},\"author\":{\"name\":\"N\u00e9stor Tato\",\"@id\":\"https:\/\/www.pressenza.com\/es\/#\/schema\/person\/158257d2376eb02045fa081b00c1056d\"},\"headline\":\"La patria somos todos\",\"datePublished\":\"2020-05-12T15:09:31+00:00\",\"mainEntityOfPage\":{\"@id\":\"https:\/\/www.pressenza.com\/es\/2020\/05\/la-patria-somos-todos\/\"},\"wordCount\":1090,\"publisher\":{\"@id\":\"https:\/\/www.pressenza.com\/es\/#organization\"},\"image\":{\"@id\":\"https:\/\/www.pressenza.com\/es\/2020\/05\/la-patria-somos-todos\/#primaryimage\"},\"thumbnailUrl\":\"https:\/\/www.pressenza.com\/wp-content\/uploads\/2020\/05\/covid-19-5070666_1920.jpg\",\"keywords\":[\"coronav\u00edrus\",\"COVID-19\",\"cuidado\",\"el otro\",\"la patria es el otro\",\"los otros\",\"patria\",\"prevenci\u00f3n\",\"pr\u00f3jimo\",\"Regla de Oro\",\"Salud\",\"trata a los dem\u00e1s como quieres que te traten\"],\"articleSection\":[\"Contenido Original\",\"Humanismo y Espiritualidad\",\"Opiniones\",\"Salud\"],\"inLanguage\":\"es\"},{\"@type\":\"WebPage\",\"@id\":\"https:\/\/www.pressenza.com\/es\/2020\/05\/la-patria-somos-todos\/\",\"url\":\"https:\/\/www.pressenza.com\/es\/2020\/05\/la-patria-somos-todos\/\",\"name\":\"La patria somos todos\",\"isPartOf\":{\"@id\":\"https:\/\/www.pressenza.com\/es\/#website\"},\"primaryImageOfPage\":{\"@id\":\"https:\/\/www.pressenza.com\/es\/2020\/05\/la-patria-somos-todos\/#primaryimage\"},\"image\":{\"@id\":\"https:\/\/www.pressenza.com\/es\/2020\/05\/la-patria-somos-todos\/#primaryimage\"},\"thumbnailUrl\":\"https:\/\/www.pressenza.com\/wp-content\/uploads\/2020\/05\/covid-19-5070666_1920.jpg\",\"datePublished\":\"2020-05-12T15:09:31+00:00\",\"description\":\"En mi pa\u00eds, Argentina, el kirchnerismo populariz\u00f3 una frase que parafraseo en el t\u00edtulo: \u201cla Patria es el otro\u201d. Me pareci\u00f3 siempre la s\u00edntesis vern\u00e1cula\",\"breadcrumb\":{\"@id\":\"https:\/\/www.pressenza.com\/es\/2020\/05\/la-patria-somos-todos\/#breadcrumb\"},\"inLanguage\":\"es\",\"potentialAction\":[{\"@type\":\"ReadAction\",\"target\":[\"https:\/\/www.pressenza.com\/es\/2020\/05\/la-patria-somos-todos\/\"]}]},{\"@type\":\"ImageObject\",\"inLanguage\":\"es\",\"@id\":\"https:\/\/www.pressenza.com\/es\/2020\/05\/la-patria-somos-todos\/#primaryimage\",\"url\":\"https:\/\/www.pressenza.com\/wp-content\/uploads\/2020\/05\/covid-19-5070666_1920.jpg\",\"contentUrl\":\"https:\/\/www.pressenza.com\/wp-content\/uploads\/2020\/05\/covid-19-5070666_1920.jpg\",\"width\":1920,\"height\":1282},{\"@type\":\"BreadcrumbList\",\"@id\":\"https:\/\/www.pressenza.com\/es\/2020\/05\/la-patria-somos-todos\/#breadcrumb\",\"itemListElement\":[{\"@type\":\"ListItem\",\"position\":1,\"name\":\"Accueil\",\"item\":\"https:\/\/www.pressenza.com\/es\/\"},{\"@type\":\"ListItem\",\"position\":2,\"name\":\"La patria somos todos\"}]},{\"@type\":\"WebSite\",\"@id\":\"https:\/\/www.pressenza.com\/es\/#website\",\"url\":\"https:\/\/www.pressenza.com\/es\/\",\"name\":\"Pressenza\",\"description\":\"International Press Agency\",\"publisher\":{\"@id\":\"https:\/\/www.pressenza.com\/es\/#organization\"},\"potentialAction\":[{\"@type\":\"SearchAction\",\"target\":{\"@type\":\"EntryPoint\",\"urlTemplate\":\"https:\/\/www.pressenza.com\/es\/?s={search_term_string}\"},\"query-input\":{\"@type\":\"PropertyValueSpecification\",\"valueRequired\":true,\"valueName\":\"search_term_string\"}}],\"inLanguage\":\"es\"},{\"@type\":\"Organization\",\"@id\":\"https:\/\/www.pressenza.com\/es\/#organization\",\"name\":\"Pressenza\",\"url\":\"https:\/\/www.pressenza.com\/es\/\",\"logo\":{\"@type\":\"ImageObject\",\"inLanguage\":\"es\",\"@id\":\"https:\/\/www.pressenza.com\/es\/#\/schema\/logo\/image\/\",\"url\":\"https:\/\/www.pressenza.com\/wp-content\/uploads\/2022\/10\/pressenza_logo_200x200.jpg\",\"contentUrl\":\"https:\/\/www.pressenza.com\/wp-content\/uploads\/2022\/10\/pressenza_logo_200x200.jpg\",\"width\":200,\"height\":200,\"caption\":\"Pressenza\"},\"image\":{\"@id\":\"https:\/\/www.pressenza.com\/es\/#\/schema\/logo\/image\/\"},\"sameAs\":[\"https:\/\/www.facebook.com\/PressenzaItalia\",\"https:\/\/x.com\/PressenzaIPA\"]},{\"@type\":\"Person\",\"@id\":\"https:\/\/www.pressenza.com\/es\/#\/schema\/person\/158257d2376eb02045fa081b00c1056d\",\"name\":\"N\u00e9stor Tato\",\"description\":\"Agradecer\u00e9 cualquier comentario a ntatom@gmail.com. Abogado, mediador, investigador del Centro de Estudios Humanistas de Buenos Aires \\\"Mayte de Galarreta\\\".\",\"url\":\"https:\/\/www.pressenza.com\/es\/author\/nestor-tato\/\"}]}<\/script>\n<!-- \/ Yoast SEO plugin. -->","yoast_head_json":{"title":"La patria somos todos","description":"En mi pa\u00eds, Argentina, el kirchnerismo populariz\u00f3 una frase que parafraseo en el t\u00edtulo: \u201cla Patria es el otro\u201d. Me pareci\u00f3 siempre la s\u00edntesis vern\u00e1cula","robots":{"index":"index","follow":"follow","max-snippet":"max-snippet:-1","max-image-preview":"max-image-preview:large","max-video-preview":"max-video-preview:-1"},"canonical":"https:\/\/www.pressenza.com\/es\/2020\/05\/la-patria-somos-todos\/","og_locale":"es_ES","og_type":"article","og_title":"La patria somos todos","og_description":"En mi pa\u00eds, Argentina, el kirchnerismo populariz\u00f3 una frase que parafraseo en el t\u00edtulo: \u201cla Patria es el otro\u201d. Me pareci\u00f3 siempre la s\u00edntesis vern\u00e1cula","og_url":"https:\/\/www.pressenza.com\/es\/2020\/05\/la-patria-somos-todos\/","og_site_name":"Pressenza","article_publisher":"https:\/\/www.facebook.com\/PressenzaItalia","article_published_time":"2020-05-12T15:09:31+00:00","og_image":[{"width":1920,"height":1282,"url":"https:\/\/www.pressenza.com\/wp-content\/uploads\/2020\/05\/covid-19-5070666_1920.jpg","type":"image\/jpeg"}],"author":"N\u00e9stor Tato","twitter_card":"summary_large_image","twitter_creator":"@PressenzaIPA","twitter_site":"@PressenzaIPA","twitter_misc":{"Escrito por":"N\u00e9stor Tato","Tiempo de lectura":"5 minutos"},"schema":{"@context":"https:\/\/schema.org","@graph":[{"@type":"Article","@id":"https:\/\/www.pressenza.com\/es\/2020\/05\/la-patria-somos-todos\/#article","isPartOf":{"@id":"https:\/\/www.pressenza.com\/es\/2020\/05\/la-patria-somos-todos\/"},"author":{"name":"N\u00e9stor Tato","@id":"https:\/\/www.pressenza.com\/es\/#\/schema\/person\/158257d2376eb02045fa081b00c1056d"},"headline":"La patria somos todos","datePublished":"2020-05-12T15:09:31+00:00","mainEntityOfPage":{"@id":"https:\/\/www.pressenza.com\/es\/2020\/05\/la-patria-somos-todos\/"},"wordCount":1090,"publisher":{"@id":"https:\/\/www.pressenza.com\/es\/#organization"},"image":{"@id":"https:\/\/www.pressenza.com\/es\/2020\/05\/la-patria-somos-todos\/#primaryimage"},"thumbnailUrl":"https:\/\/www.pressenza.com\/wp-content\/uploads\/2020\/05\/covid-19-5070666_1920.jpg","keywords":["coronav\u00edrus","COVID-19","cuidado","el otro","la patria es el otro","los otros","patria","prevenci\u00f3n","pr\u00f3jimo","Regla de Oro","Salud","trata a los dem\u00e1s como quieres que te traten"],"articleSection":["Contenido Original","Humanismo y Espiritualidad","Opiniones","Salud"],"inLanguage":"es"},{"@type":"WebPage","@id":"https:\/\/www.pressenza.com\/es\/2020\/05\/la-patria-somos-todos\/","url":"https:\/\/www.pressenza.com\/es\/2020\/05\/la-patria-somos-todos\/","name":"La patria somos todos","isPartOf":{"@id":"https:\/\/www.pressenza.com\/es\/#website"},"primaryImageOfPage":{"@id":"https:\/\/www.pressenza.com\/es\/2020\/05\/la-patria-somos-todos\/#primaryimage"},"image":{"@id":"https:\/\/www.pressenza.com\/es\/2020\/05\/la-patria-somos-todos\/#primaryimage"},"thumbnailUrl":"https:\/\/www.pressenza.com\/wp-content\/uploads\/2020\/05\/covid-19-5070666_1920.jpg","datePublished":"2020-05-12T15:09:31+00:00","description":"En mi pa\u00eds, Argentina, el kirchnerismo populariz\u00f3 una frase que parafraseo en el t\u00edtulo: \u201cla Patria es el otro\u201d. Me pareci\u00f3 siempre la s\u00edntesis vern\u00e1cula","breadcrumb":{"@id":"https:\/\/www.pressenza.com\/es\/2020\/05\/la-patria-somos-todos\/#breadcrumb"},"inLanguage":"es","potentialAction":[{"@type":"ReadAction","target":["https:\/\/www.pressenza.com\/es\/2020\/05\/la-patria-somos-todos\/"]}]},{"@type":"ImageObject","inLanguage":"es","@id":"https:\/\/www.pressenza.com\/es\/2020\/05\/la-patria-somos-todos\/#primaryimage","url":"https:\/\/www.pressenza.com\/wp-content\/uploads\/2020\/05\/covid-19-5070666_1920.jpg","contentUrl":"https:\/\/www.pressenza.com\/wp-content\/uploads\/2020\/05\/covid-19-5070666_1920.jpg","width":1920,"height":1282},{"@type":"BreadcrumbList","@id":"https:\/\/www.pressenza.com\/es\/2020\/05\/la-patria-somos-todos\/#breadcrumb","itemListElement":[{"@type":"ListItem","position":1,"name":"Accueil","item":"https:\/\/www.pressenza.com\/es\/"},{"@type":"ListItem","position":2,"name":"La patria somos todos"}]},{"@type":"WebSite","@id":"https:\/\/www.pressenza.com\/es\/#website","url":"https:\/\/www.pressenza.com\/es\/","name":"Pressenza","description":"International Press Agency","publisher":{"@id":"https:\/\/www.pressenza.com\/es\/#organization"},"potentialAction":[{"@type":"SearchAction","target":{"@type":"EntryPoint","urlTemplate":"https:\/\/www.pressenza.com\/es\/?s={search_term_string}"},"query-input":{"@type":"PropertyValueSpecification","valueRequired":true,"valueName":"search_term_string"}}],"inLanguage":"es"},{"@type":"Organization","@id":"https:\/\/www.pressenza.com\/es\/#organization","name":"Pressenza","url":"https:\/\/www.pressenza.com\/es\/","logo":{"@type":"ImageObject","inLanguage":"es","@id":"https:\/\/www.pressenza.com\/es\/#\/schema\/logo\/image\/","url":"https:\/\/www.pressenza.com\/wp-content\/uploads\/2022\/10\/pressenza_logo_200x200.jpg","contentUrl":"https:\/\/www.pressenza.com\/wp-content\/uploads\/2022\/10\/pressenza_logo_200x200.jpg","width":200,"height":200,"caption":"Pressenza"},"image":{"@id":"https:\/\/www.pressenza.com\/es\/#\/schema\/logo\/image\/"},"sameAs":["https:\/\/www.facebook.com\/PressenzaItalia","https:\/\/x.com\/PressenzaIPA"]},{"@type":"Person","@id":"https:\/\/www.pressenza.com\/es\/#\/schema\/person\/158257d2376eb02045fa081b00c1056d","name":"N\u00e9stor Tato","description":"Agradecer\u00e9 cualquier comentario a ntatom@gmail.com. Abogado, mediador, investigador del Centro de Estudios Humanistas de Buenos Aires \"Mayte de Galarreta\".","url":"https:\/\/www.pressenza.com\/es\/author\/nestor-tato\/"}]}},"place":"Ciudad de Buenos Aires, Argentina","original_article_url":"","_links":{"self":[{"href":"https:\/\/www.pressenza.com\/es\/wp-json\/wp\/v2\/posts\/1105778","targetHints":{"allow":["GET"]}}],"collection":[{"href":"https:\/\/www.pressenza.com\/es\/wp-json\/wp\/v2\/posts"}],"about":[{"href":"https:\/\/www.pressenza.com\/es\/wp-json\/wp\/v2\/types\/post"}],"author":[{"embeddable":true,"href":"https:\/\/www.pressenza.com\/es\/wp-json\/wp\/v2\/users\/1802"}],"replies":[{"embeddable":true,"href":"https:\/\/www.pressenza.com\/es\/wp-json\/wp\/v2\/comments?post=1105778"}],"version-history":[{"count":0,"href":"https:\/\/www.pressenza.com\/es\/wp-json\/wp\/v2\/posts\/1105778\/revisions"}],"wp:featuredmedia":[{"embeddable":true,"href":"https:\/\/www.pressenza.com\/es\/wp-json\/wp\/v2\/media\/1105779"}],"wp:attachment":[{"href":"https:\/\/www.pressenza.com\/es\/wp-json\/wp\/v2\/media?parent=1105778"}],"wp:term":[{"taxonomy":"category","embeddable":true,"href":"https:\/\/www.pressenza.com\/es\/wp-json\/wp\/v2\/categories?post=1105778"},{"taxonomy":"post_tag","embeddable":true,"href":"https:\/\/www.pressenza.com\/es\/wp-json\/wp\/v2\/tags?post=1105778"}],"curies":[{"name":"wp","href":"https:\/\/api.w.org\/{rel}","templated":true}]}}