{"id":110468,"date":"2014-05-31T22:46:05","date_gmt":"2014-05-31T21:46:05","guid":{"rendered":"http:\/\/www.pressenza.com\/?p=110468"},"modified":"2014-05-31T22:46:05","modified_gmt":"2014-05-31T21:46:05","slug":"snowden-publicacion-nsa-su-correspondencia-esta-incompleta","status":"publish","type":"post","link":"https:\/\/www.pressenza.com\/es\/2014\/05\/snowden-publicacion-nsa-su-correspondencia-esta-incompleta\/","title":{"rendered":"Snowden: La publicaci\u00f3n de la NSA de su correspondencia est\u00e1 \u201cincompleta\u201d"},"content":{"rendered":"<p><a title=\"NSA, por su sigla en ingl\u00e9s\" href=\"http:\/\/www.democracynow.org\/topics\/nsa\">La Agencia de Seguridad Nacional<\/a> public\u00f3 un correo electr\u00f3nico enviado por <a href=\"http:\/\/www.democracynow.org\/topics\/edward_snowden\">Edward Snowden<\/a> el a\u00f1o pasado a la Oficina General del Consejo, alegando que es el \u00fanico que le envi\u00f3 a sus supervisores antes de filtrar documentos de la agencia de espionaje. En el correo electr\u00f3nico, Snowden plantea dudas sobre si las \u00f3rdenes ejecutivas tienen jerarqu\u00eda sobre las leyes federales. La publicaci\u00f3n se produjo despu\u00e9s de que Snowden le dijera a Brian Williams de la <span class=\"caps\">NBC<\/span> que hab\u00eda expresado su preocupaci\u00f3n a trav\u00e9s de m\u00faltiples canales.<\/p>\n<blockquote><p><strong>Edward Snowden<\/strong> declar\u00f3: \u201cEn este momento la <span class=\"caps\">NSA<\/span> tiene registros, tiene copias de mensajes de correo electr\u00f3nico de mi parte a su Oficina General del Consejo y sus compa\u00f1eros de supervisi\u00f3n y cumplimiento, mencionando mi preocupaci\u00f3n acerca de la interpretaci\u00f3n de la <span class=\"caps\">NSA<\/span> de su autoridad legal. Yo hab\u00eda planteado estas preocupaciones no s\u00f3lo oficialmente por escrito a trav\u00e9s del correo electr\u00f3nico a estas oficinas y particulares, sino tambi\u00e9n a mis supervisores y colegas en m\u00e1s de una oficina&#8230; y la respuesta en lenguaje burocr\u00e1tico era algo como \u2018debes dejar de hacer preguntas\u2019\u201d.<\/p><\/blockquote>\n<p>Snowden dijo al Washington Post que su correspondencia se extend\u00eda mucho m\u00e1s all\u00e1 de lo difundido por la <span class=\"caps\">NSA<\/span>. Inst\u00f3 a la Casa Blanca a \u201cexigir a la <span class=\"caps\">NSA<\/span> que pregunte a mis antiguos colegas, la administraci\u00f3n y el equipo de liderazgo de alto nivel si yo, en alg\u00fan momento, expres\u00e9 mi preocupaci\u00f3n por las actividades de vigilancia impropias y a veces inconstitucionales de la <span class=\"caps\">NSA<\/span>. No tardar\u00e1n mucho en recibir la respuesta\u201d, afirm\u00f3.<\/p>\n","protected":false},"excerpt":{"rendered":"<p>La Agencia de Seguridad Nacional public\u00f3 un correo electr\u00f3nico enviado por Edward Snowden el a\u00f1o pasado a la Oficina General del Consejo, alegando que es el \u00fanico que le envi\u00f3 a sus supervisores antes de filtrar documentos de la agencia&hellip;<\/p>\n","protected":false},"author":77,"featured_media":0,"comment_status":"closed","ping_status":"open","sticky":false,"template":"","format":"standard","meta":{"footnotes":""},"categories":[76,497,79,68],"tags":[5975,10795],"class_list":["post-110468","post","type-post","status-publish","format-standard","hentry","category-relaciones-exteriores","category-ciencia-tecnologia","category-derechos-humanos","category-norteamerica","tag-edward-snowden-es","tag-nsa-es"],"yoast_head":"<!-- This site is optimized with the Yoast SEO plugin v27.1.1 - https:\/\/yoast.com\/product\/yoast-seo-wordpress\/ -->\n<title>Snowden: La publicaci\u00f3n de la NSA de su correspondencia est\u00e1 \u201cincompleta\u201d<\/title>\n<meta name=\"description\" content=\"La Agencia de Seguridad Nacional public\u00f3 un correo electr\u00f3nico enviado por Edward Snowden el a\u00f1o pasado a la Oficina General del Consejo, alegando que es\" \/>\n<meta name=\"robots\" content=\"index, follow, max-snippet:-1, max-image-preview:large, max-video-preview:-1\" \/>\n<link rel=\"canonical\" href=\"https:\/\/www.pressenza.com\/es\/2014\/05\/snowden-publicacion-nsa-su-correspondencia-esta-incompleta\/\" \/>\n<meta property=\"og:locale\" content=\"es_ES\" \/>\n<meta property=\"og:type\" content=\"article\" \/>\n<meta property=\"og:title\" content=\"Snowden: La publicaci\u00f3n de la NSA de su correspondencia est\u00e1 \u201cincompleta\u201d\" \/>\n<meta property=\"og:description\" content=\"La Agencia de Seguridad Nacional public\u00f3 un correo electr\u00f3nico enviado por Edward Snowden el a\u00f1o pasado a la Oficina General del Consejo, alegando que es\" \/>\n<meta property=\"og:url\" content=\"https:\/\/www.pressenza.com\/es\/2014\/05\/snowden-publicacion-nsa-su-correspondencia-esta-incompleta\/\" \/>\n<meta property=\"og:site_name\" content=\"Pressenza\" \/>\n<meta property=\"article:publisher\" content=\"https:\/\/www.facebook.com\/PressenzaItalia\" \/>\n<meta property=\"article:author\" content=\"https:\/\/www.facebook.com\/democracynow\/?fref=ts\" \/>\n<meta property=\"article:published_time\" content=\"2014-05-31T21:46:05+00:00\" \/>\n<meta name=\"author\" content=\"Democracy Now!\" \/>\n<meta name=\"twitter:card\" content=\"summary_large_image\" \/>\n<meta name=\"twitter:creator\" content=\"@democracynow\" \/>\n<meta name=\"twitter:site\" content=\"@PressenzaIPA\" \/>\n<meta name=\"twitter:label1\" content=\"Escrito por\" \/>\n\t<meta name=\"twitter:data1\" content=\"Democracy Now!\" \/>\n\t<meta name=\"twitter:label2\" content=\"Tiempo de lectura\" \/>\n\t<meta name=\"twitter:data2\" content=\"1 minuto\" \/>\n<script type=\"application\/ld+json\" class=\"yoast-schema-graph\">{\"@context\":\"https:\/\/schema.org\",\"@graph\":[{\"@type\":\"Article\",\"@id\":\"https:\/\/www.pressenza.com\/es\/2014\/05\/snowden-publicacion-nsa-su-correspondencia-esta-incompleta\/#article\",\"isPartOf\":{\"@id\":\"https:\/\/www.pressenza.com\/es\/2014\/05\/snowden-publicacion-nsa-su-correspondencia-esta-incompleta\/\"},\"author\":{\"name\":\"Democracy Now!\",\"@id\":\"https:\/\/www.pressenza.com\/es\/#\/schema\/person\/6dbfa31ebecf081166f6ed11c10f262c\"},\"headline\":\"Snowden: La publicaci\u00f3n de la NSA de su correspondencia est\u00e1 \u201cincompleta\u201d\",\"datePublished\":\"2014-05-31T21:46:05+00:00\",\"mainEntityOfPage\":{\"@id\":\"https:\/\/www.pressenza.com\/es\/2014\/05\/snowden-publicacion-nsa-su-correspondencia-esta-incompleta\/\"},\"wordCount\":293,\"publisher\":{\"@id\":\"https:\/\/www.pressenza.com\/es\/#organization\"},\"keywords\":[\"Edward Snowden\",\"NSA\"],\"articleSection\":[\"Asuntos internacionales\",\"Ciencia y Tecnolog\u00eda\",\"Derechos Humanos\",\"Norteam\u00e9rica\"],\"inLanguage\":\"es\"},{\"@type\":\"WebPage\",\"@id\":\"https:\/\/www.pressenza.com\/es\/2014\/05\/snowden-publicacion-nsa-su-correspondencia-esta-incompleta\/\",\"url\":\"https:\/\/www.pressenza.com\/es\/2014\/05\/snowden-publicacion-nsa-su-correspondencia-esta-incompleta\/\",\"name\":\"Snowden: La publicaci\u00f3n de la NSA de su correspondencia est\u00e1 \u201cincompleta\u201d\",\"isPartOf\":{\"@id\":\"https:\/\/www.pressenza.com\/es\/#website\"},\"datePublished\":\"2014-05-31T21:46:05+00:00\",\"description\":\"La Agencia de Seguridad Nacional public\u00f3 un correo electr\u00f3nico enviado por Edward Snowden el a\u00f1o pasado a la Oficina General del Consejo, alegando que es\",\"breadcrumb\":{\"@id\":\"https:\/\/www.pressenza.com\/es\/2014\/05\/snowden-publicacion-nsa-su-correspondencia-esta-incompleta\/#breadcrumb\"},\"inLanguage\":\"es\",\"potentialAction\":[{\"@type\":\"ReadAction\",\"target\":[\"https:\/\/www.pressenza.com\/es\/2014\/05\/snowden-publicacion-nsa-su-correspondencia-esta-incompleta\/\"]}]},{\"@type\":\"BreadcrumbList\",\"@id\":\"https:\/\/www.pressenza.com\/es\/2014\/05\/snowden-publicacion-nsa-su-correspondencia-esta-incompleta\/#breadcrumb\",\"itemListElement\":[{\"@type\":\"ListItem\",\"position\":1,\"name\":\"Accueil\",\"item\":\"https:\/\/www.pressenza.com\/es\/\"},{\"@type\":\"ListItem\",\"position\":2,\"name\":\"Snowden: La publicaci\u00f3n de la NSA de su correspondencia est\u00e1 \u201cincompleta\u201d\"}]},{\"@type\":\"WebSite\",\"@id\":\"https:\/\/www.pressenza.com\/es\/#website\",\"url\":\"https:\/\/www.pressenza.com\/es\/\",\"name\":\"Pressenza\",\"description\":\"International Press Agency\",\"publisher\":{\"@id\":\"https:\/\/www.pressenza.com\/es\/#organization\"},\"potentialAction\":[{\"@type\":\"SearchAction\",\"target\":{\"@type\":\"EntryPoint\",\"urlTemplate\":\"https:\/\/www.pressenza.com\/es\/?s={search_term_string}\"},\"query-input\":{\"@type\":\"PropertyValueSpecification\",\"valueRequired\":true,\"valueName\":\"search_term_string\"}}],\"inLanguage\":\"es\"},{\"@type\":\"Organization\",\"@id\":\"https:\/\/www.pressenza.com\/es\/#organization\",\"name\":\"Pressenza\",\"url\":\"https:\/\/www.pressenza.com\/es\/\",\"logo\":{\"@type\":\"ImageObject\",\"inLanguage\":\"es\",\"@id\":\"https:\/\/www.pressenza.com\/es\/#\/schema\/logo\/image\/\",\"url\":\"https:\/\/www.pressenza.com\/wp-content\/uploads\/2022\/10\/pressenza_logo_200x200.jpg\",\"contentUrl\":\"https:\/\/www.pressenza.com\/wp-content\/uploads\/2022\/10\/pressenza_logo_200x200.jpg\",\"width\":200,\"height\":200,\"caption\":\"Pressenza\"},\"image\":{\"@id\":\"https:\/\/www.pressenza.com\/es\/#\/schema\/logo\/image\/\"},\"sameAs\":[\"https:\/\/www.facebook.com\/PressenzaItalia\",\"https:\/\/x.com\/PressenzaIPA\"]},{\"@type\":\"Person\",\"@id\":\"https:\/\/www.pressenza.com\/es\/#\/schema\/person\/6dbfa31ebecf081166f6ed11c10f262c\",\"name\":\"Democracy Now!\",\"description\":\"Democracy Now! is a national, daily, independent, award-winning news program hosted by journalists Amy Goodman and Juan Gonzalez. www.democracynow.org\",\"sameAs\":[\"http:\/\/www.democracynow.org\",\"https:\/\/www.facebook.com\/democracynow\/?fref=ts\",\"https:\/\/x.com\/democracynow\"],\"url\":\"https:\/\/www.pressenza.com\/es\/author\/democracy-now\/\"}]}<\/script>\n<!-- \/ Yoast SEO plugin. -->","yoast_head_json":{"title":"Snowden: La publicaci\u00f3n de la NSA de su correspondencia est\u00e1 \u201cincompleta\u201d","description":"La Agencia de Seguridad Nacional public\u00f3 un correo electr\u00f3nico enviado por Edward Snowden el a\u00f1o pasado a la Oficina General del Consejo, alegando que es","robots":{"index":"index","follow":"follow","max-snippet":"max-snippet:-1","max-image-preview":"max-image-preview:large","max-video-preview":"max-video-preview:-1"},"canonical":"https:\/\/www.pressenza.com\/es\/2014\/05\/snowden-publicacion-nsa-su-correspondencia-esta-incompleta\/","og_locale":"es_ES","og_type":"article","og_title":"Snowden: La publicaci\u00f3n de la NSA de su correspondencia est\u00e1 \u201cincompleta\u201d","og_description":"La Agencia de Seguridad Nacional public\u00f3 un correo electr\u00f3nico enviado por Edward Snowden el a\u00f1o pasado a la Oficina General del Consejo, alegando que es","og_url":"https:\/\/www.pressenza.com\/es\/2014\/05\/snowden-publicacion-nsa-su-correspondencia-esta-incompleta\/","og_site_name":"Pressenza","article_publisher":"https:\/\/www.facebook.com\/PressenzaItalia","article_author":"https:\/\/www.facebook.com\/democracynow\/?fref=ts","article_published_time":"2014-05-31T21:46:05+00:00","author":"Democracy Now!","twitter_card":"summary_large_image","twitter_creator":"@democracynow","twitter_site":"@PressenzaIPA","twitter_misc":{"Escrito por":"Democracy Now!","Tiempo de lectura":"1 minuto"},"schema":{"@context":"https:\/\/schema.org","@graph":[{"@type":"Article","@id":"https:\/\/www.pressenza.com\/es\/2014\/05\/snowden-publicacion-nsa-su-correspondencia-esta-incompleta\/#article","isPartOf":{"@id":"https:\/\/www.pressenza.com\/es\/2014\/05\/snowden-publicacion-nsa-su-correspondencia-esta-incompleta\/"},"author":{"name":"Democracy Now!","@id":"https:\/\/www.pressenza.com\/es\/#\/schema\/person\/6dbfa31ebecf081166f6ed11c10f262c"},"headline":"Snowden: La publicaci\u00f3n de la NSA de su correspondencia est\u00e1 \u201cincompleta\u201d","datePublished":"2014-05-31T21:46:05+00:00","mainEntityOfPage":{"@id":"https:\/\/www.pressenza.com\/es\/2014\/05\/snowden-publicacion-nsa-su-correspondencia-esta-incompleta\/"},"wordCount":293,"publisher":{"@id":"https:\/\/www.pressenza.com\/es\/#organization"},"keywords":["Edward Snowden","NSA"],"articleSection":["Asuntos internacionales","Ciencia y Tecnolog\u00eda","Derechos Humanos","Norteam\u00e9rica"],"inLanguage":"es"},{"@type":"WebPage","@id":"https:\/\/www.pressenza.com\/es\/2014\/05\/snowden-publicacion-nsa-su-correspondencia-esta-incompleta\/","url":"https:\/\/www.pressenza.com\/es\/2014\/05\/snowden-publicacion-nsa-su-correspondencia-esta-incompleta\/","name":"Snowden: La publicaci\u00f3n de la NSA de su correspondencia est\u00e1 \u201cincompleta\u201d","isPartOf":{"@id":"https:\/\/www.pressenza.com\/es\/#website"},"datePublished":"2014-05-31T21:46:05+00:00","description":"La Agencia de Seguridad Nacional public\u00f3 un correo electr\u00f3nico enviado por Edward Snowden el a\u00f1o pasado a la Oficina General del Consejo, alegando que es","breadcrumb":{"@id":"https:\/\/www.pressenza.com\/es\/2014\/05\/snowden-publicacion-nsa-su-correspondencia-esta-incompleta\/#breadcrumb"},"inLanguage":"es","potentialAction":[{"@type":"ReadAction","target":["https:\/\/www.pressenza.com\/es\/2014\/05\/snowden-publicacion-nsa-su-correspondencia-esta-incompleta\/"]}]},{"@type":"BreadcrumbList","@id":"https:\/\/www.pressenza.com\/es\/2014\/05\/snowden-publicacion-nsa-su-correspondencia-esta-incompleta\/#breadcrumb","itemListElement":[{"@type":"ListItem","position":1,"name":"Accueil","item":"https:\/\/www.pressenza.com\/es\/"},{"@type":"ListItem","position":2,"name":"Snowden: La publicaci\u00f3n de la NSA de su correspondencia est\u00e1 \u201cincompleta\u201d"}]},{"@type":"WebSite","@id":"https:\/\/www.pressenza.com\/es\/#website","url":"https:\/\/www.pressenza.com\/es\/","name":"Pressenza","description":"International Press Agency","publisher":{"@id":"https:\/\/www.pressenza.com\/es\/#organization"},"potentialAction":[{"@type":"SearchAction","target":{"@type":"EntryPoint","urlTemplate":"https:\/\/www.pressenza.com\/es\/?s={search_term_string}"},"query-input":{"@type":"PropertyValueSpecification","valueRequired":true,"valueName":"search_term_string"}}],"inLanguage":"es"},{"@type":"Organization","@id":"https:\/\/www.pressenza.com\/es\/#organization","name":"Pressenza","url":"https:\/\/www.pressenza.com\/es\/","logo":{"@type":"ImageObject","inLanguage":"es","@id":"https:\/\/www.pressenza.com\/es\/#\/schema\/logo\/image\/","url":"https:\/\/www.pressenza.com\/wp-content\/uploads\/2022\/10\/pressenza_logo_200x200.jpg","contentUrl":"https:\/\/www.pressenza.com\/wp-content\/uploads\/2022\/10\/pressenza_logo_200x200.jpg","width":200,"height":200,"caption":"Pressenza"},"image":{"@id":"https:\/\/www.pressenza.com\/es\/#\/schema\/logo\/image\/"},"sameAs":["https:\/\/www.facebook.com\/PressenzaItalia","https:\/\/x.com\/PressenzaIPA"]},{"@type":"Person","@id":"https:\/\/www.pressenza.com\/es\/#\/schema\/person\/6dbfa31ebecf081166f6ed11c10f262c","name":"Democracy Now!","description":"Democracy Now! is a national, daily, independent, award-winning news program hosted by journalists Amy Goodman and Juan Gonzalez. www.democracynow.org","sameAs":["http:\/\/www.democracynow.org","https:\/\/www.facebook.com\/democracynow\/?fref=ts","https:\/\/x.com\/democracynow"],"url":"https:\/\/www.pressenza.com\/es\/author\/democracy-now\/"}]}},"place":"Washington DC","original_article_url":"","_links":{"self":[{"href":"https:\/\/www.pressenza.com\/es\/wp-json\/wp\/v2\/posts\/110468","targetHints":{"allow":["GET"]}}],"collection":[{"href":"https:\/\/www.pressenza.com\/es\/wp-json\/wp\/v2\/posts"}],"about":[{"href":"https:\/\/www.pressenza.com\/es\/wp-json\/wp\/v2\/types\/post"}],"author":[{"embeddable":true,"href":"https:\/\/www.pressenza.com\/es\/wp-json\/wp\/v2\/users\/77"}],"replies":[{"embeddable":true,"href":"https:\/\/www.pressenza.com\/es\/wp-json\/wp\/v2\/comments?post=110468"}],"version-history":[{"count":0,"href":"https:\/\/www.pressenza.com\/es\/wp-json\/wp\/v2\/posts\/110468\/revisions"}],"wp:attachment":[{"href":"https:\/\/www.pressenza.com\/es\/wp-json\/wp\/v2\/media?parent=110468"}],"wp:term":[{"taxonomy":"category","embeddable":true,"href":"https:\/\/www.pressenza.com\/es\/wp-json\/wp\/v2\/categories?post=110468"},{"taxonomy":"post_tag","embeddable":true,"href":"https:\/\/www.pressenza.com\/es\/wp-json\/wp\/v2\/tags?post=110468"}],"curies":[{"name":"wp","href":"https:\/\/api.w.org\/{rel}","templated":true}]}}