{"id":1104502,"date":"2020-05-14T00:17:01","date_gmt":"2020-05-13T23:17:01","guid":{"rendered":"https:\/\/www.pressenza.com\/?p=1104502"},"modified":"2020-05-14T00:17:01","modified_gmt":"2020-05-13T23:17:01","slug":"ano-0-d-c-o-despues-del-covid-19-querido-mundo","status":"publish","type":"post","link":"https:\/\/www.pressenza.com\/es\/2020\/05\/ano-0-d-c-o-despues-del-covid-19-querido-mundo\/","title":{"rendered":"A\u00f1o 0 d.C. o despu\u00e9s del Covid-19. Querido mundo:"},"content":{"rendered":"<p><em>Por <strong>Ivette Garc\u00eda-Maya<\/strong><\/em>*<\/p>\n<p><strong><em>\u201cUstedes creen que un golpe en artes marciales se avanza simplemente. Y no es as\u00ed. Para avanzar en el golpe tengo que retroceder. De manera que no puede haber centro para mi si estoy en los bordes f\u00edsicos porque no puedo ni avanzar ni retroceder\u2026] [\u2026Si quiero avanzar tengo que retroceder\u2026\u201d<\/em><\/strong> (Silo, 1975)\u00b9<\/p>\n<p>En la antesala de toda esta pandemia covid-19, en esos a\u00f1os 2002 y sobre todo 2003, viv\u00eda en uno de los cuartos para estudiantes \u201cextranjeros\u201d en la universidad de Nan Kai, en Tian Jin, en el noreste de China; ser\u00eda mi segundo y tercer a\u00f1o en esa universidad.<\/p>\n<p>Los d\u00edas transcurr\u00edan sin novedad hasta aquella tarde en la que se mencion\u00f3 la palabra \u201cSARS\u201d y los profesores en clase nos indicaron, primero, que se suspend\u00edan las salidas por paseo y concluyeron diciendo que hab\u00eda una emergencia nacional y que todos se tendr\u00edan que quedar en la ciudad en donde estaban, esto es, desde ya ninguna persona china podr\u00eda moverse del lugar donde se encontraba, ni siquiera para regresar a casa\u2026 en el caso de los extranjeros ten\u00edamos unos d\u00edas si quer\u00edamos salir del pa\u00eds\u2026 si no, nos tendr\u00edamos que acoplar y cerrar filas con todos los dem\u00e1s\u2026<\/p>\n<p>R\u00e1pidamente el gobierno de Jap\u00f3n envi\u00f3 aviones especiales para recoger a todos sus estudiantes que se encontraban en el pa\u00eds, casi todos los compa\u00f1eros de Corea del sur, Estados Unidos y Europa compraron boletos de regreso a casa y\u2026 en uno o dos d\u00edas parec\u00eda que solo qued\u00e1bamos quienes ven\u00edamos de Latinoam\u00e9rica, \u00c1frica, Corea del norte y medio oriente\u2026 de una clase de 45 quedamos 5 estudiantes\u2026<\/p>\n<p>Los estudiantes chinos fueron recluidos en sus habitaciones y se les hac\u00eda llegar la comida a trav\u00e9s de los barrotes de las ventanas; todos est\u00e1bamos apanicados y no comprend\u00edamos a ciencia cierta por qu\u00e9 o qu\u00e9 era lo que ocurr\u00eda realmente, yo trataba de localizar a mis amigas chinas y no pod\u00eda ni acercarme a su edificio, aunque s\u00ed pod\u00eda salir de mi dormitorio y caminar por dentro de los jardines de la universidad. Eso, se volvi\u00f3 muy valioso.<\/p>\n<p>Al poco tiempo tanto a estudiantes, trabajadores y profesores se nos hizo llegar una serie de botellas con alg\u00fan liquido obscuro \u201cX\u201d, producto de la medicina tradicional china, con instrucciones para que fuese bebido a ciertos intervalos\u2026 \u00bfQu\u00e9 era? no lo s\u00e9, su sabor era amargo, pero era tomable y dec\u00edan que era para que no nos enferm\u00e1ramos as\u00ed que\u2026 me lo tom\u00e9 todo\u2026 y segu\u00ed las indicaciones al pie de la letra\u2026<\/p>\n<p>Al paso de unos d\u00edas una amistad de Jap\u00f3n, ya desde su casa, me hizo llegar una gran cantidad de mascarillas de la mejor calidad y me mandaban mensajes de esos donde depositas todos tus deseos de salud y bienestar\u2026<\/p>\n<p>Sorprendente del pueblo chino es su digamos \u201csolidaridad\u201d cuando se les pide trabajar en conjunto, por supuesto la contraparte es que al que no lo hace lo borran del mapa, todos se mueven al un\u00edsono sin preguntar porque, solo esperan la indicaci\u00f3n de que tanto o que tan alto\u2026 As\u00ed se sali\u00f3 del \u201cSARS\u201d en aquella ocasi\u00f3n\u2026<\/p>\n<p>En general los dem\u00e1s humanos en este planeta tierra casi pasaron inadvertidos del suceso o fue una simple noticia en la televisi\u00f3n, aquella situaci\u00f3n de riesgo que padeci\u00f3 China de una casi escalada nacional e\u2026 incluso tal vez mundial\u2026.<\/p>\n<p>Y as\u00ed nos llegaba como una peque\u00f1a queja del planeta y se nos llamaba la atenci\u00f3n frente a nuestros ponderantes\u2026 fue como una peque\u00f1a gripita que nos grit\u00f3 cambia de actitud, ponte un su\u00e9ter, come diferente\u2026 el planeta es tu casa\u2026ati\u00e9ndela\u2026<\/p>\n<p>Pero creo que necesitamos m\u00e1s que una gripita para poner ATENCI\u00d3N\u2026<\/p>\n<p>Las primeras semanas de este enero de 2020 recorr\u00ed buena parte de la regi\u00f3n de Europa mediterr\u00e1nea por primera vez, lo plane\u00e9 desde un a\u00f1o antes, ahorr\u00e9 desde un a\u00f1o antes y empec\u00e9 a pagar desde un a\u00f1o antes; mi experiencia fue como poner una celda solar en el desierto a plena luz del d\u00eda\u2026recargu\u00e9 pilas todo lo que pude. En todos los lugares experiment\u00e9 encantada ese momento de renacimiento, esa falta de aire y gran palpitar cuando vi\u00a0 por vez primera Venecia y camin\u00e9 por Florencia, me maravill\u00f3 tanto respeto, energ\u00eda y fuerza de los visitantes a As\u00eds, Padua y Zaragoza en Espa\u00f1a, disfrut\u00e9 como loca tocar la historia que se respira en cada bocanada de aire en Roma y estar en El Vaticano percibiendo lo que significa ese peque\u00f1o espacio para gran parte de los seres humanos y solo pude imaginar esa energ\u00eda sumada con la del muro de los lamentos y la Meca, eso me hizo estremecer; abrac\u00e9 la surrealidad en plena vigilia, toda esa magia que nos derrama a brazos abiertos Barcelona, Toledo, Lisboa y Sintra; todo el recorrido fue una gran confluencia multicultural y una gran lluvia de ideas que para m\u00ed representa un momento de mucha claridad\u2026<\/p>\n<p>El recorrido fue de constante y continua comuni\u00f3n con esa fuerza interna que los seres humanos llevamos dentro; ahora hoy d\u00eda consciente, s\u00ed, de que ya se gestaba este virus y de que China llevaba por lo menos un mes tratando de detener el contagio a nivel nacional\u2026Consciente de aquellos que murieron o fueron detenidos por tratar de levantar la voz y gritar que todo lo que le pase al ser humano le ata\u00f1e al ser humano.<\/p>\n<p>Si tuviera que escribirle una carta a esta peque\u00f1a gran roca azul que ha logrado permitirnos jugar y experimentar la psique humana, le dir\u00eda:<\/p>\n<p>Querido mundo, con esta cachetada de guante blanco que nos ofreces, recuerdo que mi realidad depende del est\u00edmulo que me ofreces, mundo y comprendo que la respuesta est\u00e1 dada por nuestra mano, por nuestra falta de respeto hacia todo tipo de vida y me pregunto \u00bfPor qu\u00e9 hay animales hacinados en min\u00fasculas jaulas sin aseo? \u00bfTal vez pensando que, al fin y al cabo, en unas horas, d\u00edas o semanas ser\u00e1n carne muerta? \u00bftal vez pensando en sacar el m\u00e1ximo beneficio monetario?<\/p>\n<p>Falta amor, de que otra forma permanecemos imp\u00e1vidos al contaminar los mares y los r\u00edos con petr\u00f3leo y provocar la muerte de mucha vida marina \u00bfPor qu\u00e9 permitir todo tipo de desperdicios qu\u00edmicos, aguas negras y basura? \u00bfPor qu\u00e9 negarnos a nosotros mismos? \u00bfC\u00f3mo resarcir tanto da\u00f1o? Tanto da\u00f1o generado hacia nosotros mismos&#8230;<\/p>\n<p>A veces siento que somos como una gran garrapata en tu superficie. A veces me siento como un coronavirus en tu organismo. Y ans\u00edo que logremos, en conjunto, transmutarnos y pasar de garrapata a un bello lunar.<\/p>\n<p>Mundo, nos mandaste un paso hacia atr\u00e1s y el v\u00e9rtigo nos despert\u00f3 del ensue\u00f1o con l\u00e1grimas \u00bfCu\u00e1l ser\u00e1 nuestra respuesta conjunta? \u00bfHacia d\u00f3nde se inclinar\u00e1 la balanza?<\/p>\n<p>Por lo pronto mi respuesta est\u00e1 en poner toda mi atenci\u00f3n, en no permitir que mi umbral de dolor se eleve y nuble mi mirada, preferible sentir a no sentir; mi respuesta est\u00e1 en no permitir que las cifras de infectados se queden en eso\u2026 n\u00fameros, en tener presente las palabras de Silo cuando lo cuestionaron sobre si \u201c\u2026todo lo hecho hab\u00eda valido la pena\u2026\u201d<\/p>\n<p>Tener presente esa respuesta\u2026<\/p>\n<p><em>\u201csi esto que estamos haciendo le ayuda, incluso\u2026 tan solo a una persona\u2026 entonces\u2026 entonces habr\u00e1 valido la pena\u2026\u201d que aumente el afecto y que baje el antagonismo social, que vayamos m\u00e1s al interior y que nos catapulte hacia la intersubjetividad.<\/em><\/p>\n<p>Y\u2026\u00a0 <strong><em>\u201caprendamos a ver procesos y a confiar, ellos son sabios\u2026\u201d<\/em><\/strong>\u00a0 (algunos comentarios de Mario en charla informal. Mendoza, 29 de abril de 1989).<\/p>\n<p><em>La revoluci\u00f3n se est\u00e1 dando entre las personas, en el trato directo\u201d<\/em> (Simon\u00e9 Casu)<\/p>\n<hr \/>\n<p>* Parques de Estudio y Reflexi\u00f3n Joquicingo. Centro de Estudios Humanistas Hipatia.<br \/>\n\u00b9 La modificaci\u00f3n de situaciones y relaciones oprimentes: Centro de gravedad. SILO, 1975; En el contexto de los principios de acci\u00f3n v\u00e1lida.<\/p>\n","protected":false},"excerpt":{"rendered":"<p>Por Ivette Garc\u00eda-Maya* \u201cUstedes creen que un golpe en artes marciales se avanza simplemente. Y no es as\u00ed. Para avanzar en el golpe tengo que retroceder. De manera que no puede haber centro para mi si estoy en los bordes&hellip;<\/p>\n","protected":false},"author":1300,"featured_media":1104504,"comment_status":"closed","ping_status":"closed","sticky":false,"template":"","format":"standard","meta":{"footnotes":""},"categories":[11389,1240,68,161,1239],"tags":[72471,866,72253,543,10127],"class_list":["post-1104502","post","type-post","status-publish","format-standard","has-post-thumbnail","hentry","category-contenido-original","category-humanismo-espiritualidad","category-norteamerica","category-opiniones","category-salud","tag-covid19-es","tag-humanismo","tag-pandemia-es","tag-silo-es","tag-solidaridad"],"yoast_head":"<!-- This site is optimized with the Yoast SEO plugin v27.1.1 - https:\/\/yoast.com\/product\/yoast-seo-wordpress\/ -->\n<title>A\u00f1o 0 d.C. o despu\u00e9s del Covid-19. Querido mundo:<\/title>\n<meta name=\"description\" content=\"Por Ivette Garc\u00eda-Maya* \u201cUstedes creen que un golpe en artes marciales se avanza simplemente. Y no es as\u00ed. Para avanzar en el golpe tengo que retroceder.\" \/>\n<meta name=\"robots\" content=\"index, follow, max-snippet:-1, max-image-preview:large, max-video-preview:-1\" \/>\n<link rel=\"canonical\" href=\"https:\/\/www.pressenza.com\/es\/2020\/05\/ano-0-d-c-o-despues-del-covid-19-querido-mundo\/\" \/>\n<meta property=\"og:locale\" content=\"es_ES\" \/>\n<meta property=\"og:type\" content=\"article\" \/>\n<meta property=\"og:title\" content=\"A\u00f1o 0 d.C. o despu\u00e9s del Covid-19. Querido mundo:\" \/>\n<meta property=\"og:description\" content=\"Por Ivette Garc\u00eda-Maya* \u201cUstedes creen que un golpe en artes marciales se avanza simplemente. Y no es as\u00ed. Para avanzar en el golpe tengo que retroceder.\" \/>\n<meta property=\"og:url\" content=\"https:\/\/www.pressenza.com\/es\/2020\/05\/ano-0-d-c-o-despues-del-covid-19-querido-mundo\/\" \/>\n<meta property=\"og:site_name\" content=\"Pressenza\" \/>\n<meta property=\"article:publisher\" content=\"https:\/\/www.facebook.com\/PressenzaItalia\" \/>\n<meta property=\"article:published_time\" content=\"2020-05-13T23:17:01+00:00\" \/>\n<meta property=\"og:image\" content=\"https:\/\/www.pressenza.com\/wp-content\/uploads\/2020\/05\/clement-falize-0lCdk-YagaY-unsplash.jpg\" \/>\n\t<meta property=\"og:image:width\" content=\"1024\" \/>\n\t<meta property=\"og:image:height\" content=\"518\" \/>\n\t<meta property=\"og:image:type\" content=\"image\/jpeg\" \/>\n<meta name=\"author\" content=\"Redacci\u00f3n M\u00e9xico\" \/>\n<meta name=\"twitter:card\" content=\"summary_large_image\" \/>\n<meta name=\"twitter:creator\" content=\"@PressenzaIPA\" \/>\n<meta name=\"twitter:site\" content=\"@PressenzaIPA\" \/>\n<meta name=\"twitter:label1\" content=\"Escrito por\" \/>\n\t<meta name=\"twitter:data1\" content=\"Redacci\u00f3n M\u00e9xico\" \/>\n\t<meta name=\"twitter:label2\" content=\"Tiempo de lectura\" \/>\n\t<meta name=\"twitter:data2\" content=\"7 minutos\" \/>\n<script type=\"application\/ld+json\" class=\"yoast-schema-graph\">{\"@context\":\"https:\/\/schema.org\",\"@graph\":[{\"@type\":\"Article\",\"@id\":\"https:\/\/www.pressenza.com\/es\/2020\/05\/ano-0-d-c-o-despues-del-covid-19-querido-mundo\/#article\",\"isPartOf\":{\"@id\":\"https:\/\/www.pressenza.com\/es\/2020\/05\/ano-0-d-c-o-despues-del-covid-19-querido-mundo\/\"},\"author\":{\"name\":\"Redacci\u00f3n M\u00e9xico\",\"@id\":\"https:\/\/www.pressenza.com\/es\/#\/schema\/person\/ea3a5d108f4abbf76bec1ad953cf74f4\"},\"headline\":\"A\u00f1o 0 d.C. o despu\u00e9s del Covid-19. Querido mundo:\",\"datePublished\":\"2020-05-13T23:17:01+00:00\",\"mainEntityOfPage\":{\"@id\":\"https:\/\/www.pressenza.com\/es\/2020\/05\/ano-0-d-c-o-despues-del-covid-19-querido-mundo\/\"},\"wordCount\":1394,\"publisher\":{\"@id\":\"https:\/\/www.pressenza.com\/es\/#organization\"},\"image\":{\"@id\":\"https:\/\/www.pressenza.com\/es\/2020\/05\/ano-0-d-c-o-despues-del-covid-19-querido-mundo\/#primaryimage\"},\"thumbnailUrl\":\"https:\/\/www.pressenza.com\/wp-content\/uploads\/2020\/05\/clement-falize-0lCdk-YagaY-unsplash.jpg\",\"keywords\":[\"COVID19\",\"Humanismo\",\"pandemia\",\"Silo\",\"Solidaridad\"],\"articleSection\":[\"Contenido Original\",\"Humanismo y Espiritualidad\",\"Norteam\u00e9rica\",\"Opiniones\",\"Salud\"],\"inLanguage\":\"es\"},{\"@type\":\"WebPage\",\"@id\":\"https:\/\/www.pressenza.com\/es\/2020\/05\/ano-0-d-c-o-despues-del-covid-19-querido-mundo\/\",\"url\":\"https:\/\/www.pressenza.com\/es\/2020\/05\/ano-0-d-c-o-despues-del-covid-19-querido-mundo\/\",\"name\":\"A\u00f1o 0 d.C. o despu\u00e9s del Covid-19. Querido mundo:\",\"isPartOf\":{\"@id\":\"https:\/\/www.pressenza.com\/es\/#website\"},\"primaryImageOfPage\":{\"@id\":\"https:\/\/www.pressenza.com\/es\/2020\/05\/ano-0-d-c-o-despues-del-covid-19-querido-mundo\/#primaryimage\"},\"image\":{\"@id\":\"https:\/\/www.pressenza.com\/es\/2020\/05\/ano-0-d-c-o-despues-del-covid-19-querido-mundo\/#primaryimage\"},\"thumbnailUrl\":\"https:\/\/www.pressenza.com\/wp-content\/uploads\/2020\/05\/clement-falize-0lCdk-YagaY-unsplash.jpg\",\"datePublished\":\"2020-05-13T23:17:01+00:00\",\"description\":\"Por Ivette Garc\u00eda-Maya* \u201cUstedes creen que un golpe en artes marciales se avanza simplemente. Y no es as\u00ed. Para avanzar en el golpe tengo que retroceder.\",\"breadcrumb\":{\"@id\":\"https:\/\/www.pressenza.com\/es\/2020\/05\/ano-0-d-c-o-despues-del-covid-19-querido-mundo\/#breadcrumb\"},\"inLanguage\":\"es\",\"potentialAction\":[{\"@type\":\"ReadAction\",\"target\":[\"https:\/\/www.pressenza.com\/es\/2020\/05\/ano-0-d-c-o-despues-del-covid-19-querido-mundo\/\"]}]},{\"@type\":\"ImageObject\",\"inLanguage\":\"es\",\"@id\":\"https:\/\/www.pressenza.com\/es\/2020\/05\/ano-0-d-c-o-despues-del-covid-19-querido-mundo\/#primaryimage\",\"url\":\"https:\/\/www.pressenza.com\/wp-content\/uploads\/2020\/05\/clement-falize-0lCdk-YagaY-unsplash.jpg\",\"contentUrl\":\"https:\/\/www.pressenza.com\/wp-content\/uploads\/2020\/05\/clement-falize-0lCdk-YagaY-unsplash.jpg\",\"width\":1024,\"height\":518},{\"@type\":\"BreadcrumbList\",\"@id\":\"https:\/\/www.pressenza.com\/es\/2020\/05\/ano-0-d-c-o-despues-del-covid-19-querido-mundo\/#breadcrumb\",\"itemListElement\":[{\"@type\":\"ListItem\",\"position\":1,\"name\":\"Accueil\",\"item\":\"https:\/\/www.pressenza.com\/es\/\"},{\"@type\":\"ListItem\",\"position\":2,\"name\":\"A\u00f1o 0 d.C. o despu\u00e9s del Covid-19. Querido mundo:\"}]},{\"@type\":\"WebSite\",\"@id\":\"https:\/\/www.pressenza.com\/es\/#website\",\"url\":\"https:\/\/www.pressenza.com\/es\/\",\"name\":\"Pressenza\",\"description\":\"International Press Agency\",\"publisher\":{\"@id\":\"https:\/\/www.pressenza.com\/es\/#organization\"},\"potentialAction\":[{\"@type\":\"SearchAction\",\"target\":{\"@type\":\"EntryPoint\",\"urlTemplate\":\"https:\/\/www.pressenza.com\/es\/?s={search_term_string}\"},\"query-input\":{\"@type\":\"PropertyValueSpecification\",\"valueRequired\":true,\"valueName\":\"search_term_string\"}}],\"inLanguage\":\"es\"},{\"@type\":\"Organization\",\"@id\":\"https:\/\/www.pressenza.com\/es\/#organization\",\"name\":\"Pressenza\",\"url\":\"https:\/\/www.pressenza.com\/es\/\",\"logo\":{\"@type\":\"ImageObject\",\"inLanguage\":\"es\",\"@id\":\"https:\/\/www.pressenza.com\/es\/#\/schema\/logo\/image\/\",\"url\":\"https:\/\/www.pressenza.com\/wp-content\/uploads\/2022\/10\/pressenza_logo_200x200.jpg\",\"contentUrl\":\"https:\/\/www.pressenza.com\/wp-content\/uploads\/2022\/10\/pressenza_logo_200x200.jpg\",\"width\":200,\"height\":200,\"caption\":\"Pressenza\"},\"image\":{\"@id\":\"https:\/\/www.pressenza.com\/es\/#\/schema\/logo\/image\/\"},\"sameAs\":[\"https:\/\/www.facebook.com\/PressenzaItalia\",\"https:\/\/x.com\/PressenzaIPA\"]},{\"@type\":\"Person\",\"@id\":\"https:\/\/www.pressenza.com\/es\/#\/schema\/person\/ea3a5d108f4abbf76bec1ad953cf74f4\",\"name\":\"Redacci\u00f3n M\u00e9xico\",\"description\":\"News published by the Pressenza Bureau in Mexico\",\"url\":\"https:\/\/www.pressenza.com\/es\/author\/redaccion-mexico\/\"}]}<\/script>\n<!-- \/ Yoast SEO plugin. -->","yoast_head_json":{"title":"A\u00f1o 0 d.C. o despu\u00e9s del Covid-19. Querido mundo:","description":"Por Ivette Garc\u00eda-Maya* \u201cUstedes creen que un golpe en artes marciales se avanza simplemente. Y no es as\u00ed. Para avanzar en el golpe tengo que retroceder.","robots":{"index":"index","follow":"follow","max-snippet":"max-snippet:-1","max-image-preview":"max-image-preview:large","max-video-preview":"max-video-preview:-1"},"canonical":"https:\/\/www.pressenza.com\/es\/2020\/05\/ano-0-d-c-o-despues-del-covid-19-querido-mundo\/","og_locale":"es_ES","og_type":"article","og_title":"A\u00f1o 0 d.C. o despu\u00e9s del Covid-19. Querido mundo:","og_description":"Por Ivette Garc\u00eda-Maya* \u201cUstedes creen que un golpe en artes marciales se avanza simplemente. Y no es as\u00ed. Para avanzar en el golpe tengo que retroceder.","og_url":"https:\/\/www.pressenza.com\/es\/2020\/05\/ano-0-d-c-o-despues-del-covid-19-querido-mundo\/","og_site_name":"Pressenza","article_publisher":"https:\/\/www.facebook.com\/PressenzaItalia","article_published_time":"2020-05-13T23:17:01+00:00","og_image":[{"width":1024,"height":518,"url":"https:\/\/www.pressenza.com\/wp-content\/uploads\/2020\/05\/clement-falize-0lCdk-YagaY-unsplash.jpg","type":"image\/jpeg"}],"author":"Redacci\u00f3n M\u00e9xico","twitter_card":"summary_large_image","twitter_creator":"@PressenzaIPA","twitter_site":"@PressenzaIPA","twitter_misc":{"Escrito por":"Redacci\u00f3n M\u00e9xico","Tiempo de lectura":"7 minutos"},"schema":{"@context":"https:\/\/schema.org","@graph":[{"@type":"Article","@id":"https:\/\/www.pressenza.com\/es\/2020\/05\/ano-0-d-c-o-despues-del-covid-19-querido-mundo\/#article","isPartOf":{"@id":"https:\/\/www.pressenza.com\/es\/2020\/05\/ano-0-d-c-o-despues-del-covid-19-querido-mundo\/"},"author":{"name":"Redacci\u00f3n M\u00e9xico","@id":"https:\/\/www.pressenza.com\/es\/#\/schema\/person\/ea3a5d108f4abbf76bec1ad953cf74f4"},"headline":"A\u00f1o 0 d.C. o despu\u00e9s del Covid-19. Querido mundo:","datePublished":"2020-05-13T23:17:01+00:00","mainEntityOfPage":{"@id":"https:\/\/www.pressenza.com\/es\/2020\/05\/ano-0-d-c-o-despues-del-covid-19-querido-mundo\/"},"wordCount":1394,"publisher":{"@id":"https:\/\/www.pressenza.com\/es\/#organization"},"image":{"@id":"https:\/\/www.pressenza.com\/es\/2020\/05\/ano-0-d-c-o-despues-del-covid-19-querido-mundo\/#primaryimage"},"thumbnailUrl":"https:\/\/www.pressenza.com\/wp-content\/uploads\/2020\/05\/clement-falize-0lCdk-YagaY-unsplash.jpg","keywords":["COVID19","Humanismo","pandemia","Silo","Solidaridad"],"articleSection":["Contenido Original","Humanismo y Espiritualidad","Norteam\u00e9rica","Opiniones","Salud"],"inLanguage":"es"},{"@type":"WebPage","@id":"https:\/\/www.pressenza.com\/es\/2020\/05\/ano-0-d-c-o-despues-del-covid-19-querido-mundo\/","url":"https:\/\/www.pressenza.com\/es\/2020\/05\/ano-0-d-c-o-despues-del-covid-19-querido-mundo\/","name":"A\u00f1o 0 d.C. o despu\u00e9s del Covid-19. Querido mundo:","isPartOf":{"@id":"https:\/\/www.pressenza.com\/es\/#website"},"primaryImageOfPage":{"@id":"https:\/\/www.pressenza.com\/es\/2020\/05\/ano-0-d-c-o-despues-del-covid-19-querido-mundo\/#primaryimage"},"image":{"@id":"https:\/\/www.pressenza.com\/es\/2020\/05\/ano-0-d-c-o-despues-del-covid-19-querido-mundo\/#primaryimage"},"thumbnailUrl":"https:\/\/www.pressenza.com\/wp-content\/uploads\/2020\/05\/clement-falize-0lCdk-YagaY-unsplash.jpg","datePublished":"2020-05-13T23:17:01+00:00","description":"Por Ivette Garc\u00eda-Maya* \u201cUstedes creen que un golpe en artes marciales se avanza simplemente. Y no es as\u00ed. Para avanzar en el golpe tengo que retroceder.","breadcrumb":{"@id":"https:\/\/www.pressenza.com\/es\/2020\/05\/ano-0-d-c-o-despues-del-covid-19-querido-mundo\/#breadcrumb"},"inLanguage":"es","potentialAction":[{"@type":"ReadAction","target":["https:\/\/www.pressenza.com\/es\/2020\/05\/ano-0-d-c-o-despues-del-covid-19-querido-mundo\/"]}]},{"@type":"ImageObject","inLanguage":"es","@id":"https:\/\/www.pressenza.com\/es\/2020\/05\/ano-0-d-c-o-despues-del-covid-19-querido-mundo\/#primaryimage","url":"https:\/\/www.pressenza.com\/wp-content\/uploads\/2020\/05\/clement-falize-0lCdk-YagaY-unsplash.jpg","contentUrl":"https:\/\/www.pressenza.com\/wp-content\/uploads\/2020\/05\/clement-falize-0lCdk-YagaY-unsplash.jpg","width":1024,"height":518},{"@type":"BreadcrumbList","@id":"https:\/\/www.pressenza.com\/es\/2020\/05\/ano-0-d-c-o-despues-del-covid-19-querido-mundo\/#breadcrumb","itemListElement":[{"@type":"ListItem","position":1,"name":"Accueil","item":"https:\/\/www.pressenza.com\/es\/"},{"@type":"ListItem","position":2,"name":"A\u00f1o 0 d.C. o despu\u00e9s del Covid-19. Querido mundo:"}]},{"@type":"WebSite","@id":"https:\/\/www.pressenza.com\/es\/#website","url":"https:\/\/www.pressenza.com\/es\/","name":"Pressenza","description":"International Press Agency","publisher":{"@id":"https:\/\/www.pressenza.com\/es\/#organization"},"potentialAction":[{"@type":"SearchAction","target":{"@type":"EntryPoint","urlTemplate":"https:\/\/www.pressenza.com\/es\/?s={search_term_string}"},"query-input":{"@type":"PropertyValueSpecification","valueRequired":true,"valueName":"search_term_string"}}],"inLanguage":"es"},{"@type":"Organization","@id":"https:\/\/www.pressenza.com\/es\/#organization","name":"Pressenza","url":"https:\/\/www.pressenza.com\/es\/","logo":{"@type":"ImageObject","inLanguage":"es","@id":"https:\/\/www.pressenza.com\/es\/#\/schema\/logo\/image\/","url":"https:\/\/www.pressenza.com\/wp-content\/uploads\/2022\/10\/pressenza_logo_200x200.jpg","contentUrl":"https:\/\/www.pressenza.com\/wp-content\/uploads\/2022\/10\/pressenza_logo_200x200.jpg","width":200,"height":200,"caption":"Pressenza"},"image":{"@id":"https:\/\/www.pressenza.com\/es\/#\/schema\/logo\/image\/"},"sameAs":["https:\/\/www.facebook.com\/PressenzaItalia","https:\/\/x.com\/PressenzaIPA"]},{"@type":"Person","@id":"https:\/\/www.pressenza.com\/es\/#\/schema\/person\/ea3a5d108f4abbf76bec1ad953cf74f4","name":"Redacci\u00f3n M\u00e9xico","description":"News published by the Pressenza Bureau in Mexico","url":"https:\/\/www.pressenza.com\/es\/author\/redaccion-mexico\/"}]}},"place":"D.F. M\u00e9xico","original_article_url":"","_links":{"self":[{"href":"https:\/\/www.pressenza.com\/es\/wp-json\/wp\/v2\/posts\/1104502","targetHints":{"allow":["GET"]}}],"collection":[{"href":"https:\/\/www.pressenza.com\/es\/wp-json\/wp\/v2\/posts"}],"about":[{"href":"https:\/\/www.pressenza.com\/es\/wp-json\/wp\/v2\/types\/post"}],"author":[{"embeddable":true,"href":"https:\/\/www.pressenza.com\/es\/wp-json\/wp\/v2\/users\/1300"}],"replies":[{"embeddable":true,"href":"https:\/\/www.pressenza.com\/es\/wp-json\/wp\/v2\/comments?post=1104502"}],"version-history":[{"count":0,"href":"https:\/\/www.pressenza.com\/es\/wp-json\/wp\/v2\/posts\/1104502\/revisions"}],"wp:featuredmedia":[{"embeddable":true,"href":"https:\/\/www.pressenza.com\/es\/wp-json\/wp\/v2\/media\/1104504"}],"wp:attachment":[{"href":"https:\/\/www.pressenza.com\/es\/wp-json\/wp\/v2\/media?parent=1104502"}],"wp:term":[{"taxonomy":"category","embeddable":true,"href":"https:\/\/www.pressenza.com\/es\/wp-json\/wp\/v2\/categories?post=1104502"},{"taxonomy":"post_tag","embeddable":true,"href":"https:\/\/www.pressenza.com\/es\/wp-json\/wp\/v2\/tags?post=1104502"}],"curies":[{"name":"wp","href":"https:\/\/api.w.org\/{rel}","templated":true}]}}