{"id":110379,"date":"2014-05-30T22:07:12","date_gmt":"2014-05-30T21:07:12","guid":{"rendered":"http:\/\/www.pressenza.com\/?p=110379"},"modified":"2014-05-30T22:07:12","modified_gmt":"2014-05-30T21:07:12","slug":"elecciones-europeas-subcomandante-marcos-y-brics-en-continentes-y-contenidos","status":"publish","type":"post","link":"https:\/\/www.pressenza.com\/es\/2014\/05\/elecciones-europeas-subcomandante-marcos-y-brics-en-continentes-y-contenidos\/","title":{"rendered":"Elecciones europeas, Subcomandante Marcos y BRICS en Continentes y contenidos"},"content":{"rendered":"<p>Una nueva emisi\u00f3n del programa de Pressenza, Continentes y contenidos, en Radio Hache. Un vibrante repaso de la actualidad internacional, mirando al mundo para ver la Argentina. Repasamo<span id=\"descripcion_audio\" style=\"display: inline;\">s las declaraciones del Subcomandante Marcos y su retiro de la vocer\u00eda del EZLN, recorrimos algunos detalles del viaje del Papa a Palestina e Israel, la invitaci\u00f3n a la Cumbre de los BRICS a Argentina, con Eduardo Febbro (corresponsal en Francia de P\u00e1gina 12) repasamos los resultados de las elecciones al Parlamento Europeo y tambi\u00e9n comentamos la fiesta en comemoraci\u00f3n del 204 aniversario de la revoluci\u00f3n del 25 de mayo en Argentina. <\/span><\/p>\n<p><span id=\"descripcion_audio\" style=\"display: inline;\">Un programa conducido por Mariano Quiroga y con la colaboraci\u00f3n de Tarek Hamdan, Iv\u00e1n Novotny y Roberto Rojas. <\/span><br \/>\n<iframe loading=\"lazy\" src=\"http:\/\/www.ivoox.com\/player_ek_3168210_2_1.html?data=lJajmpeVdI6ZmKiakpaJd6KplIqgo5mZcYarpJKfj4qbh46kjoqkpZKUcYarpJKw0dPYrc%2FZz9nS1ZDdb8Tjz9nS0M7Is9Sfk52SlKuUeYamp5edk5mPlNPjyNfOz8aPdZqhhpywj6jTstXdz8rb1srXb9qfpNTb1srSrcXj1JKSmaiReA%3D%3D&amp;\" height=\"48\" width=\"238\" allowfullscreen=\"\" frameborder=\"0\" scrolling=\"no\"><\/iframe><\/p>\n","protected":false},"excerpt":{"rendered":"<p>Una nueva emisi\u00f3n del programa de Pressenza, Continentes y contenidos, en Radio Hache. Un vibrante repaso de la actualidad internacional, mirando al mundo para ver la Argentina. Repasamos las declaraciones del Subcomandante Marcos y su retiro de la vocer\u00eda del&hellip;<\/p>\n","protected":false},"author":87,"featured_media":110380,"comment_status":"closed","ping_status":"open","sticky":false,"template":"","format":"standard","meta":{"footnotes":""},"categories":[76,75,79,81,1240,39,1243,74],"tags":[26,355,1146,696,10786,403,1398,8880,526,523,9084,512,631],"class_list":["post-110379","post","type-post","status-publish","format-standard","has-post-thumbnail","hentry","category-relaciones-exteriores","category-cultura-es","category-derechos-humanos","category-economia-es","category-humanismo-espiritualidad","category-internacional","category-paz-desarme","category-politica-es","tag-argentina","tag-crisis-es","tag-cristina-fernandez-de-kirchner","tag-democracia","tag-eduardo-febbro","tag-elecciones","tag-estado-espanol","tag-extrema-derecha","tag-manifestacion","tag-medios-de-comunicacion","tag-papa-francisco","tag-recortes","tag-violencia-economica"],"yoast_head":"<!-- This site is optimized with the Yoast SEO plugin v27.1.1 - https:\/\/yoast.com\/product\/yoast-seo-wordpress\/ -->\n<title>Elecciones europeas, Subcomandante Marcos y BRICS en Continentes y contenidos<\/title>\n<meta name=\"description\" content=\"Una nueva emisi\u00f3n del programa de Pressenza, Continentes y contenidos, en Radio Hache. Un vibrante repaso de la actualidad internacional, mirando al mundo\" \/>\n<meta name=\"robots\" content=\"index, follow, max-snippet:-1, max-image-preview:large, max-video-preview:-1\" \/>\n<link rel=\"canonical\" href=\"https:\/\/www.pressenza.com\/es\/2014\/05\/elecciones-europeas-subcomandante-marcos-y-brics-en-continentes-y-contenidos\/\" \/>\n<meta property=\"og:locale\" content=\"es_ES\" \/>\n<meta property=\"og:type\" content=\"article\" \/>\n<meta property=\"og:title\" content=\"Elecciones europeas, Subcomandante Marcos y BRICS en Continentes y contenidos\" \/>\n<meta property=\"og:description\" content=\"Una nueva emisi\u00f3n del programa de Pressenza, Continentes y contenidos, en Radio Hache. Un vibrante repaso de la actualidad internacional, mirando al mundo\" \/>\n<meta property=\"og:url\" content=\"https:\/\/www.pressenza.com\/es\/2014\/05\/elecciones-europeas-subcomandante-marcos-y-brics-en-continentes-y-contenidos\/\" \/>\n<meta property=\"og:site_name\" content=\"Pressenza\" \/>\n<meta property=\"article:publisher\" content=\"https:\/\/www.facebook.com\/PressenzaItalia\" \/>\n<meta property=\"article:published_time\" content=\"2014-05-30T21:07:12+00:00\" \/>\n<meta property=\"og:image\" content=\"https:\/\/www.pressenza.com\/wp-content\/uploads\/2014\/05\/continentes_by_loveitbieber-d3g1m5i.jpg\" \/>\n\t<meta property=\"og:image:width\" content=\"500\" \/>\n\t<meta property=\"og:image:height\" content=\"400\" \/>\n\t<meta property=\"og:image:type\" content=\"image\/jpeg\" \/>\n<meta name=\"author\" content=\"Redacci\u00f3n Argentina\" \/>\n<meta name=\"twitter:card\" content=\"summary_large_image\" \/>\n<meta name=\"twitter:creator\" content=\"@pressenza\" \/>\n<meta name=\"twitter:site\" content=\"@PressenzaIPA\" \/>\n<meta name=\"twitter:label1\" content=\"Escrito por\" \/>\n\t<meta name=\"twitter:data1\" content=\"Redacci\u00f3n Argentina\" \/>\n\t<meta name=\"twitter:label2\" content=\"Tiempo de lectura\" \/>\n\t<meta name=\"twitter:data2\" content=\"1 minuto\" \/>\n<script type=\"application\/ld+json\" class=\"yoast-schema-graph\">{\"@context\":\"https:\/\/schema.org\",\"@graph\":[{\"@type\":\"Article\",\"@id\":\"https:\/\/www.pressenza.com\/es\/2014\/05\/elecciones-europeas-subcomandante-marcos-y-brics-en-continentes-y-contenidos\/#article\",\"isPartOf\":{\"@id\":\"https:\/\/www.pressenza.com\/es\/2014\/05\/elecciones-europeas-subcomandante-marcos-y-brics-en-continentes-y-contenidos\/\"},\"author\":{\"name\":\"Redacci\u00f3n Argentina\",\"@id\":\"https:\/\/www.pressenza.com\/es\/#\/schema\/person\/0dda7d1b68267ad95b1e1d83abc98c89\"},\"headline\":\"Elecciones europeas, Subcomandante Marcos y BRICS en Continentes y contenidos\",\"datePublished\":\"2014-05-30T21:07:12+00:00\",\"mainEntityOfPage\":{\"@id\":\"https:\/\/www.pressenza.com\/es\/2014\/05\/elecciones-europeas-subcomandante-marcos-y-brics-en-continentes-y-contenidos\/\"},\"wordCount\":133,\"publisher\":{\"@id\":\"https:\/\/www.pressenza.com\/es\/#organization\"},\"image\":{\"@id\":\"https:\/\/www.pressenza.com\/es\/2014\/05\/elecciones-europeas-subcomandante-marcos-y-brics-en-continentes-y-contenidos\/#primaryimage\"},\"thumbnailUrl\":\"https:\/\/www.pressenza.com\/wp-content\/uploads\/2014\/05\/continentes_by_loveitbieber-d3g1m5i.jpg\",\"keywords\":[\"Argentina\",\"crisis\",\"Cristina Fernandez de Kirchner\",\"Democracia\",\"Eduardo Febbro\",\"elecciones\",\"Estado espa\u00f1ol\",\"extrema derecha\",\"manifestaci\u00f3n\",\"medios de comunicaci\u00f3n\",\"Papa Francisco\",\"recortes\",\"Violencia econ\u00f3mica\"],\"articleSection\":[\"Asuntos internacionales\",\"Cultura y Medios\",\"Derechos Humanos\",\"Econom\u00eda\",\"Humanismo y Espiritualidad\",\"Internacional\",\"Paz y Desarme\",\"Pol\u00edtica\"],\"inLanguage\":\"es\"},{\"@type\":\"WebPage\",\"@id\":\"https:\/\/www.pressenza.com\/es\/2014\/05\/elecciones-europeas-subcomandante-marcos-y-brics-en-continentes-y-contenidos\/\",\"url\":\"https:\/\/www.pressenza.com\/es\/2014\/05\/elecciones-europeas-subcomandante-marcos-y-brics-en-continentes-y-contenidos\/\",\"name\":\"Elecciones europeas, Subcomandante Marcos y BRICS en Continentes y contenidos\",\"isPartOf\":{\"@id\":\"https:\/\/www.pressenza.com\/es\/#website\"},\"primaryImageOfPage\":{\"@id\":\"https:\/\/www.pressenza.com\/es\/2014\/05\/elecciones-europeas-subcomandante-marcos-y-brics-en-continentes-y-contenidos\/#primaryimage\"},\"image\":{\"@id\":\"https:\/\/www.pressenza.com\/es\/2014\/05\/elecciones-europeas-subcomandante-marcos-y-brics-en-continentes-y-contenidos\/#primaryimage\"},\"thumbnailUrl\":\"https:\/\/www.pressenza.com\/wp-content\/uploads\/2014\/05\/continentes_by_loveitbieber-d3g1m5i.jpg\",\"datePublished\":\"2014-05-30T21:07:12+00:00\",\"description\":\"Una nueva emisi\u00f3n del programa de Pressenza, Continentes y contenidos, en Radio Hache. Un vibrante repaso de la actualidad internacional, mirando al mundo\",\"breadcrumb\":{\"@id\":\"https:\/\/www.pressenza.com\/es\/2014\/05\/elecciones-europeas-subcomandante-marcos-y-brics-en-continentes-y-contenidos\/#breadcrumb\"},\"inLanguage\":\"es\",\"potentialAction\":[{\"@type\":\"ReadAction\",\"target\":[\"https:\/\/www.pressenza.com\/es\/2014\/05\/elecciones-europeas-subcomandante-marcos-y-brics-en-continentes-y-contenidos\/\"]}]},{\"@type\":\"ImageObject\",\"inLanguage\":\"es\",\"@id\":\"https:\/\/www.pressenza.com\/es\/2014\/05\/elecciones-europeas-subcomandante-marcos-y-brics-en-continentes-y-contenidos\/#primaryimage\",\"url\":\"https:\/\/www.pressenza.com\/wp-content\/uploads\/2014\/05\/continentes_by_loveitbieber-d3g1m5i.jpg\",\"contentUrl\":\"https:\/\/www.pressenza.com\/wp-content\/uploads\/2014\/05\/continentes_by_loveitbieber-d3g1m5i.jpg\",\"width\":500,\"height\":400},{\"@type\":\"BreadcrumbList\",\"@id\":\"https:\/\/www.pressenza.com\/es\/2014\/05\/elecciones-europeas-subcomandante-marcos-y-brics-en-continentes-y-contenidos\/#breadcrumb\",\"itemListElement\":[{\"@type\":\"ListItem\",\"position\":1,\"name\":\"Accueil\",\"item\":\"https:\/\/www.pressenza.com\/es\/\"},{\"@type\":\"ListItem\",\"position\":2,\"name\":\"Elecciones europeas, Subcomandante Marcos y BRICS en Continentes y contenidos\"}]},{\"@type\":\"WebSite\",\"@id\":\"https:\/\/www.pressenza.com\/es\/#website\",\"url\":\"https:\/\/www.pressenza.com\/es\/\",\"name\":\"Pressenza\",\"description\":\"International Press Agency\",\"publisher\":{\"@id\":\"https:\/\/www.pressenza.com\/es\/#organization\"},\"potentialAction\":[{\"@type\":\"SearchAction\",\"target\":{\"@type\":\"EntryPoint\",\"urlTemplate\":\"https:\/\/www.pressenza.com\/es\/?s={search_term_string}\"},\"query-input\":{\"@type\":\"PropertyValueSpecification\",\"valueRequired\":true,\"valueName\":\"search_term_string\"}}],\"inLanguage\":\"es\"},{\"@type\":\"Organization\",\"@id\":\"https:\/\/www.pressenza.com\/es\/#organization\",\"name\":\"Pressenza\",\"url\":\"https:\/\/www.pressenza.com\/es\/\",\"logo\":{\"@type\":\"ImageObject\",\"inLanguage\":\"es\",\"@id\":\"https:\/\/www.pressenza.com\/es\/#\/schema\/logo\/image\/\",\"url\":\"https:\/\/www.pressenza.com\/wp-content\/uploads\/2022\/10\/pressenza_logo_200x200.jpg\",\"contentUrl\":\"https:\/\/www.pressenza.com\/wp-content\/uploads\/2022\/10\/pressenza_logo_200x200.jpg\",\"width\":200,\"height\":200,\"caption\":\"Pressenza\"},\"image\":{\"@id\":\"https:\/\/www.pressenza.com\/es\/#\/schema\/logo\/image\/\"},\"sameAs\":[\"https:\/\/www.facebook.com\/PressenzaItalia\",\"https:\/\/x.com\/PressenzaIPA\"]},{\"@type\":\"Person\",\"@id\":\"https:\/\/www.pressenza.com\/es\/#\/schema\/person\/0dda7d1b68267ad95b1e1d83abc98c89\",\"name\":\"Redacci\u00f3n Argentina\",\"description\":\"News from the Pressenza Bureau in Argentina.\",\"sameAs\":[\"https:\/\/x.com\/pressenza\"],\"url\":\"https:\/\/www.pressenza.com\/es\/author\/redaccion-argentina\/\"}]}<\/script>\n<!-- \/ Yoast SEO plugin. -->","yoast_head_json":{"title":"Elecciones europeas, Subcomandante Marcos y BRICS en Continentes y contenidos","description":"Una nueva emisi\u00f3n del programa de Pressenza, Continentes y contenidos, en Radio Hache. Un vibrante repaso de la actualidad internacional, mirando al mundo","robots":{"index":"index","follow":"follow","max-snippet":"max-snippet:-1","max-image-preview":"max-image-preview:large","max-video-preview":"max-video-preview:-1"},"canonical":"https:\/\/www.pressenza.com\/es\/2014\/05\/elecciones-europeas-subcomandante-marcos-y-brics-en-continentes-y-contenidos\/","og_locale":"es_ES","og_type":"article","og_title":"Elecciones europeas, Subcomandante Marcos y BRICS en Continentes y contenidos","og_description":"Una nueva emisi\u00f3n del programa de Pressenza, Continentes y contenidos, en Radio Hache. Un vibrante repaso de la actualidad internacional, mirando al mundo","og_url":"https:\/\/www.pressenza.com\/es\/2014\/05\/elecciones-europeas-subcomandante-marcos-y-brics-en-continentes-y-contenidos\/","og_site_name":"Pressenza","article_publisher":"https:\/\/www.facebook.com\/PressenzaItalia","article_published_time":"2014-05-30T21:07:12+00:00","og_image":[{"width":500,"height":400,"url":"https:\/\/www.pressenza.com\/wp-content\/uploads\/2014\/05\/continentes_by_loveitbieber-d3g1m5i.jpg","type":"image\/jpeg"}],"author":"Redacci\u00f3n Argentina","twitter_card":"summary_large_image","twitter_creator":"@pressenza","twitter_site":"@PressenzaIPA","twitter_misc":{"Escrito por":"Redacci\u00f3n Argentina","Tiempo de lectura":"1 minuto"},"schema":{"@context":"https:\/\/schema.org","@graph":[{"@type":"Article","@id":"https:\/\/www.pressenza.com\/es\/2014\/05\/elecciones-europeas-subcomandante-marcos-y-brics-en-continentes-y-contenidos\/#article","isPartOf":{"@id":"https:\/\/www.pressenza.com\/es\/2014\/05\/elecciones-europeas-subcomandante-marcos-y-brics-en-continentes-y-contenidos\/"},"author":{"name":"Redacci\u00f3n Argentina","@id":"https:\/\/www.pressenza.com\/es\/#\/schema\/person\/0dda7d1b68267ad95b1e1d83abc98c89"},"headline":"Elecciones europeas, Subcomandante Marcos y BRICS en Continentes y contenidos","datePublished":"2014-05-30T21:07:12+00:00","mainEntityOfPage":{"@id":"https:\/\/www.pressenza.com\/es\/2014\/05\/elecciones-europeas-subcomandante-marcos-y-brics-en-continentes-y-contenidos\/"},"wordCount":133,"publisher":{"@id":"https:\/\/www.pressenza.com\/es\/#organization"},"image":{"@id":"https:\/\/www.pressenza.com\/es\/2014\/05\/elecciones-europeas-subcomandante-marcos-y-brics-en-continentes-y-contenidos\/#primaryimage"},"thumbnailUrl":"https:\/\/www.pressenza.com\/wp-content\/uploads\/2014\/05\/continentes_by_loveitbieber-d3g1m5i.jpg","keywords":["Argentina","crisis","Cristina Fernandez de Kirchner","Democracia","Eduardo Febbro","elecciones","Estado espa\u00f1ol","extrema derecha","manifestaci\u00f3n","medios de comunicaci\u00f3n","Papa Francisco","recortes","Violencia econ\u00f3mica"],"articleSection":["Asuntos internacionales","Cultura y Medios","Derechos Humanos","Econom\u00eda","Humanismo y Espiritualidad","Internacional","Paz y Desarme","Pol\u00edtica"],"inLanguage":"es"},{"@type":"WebPage","@id":"https:\/\/www.pressenza.com\/es\/2014\/05\/elecciones-europeas-subcomandante-marcos-y-brics-en-continentes-y-contenidos\/","url":"https:\/\/www.pressenza.com\/es\/2014\/05\/elecciones-europeas-subcomandante-marcos-y-brics-en-continentes-y-contenidos\/","name":"Elecciones europeas, Subcomandante Marcos y BRICS en Continentes y contenidos","isPartOf":{"@id":"https:\/\/www.pressenza.com\/es\/#website"},"primaryImageOfPage":{"@id":"https:\/\/www.pressenza.com\/es\/2014\/05\/elecciones-europeas-subcomandante-marcos-y-brics-en-continentes-y-contenidos\/#primaryimage"},"image":{"@id":"https:\/\/www.pressenza.com\/es\/2014\/05\/elecciones-europeas-subcomandante-marcos-y-brics-en-continentes-y-contenidos\/#primaryimage"},"thumbnailUrl":"https:\/\/www.pressenza.com\/wp-content\/uploads\/2014\/05\/continentes_by_loveitbieber-d3g1m5i.jpg","datePublished":"2014-05-30T21:07:12+00:00","description":"Una nueva emisi\u00f3n del programa de Pressenza, Continentes y contenidos, en Radio Hache. Un vibrante repaso de la actualidad internacional, mirando al mundo","breadcrumb":{"@id":"https:\/\/www.pressenza.com\/es\/2014\/05\/elecciones-europeas-subcomandante-marcos-y-brics-en-continentes-y-contenidos\/#breadcrumb"},"inLanguage":"es","potentialAction":[{"@type":"ReadAction","target":["https:\/\/www.pressenza.com\/es\/2014\/05\/elecciones-europeas-subcomandante-marcos-y-brics-en-continentes-y-contenidos\/"]}]},{"@type":"ImageObject","inLanguage":"es","@id":"https:\/\/www.pressenza.com\/es\/2014\/05\/elecciones-europeas-subcomandante-marcos-y-brics-en-continentes-y-contenidos\/#primaryimage","url":"https:\/\/www.pressenza.com\/wp-content\/uploads\/2014\/05\/continentes_by_loveitbieber-d3g1m5i.jpg","contentUrl":"https:\/\/www.pressenza.com\/wp-content\/uploads\/2014\/05\/continentes_by_loveitbieber-d3g1m5i.jpg","width":500,"height":400},{"@type":"BreadcrumbList","@id":"https:\/\/www.pressenza.com\/es\/2014\/05\/elecciones-europeas-subcomandante-marcos-y-brics-en-continentes-y-contenidos\/#breadcrumb","itemListElement":[{"@type":"ListItem","position":1,"name":"Accueil","item":"https:\/\/www.pressenza.com\/es\/"},{"@type":"ListItem","position":2,"name":"Elecciones europeas, Subcomandante Marcos y BRICS en Continentes y contenidos"}]},{"@type":"WebSite","@id":"https:\/\/www.pressenza.com\/es\/#website","url":"https:\/\/www.pressenza.com\/es\/","name":"Pressenza","description":"International Press Agency","publisher":{"@id":"https:\/\/www.pressenza.com\/es\/#organization"},"potentialAction":[{"@type":"SearchAction","target":{"@type":"EntryPoint","urlTemplate":"https:\/\/www.pressenza.com\/es\/?s={search_term_string}"},"query-input":{"@type":"PropertyValueSpecification","valueRequired":true,"valueName":"search_term_string"}}],"inLanguage":"es"},{"@type":"Organization","@id":"https:\/\/www.pressenza.com\/es\/#organization","name":"Pressenza","url":"https:\/\/www.pressenza.com\/es\/","logo":{"@type":"ImageObject","inLanguage":"es","@id":"https:\/\/www.pressenza.com\/es\/#\/schema\/logo\/image\/","url":"https:\/\/www.pressenza.com\/wp-content\/uploads\/2022\/10\/pressenza_logo_200x200.jpg","contentUrl":"https:\/\/www.pressenza.com\/wp-content\/uploads\/2022\/10\/pressenza_logo_200x200.jpg","width":200,"height":200,"caption":"Pressenza"},"image":{"@id":"https:\/\/www.pressenza.com\/es\/#\/schema\/logo\/image\/"},"sameAs":["https:\/\/www.facebook.com\/PressenzaItalia","https:\/\/x.com\/PressenzaIPA"]},{"@type":"Person","@id":"https:\/\/www.pressenza.com\/es\/#\/schema\/person\/0dda7d1b68267ad95b1e1d83abc98c89","name":"Redacci\u00f3n Argentina","description":"News from the Pressenza Bureau in Argentina.","sameAs":["https:\/\/x.com\/pressenza"],"url":"https:\/\/www.pressenza.com\/es\/author\/redaccion-argentina\/"}]}},"place":"Buenos Aires","original_article_url":"","_links":{"self":[{"href":"https:\/\/www.pressenza.com\/es\/wp-json\/wp\/v2\/posts\/110379","targetHints":{"allow":["GET"]}}],"collection":[{"href":"https:\/\/www.pressenza.com\/es\/wp-json\/wp\/v2\/posts"}],"about":[{"href":"https:\/\/www.pressenza.com\/es\/wp-json\/wp\/v2\/types\/post"}],"author":[{"embeddable":true,"href":"https:\/\/www.pressenza.com\/es\/wp-json\/wp\/v2\/users\/87"}],"replies":[{"embeddable":true,"href":"https:\/\/www.pressenza.com\/es\/wp-json\/wp\/v2\/comments?post=110379"}],"version-history":[{"count":0,"href":"https:\/\/www.pressenza.com\/es\/wp-json\/wp\/v2\/posts\/110379\/revisions"}],"wp:featuredmedia":[{"embeddable":true,"href":"https:\/\/www.pressenza.com\/es\/wp-json\/wp\/v2\/media\/110380"}],"wp:attachment":[{"href":"https:\/\/www.pressenza.com\/es\/wp-json\/wp\/v2\/media?parent=110379"}],"wp:term":[{"taxonomy":"category","embeddable":true,"href":"https:\/\/www.pressenza.com\/es\/wp-json\/wp\/v2\/categories?post=110379"},{"taxonomy":"post_tag","embeddable":true,"href":"https:\/\/www.pressenza.com\/es\/wp-json\/wp\/v2\/tags?post=110379"}],"curies":[{"name":"wp","href":"https:\/\/api.w.org\/{rel}","templated":true}]}}