{"id":1103,"date":"2009-08-27T00:00:00","date_gmt":"2009-08-27T00:00:00","guid":{"rendered":""},"modified":"2009-09-28T05:01:04","modified_gmt":"2009-09-28T05:01:04","slug":"ministro-de-educacixn-de-costa-rica-adhiere-a-la-marcha-mundial","status":"publish","type":"post","link":"https:\/\/www.pressenza.com\/es\/2009\/08\/ministro-de-educacixn-de-costa-rica-adhiere-a-la-marcha-mundial\/","title":{"rendered":"Ministro de Educaci\u00f3n de Costa Rica adhiere a la Marcha Mundial"},"content":{"rendered":"<p>El ministro de Educaci\u00f3n, Dr. Leonardo Garnier R\u00edmolo, manifest\u00f3 su adhesi\u00f3n a la Marcha y de realizar actividades de apoyo y a la organizaci\u00f3n de la Marcha Mundial desde de su cartera, por considerarla de gran inter\u00e9s para el \u00e1mbito educativo.<\/p>\n<p>Los promotores la Marcha Mundial en Costa Rica fueron recibidos en el despacho del ministro de Educaci\u00f3n P\u00fablica donde se trat\u00f3 un conjunto de temas relacionados con la participaci\u00f3n de las diversas autoridades y funcionarios del Ministerio, as\u00ed como del papel que jugar\u00edan las diversas instancias del Ministerio en el desarrollo de la Marcha en el pa\u00eds.<\/p>\n<p>El equipo organizador de la MM en Costa Rica, le explic\u00f3 sobre las encuentros, marchas y conciertos ya organizados en algunos circuitos y en las regiones educativas, para celebrar el inicio de la Marcha el pr\u00f3ximo 2 de octubre en la capital San Jos\u00e9. Explicaron tambi\u00e9n la metodolog\u00eda y pedagog\u00eda de la no violencia activa a insertarse en la curricula de la educaci\u00f3n costarricense. Se acord\u00f3 aportarla al se\u00f1or Ministro en el corto plazo y as\u00ed iniciar un proceso de intercambio de experiencia y conocimiento sobre la no violencia en nuestro pa\u00eds.<\/p>\n<p>En la reuni\u00f3n de adhesi\u00f3n adem\u00e1s del Ministro de Ecuaci\u00f3n Dr. Garnier, estaban presentes Rosa Mu\u00f1oz de la Red de Educadores Humanistas, Jos\u00e9 Rafael Quesada vocero del humanismo en Costa Rica y la periodista Ana Cecilia Cruz, asesora del diputado Alexander Mora, quien participar\u00e1 como marchante, el total del trayecto de la Marcha Mundial.<\/p>\n","protected":false},"excerpt":{"rendered":"<p>El ministro de Educaci\u00f3n, Dr. Leonardo Garnier R\u00edmolo, manifest\u00f3 su apoyo a la marcha por considerarla de gran inter\u00e9s para el \u00e1mbito educativo de Costa Rica. Se coment\u00f3 sobre el curso de \u201cEducaci\u00f3n para la No-violencia\u201d cuyos elementos pueden incorporarse a la  curr\u00edcula de la educaci\u00f3n costarricense ya que son muy \u00fatiles para el momento actual.<\/p>\n","protected":false},"author":19,"featured_media":0,"comment_status":"closed","ping_status":"open","sticky":false,"template":"","format":"standard","meta":{"footnotes":""},"categories":[69,75],"tags":[],"class_list":["post-1103","post","type-post","status-publish","format-standard","hentry","category-america-central","category-cultura-es"],"yoast_head":"<!-- This site is optimized with the Yoast SEO plugin v27.1.1 - https:\/\/yoast.com\/product\/yoast-seo-wordpress\/ -->\n<title>Ministro de Educaci\u00f3n de Costa Rica adhiere a la Marcha Mundial<\/title>\n<meta name=\"description\" content=\"El ministro de Educaci\u00f3n, Dr. Leonardo Garnier R\u00edmolo, manifest\u00f3 su apoyo a la marcha por considerarla de gran inter\u00e9s para el \u00e1mbito educativo de Costa Rica. Se coment\u00f3 sobre el curso de \u201cEducaci\u00f3n para la No-violencia\u201d cuyos elementos pueden incorporarse a la curr\u00edcula de la educaci\u00f3n costarricense ya que son muy \u00fatiles para el momento actual.\" \/>\n<meta name=\"robots\" content=\"index, follow, max-snippet:-1, max-image-preview:large, max-video-preview:-1\" \/>\n<link rel=\"canonical\" href=\"https:\/\/www.pressenza.com\/es\/2009\/08\/ministro-de-educacixn-de-costa-rica-adhiere-a-la-marcha-mundial\/\" \/>\n<meta property=\"og:locale\" content=\"es_ES\" \/>\n<meta property=\"og:type\" content=\"article\" \/>\n<meta property=\"og:title\" content=\"Ministro de Educaci\u00f3n de Costa Rica adhiere a la Marcha Mundial\" \/>\n<meta property=\"og:description\" content=\"El ministro de Educaci\u00f3n, Dr. Leonardo Garnier R\u00edmolo, manifest\u00f3 su apoyo a la marcha por considerarla de gran inter\u00e9s para el \u00e1mbito educativo de Costa Rica. Se coment\u00f3 sobre el curso de \u201cEducaci\u00f3n para la No-violencia\u201d cuyos elementos pueden incorporarse a la curr\u00edcula de la educaci\u00f3n costarricense ya que son muy \u00fatiles para el momento actual.\" \/>\n<meta property=\"og:url\" content=\"https:\/\/www.pressenza.com\/es\/2009\/08\/ministro-de-educacixn-de-costa-rica-adhiere-a-la-marcha-mundial\/\" \/>\n<meta property=\"og:site_name\" content=\"Pressenza\" \/>\n<meta property=\"article:publisher\" content=\"https:\/\/www.facebook.com\/PressenzaItalia\" \/>\n<meta property=\"article:author\" content=\"https:\/\/www.facebook.com\/pressenza\" \/>\n<meta property=\"article:published_time\" content=\"2009-08-27T00:00:00+00:00\" \/>\n<meta property=\"article:modified_time\" content=\"2009-09-28T05:01:04+00:00\" \/>\n<meta name=\"author\" content=\"Pressenza IPA\" \/>\n<meta name=\"twitter:card\" content=\"summary_large_image\" \/>\n<meta name=\"twitter:creator\" content=\"@PressenzaIPA\" \/>\n<meta name=\"twitter:site\" content=\"@PressenzaIPA\" \/>\n<meta name=\"twitter:label1\" content=\"Escrito por\" \/>\n\t<meta name=\"twitter:data1\" content=\"Pressenza IPA\" \/>\n\t<meta name=\"twitter:label2\" content=\"Tiempo de lectura\" \/>\n\t<meta name=\"twitter:data2\" content=\"1 minuto\" \/>\n<script type=\"application\/ld+json\" class=\"yoast-schema-graph\">{\"@context\":\"https:\/\/schema.org\",\"@graph\":[{\"@type\":\"Article\",\"@id\":\"https:\/\/www.pressenza.com\/es\/2009\/08\/ministro-de-educacixn-de-costa-rica-adhiere-a-la-marcha-mundial\/#article\",\"isPartOf\":{\"@id\":\"https:\/\/www.pressenza.com\/es\/2009\/08\/ministro-de-educacixn-de-costa-rica-adhiere-a-la-marcha-mundial\/\"},\"author\":{\"name\":\"Pressenza IPA\",\"@id\":\"https:\/\/www.pressenza.com\/es\/#\/schema\/person\/010e5d02bcf40965427a1289a4cc8d75\"},\"headline\":\"Ministro de Educaci\u00f3n de Costa Rica adhiere a la Marcha Mundial\",\"datePublished\":\"2009-08-27T00:00:00+00:00\",\"dateModified\":\"2009-09-28T05:01:04+00:00\",\"mainEntityOfPage\":{\"@id\":\"https:\/\/www.pressenza.com\/es\/2009\/08\/ministro-de-educacixn-de-costa-rica-adhiere-a-la-marcha-mundial\/\"},\"wordCount\":277,\"publisher\":{\"@id\":\"https:\/\/www.pressenza.com\/es\/#organization\"},\"articleSection\":[\"Am\u00e9rica Central\",\"Cultura y Medios\"],\"inLanguage\":\"es\"},{\"@type\":\"WebPage\",\"@id\":\"https:\/\/www.pressenza.com\/es\/2009\/08\/ministro-de-educacixn-de-costa-rica-adhiere-a-la-marcha-mundial\/\",\"url\":\"https:\/\/www.pressenza.com\/es\/2009\/08\/ministro-de-educacixn-de-costa-rica-adhiere-a-la-marcha-mundial\/\",\"name\":\"Ministro de Educaci\u00f3n de Costa Rica adhiere a la Marcha Mundial\",\"isPartOf\":{\"@id\":\"https:\/\/www.pressenza.com\/es\/#website\"},\"datePublished\":\"2009-08-27T00:00:00+00:00\",\"dateModified\":\"2009-09-28T05:01:04+00:00\",\"description\":\"El ministro de Educaci\u00f3n, Dr. Leonardo Garnier R\u00edmolo, manifest\u00f3 su apoyo a la marcha por considerarla de gran inter\u00e9s para el \u00e1mbito educativo de Costa Rica. Se coment\u00f3 sobre el curso de \u201cEducaci\u00f3n para la No-violencia\u201d cuyos elementos pueden incorporarse a la curr\u00edcula de la educaci\u00f3n costarricense ya que son muy \u00fatiles para el momento actual.\",\"breadcrumb\":{\"@id\":\"https:\/\/www.pressenza.com\/es\/2009\/08\/ministro-de-educacixn-de-costa-rica-adhiere-a-la-marcha-mundial\/#breadcrumb\"},\"inLanguage\":\"es\",\"potentialAction\":[{\"@type\":\"ReadAction\",\"target\":[\"https:\/\/www.pressenza.com\/es\/2009\/08\/ministro-de-educacixn-de-costa-rica-adhiere-a-la-marcha-mundial\/\"]}]},{\"@type\":\"BreadcrumbList\",\"@id\":\"https:\/\/www.pressenza.com\/es\/2009\/08\/ministro-de-educacixn-de-costa-rica-adhiere-a-la-marcha-mundial\/#breadcrumb\",\"itemListElement\":[{\"@type\":\"ListItem\",\"position\":1,\"name\":\"Accueil\",\"item\":\"https:\/\/www.pressenza.com\/es\/\"},{\"@type\":\"ListItem\",\"position\":2,\"name\":\"Ministro de Educaci\u00f3n de Costa Rica adhiere a la Marcha Mundial\"}]},{\"@type\":\"WebSite\",\"@id\":\"https:\/\/www.pressenza.com\/es\/#website\",\"url\":\"https:\/\/www.pressenza.com\/es\/\",\"name\":\"Pressenza\",\"description\":\"International Press Agency\",\"publisher\":{\"@id\":\"https:\/\/www.pressenza.com\/es\/#organization\"},\"potentialAction\":[{\"@type\":\"SearchAction\",\"target\":{\"@type\":\"EntryPoint\",\"urlTemplate\":\"https:\/\/www.pressenza.com\/es\/?s={search_term_string}\"},\"query-input\":{\"@type\":\"PropertyValueSpecification\",\"valueRequired\":true,\"valueName\":\"search_term_string\"}}],\"inLanguage\":\"es\"},{\"@type\":\"Organization\",\"@id\":\"https:\/\/www.pressenza.com\/es\/#organization\",\"name\":\"Pressenza\",\"url\":\"https:\/\/www.pressenza.com\/es\/\",\"logo\":{\"@type\":\"ImageObject\",\"inLanguage\":\"es\",\"@id\":\"https:\/\/www.pressenza.com\/es\/#\/schema\/logo\/image\/\",\"url\":\"https:\/\/www.pressenza.com\/wp-content\/uploads\/2022\/10\/pressenza_logo_200x200.jpg\",\"contentUrl\":\"https:\/\/www.pressenza.com\/wp-content\/uploads\/2022\/10\/pressenza_logo_200x200.jpg\",\"width\":200,\"height\":200,\"caption\":\"Pressenza\"},\"image\":{\"@id\":\"https:\/\/www.pressenza.com\/es\/#\/schema\/logo\/image\/\"},\"sameAs\":[\"https:\/\/www.facebook.com\/PressenzaItalia\",\"https:\/\/x.com\/PressenzaIPA\"]},{\"@type\":\"Person\",\"@id\":\"https:\/\/www.pressenza.com\/es\/#\/schema\/person\/010e5d02bcf40965427a1289a4cc8d75\",\"name\":\"Pressenza IPA\",\"description\":\"News from Pressenza IPA correspondents\",\"sameAs\":[\"https:\/\/www.facebook.com\/pressenza\",\"https:\/\/x.com\/PressenzaIPA\"],\"url\":\"https:\/\/www.pressenza.com\/es\/author\/pressenza-ipa\/\"}]}<\/script>\n<!-- \/ Yoast SEO plugin. -->","yoast_head_json":{"title":"Ministro de Educaci\u00f3n de Costa Rica adhiere a la Marcha Mundial","description":"El ministro de Educaci\u00f3n, Dr. Leonardo Garnier R\u00edmolo, manifest\u00f3 su apoyo a la marcha por considerarla de gran inter\u00e9s para el \u00e1mbito educativo de Costa Rica. Se coment\u00f3 sobre el curso de \u201cEducaci\u00f3n para la No-violencia\u201d cuyos elementos pueden incorporarse a la curr\u00edcula de la educaci\u00f3n costarricense ya que son muy \u00fatiles para el momento actual.","robots":{"index":"index","follow":"follow","max-snippet":"max-snippet:-1","max-image-preview":"max-image-preview:large","max-video-preview":"max-video-preview:-1"},"canonical":"https:\/\/www.pressenza.com\/es\/2009\/08\/ministro-de-educacixn-de-costa-rica-adhiere-a-la-marcha-mundial\/","og_locale":"es_ES","og_type":"article","og_title":"Ministro de Educaci\u00f3n de Costa Rica adhiere a la Marcha Mundial","og_description":"El ministro de Educaci\u00f3n, Dr. Leonardo Garnier R\u00edmolo, manifest\u00f3 su apoyo a la marcha por considerarla de gran inter\u00e9s para el \u00e1mbito educativo de Costa Rica. Se coment\u00f3 sobre el curso de \u201cEducaci\u00f3n para la No-violencia\u201d cuyos elementos pueden incorporarse a la curr\u00edcula de la educaci\u00f3n costarricense ya que son muy \u00fatiles para el momento actual.","og_url":"https:\/\/www.pressenza.com\/es\/2009\/08\/ministro-de-educacixn-de-costa-rica-adhiere-a-la-marcha-mundial\/","og_site_name":"Pressenza","article_publisher":"https:\/\/www.facebook.com\/PressenzaItalia","article_author":"https:\/\/www.facebook.com\/pressenza","article_published_time":"2009-08-27T00:00:00+00:00","article_modified_time":"2009-09-28T05:01:04+00:00","author":"Pressenza IPA","twitter_card":"summary_large_image","twitter_creator":"@PressenzaIPA","twitter_site":"@PressenzaIPA","twitter_misc":{"Escrito por":"Pressenza IPA","Tiempo de lectura":"1 minuto"},"schema":{"@context":"https:\/\/schema.org","@graph":[{"@type":"Article","@id":"https:\/\/www.pressenza.com\/es\/2009\/08\/ministro-de-educacixn-de-costa-rica-adhiere-a-la-marcha-mundial\/#article","isPartOf":{"@id":"https:\/\/www.pressenza.com\/es\/2009\/08\/ministro-de-educacixn-de-costa-rica-adhiere-a-la-marcha-mundial\/"},"author":{"name":"Pressenza IPA","@id":"https:\/\/www.pressenza.com\/es\/#\/schema\/person\/010e5d02bcf40965427a1289a4cc8d75"},"headline":"Ministro de Educaci\u00f3n de Costa Rica adhiere a la Marcha Mundial","datePublished":"2009-08-27T00:00:00+00:00","dateModified":"2009-09-28T05:01:04+00:00","mainEntityOfPage":{"@id":"https:\/\/www.pressenza.com\/es\/2009\/08\/ministro-de-educacixn-de-costa-rica-adhiere-a-la-marcha-mundial\/"},"wordCount":277,"publisher":{"@id":"https:\/\/www.pressenza.com\/es\/#organization"},"articleSection":["Am\u00e9rica Central","Cultura y Medios"],"inLanguage":"es"},{"@type":"WebPage","@id":"https:\/\/www.pressenza.com\/es\/2009\/08\/ministro-de-educacixn-de-costa-rica-adhiere-a-la-marcha-mundial\/","url":"https:\/\/www.pressenza.com\/es\/2009\/08\/ministro-de-educacixn-de-costa-rica-adhiere-a-la-marcha-mundial\/","name":"Ministro de Educaci\u00f3n de Costa Rica adhiere a la Marcha Mundial","isPartOf":{"@id":"https:\/\/www.pressenza.com\/es\/#website"},"datePublished":"2009-08-27T00:00:00+00:00","dateModified":"2009-09-28T05:01:04+00:00","description":"El ministro de Educaci\u00f3n, Dr. Leonardo Garnier R\u00edmolo, manifest\u00f3 su apoyo a la marcha por considerarla de gran inter\u00e9s para el \u00e1mbito educativo de Costa Rica. Se coment\u00f3 sobre el curso de \u201cEducaci\u00f3n para la No-violencia\u201d cuyos elementos pueden incorporarse a la curr\u00edcula de la educaci\u00f3n costarricense ya que son muy \u00fatiles para el momento actual.","breadcrumb":{"@id":"https:\/\/www.pressenza.com\/es\/2009\/08\/ministro-de-educacixn-de-costa-rica-adhiere-a-la-marcha-mundial\/#breadcrumb"},"inLanguage":"es","potentialAction":[{"@type":"ReadAction","target":["https:\/\/www.pressenza.com\/es\/2009\/08\/ministro-de-educacixn-de-costa-rica-adhiere-a-la-marcha-mundial\/"]}]},{"@type":"BreadcrumbList","@id":"https:\/\/www.pressenza.com\/es\/2009\/08\/ministro-de-educacixn-de-costa-rica-adhiere-a-la-marcha-mundial\/#breadcrumb","itemListElement":[{"@type":"ListItem","position":1,"name":"Accueil","item":"https:\/\/www.pressenza.com\/es\/"},{"@type":"ListItem","position":2,"name":"Ministro de Educaci\u00f3n de Costa Rica adhiere a la Marcha Mundial"}]},{"@type":"WebSite","@id":"https:\/\/www.pressenza.com\/es\/#website","url":"https:\/\/www.pressenza.com\/es\/","name":"Pressenza","description":"International Press Agency","publisher":{"@id":"https:\/\/www.pressenza.com\/es\/#organization"},"potentialAction":[{"@type":"SearchAction","target":{"@type":"EntryPoint","urlTemplate":"https:\/\/www.pressenza.com\/es\/?s={search_term_string}"},"query-input":{"@type":"PropertyValueSpecification","valueRequired":true,"valueName":"search_term_string"}}],"inLanguage":"es"},{"@type":"Organization","@id":"https:\/\/www.pressenza.com\/es\/#organization","name":"Pressenza","url":"https:\/\/www.pressenza.com\/es\/","logo":{"@type":"ImageObject","inLanguage":"es","@id":"https:\/\/www.pressenza.com\/es\/#\/schema\/logo\/image\/","url":"https:\/\/www.pressenza.com\/wp-content\/uploads\/2022\/10\/pressenza_logo_200x200.jpg","contentUrl":"https:\/\/www.pressenza.com\/wp-content\/uploads\/2022\/10\/pressenza_logo_200x200.jpg","width":200,"height":200,"caption":"Pressenza"},"image":{"@id":"https:\/\/www.pressenza.com\/es\/#\/schema\/logo\/image\/"},"sameAs":["https:\/\/www.facebook.com\/PressenzaItalia","https:\/\/x.com\/PressenzaIPA"]},{"@type":"Person","@id":"https:\/\/www.pressenza.com\/es\/#\/schema\/person\/010e5d02bcf40965427a1289a4cc8d75","name":"Pressenza IPA","description":"News from Pressenza IPA correspondents","sameAs":["https:\/\/www.facebook.com\/pressenza","https:\/\/x.com\/PressenzaIPA"],"url":"https:\/\/www.pressenza.com\/es\/author\/pressenza-ipa\/"}]}},"place":"San Jos\u00e9","original_article_url":"","_links":{"self":[{"href":"https:\/\/www.pressenza.com\/es\/wp-json\/wp\/v2\/posts\/1103","targetHints":{"allow":["GET"]}}],"collection":[{"href":"https:\/\/www.pressenza.com\/es\/wp-json\/wp\/v2\/posts"}],"about":[{"href":"https:\/\/www.pressenza.com\/es\/wp-json\/wp\/v2\/types\/post"}],"author":[{"embeddable":true,"href":"https:\/\/www.pressenza.com\/es\/wp-json\/wp\/v2\/users\/19"}],"replies":[{"embeddable":true,"href":"https:\/\/www.pressenza.com\/es\/wp-json\/wp\/v2\/comments?post=1103"}],"version-history":[{"count":0,"href":"https:\/\/www.pressenza.com\/es\/wp-json\/wp\/v2\/posts\/1103\/revisions"}],"wp:attachment":[{"href":"https:\/\/www.pressenza.com\/es\/wp-json\/wp\/v2\/media?parent=1103"}],"wp:term":[{"taxonomy":"category","embeddable":true,"href":"https:\/\/www.pressenza.com\/es\/wp-json\/wp\/v2\/categories?post=1103"},{"taxonomy":"post_tag","embeddable":true,"href":"https:\/\/www.pressenza.com\/es\/wp-json\/wp\/v2\/tags?post=1103"}],"curies":[{"name":"wp","href":"https:\/\/api.w.org\/{rel}","templated":true}]}}