{"id":1100985,"date":"2020-05-07T15:49:48","date_gmt":"2020-05-07T14:49:48","guid":{"rendered":"https:\/\/www.pressenza.com\/?p=1100985"},"modified":"2020-05-07T15:49:48","modified_gmt":"2020-05-07T14:49:48","slug":"la-crisis-sanitaria-social-y-humana-oportunidad-de-cambio-desde-el-feminismo","status":"publish","type":"post","link":"https:\/\/www.pressenza.com\/es\/2020\/05\/la-crisis-sanitaria-social-y-humana-oportunidad-de-cambio-desde-el-feminismo\/","title":{"rendered":"La crisis sanitaria, social y humana: \u00bfoportunidad de cambio desde el feminismo?"},"content":{"rendered":"<article class=\"node-59170 node node-articulo view-mode-full clearfix\"><strong>Los valores universales del movimiento feminista son luz para la oscuridad de un sistema que subvalora los cuidados y recursos esenciales en la vida<\/strong><\/p>\n<p class=\"field-autor\"><a href=\"https:\/\/www.sinpermiso.info\/Autores\/Montserrat-Vila-Planas\"><strong>Montserrat Vila Planas<\/strong><\/a><\/p>\n<section class=\"field-body\">La pandemia del coronavirus en la \u00e9poca de la globalizaci\u00f3n es mort\u00edfera para la humanidad, la naturaleza, el sistema econ\u00f3mico y pol\u00edtico; por supuesto, para las mujeres, las criaturas y los hombres. Todo el planeta est\u00e1 con la econom\u00eda al ralent\u00ed. A la sanidad p\u00fablica, con las trabajadoras en primera l\u00ednea, le toca hacer ingentes esfuerzos para salvar vidas y para digerir los fallecimientos. La ciencia, a marchas forzadas, intenta encontrar una vacuna, despu\u00e9s de diez a\u00f1os de menospreciar los avisos del personal investigador. Las profesiones feminizadas son las que se dedican en buena parte a los cuidados, a la salud y a la vida de las personas; incluso, de la naturaleza. Los valores de esta sororidad, compromiso y amor a los recursos p\u00fablicos, a los bienes comunales y a los derechos universales.<strong>Briznas cotidianas<\/strong><\/p>\n<p>Empiezo estas notas con unas briznas vividas en mi experiencia cotidiana en el acompa\u00f1amiento de mujeres en situaci\u00f3n de violencia de g\u00e9nero, seguir\u00e9 con las contradicciones que nos encontramos las entidades feministas cuando desarrollamos los proyectos destinados a las mujeres.<br \/>\nA finales de marzo en Catalu\u00f1a, a una mujer inmigrante y refugiada desde hace diez a\u00f1os, que arrastra una agresi\u00f3n continuada por parte de su pareja desde hace veintitr\u00e9s a\u00f1os, que ha hecho lo imposible para recuperar su vida y la de sus hijas, que lleva seis a\u00f1os dependiendo de los recursos p\u00fablicos, los Servicios Sociales la sacan ahora del circuito de atenci\u00f3n, a pesar de estar enferma, en crisis de ansiedad y desesperaci\u00f3n, porque ha empezado a cobrar una pensi\u00f3n de 600 \u20ac, con la consideraci\u00f3n de que ya puede hacer frente a sus gastos mensuales. Este es el triste viacrucis que pasa la gran mayor\u00eda de mujeres que no encuentran el suficiente apoyo en la reparaci\u00f3n del mal causado.<\/p>\n<p><strong>Un sobreesfuerzo para adaptar los proyectos al confinamiento<\/strong><\/p>\n<p>Desde el primer momento del confinamiento, la Plataforma unitaria contra las violencias de g\u00e9nero de Catalu\u00f1a (formada por 130 entidades) y la Asociaci\u00f3n H\u00e8lia dones (de apoyo a las mujeres que sufren violencia de g\u00e9nero), hemos buscado y encontrado la manera de seguir apoyando a cada mujer, escuela o entidad, que est\u00e1 o se acerca a los proyectos en curso; con m\u00e1s intensidad si cabe que antes del Covid-19, con la idea de aliviar y resolver las dificultades que agravan el aislamiento en que nos encontramos.<\/p>\n<p>Hemos aportado todos nuestros recursos humanos y materiales para cambiar y adaptar r\u00e1pidamente la manera de abordar la situaci\u00f3n de crisis sanitaria y econ\u00f3mica, incluida la end\u00e9mica de emergencia feminista.<\/p>\n<p>El abanico de actividades es amplio: atenci\u00f3n telef\u00f3nica y online; sesiones de las actividades de los proyectos presenciales adaptadas al confinamiento individual; nuevas charlas y formaci\u00f3n online (desde Instagram Live, Faceboock, YouTube); talleres de yoga; biodanza; din\u00e1micas y metodolog\u00edas imaginativas \u00fatiles en un entorno dif\u00edcil con instrumentos tecnol\u00f3gicos poco conocidos; coordinaci\u00f3n y planificaci\u00f3n a trav\u00e9s de las plataformas telem\u00e1ticas (Jit-Si meet, Zoom, Skype); grupos de apoyo material e informaci\u00f3n de todos los recursos p\u00fablicos.<\/p>\n<p>Asimismo, hemos sostenido la interlocuci\u00f3n con las Administraciones para transmitir la realidad que est\u00e1n viviendo las mujeres y exigir los recursos m\u00ednimos adecuados, es decir, los que se denominan esenciales.<\/p>\n<p>Las sesiones de teletrabajo resultan agotadoras, pero la ilusi\u00f3n y el trabajo realizado con convicci\u00f3n son muy gratificantes.<\/p>\n<p><strong>La falta de recursos resulta escandalosa<\/strong><\/p>\n<p>\u00bfY con qu\u00e9 nos encontramos? Con unas barreras y protocolos administrativos que persisten en los tr\u00e1mites anteriores a la nueva emergencia de la pandemia. Una falta de recursos tan escandalosa que llega a poner en entredicho el esfuerzo y la buena voluntad, tanto de las entidades feministas como de las instituciones y profesionales.<\/p>\n<p>Las personas e instituciones m\u00e1s cercanas quedan frenadas por mil y una disposici\u00f3n de normas administrativas, leyes y medidas pol\u00edticas. Sufrimos decisiones gubernamentales que, mientras con la boca peque\u00f1a defienden actuar ante la emergencia en funci\u00f3n de los recursos y servicios p\u00fablicos generales, se adaptan de hecho y en la mayor\u00eda de las ocasiones a los intereses privados y parciales de las grandes empresas, las farmac\u00e9uticas, la sanidad privada y concertada, a las fortunas inmensas y corporaciones. Se trata de sectores sociales minoritarios pero poderosos, que s\u00f3lo entienden su beneficio y, que de vez en cuando, practican la limosna, la caridad y la compasi\u00f3n por las desgracias de la gente trabajadora, pobre e inmigrada.<\/p>\n<p>Esto no es fruto del coronavirus, es algo mucho m\u00e1s profundo y arraigado en la sociedad y en el orden de valores morales. Hace a\u00f1os que estamos denunciando la falta de respuesta con respecto a la vivienda, a la atenci\u00f3n a los cuidados, a la ausencia de una visi\u00f3n de g\u00e9nero, a la incapacidad de no reparar con recursos el mal causado por el maltrato y el machismo.<\/p>\n<p>Las mujeres, y sus hijas e hijos, no s\u00f3lo necesitan acompa\u00f1amiento emocional y herramientas para afrontar la situaci\u00f3n, necesitan m\u00e1s credibilidad en el acompa\u00f1amiento jur\u00eddico y social.<\/p>\n<p>Hace diecis\u00e9is a\u00f1os que se aprob\u00f3 la Ley estatal 1\/2004 de protecci\u00f3n integral contra la violencia de g\u00e9nero, y doce a\u00f1os que entr\u00f3 en vigor la Ley catalana 5\/2008 del derecho de las mujeres a la erradicaci\u00f3n de la violencia machista. En la celebraci\u00f3n del d\u00e9cimo aniversario de esta \u00faltima en el Parlamento de Catalu\u00f1a, expresamos a los diputados y diputadas que, a pesar de los avances de la ley, su implantaci\u00f3n no est\u00e1 a la altura ni de las demandas del movimiento feminista, que protagoniza grandes movilizaciones mundiales, ni de las demandas de la realidad de nuestro d\u00eda a d\u00eda en atenci\u00f3n, prevenci\u00f3n y sensibilizaci\u00f3n.<\/p>\n<p><strong>Las mujeres se reducen a n\u00fameros y prioridades ajenas a la vida<\/strong><\/p>\n<p>Las entidades que colaboramos en esta lucha por la erradicaci\u00f3n de la violencia machista, tanto en atenci\u00f3n como en prevenci\u00f3n, entramos en un circuito perverso.<br \/>\nEn realidad, paliamos las largas listas de espera de los servicios p\u00fablicos dedicados a la violencia de g\u00e9nero atendiendo directamente a mujeres. Acompa\u00f1amos en los procesos de violencia, generamos metodolog\u00edas para la formaci\u00f3n de las profesionales, en el sector de la ense\u00f1anza y en todos los \u00e1mbitos sociales. Nos dirigimos con \u00e9xito a toda la ciudadan\u00eda para poder transformar y liderar los cambios. Y nos vemos obligadas a hacerlo de forma precaria.<\/p>\n<p>Las instituciones son avaras a la hora de facilitar recursos y de que podamos desarrollar este trabajo vital en condiciones suficientes. Si la ley ya es limitada, m\u00e1s limitada resulta ante la emergencia existente, tanto en la insuficiencia de los presupuestos como en el sost\u00e9n de las entidades y personas dedicadas, ya sean profesionales o voluntarias.\u00a0 En las administraciones prima el criterio de que nuestro compromiso y vocaci\u00f3n nos impele a hacerlo, pues las mujeres, media humanidad, lo necesita. Unos golpecitos calurosos en la espalda, abrazos, besos y discursos bienintencionados que empa\u00f1an unas condiciones de trabajo precarias y recursos \u00ednfimos.<\/p>\n<p>Nos topamos con unas pol\u00edticas p\u00fablicas y unas administraciones enquistadas en normas y gesti\u00f3n burocr\u00e1tica que priva de alma y coraz\u00f3n a las mujeres y a la situaci\u00f3n que atraviesan, las reduce a n\u00fameros y prioridades ajenas a la vida, como si no existiera ning\u00fan s\u00edntoma de la emergencia feminista.<\/p>\n<p>Muy a menudo hemos de lidiar con unos modelos de educaci\u00f3n, atenci\u00f3n y salud que alimentan los estereotipos vigentes. Es el imperio de la imposici\u00f3n del binomio mujer-hombre que perpet\u00faa el dominio de los hombres sobre las mujeres, sustentado por el sistema moral e institucional patriarcal.<\/p>\n<p>Aunque una parte de las pol\u00edticas p\u00fablicas ha reconocido la lucha feminista y las entidades por el derecho de las mujeres, no hemos conseguido la valoraci\u00f3n suficiente y pr\u00e1ctica, esencial, ni el nivel de recursos que necesita el sector que soporta esta parte de trabajo social a la que no llega la administraci\u00f3n. La concreci\u00f3n de las administraciones valora y formaliza los recursos p\u00fablicos a los que accedemos de un modo que nos mantiene como un sector, insisto, de trabajo altamente precario e incierto.<\/p>\n<p>Cada a\u00f1o nuestro trabajo en los diferentes proyectos depende de las convocatorias que realizan las distintas administraciones. Ya hace a\u00f1os que estamos en crisis, entre otras razones porque las subvenciones o contratos o convenios no financian la estructura operativa m\u00ednima necesaria para llevar a cabo los proyectos. A pesar de ser programas altamente probados y necesarios, a\u00f1o tras a\u00f1o se ponen en cuesti\u00f3n, mientras consumen una gran cantidad de tiempo y esfuerzos en gesti\u00f3n administrativa en detrimento del trabajo de campo para llevarlos a cabo. y a buen fin.<\/p>\n<p>La administraci\u00f3n pone m\u00e1s el acento en el aspecto justificativo contable del gasto econ\u00f3mico, con muchos requerimientos durante todo el a\u00f1o, que obligan a una gran cantidad de horas de trabajo empleadas por las entidades y por la propia administraci\u00f3n, que en el n\u00facleo esencial del contenido, calidad y utilidad del desarrollo del proyecto.<\/p>\n<p>Los grandes recursos administrativos que se emplean para hacer estas convocatorias, y todo el enrevesado proceso, podr\u00edan convertirse en herramientas de acompa\u00f1amiento a las entidades y hacer m\u00e1s f\u00e1cil y eficaz nuestro trabajo.<\/p>\n<p>Una peque\u00f1a idea: estos recursos se podr\u00edan dedicar a cobrar las subvenciones puntualmente. La gran mayor\u00eda llegan el cuarto trimestre del a\u00f1o, y eso dificulta la situaci\u00f3n; ir\u00eda de perlas conocer con m\u00e1s celeridad su resoluci\u00f3n y que las subvenciones cubrieran periodos m\u00e1s largos para poder planificar las finanzas. Hay muchas entidades que tienen que pedir cr\u00e9ditos a los bancos para esperar el cobro de las subvenciones, pero no pueden incluir los intereses en ellas.<\/p>\n<p>Con la pandemia del coronavirus, todas estas carencias que hace tiempo est\u00e1bamos denunciando y reclamado su resoluci\u00f3n se han agudizado. Las entidades peque\u00f1as que vivimos al d\u00eda, sumergidas en esta precariedad estructural, sabemos que sin una reacci\u00f3n urgente de pol\u00edticas p\u00fablicas no podremos resistir la falta de financiaci\u00f3n.<\/p>\n<p><strong>Gabinetes de crisis y coordinaci\u00f3n de los recursos y servicios a las mujeres con las entidades feministas<\/strong><\/p>\n<p>Se necesita saber c\u00f3mo ir\u00e1n las subvenciones y\/o los contratos de este a\u00f1o. Estamos lejos de obtener una r\u00e1pida respuesta sobre c\u00f3mo se presenta el futuro. Todo son incertidumbres.<\/p>\n<p>Para las mujeres que sufren violencia machista han habilitado respuestas telef\u00f3nicas; una buena medida, pero no se ve por ninguna parte las soluciones efectivas. Los diferentes departamentos de la Generalitat o de los ayuntamientos se van traspasando las responsabilidades. Las entidades feministas implicadas hemos reclamado desde el primer d\u00eda un gabinete de crisis con todas ellas, una coordinaci\u00f3n que incluya compromiso y corresponsabilidad en la toma de decisiones, donde por supuesto tambi\u00e9n podamos participar las que estamos en primera l\u00ednea con las mujeres y criaturas que sufren violencia de g\u00e9nero.<\/p>\n<p>Necesitamos coordinaci\u00f3n efectiva y responsabilidad conjunta.<\/p>\n<p>Todas las voces que nos llegan de las administraciones nos dicen que ir\u00e1n con tanta agilidad y fuerza como puedan, pero que debido al teletrabajo o a la falta de infraestructuras, lo m\u00e1s seguro es que todos estos procesos burocr\u00e1ticos dependan a\u00fan m\u00e1s de nosotras.<\/p>\n<p>Las administraciones indican a las entidades que no saben de d\u00f3nde sacar y aumentar los recursos en este momento de emergencia. Mientras tanto, cada d\u00eda que pasa empeora la situaci\u00f3n, y aunque algunas medidas informativas han mejorado, las soluciones no llegan mucho m\u00e1s all\u00e1 de las buenas intenciones.<\/p>\n<p>Varios manifiestos reclaman una reacci\u00f3n en consonancia con la situaci\u00f3n extraordinaria que vivimos.<\/p>\n<p>El contenido de esta voz de las entidades comprometidas plantea que la necesidad de que, en vez de detenerse o aplazarse, se agilicen y superen los obst\u00e1culos burocr\u00e1ticos para la resoluci\u00f3n y el pago de las subvenciones, as\u00ed como las contrataciones de todas las administraciones p\u00fablicas.<\/p>\n<p>Es imprescindible que se haga un ajuste y se facilite la flexibilidad en los proyectos en funci\u00f3n de las necesidades, las metodolog\u00edas y los gastos estructurales de cada entidad, dada la situaci\u00f3n de confinamiento y de crisis econ\u00f3mica sin precedentes. La necesidad de ayudas directas produce un ruido ensordecedor, falta un plan de contingencia para que todas las entidades feministas puedan continuar su labor de atenci\u00f3n, de prevenci\u00f3n, sensibilizaci\u00f3n e investigaci\u00f3n.<\/p>\n<p>Esta crisis nos est\u00e1 dando la raz\u00f3n tras muchos a\u00f1os de lucha abnegada y movilizaci\u00f3n en la calle por el reconocimiento del trabajo de cuidados y el sostenimiento de la vida. Hemos de acabar, sin hipocres\u00edas falaces, con las violencias machistas, la violencia sexual, las discriminaciones en el mundo del trabajo y la precariedad.<\/p>\n<p>Ahora que se ha parado el mundo, las mujeres estamos en la primera l\u00ednea en un abrumador 80 % realizando las tareas de cuidados en la salud. Lo confirma que haya m\u00e1s mujeres infectadas del coronavirus; no por ser mujeres, sino por ser mayor\u00eda en las profesiones -ahora de riesgo- feminizadas. Hay mayor\u00eda de mujeres en la sanidad, en el hogar, en el trabajo social, la limpieza, en los grupos de personas voluntarias.<\/p>\n<p>En enfermer\u00eda, 85% mujeres; farmacia, 70% mujeres; limpieza, 90% mujeres. Las m\u00e9dicas son mayor\u00eda, y las cajeras de supermercado son el 80%. En todos estos \u00e1mbitos hay que tomar medidas urgentes, teniendo en cuenta que de nuevo se ha comprobado el impacto de g\u00e9nero en esta pandemia. Hay que segregar por sexos todos los datos y actuar en consecuencia.<\/p>\n<p>En los manifiestos se expone la necesidad de que no se retrase m\u00e1s el plan de medidas urgentes respecto del paro, sobre el aumento de la pobreza del m\u00e1s del 50 % del trabajo precario o de econom\u00eda de supervivencia, que queda fuera de todas las coberturas oficiales. Urge hacer efectiva, sin tr\u00e1mites burocr\u00e1ticos dilatorios, una renta universal de cuarentena, o m\u00ednimo vital, compatible con cualquier otra renta que pueda llegar a todas las personas en situaci\u00f3n cr\u00edtica.<\/p>\n<p>En el confinamiento, apremia la regulaci\u00f3n autom\u00e1tica de todas las personas extranjeras para poder acceder a las prestaciones y alcanzar todos los derechos de ciudadan\u00eda. Tengamos en cuenta que hay municipios que incluso niegan el empadronamiento a las mujeres, as\u00ed que ni siquiera existen para la tranquilidad de las estad\u00edsticas, el reparto de recursos y la hipocres\u00eda moral de responsables econ\u00f3micos y dirigentes p\u00fablicos.<\/p>\n<p>En general y en particular, urge agilizar y mantener la intervenci\u00f3n integral en los casos de mujeres en situaci\u00f3n de violencias machistas, la vivienda social inmediata y mantener los recursos previstos por el Pacto de Estado.<\/p>\n<p><strong>La normalidad del valor del factor privado prioritario respecto a los servicios p\u00fablicos vitales ha permitido el actual desbarajuste<\/strong><\/p>\n<p>La pandemia ha puesto en evidencia la debilidad del sistema econ\u00f3mico capitalista y patriarcal. Muchas personas piensan en la vuelta a la normalidad, pero tambi\u00e9n empiezan a ver que esta \u00abnormalidad\u00bb previa al coronavirus es la que ha causado este caos.<\/p>\n<p>La normalidad que aceptaba los grandes recortes sociales en sanidad y ense\u00f1anza; la raz\u00f3n econ\u00f3mica que aceptaba e instalaba el trabajo precario para una gran mayor\u00eda de la poblaci\u00f3n; la aceptaci\u00f3n de la desigualdad que hac\u00eda m\u00e1s grande la brecha salarial entre hombres y mujeres; las concepciones e intereses privados que no tienen en cuenta la sostenibilidad del planeta. Esta normalidad es la que ha encontrado abonado el terreno para extender el coronavirus. La normalidad inepta que no dispone de suficientes recursos para el cuidado de la gente en todo el planeta. No queremos volver a esta normalidad tan anormal y perniciosa.<\/p>\n<p>La crisis de la burbuja inmobiliaria en 2008 ya puso en evidencia que se trataba de una crisis sist\u00e9mica, pero todav\u00eda los poderosos pudieron enga\u00f1ar a la gente y salvaron a los bancos, que deben 65.725 millones de euros p\u00fablicos.<\/p>\n<p>Durante todo este tiempo ha habido una parte de la sociedad que s\u00ed ha reaccionado; por ello se han reforzado los movimientos sociales, y al menos las mujeres de todo el mundo han empezado a rebelarse y a lanzarse a la lucha por sus derechos.<\/p>\n<p>El coronavirus se convierte en una crisis m\u00e1s catastr\u00f3fica del sistema.<\/p>\n<p>El movimiento feminista, con el impulso de valores universales, de los derechos equitativos y de las minor\u00edas, con su lucha contra todo privilegio, tiene mucho que aportar en la configuraci\u00f3n de un nuevo mundo sin explotaci\u00f3n, dominaci\u00f3n y sin violencia de g\u00e9nero.<\/p>\n<p><strong>Tenemos una oportunidad para el cambio<\/strong><\/p>\n<p>Desde el mismo d\u00eda del confinamiento comienza una batalla entre los due\u00f1os de la econom\u00eda del mercado privado, del capital, entre los l\u00edderes del mundo, que buscan c\u00f3mo aprovechar esta crisis para fortalecer sus negocios sosteniendo el sistema al precio que sea, y los 7.500 millones de la poblaci\u00f3n, la gente sencilla y trabajadora, a ras de suelo, que busca c\u00f3mo hacer un mundo donde la violencia contra las mujeres sea impensable. Un mundo donde el sector de la salud y los recursos p\u00fablicos tengan prevalencia respecto a los privados y en donde los derechos universales sean efectivos. Una sociedad donde se trabaje por un planeta sostenible, en la que el cuidado por la vida tenga m\u00e1s importancia que las ganancias de unos pocos poderosos que explotan al resto sin miramientos.<\/p>\n<p>Est\u00e1 en nuestras manos, juntas podemos caminar con determinaci\u00f3n hacia esta construcci\u00f3n de un mundo que ponga en valor el cuidado de las personas, lo transforme y termine con el patriarcado de hace cuatro millones y medio de a\u00f1os.<\/p>\n<\/section>\n<div class=\"bioautores\">\n<div class=\"field-autores-descripcion\">\n<div class=\"field-autor\"><strong><a href=\"https:\/\/www.sinpermiso.info\/Autores\/Montserrat-Vila-Planas\">Montserrat Vila Planas<\/a>\u00a0es presidenta de la Plataforma unit\u00e0ria contra les viol\u00e8ncies de g\u00e8nere de Catalunya.<\/strong><\/div>\n<\/div>\n<\/div>\n<\/article>\n","protected":false},"excerpt":{"rendered":"<p>Los valores universales del movimiento feminista son luz para la oscuridad de un sistema que subvalora los cuidados y recursos esenciales en la vida Montserrat Vila Planas La pandemia del coronavirus en la \u00e9poca de la globalizaci\u00f3n es mort\u00edfera para&hellip;<\/p>\n","protected":false},"author":1512,"featured_media":1100987,"comment_status":"closed","ping_status":"closed","sticky":false,"template":"","format":"standard","meta":{"footnotes":""},"categories":[66,54515,161],"tags":[40718,70071,4332,1024],"class_list":["post-1100985","post","type-post","status-publish","format-standard","has-post-thumbnail","hentry","category-europa-es","category-genero-y-feminismos","category-opiniones","tag-cataluna-es","tag-coronavirus-es","tag-feminismo","tag-violencia-de-genero"],"yoast_head":"<!-- This site is optimized with the Yoast SEO plugin v27.1.1 - https:\/\/yoast.com\/product\/yoast-seo-wordpress\/ -->\n<title>La crisis sanitaria, social y humana: \u00bfoportunidad de cambio desde el feminismo?<\/title>\n<meta name=\"description\" content=\"Los valores universales del movimiento feminista son luz para la oscuridad de un sistema que subvalora los cuidados y recursos esenciales en la vida\" \/>\n<meta name=\"robots\" content=\"index, follow, max-snippet:-1, max-image-preview:large, max-video-preview:-1\" \/>\n<link rel=\"canonical\" href=\"https:\/\/www.pressenza.com\/es\/2020\/05\/la-crisis-sanitaria-social-y-humana-oportunidad-de-cambio-desde-el-feminismo\/\" \/>\n<meta property=\"og:locale\" content=\"es_ES\" \/>\n<meta property=\"og:type\" content=\"article\" \/>\n<meta property=\"og:title\" content=\"La crisis sanitaria, social y humana: \u00bfoportunidad de cambio desde el feminismo?\" \/>\n<meta property=\"og:description\" content=\"Los valores universales del movimiento feminista son luz para la oscuridad de un sistema que subvalora los cuidados y recursos esenciales en la vida\" \/>\n<meta property=\"og:url\" content=\"https:\/\/www.pressenza.com\/es\/2020\/05\/la-crisis-sanitaria-social-y-humana-oportunidad-de-cambio-desde-el-feminismo\/\" \/>\n<meta property=\"og:site_name\" content=\"Pressenza\" \/>\n<meta property=\"article:publisher\" content=\"https:\/\/www.facebook.com\/PressenzaItalia\" \/>\n<meta property=\"article:published_time\" content=\"2020-05-07T14:49:48+00:00\" \/>\n<meta property=\"og:image\" content=\"https:\/\/www.pressenza.com\/wp-content\/uploads\/2020\/05\/mujer-y-renta-basica.jpg\" \/>\n\t<meta property=\"og:image:width\" content=\"1382\" \/>\n\t<meta property=\"og:image:height\" content=\"1036\" \/>\n\t<meta property=\"og:image:type\" content=\"image\/jpeg\" \/>\n<meta name=\"author\" content=\"Sin Permiso\" \/>\n<meta name=\"twitter:card\" content=\"summary_large_image\" \/>\n<meta name=\"twitter:creator\" content=\"@PressenzaIPA\" \/>\n<meta name=\"twitter:site\" content=\"@PressenzaIPA\" \/>\n<meta name=\"twitter:label1\" content=\"Escrito por\" \/>\n\t<meta name=\"twitter:data1\" content=\"Sin Permiso\" \/>\n\t<meta name=\"twitter:label2\" content=\"Tiempo de lectura\" \/>\n\t<meta name=\"twitter:data2\" content=\"16 minutos\" \/>\n<script type=\"application\/ld+json\" class=\"yoast-schema-graph\">{\"@context\":\"https:\/\/schema.org\",\"@graph\":[{\"@type\":\"Article\",\"@id\":\"https:\/\/www.pressenza.com\/es\/2020\/05\/la-crisis-sanitaria-social-y-humana-oportunidad-de-cambio-desde-el-feminismo\/#article\",\"isPartOf\":{\"@id\":\"https:\/\/www.pressenza.com\/es\/2020\/05\/la-crisis-sanitaria-social-y-humana-oportunidad-de-cambio-desde-el-feminismo\/\"},\"author\":{\"name\":\"Sin Permiso\",\"@id\":\"https:\/\/www.pressenza.com\/es\/#\/schema\/person\/e79f15b3a6dc0da487a62b60e88a9e8d\"},\"headline\":\"La crisis sanitaria, social y humana: \u00bfoportunidad de cambio desde el feminismo?\",\"datePublished\":\"2020-05-07T14:49:48+00:00\",\"mainEntityOfPage\":{\"@id\":\"https:\/\/www.pressenza.com\/es\/2020\/05\/la-crisis-sanitaria-social-y-humana-oportunidad-de-cambio-desde-el-feminismo\/\"},\"wordCount\":3112,\"publisher\":{\"@id\":\"https:\/\/www.pressenza.com\/es\/#organization\"},\"image\":{\"@id\":\"https:\/\/www.pressenza.com\/es\/2020\/05\/la-crisis-sanitaria-social-y-humana-oportunidad-de-cambio-desde-el-feminismo\/#primaryimage\"},\"thumbnailUrl\":\"https:\/\/www.pressenza.com\/wp-content\/uploads\/2020\/05\/mujer-y-renta-basica.jpg\",\"keywords\":[\"Catalu\u00f1a\",\"coronav\u00edrus\",\"feminismo\",\"Violencia de g\u00e9nero\"],\"articleSection\":[\"Europa\",\"G\u00e9nero y Feminismos\",\"Opiniones\"],\"inLanguage\":\"es\"},{\"@type\":\"WebPage\",\"@id\":\"https:\/\/www.pressenza.com\/es\/2020\/05\/la-crisis-sanitaria-social-y-humana-oportunidad-de-cambio-desde-el-feminismo\/\",\"url\":\"https:\/\/www.pressenza.com\/es\/2020\/05\/la-crisis-sanitaria-social-y-humana-oportunidad-de-cambio-desde-el-feminismo\/\",\"name\":\"La crisis sanitaria, social y humana: \u00bfoportunidad de cambio desde el feminismo?\",\"isPartOf\":{\"@id\":\"https:\/\/www.pressenza.com\/es\/#website\"},\"primaryImageOfPage\":{\"@id\":\"https:\/\/www.pressenza.com\/es\/2020\/05\/la-crisis-sanitaria-social-y-humana-oportunidad-de-cambio-desde-el-feminismo\/#primaryimage\"},\"image\":{\"@id\":\"https:\/\/www.pressenza.com\/es\/2020\/05\/la-crisis-sanitaria-social-y-humana-oportunidad-de-cambio-desde-el-feminismo\/#primaryimage\"},\"thumbnailUrl\":\"https:\/\/www.pressenza.com\/wp-content\/uploads\/2020\/05\/mujer-y-renta-basica.jpg\",\"datePublished\":\"2020-05-07T14:49:48+00:00\",\"description\":\"Los valores universales del movimiento feminista son luz para la oscuridad de un sistema que subvalora los cuidados y recursos esenciales en la vida\",\"breadcrumb\":{\"@id\":\"https:\/\/www.pressenza.com\/es\/2020\/05\/la-crisis-sanitaria-social-y-humana-oportunidad-de-cambio-desde-el-feminismo\/#breadcrumb\"},\"inLanguage\":\"es\",\"potentialAction\":[{\"@type\":\"ReadAction\",\"target\":[\"https:\/\/www.pressenza.com\/es\/2020\/05\/la-crisis-sanitaria-social-y-humana-oportunidad-de-cambio-desde-el-feminismo\/\"]}]},{\"@type\":\"ImageObject\",\"inLanguage\":\"es\",\"@id\":\"https:\/\/www.pressenza.com\/es\/2020\/05\/la-crisis-sanitaria-social-y-humana-oportunidad-de-cambio-desde-el-feminismo\/#primaryimage\",\"url\":\"https:\/\/www.pressenza.com\/wp-content\/uploads\/2020\/05\/mujer-y-renta-basica.jpg\",\"contentUrl\":\"https:\/\/www.pressenza.com\/wp-content\/uploads\/2020\/05\/mujer-y-renta-basica.jpg\",\"width\":1382,\"height\":1036},{\"@type\":\"BreadcrumbList\",\"@id\":\"https:\/\/www.pressenza.com\/es\/2020\/05\/la-crisis-sanitaria-social-y-humana-oportunidad-de-cambio-desde-el-feminismo\/#breadcrumb\",\"itemListElement\":[{\"@type\":\"ListItem\",\"position\":1,\"name\":\"Accueil\",\"item\":\"https:\/\/www.pressenza.com\/es\/\"},{\"@type\":\"ListItem\",\"position\":2,\"name\":\"La crisis sanitaria, social y humana: \u00bfoportunidad de cambio desde el feminismo?\"}]},{\"@type\":\"WebSite\",\"@id\":\"https:\/\/www.pressenza.com\/es\/#website\",\"url\":\"https:\/\/www.pressenza.com\/es\/\",\"name\":\"Pressenza\",\"description\":\"International Press Agency\",\"publisher\":{\"@id\":\"https:\/\/www.pressenza.com\/es\/#organization\"},\"potentialAction\":[{\"@type\":\"SearchAction\",\"target\":{\"@type\":\"EntryPoint\",\"urlTemplate\":\"https:\/\/www.pressenza.com\/es\/?s={search_term_string}\"},\"query-input\":{\"@type\":\"PropertyValueSpecification\",\"valueRequired\":true,\"valueName\":\"search_term_string\"}}],\"inLanguage\":\"es\"},{\"@type\":\"Organization\",\"@id\":\"https:\/\/www.pressenza.com\/es\/#organization\",\"name\":\"Pressenza\",\"url\":\"https:\/\/www.pressenza.com\/es\/\",\"logo\":{\"@type\":\"ImageObject\",\"inLanguage\":\"es\",\"@id\":\"https:\/\/www.pressenza.com\/es\/#\/schema\/logo\/image\/\",\"url\":\"https:\/\/www.pressenza.com\/wp-content\/uploads\/2022\/10\/pressenza_logo_200x200.jpg\",\"contentUrl\":\"https:\/\/www.pressenza.com\/wp-content\/uploads\/2022\/10\/pressenza_logo_200x200.jpg\",\"width\":200,\"height\":200,\"caption\":\"Pressenza\"},\"image\":{\"@id\":\"https:\/\/www.pressenza.com\/es\/#\/schema\/logo\/image\/\"},\"sameAs\":[\"https:\/\/www.facebook.com\/PressenzaItalia\",\"https:\/\/x.com\/PressenzaIPA\"]},{\"@type\":\"Person\",\"@id\":\"https:\/\/www.pressenza.com\/es\/#\/schema\/person\/e79f15b3a6dc0da487a62b60e88a9e8d\",\"name\":\"Sin Permiso\",\"description\":\"Sin Permiso (rep\u00fablica y socialismo tambi\u00e9n para el siglo XXI) es un proyecto pol\u00edtico de cr\u00edtica de la cultura, material e intelectual, del capitalismo contrarreformado, desregulado, remundializado y reliberalizado del siglo XXI. Es una revista electr\u00f3nica semanal y se articula en torno a una revista semestral del mismo nombre, cuyo primer n\u00famero en soporte papel apareci\u00f3 a principios de 2006.\",\"sameAs\":[\"http:\/\/www.sinpermiso.info\/\"],\"url\":\"https:\/\/www.pressenza.com\/es\/author\/sin-permiso\/\"}]}<\/script>\n<!-- \/ Yoast SEO plugin. -->","yoast_head_json":{"title":"La crisis sanitaria, social y humana: \u00bfoportunidad de cambio desde el feminismo?","description":"Los valores universales del movimiento feminista son luz para la oscuridad de un sistema que subvalora los cuidados y recursos esenciales en la vida","robots":{"index":"index","follow":"follow","max-snippet":"max-snippet:-1","max-image-preview":"max-image-preview:large","max-video-preview":"max-video-preview:-1"},"canonical":"https:\/\/www.pressenza.com\/es\/2020\/05\/la-crisis-sanitaria-social-y-humana-oportunidad-de-cambio-desde-el-feminismo\/","og_locale":"es_ES","og_type":"article","og_title":"La crisis sanitaria, social y humana: \u00bfoportunidad de cambio desde el feminismo?","og_description":"Los valores universales del movimiento feminista son luz para la oscuridad de un sistema que subvalora los cuidados y recursos esenciales en la vida","og_url":"https:\/\/www.pressenza.com\/es\/2020\/05\/la-crisis-sanitaria-social-y-humana-oportunidad-de-cambio-desde-el-feminismo\/","og_site_name":"Pressenza","article_publisher":"https:\/\/www.facebook.com\/PressenzaItalia","article_published_time":"2020-05-07T14:49:48+00:00","og_image":[{"width":1382,"height":1036,"url":"https:\/\/www.pressenza.com\/wp-content\/uploads\/2020\/05\/mujer-y-renta-basica.jpg","type":"image\/jpeg"}],"author":"Sin Permiso","twitter_card":"summary_large_image","twitter_creator":"@PressenzaIPA","twitter_site":"@PressenzaIPA","twitter_misc":{"Escrito por":"Sin Permiso","Tiempo de lectura":"16 minutos"},"schema":{"@context":"https:\/\/schema.org","@graph":[{"@type":"Article","@id":"https:\/\/www.pressenza.com\/es\/2020\/05\/la-crisis-sanitaria-social-y-humana-oportunidad-de-cambio-desde-el-feminismo\/#article","isPartOf":{"@id":"https:\/\/www.pressenza.com\/es\/2020\/05\/la-crisis-sanitaria-social-y-humana-oportunidad-de-cambio-desde-el-feminismo\/"},"author":{"name":"Sin Permiso","@id":"https:\/\/www.pressenza.com\/es\/#\/schema\/person\/e79f15b3a6dc0da487a62b60e88a9e8d"},"headline":"La crisis sanitaria, social y humana: \u00bfoportunidad de cambio desde el feminismo?","datePublished":"2020-05-07T14:49:48+00:00","mainEntityOfPage":{"@id":"https:\/\/www.pressenza.com\/es\/2020\/05\/la-crisis-sanitaria-social-y-humana-oportunidad-de-cambio-desde-el-feminismo\/"},"wordCount":3112,"publisher":{"@id":"https:\/\/www.pressenza.com\/es\/#organization"},"image":{"@id":"https:\/\/www.pressenza.com\/es\/2020\/05\/la-crisis-sanitaria-social-y-humana-oportunidad-de-cambio-desde-el-feminismo\/#primaryimage"},"thumbnailUrl":"https:\/\/www.pressenza.com\/wp-content\/uploads\/2020\/05\/mujer-y-renta-basica.jpg","keywords":["Catalu\u00f1a","coronav\u00edrus","feminismo","Violencia de g\u00e9nero"],"articleSection":["Europa","G\u00e9nero y Feminismos","Opiniones"],"inLanguage":"es"},{"@type":"WebPage","@id":"https:\/\/www.pressenza.com\/es\/2020\/05\/la-crisis-sanitaria-social-y-humana-oportunidad-de-cambio-desde-el-feminismo\/","url":"https:\/\/www.pressenza.com\/es\/2020\/05\/la-crisis-sanitaria-social-y-humana-oportunidad-de-cambio-desde-el-feminismo\/","name":"La crisis sanitaria, social y humana: \u00bfoportunidad de cambio desde el feminismo?","isPartOf":{"@id":"https:\/\/www.pressenza.com\/es\/#website"},"primaryImageOfPage":{"@id":"https:\/\/www.pressenza.com\/es\/2020\/05\/la-crisis-sanitaria-social-y-humana-oportunidad-de-cambio-desde-el-feminismo\/#primaryimage"},"image":{"@id":"https:\/\/www.pressenza.com\/es\/2020\/05\/la-crisis-sanitaria-social-y-humana-oportunidad-de-cambio-desde-el-feminismo\/#primaryimage"},"thumbnailUrl":"https:\/\/www.pressenza.com\/wp-content\/uploads\/2020\/05\/mujer-y-renta-basica.jpg","datePublished":"2020-05-07T14:49:48+00:00","description":"Los valores universales del movimiento feminista son luz para la oscuridad de un sistema que subvalora los cuidados y recursos esenciales en la vida","breadcrumb":{"@id":"https:\/\/www.pressenza.com\/es\/2020\/05\/la-crisis-sanitaria-social-y-humana-oportunidad-de-cambio-desde-el-feminismo\/#breadcrumb"},"inLanguage":"es","potentialAction":[{"@type":"ReadAction","target":["https:\/\/www.pressenza.com\/es\/2020\/05\/la-crisis-sanitaria-social-y-humana-oportunidad-de-cambio-desde-el-feminismo\/"]}]},{"@type":"ImageObject","inLanguage":"es","@id":"https:\/\/www.pressenza.com\/es\/2020\/05\/la-crisis-sanitaria-social-y-humana-oportunidad-de-cambio-desde-el-feminismo\/#primaryimage","url":"https:\/\/www.pressenza.com\/wp-content\/uploads\/2020\/05\/mujer-y-renta-basica.jpg","contentUrl":"https:\/\/www.pressenza.com\/wp-content\/uploads\/2020\/05\/mujer-y-renta-basica.jpg","width":1382,"height":1036},{"@type":"BreadcrumbList","@id":"https:\/\/www.pressenza.com\/es\/2020\/05\/la-crisis-sanitaria-social-y-humana-oportunidad-de-cambio-desde-el-feminismo\/#breadcrumb","itemListElement":[{"@type":"ListItem","position":1,"name":"Accueil","item":"https:\/\/www.pressenza.com\/es\/"},{"@type":"ListItem","position":2,"name":"La crisis sanitaria, social y humana: \u00bfoportunidad de cambio desde el feminismo?"}]},{"@type":"WebSite","@id":"https:\/\/www.pressenza.com\/es\/#website","url":"https:\/\/www.pressenza.com\/es\/","name":"Pressenza","description":"International Press Agency","publisher":{"@id":"https:\/\/www.pressenza.com\/es\/#organization"},"potentialAction":[{"@type":"SearchAction","target":{"@type":"EntryPoint","urlTemplate":"https:\/\/www.pressenza.com\/es\/?s={search_term_string}"},"query-input":{"@type":"PropertyValueSpecification","valueRequired":true,"valueName":"search_term_string"}}],"inLanguage":"es"},{"@type":"Organization","@id":"https:\/\/www.pressenza.com\/es\/#organization","name":"Pressenza","url":"https:\/\/www.pressenza.com\/es\/","logo":{"@type":"ImageObject","inLanguage":"es","@id":"https:\/\/www.pressenza.com\/es\/#\/schema\/logo\/image\/","url":"https:\/\/www.pressenza.com\/wp-content\/uploads\/2022\/10\/pressenza_logo_200x200.jpg","contentUrl":"https:\/\/www.pressenza.com\/wp-content\/uploads\/2022\/10\/pressenza_logo_200x200.jpg","width":200,"height":200,"caption":"Pressenza"},"image":{"@id":"https:\/\/www.pressenza.com\/es\/#\/schema\/logo\/image\/"},"sameAs":["https:\/\/www.facebook.com\/PressenzaItalia","https:\/\/x.com\/PressenzaIPA"]},{"@type":"Person","@id":"https:\/\/www.pressenza.com\/es\/#\/schema\/person\/e79f15b3a6dc0da487a62b60e88a9e8d","name":"Sin Permiso","description":"Sin Permiso (rep\u00fablica y socialismo tambi\u00e9n para el siglo XXI) es un proyecto pol\u00edtico de cr\u00edtica de la cultura, material e intelectual, del capitalismo contrarreformado, desregulado, remundializado y reliberalizado del siglo XXI. Es una revista electr\u00f3nica semanal y se articula en torno a una revista semestral del mismo nombre, cuyo primer n\u00famero en soporte papel apareci\u00f3 a principios de 2006.","sameAs":["http:\/\/www.sinpermiso.info\/"],"url":"https:\/\/www.pressenza.com\/es\/author\/sin-permiso\/"}]}},"place":"Barcelona","original_article_url":"https:\/\/www.sinpermiso.info\/textos\/la-crisis-sanitaria-social-y-humana-oportunidad-de-cambio-desde-el-feminismo","_links":{"self":[{"href":"https:\/\/www.pressenza.com\/es\/wp-json\/wp\/v2\/posts\/1100985","targetHints":{"allow":["GET"]}}],"collection":[{"href":"https:\/\/www.pressenza.com\/es\/wp-json\/wp\/v2\/posts"}],"about":[{"href":"https:\/\/www.pressenza.com\/es\/wp-json\/wp\/v2\/types\/post"}],"author":[{"embeddable":true,"href":"https:\/\/www.pressenza.com\/es\/wp-json\/wp\/v2\/users\/1512"}],"replies":[{"embeddable":true,"href":"https:\/\/www.pressenza.com\/es\/wp-json\/wp\/v2\/comments?post=1100985"}],"version-history":[{"count":0,"href":"https:\/\/www.pressenza.com\/es\/wp-json\/wp\/v2\/posts\/1100985\/revisions"}],"wp:featuredmedia":[{"embeddable":true,"href":"https:\/\/www.pressenza.com\/es\/wp-json\/wp\/v2\/media\/1100987"}],"wp:attachment":[{"href":"https:\/\/www.pressenza.com\/es\/wp-json\/wp\/v2\/media?parent=1100985"}],"wp:term":[{"taxonomy":"category","embeddable":true,"href":"https:\/\/www.pressenza.com\/es\/wp-json\/wp\/v2\/categories?post=1100985"},{"taxonomy":"post_tag","embeddable":true,"href":"https:\/\/www.pressenza.com\/es\/wp-json\/wp\/v2\/tags?post=1100985"}],"curies":[{"name":"wp","href":"https:\/\/api.w.org\/{rel}","templated":true}]}}