{"id":1096828,"date":"2020-05-02T17:04:43","date_gmt":"2020-05-02T16:04:43","guid":{"rendered":"https:\/\/www.pressenza.com\/?p=1096828"},"modified":"2020-05-02T17:05:15","modified_gmt":"2020-05-02T16:05:15","slug":"la-furia-del-virus-y-el-feroz-sinsentido-de-la-guerra","status":"publish","type":"post","link":"https:\/\/www.pressenza.com\/es\/2020\/05\/la-furia-del-virus-y-el-feroz-sinsentido-de-la-guerra\/","title":{"rendered":"La furia del virus y el feroz sinsentido de la guerra"},"content":{"rendered":"<p>El 23 de marzo, el secretario general de la Organizaci\u00f3n de las Naciones Unidas, Ant\u00f3nio Guterres, hizo un importante llamamiento: \u201cNuestro mundo se enfrenta a un enemigo com\u00fan: la Covid-19. Al virus no le importa la nacionalidad o el origen \u00e9tnico, la facci\u00f3n o la fe. Ataca a todos implacablemente. Mientras tanto, los conflictos armados contin\u00faan arrasando pueblos de todo el mundo [\u2026] La furia del virus ilustra el sinsentido de la guerra. Es por eso que hoy pido un alto el fuego en todos los rincones del mundo. Es hora de poner en confinamiento el conflicto armado y enfocarnos juntos en la verdadera batalla de nuestras vidas\u201d.<\/p>\n<p>La petici\u00f3n del secretario general de la ONU ha cosechado algunos resultados positivos. El 3 de abril, Guterres inform\u00f3 que se hab\u00eda acordado el alto al fuego en Camer\u00fan, Rep\u00fablica Centroafricana, Colombia, Libia, Birmania, Filipinas, Sud\u00e1n del Sur, Sud\u00e1n, Siria, Ucrania y Yemen. Documentar la existencia real de un alto el fuego es algo dif\u00edcil de hacer, ya que la llamada \u201cniebla de la guerra\u201d atenta contra los intentos de lograr la paz. El secretario Guterres agreg\u00f3: \u201cPara silenciar las armas, debemos alzar las voces por la paz\u201d.<\/p>\n<p>Guterres remarc\u00f3 un punto de vital importancia: el nuevo coronavirus es un enemigo com\u00fan. Es capaz, como hemos aprendido dolorosamente, de matar a grandes cantidades de personas, sin importar cu\u00e1les sean sus banderas. Como lo demostr\u00f3 el brote en el portaaviones estadounidense Theodore Roosevelt, incluso permanecer a bordo de un buque naval nuclear valuado en 5.000 millones de d\u00f3lares no ofrece suficiente protecci\u00f3n. Y el nivel extremo de contagio de la Covid-19 seguramente rondar\u00e1 en la mente de los casi mil cadetes de la Academia Militar West Point, la camada m\u00e1s reciente del cuerpo de oficiales de \u00e9lite del Ej\u00e9rcito de Estados Unidos. Los cadetes evacuaron el hist\u00f3rico campus de la Academia en marzo, cuando el Ej\u00e9rcito declar\u00f3 la emergencia de salud p\u00fablica. Ahora est\u00e1n siendo forzados a regresar al campus en junio, despu\u00e9s de que el presidente Donald Trump anunciara imprevistamente que iba a pronunciar el discurso de su ceremonia de graduaci\u00f3n, que hab\u00eda sido previamente cancelada.<\/p>\n<p>El secretario General de la ONU, Ant\u00f3nio Guterres, se\u00f1al\u00f3 en su solicitud de alto el fuego: \u201cLos m\u00e1s vulnerables \u2013las mujeres y los menores, las personas con discapacidad, los marginados y los desplazados\u2013 pagan el precio m\u00e1s alto\u201d.<\/p>\n<p>Los refugiados de los conflictos que asolan el mundo a menudo se encuentran en campamentos atestados de gente y carecen de condiciones sanitarias adecuadas, lo que constituye un caldo de cultivo ideal para la expansi\u00f3n de la Covid-19. En un campo de refugiados de la isla de Chios, en Grecia, desde hace mucho tiempo descrito como \u201cun infierno\u201d, los residentes recientemente protestaron por la muerte de una mujer iraqu\u00ed, despu\u00e9s de padecer una fiebre. Los residentes del campamento consideran que la muerte se debi\u00f3 a la Covid-19, y que, como todos all\u00ed, la v\u00edctima sufri\u00f3 un tratamiento m\u00e9dico paup\u00e9rrimo. En ambos lados de la frontera entre Estados Unidos y M\u00e9xico, los solicitantes de asilo enfrentan la amenaza de infecci\u00f3n, ya sea en campamentos precarios que han surgido en ciudades mexicanas fronterizas como resultado de la pol\u00edtica de \u201cpermanecer en M\u00e9xico\u201d del gobierno de Trump, o en c\u00e1rceles del Servicio de Inmigraci\u00f3n y Control de Aduanas como el Centro de Detenci\u00f3n Otay Mesa en San Diego, una c\u00e1rcel privada administrada por la empresa CoreCivic, donde los guardias atacaron y rociaron con gas pimienta a los prisioneros ante su demanda de acceder a mascarillas protectoras.<\/p>\n<p>Los campos de refugiados palestinos en Gaza y L\u00edbano tambi\u00e9n corren mayores riesgos de infecci\u00f3n por Covid-19, exacerbados por largas d\u00e9cadas de empobrecimiento sistem\u00e1tico, condiciones sanitarias inadecuadas y la negaci\u00f3n del acceso a la atenci\u00f3n m\u00e9dica.<\/p>\n<p>La pandemia de Covid-19 ha provocado una mirada retrospectiva hacia pandemias anteriores, como la pandemia de gripe de 1918, que arras\u00f3 el planeta y caus\u00f3 la muerte de una cifra estimada de entre 50 y 100 millones de personas. Incluso puede haber acelerado el final de la Primera Guerra Mundial, ya que aniquil\u00f3 a miles de soldados de ambos bandos. Esta enfermedad ha sido llamada durante mucho tiempo \u201cgripe espa\u00f1ola\u201d, un nombre inapropiado, ya que es casi seguro que no se origin\u00f3 en Espa\u00f1a. Las noticias sobre esta gripe fueron censuradas en Francia, Reino Unido y Alemania, tres de los pa\u00edses en guerra, pero no en Espa\u00f1a, que se convirti\u00f3 en la fuente clave de las noticias de la pandemia europea; de ah\u00ed su nombre. Un brote en Kansas provoc\u00f3 la infecci\u00f3n de miles de soldados estadounidenses destinados a luchar en Europa, lo que colabor\u00f3 con la propagaci\u00f3n mundial de esta gripe letal.<\/p>\n<p>En los inicios de la Primera Guerra Mundial, mucho antes del flagelo de la gripe, se produjo un notable alto el fuego, aunque de corta duraci\u00f3n. En la v\u00edspera de Navidad de 1914, a lo largo del Frente Occidental, los soldados alemanes cantaron villancicos desde sus trincheras y poco despu\u00e9s las tropas brit\u00e1nicas y francesas hicieron lo propio. Al amanecer, se hab\u00eda establecido un alto el fuego informal. Los soldados abandonaron sus trincheras para abrazar a sus enemigos en medio del campo de batalla, jugar al f\u00fatbol y compartir champ\u00e1n y cigarrillos.<\/p>\n<p>Esa pandemia, esa guerra y la \u201ctregua de Navidad\u201d son ahora recuerdos distantes. \u00bfHemos aprendido algo? La forma en que enfrentemos el coronavirus como comunidad mundial nos lo dir\u00e1. El secretario general de la ONU reclam\u00f3 el alto el fuego el pasado 23 de marzo, cuando la cantidad de casos confirmados en todo el mundo era \u201csolo\u201d de 300.000; desde entonces ha aumentado a m\u00e1s de tres millones. Guterres concluy\u00f3 su llamamiento con las siguientes palabras: \u201cHay que poner fin a la enfermedad de la guerra y combatir la enfermedad que est\u00e1 devastando nuestro mundo. Se debe comenzar por detener los enfrentamientos armados en todas partes. Ahora\u201d.<\/p>\n","protected":false},"excerpt":{"rendered":"<p>El 23 de marzo, el secretario general de la Organizaci\u00f3n de las Naciones Unidas, Ant\u00f3nio Guterres, hizo un importante llamamiento: \u201cNuestro mundo se enfrenta a un enemigo com\u00fan: la Covid-19. Al virus no le importa la nacionalidad o el origen&hellip;<\/p>\n","protected":false},"author":38,"featured_media":1096832,"comment_status":"closed","ping_status":"closed","sticky":false,"template":"","format":"standard","meta":{"footnotes":""},"categories":[39,161,1243],"tags":[55633,73702,11597],"class_list":["post-1096828","post","type-post","status-publish","format-standard","has-post-thumbnail","hentry","category-internacional","category-opiniones","category-paz-desarme","tag-antonio-guterres-es","tag-crisis-de-coronavirus","tag-guerras"],"yoast_head":"<!-- This site is optimized with the Yoast SEO plugin v27.1.1 - https:\/\/yoast.com\/product\/yoast-seo-wordpress\/ -->\n<title>La furia del virus y el feroz sinsentido de la guerra<\/title>\n<meta name=\"description\" content=\"La furia del virus y el feroz sinsentido de la guerra\" \/>\n<meta name=\"robots\" content=\"index, follow, max-snippet:-1, max-image-preview:large, max-video-preview:-1\" \/>\n<link rel=\"canonical\" href=\"https:\/\/www.pressenza.com\/es\/2020\/05\/la-furia-del-virus-y-el-feroz-sinsentido-de-la-guerra\/\" \/>\n<meta property=\"og:locale\" content=\"es_ES\" \/>\n<meta property=\"og:type\" content=\"article\" \/>\n<meta property=\"og:title\" content=\"La furia del virus y el feroz sinsentido de la guerra\" \/>\n<meta property=\"og:description\" content=\"La furia del virus y el feroz sinsentido de la guerra\" \/>\n<meta property=\"og:url\" content=\"https:\/\/www.pressenza.com\/es\/2020\/05\/la-furia-del-virus-y-el-feroz-sinsentido-de-la-guerra\/\" \/>\n<meta property=\"og:site_name\" content=\"Pressenza\" \/>\n<meta property=\"article:publisher\" content=\"https:\/\/www.facebook.com\/PressenzaItalia\" \/>\n<meta property=\"article:published_time\" content=\"2020-05-02T16:04:43+00:00\" \/>\n<meta property=\"article:modified_time\" content=\"2020-05-02T16:05:15+00:00\" \/>\n<meta property=\"og:image\" content=\"https:\/\/www.pressenza.com\/wp-content\/uploads\/2020\/05\/35977965_303.jpg\" \/>\n\t<meta property=\"og:image:width\" content=\"700\" \/>\n\t<meta property=\"og:image:height\" content=\"394\" \/>\n\t<meta property=\"og:image:type\" content=\"image\/jpeg\" \/>\n<meta name=\"author\" content=\"Amy Goodman\" \/>\n<meta name=\"twitter:card\" content=\"summary_large_image\" \/>\n<meta name=\"twitter:creator\" content=\"@PressenzaIPA\" \/>\n<meta name=\"twitter:site\" content=\"@PressenzaIPA\" \/>\n<meta name=\"twitter:label1\" content=\"Escrito por\" \/>\n\t<meta name=\"twitter:data1\" content=\"Amy Goodman\" \/>\n\t<meta name=\"twitter:label2\" content=\"Tiempo de lectura\" \/>\n\t<meta name=\"twitter:data2\" content=\"5 minutos\" \/>\n<script type=\"application\/ld+json\" class=\"yoast-schema-graph\">{\"@context\":\"https:\/\/schema.org\",\"@graph\":[{\"@type\":\"Article\",\"@id\":\"https:\/\/www.pressenza.com\/es\/2020\/05\/la-furia-del-virus-y-el-feroz-sinsentido-de-la-guerra\/#article\",\"isPartOf\":{\"@id\":\"https:\/\/www.pressenza.com\/es\/2020\/05\/la-furia-del-virus-y-el-feroz-sinsentido-de-la-guerra\/\"},\"author\":{\"name\":\"Amy Goodman\",\"@id\":\"https:\/\/www.pressenza.com\/es\/#\/schema\/person\/fb76c4542b791ee101e00d9e2f9817ee\"},\"headline\":\"La furia del virus y el feroz sinsentido de la guerra\",\"datePublished\":\"2020-05-02T16:04:43+00:00\",\"dateModified\":\"2020-05-02T16:05:15+00:00\",\"mainEntityOfPage\":{\"@id\":\"https:\/\/www.pressenza.com\/es\/2020\/05\/la-furia-del-virus-y-el-feroz-sinsentido-de-la-guerra\/\"},\"wordCount\":1038,\"publisher\":{\"@id\":\"https:\/\/www.pressenza.com\/es\/#organization\"},\"image\":{\"@id\":\"https:\/\/www.pressenza.com\/es\/2020\/05\/la-furia-del-virus-y-el-feroz-sinsentido-de-la-guerra\/#primaryimage\"},\"thumbnailUrl\":\"https:\/\/www.pressenza.com\/wp-content\/uploads\/2020\/05\/35977965_303.jpg\",\"keywords\":[\"Antonio Guterres\",\"Crisis de coronavirus\",\"guerras\"],\"articleSection\":[\"Internacional\",\"Opiniones\",\"Paz y Desarme\"],\"inLanguage\":\"es\"},{\"@type\":\"WebPage\",\"@id\":\"https:\/\/www.pressenza.com\/es\/2020\/05\/la-furia-del-virus-y-el-feroz-sinsentido-de-la-guerra\/\",\"url\":\"https:\/\/www.pressenza.com\/es\/2020\/05\/la-furia-del-virus-y-el-feroz-sinsentido-de-la-guerra\/\",\"name\":\"La furia del virus y el feroz sinsentido de la guerra\",\"isPartOf\":{\"@id\":\"https:\/\/www.pressenza.com\/es\/#website\"},\"primaryImageOfPage\":{\"@id\":\"https:\/\/www.pressenza.com\/es\/2020\/05\/la-furia-del-virus-y-el-feroz-sinsentido-de-la-guerra\/#primaryimage\"},\"image\":{\"@id\":\"https:\/\/www.pressenza.com\/es\/2020\/05\/la-furia-del-virus-y-el-feroz-sinsentido-de-la-guerra\/#primaryimage\"},\"thumbnailUrl\":\"https:\/\/www.pressenza.com\/wp-content\/uploads\/2020\/05\/35977965_303.jpg\",\"datePublished\":\"2020-05-02T16:04:43+00:00\",\"dateModified\":\"2020-05-02T16:05:15+00:00\",\"description\":\"La furia del virus y el feroz sinsentido de la guerra\",\"breadcrumb\":{\"@id\":\"https:\/\/www.pressenza.com\/es\/2020\/05\/la-furia-del-virus-y-el-feroz-sinsentido-de-la-guerra\/#breadcrumb\"},\"inLanguage\":\"es\",\"potentialAction\":[{\"@type\":\"ReadAction\",\"target\":[\"https:\/\/www.pressenza.com\/es\/2020\/05\/la-furia-del-virus-y-el-feroz-sinsentido-de-la-guerra\/\"]}]},{\"@type\":\"ImageObject\",\"inLanguage\":\"es\",\"@id\":\"https:\/\/www.pressenza.com\/es\/2020\/05\/la-furia-del-virus-y-el-feroz-sinsentido-de-la-guerra\/#primaryimage\",\"url\":\"https:\/\/www.pressenza.com\/wp-content\/uploads\/2020\/05\/35977965_303.jpg\",\"contentUrl\":\"https:\/\/www.pressenza.com\/wp-content\/uploads\/2020\/05\/35977965_303.jpg\",\"width\":700,\"height\":394},{\"@type\":\"BreadcrumbList\",\"@id\":\"https:\/\/www.pressenza.com\/es\/2020\/05\/la-furia-del-virus-y-el-feroz-sinsentido-de-la-guerra\/#breadcrumb\",\"itemListElement\":[{\"@type\":\"ListItem\",\"position\":1,\"name\":\"Accueil\",\"item\":\"https:\/\/www.pressenza.com\/es\/\"},{\"@type\":\"ListItem\",\"position\":2,\"name\":\"La furia del virus y el feroz sinsentido de la guerra\"}]},{\"@type\":\"WebSite\",\"@id\":\"https:\/\/www.pressenza.com\/es\/#website\",\"url\":\"https:\/\/www.pressenza.com\/es\/\",\"name\":\"Pressenza\",\"description\":\"International Press Agency\",\"publisher\":{\"@id\":\"https:\/\/www.pressenza.com\/es\/#organization\"},\"potentialAction\":[{\"@type\":\"SearchAction\",\"target\":{\"@type\":\"EntryPoint\",\"urlTemplate\":\"https:\/\/www.pressenza.com\/es\/?s={search_term_string}\"},\"query-input\":{\"@type\":\"PropertyValueSpecification\",\"valueRequired\":true,\"valueName\":\"search_term_string\"}}],\"inLanguage\":\"es\"},{\"@type\":\"Organization\",\"@id\":\"https:\/\/www.pressenza.com\/es\/#organization\",\"name\":\"Pressenza\",\"url\":\"https:\/\/www.pressenza.com\/es\/\",\"logo\":{\"@type\":\"ImageObject\",\"inLanguage\":\"es\",\"@id\":\"https:\/\/www.pressenza.com\/es\/#\/schema\/logo\/image\/\",\"url\":\"https:\/\/www.pressenza.com\/wp-content\/uploads\/2022\/10\/pressenza_logo_200x200.jpg\",\"contentUrl\":\"https:\/\/www.pressenza.com\/wp-content\/uploads\/2022\/10\/pressenza_logo_200x200.jpg\",\"width\":200,\"height\":200,\"caption\":\"Pressenza\"},\"image\":{\"@id\":\"https:\/\/www.pressenza.com\/es\/#\/schema\/logo\/image\/\"},\"sameAs\":[\"https:\/\/www.facebook.com\/PressenzaItalia\",\"https:\/\/x.com\/PressenzaIPA\"]},{\"@type\":\"Person\",\"@id\":\"https:\/\/www.pressenza.com\/es\/#\/schema\/person\/fb76c4542b791ee101e00d9e2f9817ee\",\"name\":\"Amy Goodman\",\"description\":\"Award-winning investigative journalist and syndicated columnist, author and host\/executive producer of Democracy Now! www.democracynow.org\",\"url\":\"https:\/\/www.pressenza.com\/es\/author\/amy-goodman\/\"}]}<\/script>\n<!-- \/ Yoast SEO plugin. -->","yoast_head_json":{"title":"La furia del virus y el feroz sinsentido de la guerra","description":"La furia del virus y el feroz sinsentido de la guerra","robots":{"index":"index","follow":"follow","max-snippet":"max-snippet:-1","max-image-preview":"max-image-preview:large","max-video-preview":"max-video-preview:-1"},"canonical":"https:\/\/www.pressenza.com\/es\/2020\/05\/la-furia-del-virus-y-el-feroz-sinsentido-de-la-guerra\/","og_locale":"es_ES","og_type":"article","og_title":"La furia del virus y el feroz sinsentido de la guerra","og_description":"La furia del virus y el feroz sinsentido de la guerra","og_url":"https:\/\/www.pressenza.com\/es\/2020\/05\/la-furia-del-virus-y-el-feroz-sinsentido-de-la-guerra\/","og_site_name":"Pressenza","article_publisher":"https:\/\/www.facebook.com\/PressenzaItalia","article_published_time":"2020-05-02T16:04:43+00:00","article_modified_time":"2020-05-02T16:05:15+00:00","og_image":[{"width":700,"height":394,"url":"https:\/\/www.pressenza.com\/wp-content\/uploads\/2020\/05\/35977965_303.jpg","type":"image\/jpeg"}],"author":"Amy Goodman","twitter_card":"summary_large_image","twitter_creator":"@PressenzaIPA","twitter_site":"@PressenzaIPA","twitter_misc":{"Escrito por":"Amy Goodman","Tiempo de lectura":"5 minutos"},"schema":{"@context":"https:\/\/schema.org","@graph":[{"@type":"Article","@id":"https:\/\/www.pressenza.com\/es\/2020\/05\/la-furia-del-virus-y-el-feroz-sinsentido-de-la-guerra\/#article","isPartOf":{"@id":"https:\/\/www.pressenza.com\/es\/2020\/05\/la-furia-del-virus-y-el-feroz-sinsentido-de-la-guerra\/"},"author":{"name":"Amy Goodman","@id":"https:\/\/www.pressenza.com\/es\/#\/schema\/person\/fb76c4542b791ee101e00d9e2f9817ee"},"headline":"La furia del virus y el feroz sinsentido de la guerra","datePublished":"2020-05-02T16:04:43+00:00","dateModified":"2020-05-02T16:05:15+00:00","mainEntityOfPage":{"@id":"https:\/\/www.pressenza.com\/es\/2020\/05\/la-furia-del-virus-y-el-feroz-sinsentido-de-la-guerra\/"},"wordCount":1038,"publisher":{"@id":"https:\/\/www.pressenza.com\/es\/#organization"},"image":{"@id":"https:\/\/www.pressenza.com\/es\/2020\/05\/la-furia-del-virus-y-el-feroz-sinsentido-de-la-guerra\/#primaryimage"},"thumbnailUrl":"https:\/\/www.pressenza.com\/wp-content\/uploads\/2020\/05\/35977965_303.jpg","keywords":["Antonio Guterres","Crisis de coronavirus","guerras"],"articleSection":["Internacional","Opiniones","Paz y Desarme"],"inLanguage":"es"},{"@type":"WebPage","@id":"https:\/\/www.pressenza.com\/es\/2020\/05\/la-furia-del-virus-y-el-feroz-sinsentido-de-la-guerra\/","url":"https:\/\/www.pressenza.com\/es\/2020\/05\/la-furia-del-virus-y-el-feroz-sinsentido-de-la-guerra\/","name":"La furia del virus y el feroz sinsentido de la guerra","isPartOf":{"@id":"https:\/\/www.pressenza.com\/es\/#website"},"primaryImageOfPage":{"@id":"https:\/\/www.pressenza.com\/es\/2020\/05\/la-furia-del-virus-y-el-feroz-sinsentido-de-la-guerra\/#primaryimage"},"image":{"@id":"https:\/\/www.pressenza.com\/es\/2020\/05\/la-furia-del-virus-y-el-feroz-sinsentido-de-la-guerra\/#primaryimage"},"thumbnailUrl":"https:\/\/www.pressenza.com\/wp-content\/uploads\/2020\/05\/35977965_303.jpg","datePublished":"2020-05-02T16:04:43+00:00","dateModified":"2020-05-02T16:05:15+00:00","description":"La furia del virus y el feroz sinsentido de la guerra","breadcrumb":{"@id":"https:\/\/www.pressenza.com\/es\/2020\/05\/la-furia-del-virus-y-el-feroz-sinsentido-de-la-guerra\/#breadcrumb"},"inLanguage":"es","potentialAction":[{"@type":"ReadAction","target":["https:\/\/www.pressenza.com\/es\/2020\/05\/la-furia-del-virus-y-el-feroz-sinsentido-de-la-guerra\/"]}]},{"@type":"ImageObject","inLanguage":"es","@id":"https:\/\/www.pressenza.com\/es\/2020\/05\/la-furia-del-virus-y-el-feroz-sinsentido-de-la-guerra\/#primaryimage","url":"https:\/\/www.pressenza.com\/wp-content\/uploads\/2020\/05\/35977965_303.jpg","contentUrl":"https:\/\/www.pressenza.com\/wp-content\/uploads\/2020\/05\/35977965_303.jpg","width":700,"height":394},{"@type":"BreadcrumbList","@id":"https:\/\/www.pressenza.com\/es\/2020\/05\/la-furia-del-virus-y-el-feroz-sinsentido-de-la-guerra\/#breadcrumb","itemListElement":[{"@type":"ListItem","position":1,"name":"Accueil","item":"https:\/\/www.pressenza.com\/es\/"},{"@type":"ListItem","position":2,"name":"La furia del virus y el feroz sinsentido de la guerra"}]},{"@type":"WebSite","@id":"https:\/\/www.pressenza.com\/es\/#website","url":"https:\/\/www.pressenza.com\/es\/","name":"Pressenza","description":"International Press Agency","publisher":{"@id":"https:\/\/www.pressenza.com\/es\/#organization"},"potentialAction":[{"@type":"SearchAction","target":{"@type":"EntryPoint","urlTemplate":"https:\/\/www.pressenza.com\/es\/?s={search_term_string}"},"query-input":{"@type":"PropertyValueSpecification","valueRequired":true,"valueName":"search_term_string"}}],"inLanguage":"es"},{"@type":"Organization","@id":"https:\/\/www.pressenza.com\/es\/#organization","name":"Pressenza","url":"https:\/\/www.pressenza.com\/es\/","logo":{"@type":"ImageObject","inLanguage":"es","@id":"https:\/\/www.pressenza.com\/es\/#\/schema\/logo\/image\/","url":"https:\/\/www.pressenza.com\/wp-content\/uploads\/2022\/10\/pressenza_logo_200x200.jpg","contentUrl":"https:\/\/www.pressenza.com\/wp-content\/uploads\/2022\/10\/pressenza_logo_200x200.jpg","width":200,"height":200,"caption":"Pressenza"},"image":{"@id":"https:\/\/www.pressenza.com\/es\/#\/schema\/logo\/image\/"},"sameAs":["https:\/\/www.facebook.com\/PressenzaItalia","https:\/\/x.com\/PressenzaIPA"]},{"@type":"Person","@id":"https:\/\/www.pressenza.com\/es\/#\/schema\/person\/fb76c4542b791ee101e00d9e2f9817ee","name":"Amy Goodman","description":"Award-winning investigative journalist and syndicated columnist, author and host\/executive producer of Democracy Now! www.democracynow.org","url":"https:\/\/www.pressenza.com\/es\/author\/amy-goodman\/"}]}},"place":"Nueva York","original_article_url":"https:\/\/www.democracynow.org\/es\/2020\/4\/30\/la_furia_del_virus_y_el","_links":{"self":[{"href":"https:\/\/www.pressenza.com\/es\/wp-json\/wp\/v2\/posts\/1096828","targetHints":{"allow":["GET"]}}],"collection":[{"href":"https:\/\/www.pressenza.com\/es\/wp-json\/wp\/v2\/posts"}],"about":[{"href":"https:\/\/www.pressenza.com\/es\/wp-json\/wp\/v2\/types\/post"}],"author":[{"embeddable":true,"href":"https:\/\/www.pressenza.com\/es\/wp-json\/wp\/v2\/users\/38"}],"replies":[{"embeddable":true,"href":"https:\/\/www.pressenza.com\/es\/wp-json\/wp\/v2\/comments?post=1096828"}],"version-history":[{"count":0,"href":"https:\/\/www.pressenza.com\/es\/wp-json\/wp\/v2\/posts\/1096828\/revisions"}],"wp:featuredmedia":[{"embeddable":true,"href":"https:\/\/www.pressenza.com\/es\/wp-json\/wp\/v2\/media\/1096832"}],"wp:attachment":[{"href":"https:\/\/www.pressenza.com\/es\/wp-json\/wp\/v2\/media?parent=1096828"}],"wp:term":[{"taxonomy":"category","embeddable":true,"href":"https:\/\/www.pressenza.com\/es\/wp-json\/wp\/v2\/categories?post=1096828"},{"taxonomy":"post_tag","embeddable":true,"href":"https:\/\/www.pressenza.com\/es\/wp-json\/wp\/v2\/tags?post=1096828"}],"curies":[{"name":"wp","href":"https:\/\/api.w.org\/{rel}","templated":true}]}}