{"id":1095568,"date":"2020-04-30T21:35:25","date_gmt":"2020-04-30T20:35:25","guid":{"rendered":"https:\/\/www.pressenza.com\/?p=1095568"},"modified":"2020-04-30T21:35:25","modified_gmt":"2020-04-30T20:35:25","slug":"nacho-levy-el-virus-ya-esta-en-las-villas-y-ahora-como-seguimos","status":"publish","type":"post","link":"https:\/\/www.pressenza.com\/es\/2020\/04\/nacho-levy-el-virus-ya-esta-en-las-villas-y-ahora-como-seguimos\/","title":{"rendered":"Nacho Levy: \u201cEl virus ya est\u00e1 en las villas. \u00bfY ahora? \u00bfC\u00f3mo seguimos?\u201d"},"content":{"rendered":"<p><em>Las que siguen son declaraciones de Nacho Levy, referente de La Poderosa, <a href=\"https:\/\/radiocut.fm\/audiocut\/nacho-levy-con-ernesto-tenembaum-2\/#\" target=\"_blank\" rel=\"noopener noreferrer\">ayer (29) en #YAQPA<\/a>, el programa de Ernesto Tenembaum en Radio con vos.<\/em><\/p>\n<p><em>Para quien no la conozca, La Poderosa es la organizaci\u00f3n barrial que desde 2001 crece y se multiplica en barrios populares, desde las villas de las ciudades grandes hasta las periferias de las m\u00e1s chicas. Eso vale tambi\u00e9n para otros pa\u00edses de la regi\u00f3n donde se replica para dar respuesta \u2013con escasas variantes\u2013 a las mismas necesidades, a la misma postergaci\u00f3n.<\/em><\/p>\n<p><em>Hoy \u201cla Pode\u201d \u2013como la llama su gente\u2013, se organiza en el pa\u00eds en 112 asambleas que hacen frente a las carencias de salud, alimentaci\u00f3n, educaci\u00f3n, vivienda, higiene, g\u00e9nero\u2026 a todo, en fin, lo que el Estado no atiende. \u201cGritan\u201d lo que les pasa y hacen, a trav\u00e9s de su revista \u2013La garganta poderosa\u2013, y de las redes sociales que replican los testimonios, reclamos y emprendimientos de los vecinos.<\/em><\/p>\n<p><em>En el contexto particular de la pandemia, La Poderosa ha redoblado su trabajo de denuncia a trav\u00e9s de sucesivos informes<\/em>\u00b9<em> interpelando a las autoridades en particular y a la gente en general.\u00a0 <strong>\u201cLa pandemia vino a poner a la vista de todo el mundo una desigualdad cruel que hemos ido naturalizando silenciosamente como sociedad\u201d<\/strong>, dec\u00eda Nacho Levy en la nota de ayer.<\/em><\/p>\n<p><em>Siguen tramos de la entrevista abordando tanto situaciones generales, como algunas espec\u00edficas de la Ciudad de Buenos Aires.<\/em><\/p>\n<p>&nbsp;<\/p>\n<p>\u2013\u00bbLos niveles de exposici\u00f3n aumentan o disminuyen en proporci\u00f3n a tu condici\u00f3n econ\u00f3mica. Hoy eso est\u00e1 clar\u00edsimo. Por eso cuando empez\u00f3 todo esto publicamos un informe que se titulaba \u201c<a href=\"https:\/\/www.pressenza.com\/es\/2020\/03\/las-villas-el-otro-grupo-de-riesgo\/\" target=\"_blank\" rel=\"noopener noreferrer\">Las villas, el otro grupo de riesgo<\/a>\u201d, porque ac\u00e1 est\u00e1n las peores condiciones para el aislamiento y est\u00e1n las mejores condiciones para el contagio. A esa pobreza estructural de la precariedad, el riesgo el\u00e9ctrico, los cables que se cobraron tantas vidas y que ahora mismo est\u00e1n chispeando abajo de la lluvia, la desocupaci\u00f3n, la desnutrici\u00f3n, todo lo que ya conocemos, se suma la inmensa dificultad para recoger las recomendaciones de los m\u00e9dicos cuando no ten\u00e9s agua, porque te ponen en la disyuntiva de a qui\u00e9n vas a desobedecer, si a la Organizaci\u00f3n Mundial de la Salud, a los m\u00e9dicos que te hablan 24 horas por todos los canales de aire, o a la cuarentena.\u00bb<\/p>\n<h4>Colapso alimentario y sanitario<\/h4>\n<p>\u2013\u00bbAc\u00e1 cuando llueve se llenan los pasillos de baldes y de palanganas, de gente que sale a buscar agua para poder luchar contra el coronavirus limpiando los pisos de su casa, pero abriendo tambi\u00e9n as\u00ed la temporada de \u201cpileta del dengue\u201d, decimos, porque no hay descacharreo ni fumigaci\u00f3n. Imaginate que van 2412 casos en 2020 s\u00f3lo en tres comunas de la zona sur.<\/p>\n<p>La semana pasada te hubiera dicho que el colapso m\u00e1s preocupante no era el sanitario sino el alimentario. S\u00f3lo en los \u00faltimos 10 d\u00edas la demanda de nuestros comedores creci\u00f3 un 40%. En total ya es un 320% desde que empez\u00f3 la cuarentena. Toda esa pobreza estructural viene a requerir ahora tambi\u00e9n una respuesta sanitaria que tiene que ser estructural, porque frente a todo eso, ahora tenemos el impacto sanitario. Se acab\u00f3 la previa.<\/p>\n<p>El \u00faltimo fin de semana todo ese desborde habitacional, sicol\u00f3gico, alimentario, se transform\u00f3 en un enorme problema sanitario porque ya est\u00e1, ya lleg\u00f3 el virus, ya est\u00e1 en las villas de la Capital. Tenemos 13 casos en la 31, 2 en la villa 20, uno en la villa 15 que es la Ciudad Oculta, cerca de 15 casos en la 1-11-14, y ahora nos enteramos ayer uno tambi\u00e9n ac\u00e1, en la 21-24 donde no hab\u00eda casos confirmados. (\u2026)<\/p>\n<p>Entonces ahora lo que todos nos preguntamos es c\u00f3mo sigue \u00bfno? \u00bfC\u00f3mo sigue? Porque el plan A era quedarse en casa, y hasta el propio gobierno, los curas villeros, todos salieron a decir \u201chay condiciones de hacinamiento y precariedad en algunos barrios donde quedarse en casa es imposible\u201d. Y era muy finito ese mensaje, porque vos ten\u00edas que decir que era entendible que mucha gente saliera de su casa, sin que se confunda en una habilitaci\u00f3n para que cualquiera saliera de su casa. Entonces el plan B fue \u201cquedate en tu barrio\u201d que tambi\u00e9n era pol\u00e9mico, porque \u201cquedate en tu barrio\u201d pod\u00eda ser una alternativa hasta que entrara el virus. Pero ahora el virus ya entr\u00f3. \u00bfEntonces cu\u00e1l ser\u00eda el plan C?\u00bb<\/p>\n<p><img loading=\"lazy\" decoding=\"async\" class=\"alignnone wp-image-1095599 size-full\" src=\"https:\/\/www.pressenza.com\/wp-content\/uploads\/2020\/04\/olla-ppopular-LaPoderosa.jpg\" alt=\"\" width=\"1024\" height=\"683\" srcset=\"https:\/\/www.pressenza.com\/wp-content\/uploads\/2020\/04\/olla-ppopular-LaPoderosa.jpg 1024w, https:\/\/www.pressenza.com\/wp-content\/uploads\/2020\/04\/olla-ppopular-LaPoderosa-300x200.jpg 300w, https:\/\/www.pressenza.com\/wp-content\/uploads\/2020\/04\/olla-ppopular-LaPoderosa-720x480.jpg 720w, https:\/\/www.pressenza.com\/wp-content\/uploads\/2020\/04\/olla-ppopular-LaPoderosa-768x512.jpg 768w\" sizes=\"auto, (max-width: 1024px) 100vw, 1024px\" \/><\/p>\n<h4>Necesitamos aislamiento hoy mismo<\/h4>\n<p>\u2013\u00bbNosotros necesitamos hoy, ya mismo, tener disponibilidad de camas para poder aislar no s\u00f3lo los contactos estrechos, sino a los pacientes de riesgo que viven en nuestros barrios. Porque cuando aparece el virus en el hospital, ten\u00e9s que desinfectarlo; si aparece en un geri\u00e1trico, ten\u00e9s que evacuarlo. A nadie se le ocurre tirar un hashtag que diga \u201cquedate en tu hospital\u201d o \u201cquedate en tu geri\u00e1trico\u201d. Entonces ahora tampoco basta con quedarse en el barrio. Por supuesto que no pod\u00e9s mudar a todo el mundo, pero hay que poder poner a salvo a quienes corren riesgo. El famoso grupo A del que vienen hablando en televisi\u00f3n\u2026 (\u2026)<\/p>\n<p>Hace 10 d\u00edas tuvimos una reuni\u00f3n: referentes comunitarios, coordinadores de salud de La Poderosa, y te dir\u00eda todo el equipo entero del Ministerio de Salud del Gobierno de la Ciudad. Planteamos todas estas problem\u00e1ticas. Creo que Quir\u00f3s <em>(Ministro de Salud de la Ciudad)<\/em> no neg\u00f3 ninguno de nuestros diagn\u00f3sticos o nuestras preocupaciones. (\u2026)\u00bb<\/p>\n<h4>Cuatro puntos concretos<\/h4>\n<p>\u2013\u00bbTe digo cuatro puntos bien concretos que con Quir\u00f3s pudimos charlar y despu\u00e9s ah\u00ed quedaron. El primero, los traslados sanitarios. El Gobierno de la Ciudad ya reconoci\u00f3 que necesita aumentar la frecuencia de los traslados que se hacen de las salitas de las villas o los CESAC (centros de salud) hasta los hospitales, porque hay m\u00e1s demanda. Y efectivamente aument\u00f3 la frecuencia, pero esa frecuencia aument\u00f3 solamente en el horario en que est\u00e1n abiertas las salitas de las villas y el CESAC, que son de lunes a viernes. O sea: no ten\u00e9s traslados (\u2026) ning\u00fan d\u00eda a la noche, ni los s\u00e1bados, ni los domingos. Entonces fuimos y les dijimos lo mismo que venimos pidiendo con los curas villeros desde 2009: \u201chabiliten transportes sanitarios del propio barrio. Establezcan ustedes las condiciones de higiene o la normativa, y hagamos que remises del barrio o transportes del barrio puedan cumplir ese rol\u201d. Bueno, igual que vos, nos dijeron \u201cclaro\u201d, pero seguimos esperando una respuesta para poder implementarlo. Y la emergencia es ahora. No jodamos, es ahora \u00bfo cu\u00e1ndo va a ser? Porque (\u2026) si no es ya, a nosotros no nos sirve, y lo hablamos hace diez d\u00edas.<\/p>\n<p>El segundo punto tuvo que ver con lo que explot\u00f3 ahora en la 31 del agua. (\u2026) Nosotros dijimos desde el d\u00eda 0: incorporen los sachets de agua potable a las viandas que entregan a las familias. Porque yo no ser\u00eda capaz de contradecir el mensaje \u201clavate las manos cada dos horas\u201d. \u00bfEs vital lavarme las manos cada dos horas? Y entonces por qu\u00e9 ac\u00e1 tengo que aceptar que no me puedo lavar las manos durante dos d\u00edas? Y Quir\u00f3s tuvo una respuesta m\u00e1s que generosa. Nos dijo \u201chagamos ya mismo una cooperativa embotelladora (\u2026) en una boca de Aysa\u201d. \u201c\u00a1Bueno, dale!\u201d. S\u00ed, bueno dale, pero seguimos esperando. Y fue hace 10 d\u00edas.<\/p>\n<p>El tercer punto era el descacharreo, la desinfecci\u00f3n, la fumigaci\u00f3n para frenar los casos de dengue, porque si los dengues te bajan las defensas y vos entr\u00e1s al grupo de riesgo, colaps\u00e1s el mismo sistema sanitario que te va a cubrir por el coronavirus. Tampoco tuvimos respuesta.\u00bb<\/p>\n<p><img loading=\"lazy\" decoding=\"async\" class=\"alignnone wp-image-1095589 size-full\" src=\"https:\/\/www.pressenza.com\/wp-content\/uploads\/2020\/04\/sin-agua-La-Poderosa.jpg\" alt=\"\" width=\"1024\" height=\"682\" srcset=\"https:\/\/www.pressenza.com\/wp-content\/uploads\/2020\/04\/sin-agua-La-Poderosa.jpg 1024w, https:\/\/www.pressenza.com\/wp-content\/uploads\/2020\/04\/sin-agua-La-Poderosa-300x200.jpg 300w, https:\/\/www.pressenza.com\/wp-content\/uploads\/2020\/04\/sin-agua-La-Poderosa-720x480.jpg 720w, https:\/\/www.pressenza.com\/wp-content\/uploads\/2020\/04\/sin-agua-La-Poderosa-768x512.jpg 768w\" sizes=\"auto, (max-width: 1024px) 100vw, 1024px\" \/><\/p>\n<h4>El punto m\u00e1s dram\u00e1tico<\/h4>\n<p>\u2013\u00bbY el \u00faltimo punto es el m\u00e1s grave de todos, el m\u00e1s dram\u00e1tico para nosotros (\u2026). Quir\u00f3s nos dijo en esa reuni\u00f3n \u201cnosotros no queremos armar un predio como el de la AFA o como el de algunos clubes que se abrieron con muchas camas, por dos cosas: porque nos parece que si el virus entra ah\u00ed puede hacer un desastre, y porque nos parece que es una manera muy fr\u00eda de aislar a gente que est\u00e1 acostumbrada a tener una vida comunitaria. No la pod\u00e9s arrancar y tirar ah\u00ed adentro\u201d. Bien \u00bfy entonces cu\u00e1l es el plan? \u201cBueno, el plan es que veamos, que nos ayuden ustedes, las organizaciones, a ver en qu\u00e9 lugares podemos nosotros ir aislando (\u2026) porque \u2013y estas son palabras de Quir\u00f3s\u2013 nosotros estamos estimando que para el pico de la curva vamos a necesitar aislar, de contactos estrechos a 1500 personas\u201d. \u00bfY cuantas camas ten\u00e9s hoy? 300 camas, las 300 camas que gracias a Dios y Mar\u00eda Sant\u00edsima, pusieron los curas villeros. Pero entonces s\u00f3lo para contactos estrechos te est\u00e1n faltando 1200 camas.<\/p>\n<p>En esa misma reuni\u00f3n, hace 10 d\u00edas, nosotros le dijimos \u201cnosotros las \u00fanicas oficinas que tenemos en el centro las tenemos gratis porque nos las presta el hotel Bauen, que es una cooperativa. Estamos seguros que van a estar bien predispuestos a recibirnos. \u00bfSe puede considerar como una opci\u00f3n?\u201d Todos los que estaban ah\u00ed ve\u00edan con buenos ojos esa alternativa. Yo creo realmente que si hay una respuesta negativa no es de Quir\u00f3s por m\u00e1s que sea Quir\u00f3s quien tenga que desmentirla. Tenemos 100 camas en el Bauen a disposici\u00f3n.<\/p>\n<p>Bueno, todav\u00eda no nos dieron una respuesta. Ni para el Bauen, ni d\u00f3nde van a estar esas camas, porque hay 3 tipos de aislamiento que nosotros necesitamos poder implementar de manera urgente. No s\u00f3lo los contactos estrechos. Los contactos estrechos, obvio, las familias de esas 13 personas que ya fueron confirmadas positivas. Tambi\u00e9n necesitamos poder aislar a todos los mayores de 60 a\u00f1os, embarazadas, personas con afecciones card\u00edacas que est\u00e1n en nuestro barrio, y tambi\u00e9n necesitamos poder aislar a las mujeres en situaci\u00f3n de encierro que necesitan una respuesta habitacional.\u00bb<\/p>\n<p><img loading=\"lazy\" decoding=\"async\" class=\"alignnone wp-image-1095579 size-full\" src=\"https:\/\/www.pressenza.com\/wp-content\/uploads\/2020\/04\/abuelos-LaPoderosa.jpg\" alt=\"\" width=\"1024\" height=\"682\" srcset=\"https:\/\/www.pressenza.com\/wp-content\/uploads\/2020\/04\/abuelos-LaPoderosa.jpg 1024w, https:\/\/www.pressenza.com\/wp-content\/uploads\/2020\/04\/abuelos-LaPoderosa-300x200.jpg 300w, https:\/\/www.pressenza.com\/wp-content\/uploads\/2020\/04\/abuelos-LaPoderosa-720x480.jpg 720w, https:\/\/www.pressenza.com\/wp-content\/uploads\/2020\/04\/abuelos-LaPoderosa-768x512.jpg 768w\" sizes=\"auto, (max-width: 1024px) 100vw, 1024px\" \/><\/p>\n<h4>Le pedimos ayuda al Estado y no nos dieron pelota<\/h4>\n<p>\u2013\u00bbAyer a la noche yo lo ve\u00eda a Quir\u00f3s en un programa de televisi\u00f3n (\u2026) y ni siquiera mencionaron la villa 31. Ven\u00edamos de confirmar 13 casos y de que pasara 48 horas sin gas, sin luz y sin agua. Ni siquiera se lo mencionaron. Le mencionaron los geri\u00e1tricos. \u00bfY sab\u00e9s lo qu\u00e9 dijo Quir\u00f3s sobre los geri\u00e1tricos? \u201cHay 483 geri\u00e1tricos y la \u00faltima semana visitamos a todos. Y los comportamientos no apropiados son muy pocos. Registramos a todos y relevamos a todos porque nos vamos a ocupar de todos\u00a0 uno por uno\u201d.<\/p>\n<p>Bueno, en la villa nadie tiene comportamiento apropiado para la Organizaci\u00f3n Mundial de la Salud porque es inviable. Y a las villas no las visitaron todas, y no son 483. A Zabaleta por ejemplo no vinieron. \u00bfY sab\u00e9s qu\u00e9 pasa? Nuestros abuelos, las viejitas y viejitos de los barrios, no est\u00e1n en geri\u00e1tricos ni est\u00e1n en hospitales. Est\u00e1n en los barrios porque as\u00ed lo dispone el gobierno de la Ciudad. Y no son viejitos con menos problemas, no son viejitos con menos enfermedades, no son viejitos con menos derechos: son viejitos con menos plata. Entonces para rematar, dice Quir\u00f3s: \u201ca los barrios vulnerables les pedimos por favor que pidan ayuda a su familia\u2013\u00a1nuestras familias viven en la misma casa que los viejitos!\u2013 o si no al Estado\u201d. Bueno, nosotros ya le pedimos ayuda al Estado, que ser\u00eda \u00e9l, y no nos dieron pelota.<\/p>\n<p>(\u2026) Lo que hoy estamos diciendo es: hay que individualizar s\u00ed o si al grupo de riesgo A. Tienen que hacer un registro. As\u00ed como pueden individualizar los casos de los geri\u00e1tricos, debieran poder hacerlo en los barrios donde las familias no pueden pagar un geri\u00e1trico.\u00bb<\/p>\n<h4>Necesitamos un pacto social<\/h4>\n<p>\u2013\u00bbAs\u00ed como existe un consenso, un acuerdo\u00a0 que celebramos, de toda la clase pol\u00edtico partidaria para tratar de abordar la pandemia y todo lo que implica en t\u00e9rminos\u00a0 sanitarios o econ\u00f3micos de manera transversal, sin mezquindades, necesitamos un pacto social\u00a0 verdaderamente profundo\u00a0 de los funcionarios, de los comunicadores, de las organizaciones sociales y de los ciudadanos de a pie, para visibilizar esta situaci\u00f3n, para no quedarnos en respuestas de caf\u00e9, en respuestas cosm\u00e9ticas, para hacernos cargo de la pobreza estructural.\u00bb<\/p>\n<hr \/>\n<p>1 <a href=\"http:\/\/www.lapoderosa.org.ar\/2020\/03\/32219\/\" target=\"_blank\" rel=\"noopener noreferrer\">Informe 1<\/a> | <a href=\"https:\/\/www.facebook.com\/gargantapodero\/photos\/pb.213440425391495.-2207520000..\/2931086506960193\/?type=3&amp;theater\" target=\"_blank\" rel=\"noopener noreferrer\">Informe 2<\/a> | <a href=\"https:\/\/www.facebook.com\/gargantapodero\/posts\/2947011302034380?__tn__=K-R\" target=\"_blank\" rel=\"noopener noreferrer\">Informe 3<\/a> | <a href=\"https:\/\/www.facebook.com\/photo.php?fbid=3132670386779545&amp;set=a.200294930017120&amp;type=3&amp;theater\" target=\"_blank\" rel=\"noopener noreferrer\">Informe 4<\/a><\/p>\n","protected":false},"excerpt":{"rendered":"<p>Las que siguen son declaraciones de Nacho Levy, referente de La Poderosa, ayer (29) en #YAQPA, el programa de Ernesto Tenembaum en Radio con vos. Para quien no la conozca, La Poderosa es la organizaci\u00f3n barrial que desde 2001 crece&hellip;<\/p>\n","protected":false},"author":1254,"featured_media":1095609,"comment_status":"closed","ping_status":"closed","sticky":false,"template":"","format":"standard","meta":{"footnotes":""},"categories":[11389,79,155,74,67],"tags":[70071,72471,73431,17290,17155,65834,816],"class_list":["post-1095568","post","type-post","status-publish","format-standard","has-post-thumbnail","hentry","category-contenido-original","category-derechos-humanos","category-entrevistas","category-politica-es","category-sudamerica","tag-coronavirus-es","tag-covid19-es","tag-crisis-sanitaria","tag-la-garganta-poderosa","tag-la-poderosa","tag-pacto-social","tag-pobreza-es"],"yoast_head":"<!-- This site is optimized with the Yoast SEO plugin v27.1.1 - https:\/\/yoast.com\/product\/yoast-seo-wordpress\/ -->\n<title>Nacho Levy: \u201cEl virus ya est\u00e1 en las villas. \u00bfY ahora? \u00bfC\u00f3mo seguimos?\u201d<\/title>\n<meta name=\"description\" content=\"Las que siguen son declaraciones de Nacho Levy, referente de La Poderosa, ayer (29) en #YAQPA, el programa de Ernesto Tenembaum en Radio con vos. Para\" \/>\n<meta name=\"robots\" content=\"index, follow, max-snippet:-1, max-image-preview:large, max-video-preview:-1\" \/>\n<link rel=\"canonical\" href=\"https:\/\/www.pressenza.com\/es\/2020\/04\/nacho-levy-el-virus-ya-esta-en-las-villas-y-ahora-como-seguimos\/\" \/>\n<meta property=\"og:locale\" content=\"es_ES\" \/>\n<meta property=\"og:type\" content=\"article\" \/>\n<meta property=\"og:title\" content=\"Nacho Levy: \u201cEl virus ya est\u00e1 en las villas. \u00bfY ahora? \u00bfC\u00f3mo seguimos?\u201d\" \/>\n<meta property=\"og:description\" content=\"Las que siguen son declaraciones de Nacho Levy, referente de La Poderosa, ayer (29) en #YAQPA, el programa de Ernesto Tenembaum en Radio con vos. Para\" \/>\n<meta property=\"og:url\" content=\"https:\/\/www.pressenza.com\/es\/2020\/04\/nacho-levy-el-virus-ya-esta-en-las-villas-y-ahora-como-seguimos\/\" \/>\n<meta property=\"og:site_name\" content=\"Pressenza\" \/>\n<meta property=\"article:publisher\" content=\"https:\/\/www.facebook.com\/PressenzaItalia\" \/>\n<meta property=\"article:author\" content=\"https:\/\/www.facebook.com\/pressenza\" \/>\n<meta property=\"article:published_time\" content=\"2020-04-30T20:35:25+00:00\" \/>\n<meta property=\"og:image\" content=\"https:\/\/www.pressenza.com\/wp-content\/uploads\/2020\/04\/Covid19-LaPoderosa-1.jpg\" \/>\n\t<meta property=\"og:image:width\" content=\"1024\" \/>\n\t<meta property=\"og:image:height\" content=\"682\" \/>\n\t<meta property=\"og:image:type\" content=\"image\/jpeg\" \/>\n<meta name=\"author\" content=\"Redacci\u00f3n Mar del Plata\" \/>\n<meta name=\"twitter:card\" content=\"summary_large_image\" \/>\n<meta name=\"twitter:creator\" content=\"@Pressenza\" \/>\n<meta name=\"twitter:site\" content=\"@PressenzaIPA\" \/>\n<meta name=\"twitter:label1\" content=\"Escrito por\" \/>\n\t<meta name=\"twitter:data1\" content=\"Redacci\u00f3n Mar del Plata\" \/>\n\t<meta name=\"twitter:label2\" content=\"Tiempo de lectura\" \/>\n\t<meta name=\"twitter:data2\" content=\"10 minutos\" \/>\n<script type=\"application\/ld+json\" class=\"yoast-schema-graph\">{\"@context\":\"https:\/\/schema.org\",\"@graph\":[{\"@type\":\"Article\",\"@id\":\"https:\/\/www.pressenza.com\/es\/2020\/04\/nacho-levy-el-virus-ya-esta-en-las-villas-y-ahora-como-seguimos\/#article\",\"isPartOf\":{\"@id\":\"https:\/\/www.pressenza.com\/es\/2020\/04\/nacho-levy-el-virus-ya-esta-en-las-villas-y-ahora-como-seguimos\/\"},\"author\":{\"name\":\"Redacci\u00f3n Mar del Plata\",\"@id\":\"https:\/\/www.pressenza.com\/es\/#\/schema\/person\/738658b5125ecea661a8a0b96dba8b69\"},\"headline\":\"Nacho Levy: \u201cEl virus ya est\u00e1 en las villas. \u00bfY ahora? \u00bfC\u00f3mo seguimos?\u201d\",\"datePublished\":\"2020-04-30T20:35:25+00:00\",\"mainEntityOfPage\":{\"@id\":\"https:\/\/www.pressenza.com\/es\/2020\/04\/nacho-levy-el-virus-ya-esta-en-las-villas-y-ahora-como-seguimos\/\"},\"wordCount\":2096,\"publisher\":{\"@id\":\"https:\/\/www.pressenza.com\/es\/#organization\"},\"image\":{\"@id\":\"https:\/\/www.pressenza.com\/es\/2020\/04\/nacho-levy-el-virus-ya-esta-en-las-villas-y-ahora-como-seguimos\/#primaryimage\"},\"thumbnailUrl\":\"https:\/\/www.pressenza.com\/wp-content\/uploads\/2020\/04\/Covid19-LaPoderosa-1.jpg\",\"keywords\":[\"coronav\u00edrus\",\"COVID19\",\"Crisis sanitaria\",\"La Garganta Poderosa\",\"La Poderosa\",\"pacto social\",\"Pobreza\"],\"articleSection\":[\"Contenido Original\",\"Derechos Humanos\",\"Entrevistas\",\"Pol\u00edtica\",\"Sudam\u00e9rica\"],\"inLanguage\":\"es\"},{\"@type\":\"WebPage\",\"@id\":\"https:\/\/www.pressenza.com\/es\/2020\/04\/nacho-levy-el-virus-ya-esta-en-las-villas-y-ahora-como-seguimos\/\",\"url\":\"https:\/\/www.pressenza.com\/es\/2020\/04\/nacho-levy-el-virus-ya-esta-en-las-villas-y-ahora-como-seguimos\/\",\"name\":\"Nacho Levy: \u201cEl virus ya est\u00e1 en las villas. \u00bfY ahora? \u00bfC\u00f3mo seguimos?\u201d\",\"isPartOf\":{\"@id\":\"https:\/\/www.pressenza.com\/es\/#website\"},\"primaryImageOfPage\":{\"@id\":\"https:\/\/www.pressenza.com\/es\/2020\/04\/nacho-levy-el-virus-ya-esta-en-las-villas-y-ahora-como-seguimos\/#primaryimage\"},\"image\":{\"@id\":\"https:\/\/www.pressenza.com\/es\/2020\/04\/nacho-levy-el-virus-ya-esta-en-las-villas-y-ahora-como-seguimos\/#primaryimage\"},\"thumbnailUrl\":\"https:\/\/www.pressenza.com\/wp-content\/uploads\/2020\/04\/Covid19-LaPoderosa-1.jpg\",\"datePublished\":\"2020-04-30T20:35:25+00:00\",\"description\":\"Las que siguen son declaraciones de Nacho Levy, referente de La Poderosa, ayer (29) en #YAQPA, el programa de Ernesto Tenembaum en Radio con vos. Para\",\"breadcrumb\":{\"@id\":\"https:\/\/www.pressenza.com\/es\/2020\/04\/nacho-levy-el-virus-ya-esta-en-las-villas-y-ahora-como-seguimos\/#breadcrumb\"},\"inLanguage\":\"es\",\"potentialAction\":[{\"@type\":\"ReadAction\",\"target\":[\"https:\/\/www.pressenza.com\/es\/2020\/04\/nacho-levy-el-virus-ya-esta-en-las-villas-y-ahora-como-seguimos\/\"]}]},{\"@type\":\"ImageObject\",\"inLanguage\":\"es\",\"@id\":\"https:\/\/www.pressenza.com\/es\/2020\/04\/nacho-levy-el-virus-ya-esta-en-las-villas-y-ahora-como-seguimos\/#primaryimage\",\"url\":\"https:\/\/www.pressenza.com\/wp-content\/uploads\/2020\/04\/Covid19-LaPoderosa-1.jpg\",\"contentUrl\":\"https:\/\/www.pressenza.com\/wp-content\/uploads\/2020\/04\/Covid19-LaPoderosa-1.jpg\",\"width\":1024,\"height\":682},{\"@type\":\"BreadcrumbList\",\"@id\":\"https:\/\/www.pressenza.com\/es\/2020\/04\/nacho-levy-el-virus-ya-esta-en-las-villas-y-ahora-como-seguimos\/#breadcrumb\",\"itemListElement\":[{\"@type\":\"ListItem\",\"position\":1,\"name\":\"Accueil\",\"item\":\"https:\/\/www.pressenza.com\/es\/\"},{\"@type\":\"ListItem\",\"position\":2,\"name\":\"Nacho Levy: \u201cEl virus ya est\u00e1 en las villas. \u00bfY ahora? \u00bfC\u00f3mo seguimos?\u201d\"}]},{\"@type\":\"WebSite\",\"@id\":\"https:\/\/www.pressenza.com\/es\/#website\",\"url\":\"https:\/\/www.pressenza.com\/es\/\",\"name\":\"Pressenza\",\"description\":\"International Press Agency\",\"publisher\":{\"@id\":\"https:\/\/www.pressenza.com\/es\/#organization\"},\"potentialAction\":[{\"@type\":\"SearchAction\",\"target\":{\"@type\":\"EntryPoint\",\"urlTemplate\":\"https:\/\/www.pressenza.com\/es\/?s={search_term_string}\"},\"query-input\":{\"@type\":\"PropertyValueSpecification\",\"valueRequired\":true,\"valueName\":\"search_term_string\"}}],\"inLanguage\":\"es\"},{\"@type\":\"Organization\",\"@id\":\"https:\/\/www.pressenza.com\/es\/#organization\",\"name\":\"Pressenza\",\"url\":\"https:\/\/www.pressenza.com\/es\/\",\"logo\":{\"@type\":\"ImageObject\",\"inLanguage\":\"es\",\"@id\":\"https:\/\/www.pressenza.com\/es\/#\/schema\/logo\/image\/\",\"url\":\"https:\/\/www.pressenza.com\/wp-content\/uploads\/2022\/10\/pressenza_logo_200x200.jpg\",\"contentUrl\":\"https:\/\/www.pressenza.com\/wp-content\/uploads\/2022\/10\/pressenza_logo_200x200.jpg\",\"width\":200,\"height\":200,\"caption\":\"Pressenza\"},\"image\":{\"@id\":\"https:\/\/www.pressenza.com\/es\/#\/schema\/logo\/image\/\"},\"sameAs\":[\"https:\/\/www.facebook.com\/PressenzaItalia\",\"https:\/\/x.com\/PressenzaIPA\"]},{\"@type\":\"Person\",\"@id\":\"https:\/\/www.pressenza.com\/es\/#\/schema\/person\/738658b5125ecea661a8a0b96dba8b69\",\"name\":\"Redacci\u00f3n Mar del Plata\",\"description\":\"News published by the Pressenza bureau in Mar Del Plata, Argentina\",\"sameAs\":[\"https:\/\/www.facebook.com\/pressenza\",\"https:\/\/x.com\/Pressenza\"],\"url\":\"https:\/\/www.pressenza.com\/es\/author\/redaccion-mar-del-plata\/\"}]}<\/script>\n<!-- \/ Yoast SEO plugin. -->","yoast_head_json":{"title":"Nacho Levy: \u201cEl virus ya est\u00e1 en las villas. \u00bfY ahora? \u00bfC\u00f3mo seguimos?\u201d","description":"Las que siguen son declaraciones de Nacho Levy, referente de La Poderosa, ayer (29) en #YAQPA, el programa de Ernesto Tenembaum en Radio con vos. Para","robots":{"index":"index","follow":"follow","max-snippet":"max-snippet:-1","max-image-preview":"max-image-preview:large","max-video-preview":"max-video-preview:-1"},"canonical":"https:\/\/www.pressenza.com\/es\/2020\/04\/nacho-levy-el-virus-ya-esta-en-las-villas-y-ahora-como-seguimos\/","og_locale":"es_ES","og_type":"article","og_title":"Nacho Levy: \u201cEl virus ya est\u00e1 en las villas. \u00bfY ahora? \u00bfC\u00f3mo seguimos?\u201d","og_description":"Las que siguen son declaraciones de Nacho Levy, referente de La Poderosa, ayer (29) en #YAQPA, el programa de Ernesto Tenembaum en Radio con vos. Para","og_url":"https:\/\/www.pressenza.com\/es\/2020\/04\/nacho-levy-el-virus-ya-esta-en-las-villas-y-ahora-como-seguimos\/","og_site_name":"Pressenza","article_publisher":"https:\/\/www.facebook.com\/PressenzaItalia","article_author":"https:\/\/www.facebook.com\/pressenza","article_published_time":"2020-04-30T20:35:25+00:00","og_image":[{"width":1024,"height":682,"url":"https:\/\/www.pressenza.com\/wp-content\/uploads\/2020\/04\/Covid19-LaPoderosa-1.jpg","type":"image\/jpeg"}],"author":"Redacci\u00f3n Mar del Plata","twitter_card":"summary_large_image","twitter_creator":"@Pressenza","twitter_site":"@PressenzaIPA","twitter_misc":{"Escrito por":"Redacci\u00f3n Mar del Plata","Tiempo de lectura":"10 minutos"},"schema":{"@context":"https:\/\/schema.org","@graph":[{"@type":"Article","@id":"https:\/\/www.pressenza.com\/es\/2020\/04\/nacho-levy-el-virus-ya-esta-en-las-villas-y-ahora-como-seguimos\/#article","isPartOf":{"@id":"https:\/\/www.pressenza.com\/es\/2020\/04\/nacho-levy-el-virus-ya-esta-en-las-villas-y-ahora-como-seguimos\/"},"author":{"name":"Redacci\u00f3n Mar del Plata","@id":"https:\/\/www.pressenza.com\/es\/#\/schema\/person\/738658b5125ecea661a8a0b96dba8b69"},"headline":"Nacho Levy: \u201cEl virus ya est\u00e1 en las villas. \u00bfY ahora? \u00bfC\u00f3mo seguimos?\u201d","datePublished":"2020-04-30T20:35:25+00:00","mainEntityOfPage":{"@id":"https:\/\/www.pressenza.com\/es\/2020\/04\/nacho-levy-el-virus-ya-esta-en-las-villas-y-ahora-como-seguimos\/"},"wordCount":2096,"publisher":{"@id":"https:\/\/www.pressenza.com\/es\/#organization"},"image":{"@id":"https:\/\/www.pressenza.com\/es\/2020\/04\/nacho-levy-el-virus-ya-esta-en-las-villas-y-ahora-como-seguimos\/#primaryimage"},"thumbnailUrl":"https:\/\/www.pressenza.com\/wp-content\/uploads\/2020\/04\/Covid19-LaPoderosa-1.jpg","keywords":["coronav\u00edrus","COVID19","Crisis sanitaria","La Garganta Poderosa","La Poderosa","pacto social","Pobreza"],"articleSection":["Contenido Original","Derechos Humanos","Entrevistas","Pol\u00edtica","Sudam\u00e9rica"],"inLanguage":"es"},{"@type":"WebPage","@id":"https:\/\/www.pressenza.com\/es\/2020\/04\/nacho-levy-el-virus-ya-esta-en-las-villas-y-ahora-como-seguimos\/","url":"https:\/\/www.pressenza.com\/es\/2020\/04\/nacho-levy-el-virus-ya-esta-en-las-villas-y-ahora-como-seguimos\/","name":"Nacho Levy: \u201cEl virus ya est\u00e1 en las villas. \u00bfY ahora? \u00bfC\u00f3mo seguimos?\u201d","isPartOf":{"@id":"https:\/\/www.pressenza.com\/es\/#website"},"primaryImageOfPage":{"@id":"https:\/\/www.pressenza.com\/es\/2020\/04\/nacho-levy-el-virus-ya-esta-en-las-villas-y-ahora-como-seguimos\/#primaryimage"},"image":{"@id":"https:\/\/www.pressenza.com\/es\/2020\/04\/nacho-levy-el-virus-ya-esta-en-las-villas-y-ahora-como-seguimos\/#primaryimage"},"thumbnailUrl":"https:\/\/www.pressenza.com\/wp-content\/uploads\/2020\/04\/Covid19-LaPoderosa-1.jpg","datePublished":"2020-04-30T20:35:25+00:00","description":"Las que siguen son declaraciones de Nacho Levy, referente de La Poderosa, ayer (29) en #YAQPA, el programa de Ernesto Tenembaum en Radio con vos. Para","breadcrumb":{"@id":"https:\/\/www.pressenza.com\/es\/2020\/04\/nacho-levy-el-virus-ya-esta-en-las-villas-y-ahora-como-seguimos\/#breadcrumb"},"inLanguage":"es","potentialAction":[{"@type":"ReadAction","target":["https:\/\/www.pressenza.com\/es\/2020\/04\/nacho-levy-el-virus-ya-esta-en-las-villas-y-ahora-como-seguimos\/"]}]},{"@type":"ImageObject","inLanguage":"es","@id":"https:\/\/www.pressenza.com\/es\/2020\/04\/nacho-levy-el-virus-ya-esta-en-las-villas-y-ahora-como-seguimos\/#primaryimage","url":"https:\/\/www.pressenza.com\/wp-content\/uploads\/2020\/04\/Covid19-LaPoderosa-1.jpg","contentUrl":"https:\/\/www.pressenza.com\/wp-content\/uploads\/2020\/04\/Covid19-LaPoderosa-1.jpg","width":1024,"height":682},{"@type":"BreadcrumbList","@id":"https:\/\/www.pressenza.com\/es\/2020\/04\/nacho-levy-el-virus-ya-esta-en-las-villas-y-ahora-como-seguimos\/#breadcrumb","itemListElement":[{"@type":"ListItem","position":1,"name":"Accueil","item":"https:\/\/www.pressenza.com\/es\/"},{"@type":"ListItem","position":2,"name":"Nacho Levy: \u201cEl virus ya est\u00e1 en las villas. \u00bfY ahora? \u00bfC\u00f3mo seguimos?\u201d"}]},{"@type":"WebSite","@id":"https:\/\/www.pressenza.com\/es\/#website","url":"https:\/\/www.pressenza.com\/es\/","name":"Pressenza","description":"International Press Agency","publisher":{"@id":"https:\/\/www.pressenza.com\/es\/#organization"},"potentialAction":[{"@type":"SearchAction","target":{"@type":"EntryPoint","urlTemplate":"https:\/\/www.pressenza.com\/es\/?s={search_term_string}"},"query-input":{"@type":"PropertyValueSpecification","valueRequired":true,"valueName":"search_term_string"}}],"inLanguage":"es"},{"@type":"Organization","@id":"https:\/\/www.pressenza.com\/es\/#organization","name":"Pressenza","url":"https:\/\/www.pressenza.com\/es\/","logo":{"@type":"ImageObject","inLanguage":"es","@id":"https:\/\/www.pressenza.com\/es\/#\/schema\/logo\/image\/","url":"https:\/\/www.pressenza.com\/wp-content\/uploads\/2022\/10\/pressenza_logo_200x200.jpg","contentUrl":"https:\/\/www.pressenza.com\/wp-content\/uploads\/2022\/10\/pressenza_logo_200x200.jpg","width":200,"height":200,"caption":"Pressenza"},"image":{"@id":"https:\/\/www.pressenza.com\/es\/#\/schema\/logo\/image\/"},"sameAs":["https:\/\/www.facebook.com\/PressenzaItalia","https:\/\/x.com\/PressenzaIPA"]},{"@type":"Person","@id":"https:\/\/www.pressenza.com\/es\/#\/schema\/person\/738658b5125ecea661a8a0b96dba8b69","name":"Redacci\u00f3n Mar del Plata","description":"News published by the Pressenza bureau in Mar Del Plata, Argentina","sameAs":["https:\/\/www.facebook.com\/pressenza","https:\/\/x.com\/Pressenza"],"url":"https:\/\/www.pressenza.com\/es\/author\/redaccion-mar-del-plata\/"}]}},"place":"Argentina","original_article_url":"","_links":{"self":[{"href":"https:\/\/www.pressenza.com\/es\/wp-json\/wp\/v2\/posts\/1095568","targetHints":{"allow":["GET"]}}],"collection":[{"href":"https:\/\/www.pressenza.com\/es\/wp-json\/wp\/v2\/posts"}],"about":[{"href":"https:\/\/www.pressenza.com\/es\/wp-json\/wp\/v2\/types\/post"}],"author":[{"embeddable":true,"href":"https:\/\/www.pressenza.com\/es\/wp-json\/wp\/v2\/users\/1254"}],"replies":[{"embeddable":true,"href":"https:\/\/www.pressenza.com\/es\/wp-json\/wp\/v2\/comments?post=1095568"}],"version-history":[{"count":0,"href":"https:\/\/www.pressenza.com\/es\/wp-json\/wp\/v2\/posts\/1095568\/revisions"}],"wp:featuredmedia":[{"embeddable":true,"href":"https:\/\/www.pressenza.com\/es\/wp-json\/wp\/v2\/media\/1095609"}],"wp:attachment":[{"href":"https:\/\/www.pressenza.com\/es\/wp-json\/wp\/v2\/media?parent=1095568"}],"wp:term":[{"taxonomy":"category","embeddable":true,"href":"https:\/\/www.pressenza.com\/es\/wp-json\/wp\/v2\/categories?post=1095568"},{"taxonomy":"post_tag","embeddable":true,"href":"https:\/\/www.pressenza.com\/es\/wp-json\/wp\/v2\/tags?post=1095568"}],"curies":[{"name":"wp","href":"https:\/\/api.w.org\/{rel}","templated":true}]}}