{"id":1091380,"date":"2020-04-24T21:25:22","date_gmt":"2020-04-24T20:25:22","guid":{"rendered":"https:\/\/www.pressenza.com\/?p=1091380"},"modified":"2020-04-29T22:22:50","modified_gmt":"2020-04-29T21:22:50","slug":"resena-de-la-experiencia-trascendental-metodologia-para-una-ascesis-con-apoyo-de-camara-de-supresion-sensorial-libro-de-varios-autores","status":"publish","type":"post","link":"https:\/\/www.pressenza.com\/es\/2020\/04\/resena-de-la-experiencia-trascendental-metodologia-para-una-ascesis-con-apoyo-de-camara-de-supresion-sensorial-libro-de-varios-autores\/","title":{"rendered":"Rese\u00f1a de \u201cLa experiencia trascendental \u2013 Metodolog\u00eda para una Ascesis con apoyo de C\u00e1mara de Supresi\u00f3n Sensorial\u201d, libro de varios autores"},"content":{"rendered":"<p>Publicamos una breve rese\u00f1a de este nuevo libro de Editorial Virtual, que de acuerdo a los datos de su solapa, est\u00e1 escrito por <em>dos italianos (Federico Palumbo y Fulvio Faro), un franc\u00e9s (Michel Darracq), dos espa\u00f1oles (Quim de Riba y Antonio Menendez), una japonesa (Natsuko Ohta) y cinco chilenos (P\u00eda Figueroa, Gonzalo Garc\u00eda-Huidobro, Jos\u00e9 Gabriel Feres, Bruno Jerardino y Flavio Onetto)<\/em>.<\/p>\n<p>La publicaci\u00f3n se ha hecho virtualmente, comenzando a circular durante el confinamiento internacional que persiste y que, de alg\u00fan modo an\u00e1logo, ubica a las personas en situaci\u00f3n de un aislamiento y silencio mayor a lo habitual.<\/p>\n<p>Mediante conferencias electr\u00f3nicas se est\u00e1n realizando presentaciones p\u00fablicas de la obra y quien tenga inter\u00e9s puede solicitarla, as\u00ed como descargar el libro desde diversos portales electr\u00f3nicos: <a href=\"https:\/\/www.libreriahumanista.com\/p\/la-experiencia-trascendental-metodologia-para-una-ascesis-con-camara-de-supresion-sensorial-varios-autores-epub-mobi\/\">libreriahumanista.com<\/a>, Amazon, etc&#8230;<\/p>\n<p>Ac\u00e1 algunas l\u00edneas tomadas de la Introducci\u00f3n:<\/p>\n<p>\u201cHan sido innumerables los intentos humanos por avanzar en su proceso, superar el dolor y el sufrimiento, ayudar a otros, ampliar el horizonte temporal y elevar los niveles de conciencia. Cada cultura cuenta con sus propias formas de b\u00fasqueda de lo que podr\u00edamos llamar Lo Trascendente; v\u00edas m\u00edsticas que dejan de lado al \u201cYo\u201d para adentrarse en las profundidades insondables de la mente.<\/p>\n<p>Ser\u00eda muy largo describir ac\u00e1 esas pr\u00e1cticas que, desde muy antiguo, van transmiti\u00e9ndose de una generaci\u00f3n en otra como preciados procedimientos que liberan de la sensaci\u00f3n de finitud, conectando con dimensiones atemporales y experiencias conmovedoras, cargadas de Sentido.<\/p>\n<p>Desde la reclusi\u00f3n en cavernas oscuras, alejadas de los asentamientos habitados; ayunos prolongados; rituales cham\u00e1nicos; ingesti\u00f3n de sustancias alucin\u00f3genas de lo m\u00e1s variadas; danzas repetitivas y formas de respiraci\u00f3n inducidas para poder concentrarse en el coraz\u00f3n; meditaciones de todo tipo realizadas con permanencia; movilizaciones energ\u00e9ticas e imposiciones de manos; procedimientos alqu\u00edmicos; invocaciones devocionales y distintas formas de oraci\u00f3n; mantras y yantras utilizados para suspender el flujo de actos mentales; representaciones de formas geom\u00e9tricas cada vez m\u00e1s abstractas; y un largo etc\u00e9tera que nos va conduciendo hasta la \u00e9poca actual en la que la civilizaci\u00f3n planetaria y la tecnolog\u00eda ponen a disposici\u00f3n nuevos m\u00e9todos capaces de favorecer estados internos excepcionales.<\/p>\n<p>Toda esa diversidad ha sido suficientemente estudiada y sistematizada, dando origen a procedimientos depurados y a varias v\u00edas de acceso a Lo Profundo organizadas por Silo, en el seno de la Escuela que pusiera en marcha desde la \u00faltima mitad del Siglo XX a la primera d\u00e9cada del actual. Son muchas las personas que se han beneficiado con sus trabajos y que, al d\u00eda de hoy, siguen llevando a la pr\u00e1ctica sus estudios.<\/p>\n<p>Entre ellos, nos contamos quienes hemos dado forma a los textos que aqu\u00ed publicamos, recogiendo nuestras experiencias.<\/p>\n<p>Somos mujeres y hombres de distintos pa\u00edses y ciudades, nos comunicamos pese a que nuestras lenguas son diferentes, pero nos une un prop\u00f3sito com\u00fan que nos impulsa hacia los m\u00e1s altos estados internos, a los mundos radiantes y luminosos, volviendo transmutados de una experiencia que, siendo \u00fanica y extraordinaria, es tambi\u00e9n equivalente en todos quienes hacen silencio humildemente y logran darle espacio.<\/p>\n<p>En este \u00faltimo tiempo, rescatando las investigaciones que realizara John Lilly a fines de los a\u00f1os sesenta y las que acometiera Silo en la d\u00e9cada siguiente, algunos hemos desarrollado pruebas y experiencias directas someti\u00e9ndonos a pr\u00e1cticas de privaci\u00f3n sensorial en tanques de flotaci\u00f3n, conocidos como C\u00e1maras de Supresi\u00f3n Sensorial (CSS) y tambi\u00e9n como C\u00e1maras de Silencio (CS). Para ello hemos recurrido a lugares alejados donde montar nuestras propias instalaciones, dise\u00f1adas y construidas por nosotros, para llevar adelante ciclos de retiros programados en base a una metodolog\u00eda propia.<\/p>\n<p>Al fundamento te\u00f3rico de este tipo de pr\u00e1cticas est\u00e1 dedicada la primera parte de este libro. Luego siguen algunas explicaciones sobre la C\u00e1mara de Supresi\u00f3n Sensorial, para despu\u00e9s desarrollar en detalle la metodolog\u00eda original que hemos usado, creada por Federico Palumbo. Tambi\u00e9n lo que hemos experimentado est\u00e1 recogido de modo sint\u00e9tico y atendiendo a lo com\u00fan, en un siguiente cap\u00edtulo. Finalmente, quienes tengan inter\u00e9s en organizarse en grupo para llevar adelante investigaciones similares, contar\u00e1n con descripciones minuciosas de c\u00f3mo construir este tipo de instalaciones si quisieran montar una c\u00e1mara de flotaci\u00f3n de forma f\u00e1cil y accesible, hecha por ellos mismos y adem\u00e1s desmontable. Planos, dimensiones, materiales, cantidades, equipamiento tecnol\u00f3gico de control y mucho m\u00e1s viene no solamente descrito sino tambi\u00e9n ilustrado para facilitar la fabricaci\u00f3n de estos ambientes que, con pocas complicaciones, hacen disponible una interesante tecnolog\u00eda al servicio del desarrollo de la conciencia.<\/p>\n<p>Para terminar, en un apartado de Anexos incluimos algunos escritos que aportan antecedentes en el trabajo con CSS; un glosario de t\u00e9rminos y una breve referencia de cada uno de los autores de este escrito. Cerramos todo con una bibliograf\u00eda para quienes tengan inter\u00e9s en ampliar la comprensi\u00f3n de estos temas.<\/p>\n<p>Para nosotros este material constituye una s\u00edntesis de varios a\u00f1os de trabajo, al tiempo que abre una nueva etapa en la que buscamos compartir estas herramientas con otros que, al igual que nosotros, est\u00e1n en la b\u00fasqueda de La Experiencia Trascendental.\u201d<\/p>\n<p><img loading=\"lazy\" decoding=\"async\" class=\"alignnone wp-image-1091392 size-full\" src=\"https:\/\/www.pressenza.com\/wp-content\/uploads\/2020\/04\/Figura-16.-Aspecto-final-de-la-C\u00e1mara.jpg\" alt=\"\" width=\"1920\" height=\"1459\" srcset=\"https:\/\/www.pressenza.com\/wp-content\/uploads\/2020\/04\/Figura-16.-Aspecto-final-de-la-C\u00e1mara.jpg 1920w, https:\/\/www.pressenza.com\/wp-content\/uploads\/2020\/04\/Figura-16.-Aspecto-final-de-la-C\u00e1mara-300x228.jpg 300w, https:\/\/www.pressenza.com\/wp-content\/uploads\/2020\/04\/Figura-16.-Aspecto-final-de-la-C\u00e1mara-720x547.jpg 720w, https:\/\/www.pressenza.com\/wp-content\/uploads\/2020\/04\/Figura-16.-Aspecto-final-de-la-C\u00e1mara-768x584.jpg 768w, https:\/\/www.pressenza.com\/wp-content\/uploads\/2020\/04\/Figura-16.-Aspecto-final-de-la-C\u00e1mara-1536x1167.jpg 1536w\" sizes=\"auto, (max-width: 1920px) 100vw, 1920px\" \/><\/p>\n","protected":false},"excerpt":{"rendered":"<p>Publicamos una breve rese\u00f1a de este nuevo libro de Editorial Virtual, que de acuerdo a los datos de su solapa, est\u00e1 escrito por dos italianos (Federico Palumbo y Fulvio Faro), un franc\u00e9s (Michel Darracq), dos espa\u00f1oles (Quim de Riba y&hellip;<\/p>\n","protected":false},"author":22,"featured_media":1092485,"comment_status":"closed","ping_status":"closed","sticky":false,"template":"","format":"standard","meta":{"footnotes":""},"categories":[11389,1240,39],"tags":[74427,74426,74428,57550],"class_list":["post-1091380","post","type-post","status-publish","format-standard","has-post-thumbnail","hentry","category-contenido-original","category-humanismo-espiritualidad","category-internacional","tag-ascesis","tag-camara-de-supresion-sensorial","tag-experiencia-interna","tag-resena-de-libros"],"yoast_head":"<!-- This site is optimized with the Yoast SEO plugin v27.1.1 - https:\/\/yoast.com\/product\/yoast-seo-wordpress\/ -->\n<title>Rese\u00f1a de \u201cLa experiencia trascendental \u2013 Metodolog\u00eda para una Ascesis con apoyo de C\u00e1mara de Supresi\u00f3n Sensorial\u201d, libro de varios autores<\/title>\n<meta name=\"description\" content=\"Rese\u00f1a de \u201cLa experiencia trascendental \u2013 Metodolog\u00eda para una Ascesis con apoyo de C\u00e1mara de Supresi\u00f3n Sensorial\u201d, libro de varios autores\" \/>\n<meta name=\"robots\" content=\"index, follow, max-snippet:-1, max-image-preview:large, max-video-preview:-1\" \/>\n<link rel=\"canonical\" href=\"https:\/\/www.pressenza.com\/es\/2020\/04\/resena-de-la-experiencia-trascendental-metodologia-para-una-ascesis-con-apoyo-de-camara-de-supresion-sensorial-libro-de-varios-autores\/\" \/>\n<meta property=\"og:locale\" content=\"es_ES\" \/>\n<meta property=\"og:type\" content=\"article\" \/>\n<meta property=\"og:title\" content=\"Rese\u00f1a de \u201cLa experiencia trascendental \u2013 Metodolog\u00eda para una Ascesis con apoyo de C\u00e1mara de Supresi\u00f3n Sensorial\u201d, libro de varios autores\" \/>\n<meta property=\"og:description\" content=\"Rese\u00f1a de \u201cLa experiencia trascendental \u2013 Metodolog\u00eda para una Ascesis con apoyo de C\u00e1mara de Supresi\u00f3n Sensorial\u201d, libro de varios autores\" \/>\n<meta property=\"og:url\" content=\"https:\/\/www.pressenza.com\/es\/2020\/04\/resena-de-la-experiencia-trascendental-metodologia-para-una-ascesis-con-apoyo-de-camara-de-supresion-sensorial-libro-de-varios-autores\/\" \/>\n<meta property=\"og:site_name\" content=\"Pressenza\" \/>\n<meta property=\"article:publisher\" content=\"https:\/\/www.facebook.com\/PressenzaItalia\" \/>\n<meta property=\"article:author\" content=\"https:\/\/www.facebook.com\/pia.figueroa?ref=tn_tnmn\" \/>\n<meta property=\"article:published_time\" content=\"2020-04-24T20:25:22+00:00\" \/>\n<meta property=\"article:modified_time\" content=\"2020-04-29T21:22:50+00:00\" \/>\n<meta property=\"og:image\" content=\"https:\/\/www.pressenza.com\/wp-content\/uploads\/2020\/04\/frente-Portada-chica.jpg\" \/>\n\t<meta property=\"og:image:width\" content=\"300\" \/>\n\t<meta property=\"og:image:height\" content=\"478\" \/>\n\t<meta property=\"og:image:type\" content=\"image\/jpeg\" \/>\n<meta name=\"author\" content=\"P\u00eda Figueroa\" \/>\n<meta name=\"twitter:card\" content=\"summary_large_image\" \/>\n<meta name=\"twitter:creator\" content=\"@piafigueroa\" \/>\n<meta name=\"twitter:site\" content=\"@PressenzaIPA\" \/>\n<meta name=\"twitter:label1\" content=\"Escrito por\" \/>\n\t<meta name=\"twitter:data1\" content=\"P\u00eda Figueroa\" \/>\n\t<meta name=\"twitter:label2\" content=\"Tiempo de lectura\" \/>\n\t<meta name=\"twitter:data2\" content=\"5 minutos\" \/>\n<script type=\"application\/ld+json\" class=\"yoast-schema-graph\">{\"@context\":\"https:\/\/schema.org\",\"@graph\":[{\"@type\":\"Article\",\"@id\":\"https:\/\/www.pressenza.com\/es\/2020\/04\/resena-de-la-experiencia-trascendental-metodologia-para-una-ascesis-con-apoyo-de-camara-de-supresion-sensorial-libro-de-varios-autores\/#article\",\"isPartOf\":{\"@id\":\"https:\/\/www.pressenza.com\/es\/2020\/04\/resena-de-la-experiencia-trascendental-metodologia-para-una-ascesis-con-apoyo-de-camara-de-supresion-sensorial-libro-de-varios-autores\/\"},\"author\":{\"name\":\"P\u00eda Figueroa\",\"@id\":\"https:\/\/www.pressenza.com\/es\/#\/schema\/person\/8bb53ec73ef39ceec36ca0128a0ccd41\"},\"headline\":\"Rese\u00f1a de \u201cLa experiencia trascendental \u2013 Metodolog\u00eda para una Ascesis con apoyo de C\u00e1mara de Supresi\u00f3n Sensorial\u201d, libro de varios autores\",\"datePublished\":\"2020-04-24T20:25:22+00:00\",\"dateModified\":\"2020-04-29T21:22:50+00:00\",\"mainEntityOfPage\":{\"@id\":\"https:\/\/www.pressenza.com\/es\/2020\/04\/resena-de-la-experiencia-trascendental-metodologia-para-una-ascesis-con-apoyo-de-camara-de-supresion-sensorial-libro-de-varios-autores\/\"},\"wordCount\":936,\"publisher\":{\"@id\":\"https:\/\/www.pressenza.com\/es\/#organization\"},\"image\":{\"@id\":\"https:\/\/www.pressenza.com\/es\/2020\/04\/resena-de-la-experiencia-trascendental-metodologia-para-una-ascesis-con-apoyo-de-camara-de-supresion-sensorial-libro-de-varios-autores\/#primaryimage\"},\"thumbnailUrl\":\"https:\/\/www.pressenza.com\/wp-content\/uploads\/2020\/04\/frente-Portada-chica.jpg\",\"keywords\":[\"Ascesis\",\"C\u00e1mara de Supresi\u00f3n Sensorial\",\"experiencia interna\",\"Rese\u00f1a de libros\"],\"articleSection\":[\"Contenido Original\",\"Humanismo y Espiritualidad\",\"Internacional\"],\"inLanguage\":\"es\"},{\"@type\":\"WebPage\",\"@id\":\"https:\/\/www.pressenza.com\/es\/2020\/04\/resena-de-la-experiencia-trascendental-metodologia-para-una-ascesis-con-apoyo-de-camara-de-supresion-sensorial-libro-de-varios-autores\/\",\"url\":\"https:\/\/www.pressenza.com\/es\/2020\/04\/resena-de-la-experiencia-trascendental-metodologia-para-una-ascesis-con-apoyo-de-camara-de-supresion-sensorial-libro-de-varios-autores\/\",\"name\":\"Rese\u00f1a de \u201cLa experiencia trascendental \u2013 Metodolog\u00eda para una Ascesis con apoyo de C\u00e1mara de Supresi\u00f3n Sensorial\u201d, libro de varios autores\",\"isPartOf\":{\"@id\":\"https:\/\/www.pressenza.com\/es\/#website\"},\"primaryImageOfPage\":{\"@id\":\"https:\/\/www.pressenza.com\/es\/2020\/04\/resena-de-la-experiencia-trascendental-metodologia-para-una-ascesis-con-apoyo-de-camara-de-supresion-sensorial-libro-de-varios-autores\/#primaryimage\"},\"image\":{\"@id\":\"https:\/\/www.pressenza.com\/es\/2020\/04\/resena-de-la-experiencia-trascendental-metodologia-para-una-ascesis-con-apoyo-de-camara-de-supresion-sensorial-libro-de-varios-autores\/#primaryimage\"},\"thumbnailUrl\":\"https:\/\/www.pressenza.com\/wp-content\/uploads\/2020\/04\/frente-Portada-chica.jpg\",\"datePublished\":\"2020-04-24T20:25:22+00:00\",\"dateModified\":\"2020-04-29T21:22:50+00:00\",\"description\":\"Rese\u00f1a de \u201cLa experiencia trascendental \u2013 Metodolog\u00eda para una Ascesis con apoyo de C\u00e1mara de Supresi\u00f3n Sensorial\u201d, libro de varios autores\",\"breadcrumb\":{\"@id\":\"https:\/\/www.pressenza.com\/es\/2020\/04\/resena-de-la-experiencia-trascendental-metodologia-para-una-ascesis-con-apoyo-de-camara-de-supresion-sensorial-libro-de-varios-autores\/#breadcrumb\"},\"inLanguage\":\"es\",\"potentialAction\":[{\"@type\":\"ReadAction\",\"target\":[\"https:\/\/www.pressenza.com\/es\/2020\/04\/resena-de-la-experiencia-trascendental-metodologia-para-una-ascesis-con-apoyo-de-camara-de-supresion-sensorial-libro-de-varios-autores\/\"]}]},{\"@type\":\"ImageObject\",\"inLanguage\":\"es\",\"@id\":\"https:\/\/www.pressenza.com\/es\/2020\/04\/resena-de-la-experiencia-trascendental-metodologia-para-una-ascesis-con-apoyo-de-camara-de-supresion-sensorial-libro-de-varios-autores\/#primaryimage\",\"url\":\"https:\/\/www.pressenza.com\/wp-content\/uploads\/2020\/04\/frente-Portada-chica.jpg\",\"contentUrl\":\"https:\/\/www.pressenza.com\/wp-content\/uploads\/2020\/04\/frente-Portada-chica.jpg\",\"width\":300,\"height\":478},{\"@type\":\"BreadcrumbList\",\"@id\":\"https:\/\/www.pressenza.com\/es\/2020\/04\/resena-de-la-experiencia-trascendental-metodologia-para-una-ascesis-con-apoyo-de-camara-de-supresion-sensorial-libro-de-varios-autores\/#breadcrumb\",\"itemListElement\":[{\"@type\":\"ListItem\",\"position\":1,\"name\":\"Accueil\",\"item\":\"https:\/\/www.pressenza.com\/es\/\"},{\"@type\":\"ListItem\",\"position\":2,\"name\":\"Rese\u00f1a de \u201cLa experiencia trascendental \u2013 Metodolog\u00eda para una Ascesis con apoyo de C\u00e1mara de Supresi\u00f3n Sensorial\u201d, libro de varios autores\"}]},{\"@type\":\"WebSite\",\"@id\":\"https:\/\/www.pressenza.com\/es\/#website\",\"url\":\"https:\/\/www.pressenza.com\/es\/\",\"name\":\"Pressenza\",\"description\":\"International Press Agency\",\"publisher\":{\"@id\":\"https:\/\/www.pressenza.com\/es\/#organization\"},\"potentialAction\":[{\"@type\":\"SearchAction\",\"target\":{\"@type\":\"EntryPoint\",\"urlTemplate\":\"https:\/\/www.pressenza.com\/es\/?s={search_term_string}\"},\"query-input\":{\"@type\":\"PropertyValueSpecification\",\"valueRequired\":true,\"valueName\":\"search_term_string\"}}],\"inLanguage\":\"es\"},{\"@type\":\"Organization\",\"@id\":\"https:\/\/www.pressenza.com\/es\/#organization\",\"name\":\"Pressenza\",\"url\":\"https:\/\/www.pressenza.com\/es\/\",\"logo\":{\"@type\":\"ImageObject\",\"inLanguage\":\"es\",\"@id\":\"https:\/\/www.pressenza.com\/es\/#\/schema\/logo\/image\/\",\"url\":\"https:\/\/www.pressenza.com\/wp-content\/uploads\/2022\/10\/pressenza_logo_200x200.jpg\",\"contentUrl\":\"https:\/\/www.pressenza.com\/wp-content\/uploads\/2022\/10\/pressenza_logo_200x200.jpg\",\"width\":200,\"height\":200,\"caption\":\"Pressenza\"},\"image\":{\"@id\":\"https:\/\/www.pressenza.com\/es\/#\/schema\/logo\/image\/\"},\"sameAs\":[\"https:\/\/www.facebook.com\/PressenzaItalia\",\"https:\/\/x.com\/PressenzaIPA\"]},{\"@type\":\"Person\",\"@id\":\"https:\/\/www.pressenza.com\/es\/#\/schema\/person\/8bb53ec73ef39ceec36ca0128a0ccd41\",\"name\":\"P\u00eda Figueroa\",\"description\":\"Founder of Pressenza, life-long humanist, author of several monographs and books.\",\"sameAs\":[\"https:\/\/www.facebook.com\/pia.figueroa?ref=tn_tnmn\",\"https:\/\/x.com\/piafigueroa\"],\"url\":\"https:\/\/www.pressenza.com\/es\/author\/pia-figueroa\/\"}]}<\/script>\n<!-- \/ Yoast SEO plugin. -->","yoast_head_json":{"title":"Rese\u00f1a de \u201cLa experiencia trascendental \u2013 Metodolog\u00eda para una Ascesis con apoyo de C\u00e1mara de Supresi\u00f3n Sensorial\u201d, libro de varios autores","description":"Rese\u00f1a de \u201cLa experiencia trascendental \u2013 Metodolog\u00eda para una Ascesis con apoyo de C\u00e1mara de Supresi\u00f3n Sensorial\u201d, libro de varios autores","robots":{"index":"index","follow":"follow","max-snippet":"max-snippet:-1","max-image-preview":"max-image-preview:large","max-video-preview":"max-video-preview:-1"},"canonical":"https:\/\/www.pressenza.com\/es\/2020\/04\/resena-de-la-experiencia-trascendental-metodologia-para-una-ascesis-con-apoyo-de-camara-de-supresion-sensorial-libro-de-varios-autores\/","og_locale":"es_ES","og_type":"article","og_title":"Rese\u00f1a de \u201cLa experiencia trascendental \u2013 Metodolog\u00eda para una Ascesis con apoyo de C\u00e1mara de Supresi\u00f3n Sensorial\u201d, libro de varios autores","og_description":"Rese\u00f1a de \u201cLa experiencia trascendental \u2013 Metodolog\u00eda para una Ascesis con apoyo de C\u00e1mara de Supresi\u00f3n Sensorial\u201d, libro de varios autores","og_url":"https:\/\/www.pressenza.com\/es\/2020\/04\/resena-de-la-experiencia-trascendental-metodologia-para-una-ascesis-con-apoyo-de-camara-de-supresion-sensorial-libro-de-varios-autores\/","og_site_name":"Pressenza","article_publisher":"https:\/\/www.facebook.com\/PressenzaItalia","article_author":"https:\/\/www.facebook.com\/pia.figueroa?ref=tn_tnmn","article_published_time":"2020-04-24T20:25:22+00:00","article_modified_time":"2020-04-29T21:22:50+00:00","og_image":[{"width":300,"height":478,"url":"https:\/\/www.pressenza.com\/wp-content\/uploads\/2020\/04\/frente-Portada-chica.jpg","type":"image\/jpeg"}],"author":"P\u00eda Figueroa","twitter_card":"summary_large_image","twitter_creator":"@piafigueroa","twitter_site":"@PressenzaIPA","twitter_misc":{"Escrito por":"P\u00eda Figueroa","Tiempo de lectura":"5 minutos"},"schema":{"@context":"https:\/\/schema.org","@graph":[{"@type":"Article","@id":"https:\/\/www.pressenza.com\/es\/2020\/04\/resena-de-la-experiencia-trascendental-metodologia-para-una-ascesis-con-apoyo-de-camara-de-supresion-sensorial-libro-de-varios-autores\/#article","isPartOf":{"@id":"https:\/\/www.pressenza.com\/es\/2020\/04\/resena-de-la-experiencia-trascendental-metodologia-para-una-ascesis-con-apoyo-de-camara-de-supresion-sensorial-libro-de-varios-autores\/"},"author":{"name":"P\u00eda Figueroa","@id":"https:\/\/www.pressenza.com\/es\/#\/schema\/person\/8bb53ec73ef39ceec36ca0128a0ccd41"},"headline":"Rese\u00f1a de \u201cLa experiencia trascendental \u2013 Metodolog\u00eda para una Ascesis con apoyo de C\u00e1mara de Supresi\u00f3n Sensorial\u201d, libro de varios autores","datePublished":"2020-04-24T20:25:22+00:00","dateModified":"2020-04-29T21:22:50+00:00","mainEntityOfPage":{"@id":"https:\/\/www.pressenza.com\/es\/2020\/04\/resena-de-la-experiencia-trascendental-metodologia-para-una-ascesis-con-apoyo-de-camara-de-supresion-sensorial-libro-de-varios-autores\/"},"wordCount":936,"publisher":{"@id":"https:\/\/www.pressenza.com\/es\/#organization"},"image":{"@id":"https:\/\/www.pressenza.com\/es\/2020\/04\/resena-de-la-experiencia-trascendental-metodologia-para-una-ascesis-con-apoyo-de-camara-de-supresion-sensorial-libro-de-varios-autores\/#primaryimage"},"thumbnailUrl":"https:\/\/www.pressenza.com\/wp-content\/uploads\/2020\/04\/frente-Portada-chica.jpg","keywords":["Ascesis","C\u00e1mara de Supresi\u00f3n Sensorial","experiencia interna","Rese\u00f1a de libros"],"articleSection":["Contenido Original","Humanismo y Espiritualidad","Internacional"],"inLanguage":"es"},{"@type":"WebPage","@id":"https:\/\/www.pressenza.com\/es\/2020\/04\/resena-de-la-experiencia-trascendental-metodologia-para-una-ascesis-con-apoyo-de-camara-de-supresion-sensorial-libro-de-varios-autores\/","url":"https:\/\/www.pressenza.com\/es\/2020\/04\/resena-de-la-experiencia-trascendental-metodologia-para-una-ascesis-con-apoyo-de-camara-de-supresion-sensorial-libro-de-varios-autores\/","name":"Rese\u00f1a de \u201cLa experiencia trascendental \u2013 Metodolog\u00eda para una Ascesis con apoyo de C\u00e1mara de Supresi\u00f3n Sensorial\u201d, libro de varios autores","isPartOf":{"@id":"https:\/\/www.pressenza.com\/es\/#website"},"primaryImageOfPage":{"@id":"https:\/\/www.pressenza.com\/es\/2020\/04\/resena-de-la-experiencia-trascendental-metodologia-para-una-ascesis-con-apoyo-de-camara-de-supresion-sensorial-libro-de-varios-autores\/#primaryimage"},"image":{"@id":"https:\/\/www.pressenza.com\/es\/2020\/04\/resena-de-la-experiencia-trascendental-metodologia-para-una-ascesis-con-apoyo-de-camara-de-supresion-sensorial-libro-de-varios-autores\/#primaryimage"},"thumbnailUrl":"https:\/\/www.pressenza.com\/wp-content\/uploads\/2020\/04\/frente-Portada-chica.jpg","datePublished":"2020-04-24T20:25:22+00:00","dateModified":"2020-04-29T21:22:50+00:00","description":"Rese\u00f1a de \u201cLa experiencia trascendental \u2013 Metodolog\u00eda para una Ascesis con apoyo de C\u00e1mara de Supresi\u00f3n Sensorial\u201d, libro de varios autores","breadcrumb":{"@id":"https:\/\/www.pressenza.com\/es\/2020\/04\/resena-de-la-experiencia-trascendental-metodologia-para-una-ascesis-con-apoyo-de-camara-de-supresion-sensorial-libro-de-varios-autores\/#breadcrumb"},"inLanguage":"es","potentialAction":[{"@type":"ReadAction","target":["https:\/\/www.pressenza.com\/es\/2020\/04\/resena-de-la-experiencia-trascendental-metodologia-para-una-ascesis-con-apoyo-de-camara-de-supresion-sensorial-libro-de-varios-autores\/"]}]},{"@type":"ImageObject","inLanguage":"es","@id":"https:\/\/www.pressenza.com\/es\/2020\/04\/resena-de-la-experiencia-trascendental-metodologia-para-una-ascesis-con-apoyo-de-camara-de-supresion-sensorial-libro-de-varios-autores\/#primaryimage","url":"https:\/\/www.pressenza.com\/wp-content\/uploads\/2020\/04\/frente-Portada-chica.jpg","contentUrl":"https:\/\/www.pressenza.com\/wp-content\/uploads\/2020\/04\/frente-Portada-chica.jpg","width":300,"height":478},{"@type":"BreadcrumbList","@id":"https:\/\/www.pressenza.com\/es\/2020\/04\/resena-de-la-experiencia-trascendental-metodologia-para-una-ascesis-con-apoyo-de-camara-de-supresion-sensorial-libro-de-varios-autores\/#breadcrumb","itemListElement":[{"@type":"ListItem","position":1,"name":"Accueil","item":"https:\/\/www.pressenza.com\/es\/"},{"@type":"ListItem","position":2,"name":"Rese\u00f1a de \u201cLa experiencia trascendental \u2013 Metodolog\u00eda para una Ascesis con apoyo de C\u00e1mara de Supresi\u00f3n Sensorial\u201d, libro de varios autores"}]},{"@type":"WebSite","@id":"https:\/\/www.pressenza.com\/es\/#website","url":"https:\/\/www.pressenza.com\/es\/","name":"Pressenza","description":"International Press Agency","publisher":{"@id":"https:\/\/www.pressenza.com\/es\/#organization"},"potentialAction":[{"@type":"SearchAction","target":{"@type":"EntryPoint","urlTemplate":"https:\/\/www.pressenza.com\/es\/?s={search_term_string}"},"query-input":{"@type":"PropertyValueSpecification","valueRequired":true,"valueName":"search_term_string"}}],"inLanguage":"es"},{"@type":"Organization","@id":"https:\/\/www.pressenza.com\/es\/#organization","name":"Pressenza","url":"https:\/\/www.pressenza.com\/es\/","logo":{"@type":"ImageObject","inLanguage":"es","@id":"https:\/\/www.pressenza.com\/es\/#\/schema\/logo\/image\/","url":"https:\/\/www.pressenza.com\/wp-content\/uploads\/2022\/10\/pressenza_logo_200x200.jpg","contentUrl":"https:\/\/www.pressenza.com\/wp-content\/uploads\/2022\/10\/pressenza_logo_200x200.jpg","width":200,"height":200,"caption":"Pressenza"},"image":{"@id":"https:\/\/www.pressenza.com\/es\/#\/schema\/logo\/image\/"},"sameAs":["https:\/\/www.facebook.com\/PressenzaItalia","https:\/\/x.com\/PressenzaIPA"]},{"@type":"Person","@id":"https:\/\/www.pressenza.com\/es\/#\/schema\/person\/8bb53ec73ef39ceec36ca0128a0ccd41","name":"P\u00eda Figueroa","description":"Founder of Pressenza, life-long humanist, author of several monographs and books.","sameAs":["https:\/\/www.facebook.com\/pia.figueroa?ref=tn_tnmn","https:\/\/x.com\/piafigueroa"],"url":"https:\/\/www.pressenza.com\/es\/author\/pia-figueroa\/"}]}},"place":"Santiago de Chile","original_article_url":"","_links":{"self":[{"href":"https:\/\/www.pressenza.com\/es\/wp-json\/wp\/v2\/posts\/1091380","targetHints":{"allow":["GET"]}}],"collection":[{"href":"https:\/\/www.pressenza.com\/es\/wp-json\/wp\/v2\/posts"}],"about":[{"href":"https:\/\/www.pressenza.com\/es\/wp-json\/wp\/v2\/types\/post"}],"author":[{"embeddable":true,"href":"https:\/\/www.pressenza.com\/es\/wp-json\/wp\/v2\/users\/22"}],"replies":[{"embeddable":true,"href":"https:\/\/www.pressenza.com\/es\/wp-json\/wp\/v2\/comments?post=1091380"}],"version-history":[{"count":0,"href":"https:\/\/www.pressenza.com\/es\/wp-json\/wp\/v2\/posts\/1091380\/revisions"}],"wp:featuredmedia":[{"embeddable":true,"href":"https:\/\/www.pressenza.com\/es\/wp-json\/wp\/v2\/media\/1092485"}],"wp:attachment":[{"href":"https:\/\/www.pressenza.com\/es\/wp-json\/wp\/v2\/media?parent=1091380"}],"wp:term":[{"taxonomy":"category","embeddable":true,"href":"https:\/\/www.pressenza.com\/es\/wp-json\/wp\/v2\/categories?post=1091380"},{"taxonomy":"post_tag","embeddable":true,"href":"https:\/\/www.pressenza.com\/es\/wp-json\/wp\/v2\/tags?post=1091380"}],"curies":[{"name":"wp","href":"https:\/\/api.w.org\/{rel}","templated":true}]}}