{"id":109002,"date":"2014-05-25T03:44:21","date_gmt":"2014-05-25T02:44:21","guid":{"rendered":"http:\/\/www.pressenza.com\/?p=109002"},"modified":"2014-12-21T00:45:40","modified_gmt":"2014-12-21T00:45:40","slug":"tesis-de-los-nuevos-movimientos-emergentes","status":"publish","type":"post","link":"https:\/\/www.pressenza.com\/es\/2014\/05\/tesis-de-los-nuevos-movimientos-emergentes\/","title":{"rendered":"Tesis de los Nuevos Movimientos Emergentes"},"content":{"rendered":"<h2>Grupo de trabajo colaborativo de miembros del 15M, Occupy, Indign\u00e9s, YoSoy 132, Occupy Russia<\/h2>\n<style type=\"text\/css\"><!--\nP { margin-bottom: 0.21cm; direction: ltr; color: rgb(0, 0, 0); widows: 2; orphans: 2; }A:link { color: rgb(5, 99, 193); }\n--><\/style>\n<p align=\"JUSTIFY\"><span style=\"font-size: small;\"><b>Recopilaci\u00f3n sint\u00e9tica de los puntos en com\u00fan de los denominados movimientos sociales emergentes que han aparecido en distintos lugares del planeta desde el a\u00f1o 2011.<\/b><\/span><\/p>\n<p align=\"JUSTIFY\"><b>Tesis 1. Del Despertar de la Conciencia.<\/b><\/p>\n<p align=\"JUSTIFY\">\u201c<span style=\"font-size: small;\">Dorm\u00edamos\u2026 \u00a1Despertamos!\u201d. Hemos tomado conciencia de nuestras posibilidades. \u201cEsto no es un sue\u00f1o, es un despertar\u201d. \u201cEsta es la revoluci\u00f3n de la conciencia\u201d que va descubri\u00e9ndose\/desvelando a si-misma nuevas posibilidades.<\/span><\/p>\n<p align=\"JUSTIFY\"><b>Tesis 2. De la Libertad. <\/b><\/p>\n<p align=\"JUSTIFY\"><span style=\"font-size: small;\">Ninguno de nosotros ha elegido el pa\u00eds, ni el lugar, ni el momento en el que aparecemos como seres humanos. Partimos de la <\/span><span style=\"font-size: small;\"><i>no-libertad<\/i><\/span><span style=\"font-size: small;\">.<\/span><\/p>\n<p align=\"JUSTIFY\"><span style=\"font-size: small;\"><b>Tesis 2.1)<\/b><\/span><\/p>\n<p align=\"JUSTIFY\"><span style=\"font-size: small;\">El camino hacia la <\/span><span style=\"font-size: small;\"><i>libertad<\/i><\/span><span style=\"font-size: small;\">, se llama <\/span><span style=\"font-size: small;\"><i>liberaci\u00f3n<\/i><\/span><span style=\"font-size: small;\">. Es liberarse paso a paso, es movimiento, es un\u00a0 proceso.<\/span><\/p>\n<p align=\"JUSTIFY\"><span style=\"font-size: small;\"><b>Tesis 2.2)<\/b><\/span><\/p>\n<p align=\"JUSTIFY\">\u201c<span style=\"font-size: small;\">No tenemos miedo\u201d. La liberaci\u00f3n avanza cuando vamos superando el temor y el miedo.<\/span><\/p>\n<p align=\"JUSTIFY\"><span style=\"font-size: small;\">T<\/span><span style=\"font-size: small;\"><b>esis 2.3)<\/b><\/span><\/p>\n<p align=\"JUSTIFY\"><span style=\"font-size: small;\">Partimos de la no-libertad individual y avanzamos hacia la <\/span><span style=\"font-size: small;\"><i>\u201cco-libertad\u201d<\/i><\/span><span style=\"font-size: small;\">, libertad compartida con otras\/os. Se alcanza la verdadera liberaci\u00f3n con los dem\u00e1s y para los dem\u00e1s.<\/span><\/p>\n<p align=\"JUSTIFY\"><span style=\"font-size: small;\"><b>Tesis 2.4) <\/b><\/span><\/p>\n<p align=\"JUSTIFY\"><span style=\"font-size: small;\">La tendencia del proceso humano es hacia una mayor libertad social y tambi\u00e9n hacia la liberaci\u00f3n personal.<\/span><\/p>\n<p align=\"JUSTIFY\"><b>Tesis 3. De la Historicidad. <\/b><\/p>\n<p align=\"JUSTIFY\"><span style=\"font-size: small;\">Acumulamos historia.<\/span><\/p>\n<p align=\"JUSTIFY\"><span style=\"font-size: small;\"><b>Tesis 3.1)<\/b><\/span><\/p>\n<p align=\"JUSTIFY\"><span style=\"font-size: small;\">Nos beneficiamos del <\/span><span style=\"font-size: small;\"><i>saber<\/i><\/span><span style=\"font-size: small;\"> y del <\/span><span style=\"font-size: small;\"><i>conocimiento<\/i><\/span><span style=\"font-size: small;\"> acumulado por las mujeres y hombres que nos han precedido. Vamos aprendiendo al incorporarnos en el medio social donde vivimos y evolucionamos.<\/span><\/p>\n<p align=\"JUSTIFY\"><span style=\"font-size: small;\"><b>Tesis 3.2) <\/b><\/span><\/p>\n<p align=\"JUSTIFY\"><span style=\"font-size: small;\">Utilizamos todo tipo de objetos, herramientas, construcciones que se produjeron y que han ido mejor\u00e1ndose a lo largo del tiempo.<\/span><\/p>\n<p align=\"JUSTIFY\"><b>Tesis 4. Del Aprendizaje.<\/b><\/p>\n<p align=\"JUSTIFY\"><span style=\"font-size: small;\"><b>Tesis 4.1)<\/b><\/span><\/p>\n<p align=\"JUSTIFY\"><span style=\"font-size: small;\">Hemos aprendido cu\u00e1les son los factores que <\/span><span style=\"font-size: small;\"><b>ayudan<\/b><\/span><span style=\"font-size: small;\"> al progreso humano:<\/span><\/p>\n<p align=\"JUSTIFY\"><span style=\"font-size: small;\">&#8211; Ampliar la participaci\u00f3n ciudadana en todos los espacios sociales y pol\u00edticos.<\/span><\/p>\n<p align=\"JUSTIFY\"><span style=\"font-size: small;\">&#8211; Aumentar la calidad de vida de los ciudadanos.<\/span><\/p>\n<p align=\"JUSTIFY\"><span style=\"font-size: small;\">&#8211; Mejorar la educaci\u00f3n, la salud, el h\u00e1bitat y la alimentaci\u00f3n.<\/span><\/p>\n<p align=\"JUSTIFY\"><span style=\"font-size: small;\">&#8211; Poner la econom\u00eda al servicio de la gente y no al contrario, la gente al servicio de la econom\u00eda.<\/span><\/p>\n<p align=\"JUSTIFY\"><span style=\"font-size: small;\">&#8211; Reducir los gastos en armamento y el militarismo.<\/span><\/p>\n<p align=\"JUSTIFY\"><span style=\"font-size: small;\">&#8211; Potenciar el di\u00e1logo y minimizar al m\u00e1ximo la violencia institucional en sus distintas formas.<\/span><\/p>\n<p align=\"JUSTIFY\"><span style=\"font-size: small;\">&#8211; Velar por la integraci\u00f3n social y la soluci\u00f3n consensuada de conflictos, ya sea entre individuos, grupos o pueblos.<\/span><\/p>\n<p align=\"JUSTIFY\"><span style=\"font-size: small;\">Priorizar los anteriores puntos ser\u00e1 lo que abrir\u00e1 el futuro social.\u00a0<\/span><\/p>\n<p align=\"JUSTIFY\"><span style=\"font-size: small;\"><b>Tesis 4.2) <\/b><\/span><\/p>\n<p align=\"JUSTIFY\"><span style=\"font-size: small;\">Hemos aprendido cu\u00e1les son los factores que <\/span><span style=\"font-size: small;\"><b>detienen<\/b><\/span><span style=\"font-size: small;\"> el progreso humano:<\/span><\/p>\n<p align=\"JUSTIFY\"><span style=\"font-size: small;\">&#8211; Postergar a las ciudadanas\/os en su participaci\u00f3n social, en sus derechos, en sus libertades y negarles facetas de la existencia.<\/span><\/p>\n<p align=\"JUSTIFY\"><span style=\"font-size: small;\">&#8211; Concebir la econom\u00eda en una \u00fanica direcci\u00f3n de acumulaci\u00f3n de recursos en pocas manos, en detrimento de la mayor\u00eda.<\/span><\/p>\n<p align=\"JUSTIFY\"><span style=\"font-size: small;\">&#8211; Relegar a las ciudadanas\/os a bajas condiciones de existencia: esclavos en una \u00e9poca, proletarios en otra, o consumidores en la actual.<\/span><\/p>\n<p align=\"JUSTIFY\"><span style=\"font-size: small;\">&#8211; Poner el valor de la econom\u00eda por encima del ser humano, produciendo exclusi\u00f3n, enfermedad e incluso muerte de mucha gente.<\/span><\/p>\n<p align=\"JUSTIFY\"><span style=\"font-size: small;\">&#8211; Mantener ej\u00e9rcitos con cada vez mayor capacidad destructiva. Investigando y produciendo armas de destrucci\u00f3n masiva.<\/span><\/p>\n<p align=\"JUSTIFY\"><span style=\"font-size: small;\">&#8211; Mantener pol\u00edticas donde unos pa\u00edses someten, oprimen, invaden o interfieren en otros pa\u00edses.<br \/>\n&#8211; Ejercer\u00a0 las distintas formas de violencia: f\u00edsica, econ\u00f3mica, racial, generacional, religiosa, de g\u00e9nero, moral o psicol\u00f3gica.<\/span><\/p>\n<p align=\"JUSTIFY\"><b>Tesis 5. De la Igualdad.<\/b><\/p>\n<p align=\"JUSTIFY\"><span style=\"font-size: small;\">Somos iguales frente al derecho, la ley, las oportunidades. \u00a1No solo como teor\u00eda o aspiraci\u00f3n, sino como pr\u00e1ctica\u00a1<\/span><\/p>\n<p align=\"JUSTIFY\"><span style=\"font-size: small;\"><b>Tesis 6. De la Horizontalidad.<\/b><\/span><\/p>\n<p align=\"JUSTIFY\"><span style=\"font-size: small;\">Nos relacionamos desde y en horizontal. Promovemos la horizontalidad, la explicitamos y la desarrollamos en todos los campos.<\/span><\/p>\n<p align=\"JUSTIFY\"><span style=\"font-size: small;\"><b>Tesis 6.1)<\/b><\/span><\/p>\n<p align=\"JUSTIFY\"><span style=\"font-size: small;\">Horizontalidad en relaciones de partenariado, de colaboraci\u00f3n, de intercambio y no m\u00e1s representantes, ni jefes, ni c\u00fapulas. Nadie al mando.<\/span><\/p>\n<p align=\"JUSTIFY\"><span style=\"font-size: small;\"><b>Tesis 6.2) <\/b><\/span><\/p>\n<p align=\"JUSTIFY\"><span style=\"font-size: small;\">Potenciamos la creaci\u00f3n de funciones para los temas colectivos, seg\u00fan las necesidades. Funciones que sean rotativas y den cuenta al conjunto.<\/span><\/p>\n<p align=\"JUSTIFY\"><span style=\"font-size: small;\"><b>Tesis 6.3) <\/b><\/span><\/p>\n<p align=\"JUSTIFY\"><span style=\"font-size: small;\">Estamos en contra de la competitividad, de ese individualismo exacerbado con exceso de protagonismo que propone este sistema. Estamos expresando la sensibilidad del no protagonismo, de lo an\u00f3nimo, de lo conjunto.<\/span><\/p>\n<p align=\"JUSTIFY\"><b>Tesis 7. De la Diversidad<\/b><span style=\"font-size: small;\"><b>.<\/b><\/span><\/p>\n<p align=\"JUSTIFY\"><span style=\"font-size: small;\">Somos diferentes, con distintas miradas, ideolog\u00edas, creencias, etc., y enriquecemos al conjunto con esa variedad de aportes.<\/span><\/p>\n<p align=\"JUSTIFY\"><span style=\"font-size: small;\"><b>Tesis 7.1) <\/b><\/span><\/p>\n<p align=\"JUSTIFY\"><span style=\"font-size: small;\">Vamos a ampliar esa diversidad porque estamos creciendo, cambiando y desarroll\u00e1ndonos permanentemente.<\/span><\/p>\n<p align=\"JUSTIFY\"><b>Tesis 8. De la Inclusividad. <\/b><\/p>\n<p align=\"JUSTIFY\"><span style=\"font-size: small;\">Frente a lo diferente, no nos basta con \u201ctolerarlo\u201d. Tratamos de ir m\u00e1s all\u00e1, para incluir, aproximar y vincular.<\/span><\/p>\n<p align=\"JUSTIFY\"><span style=\"font-size: small;\"><b>Tesis 8.1)<\/b><\/span><\/p>\n<p align=\"JUSTIFY\"><span style=\"font-size: small;\">Practicamos la \u201cescucha activa\u201d, con intenci\u00f3n de comprender al diferente, abriendo nuevas v\u00edas de entendimiento y comunicaci\u00f3n.<\/span><\/p>\n<p align=\"JUSTIFY\"><span style=\"font-size: small;\"><b>Tesis 8.2) <\/b><\/span><\/p>\n<p align=\"JUSTIFY\"><span style=\"font-size: small;\">Queremos incluir tambi\u00e9n a los violentos, pues entendemos que abandonar\u00e1n la violencia al comprender su error de comportamiento.<\/span><\/p>\n<p align=\"JUSTIFY\"><b>Tesis 9. De la Sociabilidad. <\/b><\/p>\n<p align=\"JUSTIFY\">\u201c<span style=\"font-size: small;\">Juntos podemos\u201d resolver los conflictos. Pues aunque nos los presentan de manera individualizada, son conflictos sociales. Visibilizando y socializando el conflicto, creamos condiciones para resolver los problemas que, de manera aislada, jam\u00e1s podr\u00edamos resolver. Avanzamos hacia <\/span><span style=\"font-size: small;\"><i>\u201casamblear el conflicto\u201d<\/i><\/span><span style=\"font-size: small;\">.<\/span><\/p>\n<p align=\"JUSTIFY\"><b>Tesis 10. De la Inteligencia Colectiva.<\/b><\/p>\n<p align=\"JUSTIFY\"><span style=\"font-size: small;\">Ponemos a la inteligencia a trabajar en red. La suma de inteligencias individuales no tiene el mismo resultado que trabajando en relaci\u00f3n y en red, buscando la <\/span><span style=\"font-size: small;\"><i>inteligencia colectiva<\/i><\/span><span style=\"font-size: small;\">. Esta multiplica las respuestas y encuentra mejores soluciones. La <\/span><span style=\"font-size: small;\"><i>inteligencia colectiva<\/i><\/span><span style=\"font-size: small;\"> produce un salto de nivel en el trabajo conjunto.<\/span><\/p>\n<p align=\"JUSTIFY\"><b>Tesis 11. De Pacificar. <\/b><\/p>\n<p align=\"JUSTIFY\"><span style=\"font-size: small;\">El proceso humano progresa m\u00e1s r\u00e1pido cuando no pierde energ\u00eda en confrontaciones violentas. Practicamos relaciones de colaboraci\u00f3n que incrementan el progreso social.<\/span><\/p>\n<p align=\"JUSTIFY\"><b>Tesis 12. De la No-violencia.<\/b><\/p>\n<p align=\"JUSTIFY\">\u201c<span style=\"font-size: small;\">No necesitamos la violencia, tenemos la raz\u00f3n\u201d.<\/span><\/p>\n<p align=\"JUSTIFY\"><span style=\"font-size: small;\"><b>Tesis 12.1) <\/b><\/span><\/p>\n<p align=\"JUSTIFY\"><span style=\"font-size: small;\">Defendemos la noviolencia como la postura existencial m\u00e1s valiente posible.<\/span><\/p>\n<p align=\"JUSTIFY\"><span style=\"font-size: small;\"><b>Tesis 12.2) <\/b><\/span><\/p>\n<p align=\"JUSTIFY\"><span style=\"font-size: small;\">Habitualmente convivimos con la violencia, la tenemos cerca\u00a0 y nuestro trabajo consiste en desactivarla.<\/span><\/p>\n<p align=\"JUSTIFY\"><b>Tesis 13. De la Acci\u00f3n Voluntaria. <\/b><\/p>\n<p align=\"JUSTIFY\"><span style=\"font-size: small;\">Hacemos sin c\u00e1lculo econ\u00f3mico. Construimos por y para el conjunto. <\/span><span style=\"font-size: small;\"><i>\u201cPonemos gotas de agua en el\u00a0 gran r\u00edo de la especie humana\u201d.<\/i><\/span><\/p>\n<p align=\"JUSTIFY\"><b>Tesis 14. De la Coherencia. <\/b><\/p>\n<p align=\"JUSTIFY\"><span style=\"font-size: small;\">Actuamos de acuerdo a nuestros principios. Queremos que confluyan el pensamiento, la emoci\u00f3n y la acci\u00f3n. \u201cCuando decimos algo, nos comprometemos con ello y lo hacemos\u201d.<\/span><\/p>\n<p align=\"JUSTIFY\"><b>Tesis 15. Del Conjunto.<\/b><\/p>\n<p align=\"JUSTIFY\"><span style=\"font-size: small;\">Me descubro a m\u00ed mismo a trav\u00e9s del <\/span><span style=\"font-size: small;\"><i>nosotros.<\/i><\/span><\/p>\n<p align=\"JUSTIFY\"><span style=\"font-size: small;\"><b>Tesis 15.1)<\/b><\/span><\/p>\n<p align=\"JUSTIFY\"><span style=\"font-size: small;\">Desde el conjunto podemos construir nuestra liberaci\u00f3n.<\/span><\/p>\n<p align=\"JUSTIFY\"><span style=\"font-size: small;\"><b>Tesis 15.2)<\/b><\/span><\/p>\n<p align=\"JUSTIFY\"><span style=\"font-size: small;\">Es en el conjunto donde se expresa lo mejor de cada uno.<\/span><\/p>\n<p align=\"JUSTIFY\"><span style=\"font-size: small;\"><b>Tesis 15.3)<\/b><\/span><\/p>\n<p align=\"JUSTIFY\"><span style=\"font-size: small;\">Es en el conjunto donde nos descubrimos <\/span><span style=\"font-size: small;\"><i>humanos<\/i><\/span><span style=\"font-size: small;\"> y descubrimos lo <\/span><span style=\"font-size: small;\"><i>humano<\/i><\/span><span style=\"font-size: small;\"> en los otros.<\/span><\/p>\n<p align=\"JUSTIFY\"><b>Tesis 16. Del Respeto. <\/b><\/p>\n<p align=\"JUSTIFY\"><span style=\"font-size: small;\">Queremos que las personas se expresen libremente y sin que sean enjuiciadas, mientras no violenten a los dem\u00e1s.<\/span><\/p>\n<p align=\"JUSTIFY\"><span style=\"font-size: small;\"><b>Tesis 16.1) <\/b><\/span><\/p>\n<p align=\"JUSTIFY\"><span style=\"font-size: small;\">Respetamos a los dem\u00e1s y nos respetamos. Esto aumenta nuestra dignidad.<\/span><\/p>\n<p align=\"JUSTIFY\"><span style=\"font-size: small;\"><b>Tesis 16.2) <\/b><\/span><\/p>\n<p align=\"JUSTIFY\"><span style=\"font-size: small;\">Respetamos al otro aunque tenga una ideolog\u00eda, creencia o conducta distinta a la nuestra.<\/span><\/p>\n<p align=\"JUSTIFY\"><span style=\"font-size: small;\"><b>Tesis 16.3)<\/b><\/span><\/p>\n<p align=\"JUSTIFY\"><span style=\"font-size: small;\">Nos respetamos a nosotros mismos cuando somos coherentes en nuestras vidas.<\/span><\/p>\n<p align=\"JUSTIFY\"><b>Tesis 17. De la Espiritualidad.<\/b><\/p>\n<p align=\"JUSTIFY\"><span style=\"font-size: small;\"><b>Tesis 17.1)<\/b><\/span><\/p>\n<p align=\"JUSTIFY\"><span style=\"font-size: small;\">Asistimos al surgimiento de una forma de religiosidad atea.<\/span><\/p>\n<p align=\"JUSTIFY\"><span style=\"font-size: small;\"><b>Tesis 17.2) <\/b><\/span><\/p>\n<p align=\"JUSTIFY\"><span style=\"font-size: small;\">Existe una b\u00fasqueda de espiritualidad sin dioses y sin templos.<\/span><\/p>\n<p align=\"JUSTIFY\"><span style=\"font-size: small;\"><b>Tesis 17.3) <\/b><\/span><\/p>\n<p align=\"JUSTIFY\"><span style=\"font-size: small;\">No somos mejores ni peores por ser ateos o creyentes.<\/span><\/p>\n<p align=\"JUSTIFY\"><span style=\"font-size: small;\"><b>Tesis 17.4) <\/b><\/span><\/p>\n<p align=\"JUSTIFY\"><span style=\"font-size: small;\">Las religiones han sido ambivalentes en cuanto a la ayuda al proceso humano. En momentos lo han apoyado, en otros momentos lo han frenado y creado enorme sufrimiento.<\/span><\/p>\n<p align=\"JUSTIFY\"><b>Tesis 18. De la Inspiraci\u00f3n. <\/b><\/p>\n<p align=\"JUSTIFY\"><span style=\"font-size: small;\">Hemos tenido la experiencia de \u201cconexi\u00f3n\u201d entre nosotros, de sinton\u00eda, de \u201cestar en lo mismo\u201d. Hemos sido capaces de crear una atmosfera que inundaba las calles y las plazas ti\u00f1\u00e9ndolo todo de libertad, de posibilidades, con seres humanos conectados en la lucha. <\/span><span style=\"font-size: small;\"><i>\u00a1Todo se llena de humanidad!\u00a0<\/i><\/span><\/p>\n<p align=\"JUSTIFY\"><span style=\"font-size: small;\">Cuando eso se da, todo se ve posible, no hay l\u00edmites. Esa energ\u00eda es parte de nuestra inspiraci\u00f3n\u2026<\/span><\/p>\n<p align=\"JUSTIFY\"><b>Tesis 19. De la Mundializaci\u00f3n.<\/b><\/p>\n<p align=\"JUSTIFY\"><span style=\"font-size: small;\">Sabemos de la importancia de las acciones locales, pero tambi\u00e9n sabemos que ellas solas no resuelven los problemas globales. El mundo est\u00e1 en un proceso de mundializaci\u00f3n y hoy ciertas soluciones tienen que tener esa escala. Algunas son:<\/span><\/p>\n<p align=\"JUSTIFY\"><span style=\"font-size: small;\"><b>Tesis 19.1) <\/b><\/span><\/p>\n<p align=\"JUSTIFY\"><span style=\"font-size: small;\">Acabar con el hambre en el planeta, es la prioridad.<\/span><\/p>\n<p align=\"JUSTIFY\"><span style=\"font-size: small;\"><b>Tesis 19.2) <\/b><\/span><\/p>\n<p align=\"JUSTIFY\"><span style=\"font-size: small;\">Re direccionar el gasto militar-armamentista hacia el desarrollo social para dejar de frenar el progreso humano.<\/span><\/p>\n<p align=\"JUSTIFY\"><span style=\"font-size: small;\"><b>Tesis 19.3) <\/b><\/span><\/p>\n<p align=\"JUSTIFY\"><span style=\"font-size: small;\">Profundizar la democracia, haci\u00e9ndola m\u00e1s participativa y avanzar en la justicia, transparencia, equidad sin exclusiones sociales.<\/span><\/p>\n<p align=\"JUSTIFY\"><span style=\"font-size: small;\"><b>Tesis 19.4)<\/b><\/span><\/p>\n<p align=\"JUSTIFY\"><span style=\"font-size: small;\">Priorizar la salud, la educaci\u00f3n y la vivienda para todas y todos.<\/span><\/p>\n<p align=\"JUSTIFY\"><span style=\"font-size: small;\"><b>Tesis 19.5) <\/b><\/span><\/p>\n<p align=\"JUSTIFY\"><span style=\"font-size: small;\">Estas propuestas no son utop\u00edas irrealizables, sino aspiraciones reales y posibles. Hay condiciones t\u00e9cnicas y recursos suficientes. El 99% de la poblaci\u00f3n mundial compartimos esta aspiraci\u00f3n. Ya est\u00e1 surgiendo la sinton\u00eda entre los pueblos que posibilitar\u00e1 todo esto\u2026 Los movimientos emergentes son un s\u00edntoma\u2026 Ya estamos avanzando en la red hacia la conexi\u00f3n global&#8230; \u201cNuestros sue\u00f1os no caben en vuestras urnas\u201d<\/span><\/p>\n<p align=\"JUSTIFY\"><b>Tesis 20. De la rEvoluci\u00f3n. <\/b><\/p>\n<p align=\"JUSTIFY\"><span style=\"font-size: small;\">En el siglo XXI podemos y nos corresponde reformular la acci\u00f3n social y el tipo de sociedad que queremos.<\/span><\/p>\n<p align=\"JUSTIFY\"><span style=\"font-size: small;\"><b>Tesis 20.1) <\/b><\/span><\/p>\n<p align=\"JUSTIFY\"><span style=\"font-size: small;\">Esta rEvoluci\u00f3n es noviolenta.\u00a0 \u201cPr\u00f3xima estaci\u00f3n: rEvoluci\u00f3n\u201d<\/span><\/p>\n<p align=\"JUSTIFY\"><span style=\"font-size: small;\"><b>Tesis 20.2)<\/b><\/span><\/p>\n<p align=\"JUSTIFY\"><span style=\"font-size: small;\">Las formas de lucha social basadas en la violencia refuerzan el viejo sistema patriarcal y violento.<\/span><\/p>\n<p align=\"JUSTIFY\"><span style=\"font-size: small;\"><b>Tesis 20.3)<\/b><\/span><\/p>\n<p align=\"JUSTIFY\"><span style=\"font-size: small;\">Una forma de lucha es la no-colaboraci\u00f3n con leyes <\/span><span style=\"font-size: small;\"><i>ileg\u00edtimas<\/i><\/span><span style=\"font-size: small;\">. La <\/span><span style=\"font-size: small;\"><i>desobediencia civil<\/i><\/span><span style=\"font-size: small;\">.<\/span><\/p>\n<p align=\"JUSTIFY\"><span style=\"font-size: small;\"><b>Tesis 20.4)<\/b><\/span><\/p>\n<p align=\"JUSTIFY\"><span style=\"font-size: small;\">La mejor forma de lucha es construir alternativas a lo que no funciona, que sirvan de<\/span><span style=\"font-size: small;\"><i> efectos demostraci\u00f3n<\/i><\/span><span style=\"font-size: small;\"> de lo nuevo.<\/span><\/p>\n<p align=\"JUSTIFY\"><b>Tesis 21. Del despertar de una generaci\u00f3n planetaria. <\/b><\/p>\n<p align=\"JUSTIFY\"><span style=\"font-size: small;\"><b>Tesis 21.1)<\/b><\/span><\/p>\n<p align=\"JUSTIFY\"><span style=\"font-size: small;\">Estamos asistiendo al despertar de una generaci\u00f3n a nivel mundial que se expresa en los movimientos sociales emergentes.<\/span><\/p>\n<p align=\"JUSTIFY\"><span style=\"font-size: small;\"><b>Tesis 21.2)<\/b><\/span><\/p>\n<p align=\"JUSTIFY\"><span style=\"font-size: small;\">Una generaci\u00f3n que encuentra apoyo y aliento de las generaciones precedentes. No est\u00e1 en confrontaci\u00f3n con ellas.<\/span><\/p>\n<p align=\"JUSTIFY\"><span style=\"font-size: small;\"><b>Tesis 21.3) <\/b><\/span><\/p>\n<p align=\"JUSTIFY\"><span style=\"font-size: small;\">La socializaci\u00f3n del manejo de las tecnolog\u00edas de comunicaci\u00f3n instant\u00e1nea a nivel mundial y el incremento de las redes sociales est\u00e1n cre\u00e1ndose las condiciones de trabajo en red para una nueva etapa del proceso humano.<\/span><\/p>\n<p align=\"JUSTIFY\"><b>Tesis 22. Del Nuevo Paradigma. <\/b><\/p>\n<p align=\"JUSTIFY\"><span style=\"font-size: small;\">La interacci\u00f3n de las tesis anteriores configura un nuevo paradigma de civilizaci\u00f3n que necesariamente va a producir profundos cambios en lo social, cultural y existencial del ser humano.<\/span><\/p>\n<p align=\"JUSTIFY\">\u201c<span style=\"font-size: small;\">Disculpe las molestias, estamos cambiando el mundo\u201d.<\/span><\/p>\n<p align=\"JUSTIFY\"><b>Tesis 23. El Nuevo Paradigma ya est\u00e1 instalado.<\/b><\/p>\n<p align=\"JUSTIFY\"><span style=\"font-size: small;\">En referencia a la Tesis 2 de la Libertad, estas Tesis puede libremente elegir ser discutidas, rechazadas, socializadas, estudiadas, profundizadas, aplicadas, ignoradas, combatidas, incorporadas a la propia vida, negadas, entre muchas posibilidades m\u00e1s.<\/span><\/p>\n<p align=\"JUSTIFY\"><span style=\"font-size: small;\">Dependiendo de qu\u00e9 postura tome, el futuro se ir\u00e1 abriendo o contrariamente se ir\u00e1 cerrando. Lo que seguro no podr\u00e1 hacerse es eliminarlas, olvidarlas, y mucho menos impedir que se desarrollen.<\/span><\/p>\n<p align=\"JUSTIFY\"><span style=\"font-size: small;\">Porque ya est\u00e1n instaladas en la conciencia de muchos ciudadanos, tambi\u00e9n en la suya. Han venido para quedarse y no se van a ir. \u201cYa nos hemos mudados a tu conciencia\u201d.<\/span><\/p>\n<p align=\"JUSTIFY\">\u201c<span style=\"font-size: small;\"><i>Si no nos dejan so\u00f1ar, no les dejaremos dormir\u201d.<\/i><\/span><\/p>\n<p align=\"JUSTIFY\"><b>Tesis 24. El Nuevo Paradigma ya se est\u00e1 replicando. <\/b><\/p>\n<p align=\"JUSTIFY\"><span style=\"font-size: small;\">Son m\u00faltiples las manifestaciones de transformaciones en toda la sociedad.<\/span><\/p>\n<p align=\"JUSTIFY\"><span style=\"font-size: small;\"><b>Tesis 24.1) <\/b><\/span><\/p>\n<p align=\"JUSTIFY\"><span style=\"font-size: small;\">Aplicamos nuestras energ\u00edas en rescatar todo lo que sirve, para mejorarlo, y sobretodo construir lo nuevo. Ni siquiera luchamos contra lo viejo, pues se est\u00e1 cayendo por s\u00ed solo<\/span><\/p>\n<p align=\"JUSTIFY\"><span style=\"font-size: small;\"><b>Tesis 24.2) <\/b><\/span><\/p>\n<p align=\"JUSTIFY\"><span style=\"font-size: small;\">En alg\u00fan momento que no podemos definir, este Nuevo Paradigma entrar\u00e1 en r\u00e9gimen de replicaci\u00f3n viral\u2026<\/span><\/p>\n<p align=\"JUSTIFY\">\n<p align=\"JUSTIFY\"><a href=\"http:\/\/tesisnuevosmovimientos.wordpress.com\/\">http:\/\/tesisnuevosmovimientos.wordpress.com\/<\/a><\/p>\n","protected":false},"excerpt":{"rendered":"<p>Grupo de trabajo colaborativo de miembros del 15M, Occupy, Indign\u00e9s, YoSoy 132, Occupy Russia Recopilaci\u00f3n sint\u00e9tica de los puntos en com\u00fan de los denominados movimientos sociales emergentes que han aparecido en distintos lugares del planeta desde el a\u00f1o 2011. Tesis&hellip;<\/p>\n","protected":false},"author":19,"featured_media":107572,"comment_status":"closed","ping_status":"open","sticky":false,"template":"","format":"standard","meta":{"footnotes":""},"categories":[],"tags":[620,10623],"class_list":["post-109002","post","type-post","status-publish","format-standard","has-post-thumbnail","hentry","tag-ows","tag-yo-soy-132"],"yoast_head":"<!-- This site is optimized with the Yoast SEO plugin v27.1.1 - https:\/\/yoast.com\/product\/yoast-seo-wordpress\/ -->\n<title>Tesis de los Nuevos Movimientos Emergentes<\/title>\n<meta name=\"description\" content=\"Grupo de trabajo colaborativo de miembros del 15M, Occupy, Indign\u00e9s, YoSoy 132, Occupy Russia Recopilaci\u00f3n sint\u00e9tica de los puntos en com\u00fan de los\" \/>\n<meta name=\"robots\" content=\"index, follow, max-snippet:-1, max-image-preview:large, max-video-preview:-1\" \/>\n<link rel=\"canonical\" href=\"https:\/\/www.pressenza.com\/es\/2014\/05\/tesis-de-los-nuevos-movimientos-emergentes\/\" \/>\n<meta property=\"og:locale\" content=\"es_ES\" \/>\n<meta property=\"og:type\" content=\"article\" \/>\n<meta property=\"og:title\" content=\"Tesis de los Nuevos Movimientos Emergentes\" \/>\n<meta property=\"og:description\" content=\"Grupo de trabajo colaborativo de miembros del 15M, Occupy, Indign\u00e9s, YoSoy 132, Occupy Russia Recopilaci\u00f3n sint\u00e9tica de los puntos en com\u00fan de los\" \/>\n<meta property=\"og:url\" content=\"https:\/\/www.pressenza.com\/es\/2014\/05\/tesis-de-los-nuevos-movimientos-emergentes\/\" \/>\n<meta property=\"og:site_name\" content=\"Pressenza\" \/>\n<meta property=\"article:publisher\" content=\"https:\/\/www.facebook.com\/PressenzaItalia\" \/>\n<meta property=\"article:author\" content=\"https:\/\/www.facebook.com\/pressenza\" \/>\n<meta property=\"article:published_time\" content=\"2014-05-25T02:44:21+00:00\" \/>\n<meta property=\"article:modified_time\" content=\"2014-12-21T00:45:40+00:00\" \/>\n<meta property=\"og:image\" content=\"https:\/\/www.pressenza.com\/wp-content\/uploads\/2014\/05\/Puerta-del-Sol_-viernes-20-mayo-2011_respuesta-de-la-poblacion-ante-la-amenaza-de-desalojo-600x3991.jpg\" \/>\n\t<meta property=\"og:image:width\" content=\"600\" \/>\n\t<meta property=\"og:image:height\" content=\"399\" \/>\n\t<meta property=\"og:image:type\" content=\"image\/jpeg\" \/>\n<meta name=\"author\" content=\"Pressenza IPA\" \/>\n<meta name=\"twitter:card\" content=\"summary_large_image\" \/>\n<meta name=\"twitter:creator\" content=\"@PressenzaIPA\" \/>\n<meta name=\"twitter:site\" content=\"@PressenzaIPA\" \/>\n<meta name=\"twitter:label1\" content=\"Escrito por\" \/>\n\t<meta name=\"twitter:data1\" content=\"Pressenza IPA\" \/>\n\t<meta name=\"twitter:label2\" content=\"Tiempo de lectura\" \/>\n\t<meta name=\"twitter:data2\" content=\"9 minutos\" \/>\n<script type=\"application\/ld+json\" class=\"yoast-schema-graph\">{\"@context\":\"https:\/\/schema.org\",\"@graph\":[{\"@type\":\"Article\",\"@id\":\"https:\/\/www.pressenza.com\/es\/2014\/05\/tesis-de-los-nuevos-movimientos-emergentes\/#article\",\"isPartOf\":{\"@id\":\"https:\/\/www.pressenza.com\/es\/2014\/05\/tesis-de-los-nuevos-movimientos-emergentes\/\"},\"author\":{\"name\":\"Pressenza IPA\",\"@id\":\"https:\/\/www.pressenza.com\/es\/#\/schema\/person\/010e5d02bcf40965427a1289a4cc8d75\"},\"headline\":\"Tesis de los Nuevos Movimientos Emergentes\",\"datePublished\":\"2014-05-25T02:44:21+00:00\",\"dateModified\":\"2014-12-21T00:45:40+00:00\",\"mainEntityOfPage\":{\"@id\":\"https:\/\/www.pressenza.com\/es\/2014\/05\/tesis-de-los-nuevos-movimientos-emergentes\/\"},\"wordCount\":1863,\"publisher\":{\"@id\":\"https:\/\/www.pressenza.com\/es\/#organization\"},\"image\":{\"@id\":\"https:\/\/www.pressenza.com\/es\/2014\/05\/tesis-de-los-nuevos-movimientos-emergentes\/#primaryimage\"},\"thumbnailUrl\":\"https:\/\/www.pressenza.com\/wp-content\/uploads\/2014\/05\/Puerta-del-Sol_-viernes-20-mayo-2011_respuesta-de-la-poblacion-ante-la-amenaza-de-desalojo-600x3991.jpg\",\"keywords\":[\"OWS\",\"Yo Soy 132\"],\"inLanguage\":\"es\"},{\"@type\":\"WebPage\",\"@id\":\"https:\/\/www.pressenza.com\/es\/2014\/05\/tesis-de-los-nuevos-movimientos-emergentes\/\",\"url\":\"https:\/\/www.pressenza.com\/es\/2014\/05\/tesis-de-los-nuevos-movimientos-emergentes\/\",\"name\":\"Tesis de los Nuevos Movimientos Emergentes\",\"isPartOf\":{\"@id\":\"https:\/\/www.pressenza.com\/es\/#website\"},\"primaryImageOfPage\":{\"@id\":\"https:\/\/www.pressenza.com\/es\/2014\/05\/tesis-de-los-nuevos-movimientos-emergentes\/#primaryimage\"},\"image\":{\"@id\":\"https:\/\/www.pressenza.com\/es\/2014\/05\/tesis-de-los-nuevos-movimientos-emergentes\/#primaryimage\"},\"thumbnailUrl\":\"https:\/\/www.pressenza.com\/wp-content\/uploads\/2014\/05\/Puerta-del-Sol_-viernes-20-mayo-2011_respuesta-de-la-poblacion-ante-la-amenaza-de-desalojo-600x3991.jpg\",\"datePublished\":\"2014-05-25T02:44:21+00:00\",\"dateModified\":\"2014-12-21T00:45:40+00:00\",\"description\":\"Grupo de trabajo colaborativo de miembros del 15M, Occupy, Indign\u00e9s, YoSoy 132, Occupy Russia Recopilaci\u00f3n sint\u00e9tica de los puntos en com\u00fan de los\",\"breadcrumb\":{\"@id\":\"https:\/\/www.pressenza.com\/es\/2014\/05\/tesis-de-los-nuevos-movimientos-emergentes\/#breadcrumb\"},\"inLanguage\":\"es\",\"potentialAction\":[{\"@type\":\"ReadAction\",\"target\":[\"https:\/\/www.pressenza.com\/es\/2014\/05\/tesis-de-los-nuevos-movimientos-emergentes\/\"]}]},{\"@type\":\"ImageObject\",\"inLanguage\":\"es\",\"@id\":\"https:\/\/www.pressenza.com\/es\/2014\/05\/tesis-de-los-nuevos-movimientos-emergentes\/#primaryimage\",\"url\":\"https:\/\/www.pressenza.com\/wp-content\/uploads\/2014\/05\/Puerta-del-Sol_-viernes-20-mayo-2011_respuesta-de-la-poblacion-ante-la-amenaza-de-desalojo-600x3991.jpg\",\"contentUrl\":\"https:\/\/www.pressenza.com\/wp-content\/uploads\/2014\/05\/Puerta-del-Sol_-viernes-20-mayo-2011_respuesta-de-la-poblacion-ante-la-amenaza-de-desalojo-600x3991.jpg\",\"width\":600,\"height\":399},{\"@type\":\"BreadcrumbList\",\"@id\":\"https:\/\/www.pressenza.com\/es\/2014\/05\/tesis-de-los-nuevos-movimientos-emergentes\/#breadcrumb\",\"itemListElement\":[{\"@type\":\"ListItem\",\"position\":1,\"name\":\"Accueil\",\"item\":\"https:\/\/www.pressenza.com\/es\/\"},{\"@type\":\"ListItem\",\"position\":2,\"name\":\"Tesis de los Nuevos Movimientos Emergentes\"}]},{\"@type\":\"WebSite\",\"@id\":\"https:\/\/www.pressenza.com\/es\/#website\",\"url\":\"https:\/\/www.pressenza.com\/es\/\",\"name\":\"Pressenza\",\"description\":\"International Press Agency\",\"publisher\":{\"@id\":\"https:\/\/www.pressenza.com\/es\/#organization\"},\"potentialAction\":[{\"@type\":\"SearchAction\",\"target\":{\"@type\":\"EntryPoint\",\"urlTemplate\":\"https:\/\/www.pressenza.com\/es\/?s={search_term_string}\"},\"query-input\":{\"@type\":\"PropertyValueSpecification\",\"valueRequired\":true,\"valueName\":\"search_term_string\"}}],\"inLanguage\":\"es\"},{\"@type\":\"Organization\",\"@id\":\"https:\/\/www.pressenza.com\/es\/#organization\",\"name\":\"Pressenza\",\"url\":\"https:\/\/www.pressenza.com\/es\/\",\"logo\":{\"@type\":\"ImageObject\",\"inLanguage\":\"es\",\"@id\":\"https:\/\/www.pressenza.com\/es\/#\/schema\/logo\/image\/\",\"url\":\"https:\/\/www.pressenza.com\/wp-content\/uploads\/2022\/10\/pressenza_logo_200x200.jpg\",\"contentUrl\":\"https:\/\/www.pressenza.com\/wp-content\/uploads\/2022\/10\/pressenza_logo_200x200.jpg\",\"width\":200,\"height\":200,\"caption\":\"Pressenza\"},\"image\":{\"@id\":\"https:\/\/www.pressenza.com\/es\/#\/schema\/logo\/image\/\"},\"sameAs\":[\"https:\/\/www.facebook.com\/PressenzaItalia\",\"https:\/\/x.com\/PressenzaIPA\"]},{\"@type\":\"Person\",\"@id\":\"https:\/\/www.pressenza.com\/es\/#\/schema\/person\/010e5d02bcf40965427a1289a4cc8d75\",\"name\":\"Pressenza IPA\",\"description\":\"News from Pressenza IPA correspondents\",\"sameAs\":[\"https:\/\/www.facebook.com\/pressenza\",\"https:\/\/x.com\/PressenzaIPA\"],\"url\":\"https:\/\/www.pressenza.com\/es\/author\/pressenza-ipa\/\"}]}<\/script>\n<!-- \/ Yoast SEO plugin. -->","yoast_head_json":{"title":"Tesis de los Nuevos Movimientos Emergentes","description":"Grupo de trabajo colaborativo de miembros del 15M, Occupy, Indign\u00e9s, YoSoy 132, Occupy Russia Recopilaci\u00f3n sint\u00e9tica de los puntos en com\u00fan de los","robots":{"index":"index","follow":"follow","max-snippet":"max-snippet:-1","max-image-preview":"max-image-preview:large","max-video-preview":"max-video-preview:-1"},"canonical":"https:\/\/www.pressenza.com\/es\/2014\/05\/tesis-de-los-nuevos-movimientos-emergentes\/","og_locale":"es_ES","og_type":"article","og_title":"Tesis de los Nuevos Movimientos Emergentes","og_description":"Grupo de trabajo colaborativo de miembros del 15M, Occupy, Indign\u00e9s, YoSoy 132, Occupy Russia Recopilaci\u00f3n sint\u00e9tica de los puntos en com\u00fan de los","og_url":"https:\/\/www.pressenza.com\/es\/2014\/05\/tesis-de-los-nuevos-movimientos-emergentes\/","og_site_name":"Pressenza","article_publisher":"https:\/\/www.facebook.com\/PressenzaItalia","article_author":"https:\/\/www.facebook.com\/pressenza","article_published_time":"2014-05-25T02:44:21+00:00","article_modified_time":"2014-12-21T00:45:40+00:00","og_image":[{"width":600,"height":399,"url":"https:\/\/www.pressenza.com\/wp-content\/uploads\/2014\/05\/Puerta-del-Sol_-viernes-20-mayo-2011_respuesta-de-la-poblacion-ante-la-amenaza-de-desalojo-600x3991.jpg","type":"image\/jpeg"}],"author":"Pressenza IPA","twitter_card":"summary_large_image","twitter_creator":"@PressenzaIPA","twitter_site":"@PressenzaIPA","twitter_misc":{"Escrito por":"Pressenza IPA","Tiempo de lectura":"9 minutos"},"schema":{"@context":"https:\/\/schema.org","@graph":[{"@type":"Article","@id":"https:\/\/www.pressenza.com\/es\/2014\/05\/tesis-de-los-nuevos-movimientos-emergentes\/#article","isPartOf":{"@id":"https:\/\/www.pressenza.com\/es\/2014\/05\/tesis-de-los-nuevos-movimientos-emergentes\/"},"author":{"name":"Pressenza IPA","@id":"https:\/\/www.pressenza.com\/es\/#\/schema\/person\/010e5d02bcf40965427a1289a4cc8d75"},"headline":"Tesis de los Nuevos Movimientos Emergentes","datePublished":"2014-05-25T02:44:21+00:00","dateModified":"2014-12-21T00:45:40+00:00","mainEntityOfPage":{"@id":"https:\/\/www.pressenza.com\/es\/2014\/05\/tesis-de-los-nuevos-movimientos-emergentes\/"},"wordCount":1863,"publisher":{"@id":"https:\/\/www.pressenza.com\/es\/#organization"},"image":{"@id":"https:\/\/www.pressenza.com\/es\/2014\/05\/tesis-de-los-nuevos-movimientos-emergentes\/#primaryimage"},"thumbnailUrl":"https:\/\/www.pressenza.com\/wp-content\/uploads\/2014\/05\/Puerta-del-Sol_-viernes-20-mayo-2011_respuesta-de-la-poblacion-ante-la-amenaza-de-desalojo-600x3991.jpg","keywords":["OWS","Yo Soy 132"],"inLanguage":"es"},{"@type":"WebPage","@id":"https:\/\/www.pressenza.com\/es\/2014\/05\/tesis-de-los-nuevos-movimientos-emergentes\/","url":"https:\/\/www.pressenza.com\/es\/2014\/05\/tesis-de-los-nuevos-movimientos-emergentes\/","name":"Tesis de los Nuevos Movimientos Emergentes","isPartOf":{"@id":"https:\/\/www.pressenza.com\/es\/#website"},"primaryImageOfPage":{"@id":"https:\/\/www.pressenza.com\/es\/2014\/05\/tesis-de-los-nuevos-movimientos-emergentes\/#primaryimage"},"image":{"@id":"https:\/\/www.pressenza.com\/es\/2014\/05\/tesis-de-los-nuevos-movimientos-emergentes\/#primaryimage"},"thumbnailUrl":"https:\/\/www.pressenza.com\/wp-content\/uploads\/2014\/05\/Puerta-del-Sol_-viernes-20-mayo-2011_respuesta-de-la-poblacion-ante-la-amenaza-de-desalojo-600x3991.jpg","datePublished":"2014-05-25T02:44:21+00:00","dateModified":"2014-12-21T00:45:40+00:00","description":"Grupo de trabajo colaborativo de miembros del 15M, Occupy, Indign\u00e9s, YoSoy 132, Occupy Russia Recopilaci\u00f3n sint\u00e9tica de los puntos en com\u00fan de los","breadcrumb":{"@id":"https:\/\/www.pressenza.com\/es\/2014\/05\/tesis-de-los-nuevos-movimientos-emergentes\/#breadcrumb"},"inLanguage":"es","potentialAction":[{"@type":"ReadAction","target":["https:\/\/www.pressenza.com\/es\/2014\/05\/tesis-de-los-nuevos-movimientos-emergentes\/"]}]},{"@type":"ImageObject","inLanguage":"es","@id":"https:\/\/www.pressenza.com\/es\/2014\/05\/tesis-de-los-nuevos-movimientos-emergentes\/#primaryimage","url":"https:\/\/www.pressenza.com\/wp-content\/uploads\/2014\/05\/Puerta-del-Sol_-viernes-20-mayo-2011_respuesta-de-la-poblacion-ante-la-amenaza-de-desalojo-600x3991.jpg","contentUrl":"https:\/\/www.pressenza.com\/wp-content\/uploads\/2014\/05\/Puerta-del-Sol_-viernes-20-mayo-2011_respuesta-de-la-poblacion-ante-la-amenaza-de-desalojo-600x3991.jpg","width":600,"height":399},{"@type":"BreadcrumbList","@id":"https:\/\/www.pressenza.com\/es\/2014\/05\/tesis-de-los-nuevos-movimientos-emergentes\/#breadcrumb","itemListElement":[{"@type":"ListItem","position":1,"name":"Accueil","item":"https:\/\/www.pressenza.com\/es\/"},{"@type":"ListItem","position":2,"name":"Tesis de los Nuevos Movimientos Emergentes"}]},{"@type":"WebSite","@id":"https:\/\/www.pressenza.com\/es\/#website","url":"https:\/\/www.pressenza.com\/es\/","name":"Pressenza","description":"International Press Agency","publisher":{"@id":"https:\/\/www.pressenza.com\/es\/#organization"},"potentialAction":[{"@type":"SearchAction","target":{"@type":"EntryPoint","urlTemplate":"https:\/\/www.pressenza.com\/es\/?s={search_term_string}"},"query-input":{"@type":"PropertyValueSpecification","valueRequired":true,"valueName":"search_term_string"}}],"inLanguage":"es"},{"@type":"Organization","@id":"https:\/\/www.pressenza.com\/es\/#organization","name":"Pressenza","url":"https:\/\/www.pressenza.com\/es\/","logo":{"@type":"ImageObject","inLanguage":"es","@id":"https:\/\/www.pressenza.com\/es\/#\/schema\/logo\/image\/","url":"https:\/\/www.pressenza.com\/wp-content\/uploads\/2022\/10\/pressenza_logo_200x200.jpg","contentUrl":"https:\/\/www.pressenza.com\/wp-content\/uploads\/2022\/10\/pressenza_logo_200x200.jpg","width":200,"height":200,"caption":"Pressenza"},"image":{"@id":"https:\/\/www.pressenza.com\/es\/#\/schema\/logo\/image\/"},"sameAs":["https:\/\/www.facebook.com\/PressenzaItalia","https:\/\/x.com\/PressenzaIPA"]},{"@type":"Person","@id":"https:\/\/www.pressenza.com\/es\/#\/schema\/person\/010e5d02bcf40965427a1289a4cc8d75","name":"Pressenza IPA","description":"News from Pressenza IPA correspondents","sameAs":["https:\/\/www.facebook.com\/pressenza","https:\/\/x.com\/PressenzaIPA"],"url":"https:\/\/www.pressenza.com\/es\/author\/pressenza-ipa\/"}]}},"place":"","original_article_url":"","_links":{"self":[{"href":"https:\/\/www.pressenza.com\/es\/wp-json\/wp\/v2\/posts\/109002","targetHints":{"allow":["GET"]}}],"collection":[{"href":"https:\/\/www.pressenza.com\/es\/wp-json\/wp\/v2\/posts"}],"about":[{"href":"https:\/\/www.pressenza.com\/es\/wp-json\/wp\/v2\/types\/post"}],"author":[{"embeddable":true,"href":"https:\/\/www.pressenza.com\/es\/wp-json\/wp\/v2\/users\/19"}],"replies":[{"embeddable":true,"href":"https:\/\/www.pressenza.com\/es\/wp-json\/wp\/v2\/comments?post=109002"}],"version-history":[{"count":0,"href":"https:\/\/www.pressenza.com\/es\/wp-json\/wp\/v2\/posts\/109002\/revisions"}],"wp:featuredmedia":[{"embeddable":true,"href":"https:\/\/www.pressenza.com\/es\/wp-json\/wp\/v2\/media\/107572"}],"wp:attachment":[{"href":"https:\/\/www.pressenza.com\/es\/wp-json\/wp\/v2\/media?parent=109002"}],"wp:term":[{"taxonomy":"category","embeddable":true,"href":"https:\/\/www.pressenza.com\/es\/wp-json\/wp\/v2\/categories?post=109002"},{"taxonomy":"post_tag","embeddable":true,"href":"https:\/\/www.pressenza.com\/es\/wp-json\/wp\/v2\/tags?post=109002"}],"curies":[{"name":"wp","href":"https:\/\/api.w.org\/{rel}","templated":true}]}}