{"id":108932,"date":"2014-05-24T23:37:23","date_gmt":"2014-05-24T22:37:23","guid":{"rendered":"http:\/\/www.pressenza.com\/?p=108932"},"modified":"2014-05-24T23:37:23","modified_gmt":"2014-05-24T22:37:23","slug":"onu-condena-golpe-de-estado-en-tailandia","status":"publish","type":"post","link":"https:\/\/www.pressenza.com\/es\/2014\/05\/onu-condena-golpe-de-estado-en-tailandia\/","title":{"rendered":"ONU condena golpe de Estado en Tailandia"},"content":{"rendered":"<p style=\"text-align: justify;\">La alta comisionada de Naciones Unidas para los Derechos Humanos, <strong>Navi Pillay<\/strong>, conden\u00f3 hoy el reciente golpe de Estado en <strong>Tailandia<\/strong> y urgi\u00f3 a los militares restaurar el Estado de Derecho en ese pa\u00eds del sudeste asi\u00e1tico.<\/p>\n<p style=\"text-align: justify;\">En un comunicado, la funcionaria advirti\u00f3 que su Oficina monitorea de cerca la situaci\u00f3n en Tailandia, donde impera un toque de queda, fue prohibida la reuni\u00f3n de m\u00e1s de cinco personas y varios l\u00edderes pol\u00edticos fueron detenidos y otros obligados a comparecer ante las autoridades de facto.<\/p>\n<p style=\"text-align: justify;\">Desde hace cinco meses hemos se\u00f1alado preocupaciones por el panorama del pa\u00eds, sin embargo, nuestra alarma es ahora a\u00fan mayor, por la imposici\u00f3n de la ley marcial, la suspensi\u00f3n de la Constituci\u00f3n y las medidas de emergencia dictadas, dijo.<\/p>\n<p style=\"text-align: justify;\">Pillay reclam\u00f3 el respeto a los derechos humanos, al recordar que hasta ayer, los golpistas hab\u00edan emitido 21 pronunciamientos y tres \u00f3rdenes.<\/p>\n<p style=\"text-align: justify;\">El dominado Consejo Nacional de la Paz y el Orden derroc\u00f3 la v\u00edspera al primer ministro Niwattumrong Boonsongpaisan, sucesor de la recientemente destituida de ese puesto, Yingluck Shinawatra.<\/p>\n<p style=\"text-align: justify;\">Tenemos mucha preocupaci\u00f3n por las restricciones impuestas a las libertades fundamentales por el Consejo, sobre todo porque al afectar la libertad de expresi\u00f3n y reuni\u00f3n se limita el di\u00e1logo, el cual es clave para resolver las diferencias pol\u00edticas, subray\u00f3.<\/p>\n<p style=\"text-align: justify;\">Este jueves, el secretario general de la <strong>ONU<\/strong>, <strong>Ban Ki-moon<\/strong>, inst\u00f3 a los actores pol\u00edticos tailandeses a conversar sin exclusiones para poner fin a la crisis.<\/p>\n<p style=\"text-align: justify;\">Seg\u00fan Ban, todas las partes deben de inmediato trabajar juntas de forma constructiva, en aras de evitar la violencia y garantizar el respeto a los derechos humanos.<\/p>\n","protected":false},"excerpt":{"rendered":"<p>La alta comisionada de Naciones Unidas para los Derechos Humanos, Navi Pillay, conden\u00f3 hoy el reciente golpe de Estado en Tailandia y urgi\u00f3 a los militares restaurar el Estado de Derecho en ese pa\u00eds del sudeste asi\u00e1tico. En un comunicado,&hellip;<\/p>\n","protected":false},"author":640,"featured_media":108934,"comment_status":"closed","ping_status":"open","sticky":false,"template":"","format":"standard","meta":{"footnotes":""},"categories":[65,79,39],"tags":[1557,8574],"class_list":["post-108932","post","type-post","status-publish","format-standard","has-post-thumbnail","hentry","category-asia-es","category-derechos-humanos","category-internacional","tag-golpe-de-estado-es","tag-tailandia-es"],"yoast_head":"<!-- This site is optimized with the Yoast SEO plugin v27.1.1 - https:\/\/yoast.com\/product\/yoast-seo-wordpress\/ -->\n<title>ONU condena golpe de Estado en Tailandia<\/title>\n<meta name=\"description\" content=\"La alta comisionada de Naciones Unidas para los Derechos Humanos, Navi Pillay, conden\u00f3 hoy el reciente golpe de Estado en Tailandia y urgi\u00f3 a los\" \/>\n<meta name=\"robots\" content=\"index, follow, max-snippet:-1, max-image-preview:large, max-video-preview:-1\" \/>\n<link rel=\"canonical\" href=\"https:\/\/www.pressenza.com\/es\/2014\/05\/onu-condena-golpe-de-estado-en-tailandia\/\" \/>\n<meta property=\"og:locale\" content=\"es_ES\" \/>\n<meta property=\"og:type\" content=\"article\" \/>\n<meta property=\"og:title\" content=\"ONU condena golpe de Estado en Tailandia\" \/>\n<meta property=\"og:description\" content=\"La alta comisionada de Naciones Unidas para los Derechos Humanos, Navi Pillay, conden\u00f3 hoy el reciente golpe de Estado en Tailandia y urgi\u00f3 a los\" \/>\n<meta property=\"og:url\" content=\"https:\/\/www.pressenza.com\/es\/2014\/05\/onu-condena-golpe-de-estado-en-tailandia\/\" \/>\n<meta property=\"og:site_name\" content=\"Pressenza\" \/>\n<meta property=\"article:publisher\" content=\"https:\/\/www.facebook.com\/PressenzaItalia\" \/>\n<meta property=\"article:author\" content=\"https:\/\/www.facebook.com\/AgenciasUlan\" \/>\n<meta property=\"article:published_time\" content=\"2014-05-24T22:37:23+00:00\" \/>\n<meta property=\"og:image\" content=\"https:\/\/www.pressenza.com\/wp-content\/uploads\/2014\/05\/thaila.jpg\" \/>\n\t<meta property=\"og:image:width\" content=\"285\" \/>\n\t<meta property=\"og:image:height\" content=\"206\" \/>\n\t<meta property=\"og:image:type\" content=\"image\/jpeg\" \/>\n<meta name=\"author\" content=\"Uni\u00f3n Latinoamericana de Agencias de Noticias\" \/>\n<meta name=\"twitter:card\" content=\"summary_large_image\" \/>\n<meta name=\"twitter:creator\" content=\"@agenciasulan\" \/>\n<meta name=\"twitter:site\" content=\"@PressenzaIPA\" \/>\n<meta name=\"twitter:label1\" content=\"Escrito por\" \/>\n\t<meta name=\"twitter:data1\" content=\"Uni\u00f3n Latinoamericana de Agencias de Noticias\" \/>\n\t<meta name=\"twitter:label2\" content=\"Tiempo de lectura\" \/>\n\t<meta name=\"twitter:data2\" content=\"1 minuto\" \/>\n<script type=\"application\/ld+json\" class=\"yoast-schema-graph\">{\"@context\":\"https:\/\/schema.org\",\"@graph\":[{\"@type\":\"Article\",\"@id\":\"https:\/\/www.pressenza.com\/es\/2014\/05\/onu-condena-golpe-de-estado-en-tailandia\/#article\",\"isPartOf\":{\"@id\":\"https:\/\/www.pressenza.com\/es\/2014\/05\/onu-condena-golpe-de-estado-en-tailandia\/\"},\"author\":{\"name\":\"Uni\u00f3n Latinoamericana de Agencias de Noticias\",\"@id\":\"https:\/\/www.pressenza.com\/es\/#\/schema\/person\/a9efe8d7b19eb4689fcbcb71bc21dba6\"},\"headline\":\"ONU condena golpe de Estado en Tailandia\",\"datePublished\":\"2014-05-24T22:37:23+00:00\",\"mainEntityOfPage\":{\"@id\":\"https:\/\/www.pressenza.com\/es\/2014\/05\/onu-condena-golpe-de-estado-en-tailandia\/\"},\"wordCount\":293,\"publisher\":{\"@id\":\"https:\/\/www.pressenza.com\/es\/#organization\"},\"image\":{\"@id\":\"https:\/\/www.pressenza.com\/es\/2014\/05\/onu-condena-golpe-de-estado-en-tailandia\/#primaryimage\"},\"thumbnailUrl\":\"https:\/\/www.pressenza.com\/wp-content\/uploads\/2014\/05\/thaila.jpg\",\"keywords\":[\"golpe de estado\",\"Tailandia\"],\"articleSection\":[\"Asia\",\"Derechos Humanos\",\"Internacional\"],\"inLanguage\":\"es\"},{\"@type\":\"WebPage\",\"@id\":\"https:\/\/www.pressenza.com\/es\/2014\/05\/onu-condena-golpe-de-estado-en-tailandia\/\",\"url\":\"https:\/\/www.pressenza.com\/es\/2014\/05\/onu-condena-golpe-de-estado-en-tailandia\/\",\"name\":\"ONU condena golpe de Estado en Tailandia\",\"isPartOf\":{\"@id\":\"https:\/\/www.pressenza.com\/es\/#website\"},\"primaryImageOfPage\":{\"@id\":\"https:\/\/www.pressenza.com\/es\/2014\/05\/onu-condena-golpe-de-estado-en-tailandia\/#primaryimage\"},\"image\":{\"@id\":\"https:\/\/www.pressenza.com\/es\/2014\/05\/onu-condena-golpe-de-estado-en-tailandia\/#primaryimage\"},\"thumbnailUrl\":\"https:\/\/www.pressenza.com\/wp-content\/uploads\/2014\/05\/thaila.jpg\",\"datePublished\":\"2014-05-24T22:37:23+00:00\",\"description\":\"La alta comisionada de Naciones Unidas para los Derechos Humanos, Navi Pillay, conden\u00f3 hoy el reciente golpe de Estado en Tailandia y urgi\u00f3 a los\",\"breadcrumb\":{\"@id\":\"https:\/\/www.pressenza.com\/es\/2014\/05\/onu-condena-golpe-de-estado-en-tailandia\/#breadcrumb\"},\"inLanguage\":\"es\",\"potentialAction\":[{\"@type\":\"ReadAction\",\"target\":[\"https:\/\/www.pressenza.com\/es\/2014\/05\/onu-condena-golpe-de-estado-en-tailandia\/\"]}]},{\"@type\":\"ImageObject\",\"inLanguage\":\"es\",\"@id\":\"https:\/\/www.pressenza.com\/es\/2014\/05\/onu-condena-golpe-de-estado-en-tailandia\/#primaryimage\",\"url\":\"https:\/\/www.pressenza.com\/wp-content\/uploads\/2014\/05\/thaila.jpg\",\"contentUrl\":\"https:\/\/www.pressenza.com\/wp-content\/uploads\/2014\/05\/thaila.jpg\",\"width\":285,\"height\":206},{\"@type\":\"BreadcrumbList\",\"@id\":\"https:\/\/www.pressenza.com\/es\/2014\/05\/onu-condena-golpe-de-estado-en-tailandia\/#breadcrumb\",\"itemListElement\":[{\"@type\":\"ListItem\",\"position\":1,\"name\":\"Accueil\",\"item\":\"https:\/\/www.pressenza.com\/es\/\"},{\"@type\":\"ListItem\",\"position\":2,\"name\":\"ONU condena golpe de Estado en Tailandia\"}]},{\"@type\":\"WebSite\",\"@id\":\"https:\/\/www.pressenza.com\/es\/#website\",\"url\":\"https:\/\/www.pressenza.com\/es\/\",\"name\":\"Pressenza\",\"description\":\"International Press Agency\",\"publisher\":{\"@id\":\"https:\/\/www.pressenza.com\/es\/#organization\"},\"potentialAction\":[{\"@type\":\"SearchAction\",\"target\":{\"@type\":\"EntryPoint\",\"urlTemplate\":\"https:\/\/www.pressenza.com\/es\/?s={search_term_string}\"},\"query-input\":{\"@type\":\"PropertyValueSpecification\",\"valueRequired\":true,\"valueName\":\"search_term_string\"}}],\"inLanguage\":\"es\"},{\"@type\":\"Organization\",\"@id\":\"https:\/\/www.pressenza.com\/es\/#organization\",\"name\":\"Pressenza\",\"url\":\"https:\/\/www.pressenza.com\/es\/\",\"logo\":{\"@type\":\"ImageObject\",\"inLanguage\":\"es\",\"@id\":\"https:\/\/www.pressenza.com\/es\/#\/schema\/logo\/image\/\",\"url\":\"https:\/\/www.pressenza.com\/wp-content\/uploads\/2022\/10\/pressenza_logo_200x200.jpg\",\"contentUrl\":\"https:\/\/www.pressenza.com\/wp-content\/uploads\/2022\/10\/pressenza_logo_200x200.jpg\",\"width\":200,\"height\":200,\"caption\":\"Pressenza\"},\"image\":{\"@id\":\"https:\/\/www.pressenza.com\/es\/#\/schema\/logo\/image\/\"},\"sameAs\":[\"https:\/\/www.facebook.com\/PressenzaItalia\",\"https:\/\/x.com\/PressenzaIPA\"]},{\"@type\":\"Person\",\"@id\":\"https:\/\/www.pressenza.com\/es\/#\/schema\/person\/a9efe8d7b19eb4689fcbcb71bc21dba6\",\"name\":\"Uni\u00f3n Latinoamericana de Agencias de Noticias\",\"description\":\"Una asociaci\u00f3n supranacional que re\u00fane a las agencias de noticias de Am\u00e9rica Latina y el Caribe. agenciasulan.org\",\"sameAs\":[\"https:\/\/www.facebook.com\/AgenciasUlan\",\"https:\/\/x.com\/agenciasulan\"],\"url\":\"https:\/\/www.pressenza.com\/es\/author\/union-latinoamericana-de-agencias-de-noticias\/\"}]}<\/script>\n<!-- \/ Yoast SEO plugin. -->","yoast_head_json":{"title":"ONU condena golpe de Estado en Tailandia","description":"La alta comisionada de Naciones Unidas para los Derechos Humanos, Navi Pillay, conden\u00f3 hoy el reciente golpe de Estado en Tailandia y urgi\u00f3 a los","robots":{"index":"index","follow":"follow","max-snippet":"max-snippet:-1","max-image-preview":"max-image-preview:large","max-video-preview":"max-video-preview:-1"},"canonical":"https:\/\/www.pressenza.com\/es\/2014\/05\/onu-condena-golpe-de-estado-en-tailandia\/","og_locale":"es_ES","og_type":"article","og_title":"ONU condena golpe de Estado en Tailandia","og_description":"La alta comisionada de Naciones Unidas para los Derechos Humanos, Navi Pillay, conden\u00f3 hoy el reciente golpe de Estado en Tailandia y urgi\u00f3 a los","og_url":"https:\/\/www.pressenza.com\/es\/2014\/05\/onu-condena-golpe-de-estado-en-tailandia\/","og_site_name":"Pressenza","article_publisher":"https:\/\/www.facebook.com\/PressenzaItalia","article_author":"https:\/\/www.facebook.com\/AgenciasUlan","article_published_time":"2014-05-24T22:37:23+00:00","og_image":[{"width":285,"height":206,"url":"https:\/\/www.pressenza.com\/wp-content\/uploads\/2014\/05\/thaila.jpg","type":"image\/jpeg"}],"author":"Uni\u00f3n Latinoamericana de Agencias de Noticias","twitter_card":"summary_large_image","twitter_creator":"@agenciasulan","twitter_site":"@PressenzaIPA","twitter_misc":{"Escrito por":"Uni\u00f3n Latinoamericana de Agencias de Noticias","Tiempo de lectura":"1 minuto"},"schema":{"@context":"https:\/\/schema.org","@graph":[{"@type":"Article","@id":"https:\/\/www.pressenza.com\/es\/2014\/05\/onu-condena-golpe-de-estado-en-tailandia\/#article","isPartOf":{"@id":"https:\/\/www.pressenza.com\/es\/2014\/05\/onu-condena-golpe-de-estado-en-tailandia\/"},"author":{"name":"Uni\u00f3n Latinoamericana de Agencias de Noticias","@id":"https:\/\/www.pressenza.com\/es\/#\/schema\/person\/a9efe8d7b19eb4689fcbcb71bc21dba6"},"headline":"ONU condena golpe de Estado en Tailandia","datePublished":"2014-05-24T22:37:23+00:00","mainEntityOfPage":{"@id":"https:\/\/www.pressenza.com\/es\/2014\/05\/onu-condena-golpe-de-estado-en-tailandia\/"},"wordCount":293,"publisher":{"@id":"https:\/\/www.pressenza.com\/es\/#organization"},"image":{"@id":"https:\/\/www.pressenza.com\/es\/2014\/05\/onu-condena-golpe-de-estado-en-tailandia\/#primaryimage"},"thumbnailUrl":"https:\/\/www.pressenza.com\/wp-content\/uploads\/2014\/05\/thaila.jpg","keywords":["golpe de estado","Tailandia"],"articleSection":["Asia","Derechos Humanos","Internacional"],"inLanguage":"es"},{"@type":"WebPage","@id":"https:\/\/www.pressenza.com\/es\/2014\/05\/onu-condena-golpe-de-estado-en-tailandia\/","url":"https:\/\/www.pressenza.com\/es\/2014\/05\/onu-condena-golpe-de-estado-en-tailandia\/","name":"ONU condena golpe de Estado en Tailandia","isPartOf":{"@id":"https:\/\/www.pressenza.com\/es\/#website"},"primaryImageOfPage":{"@id":"https:\/\/www.pressenza.com\/es\/2014\/05\/onu-condena-golpe-de-estado-en-tailandia\/#primaryimage"},"image":{"@id":"https:\/\/www.pressenza.com\/es\/2014\/05\/onu-condena-golpe-de-estado-en-tailandia\/#primaryimage"},"thumbnailUrl":"https:\/\/www.pressenza.com\/wp-content\/uploads\/2014\/05\/thaila.jpg","datePublished":"2014-05-24T22:37:23+00:00","description":"La alta comisionada de Naciones Unidas para los Derechos Humanos, Navi Pillay, conden\u00f3 hoy el reciente golpe de Estado en Tailandia y urgi\u00f3 a los","breadcrumb":{"@id":"https:\/\/www.pressenza.com\/es\/2014\/05\/onu-condena-golpe-de-estado-en-tailandia\/#breadcrumb"},"inLanguage":"es","potentialAction":[{"@type":"ReadAction","target":["https:\/\/www.pressenza.com\/es\/2014\/05\/onu-condena-golpe-de-estado-en-tailandia\/"]}]},{"@type":"ImageObject","inLanguage":"es","@id":"https:\/\/www.pressenza.com\/es\/2014\/05\/onu-condena-golpe-de-estado-en-tailandia\/#primaryimage","url":"https:\/\/www.pressenza.com\/wp-content\/uploads\/2014\/05\/thaila.jpg","contentUrl":"https:\/\/www.pressenza.com\/wp-content\/uploads\/2014\/05\/thaila.jpg","width":285,"height":206},{"@type":"BreadcrumbList","@id":"https:\/\/www.pressenza.com\/es\/2014\/05\/onu-condena-golpe-de-estado-en-tailandia\/#breadcrumb","itemListElement":[{"@type":"ListItem","position":1,"name":"Accueil","item":"https:\/\/www.pressenza.com\/es\/"},{"@type":"ListItem","position":2,"name":"ONU condena golpe de Estado en Tailandia"}]},{"@type":"WebSite","@id":"https:\/\/www.pressenza.com\/es\/#website","url":"https:\/\/www.pressenza.com\/es\/","name":"Pressenza","description":"International Press Agency","publisher":{"@id":"https:\/\/www.pressenza.com\/es\/#organization"},"potentialAction":[{"@type":"SearchAction","target":{"@type":"EntryPoint","urlTemplate":"https:\/\/www.pressenza.com\/es\/?s={search_term_string}"},"query-input":{"@type":"PropertyValueSpecification","valueRequired":true,"valueName":"search_term_string"}}],"inLanguage":"es"},{"@type":"Organization","@id":"https:\/\/www.pressenza.com\/es\/#organization","name":"Pressenza","url":"https:\/\/www.pressenza.com\/es\/","logo":{"@type":"ImageObject","inLanguage":"es","@id":"https:\/\/www.pressenza.com\/es\/#\/schema\/logo\/image\/","url":"https:\/\/www.pressenza.com\/wp-content\/uploads\/2022\/10\/pressenza_logo_200x200.jpg","contentUrl":"https:\/\/www.pressenza.com\/wp-content\/uploads\/2022\/10\/pressenza_logo_200x200.jpg","width":200,"height":200,"caption":"Pressenza"},"image":{"@id":"https:\/\/www.pressenza.com\/es\/#\/schema\/logo\/image\/"},"sameAs":["https:\/\/www.facebook.com\/PressenzaItalia","https:\/\/x.com\/PressenzaIPA"]},{"@type":"Person","@id":"https:\/\/www.pressenza.com\/es\/#\/schema\/person\/a9efe8d7b19eb4689fcbcb71bc21dba6","name":"Uni\u00f3n Latinoamericana de Agencias de Noticias","description":"Una asociaci\u00f3n supranacional que re\u00fane a las agencias de noticias de Am\u00e9rica Latina y el Caribe. agenciasulan.org","sameAs":["https:\/\/www.facebook.com\/AgenciasUlan","https:\/\/x.com\/agenciasulan"],"url":"https:\/\/www.pressenza.com\/es\/author\/union-latinoamericana-de-agencias-de-noticias\/"}]}},"place":"","original_article_url":"","_links":{"self":[{"href":"https:\/\/www.pressenza.com\/es\/wp-json\/wp\/v2\/posts\/108932","targetHints":{"allow":["GET"]}}],"collection":[{"href":"https:\/\/www.pressenza.com\/es\/wp-json\/wp\/v2\/posts"}],"about":[{"href":"https:\/\/www.pressenza.com\/es\/wp-json\/wp\/v2\/types\/post"}],"author":[{"embeddable":true,"href":"https:\/\/www.pressenza.com\/es\/wp-json\/wp\/v2\/users\/640"}],"replies":[{"embeddable":true,"href":"https:\/\/www.pressenza.com\/es\/wp-json\/wp\/v2\/comments?post=108932"}],"version-history":[{"count":0,"href":"https:\/\/www.pressenza.com\/es\/wp-json\/wp\/v2\/posts\/108932\/revisions"}],"wp:featuredmedia":[{"embeddable":true,"href":"https:\/\/www.pressenza.com\/es\/wp-json\/wp\/v2\/media\/108934"}],"wp:attachment":[{"href":"https:\/\/www.pressenza.com\/es\/wp-json\/wp\/v2\/media?parent=108932"}],"wp:term":[{"taxonomy":"category","embeddable":true,"href":"https:\/\/www.pressenza.com\/es\/wp-json\/wp\/v2\/categories?post=108932"},{"taxonomy":"post_tag","embeddable":true,"href":"https:\/\/www.pressenza.com\/es\/wp-json\/wp\/v2\/tags?post=108932"}],"curies":[{"name":"wp","href":"https:\/\/api.w.org\/{rel}","templated":true}]}}