{"id":1088266,"date":"2020-04-21T00:02:03","date_gmt":"2020-04-20T23:02:03","guid":{"rendered":"https:\/\/www.pressenza.com\/?p=1088266"},"modified":"2020-04-21T00:02:03","modified_gmt":"2020-04-20T23:02:03","slug":"buenas-razones-para-no-volver-a-clases","status":"publish","type":"post","link":"https:\/\/www.pressenza.com\/es\/2020\/04\/buenas-razones-para-no-volver-a-clases\/","title":{"rendered":"Buenas razones para no volver a clases"},"content":{"rendered":"<p>Por Fernando Padila*<\/p>\n<p>Seg\u00fan art\u00edculo del Diario electr\u00f3nico El Mostrador del <a href=\"https:\/\/www.elmostrador.cl\/noticias\/pais\/2020\/04\/13\/el-enredo-del-mineduc-con-el-regreso-a-clases-ministro-figueroa-asume-que-es-poco-probable-que-sea-a-partir-del-27-de-abril\/\">lunes 13 de abril<\/a>: \u201cDesde este lunes, los escolares se encuentran en vacaciones de invierno, una decisi\u00f3n que el Mineduc mantuvo a firme pese a la resistencia que despert\u00f3 entre expertos, Colegio de Profesores, parlamentarios y alcaldes. De hecho, desde Educaci\u00f3n 2020 sostuvieron que la suspensi\u00f3n se produce justo cuando \u00ablas escuelas a lo largo de todo el pa\u00eds, en esta situaci\u00f3n estresante y demandante, estaban logrando pasar la etapa de ajuste de la educaci\u00f3n a distancia\u201d. El ministro del ramo volvi\u00f3 a justificar la medida, pero advirti\u00f3 que la fecha barajada inicialmente para el retorno es incierta \u2013 anunciada hace un tiempo por el ministro del ramo para el 27 de abril de 2020.\u201d<\/p>\n<p>Dando muestras una vez m\u00e1s de una gran cantidad de medidas que hasta la fecha han sido suficientemente criticadas y se concluyen como erradas y cerradas a la participaci\u00f3n colectiva, sobre todo de qui\u00e9nes son voces autorizadas o interesadas en cada \u00e1rea (en este caso de educaci\u00f3n el gremio profesional docente, los trabajadores de educaci\u00f3n, apoderados, sostenedores, expertos y otros), para enfrentar de mejor manera la pandemia.<\/p>\n<p>Utilizando como base la estad\u00edstica emanada desde el ministerio de Salud (MINSAL) a la fecha del jueves 16-04-2020, se puede construir un cuadro muestral evolutivo de las regiones y del pa\u00eds del mes de abril 2020 en torno a casos nuevos, casos totales, % total con relaci\u00f3n al pa\u00eds y fallecidos. Esto para poner de manifiesto las aseveraciones irresponsables y demag\u00f3gicas del ministro de Educaci\u00f3n en su momento, con relaci\u00f3n a la fecha establecida en primera instancia para volver los escolares a clases en el pa\u00eds.<\/p>\n<p>Entre los elementos de an\u00e1lisis e interpretaci\u00f3n m\u00e1s importantes de este cuadro evolutivo de la pandemia en Chile durante el mes de abril 2020, podemos destacar respecto a casos nuevos de contagios que, lejos de todas las dem\u00e1s regiones y situ\u00e1ndose en persistente aumento con mayores n\u00fameros, en la regi\u00f3n Metropolitana la variabilidad ha aumentado en menos de 300% entre las fechas extremas; en la IX regi\u00f3n (Wallmapu) despu\u00e9s de bajar en las 2 fechas intermedias, en la fecha del 16 de abril se ha aumentado un poco m\u00e1s del 25% con relaci\u00f3n al 1 de abril. Sin embargo, aparte de las dos anteriores, la mayor\u00eda de las regiones no experimenta aumento de casos o no son destacables num\u00e9ricamente en la \u00faltima fecha. Por \u00faltimo, se alinea con la regi\u00f3n Metropolitana al observarse el nivel pa\u00eds, puesto que al 1 de abril se declaraban 293 casos nuevos, frente a 534 al 16 de abril; cuesti\u00f3n que representa una variabilidad entre ambas fechas con un incremento de alrededor de un 45% al 16 de abril.<\/p>\n<p>En otro aspecto medido como los casos totales de contagios, en las regiones de efecto mayor de contagios, como en la regi\u00f3n Metropolitana de un n\u00famero inicial de 1.521 casos de contagios el 1 de abril, se ha llegado al 16 de abril con 4.682; reflejando un aumento de contagios de m\u00e1s de 200% en el per\u00edodo. En el caso de la segunda en n\u00famero de contagios, en el Wallmapu, de 343 en la misma fecha inicial anterior, se ha llegado a 882 en la \u00faltima fecha considerada; constituyendo un aumento de contagios de menos del 150% con relaci\u00f3n a la fecha de comienzo del mes. En el caso del total pa\u00eds, al 1 de abril exist\u00edan 3.031 personas contagiadas, inform\u00e1ndose un total al 16 de abril de 8.807; es decir, un aumento porcentual de poco menos de 200% en este per\u00edodo. Asimismo, existen regiones del pa\u00eds con n\u00fameros coincidentes de casos mucho menores, con relaci\u00f3n a su baja cantidad de poblaci\u00f3n, como es el caso de Ays\u00e9n que se mantuvo la mayor\u00eda del per\u00edodo con 7 contagios; por otro lado, la regi\u00f3n de Atacama que comienza el mes con 3 contagios y llega al 16 de abril con 13 contagios, registrando un aumento de contagios del orden de m\u00e1s de 300%. Por \u00faltimo, la tendencia general de las regiones y en el pa\u00eds es al aumento de contagios- exceptu\u00e1ndose los casos de Atacama y de Ays\u00e9n que se mantienen en 13 y 7 contagios, con los totales de poblaci\u00f3n individuales muy menores comparadas con las otras regiones.<\/p>\n<p>Con relaci\u00f3n a fallecidos en este per\u00edodo seleccionado, nuevamente coinciden las cifras m\u00e1s relevantes en el caso de la regi\u00f3n Metropolitana que de 5 v\u00edctimas del virus el 1 al 16 de abril aumenta considerablemente a 48, con un poco menos de 900% de progresi\u00f3n. Tambi\u00e9n la sigue el Wallmapau que de 6 el 1 de abril sube el 6 a 21 fallecidos; con una variabilidad de poco menos de un 250% entre ambas fechas. A nivel nacional el 1 de abril habr\u00edan ocurrido 16 muertes que habr\u00edan subido a un total de 105 al 16 de abril; produci\u00e9ndose un aumento muy importante de fallecidos en el pa\u00eds, acerc\u00e1ndose al 600% en este per\u00edodo considerado.<\/p>\n<p><img loading=\"lazy\" decoding=\"async\" class=\"aligncenter wp-image-1088347 size-full\" src=\"https:\/\/www.pressenza.com\/wp-content\/uploads\/2020\/04\/graf.jpg\" alt=\"\" width=\"727\" height=\"440\" srcset=\"https:\/\/www.pressenza.com\/wp-content\/uploads\/2020\/04\/graf.jpg 727w, https:\/\/www.pressenza.com\/wp-content\/uploads\/2020\/04\/graf-300x182.jpg 300w, https:\/\/www.pressenza.com\/wp-content\/uploads\/2020\/04\/graf-720x436.jpg 720w\" sizes=\"auto, (max-width: 727px) 100vw, 727px\" \/><\/p>\n<p>Fuente: <a href=\"http:\/\/Fuente: https:\/\/www.gob.cl\/coronavirus\/cifrasoficiales\/\">www.gob.cl\/coronavirus\/cifrasoficiales\/<\/a><\/p>\n<p>Con relaci\u00f3n a las cifras anteriores, estas permiten concluir que no existe posibilidad que se avizore lo que se ha llamado un \u201caplanamiento de la pandemia\u201d &#8211; refiri\u00e9ndose a la persistencia en un tiempo de la suspensi\u00f3n del aumento de los \u00edndices que entrega la pandemia de fallecidos, atenci\u00f3n de salud necesaria, n\u00famero de contagios y otros. A\u00fan m\u00e1s, estas nos muestran que se suceden los d\u00edas y la pandemia aumenta persistentemente en sus efectos sobre la poblaci\u00f3n y en casi todas las regiones del pa\u00eds.<\/p>\n<p>A lo anterior, habr\u00eda que agregar, seg\u00fan lo que revela la investigaci\u00f3n realizada por Rafael I. Gonz\u00e1lez y Miguel Kiwi y publicada como art\u00edculo en CIPER el 16-04-2020, que en el caso de la pandemia \u201cCOVID-19: Chile no est\u00e1 aplanando la curva, la perdimos de vista\u201d &#8211; seg\u00fan reza el mismo t\u00edtulo. Debido fundamentalmente a la incapacidad de parte del gobierno hasta la fecha de realizar un n\u00famero importante de test de covid-19 diariamente y que, adem\u00e1s, se estar\u00eda muy por debajo de lo necesario, con el objetivo de mitigar sus efectos negativos, cuando se afirma en la columna que: \u201cEn esta detallada y clara columna sobre las estrategias para mitigar los efectos del COVID-19, los autores explican que la v\u00eda que sigue Chile requiere \u201cun testeo de la poblaci\u00f3n a gran escala, capaz de seguir el crecimiento del contagio de manera adecuada\u201d. Si eso no se hace, advierten, podemos descubrir que fracasamos s\u00f3lo cuando los enfermos graves colapsen el sistema. Debido a que no se hacen los testeos necesarios, parece que aplanamos la curva; pero no lo hacemos, dicen: desde fines de marzo no sabemos d\u00f3nde est\u00e1 la <a href=\"https:\/\/ciperchile.cl\/2020\/04\/16\/covid-19-chile-no-esta-aplanando-la-curva-la-perdimos-de-vista\/\">curva de contagios<\/a>.\u201d<\/p>\n<p>En contradicci\u00f3n con la misma estrategia elegida y que lleva a cabo el gobierno para mitigar los efectos de la pandemia, la que exige la ejecuci\u00f3n de un gran n\u00famero de test diarios \u2013 adem\u00e1s de otras medidas que se observan en el pa\u00eds.<\/p>\n<p>Sumamos a los fen\u00f3menos anteriores las situaciones cr\u00edticas de aquell@s que han sido contagiad@s con el coronavirus y que deben ser atendid@s en situaci\u00f3n extrema mediante ventiladores mec\u00e1nicos. Este aparato tecnol\u00f3gico m\u00e9dico permite explicar que: \u201c<a href=\"https:\/\/www.thoracic.org\/patients\/patient-resources\/resources\/spanish\/mechanical-ventilation.pdf\">La ventilaci\u00f3n mec\u00e1nica es un tratamiento de soporte vital<\/a>. Un ventilador mec\u00e1nico es una m\u00e1quina que ayuda a respirar cuando una persona no puede respirar en la medida suficiente por sus propios medios.\u201d<\/p>\n<p>Respecto a ello el medio La Tercera en su formato electr\u00f3nico ya el 1 de abril titulaba: \u201cVentiladores mec\u00e1nicos: El pa\u00eds est\u00e1 entre el 70% y 80% de capacidad de las m\u00e1quinas, seg\u00fan intensivistas\u201d. Dando cuenta de un informe de los m\u00e9dicos de unidades tratantes cr\u00edticas del pa\u00eds, el que se\u00f1alaba que: \u201cUn autoreporte de los m\u00e9dicos de unidades cr\u00edticas del pa\u00eds se\u00f1ala que, hasta anoche, los pacientes que requer\u00edan asistencia respiratoria por Covid-19 eran alrededor de 150, sin contar las otras patolog\u00edas, lo que eleva la tasa de ocupaci\u00f3n a m\u00e1s de un 70%. Asimismo, durante la ma\u00f1ana el ministro report\u00f3 que existen \u00ab240 respiradores disponibles en este momento.\u201d Sumando otro dato referente al cuestionamiento de la adquisici\u00f3n de m\u00e1s ventiladores mec\u00e1nicos necesarios en el pa\u00eds comprometidos por el gobierno: \u201cEl tema, m\u00e1s que el n\u00famero de contagios o el \u201caplanamiento de la curva\u201d, se ha vuelto una preocupaci\u00f3n central en la Mesa Social Covid-19, y principalmente expuesto por el Colegio M\u00e9dico (Colmed), luego de que el subsecretario de Redes Asistenciales, Arturo Z\u00fa\u00f1iga, se\u00f1alara que la totalidad de la compra de alrededor de 900 ventiladores \u201c<a href=\"https:\/\/www.latercera.com\/la-tercera-pm\/noticia\/ventiladores-mecanicos-el-pais-esta-entre-el-70-y-80-de-capacidad-de-las-maquinas-segun-intensivistas\/Z7RVJ666BRBADHHMUA7J6FNJNA\/\">estar\u00e1n a fines de mayo<\/a>\u201d en el pa\u00eds.\u201d<\/p>\n<p>De esta manera, el aumento de casos de la enfermedad y el requerimiento de ventiladores mec\u00e1nicos necesarios y la incapacidad actual de no contar en el mediano plazo con ellos constituir\u00eda un factor m\u00e1s de agravamiento de la pandemia, sobre todo en la posibilidad de acrecentar el n\u00famero de fallecidos por carencia de esta herramienta fundamental. En art\u00edculo del medio El Mostrador con fecha 10 de abril de 2020 se planteaba que: \u201cSeg\u00fan consigna el medio Interferencia, que cont\u00f3 con la colaboraci\u00f3n del consultor en infraestructura hospitalaria, Sergio Teke, Chile contaba -antes de la pandemia- con 1.229 ventiladores mec\u00e1nicos para adultos provenientes del sistema p\u00fablico. Adem\u00e1s, cuenta con 589 del \u00e1mbito privado. Sin embargo, no todos pueden ser destinados a la atenci\u00f3n de pacientes con Covid-19, pues deben atender a la poblaci\u00f3n que los necesita por otras razones. Por esta raz\u00f3n la tasa de ocupaci\u00f3n normal es de 80%, por lo que est\u00e1 liberado solo el 20% de ellos, esto equivale a 246 para el sistema p\u00fablico y 118 para el privado.<\/p>\n<p>Esta cantidad de respiradores, m\u00e1s los 64 nuevos que han llegado, son toda la dotaci\u00f3n de la que dispone Chile, sumado a la partida de ventiladores por llegar m\u00e1s importante, que consta de 500 equipos donados por China. Sin embargo, y seg\u00fan el medio antes consignado, estos deben sortear varios obst\u00e1culos <a href=\"https:\/\/www.elmostrador.cl\/noticias\/pais\/2020\/04\/10\/gobierno-prescinde-de-1400-ventiladores-mecanicos-pese-a-que-contagios-superan-los-6-mil-y-asegura-que-tienen-mas-de-500-disponibles-para-covid-19\/\">antes de arribar a Chile<\/a>.\u201d<\/p>\n<p>Una vez desarrollados estos elementos argumentativos, se debe agregar adem\u00e1s que hoy los interesados y parte del problema que se origin\u00f3 en la dictadura y que se profundizaron por 30 a\u00f1os de neoliberalismo salvaje en el pa\u00eds, son aquellos los interesados en la vuelta a clases de los escolares, sin observar o tener en cuenta los elementos descritos, adem\u00e1s de muchos m\u00e1s \u2013 hablando del gobierno de derecha, el sistema pol\u00edtico y empresarial del pa\u00eds.<\/p>\n<p>Tambi\u00e9n donde uno de los aspectos m\u00e1s vistosos fue la privatizaci\u00f3n y lucro de la educaci\u00f3n, por medio de los sostenedores particulares subvencionados y partidarios tambi\u00e9n de esto. Lo que est\u00e1 asociado directamente a la mirada de hoy en d\u00eda en el manejo de la pandemia del covid-19 que pone en el lugar principal a la econom\u00eda por sobre la salud y la vida humana.<\/p>\n<p>Sin embargo, el gremio docente, los propios profesores en general, junto con los trabajadores de la educaci\u00f3n, los expertos en educaci\u00f3n, los interesados directos que son los apoderados y otros, se han manifestado abierta y claramente ante la posibilidad de regreso a las actividades de la escuela por un tiempo m\u00e1s prolongado que lo que estim\u00f3 inicialmente el ministro de Educaci\u00f3n. A\u00fan m\u00e1s, entre las voces, se plantea la no vuelta a clases en la escuela hasta el segundo semestre lectivo.<\/p>\n<p>El gobierno, por su parte, ya ha puesto en duda la fecha inicial planteada para el regreso &#8211; puesta en duda semanas atr\u00e1s hasta por la propia cartera de Salud.<\/p>\n<p>Todos los relacionados directamente e indirectamente con el quehacer de la escuela y su realidad cotidiana son los conocedores de los peligros o riesgos de contagio objetivos entre l@s estudiantes. Ellos tienen absolutamente establecido y asumido que en la escuela cotidianamente deben producirse hechos o acciones de humanizaci\u00f3n entre l@s escolares, por ejemplo: El constituirse como observadores del diario juego de l@s alumn@s, de su abrazo, dada de manos y besos de saludo, su roce permanente y natural, su hablar, correr y comunicarse entre ell@s en el aula como en los pasillos y patios .<\/p>\n<p>Estas constituyen pr\u00e1cticas o gestos de socializaci\u00f3n propiamente humanas que hoy, paradojalmente por el coronavirus, generan un riesgo objetivo de contagio y de exponerl@s a l@s escolares a situaciones que l@s pueden llevar hasta la muerte.<\/p>\n<p>Por lo tanto, hoy en d\u00eda ejecutar pol\u00edticas de Estado producidas por el gobierno, de cualquier tipo que impliquen el regreso de l@s estudiantes a sus aulas pueden constituir un atentado a los Derechos del Ni\u00f1@ establecidos por la ONU. Como por ejemplo ir en contra de: El inter\u00e9s superior del ni\u00f1@: cualquier decisi\u00f3n, ley, o pol\u00edtica que pueda afectar a la infancia tiene que tener en cuenta qu\u00e9 es lo mejor para el ni\u00f1@; Derecho a atenci\u00f3n y ayuda preferentes en caso de peligro; Derecho a ser protegid@ contra el abandono y trabajo infantil; entre otros.<\/p>\n<p>&nbsp;<\/p>\n<p>*Profesor de Historia, Geograf\u00eda y Educaci\u00f3n Civica. Licenciado y Mag\u00edster en Educaci\u00f3n<\/p>\n<p>&nbsp;<\/p>\n","protected":false},"excerpt":{"rendered":"<p>Por Fernando Padila* Seg\u00fan art\u00edculo del Diario electr\u00f3nico El Mostrador del lunes 13 de abril: \u201cDesde este lunes, los escolares se encuentran en vacaciones de invierno, una decisi\u00f3n que el Mineduc mantuvo a firme pese a la resistencia que despert\u00f3&hellip;<\/p>\n","protected":false},"author":43,"featured_media":1088368,"comment_status":"closed","ping_status":"closed","sticky":false,"template":"","format":"standard","meta":{"footnotes":""},"categories":[11389,1230,161,67],"tags":[74190,40650,393,72388],"class_list":["post-1088266","post","type-post","status-publish","format-standard","has-post-thumbnail","hentry","category-contenido-original","category-educacion-tema","category-opiniones","category-sudamerica","tag-aulas","tag-derechos-del-nino-y-la-nina","tag-educacion","tag-emergencia-coronavirus"],"yoast_head":"<!-- This site is optimized with the Yoast SEO plugin v27.1.1 - https:\/\/yoast.com\/product\/yoast-seo-wordpress\/ -->\n<title>Buenas razones para no volver a clases<\/title>\n<meta name=\"description\" content=\"Buenas razones para no volver a clases\" \/>\n<meta name=\"robots\" content=\"index, follow, max-snippet:-1, max-image-preview:large, max-video-preview:-1\" \/>\n<link rel=\"canonical\" href=\"https:\/\/www.pressenza.com\/es\/2020\/04\/buenas-razones-para-no-volver-a-clases\/\" \/>\n<meta property=\"og:locale\" content=\"es_ES\" \/>\n<meta property=\"og:type\" content=\"article\" \/>\n<meta property=\"og:title\" content=\"Buenas razones para no volver a clases\" \/>\n<meta property=\"og:description\" content=\"Buenas razones para no volver a clases\" \/>\n<meta property=\"og:url\" content=\"https:\/\/www.pressenza.com\/es\/2020\/04\/buenas-razones-para-no-volver-a-clases\/\" \/>\n<meta property=\"og:site_name\" content=\"Pressenza\" \/>\n<meta property=\"article:publisher\" content=\"https:\/\/www.facebook.com\/PressenzaItalia\" \/>\n<meta property=\"article:author\" content=\"https:\/\/www.facebook.com\/pressenza\" \/>\n<meta property=\"article:published_time\" content=\"2020-04-20T23:02:03+00:00\" \/>\n<meta property=\"og:image\" content=\"https:\/\/www.pressenza.com\/wp-content\/uploads\/2020\/04\/classroom-2093745_960_720.jpg\" \/>\n\t<meta property=\"og:image:width\" content=\"960\" \/>\n\t<meta property=\"og:image:height\" content=\"685\" \/>\n\t<meta property=\"og:image:type\" content=\"image\/jpeg\" \/>\n<meta name=\"author\" content=\"Redacci\u00f3n Chile\" \/>\n<meta name=\"twitter:card\" content=\"summary_large_image\" \/>\n<meta name=\"twitter:creator\" content=\"@pressenza\" \/>\n<meta name=\"twitter:site\" content=\"@PressenzaIPA\" \/>\n<meta name=\"twitter:label1\" content=\"Escrito por\" \/>\n\t<meta name=\"twitter:data1\" content=\"Redacci\u00f3n Chile\" \/>\n\t<meta name=\"twitter:label2\" content=\"Tiempo de lectura\" \/>\n\t<meta name=\"twitter:data2\" content=\"11 minutos\" \/>\n<script type=\"application\/ld+json\" class=\"yoast-schema-graph\">{\"@context\":\"https:\/\/schema.org\",\"@graph\":[{\"@type\":\"Article\",\"@id\":\"https:\/\/www.pressenza.com\/es\/2020\/04\/buenas-razones-para-no-volver-a-clases\/#article\",\"isPartOf\":{\"@id\":\"https:\/\/www.pressenza.com\/es\/2020\/04\/buenas-razones-para-no-volver-a-clases\/\"},\"author\":{\"name\":\"Redacci\u00f3n Chile\",\"@id\":\"https:\/\/www.pressenza.com\/es\/#\/schema\/person\/d7db40df35d6698ba69ba9ee260944ed\"},\"headline\":\"Buenas razones para no volver a clases\",\"datePublished\":\"2020-04-20T23:02:03+00:00\",\"mainEntityOfPage\":{\"@id\":\"https:\/\/www.pressenza.com\/es\/2020\/04\/buenas-razones-para-no-volver-a-clases\/\"},\"wordCount\":2280,\"publisher\":{\"@id\":\"https:\/\/www.pressenza.com\/es\/#organization\"},\"image\":{\"@id\":\"https:\/\/www.pressenza.com\/es\/2020\/04\/buenas-razones-para-no-volver-a-clases\/#primaryimage\"},\"thumbnailUrl\":\"https:\/\/www.pressenza.com\/wp-content\/uploads\/2020\/04\/classroom-2093745_960_720.jpg\",\"keywords\":[\"aulas\",\"Derechos del Ni\u00f1o y la Ni\u00f1a\",\"Educaci\u00f3n\",\"emergencia coronavirus\"],\"articleSection\":[\"Contenido Original\",\"Educaci\u00f3n\",\"Opiniones\",\"Sudam\u00e9rica\"],\"inLanguage\":\"es\"},{\"@type\":\"WebPage\",\"@id\":\"https:\/\/www.pressenza.com\/es\/2020\/04\/buenas-razones-para-no-volver-a-clases\/\",\"url\":\"https:\/\/www.pressenza.com\/es\/2020\/04\/buenas-razones-para-no-volver-a-clases\/\",\"name\":\"Buenas razones para no volver a clases\",\"isPartOf\":{\"@id\":\"https:\/\/www.pressenza.com\/es\/#website\"},\"primaryImageOfPage\":{\"@id\":\"https:\/\/www.pressenza.com\/es\/2020\/04\/buenas-razones-para-no-volver-a-clases\/#primaryimage\"},\"image\":{\"@id\":\"https:\/\/www.pressenza.com\/es\/2020\/04\/buenas-razones-para-no-volver-a-clases\/#primaryimage\"},\"thumbnailUrl\":\"https:\/\/www.pressenza.com\/wp-content\/uploads\/2020\/04\/classroom-2093745_960_720.jpg\",\"datePublished\":\"2020-04-20T23:02:03+00:00\",\"description\":\"Buenas razones para no volver a clases\",\"breadcrumb\":{\"@id\":\"https:\/\/www.pressenza.com\/es\/2020\/04\/buenas-razones-para-no-volver-a-clases\/#breadcrumb\"},\"inLanguage\":\"es\",\"potentialAction\":[{\"@type\":\"ReadAction\",\"target\":[\"https:\/\/www.pressenza.com\/es\/2020\/04\/buenas-razones-para-no-volver-a-clases\/\"]}]},{\"@type\":\"ImageObject\",\"inLanguage\":\"es\",\"@id\":\"https:\/\/www.pressenza.com\/es\/2020\/04\/buenas-razones-para-no-volver-a-clases\/#primaryimage\",\"url\":\"https:\/\/www.pressenza.com\/wp-content\/uploads\/2020\/04\/classroom-2093745_960_720.jpg\",\"contentUrl\":\"https:\/\/www.pressenza.com\/wp-content\/uploads\/2020\/04\/classroom-2093745_960_720.jpg\",\"width\":960,\"height\":685},{\"@type\":\"BreadcrumbList\",\"@id\":\"https:\/\/www.pressenza.com\/es\/2020\/04\/buenas-razones-para-no-volver-a-clases\/#breadcrumb\",\"itemListElement\":[{\"@type\":\"ListItem\",\"position\":1,\"name\":\"Accueil\",\"item\":\"https:\/\/www.pressenza.com\/es\/\"},{\"@type\":\"ListItem\",\"position\":2,\"name\":\"Buenas razones para no volver a clases\"}]},{\"@type\":\"WebSite\",\"@id\":\"https:\/\/www.pressenza.com\/es\/#website\",\"url\":\"https:\/\/www.pressenza.com\/es\/\",\"name\":\"Pressenza\",\"description\":\"International Press Agency\",\"publisher\":{\"@id\":\"https:\/\/www.pressenza.com\/es\/#organization\"},\"potentialAction\":[{\"@type\":\"SearchAction\",\"target\":{\"@type\":\"EntryPoint\",\"urlTemplate\":\"https:\/\/www.pressenza.com\/es\/?s={search_term_string}\"},\"query-input\":{\"@type\":\"PropertyValueSpecification\",\"valueRequired\":true,\"valueName\":\"search_term_string\"}}],\"inLanguage\":\"es\"},{\"@type\":\"Organization\",\"@id\":\"https:\/\/www.pressenza.com\/es\/#organization\",\"name\":\"Pressenza\",\"url\":\"https:\/\/www.pressenza.com\/es\/\",\"logo\":{\"@type\":\"ImageObject\",\"inLanguage\":\"es\",\"@id\":\"https:\/\/www.pressenza.com\/es\/#\/schema\/logo\/image\/\",\"url\":\"https:\/\/www.pressenza.com\/wp-content\/uploads\/2022\/10\/pressenza_logo_200x200.jpg\",\"contentUrl\":\"https:\/\/www.pressenza.com\/wp-content\/uploads\/2022\/10\/pressenza_logo_200x200.jpg\",\"width\":200,\"height\":200,\"caption\":\"Pressenza\"},\"image\":{\"@id\":\"https:\/\/www.pressenza.com\/es\/#\/schema\/logo\/image\/\"},\"sameAs\":[\"https:\/\/www.facebook.com\/PressenzaItalia\",\"https:\/\/x.com\/PressenzaIPA\"]},{\"@type\":\"Person\",\"@id\":\"https:\/\/www.pressenza.com\/es\/#\/schema\/person\/d7db40df35d6698ba69ba9ee260944ed\",\"name\":\"Redacci\u00f3n Chile\",\"description\":\"News from the Pressenza Bureau in Chile\",\"sameAs\":[\"https:\/\/www.facebook.com\/pressenza\",\"https:\/\/x.com\/pressenza\"],\"url\":\"https:\/\/www.pressenza.com\/es\/author\/redaccion-chile\/\"}]}<\/script>\n<!-- \/ Yoast SEO plugin. -->","yoast_head_json":{"title":"Buenas razones para no volver a clases","description":"Buenas razones para no volver a clases","robots":{"index":"index","follow":"follow","max-snippet":"max-snippet:-1","max-image-preview":"max-image-preview:large","max-video-preview":"max-video-preview:-1"},"canonical":"https:\/\/www.pressenza.com\/es\/2020\/04\/buenas-razones-para-no-volver-a-clases\/","og_locale":"es_ES","og_type":"article","og_title":"Buenas razones para no volver a clases","og_description":"Buenas razones para no volver a clases","og_url":"https:\/\/www.pressenza.com\/es\/2020\/04\/buenas-razones-para-no-volver-a-clases\/","og_site_name":"Pressenza","article_publisher":"https:\/\/www.facebook.com\/PressenzaItalia","article_author":"https:\/\/www.facebook.com\/pressenza","article_published_time":"2020-04-20T23:02:03+00:00","og_image":[{"width":960,"height":685,"url":"https:\/\/www.pressenza.com\/wp-content\/uploads\/2020\/04\/classroom-2093745_960_720.jpg","type":"image\/jpeg"}],"author":"Redacci\u00f3n Chile","twitter_card":"summary_large_image","twitter_creator":"@pressenza","twitter_site":"@PressenzaIPA","twitter_misc":{"Escrito por":"Redacci\u00f3n Chile","Tiempo de lectura":"11 minutos"},"schema":{"@context":"https:\/\/schema.org","@graph":[{"@type":"Article","@id":"https:\/\/www.pressenza.com\/es\/2020\/04\/buenas-razones-para-no-volver-a-clases\/#article","isPartOf":{"@id":"https:\/\/www.pressenza.com\/es\/2020\/04\/buenas-razones-para-no-volver-a-clases\/"},"author":{"name":"Redacci\u00f3n Chile","@id":"https:\/\/www.pressenza.com\/es\/#\/schema\/person\/d7db40df35d6698ba69ba9ee260944ed"},"headline":"Buenas razones para no volver a clases","datePublished":"2020-04-20T23:02:03+00:00","mainEntityOfPage":{"@id":"https:\/\/www.pressenza.com\/es\/2020\/04\/buenas-razones-para-no-volver-a-clases\/"},"wordCount":2280,"publisher":{"@id":"https:\/\/www.pressenza.com\/es\/#organization"},"image":{"@id":"https:\/\/www.pressenza.com\/es\/2020\/04\/buenas-razones-para-no-volver-a-clases\/#primaryimage"},"thumbnailUrl":"https:\/\/www.pressenza.com\/wp-content\/uploads\/2020\/04\/classroom-2093745_960_720.jpg","keywords":["aulas","Derechos del Ni\u00f1o y la Ni\u00f1a","Educaci\u00f3n","emergencia coronavirus"],"articleSection":["Contenido Original","Educaci\u00f3n","Opiniones","Sudam\u00e9rica"],"inLanguage":"es"},{"@type":"WebPage","@id":"https:\/\/www.pressenza.com\/es\/2020\/04\/buenas-razones-para-no-volver-a-clases\/","url":"https:\/\/www.pressenza.com\/es\/2020\/04\/buenas-razones-para-no-volver-a-clases\/","name":"Buenas razones para no volver a clases","isPartOf":{"@id":"https:\/\/www.pressenza.com\/es\/#website"},"primaryImageOfPage":{"@id":"https:\/\/www.pressenza.com\/es\/2020\/04\/buenas-razones-para-no-volver-a-clases\/#primaryimage"},"image":{"@id":"https:\/\/www.pressenza.com\/es\/2020\/04\/buenas-razones-para-no-volver-a-clases\/#primaryimage"},"thumbnailUrl":"https:\/\/www.pressenza.com\/wp-content\/uploads\/2020\/04\/classroom-2093745_960_720.jpg","datePublished":"2020-04-20T23:02:03+00:00","description":"Buenas razones para no volver a clases","breadcrumb":{"@id":"https:\/\/www.pressenza.com\/es\/2020\/04\/buenas-razones-para-no-volver-a-clases\/#breadcrumb"},"inLanguage":"es","potentialAction":[{"@type":"ReadAction","target":["https:\/\/www.pressenza.com\/es\/2020\/04\/buenas-razones-para-no-volver-a-clases\/"]}]},{"@type":"ImageObject","inLanguage":"es","@id":"https:\/\/www.pressenza.com\/es\/2020\/04\/buenas-razones-para-no-volver-a-clases\/#primaryimage","url":"https:\/\/www.pressenza.com\/wp-content\/uploads\/2020\/04\/classroom-2093745_960_720.jpg","contentUrl":"https:\/\/www.pressenza.com\/wp-content\/uploads\/2020\/04\/classroom-2093745_960_720.jpg","width":960,"height":685},{"@type":"BreadcrumbList","@id":"https:\/\/www.pressenza.com\/es\/2020\/04\/buenas-razones-para-no-volver-a-clases\/#breadcrumb","itemListElement":[{"@type":"ListItem","position":1,"name":"Accueil","item":"https:\/\/www.pressenza.com\/es\/"},{"@type":"ListItem","position":2,"name":"Buenas razones para no volver a clases"}]},{"@type":"WebSite","@id":"https:\/\/www.pressenza.com\/es\/#website","url":"https:\/\/www.pressenza.com\/es\/","name":"Pressenza","description":"International Press Agency","publisher":{"@id":"https:\/\/www.pressenza.com\/es\/#organization"},"potentialAction":[{"@type":"SearchAction","target":{"@type":"EntryPoint","urlTemplate":"https:\/\/www.pressenza.com\/es\/?s={search_term_string}"},"query-input":{"@type":"PropertyValueSpecification","valueRequired":true,"valueName":"search_term_string"}}],"inLanguage":"es"},{"@type":"Organization","@id":"https:\/\/www.pressenza.com\/es\/#organization","name":"Pressenza","url":"https:\/\/www.pressenza.com\/es\/","logo":{"@type":"ImageObject","inLanguage":"es","@id":"https:\/\/www.pressenza.com\/es\/#\/schema\/logo\/image\/","url":"https:\/\/www.pressenza.com\/wp-content\/uploads\/2022\/10\/pressenza_logo_200x200.jpg","contentUrl":"https:\/\/www.pressenza.com\/wp-content\/uploads\/2022\/10\/pressenza_logo_200x200.jpg","width":200,"height":200,"caption":"Pressenza"},"image":{"@id":"https:\/\/www.pressenza.com\/es\/#\/schema\/logo\/image\/"},"sameAs":["https:\/\/www.facebook.com\/PressenzaItalia","https:\/\/x.com\/PressenzaIPA"]},{"@type":"Person","@id":"https:\/\/www.pressenza.com\/es\/#\/schema\/person\/d7db40df35d6698ba69ba9ee260944ed","name":"Redacci\u00f3n Chile","description":"News from the Pressenza Bureau in Chile","sameAs":["https:\/\/www.facebook.com\/pressenza","https:\/\/x.com\/pressenza"],"url":"https:\/\/www.pressenza.com\/es\/author\/redaccion-chile\/"}]}},"place":"Santiago de Chile","original_article_url":"","_links":{"self":[{"href":"https:\/\/www.pressenza.com\/es\/wp-json\/wp\/v2\/posts\/1088266","targetHints":{"allow":["GET"]}}],"collection":[{"href":"https:\/\/www.pressenza.com\/es\/wp-json\/wp\/v2\/posts"}],"about":[{"href":"https:\/\/www.pressenza.com\/es\/wp-json\/wp\/v2\/types\/post"}],"author":[{"embeddable":true,"href":"https:\/\/www.pressenza.com\/es\/wp-json\/wp\/v2\/users\/43"}],"replies":[{"embeddable":true,"href":"https:\/\/www.pressenza.com\/es\/wp-json\/wp\/v2\/comments?post=1088266"}],"version-history":[{"count":0,"href":"https:\/\/www.pressenza.com\/es\/wp-json\/wp\/v2\/posts\/1088266\/revisions"}],"wp:featuredmedia":[{"embeddable":true,"href":"https:\/\/www.pressenza.com\/es\/wp-json\/wp\/v2\/media\/1088368"}],"wp:attachment":[{"href":"https:\/\/www.pressenza.com\/es\/wp-json\/wp\/v2\/media?parent=1088266"}],"wp:term":[{"taxonomy":"category","embeddable":true,"href":"https:\/\/www.pressenza.com\/es\/wp-json\/wp\/v2\/categories?post=1088266"},{"taxonomy":"post_tag","embeddable":true,"href":"https:\/\/www.pressenza.com\/es\/wp-json\/wp\/v2\/tags?post=1088266"}],"curies":[{"name":"wp","href":"https:\/\/api.w.org\/{rel}","templated":true}]}}