{"id":1087144,"date":"2020-04-19T16:51:09","date_gmt":"2020-04-19T15:51:09","guid":{"rendered":"https:\/\/www.pressenza.com\/?p=1087144"},"modified":"2020-04-19T16:51:09","modified_gmt":"2020-04-19T15:51:09","slug":"chile-la-cruzada-solidaria-por-los-abuelitos-de-punta-peuco","status":"publish","type":"post","link":"https:\/\/www.pressenza.com\/es\/2020\/04\/chile-la-cruzada-solidaria-por-los-abuelitos-de-punta-peuco\/","title":{"rendered":"[Chile] La cruzada solidaria por los \u201cabuelitos\u201d de Punta Peuco"},"content":{"rendered":"<blockquote><p>Es leg\u00edtimo, compasivo y coherente con una mirada humanista priorizar la dignidad humana sobre el castigo. El problema es que esta \u201cLey Humanitaria\u201d fue hecha a la medida de los asesinos de Punta Peuco, al no hacer distinciones entre delitos comunes y las violaciones a los DDHH, contradiciendo toda la legislaci\u00f3n internacional y los tratados firmados por Chile, como el Estatuto de Roma (2002) entre otros, que excluyen de otorgar beneficios a quienes cometieron cr\u00edmenes de lesa humanidad, salvo que cumplan con condiciones muy precisas: cooperaci\u00f3n efectiva en la investigaci\u00f3n y arrepentimiento, entre otras atenuantes.<\/p><\/blockquote>\n<p>Durante las \u00faltimas semanas hemos sido testigos de un espect\u00e1culo chocante y peligroso. Una verdadera campa\u00f1a de blanqueamiento de imagen de torturadores y asesinos condenados por cr\u00edmenes de lesa humanidad, cometidos durante los a\u00f1os de la dictadura.<\/p>\n<p>Este \u201cblanqueamiento\u201d hace pie en una ley impulsada en el contexto del COVID-19, que busca conmutar penas por las condiciones de hacinamiento en las c\u00e1rceles a reos que no est\u00e9n condenados por delitos de sangre, delitos sexuales o por violaciones a los DDHH.<\/p>\n<p>Senadores y diputados de la derecha aprovechando este recurso levantaron, por separado, requerimientos ante el Tribunal Constitucional para que los torturadores y asesinos de la dictadura puedan optar a este beneficio, a fin de conmutar sus penas por arresto domiciliario, tratando de torcer en forma perversa una iniciativa que originalmente estaba destinada a delincuentes de baja peligrosidad y no a criminales de lesa humanidad.<\/p>\n<p>Acto seguido y acatando la presi\u00f3n de parlamentarios de Chile Vamos, el Gobierno decidi\u00f3 darle suma urgencia a un proyecto que est\u00e1 desde diciembre del 2018 en el Congreso: la \u201cLey Humanitaria\u201d. La idea de ese proyecto es que personas privadas de libertad puedan acceder a beneficios penitenciarios, considerando aspectos como la edad avanzada, enfermos cr\u00f3nicos que no puedan valerse por s\u00ed mismos, enajenados mentales y personas con enfermedades en fase terminal. El argumento de los l\u00edderes de la derecha ha sido el de igualar las condiciones de todos los presos, desconociendo las condiciones privilegiadas de privaci\u00f3n de libertad de los violadores de los derechos humanos en el \u00abresort cinco estrellas\u00bb de Punta Peuco, que no son ni de cerca las que existen en las dem\u00e1s c\u00e1rceles del pa\u00eds.<\/p>\n<p>Es leg\u00edtimo, compasivo y coherente con una mirada humanista priorizar la dignidad humana sobre el castigo. El problema es que esta \u201cLey Humanitaria\u201d fue hecha a la medida de los asesinos de Punta Peuco, al no hacer distinciones entre delitos comunes y las violaciones a los DDHH, contradiciendo toda la legislaci\u00f3n internacional y los tratados firmados por Chile, como el Estatuto de Roma (2002) entre otros, que excluyen de otorgar beneficios a quienes cometieron cr\u00edmenes de lesa humanidad, salvo que cumplan con condiciones muy precisas: cooperaci\u00f3n efectiva en la investigaci\u00f3n y arrepentimiento, entre otras atenuantes. Claramente los \u201cabuelitos\u201d de Punta Peuco no cumplen con ninguna de ellas.<\/p>\n<p>El relanzamiento de esta iniciativa en este momento, no es m\u00e1s que la continuaci\u00f3n de una defensa corporativa que surge como resultado de una grotesca transacci\u00f3n entre el Gobierno y sus parlamentarios, para que \u00e9stos no insistieran en recurrir ante el Tribunal Constitucional.<\/p>\n<p>Por su parte y en plena pandemia, el 8 de abril el sacerdote jesuita y ex rector de la Universidad Alberto Hurtado, Fernando Montes, present\u00f3 un recurso de amparo \u201cen favor de los presos condenados por delitos de DDHH\u201d. Pareciera que el Sr. Montes olvida que estas personas no han mostrado ni siquiera algo que se supone trascendental para el mundo religioso: el arrepentimiento sincero, que permita enmendar el dolor producido a cientos de familiares y a miles de personas que a\u00fan esperan conocer la verdad sobre el paradero de sus seres queridos. Asimismo, el capell\u00e1n de Gendarmer\u00eda, Luis Roblero, se refiri\u00f3 a estos presos como \u201clos abuelitos de Punta Peuco\u201d, como si se tratara de un grupo de ancianitos bondadosos y cari\u00f1osos.<\/p>\n<p>Siguiendo con este blanqueo, hace pocos d\u00edas el Presidente, Sebasti\u00e1n Pi\u00f1era, se mostr\u00f3 \u201cdisponible\u201d para analizar la liberaci\u00f3n de personas \u201csin distinci\u00f3n del delito\u201d, abriendo las puertas nuevamente a la liberaci\u00f3n de los asesinos de Punta Peuco. Y para rematar, el ex Presidente, Ricardo Lagos, aparece en escena afirmando que \u00e9l no distinguir\u00eda entre presos por delitos comunes y violadores de los Derechos Humanos.<\/p>\n<p>Estamos nuevamente frente al guion de la impunidad, una farsa ya conocida cuyos personajes estelares son diputados y senadores de la extrema derecha, presidente y ex presidentes, sacerdotes y capellanes, sin olvidar al militar retirado y al opin\u00f3logo de matinal. Ser\u00eda bastante m\u00e1s beneficioso para el pa\u00eds, si aprovecharan este impulso para exigir a esos \u201cabuelitos\u201d que, de una vez por todas, cooperen con la justicia y den algo de tranquilidad a los familiares de las v\u00edctimas. As\u00ed, en vez de hablar tanto de \u00abLey Humanitaria\u00bb, podr\u00edan aportar en algo a la construcci\u00f3n de una sociedad verdaderamente humana.<\/p>\n","protected":false},"excerpt":{"rendered":"<p>Es leg\u00edtimo, compasivo y coherente con una mirada humanista priorizar la dignidad humana sobre el castigo. El problema es que esta \u201cLey Humanitaria\u201d fue hecha a la medida de los asesinos de Punta Peuco, al no hacer distinciones entre delitos&hellip;<\/p>\n","protected":false},"author":18,"featured_media":1087146,"comment_status":"closed","ping_status":"closed","sticky":false,"template":"","format":"standard","meta":{"footnotes":""},"categories":[11389,79,161,67],"tags":[29,43998,48693],"class_list":["post-1087144","post","type-post","status-publish","format-standard","has-post-thumbnail","hentry","category-contenido-original","category-derechos-humanos","category-opiniones","category-sudamerica","tag-chile","tag-penal-punta-peuco","tag-violaciones-a-los-derechos-humanos"],"yoast_head":"<!-- This site is optimized with the Yoast SEO plugin v27.1.1 - https:\/\/yoast.com\/product\/yoast-seo-wordpress\/ -->\n<title>[Chile] La cruzada solidaria por los \u201cabuelitos\u201d de Punta Peuco<\/title>\n<meta name=\"description\" content=\"[Chile] La cruzada solidaria por los \u201cabuelitos\u201d de Punta Peuco\" \/>\n<meta name=\"robots\" content=\"index, follow, max-snippet:-1, max-image-preview:large, max-video-preview:-1\" \/>\n<link rel=\"canonical\" href=\"https:\/\/www.pressenza.com\/es\/2020\/04\/chile-la-cruzada-solidaria-por-los-abuelitos-de-punta-peuco\/\" \/>\n<meta property=\"og:locale\" content=\"es_ES\" \/>\n<meta property=\"og:type\" content=\"article\" \/>\n<meta property=\"og:title\" content=\"[Chile] La cruzada solidaria por los \u201cabuelitos\u201d de Punta Peuco\" \/>\n<meta property=\"og:description\" content=\"[Chile] La cruzada solidaria por los \u201cabuelitos\u201d de Punta Peuco\" \/>\n<meta property=\"og:url\" content=\"https:\/\/www.pressenza.com\/es\/2020\/04\/chile-la-cruzada-solidaria-por-los-abuelitos-de-punta-peuco\/\" \/>\n<meta property=\"og:site_name\" content=\"Pressenza\" \/>\n<meta property=\"article:publisher\" content=\"https:\/\/www.facebook.com\/PressenzaItalia\" \/>\n<meta property=\"article:published_time\" content=\"2020-04-19T15:51:09+00:00\" \/>\n<meta property=\"og:image\" content=\"https:\/\/www.pressenza.com\/wp-content\/uploads\/2020\/04\/DDHHcarteles.jpg\" \/>\n\t<meta property=\"og:image:width\" content=\"1920\" \/>\n\t<meta property=\"og:image:height\" content=\"1280\" \/>\n\t<meta property=\"og:image:type\" content=\"image\/jpeg\" \/>\n<meta name=\"author\" content=\"Tom\u00e1s Hirsch\" \/>\n<meta name=\"twitter:card\" content=\"summary_large_image\" \/>\n<meta name=\"twitter:creator\" content=\"@PressenzaIPA\" \/>\n<meta name=\"twitter:site\" content=\"@PressenzaIPA\" \/>\n<meta name=\"twitter:label1\" content=\"Escrito por\" \/>\n\t<meta name=\"twitter:data1\" content=\"Tom\u00e1s Hirsch\" \/>\n\t<meta name=\"twitter:label2\" content=\"Tiempo de lectura\" \/>\n\t<meta name=\"twitter:data2\" content=\"4 minutos\" \/>\n<script type=\"application\/ld+json\" class=\"yoast-schema-graph\">{\"@context\":\"https:\/\/schema.org\",\"@graph\":[{\"@type\":\"Article\",\"@id\":\"https:\/\/www.pressenza.com\/es\/2020\/04\/chile-la-cruzada-solidaria-por-los-abuelitos-de-punta-peuco\/#article\",\"isPartOf\":{\"@id\":\"https:\/\/www.pressenza.com\/es\/2020\/04\/chile-la-cruzada-solidaria-por-los-abuelitos-de-punta-peuco\/\"},\"author\":{\"name\":\"Tom\u00e1s Hirsch\",\"@id\":\"https:\/\/www.pressenza.com\/es\/#\/schema\/person\/410c2763d16d8c23bafdff4e19d0d35b\"},\"headline\":\"[Chile] La cruzada solidaria por los \u201cabuelitos\u201d de Punta Peuco\",\"datePublished\":\"2020-04-19T15:51:09+00:00\",\"mainEntityOfPage\":{\"@id\":\"https:\/\/www.pressenza.com\/es\/2020\/04\/chile-la-cruzada-solidaria-por-los-abuelitos-de-punta-peuco\/\"},\"wordCount\":853,\"publisher\":{\"@id\":\"https:\/\/www.pressenza.com\/es\/#organization\"},\"image\":{\"@id\":\"https:\/\/www.pressenza.com\/es\/2020\/04\/chile-la-cruzada-solidaria-por-los-abuelitos-de-punta-peuco\/#primaryimage\"},\"thumbnailUrl\":\"https:\/\/www.pressenza.com\/wp-content\/uploads\/2020\/04\/DDHHcarteles.jpg\",\"keywords\":[\"Chile\",\"Penal Punta Peuco\",\"violaciones a los derechos humanos\"],\"articleSection\":[\"Contenido Original\",\"Derechos Humanos\",\"Opiniones\",\"Sudam\u00e9rica\"],\"inLanguage\":\"es\"},{\"@type\":\"WebPage\",\"@id\":\"https:\/\/www.pressenza.com\/es\/2020\/04\/chile-la-cruzada-solidaria-por-los-abuelitos-de-punta-peuco\/\",\"url\":\"https:\/\/www.pressenza.com\/es\/2020\/04\/chile-la-cruzada-solidaria-por-los-abuelitos-de-punta-peuco\/\",\"name\":\"[Chile] La cruzada solidaria por los \u201cabuelitos\u201d de Punta Peuco\",\"isPartOf\":{\"@id\":\"https:\/\/www.pressenza.com\/es\/#website\"},\"primaryImageOfPage\":{\"@id\":\"https:\/\/www.pressenza.com\/es\/2020\/04\/chile-la-cruzada-solidaria-por-los-abuelitos-de-punta-peuco\/#primaryimage\"},\"image\":{\"@id\":\"https:\/\/www.pressenza.com\/es\/2020\/04\/chile-la-cruzada-solidaria-por-los-abuelitos-de-punta-peuco\/#primaryimage\"},\"thumbnailUrl\":\"https:\/\/www.pressenza.com\/wp-content\/uploads\/2020\/04\/DDHHcarteles.jpg\",\"datePublished\":\"2020-04-19T15:51:09+00:00\",\"description\":\"[Chile] La cruzada solidaria por los \u201cabuelitos\u201d de Punta Peuco\",\"breadcrumb\":{\"@id\":\"https:\/\/www.pressenza.com\/es\/2020\/04\/chile-la-cruzada-solidaria-por-los-abuelitos-de-punta-peuco\/#breadcrumb\"},\"inLanguage\":\"es\",\"potentialAction\":[{\"@type\":\"ReadAction\",\"target\":[\"https:\/\/www.pressenza.com\/es\/2020\/04\/chile-la-cruzada-solidaria-por-los-abuelitos-de-punta-peuco\/\"]}]},{\"@type\":\"ImageObject\",\"inLanguage\":\"es\",\"@id\":\"https:\/\/www.pressenza.com\/es\/2020\/04\/chile-la-cruzada-solidaria-por-los-abuelitos-de-punta-peuco\/#primaryimage\",\"url\":\"https:\/\/www.pressenza.com\/wp-content\/uploads\/2020\/04\/DDHHcarteles.jpg\",\"contentUrl\":\"https:\/\/www.pressenza.com\/wp-content\/uploads\/2020\/04\/DDHHcarteles.jpg\",\"width\":1920,\"height\":1280},{\"@type\":\"BreadcrumbList\",\"@id\":\"https:\/\/www.pressenza.com\/es\/2020\/04\/chile-la-cruzada-solidaria-por-los-abuelitos-de-punta-peuco\/#breadcrumb\",\"itemListElement\":[{\"@type\":\"ListItem\",\"position\":1,\"name\":\"Accueil\",\"item\":\"https:\/\/www.pressenza.com\/es\/\"},{\"@type\":\"ListItem\",\"position\":2,\"name\":\"[Chile] La cruzada solidaria por los \u201cabuelitos\u201d de Punta Peuco\"}]},{\"@type\":\"WebSite\",\"@id\":\"https:\/\/www.pressenza.com\/es\/#website\",\"url\":\"https:\/\/www.pressenza.com\/es\/\",\"name\":\"Pressenza\",\"description\":\"International Press Agency\",\"publisher\":{\"@id\":\"https:\/\/www.pressenza.com\/es\/#organization\"},\"potentialAction\":[{\"@type\":\"SearchAction\",\"target\":{\"@type\":\"EntryPoint\",\"urlTemplate\":\"https:\/\/www.pressenza.com\/es\/?s={search_term_string}\"},\"query-input\":{\"@type\":\"PropertyValueSpecification\",\"valueRequired\":true,\"valueName\":\"search_term_string\"}}],\"inLanguage\":\"es\"},{\"@type\":\"Organization\",\"@id\":\"https:\/\/www.pressenza.com\/es\/#organization\",\"name\":\"Pressenza\",\"url\":\"https:\/\/www.pressenza.com\/es\/\",\"logo\":{\"@type\":\"ImageObject\",\"inLanguage\":\"es\",\"@id\":\"https:\/\/www.pressenza.com\/es\/#\/schema\/logo\/image\/\",\"url\":\"https:\/\/www.pressenza.com\/wp-content\/uploads\/2022\/10\/pressenza_logo_200x200.jpg\",\"contentUrl\":\"https:\/\/www.pressenza.com\/wp-content\/uploads\/2022\/10\/pressenza_logo_200x200.jpg\",\"width\":200,\"height\":200,\"caption\":\"Pressenza\"},\"image\":{\"@id\":\"https:\/\/www.pressenza.com\/es\/#\/schema\/logo\/image\/\"},\"sameAs\":[\"https:\/\/www.facebook.com\/PressenzaItalia\",\"https:\/\/x.com\/PressenzaIPA\"]},{\"@type\":\"Person\",\"@id\":\"https:\/\/www.pressenza.com\/es\/#\/schema\/person\/410c2763d16d8c23bafdff4e19d0d35b\",\"name\":\"Tom\u00e1s Hirsch\",\"description\":\"Tom\u00e1s lives in Santiago de Chile. He has been a member of the Humanist Party since its inception in 1985 and resigned in 2020. He was the spokesperson for New Humanism in Latin America and was twice a presidential candidate for the Chilean left-wing parties. He is currently one of the most progressive Chilean deputies.\",\"url\":\"https:\/\/www.pressenza.com\/es\/author\/tomas-hirsch\/\"}]}<\/script>\n<!-- \/ Yoast SEO plugin. -->","yoast_head_json":{"title":"[Chile] La cruzada solidaria por los \u201cabuelitos\u201d de Punta Peuco","description":"[Chile] La cruzada solidaria por los \u201cabuelitos\u201d de Punta Peuco","robots":{"index":"index","follow":"follow","max-snippet":"max-snippet:-1","max-image-preview":"max-image-preview:large","max-video-preview":"max-video-preview:-1"},"canonical":"https:\/\/www.pressenza.com\/es\/2020\/04\/chile-la-cruzada-solidaria-por-los-abuelitos-de-punta-peuco\/","og_locale":"es_ES","og_type":"article","og_title":"[Chile] La cruzada solidaria por los \u201cabuelitos\u201d de Punta Peuco","og_description":"[Chile] La cruzada solidaria por los \u201cabuelitos\u201d de Punta Peuco","og_url":"https:\/\/www.pressenza.com\/es\/2020\/04\/chile-la-cruzada-solidaria-por-los-abuelitos-de-punta-peuco\/","og_site_name":"Pressenza","article_publisher":"https:\/\/www.facebook.com\/PressenzaItalia","article_published_time":"2020-04-19T15:51:09+00:00","og_image":[{"width":1920,"height":1280,"url":"https:\/\/www.pressenza.com\/wp-content\/uploads\/2020\/04\/DDHHcarteles.jpg","type":"image\/jpeg"}],"author":"Tom\u00e1s Hirsch","twitter_card":"summary_large_image","twitter_creator":"@PressenzaIPA","twitter_site":"@PressenzaIPA","twitter_misc":{"Escrito por":"Tom\u00e1s Hirsch","Tiempo de lectura":"4 minutos"},"schema":{"@context":"https:\/\/schema.org","@graph":[{"@type":"Article","@id":"https:\/\/www.pressenza.com\/es\/2020\/04\/chile-la-cruzada-solidaria-por-los-abuelitos-de-punta-peuco\/#article","isPartOf":{"@id":"https:\/\/www.pressenza.com\/es\/2020\/04\/chile-la-cruzada-solidaria-por-los-abuelitos-de-punta-peuco\/"},"author":{"name":"Tom\u00e1s Hirsch","@id":"https:\/\/www.pressenza.com\/es\/#\/schema\/person\/410c2763d16d8c23bafdff4e19d0d35b"},"headline":"[Chile] La cruzada solidaria por los \u201cabuelitos\u201d de Punta Peuco","datePublished":"2020-04-19T15:51:09+00:00","mainEntityOfPage":{"@id":"https:\/\/www.pressenza.com\/es\/2020\/04\/chile-la-cruzada-solidaria-por-los-abuelitos-de-punta-peuco\/"},"wordCount":853,"publisher":{"@id":"https:\/\/www.pressenza.com\/es\/#organization"},"image":{"@id":"https:\/\/www.pressenza.com\/es\/2020\/04\/chile-la-cruzada-solidaria-por-los-abuelitos-de-punta-peuco\/#primaryimage"},"thumbnailUrl":"https:\/\/www.pressenza.com\/wp-content\/uploads\/2020\/04\/DDHHcarteles.jpg","keywords":["Chile","Penal Punta Peuco","violaciones a los derechos humanos"],"articleSection":["Contenido Original","Derechos Humanos","Opiniones","Sudam\u00e9rica"],"inLanguage":"es"},{"@type":"WebPage","@id":"https:\/\/www.pressenza.com\/es\/2020\/04\/chile-la-cruzada-solidaria-por-los-abuelitos-de-punta-peuco\/","url":"https:\/\/www.pressenza.com\/es\/2020\/04\/chile-la-cruzada-solidaria-por-los-abuelitos-de-punta-peuco\/","name":"[Chile] La cruzada solidaria por los \u201cabuelitos\u201d de Punta Peuco","isPartOf":{"@id":"https:\/\/www.pressenza.com\/es\/#website"},"primaryImageOfPage":{"@id":"https:\/\/www.pressenza.com\/es\/2020\/04\/chile-la-cruzada-solidaria-por-los-abuelitos-de-punta-peuco\/#primaryimage"},"image":{"@id":"https:\/\/www.pressenza.com\/es\/2020\/04\/chile-la-cruzada-solidaria-por-los-abuelitos-de-punta-peuco\/#primaryimage"},"thumbnailUrl":"https:\/\/www.pressenza.com\/wp-content\/uploads\/2020\/04\/DDHHcarteles.jpg","datePublished":"2020-04-19T15:51:09+00:00","description":"[Chile] La cruzada solidaria por los \u201cabuelitos\u201d de Punta Peuco","breadcrumb":{"@id":"https:\/\/www.pressenza.com\/es\/2020\/04\/chile-la-cruzada-solidaria-por-los-abuelitos-de-punta-peuco\/#breadcrumb"},"inLanguage":"es","potentialAction":[{"@type":"ReadAction","target":["https:\/\/www.pressenza.com\/es\/2020\/04\/chile-la-cruzada-solidaria-por-los-abuelitos-de-punta-peuco\/"]}]},{"@type":"ImageObject","inLanguage":"es","@id":"https:\/\/www.pressenza.com\/es\/2020\/04\/chile-la-cruzada-solidaria-por-los-abuelitos-de-punta-peuco\/#primaryimage","url":"https:\/\/www.pressenza.com\/wp-content\/uploads\/2020\/04\/DDHHcarteles.jpg","contentUrl":"https:\/\/www.pressenza.com\/wp-content\/uploads\/2020\/04\/DDHHcarteles.jpg","width":1920,"height":1280},{"@type":"BreadcrumbList","@id":"https:\/\/www.pressenza.com\/es\/2020\/04\/chile-la-cruzada-solidaria-por-los-abuelitos-de-punta-peuco\/#breadcrumb","itemListElement":[{"@type":"ListItem","position":1,"name":"Accueil","item":"https:\/\/www.pressenza.com\/es\/"},{"@type":"ListItem","position":2,"name":"[Chile] La cruzada solidaria por los \u201cabuelitos\u201d de Punta Peuco"}]},{"@type":"WebSite","@id":"https:\/\/www.pressenza.com\/es\/#website","url":"https:\/\/www.pressenza.com\/es\/","name":"Pressenza","description":"International Press Agency","publisher":{"@id":"https:\/\/www.pressenza.com\/es\/#organization"},"potentialAction":[{"@type":"SearchAction","target":{"@type":"EntryPoint","urlTemplate":"https:\/\/www.pressenza.com\/es\/?s={search_term_string}"},"query-input":{"@type":"PropertyValueSpecification","valueRequired":true,"valueName":"search_term_string"}}],"inLanguage":"es"},{"@type":"Organization","@id":"https:\/\/www.pressenza.com\/es\/#organization","name":"Pressenza","url":"https:\/\/www.pressenza.com\/es\/","logo":{"@type":"ImageObject","inLanguage":"es","@id":"https:\/\/www.pressenza.com\/es\/#\/schema\/logo\/image\/","url":"https:\/\/www.pressenza.com\/wp-content\/uploads\/2022\/10\/pressenza_logo_200x200.jpg","contentUrl":"https:\/\/www.pressenza.com\/wp-content\/uploads\/2022\/10\/pressenza_logo_200x200.jpg","width":200,"height":200,"caption":"Pressenza"},"image":{"@id":"https:\/\/www.pressenza.com\/es\/#\/schema\/logo\/image\/"},"sameAs":["https:\/\/www.facebook.com\/PressenzaItalia","https:\/\/x.com\/PressenzaIPA"]},{"@type":"Person","@id":"https:\/\/www.pressenza.com\/es\/#\/schema\/person\/410c2763d16d8c23bafdff4e19d0d35b","name":"Tom\u00e1s Hirsch","description":"Tom\u00e1s lives in Santiago de Chile. He has been a member of the Humanist Party since its inception in 1985 and resigned in 2020. He was the spokesperson for New Humanism in Latin America and was twice a presidential candidate for the Chilean left-wing parties. He is currently one of the most progressive Chilean deputies.","url":"https:\/\/www.pressenza.com\/es\/author\/tomas-hirsch\/"}]}},"place":"Santiago de Chile","original_article_url":"","_links":{"self":[{"href":"https:\/\/www.pressenza.com\/es\/wp-json\/wp\/v2\/posts\/1087144","targetHints":{"allow":["GET"]}}],"collection":[{"href":"https:\/\/www.pressenza.com\/es\/wp-json\/wp\/v2\/posts"}],"about":[{"href":"https:\/\/www.pressenza.com\/es\/wp-json\/wp\/v2\/types\/post"}],"author":[{"embeddable":true,"href":"https:\/\/www.pressenza.com\/es\/wp-json\/wp\/v2\/users\/18"}],"replies":[{"embeddable":true,"href":"https:\/\/www.pressenza.com\/es\/wp-json\/wp\/v2\/comments?post=1087144"}],"version-history":[{"count":0,"href":"https:\/\/www.pressenza.com\/es\/wp-json\/wp\/v2\/posts\/1087144\/revisions"}],"wp:featuredmedia":[{"embeddable":true,"href":"https:\/\/www.pressenza.com\/es\/wp-json\/wp\/v2\/media\/1087146"}],"wp:attachment":[{"href":"https:\/\/www.pressenza.com\/es\/wp-json\/wp\/v2\/media?parent=1087144"}],"wp:term":[{"taxonomy":"category","embeddable":true,"href":"https:\/\/www.pressenza.com\/es\/wp-json\/wp\/v2\/categories?post=1087144"},{"taxonomy":"post_tag","embeddable":true,"href":"https:\/\/www.pressenza.com\/es\/wp-json\/wp\/v2\/tags?post=1087144"}],"curies":[{"name":"wp","href":"https:\/\/api.w.org\/{rel}","templated":true}]}}