{"id":1086977,"date":"2020-04-19T03:06:12","date_gmt":"2020-04-19T02:06:12","guid":{"rendered":"https:\/\/www.pressenza.com\/?p=1086977"},"modified":"2020-04-19T03:06:12","modified_gmt":"2020-04-19T02:06:12","slug":"coronavirus-el-activismo-no-ha-parado-11-lashistoriassalvanatodos-y-cestas-colgantes-en-el-distrito-dergano-de-milan","status":"publish","type":"post","link":"https:\/\/www.pressenza.com\/es\/2020\/04\/coronavirus-el-activismo-no-ha-parado-11-lashistoriassalvanatodos-y-cestas-colgantes-en-el-distrito-dergano-de-milan\/","title":{"rendered":"Coronavirus, el activismo no ha parado &#8211; 11. \u00abLashistoriassalvanatodos\u00bb y \u00abCestas colgantes\u00bb en el distrito Dergano de Mil\u00e1n"},"content":{"rendered":"<p><em>Despu\u00e9s de los testimonios de <\/em><a href=\"https:\/\/www.pressenza.com\/it\/2020\/04\/coronavirus-lattivismo-non-si-e-fermato-anita-sonego-casa-delle-donne-di-milano\/\"><em>Anita Sonego<\/em><\/a><em>, <\/em><a href=\"https:\/\/www.pressenza.com\/it\/2020\/04\/coronavirus-lattivismo-non-si-e-fermato-pietro-forconi-collettivo-resilient-gap-e-comitato-salviamo-il-parco-bassini-di-milano\/\"><em>Pietro Forconi<\/em><\/a><em>, <\/em><a href=\"https:\/\/www.pressenza.com\/it\/2020\/04\/coronavirus-lattivismo-non-si-e-fermato-3-davide-scotti-di-extinction-rebellion-milano\/\"><em>Davide Scotti<\/em><\/a><em>, <\/em><a href=\"https:\/\/www.pressenza.com\/it\/2020\/04\/coronavirus-lattivismo-non-si-e-fermato-4-mattia-rigodanza-collettivo-fuori-luogo-e-brigate-volontarie-per-lemergenza\/\"><em>Mattia Rigodanza<\/em><\/a><em>, <\/em><a href=\"https:\/\/www.pressenza.com\/it\/2020\/04\/coronavirus-lattivismo-non-si-e-fermato-serena-vitucci-del-circolo-arci-lato-b\/\"><em>Serena Vitucci<\/em><\/a><em>, <\/em><a href=\"https:\/\/www.pressenza.com\/it\/2020\/04\/coronavirus-lattivismo-non-si-e-fermato-6-veronica-alfonsi-di-open-arms\/\"><em>Veronica Alfonsi<\/em><\/a><em>, <\/em><a href=\"https:\/\/www.pressenza.com\/es\/2020\/04\/1083361\/\"><em>Rolando D&#8217;Alessandro<\/em><\/a><em>, <\/em><a href=\"https:\/\/www.pressenza.com\/es\/2020\/04\/coronavirus-el-activismo-no-ha-parado-8-antonella-freggiaro-de-abareka-nandree-odv\/\"><em>Antonella Freggiaro<\/em><\/a><em>, <\/em><a href=\"https:\/\/www.pressenza.com\/it\/2020\/04\/coronavirus-lattivismo-non-si-e-fermato-9-valerio-colombaroli-dei-comitati-no-tav-della-valsusa\/\"><em>Valerio Colombaroli<\/em><\/a><em> y <\/em><a href=\"https:\/\/www.pressenza.com\/it\/2020\/04\/coronavirus-lattivismo-non-si-e-fermato-10-gruppo-amnesty-international-di-legnano\/\"><em>Amnist\u00eda Internacional de Legnano<\/em><\/a><em>, damos espacio a las experiencias de \u00abStoriesalvatutti\u00bb (lashistorisalvanatodos) y \u00abCeste sospese\u00bb (cesta colgante) en el barrio de Dergano de Mil\u00e1n.<\/em><\/p>\n<p>Muchos de nosotros esperamos que el \u00ablockdown\u00bb (encierro) debido al Coronavirus nos d\u00e9 la oportunidad de pensar profundamente, como muchas veces no hemos encontrado el tiempo para hacerlo, en c\u00f3mo poner en pr\u00e1ctica una forma de vida m\u00e1s atenta a todos y a todo.<\/p>\n<p>Esperemos, y, sobre todo, trabajemos para que \u00abtodo no vuelva a ser como antes\u00bb, para no tener que apoyar m\u00e1s personalmente un sistema que se ha vuelto claramente insostenible. Y esto, junto con la conciencia y las condolencias para aquellos que han sufrido con el precio m\u00e1s alto el costo de un aparato socio-econ\u00f3mico que quisiera y en parte logra convencernos de que es correcto invertir en combustibles f\u00f3siles y armamento y reducir el bienestar social y la atenci\u00f3n de la salud.<\/p>\n<p>Empecemos desde aqu\u00ed: de una humanidad redescubierta, incluso en peque\u00f1as acciones cotidianas, en un barrio de las afueras de Mil\u00e1n en la \u00e9poca del Coronavirus. Entrevistamos a tres de las muchas personas comunes que nos dan esperanza para un futuro mejor: <strong>Maura Termita y Valentina Sacher<\/strong>o del condominio \u00abLa casa ecol\u00f3gica\u00bb y <strong>Francesca Rendano<\/strong> del bar\/librer\u00eda \u00abMamusca\u00bb. Son mujeres, madres, trabajadoras que han sabido dedicar la atenci\u00f3n necesaria a sus vecinos en un excepcional momento de pausa. <strong>La experiencia de \u00abLashistoriassalvanvidas\u00bb y \u00abCestas colgantes\u00bb en el distrito Dergano de Mil\u00e1n<\/strong>.<\/p>\n<p><img loading=\"lazy\" decoding=\"async\" class=\"aligncenter wp-image-1085685 size-full\" src=\"https:\/\/www.pressenza.com\/wp-content\/uploads\/2020\/04\/Valentina-Sachero.jpg\" alt=\"\" width=\"720\" height=\"385\" srcset=\"https:\/\/www.pressenza.com\/wp-content\/uploads\/2020\/04\/Valentina-Sachero.jpg 720w, https:\/\/www.pressenza.com\/wp-content\/uploads\/2020\/04\/Valentina-Sachero-300x160.jpg 300w\" sizes=\"auto, (max-width: 720px) 100vw, 720px\" \/><\/p>\n<p>Valentina Sachero<\/p>\n<p><img loading=\"lazy\" decoding=\"async\" class=\"aligncenter wp-image-1085661 size-full\" src=\"https:\/\/www.pressenza.com\/wp-content\/uploads\/2020\/04\/Maura-Termite.jpg\" alt=\"\" width=\"720\" height=\"531\" srcset=\"https:\/\/www.pressenza.com\/wp-content\/uploads\/2020\/04\/Maura-Termite.jpg 720w, https:\/\/www.pressenza.com\/wp-content\/uploads\/2020\/04\/Maura-Termite-300x221.jpg 300w\" sizes=\"auto, (max-width: 720px) 100vw, 720px\" \/><\/p>\n<p>Maura Termite<\/p>\n<p><strong>La emergencia del coronavirus ha creado una nueva situaci\u00f3n para todos, trastornando h\u00e1bitos y certezas, pero para los activistas tambi\u00e9n ha significado la cancelaci\u00f3n de iniciativas organizadas hace mucho tiempo, o a\u00fan por realizarse. \u00bfC\u00f3mo viviste y vives este momento?<\/strong><\/p>\n<p><strong>Maura: <\/strong>Lo que pas\u00f3 casi inmediatamente en el vecindario es la b\u00fasqueda de alternativas para mantenerse en contacto. Creo que fue mucho m\u00e1s natural porque empez\u00f3 con las mujeres, acostumbradas a moverse con lo inesperado y en varios frentes, el hogar y la familia al mismo tiempo. Ahora muchos se encuentran trabajando en el mismo espacio compartiendo con sus hijos, aunque no es tan nuevo para las mujeres. En cuanto a m\u00ed, ten\u00eda proyectos personales que ahora est\u00e1n pendientes, pero creo que tratar\u00e9 de realizarlos en forma digital de todos modos.<\/p>\n<p><strong>Valentina: <\/strong>S\u00e9 que es extra\u00f1o, pero como activista social y una persona consciente de los problemas ecol\u00f3gicos y ambientales, de alguna manera dentro de m\u00ed sab\u00eda que una crisis vendr\u00eda. Esta fase nos pone en cierto modo en posici\u00f3n de experimentar, aunque no de forma extrema, una condici\u00f3n \u00abcatastr\u00f3fica\u00bb, en el sentido de un cambio repentino y radical en nuestro sistema. Tengo la suerte de tener una casa espaciosa y la seguridad de un trabajo que sigo haciendo desde casa y que me garantiza (al menos por ahora) que no experimentar\u00e9 la angustia de muchos. Los pensamientos son muchos y por primera vez toco la verdadera sensaci\u00f3n de incertidumbre del futuro, incluso del pr\u00f3ximo.<\/p>\n<p>El fil\u00f3sofo franc\u00e9s Edgar Morin dijo en su libro \u00abLos siete conocimientos necesarios para la educaci\u00f3n del futuro\u00bb que una de las formas de poder afrontar los retos que esperan a nuestra civilizaci\u00f3n es \u00abesperar lo inesperado\u00bb: estar preparados para acogerlo y tratar de dejar que los recursos desconocidos y desconocidos que tenemos para aprender y evolucionar.<\/p>\n<p>Sinceramente no s\u00e9 qu\u00e9 podr\u00e9 enfrentar y aprender y cu\u00e1nto podr\u00e9 cambiar y actuar. Me hago esta pregunta y me observo a m\u00ed mismo en esta nueva y extra\u00f1a vida, buscando razones y formas de sentirme parte de un todo y en contacto con los dem\u00e1s.<\/p>\n<p><strong>Francesca:<\/strong> Mi negocio, Mamusca, est\u00e1 cerrado. Su fuerza siempre ha sido estar un poco en el centro de muchos eventos en el \u00e1rea. De repente me encontr\u00e9 sin el suelo bajo mis pies y sin saber, como muchos otros, cu\u00e1ndo y si podr\u00eda reanudar mi actividad. Inmediatamente busqu\u00e9 soluciones para mantenerme en contacto con la gente que ama la librer\u00eda. No es f\u00e1cil, y no s\u00f3lo por la falta de ingresos. Creo que este debe ser un momento de reorganizaci\u00f3n, de reflexi\u00f3n, de reconstrucci\u00f3n, de relaciones reales.<\/p>\n<p><strong>\u00bfQu\u00e9 respuestas nuevas y creativas ha encontrado su grupo para continuar su actividad a pesar de las limitaciones impuestas por esta emergencia?<\/strong><\/p>\n<p><strong>Maura:<\/strong> Como dec\u00eda, se unieron m\u00e1s realidades del barrio, tanto comerciales como culturales y sociales, y en particular la extraordinaria movilizaci\u00f3n fue para las <a href=\"http:\/\/www.mamusca.it\/2020\/04\/06\/ceste-sospese-chi-puo-metta-chi-non-puo-prenda-2\/\">cestas colgantes<\/a>, para dar una mano inmediata a los que de repente se encontraron sin ingresos. Adem\u00e1s, muchas personas del barrio han participado en una actividad que consiste en la lectura en voz alta (incluso junto con los ni\u00f1os) de cuentos de hadas en varios idiomas, insertados en archivos de audio en el sitio web de Mamusca y accesibles a todos (vea el enlace m\u00e1s abajo). Tambi\u00e9n en este caso se pens\u00f3 en los m\u00e1s fr\u00e1giles: ni\u00f1os que de repente se ven obligados a quedarse en casa y aislados de sus amigos.<\/p>\n<p><strong>Valentina:<\/strong> Hace veinticinco a\u00f1os que participo en asociaciones y grupos de la sociedad civil y todav\u00eda hoy participo en la vida colectiva, aunque en una dimensi\u00f3n m\u00e1s individual y menos totalizadora.<\/p>\n<p>En estos d\u00edas, a trav\u00e9s de la red de relaciones y amistades de los barrios, me un\u00ed a la iniciativa \u00abCestas colgantes\u00bb. Es una forma muy concreta, pero al mismo tiempo muy simb\u00f3lica y pol\u00edtica de sentirse parte de esta era. Poco a poco la cesta se est\u00e1 convirtiendo en un \u00abmedio\u00bb entre personas, incluso extra\u00f1os, incluso con una din\u00e1mica algo misteriosa. Poco a poco las canastas se han convertido en puntos de contacto indirectos, presencias poderosas, vac\u00edas o llenas que est\u00e1n comunicando algo.<\/p>\n<p>Con el grupo de mujeres que inicialmente lanz\u00f3 la iniciativa en Bovisa y Dergano estamos reflexionando sobre esto. Sobre el sentido que tienen las cestas, sobre el sentido que queremos que tengan y sobre c\u00f3mo su observaci\u00f3n nos ayuda a comprender las diferentes realidades que conviven en el territorio y que a menudo no se cruzan. Estamos tratando de entender si las canastas pueden convertirse en un vi\u00e1tico de algo m\u00e1s: en primer lugar, para facilitar el conocimiento y el acceso a formas de ayuda m\u00e1s robustas y estructuradas a quienes quiz\u00e1s no quieran o no sepan que pueden.<\/p>\n<p><strong>Francesca: <\/strong>La primera iniciativa fue la de las <a href=\"http:\/\/www.mamusca.it\/2020\/03\/12\/una-storia-al-giorno-da-ascoltare-con-i-libri-di-mamusca\/\">Storiesalvatutti<\/a> (lashistoriassalvanatodos). Fue muy agradable porque cada d\u00eda, desde el comienzo del encierro, recib\u00ed cuentos de hadas le\u00eddos por ni\u00f1os, adultos y adolescentes. En el sitio web de Mamusca hay ahora unos cien cuentos de hadas le\u00eddos por familias enteras en cuarentena; era una forma de hacerse compa\u00f1\u00eda, de escuchar la voz de parientes o amigos lejanos. Hoy ha sido una actividad, esperamos que dentro de unos a\u00f1os sea un recuerdo sobre el que siempre podamos reflexionar.<\/p>\n<p>Luego con Ilaria (una amiga, nota del editor) y los dem\u00e1s decidimos mirar desde nuestros balcones y tratar de hacer algo en el respeto de las reglas de la distancia. La nueva pobreza es lo que nos preocupa. A nuestro alrededor, entre nosotros, hay muchos que han perdido sus trabajos, los que han cerrado y no saben si podr\u00e1n volver a abrir. Se trata de personas que no forman parte de las v\u00edas ya puestas en marcha para las personas en estado de pobreza; personas que se han encontrado de repente sin nada. Un momento de emergencia. Nos inspiramos en el \u00ab<a href=\"https:\/\/initalia.virgilio.it\/coronavirus-napoli-panaro-solidale-35856\">Panaro solidale<\/a>\u00bb de N\u00e1poles y bajamos las cestas de nuestros balcones con comida.\u00a0\u00a0 La acci\u00f3n se extendi\u00f3 muy r\u00e1pidamente. Las cestas al principio estaban en 16 lugares diferentes, pero ahora las cestas que se reponen regularmente son muchas y no s\u00f3lo en Dergano Bovisa (haga clic aqu\u00ed para ver el <a href=\"https:\/\/www.google.com\/maps\/d\/viewer?mid=1Fx1k3-JPF9qmEagflKqoFrnI6Na_1XEt&amp;ll=45.503025169317254%2C9.170324118073154&amp;z=12\">mapa<\/a>).<\/p>\n<p>Fue maravilloso interactuar con los dem\u00e1s para la organizaci\u00f3n; adem\u00e1s de ser una acci\u00f3n \u00fatil, tambi\u00e9n fue una cura para todos los que nos dedicamos a algo colectivo y solidario.<\/p>\n<p>Hoy Mamusca se est\u00e1 organizando para hacer entregas de libros, desayunos y almuerzos en casa. Entonces decidimos inspirarnos en esta extra\u00f1a experiencia para llevar virtualmente a Mamusca a otras ciudades y viceversa. Con amigos y colegas de Roma y Florencia estamos imaginando reuniones en l\u00ednea para compartir experiencias que han despertado el esp\u00edritu comunitario de algunas personas u organizaciones.<\/p>\n<p>Creo que ser\u00e1 una \u00e9poca en la que las peque\u00f1as empresas o asociaciones locales desempe\u00f1ar\u00e1n un papel fundamental en la reconstrucci\u00f3n de todo, pero debemos aprovechar la oportunidad que tuvimos en esta \u00e9poca para observar con tanta sencillez las soluciones encontradas por otros.<\/p>\n<p>Creo firmemente que se necesitar\u00e1 positividad, esp\u00edritu comunitario, disposici\u00f3n a escuchar y voluntad de cambiar sus usos en favor de acciones de proximidad, ecol\u00f3gicas y sostenibles tanto econ\u00f3mica como afectivamente.<\/p>\n<p>&nbsp;<\/p>\n<p><iframe loading=\"lazy\" style=\"border: none; overflow: hidden;\" src=\"https:\/\/www.facebook.com\/plugins\/video.php?href=https%3A%2F%2Fwww.facebook.com%2FMamusca.it%2Fvideos%2F2586622728287703%2F&amp;show_text=0&amp;width=476\" width=\"476\" height=\"476\" frameborder=\"0\" scrolling=\"no\" allowfullscreen=\"allowfullscreen\" data-mce-fragment=\"1\"><\/iframe><\/p>\n<p>Francesca Rendano \u2013 Mamusca \u2013 Cestas colgantes<\/p>\n<hr \/>\n<p><em>Traducido del italiano por Estefany Zaldumbide<\/em><\/p>\n","protected":false},"excerpt":{"rendered":"<p>Despu\u00e9s de los testimonios de Anita Sonego, Pietro Forconi, Davide Scotti, Mattia Rigodanza, Serena Vitucci, Veronica Alfonsi, Rolando D&#8217;Alessandro, Antonella Freggiaro, Valerio Colombaroli y Amnist\u00eda Internacional de Legnano, damos espacio a las experiencias de \u00abStoriesalvatutti\u00bb (lashistorisalvanatodos) y \u00abCeste sospese\u00bb (cesta&hellip;<\/p>\n","protected":false},"author":1753,"featured_media":1085704,"comment_status":"closed","ping_status":"closed","sticky":false,"template":"","format":"standard","meta":{"footnotes":""},"categories":[11389,75,78,66],"tags":[17959,74087,74086,72845,74088,74089,10127,51521,74090],"class_list":["post-1086977","post","type-post","status-publish","format-standard","has-post-thumbnail","hentry","category-contenido-original","category-cultura-es","category-medio-ambiente-ecologia","category-europa-es","tag-activismo","tag-barrio-de-dergano","tag-cestas-colgantes","tag-emergencia-sanitaria","tag-la-casa-ecologica-es","tag-libreria-mamusca-es","tag-solidaridad","tag-solidarieta-es","tag-storiesalvatutti-es"],"yoast_head":"<!-- This site is optimized with the Yoast SEO plugin v27.1.1 - https:\/\/yoast.com\/product\/yoast-seo-wordpress\/ -->\n<title>Coronavirus, el activismo no ha parado - 11. \u00abLashistoriassalvanatodos\u00bb y \u00abCestas colgantes\u00bb en el distrito Dergano de Mil\u00e1n<\/title>\n<meta name=\"description\" content=\"Despu\u00e9s de los testimonios de Anita Sonego, Pietro Forconi, Davide Scotti, Mattia Rigodanza, Serena Vitucci, Veronica Alfonsi, Rolando D&#039;Alessandro,\" \/>\n<meta name=\"robots\" content=\"index, follow, max-snippet:-1, max-image-preview:large, max-video-preview:-1\" \/>\n<link rel=\"canonical\" href=\"https:\/\/www.pressenza.com\/es\/2020\/04\/coronavirus-el-activismo-no-ha-parado-11-lashistoriassalvanatodos-y-cestas-colgantes-en-el-distrito-dergano-de-milan\/\" \/>\n<meta property=\"og:locale\" content=\"es_ES\" \/>\n<meta property=\"og:type\" content=\"article\" \/>\n<meta property=\"og:title\" content=\"Coronavirus, el activismo no ha parado - 11. \u00abLashistoriassalvanatodos\u00bb y \u00abCestas colgantes\u00bb en el distrito Dergano de Mil\u00e1n\" \/>\n<meta property=\"og:description\" content=\"Despu\u00e9s de los testimonios de Anita Sonego, Pietro Forconi, Davide Scotti, Mattia Rigodanza, Serena Vitucci, Veronica Alfonsi, Rolando D&#039;Alessandro,\" \/>\n<meta property=\"og:url\" content=\"https:\/\/www.pressenza.com\/es\/2020\/04\/coronavirus-el-activismo-no-ha-parado-11-lashistoriassalvanatodos-y-cestas-colgantes-en-el-distrito-dergano-de-milan\/\" \/>\n<meta property=\"og:site_name\" content=\"Pressenza\" \/>\n<meta property=\"article:publisher\" content=\"https:\/\/www.facebook.com\/PressenzaItalia\" \/>\n<meta property=\"article:published_time\" content=\"2020-04-19T02:06:12+00:00\" \/>\n<meta property=\"og:image\" content=\"https:\/\/www.pressenza.com\/wp-content\/uploads\/2020\/04\/Mamuska-rit.jpg\" \/>\n\t<meta property=\"og:image:width\" content=\"900\" \/>\n\t<meta property=\"og:image:height\" content=\"596\" \/>\n\t<meta property=\"og:image:type\" content=\"image\/jpeg\" \/>\n<meta name=\"author\" content=\"Veronica Tarozzi\" \/>\n<meta name=\"twitter:card\" content=\"summary_large_image\" \/>\n<meta name=\"twitter:creator\" content=\"@PressenzaIPA\" \/>\n<meta name=\"twitter:site\" content=\"@PressenzaIPA\" \/>\n<meta name=\"twitter:label1\" content=\"Escrito por\" \/>\n\t<meta name=\"twitter:data1\" content=\"Veronica Tarozzi\" \/>\n\t<meta name=\"twitter:label2\" content=\"Tiempo de lectura\" \/>\n\t<meta name=\"twitter:data2\" content=\"8 minutos\" \/>\n<script type=\"application\/ld+json\" class=\"yoast-schema-graph\">{\"@context\":\"https:\/\/schema.org\",\"@graph\":[{\"@type\":\"Article\",\"@id\":\"https:\/\/www.pressenza.com\/es\/2020\/04\/coronavirus-el-activismo-no-ha-parado-11-lashistoriassalvanatodos-y-cestas-colgantes-en-el-distrito-dergano-de-milan\/#article\",\"isPartOf\":{\"@id\":\"https:\/\/www.pressenza.com\/es\/2020\/04\/coronavirus-el-activismo-no-ha-parado-11-lashistoriassalvanatodos-y-cestas-colgantes-en-el-distrito-dergano-de-milan\/\"},\"author\":{\"name\":\"Veronica Tarozzi\",\"@id\":\"https:\/\/www.pressenza.com\/es\/#\/schema\/person\/55f609a0ea0770c331ddf3c1c43301d8\"},\"headline\":\"Coronavirus, el activismo no ha parado &#8211; 11. \u00abLashistoriassalvanatodos\u00bb y \u00abCestas colgantes\u00bb en el distrito Dergano de Mil\u00e1n\",\"datePublished\":\"2020-04-19T02:06:12+00:00\",\"mainEntityOfPage\":{\"@id\":\"https:\/\/www.pressenza.com\/es\/2020\/04\/coronavirus-el-activismo-no-ha-parado-11-lashistoriassalvanatodos-y-cestas-colgantes-en-el-distrito-dergano-de-milan\/\"},\"wordCount\":1593,\"publisher\":{\"@id\":\"https:\/\/www.pressenza.com\/es\/#organization\"},\"image\":{\"@id\":\"https:\/\/www.pressenza.com\/es\/2020\/04\/coronavirus-el-activismo-no-ha-parado-11-lashistoriassalvanatodos-y-cestas-colgantes-en-el-distrito-dergano-de-milan\/#primaryimage\"},\"thumbnailUrl\":\"https:\/\/www.pressenza.com\/wp-content\/uploads\/2020\/04\/Mamuska-rit.jpg\",\"keywords\":[\"activismo\",\"barrio de Dergano\",\"cestas colgantes\",\"emergencia sanitaria\",\"La casa ecologica\",\"libreria Mamusca\",\"Solidaridad\",\"solidariet\u00e0\",\"storiesalvatutti\"],\"articleSection\":[\"Contenido Original\",\"Cultura y Medios\",\"Ecolog\u00eda y Medio Ambiente\",\"Europa\"],\"inLanguage\":\"es\"},{\"@type\":\"WebPage\",\"@id\":\"https:\/\/www.pressenza.com\/es\/2020\/04\/coronavirus-el-activismo-no-ha-parado-11-lashistoriassalvanatodos-y-cestas-colgantes-en-el-distrito-dergano-de-milan\/\",\"url\":\"https:\/\/www.pressenza.com\/es\/2020\/04\/coronavirus-el-activismo-no-ha-parado-11-lashistoriassalvanatodos-y-cestas-colgantes-en-el-distrito-dergano-de-milan\/\",\"name\":\"Coronavirus, el activismo no ha parado - 11. \u00abLashistoriassalvanatodos\u00bb y \u00abCestas colgantes\u00bb en el distrito Dergano de Mil\u00e1n\",\"isPartOf\":{\"@id\":\"https:\/\/www.pressenza.com\/es\/#website\"},\"primaryImageOfPage\":{\"@id\":\"https:\/\/www.pressenza.com\/es\/2020\/04\/coronavirus-el-activismo-no-ha-parado-11-lashistoriassalvanatodos-y-cestas-colgantes-en-el-distrito-dergano-de-milan\/#primaryimage\"},\"image\":{\"@id\":\"https:\/\/www.pressenza.com\/es\/2020\/04\/coronavirus-el-activismo-no-ha-parado-11-lashistoriassalvanatodos-y-cestas-colgantes-en-el-distrito-dergano-de-milan\/#primaryimage\"},\"thumbnailUrl\":\"https:\/\/www.pressenza.com\/wp-content\/uploads\/2020\/04\/Mamuska-rit.jpg\",\"datePublished\":\"2020-04-19T02:06:12+00:00\",\"description\":\"Despu\u00e9s de los testimonios de Anita Sonego, Pietro Forconi, Davide Scotti, Mattia Rigodanza, Serena Vitucci, Veronica Alfonsi, Rolando D'Alessandro,\",\"breadcrumb\":{\"@id\":\"https:\/\/www.pressenza.com\/es\/2020\/04\/coronavirus-el-activismo-no-ha-parado-11-lashistoriassalvanatodos-y-cestas-colgantes-en-el-distrito-dergano-de-milan\/#breadcrumb\"},\"inLanguage\":\"es\",\"potentialAction\":[{\"@type\":\"ReadAction\",\"target\":[\"https:\/\/www.pressenza.com\/es\/2020\/04\/coronavirus-el-activismo-no-ha-parado-11-lashistoriassalvanatodos-y-cestas-colgantes-en-el-distrito-dergano-de-milan\/\"]}]},{\"@type\":\"ImageObject\",\"inLanguage\":\"es\",\"@id\":\"https:\/\/www.pressenza.com\/es\/2020\/04\/coronavirus-el-activismo-no-ha-parado-11-lashistoriassalvanatodos-y-cestas-colgantes-en-el-distrito-dergano-de-milan\/#primaryimage\",\"url\":\"https:\/\/www.pressenza.com\/wp-content\/uploads\/2020\/04\/Mamuska-rit.jpg\",\"contentUrl\":\"https:\/\/www.pressenza.com\/wp-content\/uploads\/2020\/04\/Mamuska-rit.jpg\",\"width\":900,\"height\":596},{\"@type\":\"BreadcrumbList\",\"@id\":\"https:\/\/www.pressenza.com\/es\/2020\/04\/coronavirus-el-activismo-no-ha-parado-11-lashistoriassalvanatodos-y-cestas-colgantes-en-el-distrito-dergano-de-milan\/#breadcrumb\",\"itemListElement\":[{\"@type\":\"ListItem\",\"position\":1,\"name\":\"Accueil\",\"item\":\"https:\/\/www.pressenza.com\/es\/\"},{\"@type\":\"ListItem\",\"position\":2,\"name\":\"Coronavirus, el activismo no ha parado &#8211; 11. \u00abLashistoriassalvanatodos\u00bb y \u00abCestas colgantes\u00bb en el distrito Dergano de Mil\u00e1n\"}]},{\"@type\":\"WebSite\",\"@id\":\"https:\/\/www.pressenza.com\/es\/#website\",\"url\":\"https:\/\/www.pressenza.com\/es\/\",\"name\":\"Pressenza\",\"description\":\"International Press Agency\",\"publisher\":{\"@id\":\"https:\/\/www.pressenza.com\/es\/#organization\"},\"potentialAction\":[{\"@type\":\"SearchAction\",\"target\":{\"@type\":\"EntryPoint\",\"urlTemplate\":\"https:\/\/www.pressenza.com\/es\/?s={search_term_string}\"},\"query-input\":{\"@type\":\"PropertyValueSpecification\",\"valueRequired\":true,\"valueName\":\"search_term_string\"}}],\"inLanguage\":\"es\"},{\"@type\":\"Organization\",\"@id\":\"https:\/\/www.pressenza.com\/es\/#organization\",\"name\":\"Pressenza\",\"url\":\"https:\/\/www.pressenza.com\/es\/\",\"logo\":{\"@type\":\"ImageObject\",\"inLanguage\":\"es\",\"@id\":\"https:\/\/www.pressenza.com\/es\/#\/schema\/logo\/image\/\",\"url\":\"https:\/\/www.pressenza.com\/wp-content\/uploads\/2022\/10\/pressenza_logo_200x200.jpg\",\"contentUrl\":\"https:\/\/www.pressenza.com\/wp-content\/uploads\/2022\/10\/pressenza_logo_200x200.jpg\",\"width\":200,\"height\":200,\"caption\":\"Pressenza\"},\"image\":{\"@id\":\"https:\/\/www.pressenza.com\/es\/#\/schema\/logo\/image\/\"},\"sameAs\":[\"https:\/\/www.facebook.com\/PressenzaItalia\",\"https:\/\/x.com\/PressenzaIPA\"]},{\"@type\":\"Person\",\"@id\":\"https:\/\/www.pressenza.com\/es\/#\/schema\/person\/55f609a0ea0770c331ddf3c1c43301d8\",\"name\":\"Veronica Tarozzi\",\"description\":\"Immediately after graduation, she leaves Cagliari to discover the world! She travels, studies and works between Europe, Africa, Asia and South America to learn about places, people, experiences and life stories of ordinary people, but above all out of the ordinary. In 2008 she teaches languagesin Salvador (Brazil) as part of a project for social emancipation and intercultural communication. She returns to Italy in 2009 and settles in Milan, where she will graduate in Linguistic and Cultural Mediation and will specialize in Linguistic Mediation towards migrants and asylum seekers. Here she begins activism in various organizations: from the Zeitgeist Movement Italy, to Associazione Societ\u00e0 Sostenibile and Metaeducazione and actively participates in the community garden Coltivando. She is also a freelance journalist regularly enrolled in the Order of Journalists of Lombardy and writes articles for the web newspaper Italia Che Cambia, our partner, whose purpose is to tell a different Italy, made up of human and environmental sustainability and above all good practices, spreading them and creating a network between them; she is part of the MediAttivisti, network of journalists and social activists, born from the impulse of our International Press Agency, Pressenza, to spread a culture of human rights, peace and nonviolence.\",\"url\":\"https:\/\/www.pressenza.com\/es\/author\/veronica-tarozzi\/\"}]}<\/script>\n<!-- \/ Yoast SEO plugin. -->","yoast_head_json":{"title":"Coronavirus, el activismo no ha parado - 11. \u00abLashistoriassalvanatodos\u00bb y \u00abCestas colgantes\u00bb en el distrito Dergano de Mil\u00e1n","description":"Despu\u00e9s de los testimonios de Anita Sonego, Pietro Forconi, Davide Scotti, Mattia Rigodanza, Serena Vitucci, Veronica Alfonsi, Rolando D'Alessandro,","robots":{"index":"index","follow":"follow","max-snippet":"max-snippet:-1","max-image-preview":"max-image-preview:large","max-video-preview":"max-video-preview:-1"},"canonical":"https:\/\/www.pressenza.com\/es\/2020\/04\/coronavirus-el-activismo-no-ha-parado-11-lashistoriassalvanatodos-y-cestas-colgantes-en-el-distrito-dergano-de-milan\/","og_locale":"es_ES","og_type":"article","og_title":"Coronavirus, el activismo no ha parado - 11. \u00abLashistoriassalvanatodos\u00bb y \u00abCestas colgantes\u00bb en el distrito Dergano de Mil\u00e1n","og_description":"Despu\u00e9s de los testimonios de Anita Sonego, Pietro Forconi, Davide Scotti, Mattia Rigodanza, Serena Vitucci, Veronica Alfonsi, Rolando D'Alessandro,","og_url":"https:\/\/www.pressenza.com\/es\/2020\/04\/coronavirus-el-activismo-no-ha-parado-11-lashistoriassalvanatodos-y-cestas-colgantes-en-el-distrito-dergano-de-milan\/","og_site_name":"Pressenza","article_publisher":"https:\/\/www.facebook.com\/PressenzaItalia","article_published_time":"2020-04-19T02:06:12+00:00","og_image":[{"width":900,"height":596,"url":"https:\/\/www.pressenza.com\/wp-content\/uploads\/2020\/04\/Mamuska-rit.jpg","type":"image\/jpeg"}],"author":"Veronica Tarozzi","twitter_card":"summary_large_image","twitter_creator":"@PressenzaIPA","twitter_site":"@PressenzaIPA","twitter_misc":{"Escrito por":"Veronica Tarozzi","Tiempo de lectura":"8 minutos"},"schema":{"@context":"https:\/\/schema.org","@graph":[{"@type":"Article","@id":"https:\/\/www.pressenza.com\/es\/2020\/04\/coronavirus-el-activismo-no-ha-parado-11-lashistoriassalvanatodos-y-cestas-colgantes-en-el-distrito-dergano-de-milan\/#article","isPartOf":{"@id":"https:\/\/www.pressenza.com\/es\/2020\/04\/coronavirus-el-activismo-no-ha-parado-11-lashistoriassalvanatodos-y-cestas-colgantes-en-el-distrito-dergano-de-milan\/"},"author":{"name":"Veronica Tarozzi","@id":"https:\/\/www.pressenza.com\/es\/#\/schema\/person\/55f609a0ea0770c331ddf3c1c43301d8"},"headline":"Coronavirus, el activismo no ha parado &#8211; 11. \u00abLashistoriassalvanatodos\u00bb y \u00abCestas colgantes\u00bb en el distrito Dergano de Mil\u00e1n","datePublished":"2020-04-19T02:06:12+00:00","mainEntityOfPage":{"@id":"https:\/\/www.pressenza.com\/es\/2020\/04\/coronavirus-el-activismo-no-ha-parado-11-lashistoriassalvanatodos-y-cestas-colgantes-en-el-distrito-dergano-de-milan\/"},"wordCount":1593,"publisher":{"@id":"https:\/\/www.pressenza.com\/es\/#organization"},"image":{"@id":"https:\/\/www.pressenza.com\/es\/2020\/04\/coronavirus-el-activismo-no-ha-parado-11-lashistoriassalvanatodos-y-cestas-colgantes-en-el-distrito-dergano-de-milan\/#primaryimage"},"thumbnailUrl":"https:\/\/www.pressenza.com\/wp-content\/uploads\/2020\/04\/Mamuska-rit.jpg","keywords":["activismo","barrio de Dergano","cestas colgantes","emergencia sanitaria","La casa ecologica","libreria Mamusca","Solidaridad","solidariet\u00e0","storiesalvatutti"],"articleSection":["Contenido Original","Cultura y Medios","Ecolog\u00eda y Medio Ambiente","Europa"],"inLanguage":"es"},{"@type":"WebPage","@id":"https:\/\/www.pressenza.com\/es\/2020\/04\/coronavirus-el-activismo-no-ha-parado-11-lashistoriassalvanatodos-y-cestas-colgantes-en-el-distrito-dergano-de-milan\/","url":"https:\/\/www.pressenza.com\/es\/2020\/04\/coronavirus-el-activismo-no-ha-parado-11-lashistoriassalvanatodos-y-cestas-colgantes-en-el-distrito-dergano-de-milan\/","name":"Coronavirus, el activismo no ha parado - 11. \u00abLashistoriassalvanatodos\u00bb y \u00abCestas colgantes\u00bb en el distrito Dergano de Mil\u00e1n","isPartOf":{"@id":"https:\/\/www.pressenza.com\/es\/#website"},"primaryImageOfPage":{"@id":"https:\/\/www.pressenza.com\/es\/2020\/04\/coronavirus-el-activismo-no-ha-parado-11-lashistoriassalvanatodos-y-cestas-colgantes-en-el-distrito-dergano-de-milan\/#primaryimage"},"image":{"@id":"https:\/\/www.pressenza.com\/es\/2020\/04\/coronavirus-el-activismo-no-ha-parado-11-lashistoriassalvanatodos-y-cestas-colgantes-en-el-distrito-dergano-de-milan\/#primaryimage"},"thumbnailUrl":"https:\/\/www.pressenza.com\/wp-content\/uploads\/2020\/04\/Mamuska-rit.jpg","datePublished":"2020-04-19T02:06:12+00:00","description":"Despu\u00e9s de los testimonios de Anita Sonego, Pietro Forconi, Davide Scotti, Mattia Rigodanza, Serena Vitucci, Veronica Alfonsi, Rolando D'Alessandro,","breadcrumb":{"@id":"https:\/\/www.pressenza.com\/es\/2020\/04\/coronavirus-el-activismo-no-ha-parado-11-lashistoriassalvanatodos-y-cestas-colgantes-en-el-distrito-dergano-de-milan\/#breadcrumb"},"inLanguage":"es","potentialAction":[{"@type":"ReadAction","target":["https:\/\/www.pressenza.com\/es\/2020\/04\/coronavirus-el-activismo-no-ha-parado-11-lashistoriassalvanatodos-y-cestas-colgantes-en-el-distrito-dergano-de-milan\/"]}]},{"@type":"ImageObject","inLanguage":"es","@id":"https:\/\/www.pressenza.com\/es\/2020\/04\/coronavirus-el-activismo-no-ha-parado-11-lashistoriassalvanatodos-y-cestas-colgantes-en-el-distrito-dergano-de-milan\/#primaryimage","url":"https:\/\/www.pressenza.com\/wp-content\/uploads\/2020\/04\/Mamuska-rit.jpg","contentUrl":"https:\/\/www.pressenza.com\/wp-content\/uploads\/2020\/04\/Mamuska-rit.jpg","width":900,"height":596},{"@type":"BreadcrumbList","@id":"https:\/\/www.pressenza.com\/es\/2020\/04\/coronavirus-el-activismo-no-ha-parado-11-lashistoriassalvanatodos-y-cestas-colgantes-en-el-distrito-dergano-de-milan\/#breadcrumb","itemListElement":[{"@type":"ListItem","position":1,"name":"Accueil","item":"https:\/\/www.pressenza.com\/es\/"},{"@type":"ListItem","position":2,"name":"Coronavirus, el activismo no ha parado &#8211; 11. \u00abLashistoriassalvanatodos\u00bb y \u00abCestas colgantes\u00bb en el distrito Dergano de Mil\u00e1n"}]},{"@type":"WebSite","@id":"https:\/\/www.pressenza.com\/es\/#website","url":"https:\/\/www.pressenza.com\/es\/","name":"Pressenza","description":"International Press Agency","publisher":{"@id":"https:\/\/www.pressenza.com\/es\/#organization"},"potentialAction":[{"@type":"SearchAction","target":{"@type":"EntryPoint","urlTemplate":"https:\/\/www.pressenza.com\/es\/?s={search_term_string}"},"query-input":{"@type":"PropertyValueSpecification","valueRequired":true,"valueName":"search_term_string"}}],"inLanguage":"es"},{"@type":"Organization","@id":"https:\/\/www.pressenza.com\/es\/#organization","name":"Pressenza","url":"https:\/\/www.pressenza.com\/es\/","logo":{"@type":"ImageObject","inLanguage":"es","@id":"https:\/\/www.pressenza.com\/es\/#\/schema\/logo\/image\/","url":"https:\/\/www.pressenza.com\/wp-content\/uploads\/2022\/10\/pressenza_logo_200x200.jpg","contentUrl":"https:\/\/www.pressenza.com\/wp-content\/uploads\/2022\/10\/pressenza_logo_200x200.jpg","width":200,"height":200,"caption":"Pressenza"},"image":{"@id":"https:\/\/www.pressenza.com\/es\/#\/schema\/logo\/image\/"},"sameAs":["https:\/\/www.facebook.com\/PressenzaItalia","https:\/\/x.com\/PressenzaIPA"]},{"@type":"Person","@id":"https:\/\/www.pressenza.com\/es\/#\/schema\/person\/55f609a0ea0770c331ddf3c1c43301d8","name":"Veronica Tarozzi","description":"Immediately after graduation, she leaves Cagliari to discover the world! She travels, studies and works between Europe, Africa, Asia and South America to learn about places, people, experiences and life stories of ordinary people, but above all out of the ordinary. In 2008 she teaches languagesin Salvador (Brazil) as part of a project for social emancipation and intercultural communication. She returns to Italy in 2009 and settles in Milan, where she will graduate in Linguistic and Cultural Mediation and will specialize in Linguistic Mediation towards migrants and asylum seekers. Here she begins activism in various organizations: from the Zeitgeist Movement Italy, to Associazione Societ\u00e0 Sostenibile and Metaeducazione and actively participates in the community garden Coltivando. She is also a freelance journalist regularly enrolled in the Order of Journalists of Lombardy and writes articles for the web newspaper Italia Che Cambia, our partner, whose purpose is to tell a different Italy, made up of human and environmental sustainability and above all good practices, spreading them and creating a network between them; she is part of the MediAttivisti, network of journalists and social activists, born from the impulse of our International Press Agency, Pressenza, to spread a culture of human rights, peace and nonviolence.","url":"https:\/\/www.pressenza.com\/es\/author\/veronica-tarozzi\/"}]}},"place":"","original_article_url":"","_links":{"self":[{"href":"https:\/\/www.pressenza.com\/es\/wp-json\/wp\/v2\/posts\/1086977","targetHints":{"allow":["GET"]}}],"collection":[{"href":"https:\/\/www.pressenza.com\/es\/wp-json\/wp\/v2\/posts"}],"about":[{"href":"https:\/\/www.pressenza.com\/es\/wp-json\/wp\/v2\/types\/post"}],"author":[{"embeddable":true,"href":"https:\/\/www.pressenza.com\/es\/wp-json\/wp\/v2\/users\/1753"}],"replies":[{"embeddable":true,"href":"https:\/\/www.pressenza.com\/es\/wp-json\/wp\/v2\/comments?post=1086977"}],"version-history":[{"count":0,"href":"https:\/\/www.pressenza.com\/es\/wp-json\/wp\/v2\/posts\/1086977\/revisions"}],"wp:featuredmedia":[{"embeddable":true,"href":"https:\/\/www.pressenza.com\/es\/wp-json\/wp\/v2\/media\/1085704"}],"wp:attachment":[{"href":"https:\/\/www.pressenza.com\/es\/wp-json\/wp\/v2\/media?parent=1086977"}],"wp:term":[{"taxonomy":"category","embeddable":true,"href":"https:\/\/www.pressenza.com\/es\/wp-json\/wp\/v2\/categories?post=1086977"},{"taxonomy":"post_tag","embeddable":true,"href":"https:\/\/www.pressenza.com\/es\/wp-json\/wp\/v2\/tags?post=1086977"}],"curies":[{"name":"wp","href":"https:\/\/api.w.org\/{rel}","templated":true}]}}