{"id":1086919,"date":"2020-04-19T02:49:09","date_gmt":"2020-04-19T01:49:09","guid":{"rendered":"https:\/\/www.pressenza.com\/?p=1086919"},"modified":"2020-04-19T13:07:21","modified_gmt":"2020-04-19T12:07:21","slug":"comienza-la-reunion-anual-de-pressenza","status":"publish","type":"post","link":"https:\/\/www.pressenza.com\/es\/2020\/04\/comienza-la-reunion-anual-de-pressenza\/","title":{"rendered":"Comienza la reuni\u00f3n anual de Pressenza"},"content":{"rendered":"<div>Con la participaci\u00f3n de alrededor de ochenta personas de m\u00e1s de veinte lugares diferentes del mundo, Pressenza dio inicio a su reuni\u00f3n anual internacional de trabajo conjunto en la ma\u00f1ana de este s\u00e1bado 18 de abril.<\/p>\n<p>Durante las pr\u00f3ximas cinco semanas, doce equipos de trabajo estar\u00e1n intercambiando y elaborando propuestas de acci\u00f3n para ampliar y mejorar nuestro trabajo en el per\u00edodo 2020 &#8211; 2021.<\/p>\n<p>Compartimos con ustedes algunas im\u00e1genes.<\/p><\/div>\n<div><\/div>\n<div><img loading=\"lazy\" decoding=\"async\" class=\"aligncenter size-large wp-image-1086932\" src=\"https:\/\/www.pressenza.com\/wp-content\/uploads\/2020\/04\/IMG_0799-v2-720x540.jpg\" alt=\"\" width=\"720\" height=\"540\" srcset=\"https:\/\/www.pressenza.com\/wp-content\/uploads\/2020\/04\/IMG_0799-v2-720x540.jpg 720w, https:\/\/www.pressenza.com\/wp-content\/uploads\/2020\/04\/IMG_0799-v2-300x225.jpg 300w, https:\/\/www.pressenza.com\/wp-content\/uploads\/2020\/04\/IMG_0799-v2-768x576.jpg 768w, https:\/\/www.pressenza.com\/wp-content\/uploads\/2020\/04\/IMG_0799-v2-1536x1152.jpg 1536w, https:\/\/www.pressenza.com\/wp-content\/uploads\/2020\/04\/IMG_0799-v2.jpg 1920w\" sizes=\"auto, (max-width: 720px) 100vw, 720px\" \/><\/div>\n<div><img loading=\"lazy\" decoding=\"async\" class=\"aligncenter size-large wp-image-1086943\" src=\"https:\/\/www.pressenza.com\/wp-content\/uploads\/2020\/04\/IMG_0803-v2-720x540.jpg\" alt=\"\" width=\"720\" height=\"540\" srcset=\"https:\/\/www.pressenza.com\/wp-content\/uploads\/2020\/04\/IMG_0803-v2-720x540.jpg 720w, https:\/\/www.pressenza.com\/wp-content\/uploads\/2020\/04\/IMG_0803-v2-300x225.jpg 300w, https:\/\/www.pressenza.com\/wp-content\/uploads\/2020\/04\/IMG_0803-v2-768x576.jpg 768w, https:\/\/www.pressenza.com\/wp-content\/uploads\/2020\/04\/IMG_0803-v2-1536x1152.jpg 1536w, https:\/\/www.pressenza.com\/wp-content\/uploads\/2020\/04\/IMG_0803-v2.jpg 1920w\" sizes=\"auto, (max-width: 720px) 100vw, 720px\" \/><\/div>\n<div><\/div>\n<div><img loading=\"lazy\" decoding=\"async\" class=\"aligncenter size-large wp-image-1086953\" src=\"https:\/\/www.pressenza.com\/wp-content\/uploads\/2020\/04\/IMG_0816-v2-720x540.jpg\" alt=\"\" width=\"720\" height=\"540\" srcset=\"https:\/\/www.pressenza.com\/wp-content\/uploads\/2020\/04\/IMG_0816-v2-720x540.jpg 720w, https:\/\/www.pressenza.com\/wp-content\/uploads\/2020\/04\/IMG_0816-v2-300x225.jpg 300w, https:\/\/www.pressenza.com\/wp-content\/uploads\/2020\/04\/IMG_0816-v2-768x576.jpg 768w, https:\/\/www.pressenza.com\/wp-content\/uploads\/2020\/04\/IMG_0816-v2-1536x1152.jpg 1536w, https:\/\/www.pressenza.com\/wp-content\/uploads\/2020\/04\/IMG_0816-v2.jpg 1920w\" sizes=\"auto, (max-width: 720px) 100vw, 720px\" \/><\/div>\n<div><\/div>\n<div><img loading=\"lazy\" decoding=\"async\" class=\"aligncenter size-large wp-image-1086964\" src=\"https:\/\/www.pressenza.com\/wp-content\/uploads\/2020\/04\/IMG_0822-v2-720x540.jpg\" alt=\"\" width=\"720\" height=\"540\" srcset=\"https:\/\/www.pressenza.com\/wp-content\/uploads\/2020\/04\/IMG_0822-v2-720x540.jpg 720w, https:\/\/www.pressenza.com\/wp-content\/uploads\/2020\/04\/IMG_0822-v2-300x225.jpg 300w, https:\/\/www.pressenza.com\/wp-content\/uploads\/2020\/04\/IMG_0822-v2-768x576.jpg 768w, https:\/\/www.pressenza.com\/wp-content\/uploads\/2020\/04\/IMG_0822-v2-1536x1152.jpg 1536w, https:\/\/www.pressenza.com\/wp-content\/uploads\/2020\/04\/IMG_0822-v2.jpg 1920w\" sizes=\"auto, (max-width: 720px) 100vw, 720px\" \/><\/div>\n","protected":false},"excerpt":{"rendered":"<p>Con la participaci\u00f3n de alrededor de ochenta personas de m\u00e1s de veinte lugares diferentes del mundo, Pressenza dio inicio a su reuni\u00f3n anual internacional de trabajo conjunto en la ma\u00f1ana de este s\u00e1bado 18 de abril. Durante las pr\u00f3ximas cinco&hellip;<\/p>\n","protected":false},"author":487,"featured_media":1086921,"comment_status":"closed","ping_status":"closed","sticky":false,"template":"","format":"standard","meta":{"footnotes":""},"categories":[11389,75,39],"tags":[523,1497,26299,383,419,49948,40752,74092],"class_list":["post-1086919","post","type-post","status-publish","format-standard","has-post-thumbnail","hentry","category-contenido-original","category-cultura-es","category-internacional","tag-medios-de-comunicacion","tag-movimientos-sociales","tag-no-violencia","tag-noviolencia","tag-paz","tag-pressenza-it-es","tag-pressenza-internacional","tag-reunion-anual"],"yoast_head":"<!-- This site is optimized with the Yoast SEO plugin v27.1.1 - https:\/\/yoast.com\/product\/yoast-seo-wordpress\/ -->\n<title>Comienza la reuni\u00f3n anual de Pressenza<\/title>\n<meta name=\"description\" content=\"Con la participaci\u00f3n de alrededor de ochenta personas de m\u00e1s de veinte lugares diferentes del mundo, Pressenza dio inicio a su reuni\u00f3n anual internacional\" \/>\n<meta name=\"robots\" content=\"index, follow, max-snippet:-1, max-image-preview:large, max-video-preview:-1\" \/>\n<link rel=\"canonical\" href=\"https:\/\/www.pressenza.com\/es\/2020\/04\/comienza-la-reunion-anual-de-pressenza\/\" \/>\n<meta property=\"og:locale\" content=\"es_ES\" \/>\n<meta property=\"og:type\" content=\"article\" \/>\n<meta property=\"og:title\" content=\"Comienza la reuni\u00f3n anual de Pressenza\" \/>\n<meta property=\"og:description\" content=\"Con la participaci\u00f3n de alrededor de ochenta personas de m\u00e1s de veinte lugares diferentes del mundo, Pressenza dio inicio a su reuni\u00f3n anual internacional\" \/>\n<meta property=\"og:url\" content=\"https:\/\/www.pressenza.com\/es\/2020\/04\/comienza-la-reunion-anual-de-pressenza\/\" \/>\n<meta property=\"og:site_name\" content=\"Pressenza\" \/>\n<meta property=\"article:publisher\" content=\"https:\/\/www.facebook.com\/PressenzaItalia\" \/>\n<meta property=\"article:published_time\" content=\"2020-04-19T01:49:09+00:00\" \/>\n<meta property=\"article:modified_time\" content=\"2020-04-19T12:07:21+00:00\" \/>\n<meta property=\"og:image\" content=\"https:\/\/www.pressenza.com\/wp-content\/uploads\/2020\/04\/IMG_0805-v2.jpg\" \/>\n\t<meta property=\"og:image:width\" content=\"1920\" \/>\n\t<meta property=\"og:image:height\" content=\"1440\" \/>\n\t<meta property=\"og:image:type\" content=\"image\/jpeg\" \/>\n<meta name=\"author\" content=\"Walker Vizcarra\" \/>\n<meta name=\"twitter:card\" content=\"summary_large_image\" \/>\n<meta name=\"twitter:creator\" content=\"@PressenzaIPA\" \/>\n<meta name=\"twitter:site\" content=\"@PressenzaIPA\" \/>\n<meta name=\"twitter:label1\" content=\"Escrito por\" \/>\n\t<meta name=\"twitter:data1\" content=\"Walker Vizcarra\" \/>\n<script type=\"application\/ld+json\" class=\"yoast-schema-graph\">{\"@context\":\"https:\/\/schema.org\",\"@graph\":[{\"@type\":\"Article\",\"@id\":\"https:\/\/www.pressenza.com\/es\/2020\/04\/comienza-la-reunion-anual-de-pressenza\/#article\",\"isPartOf\":{\"@id\":\"https:\/\/www.pressenza.com\/es\/2020\/04\/comienza-la-reunion-anual-de-pressenza\/\"},\"author\":{\"name\":\"Walker Vizcarra\",\"@id\":\"https:\/\/www.pressenza.com\/es\/#\/schema\/person\/304df3c2fe6309c2051fa9253134e415\"},\"headline\":\"Comienza la reuni\u00f3n anual de Pressenza\",\"datePublished\":\"2020-04-19T01:49:09+00:00\",\"dateModified\":\"2020-04-19T12:07:21+00:00\",\"mainEntityOfPage\":{\"@id\":\"https:\/\/www.pressenza.com\/es\/2020\/04\/comienza-la-reunion-anual-de-pressenza\/\"},\"wordCount\":83,\"publisher\":{\"@id\":\"https:\/\/www.pressenza.com\/es\/#organization\"},\"image\":{\"@id\":\"https:\/\/www.pressenza.com\/es\/2020\/04\/comienza-la-reunion-anual-de-pressenza\/#primaryimage\"},\"thumbnailUrl\":\"https:\/\/www.pressenza.com\/wp-content\/uploads\/2020\/04\/IMG_0805-v2.jpg\",\"keywords\":[\"medios de comunicaci\u00f3n\",\"movimientos sociales\",\"No violencia\",\"Noviolencia\",\"Paz\",\"Pressenza\",\"Pressenza Internacional\",\"Reuni\u00f3n Anual\"],\"articleSection\":[\"Contenido Original\",\"Cultura y Medios\",\"Internacional\"],\"inLanguage\":\"es\"},{\"@type\":\"WebPage\",\"@id\":\"https:\/\/www.pressenza.com\/es\/2020\/04\/comienza-la-reunion-anual-de-pressenza\/\",\"url\":\"https:\/\/www.pressenza.com\/es\/2020\/04\/comienza-la-reunion-anual-de-pressenza\/\",\"name\":\"Comienza la reuni\u00f3n anual de Pressenza\",\"isPartOf\":{\"@id\":\"https:\/\/www.pressenza.com\/es\/#website\"},\"primaryImageOfPage\":{\"@id\":\"https:\/\/www.pressenza.com\/es\/2020\/04\/comienza-la-reunion-anual-de-pressenza\/#primaryimage\"},\"image\":{\"@id\":\"https:\/\/www.pressenza.com\/es\/2020\/04\/comienza-la-reunion-anual-de-pressenza\/#primaryimage\"},\"thumbnailUrl\":\"https:\/\/www.pressenza.com\/wp-content\/uploads\/2020\/04\/IMG_0805-v2.jpg\",\"datePublished\":\"2020-04-19T01:49:09+00:00\",\"dateModified\":\"2020-04-19T12:07:21+00:00\",\"description\":\"Con la participaci\u00f3n de alrededor de ochenta personas de m\u00e1s de veinte lugares diferentes del mundo, Pressenza dio inicio a su reuni\u00f3n anual internacional\",\"breadcrumb\":{\"@id\":\"https:\/\/www.pressenza.com\/es\/2020\/04\/comienza-la-reunion-anual-de-pressenza\/#breadcrumb\"},\"inLanguage\":\"es\",\"potentialAction\":[{\"@type\":\"ReadAction\",\"target\":[\"https:\/\/www.pressenza.com\/es\/2020\/04\/comienza-la-reunion-anual-de-pressenza\/\"]}]},{\"@type\":\"ImageObject\",\"inLanguage\":\"es\",\"@id\":\"https:\/\/www.pressenza.com\/es\/2020\/04\/comienza-la-reunion-anual-de-pressenza\/#primaryimage\",\"url\":\"https:\/\/www.pressenza.com\/wp-content\/uploads\/2020\/04\/IMG_0805-v2.jpg\",\"contentUrl\":\"https:\/\/www.pressenza.com\/wp-content\/uploads\/2020\/04\/IMG_0805-v2.jpg\",\"width\":1920,\"height\":1440,\"caption\":\"Reuni\u00f3n Anual de Pressenza 2020\"},{\"@type\":\"BreadcrumbList\",\"@id\":\"https:\/\/www.pressenza.com\/es\/2020\/04\/comienza-la-reunion-anual-de-pressenza\/#breadcrumb\",\"itemListElement\":[{\"@type\":\"ListItem\",\"position\":1,\"name\":\"Accueil\",\"item\":\"https:\/\/www.pressenza.com\/es\/\"},{\"@type\":\"ListItem\",\"position\":2,\"name\":\"Comienza la reuni\u00f3n anual de Pressenza\"}]},{\"@type\":\"WebSite\",\"@id\":\"https:\/\/www.pressenza.com\/es\/#website\",\"url\":\"https:\/\/www.pressenza.com\/es\/\",\"name\":\"Pressenza\",\"description\":\"International Press Agency\",\"publisher\":{\"@id\":\"https:\/\/www.pressenza.com\/es\/#organization\"},\"potentialAction\":[{\"@type\":\"SearchAction\",\"target\":{\"@type\":\"EntryPoint\",\"urlTemplate\":\"https:\/\/www.pressenza.com\/es\/?s={search_term_string}\"},\"query-input\":{\"@type\":\"PropertyValueSpecification\",\"valueRequired\":true,\"valueName\":\"search_term_string\"}}],\"inLanguage\":\"es\"},{\"@type\":\"Organization\",\"@id\":\"https:\/\/www.pressenza.com\/es\/#organization\",\"name\":\"Pressenza\",\"url\":\"https:\/\/www.pressenza.com\/es\/\",\"logo\":{\"@type\":\"ImageObject\",\"inLanguage\":\"es\",\"@id\":\"https:\/\/www.pressenza.com\/es\/#\/schema\/logo\/image\/\",\"url\":\"https:\/\/www.pressenza.com\/wp-content\/uploads\/2022\/10\/pressenza_logo_200x200.jpg\",\"contentUrl\":\"https:\/\/www.pressenza.com\/wp-content\/uploads\/2022\/10\/pressenza_logo_200x200.jpg\",\"width\":200,\"height\":200,\"caption\":\"Pressenza\"},\"image\":{\"@id\":\"https:\/\/www.pressenza.com\/es\/#\/schema\/logo\/image\/\"},\"sameAs\":[\"https:\/\/www.facebook.com\/PressenzaItalia\",\"https:\/\/x.com\/PressenzaIPA\"]},{\"@type\":\"Person\",\"@id\":\"https:\/\/www.pressenza.com\/es\/#\/schema\/person\/304df3c2fe6309c2051fa9253134e415\",\"name\":\"Walker Vizcarra\",\"description\":\"Ecuadorian, photographer and nonviolence activist! https:\/\/www.instagram.com\/walker.vizcarra\/\",\"url\":\"https:\/\/www.pressenza.com\/es\/author\/walker-vizcarra\/\"}]}<\/script>\n<!-- \/ Yoast SEO plugin. -->","yoast_head_json":{"title":"Comienza la reuni\u00f3n anual de Pressenza","description":"Con la participaci\u00f3n de alrededor de ochenta personas de m\u00e1s de veinte lugares diferentes del mundo, Pressenza dio inicio a su reuni\u00f3n anual internacional","robots":{"index":"index","follow":"follow","max-snippet":"max-snippet:-1","max-image-preview":"max-image-preview:large","max-video-preview":"max-video-preview:-1"},"canonical":"https:\/\/www.pressenza.com\/es\/2020\/04\/comienza-la-reunion-anual-de-pressenza\/","og_locale":"es_ES","og_type":"article","og_title":"Comienza la reuni\u00f3n anual de Pressenza","og_description":"Con la participaci\u00f3n de alrededor de ochenta personas de m\u00e1s de veinte lugares diferentes del mundo, Pressenza dio inicio a su reuni\u00f3n anual internacional","og_url":"https:\/\/www.pressenza.com\/es\/2020\/04\/comienza-la-reunion-anual-de-pressenza\/","og_site_name":"Pressenza","article_publisher":"https:\/\/www.facebook.com\/PressenzaItalia","article_published_time":"2020-04-19T01:49:09+00:00","article_modified_time":"2020-04-19T12:07:21+00:00","og_image":[{"width":1920,"height":1440,"url":"https:\/\/www.pressenza.com\/wp-content\/uploads\/2020\/04\/IMG_0805-v2.jpg","type":"image\/jpeg"}],"author":"Walker Vizcarra","twitter_card":"summary_large_image","twitter_creator":"@PressenzaIPA","twitter_site":"@PressenzaIPA","twitter_misc":{"Escrito por":"Walker Vizcarra"},"schema":{"@context":"https:\/\/schema.org","@graph":[{"@type":"Article","@id":"https:\/\/www.pressenza.com\/es\/2020\/04\/comienza-la-reunion-anual-de-pressenza\/#article","isPartOf":{"@id":"https:\/\/www.pressenza.com\/es\/2020\/04\/comienza-la-reunion-anual-de-pressenza\/"},"author":{"name":"Walker Vizcarra","@id":"https:\/\/www.pressenza.com\/es\/#\/schema\/person\/304df3c2fe6309c2051fa9253134e415"},"headline":"Comienza la reuni\u00f3n anual de Pressenza","datePublished":"2020-04-19T01:49:09+00:00","dateModified":"2020-04-19T12:07:21+00:00","mainEntityOfPage":{"@id":"https:\/\/www.pressenza.com\/es\/2020\/04\/comienza-la-reunion-anual-de-pressenza\/"},"wordCount":83,"publisher":{"@id":"https:\/\/www.pressenza.com\/es\/#organization"},"image":{"@id":"https:\/\/www.pressenza.com\/es\/2020\/04\/comienza-la-reunion-anual-de-pressenza\/#primaryimage"},"thumbnailUrl":"https:\/\/www.pressenza.com\/wp-content\/uploads\/2020\/04\/IMG_0805-v2.jpg","keywords":["medios de comunicaci\u00f3n","movimientos sociales","No violencia","Noviolencia","Paz","Pressenza","Pressenza Internacional","Reuni\u00f3n Anual"],"articleSection":["Contenido Original","Cultura y Medios","Internacional"],"inLanguage":"es"},{"@type":"WebPage","@id":"https:\/\/www.pressenza.com\/es\/2020\/04\/comienza-la-reunion-anual-de-pressenza\/","url":"https:\/\/www.pressenza.com\/es\/2020\/04\/comienza-la-reunion-anual-de-pressenza\/","name":"Comienza la reuni\u00f3n anual de Pressenza","isPartOf":{"@id":"https:\/\/www.pressenza.com\/es\/#website"},"primaryImageOfPage":{"@id":"https:\/\/www.pressenza.com\/es\/2020\/04\/comienza-la-reunion-anual-de-pressenza\/#primaryimage"},"image":{"@id":"https:\/\/www.pressenza.com\/es\/2020\/04\/comienza-la-reunion-anual-de-pressenza\/#primaryimage"},"thumbnailUrl":"https:\/\/www.pressenza.com\/wp-content\/uploads\/2020\/04\/IMG_0805-v2.jpg","datePublished":"2020-04-19T01:49:09+00:00","dateModified":"2020-04-19T12:07:21+00:00","description":"Con la participaci\u00f3n de alrededor de ochenta personas de m\u00e1s de veinte lugares diferentes del mundo, Pressenza dio inicio a su reuni\u00f3n anual internacional","breadcrumb":{"@id":"https:\/\/www.pressenza.com\/es\/2020\/04\/comienza-la-reunion-anual-de-pressenza\/#breadcrumb"},"inLanguage":"es","potentialAction":[{"@type":"ReadAction","target":["https:\/\/www.pressenza.com\/es\/2020\/04\/comienza-la-reunion-anual-de-pressenza\/"]}]},{"@type":"ImageObject","inLanguage":"es","@id":"https:\/\/www.pressenza.com\/es\/2020\/04\/comienza-la-reunion-anual-de-pressenza\/#primaryimage","url":"https:\/\/www.pressenza.com\/wp-content\/uploads\/2020\/04\/IMG_0805-v2.jpg","contentUrl":"https:\/\/www.pressenza.com\/wp-content\/uploads\/2020\/04\/IMG_0805-v2.jpg","width":1920,"height":1440,"caption":"Reuni\u00f3n Anual de Pressenza 2020"},{"@type":"BreadcrumbList","@id":"https:\/\/www.pressenza.com\/es\/2020\/04\/comienza-la-reunion-anual-de-pressenza\/#breadcrumb","itemListElement":[{"@type":"ListItem","position":1,"name":"Accueil","item":"https:\/\/www.pressenza.com\/es\/"},{"@type":"ListItem","position":2,"name":"Comienza la reuni\u00f3n anual de Pressenza"}]},{"@type":"WebSite","@id":"https:\/\/www.pressenza.com\/es\/#website","url":"https:\/\/www.pressenza.com\/es\/","name":"Pressenza","description":"International Press Agency","publisher":{"@id":"https:\/\/www.pressenza.com\/es\/#organization"},"potentialAction":[{"@type":"SearchAction","target":{"@type":"EntryPoint","urlTemplate":"https:\/\/www.pressenza.com\/es\/?s={search_term_string}"},"query-input":{"@type":"PropertyValueSpecification","valueRequired":true,"valueName":"search_term_string"}}],"inLanguage":"es"},{"@type":"Organization","@id":"https:\/\/www.pressenza.com\/es\/#organization","name":"Pressenza","url":"https:\/\/www.pressenza.com\/es\/","logo":{"@type":"ImageObject","inLanguage":"es","@id":"https:\/\/www.pressenza.com\/es\/#\/schema\/logo\/image\/","url":"https:\/\/www.pressenza.com\/wp-content\/uploads\/2022\/10\/pressenza_logo_200x200.jpg","contentUrl":"https:\/\/www.pressenza.com\/wp-content\/uploads\/2022\/10\/pressenza_logo_200x200.jpg","width":200,"height":200,"caption":"Pressenza"},"image":{"@id":"https:\/\/www.pressenza.com\/es\/#\/schema\/logo\/image\/"},"sameAs":["https:\/\/www.facebook.com\/PressenzaItalia","https:\/\/x.com\/PressenzaIPA"]},{"@type":"Person","@id":"https:\/\/www.pressenza.com\/es\/#\/schema\/person\/304df3c2fe6309c2051fa9253134e415","name":"Walker Vizcarra","description":"Ecuadorian, photographer and nonviolence activist! https:\/\/www.instagram.com\/walker.vizcarra\/","url":"https:\/\/www.pressenza.com\/es\/author\/walker-vizcarra\/"}]}},"place":"Quito, Ecuador","original_article_url":"","_links":{"self":[{"href":"https:\/\/www.pressenza.com\/es\/wp-json\/wp\/v2\/posts\/1086919","targetHints":{"allow":["GET"]}}],"collection":[{"href":"https:\/\/www.pressenza.com\/es\/wp-json\/wp\/v2\/posts"}],"about":[{"href":"https:\/\/www.pressenza.com\/es\/wp-json\/wp\/v2\/types\/post"}],"author":[{"embeddable":true,"href":"https:\/\/www.pressenza.com\/es\/wp-json\/wp\/v2\/users\/487"}],"replies":[{"embeddable":true,"href":"https:\/\/www.pressenza.com\/es\/wp-json\/wp\/v2\/comments?post=1086919"}],"version-history":[{"count":0,"href":"https:\/\/www.pressenza.com\/es\/wp-json\/wp\/v2\/posts\/1086919\/revisions"}],"wp:featuredmedia":[{"embeddable":true,"href":"https:\/\/www.pressenza.com\/es\/wp-json\/wp\/v2\/media\/1086921"}],"wp:attachment":[{"href":"https:\/\/www.pressenza.com\/es\/wp-json\/wp\/v2\/media?parent=1086919"}],"wp:term":[{"taxonomy":"category","embeddable":true,"href":"https:\/\/www.pressenza.com\/es\/wp-json\/wp\/v2\/categories?post=1086919"},{"taxonomy":"post_tag","embeddable":true,"href":"https:\/\/www.pressenza.com\/es\/wp-json\/wp\/v2\/tags?post=1086919"}],"curies":[{"name":"wp","href":"https:\/\/api.w.org\/{rel}","templated":true}]}}