{"id":1086565,"date":"2020-04-18T10:15:51","date_gmt":"2020-04-18T09:15:51","guid":{"rendered":"https:\/\/www.pressenza.com\/?p=1086565"},"modified":"2020-04-18T10:17:31","modified_gmt":"2020-04-18T09:17:31","slug":"cronicas-de-un-desastre-anunciado","status":"publish","type":"post","link":"https:\/\/www.pressenza.com\/es\/2020\/04\/cronicas-de-un-desastre-anunciado\/","title":{"rendered":"Cr\u00f3nicas de un desastre anunciado"},"content":{"rendered":"<p><strong>Un relato probable, de futuros escenarios en nuestra <\/strong><strong>Historia como especie y como proceso de la vida<\/strong><\/p>\n<p>En distintas ramas del saber y de actividades humanas corren similares futuribles, en todos los casos se habla de posibles cataclismos que generados en esa rama de actividad influir\u00edan en todo el conjunto comprometiendo el destino futuro de nuestra especie.<\/p>\n<p>As\u00ed, la desertificaci\u00f3n creciente, la contaminaci\u00f3n de las tierras y las aguas, \u00a0\u00a0la destrucci\u00f3n de la capa de ozono, el calentamiento creciente de la superficie del planeta, el pronto agotamiento de las fuentes de energ\u00edas \u00a0no renovables, el avance descontrolado de la tecnolog\u00eda, la creciente y monstruosa desigualdad de riqueza y disposici\u00f3n de recursos entre una \u00ednfima minor\u00eda y enormes conjuntos humanos, el descongelamiento de los polos, por mencionar algunos van configurando una \u201cmirada conjunta\u201d no muy halag\u00fce\u00f1a sobre el futuro cercano de nuestra especie.<\/p>\n<p>Hay, quiz\u00e1s algunos casos excepcionales, ligados a especialmente avances tecnol\u00f3gicos y de organizaci\u00f3n social espontanea de las bases humanas que podr\u00edan eventualmente contrarrestar y restaurar el equilibrio perdido, pero,\u00a0 en el caso de la tecnolog\u00eda\u00a0 por ej las computadoras cu\u00e1nticas, es claro que \u00e9stas solo (si es que fuera posible fabricarlas) estar\u00edan al servicio de esa \u00ednfima minor\u00eda rica y no llegar\u00edan al resto de la humanidad, y en el caso de los movimientos sociales, tampoco parece posible que pudieran sostener una actividad constante y creciente en distintas zonas del planeta sin una idea-fuerza com\u00fan que toque las sensibilidades y los corazones de las personas y las haga unirse en una lucha com\u00fan en un periodo de tiempo cercano.<\/p>\n<p>Hoy asistimos a un evento \u00fanico en nuestra historia: estamos en presencia por primera vez de una civilizaci\u00f3n \u00fanica \u00a0cubriendo todo el planeta, por ej. se vive en tiempo real lo que sucede a miles de kil\u00f3metros gracias al avance de las comunicaciones, \u00a0y por tanto el \u00e9xito o fracaso de esta civilizaci\u00f3n \u00a0afecta sin lugar a dudas la continuidad y el futuro de la historia humana.<\/p>\n<p>Hubo en el devenir de la historia otros momentos similares que afectaron a civilizaciones y\/o conjuntos humanos que ten\u00edan el mismo car\u00e1cter de \u00fanicos puesto que no sab\u00edan de la existencia de otros en otras zonas del planeta.<\/p>\n<p>Y, en todos los casos estudiados por los antrop\u00f3logos, historiadores,\u00a0\u00a0 y otras ramas del conocimiento humano se ha podido observar un muy curioso funcionamiento de nuestra especie, m\u00e1s espec\u00edficamente de la conciencia humana, es decir:<\/p>\n<p>Todas las crisis civilizatorias, o de grupos humanos en la prehistoria, los pithencanthropus, los australopithecus, neandental, trogloditas, sapiens, etc. En todos los casos han sido crisis autogeneradas, es decir que eran los propios grupos de humanos o pre humanos los que creaban condiciones para que la conciencia diera respuesta de un modo nuevo e imprevisible a la situaci\u00f3n y habilitara una salida que abriera el futuro.<\/p>\n<p>As\u00ed pas\u00f3 por ej. en el \u201csalto cu\u00e1ntico\u201d de cazador-recolector a domesticador de plantas y de animales, se produjo un salto que cambi\u00f3 radicalmente la forma de vida pasando del nomadismo a la generaci\u00f3n de n\u00facleos sedentarios que dieron lugar a desarrollos posteriores, hay muchos otros ejemplos que se pueden rastrear en la investigaci\u00f3n hist\u00f3rica y antropol\u00f3gica.<\/p>\n<p>En el caso que nos ata\u00f1e, es decir el momento actual, parece evidente que esta crisis global que nos afecta en este caso como especie tambi\u00e9n tiene las caracter\u00edsticas de ser autogenerada y \u00a0por el propio proceso de \u00a0la conciencia, creadora de nuevas\u00a0 condiciones para su desarrollo.<\/p>\n<p>Claro, el relato hist\u00f3rico no asegura que el salto se vaya a producir si o si, porque se trata de un momento de crisis y de \u201cdesacomodo\u201d en el cual es posible la aparici\u00f3n de una respuesta adaptativa creciente o no; en todo caso no se trata de un proceso mec\u00e1nico con momentos de crisis y de cambio mec\u00e1nicos sino de un verdadero proceso de desarrollo y creaci\u00f3n de condiciones de crecimiento, o de detenimiento e incluso de extinci\u00f3n como posibilidades procesales.<\/p>\n<p>En la medida en que se observa que la conciencia va modificando el mundo que la rodea y de ese modo va creando condiciones que la modifican a ella misma es posible comprender estas reflexiones. Hoy la gran mayor\u00eda de los seres humanos vivimos en un mundo no natural, vivimos en un mundo que la conciencia ha \u201chumanizado\u201d transformando seg\u00fan sus propios deseos y necesidades, todo lo que nos rodea y los objetos que utilizamos no existen en la naturaleza en el estado en el que los tenemos, sino que han sido modificados por la acci\u00f3n humana; esa misma acci\u00f3n humana es la \u00a0que ahora est\u00e1 creando condiciones de crisis para nuestra especie e impuls\u00e1ndola en direcci\u00f3n de producir un nuevo salto de crecimiento y comprensi\u00f3n de la Conciencia que habilite la posibilidad de nuevos desarrollos y horizontes de conocimiento, comprensi\u00f3n y experiencias.<\/p>\n<p>Desde esta mirada aparece una nueva comprensi\u00f3n sobre el relato de Silo \u201cEl D\u00eda del Le\u00f3n\u00a0 Alado\u201d como futurible posible y probable, coincidente adem\u00e1s con lo que en los medios cient\u00edficos denominan La Singularidad y que pronostican para los pr\u00f3ximos 10 a 12 a\u00f1os.<\/p>\n<p>Las lecturas e interpretaciones comentadas al comienzo de este escrito atribuyen a cambios externos la generaci\u00f3n de las crisis, y ven como efectos secundarios lo que puede pasar con las personas y los conjuntos humanos, algunos m\u00e1s van generando una suerte de ideolog\u00eda en la cual el Ser Humano aparece como malvado o destructor o alguna otra cosa igual de desagradable, en casi ning\u00fan caso se visualiza a los hechos externos como s\u00edntomas de un momento de desarrollo de la conciencia, de la especie y por \u00faltimo de la vida en el que ser\u00e1 posible la apertura a nuevas fronteras de desarrollo y conocimiento para lo cual ser\u00e1 necesario superar las diferencias, tomar conciencia de s\u00ed y de especie y avanzar a una nueva forma de organizaci\u00f3n social que tenga como eje central el concepto de Naci\u00f3n Humana Universal.<\/p>\n","protected":false},"excerpt":{"rendered":"<p>Un relato probable, de futuros escenarios en nuestra Historia como especie y como proceso de la vida En distintas ramas del saber y de actividades humanas corren similares futuribles, en todos los casos se habla de posibles cataclismos que generados&hellip;<\/p>\n","protected":false},"author":1122,"featured_media":1086568,"comment_status":"closed","ping_status":"closed","sticky":false,"template":"","format":"standard","meta":{"footnotes":""},"categories":[11389,1240,161],"tags":[],"class_list":["post-1086565","post","type-post","status-publish","format-standard","has-post-thumbnail","hentry","category-contenido-original","category-humanismo-espiritualidad","category-opiniones"],"yoast_head":"<!-- This site is optimized with the Yoast SEO plugin v27.1.1 - https:\/\/yoast.com\/product\/yoast-seo-wordpress\/ -->\n<title>Cr\u00f3nicas de un desastre anunciado<\/title>\n<meta name=\"description\" content=\"Un relato probable, de futuros escenarios en nuestra Historia como especie y como proceso de la vida En distintas ramas del saber y de actividades humanas\" \/>\n<meta name=\"robots\" content=\"index, follow, max-snippet:-1, max-image-preview:large, max-video-preview:-1\" \/>\n<link rel=\"canonical\" href=\"https:\/\/www.pressenza.com\/es\/2020\/04\/cronicas-de-un-desastre-anunciado\/\" \/>\n<meta property=\"og:locale\" content=\"es_ES\" \/>\n<meta property=\"og:type\" content=\"article\" \/>\n<meta property=\"og:title\" content=\"Cr\u00f3nicas de un desastre anunciado\" \/>\n<meta property=\"og:description\" content=\"Un relato probable, de futuros escenarios en nuestra Historia como especie y como proceso de la vida En distintas ramas del saber y de actividades humanas\" \/>\n<meta property=\"og:url\" content=\"https:\/\/www.pressenza.com\/es\/2020\/04\/cronicas-de-un-desastre-anunciado\/\" \/>\n<meta property=\"og:site_name\" content=\"Pressenza\" \/>\n<meta property=\"article:publisher\" content=\"https:\/\/www.facebook.com\/PressenzaItalia\" \/>\n<meta property=\"article:author\" content=\"https:\/\/www.facebook.com\/Pressenza-Espaa-647854795301395\/timeline\/\" \/>\n<meta property=\"article:published_time\" content=\"2020-04-18T09:15:51+00:00\" \/>\n<meta property=\"article:modified_time\" content=\"2020-04-18T09:17:31+00:00\" \/>\n<meta property=\"og:image\" content=\"https:\/\/www.pressenza.com\/wp-content\/uploads\/2020\/04\/switzerland-4290226_1920.jpg\" \/>\n\t<meta property=\"og:image:width\" content=\"1920\" \/>\n\t<meta property=\"og:image:height\" content=\"1280\" \/>\n\t<meta property=\"og:image:type\" content=\"image\/jpeg\" \/>\n<meta name=\"author\" content=\"Redacci\u00f3n Barcelona\" \/>\n<meta name=\"twitter:card\" content=\"summary_large_image\" \/>\n<meta name=\"twitter:creator\" content=\"@pressenza\" \/>\n<meta name=\"twitter:site\" content=\"@PressenzaIPA\" \/>\n<meta name=\"twitter:label1\" content=\"Escrito por\" \/>\n\t<meta name=\"twitter:data1\" content=\"Redacci\u00f3n Barcelona\" \/>\n\t<meta name=\"twitter:label2\" content=\"Tiempo de lectura\" \/>\n\t<meta name=\"twitter:data2\" content=\"5 minutos\" \/>\n<script type=\"application\/ld+json\" class=\"yoast-schema-graph\">{\"@context\":\"https:\/\/schema.org\",\"@graph\":[{\"@type\":\"Article\",\"@id\":\"https:\/\/www.pressenza.com\/es\/2020\/04\/cronicas-de-un-desastre-anunciado\/#article\",\"isPartOf\":{\"@id\":\"https:\/\/www.pressenza.com\/es\/2020\/04\/cronicas-de-un-desastre-anunciado\/\"},\"author\":{\"name\":\"Redacci\u00f3n Barcelona\",\"@id\":\"https:\/\/www.pressenza.com\/es\/#\/schema\/person\/8abc53b92f3264e0dad4300d54ac73ff\"},\"headline\":\"Cr\u00f3nicas de un desastre anunciado\",\"datePublished\":\"2020-04-18T09:15:51+00:00\",\"dateModified\":\"2020-04-18T09:17:31+00:00\",\"mainEntityOfPage\":{\"@id\":\"https:\/\/www.pressenza.com\/es\/2020\/04\/cronicas-de-un-desastre-anunciado\/\"},\"wordCount\":1052,\"publisher\":{\"@id\":\"https:\/\/www.pressenza.com\/es\/#organization\"},\"image\":{\"@id\":\"https:\/\/www.pressenza.com\/es\/2020\/04\/cronicas-de-un-desastre-anunciado\/#primaryimage\"},\"thumbnailUrl\":\"https:\/\/www.pressenza.com\/wp-content\/uploads\/2020\/04\/switzerland-4290226_1920.jpg\",\"articleSection\":[\"Contenido Original\",\"Humanismo y Espiritualidad\",\"Opiniones\"],\"inLanguage\":\"es\"},{\"@type\":\"WebPage\",\"@id\":\"https:\/\/www.pressenza.com\/es\/2020\/04\/cronicas-de-un-desastre-anunciado\/\",\"url\":\"https:\/\/www.pressenza.com\/es\/2020\/04\/cronicas-de-un-desastre-anunciado\/\",\"name\":\"Cr\u00f3nicas de un desastre anunciado\",\"isPartOf\":{\"@id\":\"https:\/\/www.pressenza.com\/es\/#website\"},\"primaryImageOfPage\":{\"@id\":\"https:\/\/www.pressenza.com\/es\/2020\/04\/cronicas-de-un-desastre-anunciado\/#primaryimage\"},\"image\":{\"@id\":\"https:\/\/www.pressenza.com\/es\/2020\/04\/cronicas-de-un-desastre-anunciado\/#primaryimage\"},\"thumbnailUrl\":\"https:\/\/www.pressenza.com\/wp-content\/uploads\/2020\/04\/switzerland-4290226_1920.jpg\",\"datePublished\":\"2020-04-18T09:15:51+00:00\",\"dateModified\":\"2020-04-18T09:17:31+00:00\",\"description\":\"Un relato probable, de futuros escenarios en nuestra Historia como especie y como proceso de la vida En distintas ramas del saber y de actividades humanas\",\"breadcrumb\":{\"@id\":\"https:\/\/www.pressenza.com\/es\/2020\/04\/cronicas-de-un-desastre-anunciado\/#breadcrumb\"},\"inLanguage\":\"es\",\"potentialAction\":[{\"@type\":\"ReadAction\",\"target\":[\"https:\/\/www.pressenza.com\/es\/2020\/04\/cronicas-de-un-desastre-anunciado\/\"]}]},{\"@type\":\"ImageObject\",\"inLanguage\":\"es\",\"@id\":\"https:\/\/www.pressenza.com\/es\/2020\/04\/cronicas-de-un-desastre-anunciado\/#primaryimage\",\"url\":\"https:\/\/www.pressenza.com\/wp-content\/uploads\/2020\/04\/switzerland-4290226_1920.jpg\",\"contentUrl\":\"https:\/\/www.pressenza.com\/wp-content\/uploads\/2020\/04\/switzerland-4290226_1920.jpg\",\"width\":1920,\"height\":1280},{\"@type\":\"BreadcrumbList\",\"@id\":\"https:\/\/www.pressenza.com\/es\/2020\/04\/cronicas-de-un-desastre-anunciado\/#breadcrumb\",\"itemListElement\":[{\"@type\":\"ListItem\",\"position\":1,\"name\":\"Accueil\",\"item\":\"https:\/\/www.pressenza.com\/es\/\"},{\"@type\":\"ListItem\",\"position\":2,\"name\":\"Cr\u00f3nicas de un desastre anunciado\"}]},{\"@type\":\"WebSite\",\"@id\":\"https:\/\/www.pressenza.com\/es\/#website\",\"url\":\"https:\/\/www.pressenza.com\/es\/\",\"name\":\"Pressenza\",\"description\":\"International Press Agency\",\"publisher\":{\"@id\":\"https:\/\/www.pressenza.com\/es\/#organization\"},\"potentialAction\":[{\"@type\":\"SearchAction\",\"target\":{\"@type\":\"EntryPoint\",\"urlTemplate\":\"https:\/\/www.pressenza.com\/es\/?s={search_term_string}\"},\"query-input\":{\"@type\":\"PropertyValueSpecification\",\"valueRequired\":true,\"valueName\":\"search_term_string\"}}],\"inLanguage\":\"es\"},{\"@type\":\"Organization\",\"@id\":\"https:\/\/www.pressenza.com\/es\/#organization\",\"name\":\"Pressenza\",\"url\":\"https:\/\/www.pressenza.com\/es\/\",\"logo\":{\"@type\":\"ImageObject\",\"inLanguage\":\"es\",\"@id\":\"https:\/\/www.pressenza.com\/es\/#\/schema\/logo\/image\/\",\"url\":\"https:\/\/www.pressenza.com\/wp-content\/uploads\/2022\/10\/pressenza_logo_200x200.jpg\",\"contentUrl\":\"https:\/\/www.pressenza.com\/wp-content\/uploads\/2022\/10\/pressenza_logo_200x200.jpg\",\"width\":200,\"height\":200,\"caption\":\"Pressenza\"},\"image\":{\"@id\":\"https:\/\/www.pressenza.com\/es\/#\/schema\/logo\/image\/\"},\"sameAs\":[\"https:\/\/www.facebook.com\/PressenzaItalia\",\"https:\/\/x.com\/PressenzaIPA\"]},{\"@type\":\"Person\",\"@id\":\"https:\/\/www.pressenza.com\/es\/#\/schema\/person\/8abc53b92f3264e0dad4300d54ac73ff\",\"name\":\"Redacci\u00f3n Barcelona\",\"description\":\"News published by the Pressenza bureau in Barcelona, Spain\",\"sameAs\":[\"https:\/\/www.facebook.com\/Pressenza-Espaa-647854795301395\/timeline\/\",\"https:\/\/x.com\/pressenza\"],\"url\":\"https:\/\/www.pressenza.com\/es\/author\/redaccion-barcelona\/\"}]}<\/script>\n<!-- \/ Yoast SEO plugin. -->","yoast_head_json":{"title":"Cr\u00f3nicas de un desastre anunciado","description":"Un relato probable, de futuros escenarios en nuestra Historia como especie y como proceso de la vida En distintas ramas del saber y de actividades humanas","robots":{"index":"index","follow":"follow","max-snippet":"max-snippet:-1","max-image-preview":"max-image-preview:large","max-video-preview":"max-video-preview:-1"},"canonical":"https:\/\/www.pressenza.com\/es\/2020\/04\/cronicas-de-un-desastre-anunciado\/","og_locale":"es_ES","og_type":"article","og_title":"Cr\u00f3nicas de un desastre anunciado","og_description":"Un relato probable, de futuros escenarios en nuestra Historia como especie y como proceso de la vida En distintas ramas del saber y de actividades humanas","og_url":"https:\/\/www.pressenza.com\/es\/2020\/04\/cronicas-de-un-desastre-anunciado\/","og_site_name":"Pressenza","article_publisher":"https:\/\/www.facebook.com\/PressenzaItalia","article_author":"https:\/\/www.facebook.com\/Pressenza-Espaa-647854795301395\/timeline\/","article_published_time":"2020-04-18T09:15:51+00:00","article_modified_time":"2020-04-18T09:17:31+00:00","og_image":[{"width":1920,"height":1280,"url":"https:\/\/www.pressenza.com\/wp-content\/uploads\/2020\/04\/switzerland-4290226_1920.jpg","type":"image\/jpeg"}],"author":"Redacci\u00f3n Barcelona","twitter_card":"summary_large_image","twitter_creator":"@pressenza","twitter_site":"@PressenzaIPA","twitter_misc":{"Escrito por":"Redacci\u00f3n Barcelona","Tiempo de lectura":"5 minutos"},"schema":{"@context":"https:\/\/schema.org","@graph":[{"@type":"Article","@id":"https:\/\/www.pressenza.com\/es\/2020\/04\/cronicas-de-un-desastre-anunciado\/#article","isPartOf":{"@id":"https:\/\/www.pressenza.com\/es\/2020\/04\/cronicas-de-un-desastre-anunciado\/"},"author":{"name":"Redacci\u00f3n Barcelona","@id":"https:\/\/www.pressenza.com\/es\/#\/schema\/person\/8abc53b92f3264e0dad4300d54ac73ff"},"headline":"Cr\u00f3nicas de un desastre anunciado","datePublished":"2020-04-18T09:15:51+00:00","dateModified":"2020-04-18T09:17:31+00:00","mainEntityOfPage":{"@id":"https:\/\/www.pressenza.com\/es\/2020\/04\/cronicas-de-un-desastre-anunciado\/"},"wordCount":1052,"publisher":{"@id":"https:\/\/www.pressenza.com\/es\/#organization"},"image":{"@id":"https:\/\/www.pressenza.com\/es\/2020\/04\/cronicas-de-un-desastre-anunciado\/#primaryimage"},"thumbnailUrl":"https:\/\/www.pressenza.com\/wp-content\/uploads\/2020\/04\/switzerland-4290226_1920.jpg","articleSection":["Contenido Original","Humanismo y Espiritualidad","Opiniones"],"inLanguage":"es"},{"@type":"WebPage","@id":"https:\/\/www.pressenza.com\/es\/2020\/04\/cronicas-de-un-desastre-anunciado\/","url":"https:\/\/www.pressenza.com\/es\/2020\/04\/cronicas-de-un-desastre-anunciado\/","name":"Cr\u00f3nicas de un desastre anunciado","isPartOf":{"@id":"https:\/\/www.pressenza.com\/es\/#website"},"primaryImageOfPage":{"@id":"https:\/\/www.pressenza.com\/es\/2020\/04\/cronicas-de-un-desastre-anunciado\/#primaryimage"},"image":{"@id":"https:\/\/www.pressenza.com\/es\/2020\/04\/cronicas-de-un-desastre-anunciado\/#primaryimage"},"thumbnailUrl":"https:\/\/www.pressenza.com\/wp-content\/uploads\/2020\/04\/switzerland-4290226_1920.jpg","datePublished":"2020-04-18T09:15:51+00:00","dateModified":"2020-04-18T09:17:31+00:00","description":"Un relato probable, de futuros escenarios en nuestra Historia como especie y como proceso de la vida En distintas ramas del saber y de actividades humanas","breadcrumb":{"@id":"https:\/\/www.pressenza.com\/es\/2020\/04\/cronicas-de-un-desastre-anunciado\/#breadcrumb"},"inLanguage":"es","potentialAction":[{"@type":"ReadAction","target":["https:\/\/www.pressenza.com\/es\/2020\/04\/cronicas-de-un-desastre-anunciado\/"]}]},{"@type":"ImageObject","inLanguage":"es","@id":"https:\/\/www.pressenza.com\/es\/2020\/04\/cronicas-de-un-desastre-anunciado\/#primaryimage","url":"https:\/\/www.pressenza.com\/wp-content\/uploads\/2020\/04\/switzerland-4290226_1920.jpg","contentUrl":"https:\/\/www.pressenza.com\/wp-content\/uploads\/2020\/04\/switzerland-4290226_1920.jpg","width":1920,"height":1280},{"@type":"BreadcrumbList","@id":"https:\/\/www.pressenza.com\/es\/2020\/04\/cronicas-de-un-desastre-anunciado\/#breadcrumb","itemListElement":[{"@type":"ListItem","position":1,"name":"Accueil","item":"https:\/\/www.pressenza.com\/es\/"},{"@type":"ListItem","position":2,"name":"Cr\u00f3nicas de un desastre anunciado"}]},{"@type":"WebSite","@id":"https:\/\/www.pressenza.com\/es\/#website","url":"https:\/\/www.pressenza.com\/es\/","name":"Pressenza","description":"International Press Agency","publisher":{"@id":"https:\/\/www.pressenza.com\/es\/#organization"},"potentialAction":[{"@type":"SearchAction","target":{"@type":"EntryPoint","urlTemplate":"https:\/\/www.pressenza.com\/es\/?s={search_term_string}"},"query-input":{"@type":"PropertyValueSpecification","valueRequired":true,"valueName":"search_term_string"}}],"inLanguage":"es"},{"@type":"Organization","@id":"https:\/\/www.pressenza.com\/es\/#organization","name":"Pressenza","url":"https:\/\/www.pressenza.com\/es\/","logo":{"@type":"ImageObject","inLanguage":"es","@id":"https:\/\/www.pressenza.com\/es\/#\/schema\/logo\/image\/","url":"https:\/\/www.pressenza.com\/wp-content\/uploads\/2022\/10\/pressenza_logo_200x200.jpg","contentUrl":"https:\/\/www.pressenza.com\/wp-content\/uploads\/2022\/10\/pressenza_logo_200x200.jpg","width":200,"height":200,"caption":"Pressenza"},"image":{"@id":"https:\/\/www.pressenza.com\/es\/#\/schema\/logo\/image\/"},"sameAs":["https:\/\/www.facebook.com\/PressenzaItalia","https:\/\/x.com\/PressenzaIPA"]},{"@type":"Person","@id":"https:\/\/www.pressenza.com\/es\/#\/schema\/person\/8abc53b92f3264e0dad4300d54ac73ff","name":"Redacci\u00f3n Barcelona","description":"News published by the Pressenza bureau in Barcelona, Spain","sameAs":["https:\/\/www.facebook.com\/Pressenza-Espaa-647854795301395\/timeline\/","https:\/\/x.com\/pressenza"],"url":"https:\/\/www.pressenza.com\/es\/author\/redaccion-barcelona\/"}]}},"place":"Juan Carlos Dominguez","original_article_url":"","_links":{"self":[{"href":"https:\/\/www.pressenza.com\/es\/wp-json\/wp\/v2\/posts\/1086565","targetHints":{"allow":["GET"]}}],"collection":[{"href":"https:\/\/www.pressenza.com\/es\/wp-json\/wp\/v2\/posts"}],"about":[{"href":"https:\/\/www.pressenza.com\/es\/wp-json\/wp\/v2\/types\/post"}],"author":[{"embeddable":true,"href":"https:\/\/www.pressenza.com\/es\/wp-json\/wp\/v2\/users\/1122"}],"replies":[{"embeddable":true,"href":"https:\/\/www.pressenza.com\/es\/wp-json\/wp\/v2\/comments?post=1086565"}],"version-history":[{"count":0,"href":"https:\/\/www.pressenza.com\/es\/wp-json\/wp\/v2\/posts\/1086565\/revisions"}],"wp:featuredmedia":[{"embeddable":true,"href":"https:\/\/www.pressenza.com\/es\/wp-json\/wp\/v2\/media\/1086568"}],"wp:attachment":[{"href":"https:\/\/www.pressenza.com\/es\/wp-json\/wp\/v2\/media?parent=1086565"}],"wp:term":[{"taxonomy":"category","embeddable":true,"href":"https:\/\/www.pressenza.com\/es\/wp-json\/wp\/v2\/categories?post=1086565"},{"taxonomy":"post_tag","embeddable":true,"href":"https:\/\/www.pressenza.com\/es\/wp-json\/wp\/v2\/tags?post=1086565"}],"curies":[{"name":"wp","href":"https:\/\/api.w.org\/{rel}","templated":true}]}}