{"id":108583,"date":"2014-05-22T23:58:21","date_gmt":"2014-05-22T22:58:21","guid":{"rendered":"http:\/\/www.pressenza.com\/?p=108583"},"modified":"2014-05-22T23:58:21","modified_gmt":"2014-05-22T22:58:21","slug":"criterios-para-la-reconstruccion-de-lo-publico-en-educacion-en-el-chile-neoliberal-1","status":"publish","type":"post","link":"https:\/\/www.pressenza.com\/es\/2014\/05\/criterios-para-la-reconstruccion-de-lo-publico-en-educacion-en-el-chile-neoliberal-1\/","title":{"rendered":"Criterios para la reconstrucci\u00f3n de lo p\u00fablico en Educaci\u00f3n en el Chile Neoliberal [1]"},"content":{"rendered":"<p style=\"text-align: justify;\">Tras a\u00f1os de movilizaci\u00f3n por la educaci\u00f3n, existe un consenso mayoritario de fortalecer la Educaci\u00f3n P\u00fablica<a title=\"\" href=\"https:\/\/mail.google.com\/mail\/u\/0\/#14624a2cabe8b5ff_14624a057350f119_14620e92e086905c_14620c2b67caad20_14620b79adb363bf_1461a5273db0aea1__ftn2\" name=\"14624a2cabe8b5ff_14624a057350f119_14620e92e086905c_14620c2b67caad20_14620b79adb363bf_1461a5273db0aea1__ftnref2\"><sup><sup>[2]<\/sup><\/sup><\/a>. Sin embargo, este desaf\u00edo se enfrenta a d\u00e9cadas de desarticulaci\u00f3n te\u00f3rica y material de lo que entendemos por \u201clo p\u00fablico\u201d.<\/p>\n<p style=\"text-align: justify;\">Durante este a\u00f1o, se han sucedido intentos desde los partidos pol\u00edticos, investigadores y, sobre todo, de representantes de intereses corporativos, de proponer criterios para caracterizar lo p\u00fablico en educaci\u00f3n, limitando el debate a identificar cu\u00e1les son las instituciones de educaci\u00f3n superior que deben ser financiadas por el Estado.<\/p>\n<p style=\"text-align: justify;\">En la b\u00fasqueda de dar una perspectiva amplia, que supere la l\u00f3gica corporativista, hemos elaborado este documento con el desaf\u00edo de proponer criterios que enriquezcan el sentido de lo p\u00fablico en el actual sistema educativo chileno, mercantilizado, tras 30 a\u00f1os de profundas reformas neoliberales.<\/p>\n<p style=\"text-align: justify;\">Esta situaci\u00f3n se expresa en un sistema educativo desigual, segmentado, y altamente privatizado, con una importante presencia de grupos econ\u00f3micos corporativos nacionales y transnacionales<a title=\"\" href=\"https:\/\/mail.google.com\/mail\/u\/0\/#14624a2cabe8b5ff_14624a057350f119_14620e92e086905c_14620c2b67caad20_14620b79adb363bf_1461a5273db0aea1__ftn3\" name=\"14624a2cabe8b5ff_14624a057350f119_14620e92e086905c_14620c2b67caad20_14620b79adb363bf_1461a5273db0aea1__ftnref3\"><sup><sup>[3]<\/sup><\/sup><\/a>. El sentido de la educaci\u00f3n se ha visto mediado por los intereses privados de lobistas, sostenedores, consultoras, mercado de asesor\u00edas y capacitaciones, e\u00a0 inversionistas. Como resultado, enfrentamos un discurso y una pr\u00e1ctica educativa que est\u00e1n plenamente contaminadas por las l\u00f3gicas mercantiles.<\/p>\n<p style=\"text-align: justify;\">El presente documento se ha elaborado con la participaci\u00f3n de diversos actores educativos, quienes en conjunto, han establecido cu\u00e1les son los criterios que permitan definir la Educaci\u00f3n P\u00fablica, proyectando una perspectiva en construcci\u00f3n, distinta a la precariedad neoliberal en el cual ha estado situado (inmerso) el modelo educativo en las \u00faltimas tres d\u00e9cadas.<\/p>\n<p style=\"text-align: justify;\"><b><i>El desaf\u00edo de reconstruir lo p\u00fablico hoy<\/i><\/b><\/p>\n<p style=\"text-align: justify;\">En este escenario educativo, el m\u00e1s privatizado y mercantilizado en el mundo, la reconstrucci\u00f3n de lo p\u00fablico requiere altas dosis de creatividad colectiva en la lucha de los movimientos sociales, por medio de un trabajo permanente y de largo alcance.<\/p>\n<p style=\"text-align: justify;\">Fortalecer la educaci\u00f3n p\u00fablica requiere transformar el Estado \u201cneoliberalizado\u201d,\u00a0 mediante un proceso dial\u00f3gico, org\u00e1nico, participativo y democr\u00e1tico con las comunidades. Asimismo, es importante destacar que la Educaci\u00f3n P\u00fablica no s\u00f3lo la constituyen las alternativas formales institucionalizadas, sino tambi\u00e9n las experiencias educativas no formales de alternativas locales, comunitarias y\u00a0 populares.<\/p>\n<p style=\"text-align: justify;\"><b><i>Principios que deben articular a la Educaci\u00f3n P\u00fablica<\/i><\/b><\/p>\n<p style=\"text-align: justify;\">En esta l\u00ednea, una definici\u00f3n de la Educaci\u00f3n P\u00fablica, a largo plazo, implica necesariamente apuntar hacia los siguientes principios:<\/p>\n<p style=\"text-align: justify;\">1.\u00a0\u00a0\u00a0\u00a0\u00a0 La Educaci\u00f3n P\u00fablica no es s\u00f3lo un derecho fundamental, sino que tambi\u00e9n es universal. La Educaci\u00f3n P\u00fablica es opuesta a la idea de la Educaci\u00f3n como un servicio y\/o bien de consumo.<\/p>\n<p style=\"text-align: justify;\">2.\u00a0\u00a0\u00a0\u00a0\u00a0 La Educaci\u00f3n P\u00fablica responde a un derecho social com\u00fan a todos, por lo tanto, no es s\u00f3lo individual. Esto conlleva transformar la l\u00f3gica de la competencia, tal como promueve el modelo neoliberal actual y fortalecer una formaci\u00f3n (institucionalidad) de tipo colaborativa y solidaria.<\/p>\n<p style=\"text-align: justify;\">3.\u00a0\u00a0\u00a0\u00a0\u00a0 La Educaci\u00f3n P\u00fablica est\u00e1 orientada por las necesidades de las grandes mayor\u00edas sociales: por definici\u00f3n, la Educaci\u00f3n P\u00fablica re\u00fane a los intereses de todos y todas. Debe instaurarse un sistema educativo nacional, transversal y articulado que incida en la formaci\u00f3n de todos los chilenos y chilenas, que dialogue con las particularidades de los contextos y los intereses de las comunidades.<\/p>\n<p style=\"text-align: justify;\">4.\u00a0\u00a0\u00a0\u00a0\u00a0 La Educaci\u00f3n P\u00fablica es abierta para todos y todas: es incompatible con la Educaci\u00f3n de car\u00e1cter selectivo; por lo tanto, es inclusiva en un sentido amplio.<\/p>\n<p style=\"text-align: justify;\">5.\u00a0\u00a0\u00a0\u00a0\u00a0 La Educaci\u00f3n P\u00fablica es gratuita: cualquier alternativa que signifique un cobro al educando o a las familias, le quita su sentido p\u00fablico, ya que pone barreras a su acceso y segmenta seg\u00fan qui\u00e9n puede pagar dicha educaci\u00f3n.<\/p>\n<p style=\"text-align: justify;\">6.\u00a0\u00a0\u00a0\u00a0\u00a0 La Educaci\u00f3n P\u00fablica implica participaci\u00f3n, democracia y control comunitario. Conlleva un ejercicio de deliberaci\u00f3n activa y toma de decisiones por parte de las comunidades. Los actores educativos deben tener injerencia en la definici\u00f3n de las finalidades educativas, el desarrollo curricular, y la gesti\u00f3n administrativa y presupuestaria.<\/p>\n<p style=\"text-align: justify;\">7.\u00a0\u00a0\u00a0\u00a0\u00a0 La Educaci\u00f3n P\u00fablica desarrolla capacidades para el ejercicio de\u00a0 ciudadan\u00eda y participaci\u00f3n. Se basa en la formaci\u00f3n sujetos cr\u00edticos como fundamento de una sociedad en constante cambio.<\/p>\n<p style=\"text-align: justify;\">8.\u00a0\u00a0\u00a0\u00a0\u00a0 La Educaci\u00f3n P\u00fablica debe generar cohesi\u00f3n social. Esto significa que la diversidad le es consustancial. El Estado debe fijar condiciones y criterios para el funcionamiento de proyectos educativos,\u00a0 en la l\u00ednea de generar\u00a0 condiciones que valoren\u00a0 la diversidad y la inclusi\u00f3n socioeducativa.<\/p>\n<p style=\"text-align: justify;\">9.\u00a0\u00a0\u00a0\u00a0\u00a0 La Educaci\u00f3n P\u00fablica se adapta a cada contexto local, a trav\u00e9s de la participaci\u00f3n de las comunidades. Tiene un car\u00e1cter situado y pertinente a las necesidades de las comunidades educativas.<\/p>\n<p style=\"text-align: justify;\">10.\u00a0 \u00a0Para avanzar en la construcci\u00f3n de un proyecto educativo en el pa\u00eds, los fines de la Educaci\u00f3n P\u00fablica deben ser construidos deliberada, democr\u00e1tica y fundamentadamente, a nivel nacional y local. Estos fines se van replanteando continuamente, por lo tanto, requiere\u00a0\u00a0 que las mayor\u00edas y las comunidades debatan su sentido.<\/p>\n<p style=\"text-align: justify;\">11.\u00a0 La Educaci\u00f3n P\u00fablica no puede tener propietarios\/sostenedores, porque no responde a fines particulares, sino a\u00a0 intereses colectivos. Adem\u00e1s, no debe estar bajo el control y la influencia de los poderosos grupos econ\u00f3micos, esto atenta contra la democracia y la libertad de los ciudadanos.<\/p>\n<p style=\"text-align: justify;\">12.\u00a0 La Educaci\u00f3n P\u00fablica es laica y pluralista. Se sostiene en proyectos colectivos, por lo cual es incompatible con proyectos educativos particulares.<\/p>\n<p style=\"text-align: justify;\"><b><i>Algunas medidas a corto plazo para fortalecer la Educaci\u00f3n P\u00fablica<\/i><\/b><b>:<\/b><\/p>\n<p style=\"text-align: justify;\">Los principios antes propuestos son de largo alcance. Por lo mismo, no podemos olvidar las medidas que permitan avanzar en la\u00a0 reconstrucci\u00f3n de lo p\u00fablico en educaci\u00f3n hoy.<\/p>\n<p style=\"text-align: justify;\">Es importante tener en consideraci\u00f3n que todo tipo de transformaci\u00f3n al sistema actual est\u00e1 mediado por los intereses de los grupos pol\u00edticos, religiosos y empresariales; por ello, cualquier anuncio o medida gubernamental debe ser analizada cr\u00edticamente en sus efectos reales m\u00e1s que en su intencionalidad discursiva.<\/p>\n<p style=\"text-align: justify;\">Algunas medidas factibles a corto plazo, porque no requieren cambios constitucionales, que podr\u00edan contribuir a iniciar la modificaci\u00f3n del car\u00e1cter mercantil y privatizado de la educaci\u00f3n son:<\/p>\n<p style=\"text-align: justify;\">1.\u00a0\u00a0\u00a0\u00a0\u00a0 Eliminar la selecci\u00f3n educacional en todas sus formas y en todos sus niveles.<\/p>\n<p style=\"text-align: justify;\">2.\u00a0\u00a0\u00a0\u00a0\u00a0 Acabar definitivamente con la prueba SIMCE obligatoria para todos los colegios y con el ranking de puntajes por escuelas.<\/p>\n<p style=\"text-align: justify;\">3.\u00a0\u00a0\u00a0\u00a0\u00a0 Aumentar el financiamiento a las instituciones educativas p\u00fablicas y cambiar el modelo de gesti\u00f3n de los recursos.<\/p>\n<p style=\"text-align: justify;\">4.\u00a0\u00a0\u00a0\u00a0\u00a0 Desmunicipalizaci\u00f3n sin privatizaci\u00f3n y con participaci\u00f3n de las comunidades.<\/p>\n<p style=\"text-align: justify;\">5.\u00a0\u00a0\u00a0\u00a0\u00a0 Propiciar las condiciones para aumentar la matr\u00edcula en instituciones educativas p\u00fablicas.<\/p>\n<p style=\"text-align: justify;\">6.\u00a0\u00a0\u00a0\u00a0\u00a0 Derogar o modificar las normativas que inhiben la participaci\u00f3n resolutiva de los actores en las instituciones educativas.<\/p>\n<p style=\"text-align: justify;\">7.\u00a0\u00a0\u00a0\u00a0\u00a0 Mejorar las condiciones materiales de las instituciones educativas p\u00fablicas y fortalecer las condiciones laborales de los docentes y trabajadores de la Educaci\u00f3n en general.<\/p>\n<p style=\"text-align: justify;\">Esperamos que los principios se\u00f1alados sirvan como insumo a las discusiones por venir y que permitan estar atentos a la contingencia educativa, para promover los cambios profundos que requiere la Educaci\u00f3n en Chile. Invitamos a las y los actores sociales y educativos a deliberar en forma conjunta sobre el sentido y las condiciones para reconstruir la Educaci\u00f3n P\u00fablica, para que sean las grandes mayor\u00edas, y no los intereses particulares, los que impulsen las transformaciones que se necesitan para romper con la mercantilizaci\u00f3n y privatizaci\u00f3n de la educaci\u00f3n.<\/p>\n<p style=\"text-align: justify;\">Notas:<\/p>\n<p style=\"text-align: justify;\">[1] Este documento se produce a partir del Seminario-Taller: \u201cCriterios para reconstruir la Educaci\u00f3n P\u00fablica en el Chile Neoliberal\u201d convocado por el Observatorio Chileno de Pol\u00edticas Educativas (OPECH)\u00a0 y el Foro por el Derecho a la Educaci\u00f3n; Paula Cabrera, vocera, y representantes ACES ; Juan Williams, CEFECH; Diego Parra y Estibhaliz Backit, Cooperativa de Trabajadores Centro Alerta; Miguel Caro, Departamento de Educaci\u00f3n Universidad ARCIS; Eric Silva, Corriente Popular de Educaci\u00f3n; Dar\u00edo V\u00e1squez, Colegio de Profesores; \u00c1ngel Saldomando, economista y soci\u00f3logo; Marcos Cuevas, Plataforma Nexos; Jorge Vergara, y Andrea Valdivia, acad\u00e9micos de la Universidad de Chile; Vilma Tapia, ANDIME; Carlos Rodr\u00edguez, y Joel Chodil, CONFEMUCH. Por parte de OPECH participaron, Sebasti\u00e1n Lig\u00fce\u00f1o, Jes\u00fas Redondo, Jenny Assa\u00e9l, Natalia Albornoz, Patricio L\u00f3pez, Rodrigo Cornejo, Mario Sobarzo; y Juan Gonz\u00e1lez, Rodrigo S\u00e1nchez, Erick Valenzuela (Foro y OPECH). A nombre del Foro por el Derecho a la Educaci\u00f3n participaron, Ren\u00e9 Varas, Graciela Mu\u00f1oz, Patricio V\u00e9jar.<\/p>\n<p style=\"text-align: justify;\"><sup>2<\/sup> Para este punto, ver propuesta ACES \u201cPor la Educaci\u00f3n que queremos\u201d (2011)<a href=\"http:\/\/www.opech.cl\/comunicaciones\/2012\/05\/aces_final.pdf\" target=\"_blank\">http:\/\/www.opech.cl\/<wbr \/>comunicaciones\/2012\/05\/aces_<wbr \/>final.pdf<\/a>\u00a0 , las \u201cPropuestas para establecer un Sistema Educacional P\u00fablico para las mayor\u00edas ciudadanas\u201d de la Mancomunal del Pensamiento Cr\u00edtico (2010)<a href=\"http:\/\/www.opech.cl\/inv\/analisis\/propuestas_mancomunal_opech.pdf\" target=\"_blank\">http:\/\/www.opech.cl\/inv\/<wbr \/>analisis\/propuestas_<wbr \/>mancomunal_opech.pdf<\/a>,\u00a0 la \u201cS\u00edntesis de propuestas de transformaci\u00f3n democr\u00e1tica del sistema educativo y fortalecimiento de la Educaci\u00f3n P\u00fablica\u201d del Bloque Social por la Educaci\u00f3n (2008)<a href=\"http:\/\/www.opech.cl\/editoriales\/2008_09\/2008_09_13_seminario_taller.pdf\" target=\"_blank\">http:\/\/www.opech.cl\/<wbr \/>editoriales\/2008_09\/2008_09_<wbr \/>13_seminario_taller.pdf<\/a> , Congreso Nacional de Educaci\u00f3n (2009)<a href=\"http:\/\/www.revistadocencia.cl\/pdf\/20100730201333.pdf\" target=\"_blank\">http:\/\/www.<wbr \/>revistadocencia.cl\/pdf\/<wbr \/>20100730201333.pdf<\/a> y el Congreso Curricular del Colegio de Profesores (2005)<a href=\"http:\/\/www.revistadocencia.cl\/pdf\/20100830035248.pdf\" target=\"_blank\">http:\/\/www.<wbr \/>revistadocencia.cl\/pdf\/<wbr \/>20100830035248.pdf<\/a> , entre otras propuestas<\/p>\n<p style=\"text-align: justify;\"><sup>3<\/sup> Un ejemplo de esto lo constituye la matr\u00edcula en Educaci\u00f3n P\u00fablica al a\u00f1o 2012, que alcanza al 39%, siendo mayor\u00eda la matr\u00edcula particular subvencionada con un 53%. Por otra parte son m\u00e1s de 864 escuelas municipales cerradas en los \u00faltimos 20 a\u00f1os <a href=\"http:\/\/educacionparatodos.cl\/wp\/?attachment_id=2394\" target=\"_blank\">http:\/\/educacionparatodos.cl\/<wbr \/>wp\/?attachment_id=2394<\/a><\/p>\n<p style=\"text-align: justify;\">\n","protected":false},"excerpt":{"rendered":"<p>Tras a\u00f1os de movilizaci\u00f3n por la educaci\u00f3n, existe un consenso mayoritario de fortalecer la Educaci\u00f3n P\u00fablica[2]. Sin embargo, este desaf\u00edo se enfrenta a d\u00e9cadas de desarticulaci\u00f3n te\u00f3rica y material de lo que entendemos por \u201clo p\u00fablico\u201d. Durante este a\u00f1o, se&hellip;<\/p>\n","protected":false},"author":43,"featured_media":106431,"comment_status":"closed","ping_status":"open","sticky":false,"template":"","format":"standard","meta":{"footnotes":""},"categories":[1230,161,67],"tags":[],"class_list":["post-108583","post","type-post","status-publish","format-standard","has-post-thumbnail","hentry","category-educacion-tema","category-opiniones","category-sudamerica"],"yoast_head":"<!-- This site is optimized with the Yoast SEO plugin v27.1.1 - https:\/\/yoast.com\/product\/yoast-seo-wordpress\/ -->\n<title>Criterios para la reconstrucci\u00f3n de lo p\u00fablico en Educaci\u00f3n en el Chile Neoliberal [1]<\/title>\n<meta name=\"description\" content=\"Tras a\u00f1os de movilizaci\u00f3n por la educaci\u00f3n, existe un consenso mayoritario de fortalecer la Educaci\u00f3n P\u00fablica. Sin embargo, este desaf\u00edo se enfrenta a\" \/>\n<meta name=\"robots\" content=\"index, follow, max-snippet:-1, max-image-preview:large, max-video-preview:-1\" \/>\n<link rel=\"canonical\" href=\"https:\/\/www.pressenza.com\/es\/2014\/05\/criterios-para-la-reconstruccion-de-lo-publico-en-educacion-en-el-chile-neoliberal-1\/\" \/>\n<meta property=\"og:locale\" content=\"es_ES\" \/>\n<meta property=\"og:type\" content=\"article\" \/>\n<meta property=\"og:title\" content=\"Criterios para la reconstrucci\u00f3n de lo p\u00fablico en Educaci\u00f3n en el Chile Neoliberal [1]\" \/>\n<meta property=\"og:description\" content=\"Tras a\u00f1os de movilizaci\u00f3n por la educaci\u00f3n, existe un consenso mayoritario de fortalecer la Educaci\u00f3n P\u00fablica. Sin embargo, este desaf\u00edo se enfrenta a\" \/>\n<meta property=\"og:url\" content=\"https:\/\/www.pressenza.com\/es\/2014\/05\/criterios-para-la-reconstruccion-de-lo-publico-en-educacion-en-el-chile-neoliberal-1\/\" \/>\n<meta property=\"og:site_name\" content=\"Pressenza\" \/>\n<meta property=\"article:publisher\" content=\"https:\/\/www.facebook.com\/PressenzaItalia\" \/>\n<meta property=\"article:author\" content=\"https:\/\/www.facebook.com\/pressenza\" \/>\n<meta property=\"article:published_time\" content=\"2014-05-22T22:58:21+00:00\" \/>\n<meta property=\"og:image\" content=\"https:\/\/www.pressenza.com\/wp-content\/uploads\/2014\/05\/MG_1171.jpg\" \/>\n\t<meta property=\"og:image:width\" content=\"3504\" \/>\n\t<meta property=\"og:image:height\" content=\"2336\" \/>\n\t<meta property=\"og:image:type\" content=\"image\/jpeg\" \/>\n<meta name=\"author\" content=\"Redacci\u00f3n Chile\" \/>\n<meta name=\"twitter:card\" content=\"summary_large_image\" \/>\n<meta name=\"twitter:creator\" content=\"@pressenza\" \/>\n<meta name=\"twitter:site\" content=\"@PressenzaIPA\" \/>\n<meta name=\"twitter:label1\" content=\"Escrito por\" \/>\n\t<meta name=\"twitter:data1\" content=\"Redacci\u00f3n Chile\" \/>\n\t<meta name=\"twitter:label2\" content=\"Tiempo de lectura\" \/>\n\t<meta name=\"twitter:data2\" content=\"8 minutos\" \/>\n<script type=\"application\/ld+json\" class=\"yoast-schema-graph\">{\"@context\":\"https:\/\/schema.org\",\"@graph\":[{\"@type\":\"Article\",\"@id\":\"https:\/\/www.pressenza.com\/es\/2014\/05\/criterios-para-la-reconstruccion-de-lo-publico-en-educacion-en-el-chile-neoliberal-1\/#article\",\"isPartOf\":{\"@id\":\"https:\/\/www.pressenza.com\/es\/2014\/05\/criterios-para-la-reconstruccion-de-lo-publico-en-educacion-en-el-chile-neoliberal-1\/\"},\"author\":{\"name\":\"Redacci\u00f3n Chile\",\"@id\":\"https:\/\/www.pressenza.com\/es\/#\/schema\/person\/d7db40df35d6698ba69ba9ee260944ed\"},\"headline\":\"Criterios para la reconstrucci\u00f3n de lo p\u00fablico en Educaci\u00f3n en el Chile Neoliberal [1]\",\"datePublished\":\"2014-05-22T22:58:21+00:00\",\"mainEntityOfPage\":{\"@id\":\"https:\/\/www.pressenza.com\/es\/2014\/05\/criterios-para-la-reconstruccion-de-lo-publico-en-educacion-en-el-chile-neoliberal-1\/\"},\"wordCount\":1639,\"publisher\":{\"@id\":\"https:\/\/www.pressenza.com\/es\/#organization\"},\"image\":{\"@id\":\"https:\/\/www.pressenza.com\/es\/2014\/05\/criterios-para-la-reconstruccion-de-lo-publico-en-educacion-en-el-chile-neoliberal-1\/#primaryimage\"},\"thumbnailUrl\":\"https:\/\/www.pressenza.com\/wp-content\/uploads\/2014\/05\/MG_1171.jpg\",\"articleSection\":[\"Educaci\u00f3n\",\"Opiniones\",\"Sudam\u00e9rica\"],\"inLanguage\":\"es\"},{\"@type\":\"WebPage\",\"@id\":\"https:\/\/www.pressenza.com\/es\/2014\/05\/criterios-para-la-reconstruccion-de-lo-publico-en-educacion-en-el-chile-neoliberal-1\/\",\"url\":\"https:\/\/www.pressenza.com\/es\/2014\/05\/criterios-para-la-reconstruccion-de-lo-publico-en-educacion-en-el-chile-neoliberal-1\/\",\"name\":\"Criterios para la reconstrucci\u00f3n de lo p\u00fablico en Educaci\u00f3n en el Chile Neoliberal [1]\",\"isPartOf\":{\"@id\":\"https:\/\/www.pressenza.com\/es\/#website\"},\"primaryImageOfPage\":{\"@id\":\"https:\/\/www.pressenza.com\/es\/2014\/05\/criterios-para-la-reconstruccion-de-lo-publico-en-educacion-en-el-chile-neoliberal-1\/#primaryimage\"},\"image\":{\"@id\":\"https:\/\/www.pressenza.com\/es\/2014\/05\/criterios-para-la-reconstruccion-de-lo-publico-en-educacion-en-el-chile-neoliberal-1\/#primaryimage\"},\"thumbnailUrl\":\"https:\/\/www.pressenza.com\/wp-content\/uploads\/2014\/05\/MG_1171.jpg\",\"datePublished\":\"2014-05-22T22:58:21+00:00\",\"description\":\"Tras a\u00f1os de movilizaci\u00f3n por la educaci\u00f3n, existe un consenso mayoritario de fortalecer la Educaci\u00f3n P\u00fablica. Sin embargo, este desaf\u00edo se enfrenta a\",\"breadcrumb\":{\"@id\":\"https:\/\/www.pressenza.com\/es\/2014\/05\/criterios-para-la-reconstruccion-de-lo-publico-en-educacion-en-el-chile-neoliberal-1\/#breadcrumb\"},\"inLanguage\":\"es\",\"potentialAction\":[{\"@type\":\"ReadAction\",\"target\":[\"https:\/\/www.pressenza.com\/es\/2014\/05\/criterios-para-la-reconstruccion-de-lo-publico-en-educacion-en-el-chile-neoliberal-1\/\"]}]},{\"@type\":\"ImageObject\",\"inLanguage\":\"es\",\"@id\":\"https:\/\/www.pressenza.com\/es\/2014\/05\/criterios-para-la-reconstruccion-de-lo-publico-en-educacion-en-el-chile-neoliberal-1\/#primaryimage\",\"url\":\"https:\/\/www.pressenza.com\/wp-content\/uploads\/2014\/05\/MG_1171.jpg\",\"contentUrl\":\"https:\/\/www.pressenza.com\/wp-content\/uploads\/2014\/05\/MG_1171.jpg\",\"width\":3504,\"height\":2336},{\"@type\":\"BreadcrumbList\",\"@id\":\"https:\/\/www.pressenza.com\/es\/2014\/05\/criterios-para-la-reconstruccion-de-lo-publico-en-educacion-en-el-chile-neoliberal-1\/#breadcrumb\",\"itemListElement\":[{\"@type\":\"ListItem\",\"position\":1,\"name\":\"Accueil\",\"item\":\"https:\/\/www.pressenza.com\/es\/\"},{\"@type\":\"ListItem\",\"position\":2,\"name\":\"Criterios para la reconstrucci\u00f3n de lo p\u00fablico en Educaci\u00f3n en el Chile Neoliberal [1]\"}]},{\"@type\":\"WebSite\",\"@id\":\"https:\/\/www.pressenza.com\/es\/#website\",\"url\":\"https:\/\/www.pressenza.com\/es\/\",\"name\":\"Pressenza\",\"description\":\"International Press Agency\",\"publisher\":{\"@id\":\"https:\/\/www.pressenza.com\/es\/#organization\"},\"potentialAction\":[{\"@type\":\"SearchAction\",\"target\":{\"@type\":\"EntryPoint\",\"urlTemplate\":\"https:\/\/www.pressenza.com\/es\/?s={search_term_string}\"},\"query-input\":{\"@type\":\"PropertyValueSpecification\",\"valueRequired\":true,\"valueName\":\"search_term_string\"}}],\"inLanguage\":\"es\"},{\"@type\":\"Organization\",\"@id\":\"https:\/\/www.pressenza.com\/es\/#organization\",\"name\":\"Pressenza\",\"url\":\"https:\/\/www.pressenza.com\/es\/\",\"logo\":{\"@type\":\"ImageObject\",\"inLanguage\":\"es\",\"@id\":\"https:\/\/www.pressenza.com\/es\/#\/schema\/logo\/image\/\",\"url\":\"https:\/\/www.pressenza.com\/wp-content\/uploads\/2022\/10\/pressenza_logo_200x200.jpg\",\"contentUrl\":\"https:\/\/www.pressenza.com\/wp-content\/uploads\/2022\/10\/pressenza_logo_200x200.jpg\",\"width\":200,\"height\":200,\"caption\":\"Pressenza\"},\"image\":{\"@id\":\"https:\/\/www.pressenza.com\/es\/#\/schema\/logo\/image\/\"},\"sameAs\":[\"https:\/\/www.facebook.com\/PressenzaItalia\",\"https:\/\/x.com\/PressenzaIPA\"]},{\"@type\":\"Person\",\"@id\":\"https:\/\/www.pressenza.com\/es\/#\/schema\/person\/d7db40df35d6698ba69ba9ee260944ed\",\"name\":\"Redacci\u00f3n Chile\",\"description\":\"News from the Pressenza Bureau in Chile\",\"sameAs\":[\"https:\/\/www.facebook.com\/pressenza\",\"https:\/\/x.com\/pressenza\"],\"url\":\"https:\/\/www.pressenza.com\/es\/author\/redaccion-chile\/\"}]}<\/script>\n<!-- \/ Yoast SEO plugin. -->","yoast_head_json":{"title":"Criterios para la reconstrucci\u00f3n de lo p\u00fablico en Educaci\u00f3n en el Chile Neoliberal [1]","description":"Tras a\u00f1os de movilizaci\u00f3n por la educaci\u00f3n, existe un consenso mayoritario de fortalecer la Educaci\u00f3n P\u00fablica. Sin embargo, este desaf\u00edo se enfrenta a","robots":{"index":"index","follow":"follow","max-snippet":"max-snippet:-1","max-image-preview":"max-image-preview:large","max-video-preview":"max-video-preview:-1"},"canonical":"https:\/\/www.pressenza.com\/es\/2014\/05\/criterios-para-la-reconstruccion-de-lo-publico-en-educacion-en-el-chile-neoliberal-1\/","og_locale":"es_ES","og_type":"article","og_title":"Criterios para la reconstrucci\u00f3n de lo p\u00fablico en Educaci\u00f3n en el Chile Neoliberal [1]","og_description":"Tras a\u00f1os de movilizaci\u00f3n por la educaci\u00f3n, existe un consenso mayoritario de fortalecer la Educaci\u00f3n P\u00fablica. Sin embargo, este desaf\u00edo se enfrenta a","og_url":"https:\/\/www.pressenza.com\/es\/2014\/05\/criterios-para-la-reconstruccion-de-lo-publico-en-educacion-en-el-chile-neoliberal-1\/","og_site_name":"Pressenza","article_publisher":"https:\/\/www.facebook.com\/PressenzaItalia","article_author":"https:\/\/www.facebook.com\/pressenza","article_published_time":"2014-05-22T22:58:21+00:00","og_image":[{"width":3504,"height":2336,"url":"https:\/\/www.pressenza.com\/wp-content\/uploads\/2014\/05\/MG_1171.jpg","type":"image\/jpeg"}],"author":"Redacci\u00f3n Chile","twitter_card":"summary_large_image","twitter_creator":"@pressenza","twitter_site":"@PressenzaIPA","twitter_misc":{"Escrito por":"Redacci\u00f3n Chile","Tiempo de lectura":"8 minutos"},"schema":{"@context":"https:\/\/schema.org","@graph":[{"@type":"Article","@id":"https:\/\/www.pressenza.com\/es\/2014\/05\/criterios-para-la-reconstruccion-de-lo-publico-en-educacion-en-el-chile-neoliberal-1\/#article","isPartOf":{"@id":"https:\/\/www.pressenza.com\/es\/2014\/05\/criterios-para-la-reconstruccion-de-lo-publico-en-educacion-en-el-chile-neoliberal-1\/"},"author":{"name":"Redacci\u00f3n Chile","@id":"https:\/\/www.pressenza.com\/es\/#\/schema\/person\/d7db40df35d6698ba69ba9ee260944ed"},"headline":"Criterios para la reconstrucci\u00f3n de lo p\u00fablico en Educaci\u00f3n en el Chile Neoliberal [1]","datePublished":"2014-05-22T22:58:21+00:00","mainEntityOfPage":{"@id":"https:\/\/www.pressenza.com\/es\/2014\/05\/criterios-para-la-reconstruccion-de-lo-publico-en-educacion-en-el-chile-neoliberal-1\/"},"wordCount":1639,"publisher":{"@id":"https:\/\/www.pressenza.com\/es\/#organization"},"image":{"@id":"https:\/\/www.pressenza.com\/es\/2014\/05\/criterios-para-la-reconstruccion-de-lo-publico-en-educacion-en-el-chile-neoliberal-1\/#primaryimage"},"thumbnailUrl":"https:\/\/www.pressenza.com\/wp-content\/uploads\/2014\/05\/MG_1171.jpg","articleSection":["Educaci\u00f3n","Opiniones","Sudam\u00e9rica"],"inLanguage":"es"},{"@type":"WebPage","@id":"https:\/\/www.pressenza.com\/es\/2014\/05\/criterios-para-la-reconstruccion-de-lo-publico-en-educacion-en-el-chile-neoliberal-1\/","url":"https:\/\/www.pressenza.com\/es\/2014\/05\/criterios-para-la-reconstruccion-de-lo-publico-en-educacion-en-el-chile-neoliberal-1\/","name":"Criterios para la reconstrucci\u00f3n de lo p\u00fablico en Educaci\u00f3n en el Chile Neoliberal [1]","isPartOf":{"@id":"https:\/\/www.pressenza.com\/es\/#website"},"primaryImageOfPage":{"@id":"https:\/\/www.pressenza.com\/es\/2014\/05\/criterios-para-la-reconstruccion-de-lo-publico-en-educacion-en-el-chile-neoliberal-1\/#primaryimage"},"image":{"@id":"https:\/\/www.pressenza.com\/es\/2014\/05\/criterios-para-la-reconstruccion-de-lo-publico-en-educacion-en-el-chile-neoliberal-1\/#primaryimage"},"thumbnailUrl":"https:\/\/www.pressenza.com\/wp-content\/uploads\/2014\/05\/MG_1171.jpg","datePublished":"2014-05-22T22:58:21+00:00","description":"Tras a\u00f1os de movilizaci\u00f3n por la educaci\u00f3n, existe un consenso mayoritario de fortalecer la Educaci\u00f3n P\u00fablica. Sin embargo, este desaf\u00edo se enfrenta a","breadcrumb":{"@id":"https:\/\/www.pressenza.com\/es\/2014\/05\/criterios-para-la-reconstruccion-de-lo-publico-en-educacion-en-el-chile-neoliberal-1\/#breadcrumb"},"inLanguage":"es","potentialAction":[{"@type":"ReadAction","target":["https:\/\/www.pressenza.com\/es\/2014\/05\/criterios-para-la-reconstruccion-de-lo-publico-en-educacion-en-el-chile-neoliberal-1\/"]}]},{"@type":"ImageObject","inLanguage":"es","@id":"https:\/\/www.pressenza.com\/es\/2014\/05\/criterios-para-la-reconstruccion-de-lo-publico-en-educacion-en-el-chile-neoliberal-1\/#primaryimage","url":"https:\/\/www.pressenza.com\/wp-content\/uploads\/2014\/05\/MG_1171.jpg","contentUrl":"https:\/\/www.pressenza.com\/wp-content\/uploads\/2014\/05\/MG_1171.jpg","width":3504,"height":2336},{"@type":"BreadcrumbList","@id":"https:\/\/www.pressenza.com\/es\/2014\/05\/criterios-para-la-reconstruccion-de-lo-publico-en-educacion-en-el-chile-neoliberal-1\/#breadcrumb","itemListElement":[{"@type":"ListItem","position":1,"name":"Accueil","item":"https:\/\/www.pressenza.com\/es\/"},{"@type":"ListItem","position":2,"name":"Criterios para la reconstrucci\u00f3n de lo p\u00fablico en Educaci\u00f3n en el Chile Neoliberal [1]"}]},{"@type":"WebSite","@id":"https:\/\/www.pressenza.com\/es\/#website","url":"https:\/\/www.pressenza.com\/es\/","name":"Pressenza","description":"International Press Agency","publisher":{"@id":"https:\/\/www.pressenza.com\/es\/#organization"},"potentialAction":[{"@type":"SearchAction","target":{"@type":"EntryPoint","urlTemplate":"https:\/\/www.pressenza.com\/es\/?s={search_term_string}"},"query-input":{"@type":"PropertyValueSpecification","valueRequired":true,"valueName":"search_term_string"}}],"inLanguage":"es"},{"@type":"Organization","@id":"https:\/\/www.pressenza.com\/es\/#organization","name":"Pressenza","url":"https:\/\/www.pressenza.com\/es\/","logo":{"@type":"ImageObject","inLanguage":"es","@id":"https:\/\/www.pressenza.com\/es\/#\/schema\/logo\/image\/","url":"https:\/\/www.pressenza.com\/wp-content\/uploads\/2022\/10\/pressenza_logo_200x200.jpg","contentUrl":"https:\/\/www.pressenza.com\/wp-content\/uploads\/2022\/10\/pressenza_logo_200x200.jpg","width":200,"height":200,"caption":"Pressenza"},"image":{"@id":"https:\/\/www.pressenza.com\/es\/#\/schema\/logo\/image\/"},"sameAs":["https:\/\/www.facebook.com\/PressenzaItalia","https:\/\/x.com\/PressenzaIPA"]},{"@type":"Person","@id":"https:\/\/www.pressenza.com\/es\/#\/schema\/person\/d7db40df35d6698ba69ba9ee260944ed","name":"Redacci\u00f3n Chile","description":"News from the Pressenza Bureau in Chile","sameAs":["https:\/\/www.facebook.com\/pressenza","https:\/\/x.com\/pressenza"],"url":"https:\/\/www.pressenza.com\/es\/author\/redaccion-chile\/"}]}},"place":"","original_article_url":"","_links":{"self":[{"href":"https:\/\/www.pressenza.com\/es\/wp-json\/wp\/v2\/posts\/108583","targetHints":{"allow":["GET"]}}],"collection":[{"href":"https:\/\/www.pressenza.com\/es\/wp-json\/wp\/v2\/posts"}],"about":[{"href":"https:\/\/www.pressenza.com\/es\/wp-json\/wp\/v2\/types\/post"}],"author":[{"embeddable":true,"href":"https:\/\/www.pressenza.com\/es\/wp-json\/wp\/v2\/users\/43"}],"replies":[{"embeddable":true,"href":"https:\/\/www.pressenza.com\/es\/wp-json\/wp\/v2\/comments?post=108583"}],"version-history":[{"count":0,"href":"https:\/\/www.pressenza.com\/es\/wp-json\/wp\/v2\/posts\/108583\/revisions"}],"wp:featuredmedia":[{"embeddable":true,"href":"https:\/\/www.pressenza.com\/es\/wp-json\/wp\/v2\/media\/106431"}],"wp:attachment":[{"href":"https:\/\/www.pressenza.com\/es\/wp-json\/wp\/v2\/media?parent=108583"}],"wp:term":[{"taxonomy":"category","embeddable":true,"href":"https:\/\/www.pressenza.com\/es\/wp-json\/wp\/v2\/categories?post=108583"},{"taxonomy":"post_tag","embeddable":true,"href":"https:\/\/www.pressenza.com\/es\/wp-json\/wp\/v2\/tags?post=108583"}],"curies":[{"name":"wp","href":"https:\/\/api.w.org\/{rel}","templated":true}]}}