{"id":1085828,"date":"2020-04-16T23:44:37","date_gmt":"2020-04-16T22:44:37","guid":{"rendered":"https:\/\/www.pressenza.com\/?p=1085828"},"modified":"2020-04-16T23:44:37","modified_gmt":"2020-04-16T22:44:37","slug":"africa-puede-perder-300-000-vidas-por-covid-19","status":"publish","type":"post","link":"https:\/\/www.pressenza.com\/es\/2020\/04\/africa-puede-perder-300-000-vidas-por-covid-19\/","title":{"rendered":"\u00c1frica puede perder 300 000 vidas por covid-19"},"content":{"rendered":"<p>M\u00e1s de 300 000 africanos podr\u00edan perder la vida a causa de la covid-19, por la fragilidad de su sistema de salud y el impacto sobre su econom\u00eda, advirti\u00f3 un nuevo informe de la Comisi\u00f3n Econ\u00f3mica para \u00c1frica (CEPA).<\/p>\n<p>Los costos econ\u00f3micos de la pandemia \u201chan sido m\u00e1s severos que el impacto directo de la covid-19, porque el distanciamiento f\u00edsico necesario para manejar la pandemia est\u00e1 sofocando y ahogando la actividad econ\u00f3mica\u201d, se\u00f1al\u00f3 la secretaria ejecutiva de la agencia regional de Naciones Unidas, Vera Songwe, al anticipar el informe cuya distribuci\u00f3n formal es este viernes 17.<\/p>\n<p>\u00c1frica ten\u00eda 16 000 infectados con m\u00e1s de 800 muertes por el nuevo coronavirus hasta este jueves 16. Los pa\u00edses m\u00e1s castigados son Argelia, Marruecos y Sud\u00e1frica. En el mundo hay m\u00e1s de dos millones de contagiados y m\u00e1s de 140 000 muertos por la covid-19.<\/p>\n<p>El informe se\u00f1ala que a medida que la actividad econ\u00f3mica decrezca, pues para 2020 se espera una disminuci\u00f3n del producto bruto entre -1,8 y -3,2 por ciento, unos 27 millones de africanos pueden ser empujados a la pobreza extrema. Solo en \u00c1frica subsahariana ya hay m\u00e1s de 400 millones de personas en esa condici\u00f3n.<\/p>\n<p>\u00c1frica \u201cnecesita 100 000 millones de d\u00f3lares para proporcionar urgentemente espacio fiscal con el cual abordar las necesidades de seguridad de las poblaciones\u201d, dijo Songwe.<\/p>\n<p>Esa cantidad, que incluye 44 000 millones de d\u00f3lares en moratorias de deudas, fue planteada por los ministros de finanzas del continente, para disponer de recursos con los cuales apuntalar los deficientes sistemas de salud, ayudar al funcionamiento de las empresas y sostener empleos e ingresos de los grupos m\u00e1s vulnerables.<\/p>\n<p>En las ciudades africanas, que aportan m\u00e1s de la mitad del producto bruto de la regi\u00f3n, 56 por ciento de la poblaci\u00f3n habita barrios marginales o viviendas informales, recuerda el informe.<\/p>\n<div id=\"attachment_1085841\" class=\"wp-caption alignnone\"><img loading=\"lazy\" decoding=\"async\" aria-describedby=\"caption-attachment-1085841\" class=\"wp-image-1085841 size-large\" src=\"https:\/\/www.pressenza.com\/wp-content\/uploads\/2020\/04\/de-Andrea-Moroni2-720x481.jpg\" alt=\"\" width=\"720\" height=\"481\" srcset=\"https:\/\/www.pressenza.com\/wp-content\/uploads\/2020\/04\/de-Andrea-Moroni2-720x481.jpg 720w, https:\/\/www.pressenza.com\/wp-content\/uploads\/2020\/04\/de-Andrea-Moroni2-300x201.jpg 300w, https:\/\/www.pressenza.com\/wp-content\/uploads\/2020\/04\/de-Andrea-Moroni2-768x513.jpg 768w, https:\/\/www.pressenza.com\/wp-content\/uploads\/2020\/04\/de-Andrea-Moroni2.jpg 799w\" sizes=\"auto, (max-width: 720px) 100vw, 720px\" \/><p id=\"caption-attachment-1085841\" class=\"wp-caption-text\">Foto Andrea Moroni<\/p><\/div>\n<p>Solo 34 por ciento de los hogares en \u00c1frica tiene acceso a instalaciones b\u00e1sicas para lavarse las manos, una elemental medida de protecci\u00f3n ante el coronavirus.<\/p>\n<p>El informe se\u00f1ala que las peque\u00f1as y medianas empresas de \u00c1frica se arriesgan a un cierre completo si no hay un apoyo inmediato, y \u201cel turismo, que representa hasta 38 por ciento del producto interno bruto de algunos pa\u00edses africanos, se ha detenido efectivamente, al igual que la industria de las aerol\u00edneas que lo apoya\u201d.<\/p>\n<p>El precio del petr\u00f3leo, que representa 40 por ciento de las exportaciones de \u00c1frica, se ha reducido a la mitad en valor, y otras principales exportaciones africanas, como los textiles y las flores reci\u00e9n cortadas, se han desplomado.<\/p>\n<p>Songwe dijo que \u201cel sector privado necesita liquidez, pero tambi\u00e9n socios. Por eso pedimos a la comunidad internacional que apoye inyectando m\u00e1s liquidez en nuestras econom\u00edas\u201d.<\/p>\n<p>En cuanto a mitigaci\u00f3n, CEPA aboga por concertar esfuerzos para mantener el flujo comercial, especialmente de suministros m\u00e9dicos esenciales y alimentos b\u00e1sicos, y pide \u201cimpulso pol\u00edtico\u201d para favorecer el libre intercambio.<\/p>\n<p>En particular propone que \u201cla propiedad intelectual de los suministros m\u00e9dicos, los nuevos kits de prueba y las vacunas, se deben compartir para ayudar al sector privado de \u00c1frica a desempe\u00f1ar su papel en la respuesta\u201d ante la pandemia.<\/p>\n<p>Songwe destac\u00f3 que las mujeres \u201cson el frente y el final de esta crisis, son nuestras enfermeras y dirigen muchas de las peque\u00f1as empresas\u00bb, por lo que \u201clas pol\u00edticas establecidas para responder a la crisis deben estar en colaboraci\u00f3n con ellas\u201d.<\/p>\n<p>Pidi\u00f3 adem\u00e1s claridad y firmeza \u201cen el buen gobierno para salvaguardar nuestros sistemas de salud, garantizar el uso adecuado de los fondos de emergencia, evitar el colapso de nuestros negocios y reducir los despidos de trabajadores\u201d.<\/p>\n","protected":false},"excerpt":{"rendered":"<p>M\u00e1s de 300 000 africanos podr\u00edan perder la vida a causa de la covid-19, por la fragilidad de su sistema de salud y el impacto sobre su econom\u00eda, advirti\u00f3 un nuevo informe de la Comisi\u00f3n Econ\u00f3mica para \u00c1frica (CEPA). Los&hellip;<\/p>\n","protected":false},"author":347,"featured_media":1085851,"comment_status":"closed","ping_status":"closed","sticky":false,"template":"","format":"standard","meta":{"footnotes":""},"categories":[64,81,1239],"tags":[16510,21127,70071,72471,816,22219],"class_list":["post-1085828","post","type-post","status-publish","format-standard","has-post-thumbnail","hentry","category-africa-es","category-economia-es","category-salud","tag-africa-es","tag-cepa","tag-coronavirus-es","tag-covid19-es","tag-pobreza-es","tag-salud"],"yoast_head":"<!-- This site is optimized with the Yoast SEO plugin v27.1.1 - https:\/\/yoast.com\/product\/yoast-seo-wordpress\/ -->\n<title>\u00c1frica puede perder 300 000 vidas por covid-19<\/title>\n<meta name=\"description\" content=\"M\u00e1s de 300 000 africanos podr\u00edan perder la vida a causa de la covid-19, por la fragilidad de su sistema de salud y el impacto sobre su econom\u00eda, advirti\u00f3\" \/>\n<meta name=\"robots\" content=\"index, follow, max-snippet:-1, max-image-preview:large, max-video-preview:-1\" \/>\n<link rel=\"canonical\" href=\"https:\/\/www.pressenza.com\/es\/2020\/04\/africa-puede-perder-300-000-vidas-por-covid-19\/\" \/>\n<meta property=\"og:locale\" content=\"es_ES\" \/>\n<meta property=\"og:type\" content=\"article\" \/>\n<meta property=\"og:title\" content=\"\u00c1frica puede perder 300 000 vidas por covid-19\" \/>\n<meta property=\"og:description\" content=\"M\u00e1s de 300 000 africanos podr\u00edan perder la vida a causa de la covid-19, por la fragilidad de su sistema de salud y el impacto sobre su econom\u00eda, advirti\u00f3\" \/>\n<meta property=\"og:url\" content=\"https:\/\/www.pressenza.com\/es\/2020\/04\/africa-puede-perder-300-000-vidas-por-covid-19\/\" \/>\n<meta property=\"og:site_name\" content=\"Pressenza\" \/>\n<meta property=\"article:publisher\" content=\"https:\/\/www.facebook.com\/PressenzaItalia\" \/>\n<meta property=\"article:author\" content=\"http:\/\/www.facebook.com\/ipsnoticias\" \/>\n<meta property=\"article:published_time\" content=\"2020-04-16T22:44:37+00:00\" \/>\n<meta property=\"og:image\" content=\"https:\/\/www.pressenza.com\/wp-content\/uploads\/2020\/04\/de-Andrea-Moroni.jpg\" \/>\n\t<meta property=\"og:image:width\" content=\"799\" \/>\n\t<meta property=\"og:image:height\" content=\"534\" \/>\n\t<meta property=\"og:image:type\" content=\"image\/jpeg\" \/>\n<meta name=\"author\" content=\"Inter Press Service\" \/>\n<meta name=\"twitter:card\" content=\"summary_large_image\" \/>\n<meta name=\"twitter:creator\" content=\"@ipsnoticias\" \/>\n<meta name=\"twitter:site\" content=\"@PressenzaIPA\" \/>\n<meta name=\"twitter:label1\" content=\"Escrito por\" \/>\n\t<meta name=\"twitter:data1\" content=\"Inter Press Service\" \/>\n\t<meta name=\"twitter:label2\" content=\"Tiempo de lectura\" \/>\n\t<meta name=\"twitter:data2\" content=\"3 minutos\" \/>\n<script type=\"application\/ld+json\" class=\"yoast-schema-graph\">{\"@context\":\"https:\/\/schema.org\",\"@graph\":[{\"@type\":\"Article\",\"@id\":\"https:\/\/www.pressenza.com\/es\/2020\/04\/africa-puede-perder-300-000-vidas-por-covid-19\/#article\",\"isPartOf\":{\"@id\":\"https:\/\/www.pressenza.com\/es\/2020\/04\/africa-puede-perder-300-000-vidas-por-covid-19\/\"},\"author\":{\"name\":\"Inter Press Service\",\"@id\":\"https:\/\/www.pressenza.com\/es\/#\/schema\/person\/7467f88f6765c239bdd52f3c432de81a\"},\"headline\":\"\u00c1frica puede perder 300 000 vidas por covid-19\",\"datePublished\":\"2020-04-16T22:44:37+00:00\",\"mainEntityOfPage\":{\"@id\":\"https:\/\/www.pressenza.com\/es\/2020\/04\/africa-puede-perder-300-000-vidas-por-covid-19\/\"},\"wordCount\":641,\"publisher\":{\"@id\":\"https:\/\/www.pressenza.com\/es\/#organization\"},\"image\":{\"@id\":\"https:\/\/www.pressenza.com\/es\/2020\/04\/africa-puede-perder-300-000-vidas-por-covid-19\/#primaryimage\"},\"thumbnailUrl\":\"https:\/\/www.pressenza.com\/wp-content\/uploads\/2020\/04\/de-Andrea-Moroni.jpg\",\"keywords\":[\"Africa\",\"CEPA\",\"coronav\u00edrus\",\"COVID19\",\"Pobreza\",\"Salud\"],\"articleSection\":[\"Africa\",\"Econom\u00eda\",\"Salud\"],\"inLanguage\":\"es\"},{\"@type\":\"WebPage\",\"@id\":\"https:\/\/www.pressenza.com\/es\/2020\/04\/africa-puede-perder-300-000-vidas-por-covid-19\/\",\"url\":\"https:\/\/www.pressenza.com\/es\/2020\/04\/africa-puede-perder-300-000-vidas-por-covid-19\/\",\"name\":\"\u00c1frica puede perder 300 000 vidas por covid-19\",\"isPartOf\":{\"@id\":\"https:\/\/www.pressenza.com\/es\/#website\"},\"primaryImageOfPage\":{\"@id\":\"https:\/\/www.pressenza.com\/es\/2020\/04\/africa-puede-perder-300-000-vidas-por-covid-19\/#primaryimage\"},\"image\":{\"@id\":\"https:\/\/www.pressenza.com\/es\/2020\/04\/africa-puede-perder-300-000-vidas-por-covid-19\/#primaryimage\"},\"thumbnailUrl\":\"https:\/\/www.pressenza.com\/wp-content\/uploads\/2020\/04\/de-Andrea-Moroni.jpg\",\"datePublished\":\"2020-04-16T22:44:37+00:00\",\"description\":\"M\u00e1s de 300 000 africanos podr\u00edan perder la vida a causa de la covid-19, por la fragilidad de su sistema de salud y el impacto sobre su econom\u00eda, advirti\u00f3\",\"breadcrumb\":{\"@id\":\"https:\/\/www.pressenza.com\/es\/2020\/04\/africa-puede-perder-300-000-vidas-por-covid-19\/#breadcrumb\"},\"inLanguage\":\"es\",\"potentialAction\":[{\"@type\":\"ReadAction\",\"target\":[\"https:\/\/www.pressenza.com\/es\/2020\/04\/africa-puede-perder-300-000-vidas-por-covid-19\/\"]}]},{\"@type\":\"ImageObject\",\"inLanguage\":\"es\",\"@id\":\"https:\/\/www.pressenza.com\/es\/2020\/04\/africa-puede-perder-300-000-vidas-por-covid-19\/#primaryimage\",\"url\":\"https:\/\/www.pressenza.com\/wp-content\/uploads\/2020\/04\/de-Andrea-Moroni.jpg\",\"contentUrl\":\"https:\/\/www.pressenza.com\/wp-content\/uploads\/2020\/04\/de-Andrea-Moroni.jpg\",\"width\":799,\"height\":534},{\"@type\":\"BreadcrumbList\",\"@id\":\"https:\/\/www.pressenza.com\/es\/2020\/04\/africa-puede-perder-300-000-vidas-por-covid-19\/#breadcrumb\",\"itemListElement\":[{\"@type\":\"ListItem\",\"position\":1,\"name\":\"Accueil\",\"item\":\"https:\/\/www.pressenza.com\/es\/\"},{\"@type\":\"ListItem\",\"position\":2,\"name\":\"\u00c1frica puede perder 300 000 vidas por covid-19\"}]},{\"@type\":\"WebSite\",\"@id\":\"https:\/\/www.pressenza.com\/es\/#website\",\"url\":\"https:\/\/www.pressenza.com\/es\/\",\"name\":\"Pressenza\",\"description\":\"International Press Agency\",\"publisher\":{\"@id\":\"https:\/\/www.pressenza.com\/es\/#organization\"},\"potentialAction\":[{\"@type\":\"SearchAction\",\"target\":{\"@type\":\"EntryPoint\",\"urlTemplate\":\"https:\/\/www.pressenza.com\/es\/?s={search_term_string}\"},\"query-input\":{\"@type\":\"PropertyValueSpecification\",\"valueRequired\":true,\"valueName\":\"search_term_string\"}}],\"inLanguage\":\"es\"},{\"@type\":\"Organization\",\"@id\":\"https:\/\/www.pressenza.com\/es\/#organization\",\"name\":\"Pressenza\",\"url\":\"https:\/\/www.pressenza.com\/es\/\",\"logo\":{\"@type\":\"ImageObject\",\"inLanguage\":\"es\",\"@id\":\"https:\/\/www.pressenza.com\/es\/#\/schema\/logo\/image\/\",\"url\":\"https:\/\/www.pressenza.com\/wp-content\/uploads\/2022\/10\/pressenza_logo_200x200.jpg\",\"contentUrl\":\"https:\/\/www.pressenza.com\/wp-content\/uploads\/2022\/10\/pressenza_logo_200x200.jpg\",\"width\":200,\"height\":200,\"caption\":\"Pressenza\"},\"image\":{\"@id\":\"https:\/\/www.pressenza.com\/es\/#\/schema\/logo\/image\/\"},\"sameAs\":[\"https:\/\/www.facebook.com\/PressenzaItalia\",\"https:\/\/x.com\/PressenzaIPA\"]},{\"@type\":\"Person\",\"@id\":\"https:\/\/www.pressenza.com\/es\/#\/schema\/person\/7467f88f6765c239bdd52f3c432de81a\",\"name\":\"Inter Press Service\",\"description\":\"IPS is an international communications institution at the heart of a global news agency that amplifies the voices of the South and civil society on development, globalisation, human rights and the environment. www.ipsnews.net\",\"sameAs\":[\"http:\/\/www.facebook.com\/ipsnoticias\",\"https:\/\/x.com\/ipsnoticias\"],\"url\":\"https:\/\/www.pressenza.com\/es\/author\/ips-inter-press-service\/\"}]}<\/script>\n<!-- \/ Yoast SEO plugin. -->","yoast_head_json":{"title":"\u00c1frica puede perder 300 000 vidas por covid-19","description":"M\u00e1s de 300 000 africanos podr\u00edan perder la vida a causa de la covid-19, por la fragilidad de su sistema de salud y el impacto sobre su econom\u00eda, advirti\u00f3","robots":{"index":"index","follow":"follow","max-snippet":"max-snippet:-1","max-image-preview":"max-image-preview:large","max-video-preview":"max-video-preview:-1"},"canonical":"https:\/\/www.pressenza.com\/es\/2020\/04\/africa-puede-perder-300-000-vidas-por-covid-19\/","og_locale":"es_ES","og_type":"article","og_title":"\u00c1frica puede perder 300 000 vidas por covid-19","og_description":"M\u00e1s de 300 000 africanos podr\u00edan perder la vida a causa de la covid-19, por la fragilidad de su sistema de salud y el impacto sobre su econom\u00eda, advirti\u00f3","og_url":"https:\/\/www.pressenza.com\/es\/2020\/04\/africa-puede-perder-300-000-vidas-por-covid-19\/","og_site_name":"Pressenza","article_publisher":"https:\/\/www.facebook.com\/PressenzaItalia","article_author":"http:\/\/www.facebook.com\/ipsnoticias","article_published_time":"2020-04-16T22:44:37+00:00","og_image":[{"width":799,"height":534,"url":"https:\/\/www.pressenza.com\/wp-content\/uploads\/2020\/04\/de-Andrea-Moroni.jpg","type":"image\/jpeg"}],"author":"Inter Press Service","twitter_card":"summary_large_image","twitter_creator":"@ipsnoticias","twitter_site":"@PressenzaIPA","twitter_misc":{"Escrito por":"Inter Press Service","Tiempo de lectura":"3 minutos"},"schema":{"@context":"https:\/\/schema.org","@graph":[{"@type":"Article","@id":"https:\/\/www.pressenza.com\/es\/2020\/04\/africa-puede-perder-300-000-vidas-por-covid-19\/#article","isPartOf":{"@id":"https:\/\/www.pressenza.com\/es\/2020\/04\/africa-puede-perder-300-000-vidas-por-covid-19\/"},"author":{"name":"Inter Press Service","@id":"https:\/\/www.pressenza.com\/es\/#\/schema\/person\/7467f88f6765c239bdd52f3c432de81a"},"headline":"\u00c1frica puede perder 300 000 vidas por covid-19","datePublished":"2020-04-16T22:44:37+00:00","mainEntityOfPage":{"@id":"https:\/\/www.pressenza.com\/es\/2020\/04\/africa-puede-perder-300-000-vidas-por-covid-19\/"},"wordCount":641,"publisher":{"@id":"https:\/\/www.pressenza.com\/es\/#organization"},"image":{"@id":"https:\/\/www.pressenza.com\/es\/2020\/04\/africa-puede-perder-300-000-vidas-por-covid-19\/#primaryimage"},"thumbnailUrl":"https:\/\/www.pressenza.com\/wp-content\/uploads\/2020\/04\/de-Andrea-Moroni.jpg","keywords":["Africa","CEPA","coronav\u00edrus","COVID19","Pobreza","Salud"],"articleSection":["Africa","Econom\u00eda","Salud"],"inLanguage":"es"},{"@type":"WebPage","@id":"https:\/\/www.pressenza.com\/es\/2020\/04\/africa-puede-perder-300-000-vidas-por-covid-19\/","url":"https:\/\/www.pressenza.com\/es\/2020\/04\/africa-puede-perder-300-000-vidas-por-covid-19\/","name":"\u00c1frica puede perder 300 000 vidas por covid-19","isPartOf":{"@id":"https:\/\/www.pressenza.com\/es\/#website"},"primaryImageOfPage":{"@id":"https:\/\/www.pressenza.com\/es\/2020\/04\/africa-puede-perder-300-000-vidas-por-covid-19\/#primaryimage"},"image":{"@id":"https:\/\/www.pressenza.com\/es\/2020\/04\/africa-puede-perder-300-000-vidas-por-covid-19\/#primaryimage"},"thumbnailUrl":"https:\/\/www.pressenza.com\/wp-content\/uploads\/2020\/04\/de-Andrea-Moroni.jpg","datePublished":"2020-04-16T22:44:37+00:00","description":"M\u00e1s de 300 000 africanos podr\u00edan perder la vida a causa de la covid-19, por la fragilidad de su sistema de salud y el impacto sobre su econom\u00eda, advirti\u00f3","breadcrumb":{"@id":"https:\/\/www.pressenza.com\/es\/2020\/04\/africa-puede-perder-300-000-vidas-por-covid-19\/#breadcrumb"},"inLanguage":"es","potentialAction":[{"@type":"ReadAction","target":["https:\/\/www.pressenza.com\/es\/2020\/04\/africa-puede-perder-300-000-vidas-por-covid-19\/"]}]},{"@type":"ImageObject","inLanguage":"es","@id":"https:\/\/www.pressenza.com\/es\/2020\/04\/africa-puede-perder-300-000-vidas-por-covid-19\/#primaryimage","url":"https:\/\/www.pressenza.com\/wp-content\/uploads\/2020\/04\/de-Andrea-Moroni.jpg","contentUrl":"https:\/\/www.pressenza.com\/wp-content\/uploads\/2020\/04\/de-Andrea-Moroni.jpg","width":799,"height":534},{"@type":"BreadcrumbList","@id":"https:\/\/www.pressenza.com\/es\/2020\/04\/africa-puede-perder-300-000-vidas-por-covid-19\/#breadcrumb","itemListElement":[{"@type":"ListItem","position":1,"name":"Accueil","item":"https:\/\/www.pressenza.com\/es\/"},{"@type":"ListItem","position":2,"name":"\u00c1frica puede perder 300 000 vidas por covid-19"}]},{"@type":"WebSite","@id":"https:\/\/www.pressenza.com\/es\/#website","url":"https:\/\/www.pressenza.com\/es\/","name":"Pressenza","description":"International Press Agency","publisher":{"@id":"https:\/\/www.pressenza.com\/es\/#organization"},"potentialAction":[{"@type":"SearchAction","target":{"@type":"EntryPoint","urlTemplate":"https:\/\/www.pressenza.com\/es\/?s={search_term_string}"},"query-input":{"@type":"PropertyValueSpecification","valueRequired":true,"valueName":"search_term_string"}}],"inLanguage":"es"},{"@type":"Organization","@id":"https:\/\/www.pressenza.com\/es\/#organization","name":"Pressenza","url":"https:\/\/www.pressenza.com\/es\/","logo":{"@type":"ImageObject","inLanguage":"es","@id":"https:\/\/www.pressenza.com\/es\/#\/schema\/logo\/image\/","url":"https:\/\/www.pressenza.com\/wp-content\/uploads\/2022\/10\/pressenza_logo_200x200.jpg","contentUrl":"https:\/\/www.pressenza.com\/wp-content\/uploads\/2022\/10\/pressenza_logo_200x200.jpg","width":200,"height":200,"caption":"Pressenza"},"image":{"@id":"https:\/\/www.pressenza.com\/es\/#\/schema\/logo\/image\/"},"sameAs":["https:\/\/www.facebook.com\/PressenzaItalia","https:\/\/x.com\/PressenzaIPA"]},{"@type":"Person","@id":"https:\/\/www.pressenza.com\/es\/#\/schema\/person\/7467f88f6765c239bdd52f3c432de81a","name":"Inter Press Service","description":"IPS is an international communications institution at the heart of a global news agency that amplifies the voices of the South and civil society on development, globalisation, human rights and the environment. www.ipsnews.net","sameAs":["http:\/\/www.facebook.com\/ipsnoticias","https:\/\/x.com\/ipsnoticias"],"url":"https:\/\/www.pressenza.com\/es\/author\/ips-inter-press-service\/"}]}},"place":"Addis Abeba, Etiop\u00eda","original_article_url":"http:\/\/www.ipsnoticias.net\/2020\/04\/africa-puede-perder-300-000-vidas-covid-19\/","_links":{"self":[{"href":"https:\/\/www.pressenza.com\/es\/wp-json\/wp\/v2\/posts\/1085828","targetHints":{"allow":["GET"]}}],"collection":[{"href":"https:\/\/www.pressenza.com\/es\/wp-json\/wp\/v2\/posts"}],"about":[{"href":"https:\/\/www.pressenza.com\/es\/wp-json\/wp\/v2\/types\/post"}],"author":[{"embeddable":true,"href":"https:\/\/www.pressenza.com\/es\/wp-json\/wp\/v2\/users\/347"}],"replies":[{"embeddable":true,"href":"https:\/\/www.pressenza.com\/es\/wp-json\/wp\/v2\/comments?post=1085828"}],"version-history":[{"count":0,"href":"https:\/\/www.pressenza.com\/es\/wp-json\/wp\/v2\/posts\/1085828\/revisions"}],"wp:featuredmedia":[{"embeddable":true,"href":"https:\/\/www.pressenza.com\/es\/wp-json\/wp\/v2\/media\/1085851"}],"wp:attachment":[{"href":"https:\/\/www.pressenza.com\/es\/wp-json\/wp\/v2\/media?parent=1085828"}],"wp:term":[{"taxonomy":"category","embeddable":true,"href":"https:\/\/www.pressenza.com\/es\/wp-json\/wp\/v2\/categories?post=1085828"},{"taxonomy":"post_tag","embeddable":true,"href":"https:\/\/www.pressenza.com\/es\/wp-json\/wp\/v2\/tags?post=1085828"}],"curies":[{"name":"wp","href":"https:\/\/api.w.org\/{rel}","templated":true}]}}