{"id":1085776,"date":"2020-04-16T22:44:12","date_gmt":"2020-04-16T21:44:12","guid":{"rendered":"https:\/\/www.pressenza.com\/?p=1085776"},"modified":"2020-04-16T22:48:47","modified_gmt":"2020-04-16T21:48:47","slug":"covid-19-riesgos-y-perspectivas-digitales-nuevo-numero-de-internet-ciudadana","status":"publish","type":"post","link":"https:\/\/www.pressenza.com\/es\/2020\/04\/covid-19-riesgos-y-perspectivas-digitales-nuevo-numero-de-internet-ciudadana\/","title":{"rendered":"\u00abCOVID-19. Riesgos y perspectivas digitales\u00bb, nuevo n\u00famero de Internet Ciudadana"},"content":{"rendered":"<p>La pandemia del COVID-19 ha obligado a las personas y las instituciones a reubicar y a reflexionar sobre sus prioridades. El espacio digital ha cobrado en el transcurso de este corto tiempo una centralidad a\u00fan mayor que la que ya seven\u00eda advirtiendo y la necesidad de debatir sus modalidades se ha vuelto m\u00e1s urgente que nunca.<\/p>\n<p>\u00bfQu\u00e9 bondades o iniquidades en la estructura actual de internet se muestran en esta coyuntura? \u00bfQu\u00e9 aspectos son de utilidad colectiva y cu\u00e1les muestran la necesidad dereformular o eliminar pr\u00e1cticas? \u00bfDisminuye o aumenta la porci\u00f3n en la econom\u00eda y lavida social que ocupan las empresas de alta tecnolog\u00eda?<\/p>\n<p>\u00bfSe ha demostrado que internet deber\u00eda ser declarado un servicio p\u00fablico, con la respectiva reglamentaci\u00f3n? \u00bfContinuar\u00e1 aumentando la concentraci\u00f3n corporativa al disminuir el riesgo pand\u00e9mico o lograr\u00e1n las poblaciones y los gobiernos amortiguar lo que amenaza con convertirse en una tecnodictadura global?<\/p>\n<p>\u00bfAnte la necesidad sanitaria de recolecci\u00f3n de datos a nivel masivo, lo aprovechar\u00e1n empresas y gobiernos para acentuar posteriormente el control, la vigilancia, la discriminaci\u00f3n? \u00bfCu\u00e1les son y c\u00f3mo inciden las estrategias informacionales y las narrativas que se desarrollan en el espacio digital?<\/p>\n<p>Este nuevo n\u00famero de Internet Ciudadana toca varios de los aspectos que se revelan acuciantes en el \u00e1mbito del desarrollo tecnol\u00f3gico y su gobernanza a partir de los sucesos en curso.<\/p>\n<p>La publicaci\u00f3n digital es producida por el espacio hom\u00f3nimo, surgido de la iniciativa de intercambio latinoamericano con miras a la construcci\u00f3n de un Foro Social de Internet.<\/p>\n<p>Dicho espacio esta\u0301 abierto a la participacio\u0301n de todos aquellos que acogen la filosofi\u0301a y los valores del Foro Social Mundial, y creen que el Internet global debe evolucionar acorde al intere\u0301s pu\u0301blico.<\/p>\n<p>En consonancia con esto, en el colof\u00f3n del editorial del presente n\u00famero se se\u00f1ala: <em>\u00abEsperamos con ello contribuir a la ampliaci\u00f3n del debate y las acciones para avanzar hacia lo que consideramos el mejor futuro, fruto de la equidad, la salvaguarda de derechos humanos y la democracia real, tambi\u00e9n en el entorno digital.\u00bb<\/em><\/p>\n<p>A continuaci\u00f3n el contenido de la publicaci\u00f3n, que puede visualizarse y descargarse <a href=\"https:\/\/nube.patria-grande.net\/index.php\/s\/cPiSYtkdH8DY8iE#pdfviewer\">aqu\u00ed<\/a><\/p>\n<p><i><b>CONTENIDO<\/b><\/i><\/p>\n<p><b>Editorial<\/b><\/p>\n<p lang=\"es-ES\" align=\"left\"><b>Divisorias y riesgos digitales en la pandemia actual<\/b><\/p>\n<p lang=\"es-ES\" align=\"left\"><i>Fran\u00e7ois Soulard<\/i><\/p>\n<p align=\"left\"><b>La centralidad del espacio digital y la necesidad de su democratizaci\u00f3n<\/b><\/p>\n<p lang=\"es-ES\" align=\"left\"><i>Javier Tolcachier<\/i><\/p>\n<p align=\"left\"><b>Nuevos derechos laborales en \u00e9poca de teletrabajo<\/b><\/p>\n<p lang=\"es-ES\" align=\"left\"><i>Sof\u00eda Scasserra<\/i><\/p>\n<p><b>Es hora de hablar de pol\u00edtica de datos y derechos econ\u00f3micos<\/b><\/p>\n<p lang=\"es-ES\"><i>Sally Burch<\/i><\/p>\n<p align=\"left\"><b>El Valle y el Virus<\/b><\/p>\n<p lang=\"es-ES\" align=\"left\"><i>Deepti Bharthur<\/i><\/p>\n<p align=\"left\"><b>Ciudadan\u00eda inteligente y cultura digital<\/b><\/p>\n<p lang=\"es-ES\" align=\"left\"><i>Gabriel Peredo Albornoz<\/i><\/p>\n<p align=\"left\"><b>La pandemia \u2018gugleamazonizada\u2019<\/b><\/p>\n<p lang=\"es-ES\" align=\"left\"><i>Sursiendo<\/i><\/p>\n<p lang=\"es-ES\" align=\"left\"><span lang=\"es-AR\"><b>Venezuela: <\/b><\/span><span lang=\"es-AR\"><b>La plataforma Patria contra el coronavirus<\/b><\/span><\/p>\n<p align=\"left\"><i><em>con informaci\u00f3n <\/em><em>extra\u00edda <\/em><em>de <\/em><em>\u00daltimas <\/em><em>N<\/em><em>oticias<\/em><\/i><\/p>\n","protected":false},"excerpt":{"rendered":"<p>La pandemia del COVID-19 ha obligado a las personas y las instituciones a reubicar y a reflexionar sobre sus prioridades. El espacio digital ha cobrado en el transcurso de este corto tiempo una centralidad a\u00fan mayor que la que ya&hellip;<\/p>\n","protected":false},"author":87,"featured_media":1085779,"comment_status":"closed","ping_status":"closed","sticky":false,"template":"","format":"standard","meta":{"footnotes":""},"categories":[76,497,75,79,39],"tags":[72131,73972,73971,4267,36714],"class_list":["post-1085776","post","type-post","status-publish","format-standard","has-post-thumbnail","hentry","category-relaciones-exteriores","category-ciencia-tecnologia","category-cultura-es","category-derechos-humanos","category-internacional","tag-covid-19-es","tag-democratizar-internet","tag-esfera-digital","tag-foro-social-mundial","tag-internet-ciudadana"],"yoast_head":"<!-- This site is optimized with the Yoast SEO plugin v27.1.1 - https:\/\/yoast.com\/product\/yoast-seo-wordpress\/ -->\n<title>&quot;COVID-19. Riesgos y perspectivas digitales&quot;, nuevo n\u00famero de Internet Ciudadana<\/title>\n<meta name=\"description\" content=\"La pandemia del COVID-19 ha obligado a las personas y las instituciones a reubicar y a reflexionar sobre sus prioridades. El espacio digital ha cobrado en\" \/>\n<meta name=\"robots\" content=\"index, follow, max-snippet:-1, max-image-preview:large, max-video-preview:-1\" \/>\n<link rel=\"canonical\" href=\"https:\/\/www.pressenza.com\/es\/2020\/04\/covid-19-riesgos-y-perspectivas-digitales-nuevo-numero-de-internet-ciudadana\/\" \/>\n<meta property=\"og:locale\" content=\"es_ES\" \/>\n<meta property=\"og:type\" content=\"article\" \/>\n<meta property=\"og:title\" content=\"&quot;COVID-19. Riesgos y perspectivas digitales&quot;, nuevo n\u00famero de Internet Ciudadana\" \/>\n<meta property=\"og:description\" content=\"La pandemia del COVID-19 ha obligado a las personas y las instituciones a reubicar y a reflexionar sobre sus prioridades. El espacio digital ha cobrado en\" \/>\n<meta property=\"og:url\" content=\"https:\/\/www.pressenza.com\/es\/2020\/04\/covid-19-riesgos-y-perspectivas-digitales-nuevo-numero-de-internet-ciudadana\/\" \/>\n<meta property=\"og:site_name\" content=\"Pressenza\" \/>\n<meta property=\"article:publisher\" content=\"https:\/\/www.facebook.com\/PressenzaItalia\" \/>\n<meta property=\"article:published_time\" content=\"2020-04-16T21:44:12+00:00\" \/>\n<meta property=\"article:modified_time\" content=\"2020-04-16T21:48:47+00:00\" \/>\n<meta property=\"og:image\" content=\"https:\/\/www.pressenza.com\/wp-content\/uploads\/2020\/04\/IC4.jpg\" \/>\n\t<meta property=\"og:image:width\" content=\"384\" \/>\n\t<meta property=\"og:image:height\" content=\"541\" \/>\n\t<meta property=\"og:image:type\" content=\"image\/jpeg\" \/>\n<meta name=\"author\" content=\"Redacci\u00f3n Argentina\" \/>\n<meta name=\"twitter:card\" content=\"summary_large_image\" \/>\n<meta name=\"twitter:creator\" content=\"@pressenza\" \/>\n<meta name=\"twitter:site\" content=\"@PressenzaIPA\" \/>\n<meta name=\"twitter:label1\" content=\"Escrito por\" \/>\n\t<meta name=\"twitter:data1\" content=\"Redacci\u00f3n Argentina\" \/>\n\t<meta name=\"twitter:label2\" content=\"Tiempo de lectura\" \/>\n\t<meta name=\"twitter:data2\" content=\"2 minutos\" \/>\n<script type=\"application\/ld+json\" class=\"yoast-schema-graph\">{\"@context\":\"https:\/\/schema.org\",\"@graph\":[{\"@type\":\"Article\",\"@id\":\"https:\/\/www.pressenza.com\/es\/2020\/04\/covid-19-riesgos-y-perspectivas-digitales-nuevo-numero-de-internet-ciudadana\/#article\",\"isPartOf\":{\"@id\":\"https:\/\/www.pressenza.com\/es\/2020\/04\/covid-19-riesgos-y-perspectivas-digitales-nuevo-numero-de-internet-ciudadana\/\"},\"author\":{\"name\":\"Redacci\u00f3n Argentina\",\"@id\":\"https:\/\/www.pressenza.com\/es\/#\/schema\/person\/0dda7d1b68267ad95b1e1d83abc98c89\"},\"headline\":\"\u00abCOVID-19. Riesgos y perspectivas digitales\u00bb, nuevo n\u00famero de Internet Ciudadana\",\"datePublished\":\"2020-04-16T21:44:12+00:00\",\"dateModified\":\"2020-04-16T21:48:47+00:00\",\"mainEntityOfPage\":{\"@id\":\"https:\/\/www.pressenza.com\/es\/2020\/04\/covid-19-riesgos-y-perspectivas-digitales-nuevo-numero-de-internet-ciudadana\/\"},\"wordCount\":480,\"publisher\":{\"@id\":\"https:\/\/www.pressenza.com\/es\/#organization\"},\"image\":{\"@id\":\"https:\/\/www.pressenza.com\/es\/2020\/04\/covid-19-riesgos-y-perspectivas-digitales-nuevo-numero-de-internet-ciudadana\/#primaryimage\"},\"thumbnailUrl\":\"https:\/\/www.pressenza.com\/wp-content\/uploads\/2020\/04\/IC4.jpg\",\"keywords\":[\"COVID-19\",\"democratizar internet\",\"esfera digital\",\"Foro Social Mundial\",\"Internet Ciudadana\"],\"articleSection\":[\"Asuntos internacionales\",\"Ciencia y Tecnolog\u00eda\",\"Cultura y Medios\",\"Derechos Humanos\",\"Internacional\"],\"inLanguage\":\"es\"},{\"@type\":\"WebPage\",\"@id\":\"https:\/\/www.pressenza.com\/es\/2020\/04\/covid-19-riesgos-y-perspectivas-digitales-nuevo-numero-de-internet-ciudadana\/\",\"url\":\"https:\/\/www.pressenza.com\/es\/2020\/04\/covid-19-riesgos-y-perspectivas-digitales-nuevo-numero-de-internet-ciudadana\/\",\"name\":\"\\\"COVID-19. Riesgos y perspectivas digitales\\\", nuevo n\u00famero de Internet Ciudadana\",\"isPartOf\":{\"@id\":\"https:\/\/www.pressenza.com\/es\/#website\"},\"primaryImageOfPage\":{\"@id\":\"https:\/\/www.pressenza.com\/es\/2020\/04\/covid-19-riesgos-y-perspectivas-digitales-nuevo-numero-de-internet-ciudadana\/#primaryimage\"},\"image\":{\"@id\":\"https:\/\/www.pressenza.com\/es\/2020\/04\/covid-19-riesgos-y-perspectivas-digitales-nuevo-numero-de-internet-ciudadana\/#primaryimage\"},\"thumbnailUrl\":\"https:\/\/www.pressenza.com\/wp-content\/uploads\/2020\/04\/IC4.jpg\",\"datePublished\":\"2020-04-16T21:44:12+00:00\",\"dateModified\":\"2020-04-16T21:48:47+00:00\",\"description\":\"La pandemia del COVID-19 ha obligado a las personas y las instituciones a reubicar y a reflexionar sobre sus prioridades. El espacio digital ha cobrado en\",\"breadcrumb\":{\"@id\":\"https:\/\/www.pressenza.com\/es\/2020\/04\/covid-19-riesgos-y-perspectivas-digitales-nuevo-numero-de-internet-ciudadana\/#breadcrumb\"},\"inLanguage\":\"es\",\"potentialAction\":[{\"@type\":\"ReadAction\",\"target\":[\"https:\/\/www.pressenza.com\/es\/2020\/04\/covid-19-riesgos-y-perspectivas-digitales-nuevo-numero-de-internet-ciudadana\/\"]}]},{\"@type\":\"ImageObject\",\"inLanguage\":\"es\",\"@id\":\"https:\/\/www.pressenza.com\/es\/2020\/04\/covid-19-riesgos-y-perspectivas-digitales-nuevo-numero-de-internet-ciudadana\/#primaryimage\",\"url\":\"https:\/\/www.pressenza.com\/wp-content\/uploads\/2020\/04\/IC4.jpg\",\"contentUrl\":\"https:\/\/www.pressenza.com\/wp-content\/uploads\/2020\/04\/IC4.jpg\",\"width\":384,\"height\":541},{\"@type\":\"BreadcrumbList\",\"@id\":\"https:\/\/www.pressenza.com\/es\/2020\/04\/covid-19-riesgos-y-perspectivas-digitales-nuevo-numero-de-internet-ciudadana\/#breadcrumb\",\"itemListElement\":[{\"@type\":\"ListItem\",\"position\":1,\"name\":\"Accueil\",\"item\":\"https:\/\/www.pressenza.com\/es\/\"},{\"@type\":\"ListItem\",\"position\":2,\"name\":\"\u00abCOVID-19. Riesgos y perspectivas digitales\u00bb, nuevo n\u00famero de Internet Ciudadana\"}]},{\"@type\":\"WebSite\",\"@id\":\"https:\/\/www.pressenza.com\/es\/#website\",\"url\":\"https:\/\/www.pressenza.com\/es\/\",\"name\":\"Pressenza\",\"description\":\"International Press Agency\",\"publisher\":{\"@id\":\"https:\/\/www.pressenza.com\/es\/#organization\"},\"potentialAction\":[{\"@type\":\"SearchAction\",\"target\":{\"@type\":\"EntryPoint\",\"urlTemplate\":\"https:\/\/www.pressenza.com\/es\/?s={search_term_string}\"},\"query-input\":{\"@type\":\"PropertyValueSpecification\",\"valueRequired\":true,\"valueName\":\"search_term_string\"}}],\"inLanguage\":\"es\"},{\"@type\":\"Organization\",\"@id\":\"https:\/\/www.pressenza.com\/es\/#organization\",\"name\":\"Pressenza\",\"url\":\"https:\/\/www.pressenza.com\/es\/\",\"logo\":{\"@type\":\"ImageObject\",\"inLanguage\":\"es\",\"@id\":\"https:\/\/www.pressenza.com\/es\/#\/schema\/logo\/image\/\",\"url\":\"https:\/\/www.pressenza.com\/wp-content\/uploads\/2022\/10\/pressenza_logo_200x200.jpg\",\"contentUrl\":\"https:\/\/www.pressenza.com\/wp-content\/uploads\/2022\/10\/pressenza_logo_200x200.jpg\",\"width\":200,\"height\":200,\"caption\":\"Pressenza\"},\"image\":{\"@id\":\"https:\/\/www.pressenza.com\/es\/#\/schema\/logo\/image\/\"},\"sameAs\":[\"https:\/\/www.facebook.com\/PressenzaItalia\",\"https:\/\/x.com\/PressenzaIPA\"]},{\"@type\":\"Person\",\"@id\":\"https:\/\/www.pressenza.com\/es\/#\/schema\/person\/0dda7d1b68267ad95b1e1d83abc98c89\",\"name\":\"Redacci\u00f3n Argentina\",\"description\":\"News from the Pressenza Bureau in Argentina.\",\"sameAs\":[\"https:\/\/x.com\/pressenza\"],\"url\":\"https:\/\/www.pressenza.com\/es\/author\/redaccion-argentina\/\"}]}<\/script>\n<!-- \/ Yoast SEO plugin. -->","yoast_head_json":{"title":"\"COVID-19. Riesgos y perspectivas digitales\", nuevo n\u00famero de Internet Ciudadana","description":"La pandemia del COVID-19 ha obligado a las personas y las instituciones a reubicar y a reflexionar sobre sus prioridades. El espacio digital ha cobrado en","robots":{"index":"index","follow":"follow","max-snippet":"max-snippet:-1","max-image-preview":"max-image-preview:large","max-video-preview":"max-video-preview:-1"},"canonical":"https:\/\/www.pressenza.com\/es\/2020\/04\/covid-19-riesgos-y-perspectivas-digitales-nuevo-numero-de-internet-ciudadana\/","og_locale":"es_ES","og_type":"article","og_title":"\"COVID-19. Riesgos y perspectivas digitales\", nuevo n\u00famero de Internet Ciudadana","og_description":"La pandemia del COVID-19 ha obligado a las personas y las instituciones a reubicar y a reflexionar sobre sus prioridades. El espacio digital ha cobrado en","og_url":"https:\/\/www.pressenza.com\/es\/2020\/04\/covid-19-riesgos-y-perspectivas-digitales-nuevo-numero-de-internet-ciudadana\/","og_site_name":"Pressenza","article_publisher":"https:\/\/www.facebook.com\/PressenzaItalia","article_published_time":"2020-04-16T21:44:12+00:00","article_modified_time":"2020-04-16T21:48:47+00:00","og_image":[{"width":384,"height":541,"url":"https:\/\/www.pressenza.com\/wp-content\/uploads\/2020\/04\/IC4.jpg","type":"image\/jpeg"}],"author":"Redacci\u00f3n Argentina","twitter_card":"summary_large_image","twitter_creator":"@pressenza","twitter_site":"@PressenzaIPA","twitter_misc":{"Escrito por":"Redacci\u00f3n Argentina","Tiempo de lectura":"2 minutos"},"schema":{"@context":"https:\/\/schema.org","@graph":[{"@type":"Article","@id":"https:\/\/www.pressenza.com\/es\/2020\/04\/covid-19-riesgos-y-perspectivas-digitales-nuevo-numero-de-internet-ciudadana\/#article","isPartOf":{"@id":"https:\/\/www.pressenza.com\/es\/2020\/04\/covid-19-riesgos-y-perspectivas-digitales-nuevo-numero-de-internet-ciudadana\/"},"author":{"name":"Redacci\u00f3n Argentina","@id":"https:\/\/www.pressenza.com\/es\/#\/schema\/person\/0dda7d1b68267ad95b1e1d83abc98c89"},"headline":"\u00abCOVID-19. Riesgos y perspectivas digitales\u00bb, nuevo n\u00famero de Internet Ciudadana","datePublished":"2020-04-16T21:44:12+00:00","dateModified":"2020-04-16T21:48:47+00:00","mainEntityOfPage":{"@id":"https:\/\/www.pressenza.com\/es\/2020\/04\/covid-19-riesgos-y-perspectivas-digitales-nuevo-numero-de-internet-ciudadana\/"},"wordCount":480,"publisher":{"@id":"https:\/\/www.pressenza.com\/es\/#organization"},"image":{"@id":"https:\/\/www.pressenza.com\/es\/2020\/04\/covid-19-riesgos-y-perspectivas-digitales-nuevo-numero-de-internet-ciudadana\/#primaryimage"},"thumbnailUrl":"https:\/\/www.pressenza.com\/wp-content\/uploads\/2020\/04\/IC4.jpg","keywords":["COVID-19","democratizar internet","esfera digital","Foro Social Mundial","Internet Ciudadana"],"articleSection":["Asuntos internacionales","Ciencia y Tecnolog\u00eda","Cultura y Medios","Derechos Humanos","Internacional"],"inLanguage":"es"},{"@type":"WebPage","@id":"https:\/\/www.pressenza.com\/es\/2020\/04\/covid-19-riesgos-y-perspectivas-digitales-nuevo-numero-de-internet-ciudadana\/","url":"https:\/\/www.pressenza.com\/es\/2020\/04\/covid-19-riesgos-y-perspectivas-digitales-nuevo-numero-de-internet-ciudadana\/","name":"\"COVID-19. Riesgos y perspectivas digitales\", nuevo n\u00famero de Internet Ciudadana","isPartOf":{"@id":"https:\/\/www.pressenza.com\/es\/#website"},"primaryImageOfPage":{"@id":"https:\/\/www.pressenza.com\/es\/2020\/04\/covid-19-riesgos-y-perspectivas-digitales-nuevo-numero-de-internet-ciudadana\/#primaryimage"},"image":{"@id":"https:\/\/www.pressenza.com\/es\/2020\/04\/covid-19-riesgos-y-perspectivas-digitales-nuevo-numero-de-internet-ciudadana\/#primaryimage"},"thumbnailUrl":"https:\/\/www.pressenza.com\/wp-content\/uploads\/2020\/04\/IC4.jpg","datePublished":"2020-04-16T21:44:12+00:00","dateModified":"2020-04-16T21:48:47+00:00","description":"La pandemia del COVID-19 ha obligado a las personas y las instituciones a reubicar y a reflexionar sobre sus prioridades. El espacio digital ha cobrado en","breadcrumb":{"@id":"https:\/\/www.pressenza.com\/es\/2020\/04\/covid-19-riesgos-y-perspectivas-digitales-nuevo-numero-de-internet-ciudadana\/#breadcrumb"},"inLanguage":"es","potentialAction":[{"@type":"ReadAction","target":["https:\/\/www.pressenza.com\/es\/2020\/04\/covid-19-riesgos-y-perspectivas-digitales-nuevo-numero-de-internet-ciudadana\/"]}]},{"@type":"ImageObject","inLanguage":"es","@id":"https:\/\/www.pressenza.com\/es\/2020\/04\/covid-19-riesgos-y-perspectivas-digitales-nuevo-numero-de-internet-ciudadana\/#primaryimage","url":"https:\/\/www.pressenza.com\/wp-content\/uploads\/2020\/04\/IC4.jpg","contentUrl":"https:\/\/www.pressenza.com\/wp-content\/uploads\/2020\/04\/IC4.jpg","width":384,"height":541},{"@type":"BreadcrumbList","@id":"https:\/\/www.pressenza.com\/es\/2020\/04\/covid-19-riesgos-y-perspectivas-digitales-nuevo-numero-de-internet-ciudadana\/#breadcrumb","itemListElement":[{"@type":"ListItem","position":1,"name":"Accueil","item":"https:\/\/www.pressenza.com\/es\/"},{"@type":"ListItem","position":2,"name":"\u00abCOVID-19. Riesgos y perspectivas digitales\u00bb, nuevo n\u00famero de Internet Ciudadana"}]},{"@type":"WebSite","@id":"https:\/\/www.pressenza.com\/es\/#website","url":"https:\/\/www.pressenza.com\/es\/","name":"Pressenza","description":"International Press Agency","publisher":{"@id":"https:\/\/www.pressenza.com\/es\/#organization"},"potentialAction":[{"@type":"SearchAction","target":{"@type":"EntryPoint","urlTemplate":"https:\/\/www.pressenza.com\/es\/?s={search_term_string}"},"query-input":{"@type":"PropertyValueSpecification","valueRequired":true,"valueName":"search_term_string"}}],"inLanguage":"es"},{"@type":"Organization","@id":"https:\/\/www.pressenza.com\/es\/#organization","name":"Pressenza","url":"https:\/\/www.pressenza.com\/es\/","logo":{"@type":"ImageObject","inLanguage":"es","@id":"https:\/\/www.pressenza.com\/es\/#\/schema\/logo\/image\/","url":"https:\/\/www.pressenza.com\/wp-content\/uploads\/2022\/10\/pressenza_logo_200x200.jpg","contentUrl":"https:\/\/www.pressenza.com\/wp-content\/uploads\/2022\/10\/pressenza_logo_200x200.jpg","width":200,"height":200,"caption":"Pressenza"},"image":{"@id":"https:\/\/www.pressenza.com\/es\/#\/schema\/logo\/image\/"},"sameAs":["https:\/\/www.facebook.com\/PressenzaItalia","https:\/\/x.com\/PressenzaIPA"]},{"@type":"Person","@id":"https:\/\/www.pressenza.com\/es\/#\/schema\/person\/0dda7d1b68267ad95b1e1d83abc98c89","name":"Redacci\u00f3n Argentina","description":"News from the Pressenza Bureau in Argentina.","sameAs":["https:\/\/x.com\/pressenza"],"url":"https:\/\/www.pressenza.com\/es\/author\/redaccion-argentina\/"}]}},"place":"","original_article_url":"","_links":{"self":[{"href":"https:\/\/www.pressenza.com\/es\/wp-json\/wp\/v2\/posts\/1085776","targetHints":{"allow":["GET"]}}],"collection":[{"href":"https:\/\/www.pressenza.com\/es\/wp-json\/wp\/v2\/posts"}],"about":[{"href":"https:\/\/www.pressenza.com\/es\/wp-json\/wp\/v2\/types\/post"}],"author":[{"embeddable":true,"href":"https:\/\/www.pressenza.com\/es\/wp-json\/wp\/v2\/users\/87"}],"replies":[{"embeddable":true,"href":"https:\/\/www.pressenza.com\/es\/wp-json\/wp\/v2\/comments?post=1085776"}],"version-history":[{"count":0,"href":"https:\/\/www.pressenza.com\/es\/wp-json\/wp\/v2\/posts\/1085776\/revisions"}],"wp:featuredmedia":[{"embeddable":true,"href":"https:\/\/www.pressenza.com\/es\/wp-json\/wp\/v2\/media\/1085779"}],"wp:attachment":[{"href":"https:\/\/www.pressenza.com\/es\/wp-json\/wp\/v2\/media?parent=1085776"}],"wp:term":[{"taxonomy":"category","embeddable":true,"href":"https:\/\/www.pressenza.com\/es\/wp-json\/wp\/v2\/categories?post=1085776"},{"taxonomy":"post_tag","embeddable":true,"href":"https:\/\/www.pressenza.com\/es\/wp-json\/wp\/v2\/tags?post=1085776"}],"curies":[{"name":"wp","href":"https:\/\/api.w.org\/{rel}","templated":true}]}}