{"id":1083638,"date":"2020-04-13T22:02:52","date_gmt":"2020-04-13T21:02:52","guid":{"rendered":"https:\/\/www.pressenza.com\/?p=1083638"},"modified":"2020-04-13T22:03:28","modified_gmt":"2020-04-13T21:03:28","slug":"arrasar-con-la-vida","status":"publish","type":"post","link":"https:\/\/www.pressenza.com\/es\/2020\/04\/arrasar-con-la-vida\/","title":{"rendered":"Arrasar con la vida"},"content":{"rendered":"<p><strong>El avance del agronegocio y la p\u00e9rdida de millones de hect\u00e1reas de bosque. La crisis clim\u00e1tica, el aumento de la temperatura global y los territorios de sacrificio en el Sur global.<\/strong><\/p>\n<p>En paralelo al avance del modelo sojero en el Cono Sur se arrasaron 35 millones de hect\u00e1reas de bosque nativo. El equivalente a la superficie de Alemania, donde se ubica la sede central de Bayer-Monsanto, u ocho veces la superficie de Suiza, donde naci\u00f3 la multinacional Syngenta-ChemChina. A pesar de leyes que protegen las \u00e1reas boscosas, el desmonte avanza en Argentina, Bolivia, Brasil y Paraguay. Un modelo, el agronegocio, publicitado como \u201cexitoso\u201d, pero con enormes consecuencias en los territorios.<\/p>\n<h4>Millones de hect\u00e1reas<\/h4>\n<p>La aprobaci\u00f3n de la soja transg\u00e9nica sucedi\u00f3 en forma escalonada en los pa\u00edses de Cono Sur. En Argentina fue en marzo de 1996. En Uruguay se dio luz verde en octubre del mismo a\u00f1o. En el resto de los pa\u00edses se cultiv\u00f3 de forma ilegal desde fines de los \u201890 y la autorizaci\u00f3n formal lleg\u00f3 a\u00f1os despu\u00e9s: en 2003 en Brasil, un a\u00f1o despu\u00e9s en Paraguay y en 2005 en Bolivia.<\/p>\n<p>El avance transg\u00e9nico tuvo su correlato de devastaci\u00f3n ambiental. En Argentina se destruyeron 5,6 millones de hect\u00e1reas de monte nativo entre 1998 y 2017. Las provincias m\u00e1s desmontadas fueron Santiago del Estero (1,8 millones de hect\u00e1reas), Salta (1,4 millones), Chaco (650 mil) y Formosa (418 mil). Todas zonas ajenas al agro industrial, todas zonas de campesinos, ind\u00edgenas y agricultores familiares.<\/p>\n<p>La Fundaci\u00f3n Tierra de Bolivia precis\u00f3 que en ese pa\u00eds se arrasaron 5,1 millones de hect\u00e1reas entre 1990 y 2016. El departamento con mayor deforestaci\u00f3n es Santa Cruz de la Sierra, coraz\u00f3n de las empresas agroindustriales. Otros departamentos, con cifras menores, son Tarija, Beni, La Paz y Chuquisaca.<\/p>\n<p>En Paraguay, entre 2001 al 2017, se destruyeron 5,4 millones de hect\u00e1reas. La organizaci\u00f3n Base-Is explic\u00f3 que el desmonte mayormente se produjo en losdepartamentos de Alto Paraguay, Presidente Hayes, Concepci\u00f3n, Amambay, Canindey\u00fa, Alto Paran\u00e1. Son los mismos departamentos donde se produjo el mayor avance del modelo agroexportador.<\/p>\n<p>En Brasil se desmontaron 19,1 millones de hect\u00e1reas entre 1990 y 2019. Se dio principalmente en la regi\u00f3n llamada Amazonia Legal, un \u00e1rea que engloba en su totalidad los estados de Acre, Amap\u00e1, Amazonas, Par\u00e1, Rond\u00f4nia, Roraima, Tocantins y Mato Grosso, y parcialmente el estado de Maranhao, todos pertenecientes a la cuenca amaz\u00f3nica.<\/p>\n<p>Un elemento fundamental, muchas veces silenciado por organizaciones conservacionistas, en los territorios con bosque viv\u00edan (y viven) pueblos ind\u00edgenas, campesinos, agricultores familias. Actores imprescindibles para la soberan\u00eda alimentaria y la defensa del monte nativo.<\/p>\n<p>Los millones de hect\u00e1reas devastadas fueron transformadas en monocultivos. Argentina contaba con 6,6 millones de hect\u00e1reas con soja (convencional) en 1996. Y lleg\u00f3 al pico m\u00e1ximo de 20,5 millones hect\u00e1reas de soja transg\u00e9nica en 2015. El ma\u00edz pas\u00f3 de 4,1 millones de hect\u00e1reas en 1996 a 6,9 millones en 2015. En Paraguay se pas\u00f3 de 1,1 millones de hect\u00e1reas con soja en 1997 a 3,4 en 2018. El ma\u00edz tambi\u00e9n se multiplic\u00f3: de 356.600 hect\u00e1reas en 1997 se lleg\u00f3 a un mill\u00f3n en 2016. En Bolivia se pas\u00f3 de 200.000 hect\u00e1reas con soja en 1990 a 1,2 millones en 2017. A fines de la d\u00e9cada del \u201890 Brasil contaba con tres millones de hect\u00e1reas declaradas. En la cosecha 2019 lleg\u00f3 a 36 millones de hect\u00e1reas.<\/p>\n<h4>Otro monocultivo, mismo modelo<\/h4>\n<p>Uruguay es un caso muy particular referido al avance del agro y sus bosques. La Ley 15.939 (de 1987) proh\u00edbe la tala de monte nativo (con excepciones para el uso dom\u00e9stico, y con autorizaci\u00f3n de la Direcci\u00f3n General Forestal) y obliga a reforestar con especies nativas. De esta forma, la superficie de monte nativo pas\u00f3 de 664 mil hect\u00e1reas en 1990 a 850 mil en 2019. Pero la misma ley estimula el desarrollo de la industria forestal, que genera el avance del monocultivo de \u00e1rboles, parte del modelo de agronegocio. En 1987 la superficie de plantaciones forestales (pino y eucaliptus) era de 46.000 hect\u00e1reas. En 2017 lleg\u00f3 a las 2,2 millones de hect\u00e1reas. Lo que implic\u00f3 acaparamiento de tierras, uso masivo de agrot\u00f3xicos y la instalaci\u00f3n de plantas de celulosa, con denuncias de contaminaci\u00f3n del agua y el aire. El caso m\u00e1s famoso: Botnia-UPM, de capitales fidlandeses.<\/p>\n<div id=\"attachment_1083655\" class=\"wp-caption alignnone\"><img loading=\"lazy\" decoding=\"async\" aria-describedby=\"caption-attachment-1083655\" class=\"wp-image-1083655 size-full\" src=\"https:\/\/www.pressenza.com\/wp-content\/uploads\/2020\/04\/Rondonia-Brasil-Ibama.jpg\" alt=\"\" width=\"800\" height=\"531\" srcset=\"https:\/\/www.pressenza.com\/wp-content\/uploads\/2020\/04\/Rondonia-Brasil-Ibama.jpg 800w, https:\/\/www.pressenza.com\/wp-content\/uploads\/2020\/04\/Rondonia-Brasil-Ibama-300x199.jpg 300w, https:\/\/www.pressenza.com\/wp-content\/uploads\/2020\/04\/Rondonia-Brasil-Ibama-720x478.jpg 720w, https:\/\/www.pressenza.com\/wp-content\/uploads\/2020\/04\/Rondonia-Brasil-Ibama-768x510.jpg 768w\" sizes=\"auto, (max-width: 800px) 100vw, 800px\" \/><p id=\"caption-attachment-1083655\" class=\"wp-caption-text\">Desmonte en el estado de Rondonia, Brasil. Foto Ibama<\/p><\/div>\n<h4>Regi\u00f3n chaque\u00f1a<\/h4>\n<p>La ONG paraguaya Guyra analiza la situaci\u00f3n del Gran Chaco Sudamericano, que incluye a la Argentina, Paraguay y Bolivia. Analiz\u00f3 el avance de los deforestaci\u00f3n entre 2010 y 2018. En 2010 y 2011 contabiliz\u00f3 picos de desmonte de hasta 1400 hect\u00e1reas por d\u00eda en promedio. Y en 2012 y 2013 aument\u00f3 incluso hasta un promedio de 2000 hect\u00e1reas diarias. A modo global, entre 2010 y 2013 se destruyeron m\u00e1s de 1,6 millones de hect\u00e1reas. Paraguay encabez\u00f3 el ranking con un mill\u00f3n de hect\u00e1reas destru\u00eddas.<\/p>\n<p>En junio de 2018, \u00faltimo informe mensual disponible, detectaron 34.000 hect\u00e1reas arrasadas, un promedio de 1096 hect\u00e1reas por d\u00eda. Argentina represent\u00f3 el 80 por ciento y Paraguay el 18 por ciento.<\/p>\n<p>\u201cMonitoreo desmonte\u201d, es un sitio web colaborativo que analiza la situaci\u00f3n de bosques de la regi\u00f3n chaque\u00f1a de Argentina, doce provincias del norte del pa\u00eds donde avanz\u00f3 el modelo agropecuario. Mediante im\u00e1genes satelitales precisa los desmontes desde la d\u00e9cada del \u201870 hasta la actualidad. Entre el a\u00f1o 2000 y el 2018 se perdieron 5,7 millones de hect\u00e1reas, un promedio anual de 300 mil hect\u00e1reas. \u201cLas tasas de deforestaci\u00f3n en esta regi\u00f3n se encuentran entre las m\u00e1s altas del mundo y est\u00e1n promovidas principalmente por el avance de la frontera agropecuaria. Este proceso ha generado importantes conflictos territoriales que incrementaron la preocupaci\u00f3n y el inter\u00e9s por conservar los bienes naturales y culturales asociados a estos bosques\u201d, explican los autores del relevamiento, la Red Agroforestal Chaco Argentina (Redaf), el Laboratorio de An\u00e1lisis Regional y Teledetecci\u00f3n (LART) de la Facultad de Agronom\u00eda de la Universidad de Buenos Aires (Fauba) y el Instituto Nacional de Tecnolog\u00eda Agropecuaria (INTA).<\/p>\n<p>En Argentina se aprob\u00f3 en 2007 la llamada \u201cLey de bosques\u201d (26.331), que buscaba frenar la deforestaci\u00f3n. Desde la sanci\u00f3n de la ley hasta fines de 2016 se destruyeron en Argentina 2,4 millones de hect\u00e1reas: equivalente a 120 veces la superficie de la ciudad de Buenos Aires. El 80 por ciento de los desmontes se concentr\u00f3 en las provincias de Santiago del Estero, Salta, Formosa y Chaco.<\/p>\n<h4>Crisis clim\u00e1tica<\/h4>\n<p>Adem\u00e1s de las emisiones de gases de efecto invernadero, un factor clave en el rol de los bosques es que absorven el di\u00f3xido de carbono, proveen ox\u00edgeno y son fundamentales para bajar la temperatura del planeta. Sin embargo, entre 1990 y 2019 se destruyeron en el mundo m\u00e1s de 129 millones de hect\u00e1reas de bosques, superficie equivalente a la de Sud\u00e1frica1. El agronegocio, que incluye la ganader\u00eda industrial, es un factor clave en la destrucci\u00f3n de esos bosques.<\/p>\n<p>\u00abPerspectivas del Medio Ambiente Mundial\u00bb, es el nombre del informe de Naciones Unidas (ONU), presentado en marzo de 2019. Brinda un alerta contundente: el planeta se dirige hacia el colapso clim\u00e1tico, sanitario y social.<\/p>\n<p>Desde 1880 la temperatura mundial aument\u00f3 entre 0,8 y 1,2 grados cent\u00edgrados. Y en la \u00faltima d\u00e9cada se produjeron ocho de los diez a\u00f1os m\u00e1s c\u00e1lidos de la historia. El Acuerdo de Par\u00eds (2015) establece que los pa\u00edses firmantes deben adaptar acciones para que la temperatura del planeta no aumente por encima del 1,5 grados cent\u00edgrados. Fue (y es) muy criticado por organizaciones sociales por no cuestionar el modelo de consumo que lleva al desastre clim\u00e1tico, no ser vinculante, no frenar la extracci\u00f3n de hidrocarburos (como se hab\u00eda propuesto en la cumbre mundial de Kioto &#8211;Jap\u00f3n&#8211; en 1997) y proponer \u00abfalsas soluciones\u00bb (monocultivo de \u00e1rboles, bonos de \u00abcompensaci\u00f3n\u00bb para contaminar, geoingenier\u00eda para modificar el clima, entre otros).<\/p>\n<p>Las grandes potencias econ\u00f3micas del mundo comandan el Grupo de los 20 (G20). Y esos mismos pa\u00edses tambi\u00e9n son los m\u00e1ximos responsables del cambio clim\u00e1tico, el aumento de la temperatura global y los consiguientes desastres ambientales: el 76 por ciento de las emisiones del di\u00f3xido de carbono (principal factor del ascenso de la temperatura) proviene de los pa\u00edses del G20. Encabezan el ranking de contaminaci\u00f3n China, Estados Unidos, la Uni\u00f3n Europea, India, Rusia, Jap\u00f3n y Alemania.<\/p>\n<p>El informe de la ONU es concluyente: \u00abLas actividades antrop\u00f3genas (humanas) han degradado los ecosistemas de la Tierra y socavado los cimientos ecol\u00f3gicos de la sociedad\u00bb. Aclara que es necesario \u00abadoptar medidas urgentes a una escala sin precedentes para detener y revertir esa situaci\u00f3n y proteger as\u00ed la salud humana y ambiental\u00bb. Algunas de las medidas esenciales son reducir la degradaci\u00f3n de la tierra, frenar la p\u00e9rdida de biodiversidad y la contaminaci\u00f3n del aire, la tierra y las aguas; mitigar el cambio clim\u00e1tico y reducir la quema de combustibles f\u00f3siles\u201d. Joyce Msuya, directora ejecutiva de ONU Medio Ambiente, fue tajante: \u00abEstamos causando el cambio clim\u00e1tico y la p\u00e9rdida de biodiversidad. No habr\u00e1 ma\u00f1ana para muchas personas, a menos que nos detengamos\u00bb.<\/p>\n","protected":false},"excerpt":{"rendered":"<p>El avance del agronegocio y la p\u00e9rdida de millones de hect\u00e1reas de bosque. La crisis clim\u00e1tica, el aumento de la temperatura global y los territorios de sacrificio en el Sur global. En paralelo al avance del modelo sojero en el&hellip;<\/p>\n","protected":false},"author":1210,"featured_media":1083645,"comment_status":"closed","ping_status":"closed","sticky":false,"template":"","format":"standard","meta":{"footnotes":""},"categories":[78,161,74,67],"tags":[57657,54679,1265,54149,54082,22210,4897,18507,3169],"class_list":["post-1083638","post","type-post","status-publish","format-standard","has-post-thumbnail","hentry","category-medio-ambiente-ecologia","category-opiniones","category-politica-es","category-sudamerica","tag-agronegocio-es-2","tag-agrotoxicos-es-2","tag-cambio-climatico","tag-desmonte-es","tag-indigenas-es","tag-pueblos-originarios","tag-soja","tag-territorios","tag-transgenicos"],"yoast_head":"<!-- This site is optimized with the Yoast SEO plugin v27.1.1 - https:\/\/yoast.com\/product\/yoast-seo-wordpress\/ -->\n<title>Arrasar con la vida<\/title>\n<meta name=\"description\" content=\"El avance del agronegocio y la p\u00e9rdida de millones de hect\u00e1reas de bosque. La crisis clim\u00e1tica, el aumento de la temperatura global y los territorios de\" \/>\n<meta name=\"robots\" content=\"index, follow, max-snippet:-1, max-image-preview:large, max-video-preview:-1\" \/>\n<link rel=\"canonical\" href=\"https:\/\/www.pressenza.com\/es\/2020\/04\/arrasar-con-la-vida\/\" \/>\n<meta property=\"og:locale\" content=\"es_ES\" \/>\n<meta property=\"og:type\" content=\"article\" \/>\n<meta property=\"og:title\" content=\"Arrasar con la vida\" \/>\n<meta property=\"og:description\" content=\"El avance del agronegocio y la p\u00e9rdida de millones de hect\u00e1reas de bosque. La crisis clim\u00e1tica, el aumento de la temperatura global y los territorios de\" \/>\n<meta property=\"og:url\" content=\"https:\/\/www.pressenza.com\/es\/2020\/04\/arrasar-con-la-vida\/\" \/>\n<meta property=\"og:site_name\" content=\"Pressenza\" \/>\n<meta property=\"article:publisher\" content=\"https:\/\/www.facebook.com\/PressenzaItalia\" \/>\n<meta property=\"article:published_time\" content=\"2020-04-13T21:02:52+00:00\" \/>\n<meta property=\"article:modified_time\" content=\"2020-04-13T21:03:28+00:00\" \/>\n<meta property=\"og:image\" content=\"https:\/\/www.pressenza.com\/wp-content\/uploads\/2020\/04\/paraje-Saucelito-M.a.f.i.a..jpg\" \/>\n\t<meta property=\"og:image:width\" content=\"1600\" \/>\n\t<meta property=\"og:image:height\" content=\"1067\" \/>\n\t<meta property=\"og:image:type\" content=\"image\/jpeg\" \/>\n<meta name=\"author\" content=\"Dar\u00edo Aranda\" \/>\n<meta name=\"twitter:card\" content=\"summary_large_image\" \/>\n<meta name=\"twitter:creator\" content=\"@PressenzaIPA\" \/>\n<meta name=\"twitter:site\" content=\"@PressenzaIPA\" \/>\n<meta name=\"twitter:label1\" content=\"Escrito por\" \/>\n\t<meta name=\"twitter:data1\" content=\"Dar\u00edo Aranda\" \/>\n\t<meta name=\"twitter:label2\" content=\"Tiempo de lectura\" \/>\n\t<meta name=\"twitter:data2\" content=\"8 minutos\" \/>\n<script type=\"application\/ld+json\" class=\"yoast-schema-graph\">{\"@context\":\"https:\/\/schema.org\",\"@graph\":[{\"@type\":\"Article\",\"@id\":\"https:\/\/www.pressenza.com\/es\/2020\/04\/arrasar-con-la-vida\/#article\",\"isPartOf\":{\"@id\":\"https:\/\/www.pressenza.com\/es\/2020\/04\/arrasar-con-la-vida\/\"},\"author\":{\"name\":\"Dar\u00edo Aranda\",\"@id\":\"https:\/\/www.pressenza.com\/es\/#\/schema\/person\/0e60cd529ef3ecd836a42735fa83478b\"},\"headline\":\"Arrasar con la vida\",\"datePublished\":\"2020-04-13T21:02:52+00:00\",\"dateModified\":\"2020-04-13T21:03:28+00:00\",\"mainEntityOfPage\":{\"@id\":\"https:\/\/www.pressenza.com\/es\/2020\/04\/arrasar-con-la-vida\/\"},\"wordCount\":1541,\"publisher\":{\"@id\":\"https:\/\/www.pressenza.com\/es\/#organization\"},\"image\":{\"@id\":\"https:\/\/www.pressenza.com\/es\/2020\/04\/arrasar-con-la-vida\/#primaryimage\"},\"thumbnailUrl\":\"https:\/\/www.pressenza.com\/wp-content\/uploads\/2020\/04\/paraje-Saucelito-M.a.f.i.a..jpg\",\"keywords\":[\"agronegocio\",\"agrotoxicos\",\"cambio clim\u00e1tico\",\"desmonte\",\"indigenas\",\"Pueblos Originarios\",\"soja\",\"territorios\",\"Transg\u00e9nicos\"],\"articleSection\":[\"Ecolog\u00eda y Medio Ambiente\",\"Opiniones\",\"Pol\u00edtica\",\"Sudam\u00e9rica\"],\"inLanguage\":\"es\"},{\"@type\":\"WebPage\",\"@id\":\"https:\/\/www.pressenza.com\/es\/2020\/04\/arrasar-con-la-vida\/\",\"url\":\"https:\/\/www.pressenza.com\/es\/2020\/04\/arrasar-con-la-vida\/\",\"name\":\"Arrasar con la vida\",\"isPartOf\":{\"@id\":\"https:\/\/www.pressenza.com\/es\/#website\"},\"primaryImageOfPage\":{\"@id\":\"https:\/\/www.pressenza.com\/es\/2020\/04\/arrasar-con-la-vida\/#primaryimage\"},\"image\":{\"@id\":\"https:\/\/www.pressenza.com\/es\/2020\/04\/arrasar-con-la-vida\/#primaryimage\"},\"thumbnailUrl\":\"https:\/\/www.pressenza.com\/wp-content\/uploads\/2020\/04\/paraje-Saucelito-M.a.f.i.a..jpg\",\"datePublished\":\"2020-04-13T21:02:52+00:00\",\"dateModified\":\"2020-04-13T21:03:28+00:00\",\"description\":\"El avance del agronegocio y la p\u00e9rdida de millones de hect\u00e1reas de bosque. La crisis clim\u00e1tica, el aumento de la temperatura global y los territorios de\",\"breadcrumb\":{\"@id\":\"https:\/\/www.pressenza.com\/es\/2020\/04\/arrasar-con-la-vida\/#breadcrumb\"},\"inLanguage\":\"es\",\"potentialAction\":[{\"@type\":\"ReadAction\",\"target\":[\"https:\/\/www.pressenza.com\/es\/2020\/04\/arrasar-con-la-vida\/\"]}]},{\"@type\":\"ImageObject\",\"inLanguage\":\"es\",\"@id\":\"https:\/\/www.pressenza.com\/es\/2020\/04\/arrasar-con-la-vida\/#primaryimage\",\"url\":\"https:\/\/www.pressenza.com\/wp-content\/uploads\/2020\/04\/paraje-Saucelito-M.a.f.i.a..jpg\",\"contentUrl\":\"https:\/\/www.pressenza.com\/wp-content\/uploads\/2020\/04\/paraje-Saucelito-M.a.f.i.a..jpg\",\"width\":1600,\"height\":1067},{\"@type\":\"BreadcrumbList\",\"@id\":\"https:\/\/www.pressenza.com\/es\/2020\/04\/arrasar-con-la-vida\/#breadcrumb\",\"itemListElement\":[{\"@type\":\"ListItem\",\"position\":1,\"name\":\"Accueil\",\"item\":\"https:\/\/www.pressenza.com\/es\/\"},{\"@type\":\"ListItem\",\"position\":2,\"name\":\"Arrasar con la vida\"}]},{\"@type\":\"WebSite\",\"@id\":\"https:\/\/www.pressenza.com\/es\/#website\",\"url\":\"https:\/\/www.pressenza.com\/es\/\",\"name\":\"Pressenza\",\"description\":\"International Press Agency\",\"publisher\":{\"@id\":\"https:\/\/www.pressenza.com\/es\/#organization\"},\"potentialAction\":[{\"@type\":\"SearchAction\",\"target\":{\"@type\":\"EntryPoint\",\"urlTemplate\":\"https:\/\/www.pressenza.com\/es\/?s={search_term_string}\"},\"query-input\":{\"@type\":\"PropertyValueSpecification\",\"valueRequired\":true,\"valueName\":\"search_term_string\"}}],\"inLanguage\":\"es\"},{\"@type\":\"Organization\",\"@id\":\"https:\/\/www.pressenza.com\/es\/#organization\",\"name\":\"Pressenza\",\"url\":\"https:\/\/www.pressenza.com\/es\/\",\"logo\":{\"@type\":\"ImageObject\",\"inLanguage\":\"es\",\"@id\":\"https:\/\/www.pressenza.com\/es\/#\/schema\/logo\/image\/\",\"url\":\"https:\/\/www.pressenza.com\/wp-content\/uploads\/2022\/10\/pressenza_logo_200x200.jpg\",\"contentUrl\":\"https:\/\/www.pressenza.com\/wp-content\/uploads\/2022\/10\/pressenza_logo_200x200.jpg\",\"width\":200,\"height\":200,\"caption\":\"Pressenza\"},\"image\":{\"@id\":\"https:\/\/www.pressenza.com\/es\/#\/schema\/logo\/image\/\"},\"sameAs\":[\"https:\/\/www.facebook.com\/PressenzaItalia\",\"https:\/\/x.com\/PressenzaIPA\"]},{\"@type\":\"Person\",\"@id\":\"https:\/\/www.pressenza.com\/es\/#\/schema\/person\/0e60cd529ef3ecd836a42735fa83478b\",\"name\":\"Dar\u00edo Aranda\",\"description\":\"Dar\u00edo Aranda (argentino, 1977) es periodista. Especializado en extractivismo (petr\u00f3leo, miner\u00eda, agronegocios y forestales), escribe sobre el acontecer de los pueblos ind\u00edgenas, organizaciones campesinas y asambleas socioambientales. www.darioaranda.com.ar\",\"url\":\"https:\/\/www.pressenza.com\/es\/author\/dario-aranda\/\"}]}<\/script>\n<!-- \/ Yoast SEO plugin. -->","yoast_head_json":{"title":"Arrasar con la vida","description":"El avance del agronegocio y la p\u00e9rdida de millones de hect\u00e1reas de bosque. La crisis clim\u00e1tica, el aumento de la temperatura global y los territorios de","robots":{"index":"index","follow":"follow","max-snippet":"max-snippet:-1","max-image-preview":"max-image-preview:large","max-video-preview":"max-video-preview:-1"},"canonical":"https:\/\/www.pressenza.com\/es\/2020\/04\/arrasar-con-la-vida\/","og_locale":"es_ES","og_type":"article","og_title":"Arrasar con la vida","og_description":"El avance del agronegocio y la p\u00e9rdida de millones de hect\u00e1reas de bosque. La crisis clim\u00e1tica, el aumento de la temperatura global y los territorios de","og_url":"https:\/\/www.pressenza.com\/es\/2020\/04\/arrasar-con-la-vida\/","og_site_name":"Pressenza","article_publisher":"https:\/\/www.facebook.com\/PressenzaItalia","article_published_time":"2020-04-13T21:02:52+00:00","article_modified_time":"2020-04-13T21:03:28+00:00","og_image":[{"width":1600,"height":1067,"url":"https:\/\/www.pressenza.com\/wp-content\/uploads\/2020\/04\/paraje-Saucelito-M.a.f.i.a..jpg","type":"image\/jpeg"}],"author":"Dar\u00edo Aranda","twitter_card":"summary_large_image","twitter_creator":"@PressenzaIPA","twitter_site":"@PressenzaIPA","twitter_misc":{"Escrito por":"Dar\u00edo Aranda","Tiempo de lectura":"8 minutos"},"schema":{"@context":"https:\/\/schema.org","@graph":[{"@type":"Article","@id":"https:\/\/www.pressenza.com\/es\/2020\/04\/arrasar-con-la-vida\/#article","isPartOf":{"@id":"https:\/\/www.pressenza.com\/es\/2020\/04\/arrasar-con-la-vida\/"},"author":{"name":"Dar\u00edo Aranda","@id":"https:\/\/www.pressenza.com\/es\/#\/schema\/person\/0e60cd529ef3ecd836a42735fa83478b"},"headline":"Arrasar con la vida","datePublished":"2020-04-13T21:02:52+00:00","dateModified":"2020-04-13T21:03:28+00:00","mainEntityOfPage":{"@id":"https:\/\/www.pressenza.com\/es\/2020\/04\/arrasar-con-la-vida\/"},"wordCount":1541,"publisher":{"@id":"https:\/\/www.pressenza.com\/es\/#organization"},"image":{"@id":"https:\/\/www.pressenza.com\/es\/2020\/04\/arrasar-con-la-vida\/#primaryimage"},"thumbnailUrl":"https:\/\/www.pressenza.com\/wp-content\/uploads\/2020\/04\/paraje-Saucelito-M.a.f.i.a..jpg","keywords":["agronegocio","agrotoxicos","cambio clim\u00e1tico","desmonte","indigenas","Pueblos Originarios","soja","territorios","Transg\u00e9nicos"],"articleSection":["Ecolog\u00eda y Medio Ambiente","Opiniones","Pol\u00edtica","Sudam\u00e9rica"],"inLanguage":"es"},{"@type":"WebPage","@id":"https:\/\/www.pressenza.com\/es\/2020\/04\/arrasar-con-la-vida\/","url":"https:\/\/www.pressenza.com\/es\/2020\/04\/arrasar-con-la-vida\/","name":"Arrasar con la vida","isPartOf":{"@id":"https:\/\/www.pressenza.com\/es\/#website"},"primaryImageOfPage":{"@id":"https:\/\/www.pressenza.com\/es\/2020\/04\/arrasar-con-la-vida\/#primaryimage"},"image":{"@id":"https:\/\/www.pressenza.com\/es\/2020\/04\/arrasar-con-la-vida\/#primaryimage"},"thumbnailUrl":"https:\/\/www.pressenza.com\/wp-content\/uploads\/2020\/04\/paraje-Saucelito-M.a.f.i.a..jpg","datePublished":"2020-04-13T21:02:52+00:00","dateModified":"2020-04-13T21:03:28+00:00","description":"El avance del agronegocio y la p\u00e9rdida de millones de hect\u00e1reas de bosque. La crisis clim\u00e1tica, el aumento de la temperatura global y los territorios de","breadcrumb":{"@id":"https:\/\/www.pressenza.com\/es\/2020\/04\/arrasar-con-la-vida\/#breadcrumb"},"inLanguage":"es","potentialAction":[{"@type":"ReadAction","target":["https:\/\/www.pressenza.com\/es\/2020\/04\/arrasar-con-la-vida\/"]}]},{"@type":"ImageObject","inLanguage":"es","@id":"https:\/\/www.pressenza.com\/es\/2020\/04\/arrasar-con-la-vida\/#primaryimage","url":"https:\/\/www.pressenza.com\/wp-content\/uploads\/2020\/04\/paraje-Saucelito-M.a.f.i.a..jpg","contentUrl":"https:\/\/www.pressenza.com\/wp-content\/uploads\/2020\/04\/paraje-Saucelito-M.a.f.i.a..jpg","width":1600,"height":1067},{"@type":"BreadcrumbList","@id":"https:\/\/www.pressenza.com\/es\/2020\/04\/arrasar-con-la-vida\/#breadcrumb","itemListElement":[{"@type":"ListItem","position":1,"name":"Accueil","item":"https:\/\/www.pressenza.com\/es\/"},{"@type":"ListItem","position":2,"name":"Arrasar con la vida"}]},{"@type":"WebSite","@id":"https:\/\/www.pressenza.com\/es\/#website","url":"https:\/\/www.pressenza.com\/es\/","name":"Pressenza","description":"International Press Agency","publisher":{"@id":"https:\/\/www.pressenza.com\/es\/#organization"},"potentialAction":[{"@type":"SearchAction","target":{"@type":"EntryPoint","urlTemplate":"https:\/\/www.pressenza.com\/es\/?s={search_term_string}"},"query-input":{"@type":"PropertyValueSpecification","valueRequired":true,"valueName":"search_term_string"}}],"inLanguage":"es"},{"@type":"Organization","@id":"https:\/\/www.pressenza.com\/es\/#organization","name":"Pressenza","url":"https:\/\/www.pressenza.com\/es\/","logo":{"@type":"ImageObject","inLanguage":"es","@id":"https:\/\/www.pressenza.com\/es\/#\/schema\/logo\/image\/","url":"https:\/\/www.pressenza.com\/wp-content\/uploads\/2022\/10\/pressenza_logo_200x200.jpg","contentUrl":"https:\/\/www.pressenza.com\/wp-content\/uploads\/2022\/10\/pressenza_logo_200x200.jpg","width":200,"height":200,"caption":"Pressenza"},"image":{"@id":"https:\/\/www.pressenza.com\/es\/#\/schema\/logo\/image\/"},"sameAs":["https:\/\/www.facebook.com\/PressenzaItalia","https:\/\/x.com\/PressenzaIPA"]},{"@type":"Person","@id":"https:\/\/www.pressenza.com\/es\/#\/schema\/person\/0e60cd529ef3ecd836a42735fa83478b","name":"Dar\u00edo Aranda","description":"Dar\u00edo Aranda (argentino, 1977) es periodista. Especializado en extractivismo (petr\u00f3leo, miner\u00eda, agronegocios y forestales), escribe sobre el acontecer de los pueblos ind\u00edgenas, organizaciones campesinas y asambleas socioambientales. www.darioaranda.com.ar","url":"https:\/\/www.pressenza.com\/es\/author\/dario-aranda\/"}]}},"place":"Ciudad de Buenos Aires. La Poderosa","original_article_url":"","_links":{"self":[{"href":"https:\/\/www.pressenza.com\/es\/wp-json\/wp\/v2\/posts\/1083638","targetHints":{"allow":["GET"]}}],"collection":[{"href":"https:\/\/www.pressenza.com\/es\/wp-json\/wp\/v2\/posts"}],"about":[{"href":"https:\/\/www.pressenza.com\/es\/wp-json\/wp\/v2\/types\/post"}],"author":[{"embeddable":true,"href":"https:\/\/www.pressenza.com\/es\/wp-json\/wp\/v2\/users\/1210"}],"replies":[{"embeddable":true,"href":"https:\/\/www.pressenza.com\/es\/wp-json\/wp\/v2\/comments?post=1083638"}],"version-history":[{"count":0,"href":"https:\/\/www.pressenza.com\/es\/wp-json\/wp\/v2\/posts\/1083638\/revisions"}],"wp:featuredmedia":[{"embeddable":true,"href":"https:\/\/www.pressenza.com\/es\/wp-json\/wp\/v2\/media\/1083645"}],"wp:attachment":[{"href":"https:\/\/www.pressenza.com\/es\/wp-json\/wp\/v2\/media?parent=1083638"}],"wp:term":[{"taxonomy":"category","embeddable":true,"href":"https:\/\/www.pressenza.com\/es\/wp-json\/wp\/v2\/categories?post=1083638"},{"taxonomy":"post_tag","embeddable":true,"href":"https:\/\/www.pressenza.com\/es\/wp-json\/wp\/v2\/tags?post=1083638"}],"curies":[{"name":"wp","href":"https:\/\/api.w.org\/{rel}","templated":true}]}}