{"id":1083,"date":"2009-08-25T00:00:00","date_gmt":"2009-08-25T00:00:00","guid":{"rendered":""},"modified":"2009-08-26T11:06:50","modified_gmt":"2009-08-26T11:06:50","slug":"camp-casey-se-hace-a-la-mar-para-la-cumbre-de-paz-a-bordo-del-velero-de-sheehan","status":"publish","type":"post","link":"https:\/\/www.pressenza.com\/es\/2009\/08\/camp-casey-se-hace-a-la-mar-para-la-cumbre-de-paz-a-bordo-del-velero-de-sheehan\/","title":{"rendered":"Camp Casey se hace a la mar para la Cumbre de Paz a bordo del velero de Sheehan"},"content":{"rendered":"<p>La defensora de la paz Cindy Sheehan est\u00e1 convocando a los l\u00edderes de los movimientos pacifistas, a los locutores de noticieros internacionales y a las personas del p\u00fablico que aboguen por la paz, a hacer una traves\u00eda en torno a Martha\u2019s Vineyard del 27 de agosto al 29. Esta reuni\u00f3n se efectuar\u00e1 a bordo del gran velero de lujo bautizado como SS Camp Casey y anclado en Martha\u2019s Vineyard. Cindy va a ayudar a guiar la embarcaci\u00f3n durante las excursiones diarias, mientras celebra esta cumbre de paz mar\u00edtima.<\/p>\n<p>La intenci\u00f3n de Cindy es reunir a los l\u00edderes para que asuman las funciones de un \u201cDepartamento de Paz\u201d en acci\u00f3n, y busca convenios inmediatos: \u201cEstoy invitando al Movimiento de la Paz a abarcar todo nuestro pa\u00eds con una demanda unificada para el inmediato regreso de la totalidad de las fuerzas militares de Estados Unidos esparcidas por el orbe. Traigan a todos y cada uno de nuestros soldados a casa \u00a1YA! Los necesitamos en nuestras familias y comunidades. El mundo necesita un receso permanente de la guerra.\u201d<\/p>\n<p>Cindy Sheehan declara su plan de movilizar a los l\u00edderes pacifistas para que empiecen a trabajar con ella en un borrador del primer \u201cTratado de Paz Universal\u201d del mundo. \u201cTenemos que dejar de aterrar a nuestros soldados y a la gente civil del planeta con el siseo de la espada imperial de los periodos presidenciales belicosos\u201d, afirm\u00f3. \u201c\u00a1Nosotros debemos SER el cambio que deseamos ver en nuestro Presidente!\u201d<\/p>\n<p>Cindy exige que el gobierno de Obama ordene un cese obligatorio de las pol\u00edticas de guerra estadounidenses. Agrega: \u201cEl tiempo no da marcha atr\u00e1s porque tengamos un nuevo Presidente. Debemos hacerlos regresar a todos inmediatamente. No vamos a tolerar m\u00e1s espera. \u00a1De ninguna manera aceptaremos que se mantenga a nuestros soldados fuera de su patria!\u201d<\/p>\n<p>\u201cLa seguridad empieza en casa, con familias \u00edntegras\u201d, dice. \u201cYa es tiempo de que empiece el proceso de curaci\u00f3n. El verdadero objetivo de nuestra naci\u00f3n deber\u00eda ser Paz en la Tierra, empezando por cortar de ra\u00edz nuestras fallidas pol\u00edticas b\u00e9licas.\u201d<\/p>\n<p>Y a la comunidad internacional en favor de la paz le dice: \u201c\u00c9ste es el momento de poner fin, de una vez por todas, a las guerras de Estados Unidos. Debemos mantenernos fieles a las ense\u00f1anzas de las antiguas escrituras: Que la paz y la paz y la paz reine por doquier. Yo declaro \u00e9sta nuestra nueva pol\u00edtica de defensa nacional.\u201d<\/p>\n<p>Para informes, comun\u00edquese con Laurie Dobson al 207-604-8988 o en lauriegdobson@yahoo.com, o bien con Bruce Marshall al 802-767-6079 o en brmas@yahoo.com<\/p>\n<p>*(Traducci\u00f3n: Patricia Straulino Peacock)*<\/p>\n","protected":false},"excerpt":{"rendered":"<p>La defensora de la paz Cindy Sheehan convoca a todos los l\u00edderes de la paz a acudir a navegar a bordo de su SS Camp Casey, anclado en Martha\u2019s Vineyard, y realizar una cumbre de paz en una traves\u00eda del 27 al 29 de agosto. Cindy, a quien los medios a veces llaman \u201cla mam\u00e1 de la paz\u201d, perdi\u00f3 a su hijo Casey en la Guerra de Irak, asesinado en plena acci\u00f3n el 4 de abril de 2004.  <\/p>\n","protected":false},"author":19,"featured_media":0,"comment_status":"closed","ping_status":"open","sticky":false,"template":"","format":"standard","meta":{"footnotes":""},"categories":[76,149,39,68],"tags":[],"class_list":["post-1083","post","type-post","status-publish","format-standard","hentry","category-relaciones-exteriores","category-comunicados-de-prensa","category-internacional","category-norteamerica"],"yoast_head":"<!-- This site is optimized with the Yoast SEO plugin v27.1.1 - https:\/\/yoast.com\/product\/yoast-seo-wordpress\/ -->\n<title>Camp Casey se hace a la mar para la Cumbre de Paz a bordo del velero de Sheehan<\/title>\n<meta name=\"description\" content=\"La defensora de la paz Cindy Sheehan convoca a todos los l\u00edderes de la paz a acudir a navegar a bordo de su SS Camp Casey, anclado en Martha\u2019s Vineyard, y realizar una cumbre de paz en una traves\u00eda del 27 al 29 de agosto. Cindy, a quien los medios a veces llaman \u201cla mam\u00e1 de la paz\u201d, perdi\u00f3 a su hijo Casey en la Guerra de Irak, asesinado en plena acci\u00f3n el 4 de abril de 2004.\" \/>\n<meta name=\"robots\" content=\"index, follow, max-snippet:-1, max-image-preview:large, max-video-preview:-1\" \/>\n<link rel=\"canonical\" href=\"https:\/\/www.pressenza.com\/es\/2009\/08\/camp-casey-se-hace-a-la-mar-para-la-cumbre-de-paz-a-bordo-del-velero-de-sheehan\/\" \/>\n<meta property=\"og:locale\" content=\"es_ES\" \/>\n<meta property=\"og:type\" content=\"article\" \/>\n<meta property=\"og:title\" content=\"Camp Casey se hace a la mar para la Cumbre de Paz a bordo del velero de Sheehan\" \/>\n<meta property=\"og:description\" content=\"La defensora de la paz Cindy Sheehan convoca a todos los l\u00edderes de la paz a acudir a navegar a bordo de su SS Camp Casey, anclado en Martha\u2019s Vineyard, y realizar una cumbre de paz en una traves\u00eda del 27 al 29 de agosto. Cindy, a quien los medios a veces llaman \u201cla mam\u00e1 de la paz\u201d, perdi\u00f3 a su hijo Casey en la Guerra de Irak, asesinado en plena acci\u00f3n el 4 de abril de 2004.\" \/>\n<meta property=\"og:url\" content=\"https:\/\/www.pressenza.com\/es\/2009\/08\/camp-casey-se-hace-a-la-mar-para-la-cumbre-de-paz-a-bordo-del-velero-de-sheehan\/\" \/>\n<meta property=\"og:site_name\" content=\"Pressenza\" \/>\n<meta property=\"article:publisher\" content=\"https:\/\/www.facebook.com\/PressenzaItalia\" \/>\n<meta property=\"article:author\" content=\"https:\/\/www.facebook.com\/pressenza\" \/>\n<meta property=\"article:published_time\" content=\"2009-08-25T00:00:00+00:00\" \/>\n<meta property=\"article:modified_time\" content=\"2009-08-26T11:06:50+00:00\" \/>\n<meta name=\"author\" content=\"Pressenza IPA\" \/>\n<meta name=\"twitter:card\" content=\"summary_large_image\" \/>\n<meta name=\"twitter:creator\" content=\"@PressenzaIPA\" \/>\n<meta name=\"twitter:site\" content=\"@PressenzaIPA\" \/>\n<meta name=\"twitter:label1\" content=\"Escrito por\" \/>\n\t<meta name=\"twitter:data1\" content=\"Pressenza IPA\" \/>\n\t<meta name=\"twitter:label2\" content=\"Tiempo de lectura\" \/>\n\t<meta name=\"twitter:data2\" content=\"2 minutos\" \/>\n<script type=\"application\/ld+json\" class=\"yoast-schema-graph\">{\"@context\":\"https:\/\/schema.org\",\"@graph\":[{\"@type\":\"Article\",\"@id\":\"https:\/\/www.pressenza.com\/es\/2009\/08\/camp-casey-se-hace-a-la-mar-para-la-cumbre-de-paz-a-bordo-del-velero-de-sheehan\/#article\",\"isPartOf\":{\"@id\":\"https:\/\/www.pressenza.com\/es\/2009\/08\/camp-casey-se-hace-a-la-mar-para-la-cumbre-de-paz-a-bordo-del-velero-de-sheehan\/\"},\"author\":{\"name\":\"Pressenza IPA\",\"@id\":\"https:\/\/www.pressenza.com\/es\/#\/schema\/person\/010e5d02bcf40965427a1289a4cc8d75\"},\"headline\":\"Camp Casey se hace a la mar para la Cumbre de Paz a bordo del velero de Sheehan\",\"datePublished\":\"2009-08-25T00:00:00+00:00\",\"dateModified\":\"2009-08-26T11:06:50+00:00\",\"mainEntityOfPage\":{\"@id\":\"https:\/\/www.pressenza.com\/es\/2009\/08\/camp-casey-se-hace-a-la-mar-para-la-cumbre-de-paz-a-bordo-del-velero-de-sheehan\/\"},\"wordCount\":472,\"publisher\":{\"@id\":\"https:\/\/www.pressenza.com\/es\/#organization\"},\"articleSection\":[\"Asuntos internacionales\",\"Comunicados de Prensa\",\"Internacional\",\"Norteam\u00e9rica\"],\"inLanguage\":\"es\"},{\"@type\":\"WebPage\",\"@id\":\"https:\/\/www.pressenza.com\/es\/2009\/08\/camp-casey-se-hace-a-la-mar-para-la-cumbre-de-paz-a-bordo-del-velero-de-sheehan\/\",\"url\":\"https:\/\/www.pressenza.com\/es\/2009\/08\/camp-casey-se-hace-a-la-mar-para-la-cumbre-de-paz-a-bordo-del-velero-de-sheehan\/\",\"name\":\"Camp Casey se hace a la mar para la Cumbre de Paz a bordo del velero de Sheehan\",\"isPartOf\":{\"@id\":\"https:\/\/www.pressenza.com\/es\/#website\"},\"datePublished\":\"2009-08-25T00:00:00+00:00\",\"dateModified\":\"2009-08-26T11:06:50+00:00\",\"description\":\"La defensora de la paz Cindy Sheehan convoca a todos los l\u00edderes de la paz a acudir a navegar a bordo de su SS Camp Casey, anclado en Martha\u2019s Vineyard, y realizar una cumbre de paz en una traves\u00eda del 27 al 29 de agosto. Cindy, a quien los medios a veces llaman \u201cla mam\u00e1 de la paz\u201d, perdi\u00f3 a su hijo Casey en la Guerra de Irak, asesinado en plena acci\u00f3n el 4 de abril de 2004.\",\"breadcrumb\":{\"@id\":\"https:\/\/www.pressenza.com\/es\/2009\/08\/camp-casey-se-hace-a-la-mar-para-la-cumbre-de-paz-a-bordo-del-velero-de-sheehan\/#breadcrumb\"},\"inLanguage\":\"es\",\"potentialAction\":[{\"@type\":\"ReadAction\",\"target\":[\"https:\/\/www.pressenza.com\/es\/2009\/08\/camp-casey-se-hace-a-la-mar-para-la-cumbre-de-paz-a-bordo-del-velero-de-sheehan\/\"]}]},{\"@type\":\"BreadcrumbList\",\"@id\":\"https:\/\/www.pressenza.com\/es\/2009\/08\/camp-casey-se-hace-a-la-mar-para-la-cumbre-de-paz-a-bordo-del-velero-de-sheehan\/#breadcrumb\",\"itemListElement\":[{\"@type\":\"ListItem\",\"position\":1,\"name\":\"Accueil\",\"item\":\"https:\/\/www.pressenza.com\/es\/\"},{\"@type\":\"ListItem\",\"position\":2,\"name\":\"Camp Casey se hace a la mar para la Cumbre de Paz a bordo del velero de Sheehan\"}]},{\"@type\":\"WebSite\",\"@id\":\"https:\/\/www.pressenza.com\/es\/#website\",\"url\":\"https:\/\/www.pressenza.com\/es\/\",\"name\":\"Pressenza\",\"description\":\"International Press Agency\",\"publisher\":{\"@id\":\"https:\/\/www.pressenza.com\/es\/#organization\"},\"potentialAction\":[{\"@type\":\"SearchAction\",\"target\":{\"@type\":\"EntryPoint\",\"urlTemplate\":\"https:\/\/www.pressenza.com\/es\/?s={search_term_string}\"},\"query-input\":{\"@type\":\"PropertyValueSpecification\",\"valueRequired\":true,\"valueName\":\"search_term_string\"}}],\"inLanguage\":\"es\"},{\"@type\":\"Organization\",\"@id\":\"https:\/\/www.pressenza.com\/es\/#organization\",\"name\":\"Pressenza\",\"url\":\"https:\/\/www.pressenza.com\/es\/\",\"logo\":{\"@type\":\"ImageObject\",\"inLanguage\":\"es\",\"@id\":\"https:\/\/www.pressenza.com\/es\/#\/schema\/logo\/image\/\",\"url\":\"https:\/\/www.pressenza.com\/wp-content\/uploads\/2022\/10\/pressenza_logo_200x200.jpg\",\"contentUrl\":\"https:\/\/www.pressenza.com\/wp-content\/uploads\/2022\/10\/pressenza_logo_200x200.jpg\",\"width\":200,\"height\":200,\"caption\":\"Pressenza\"},\"image\":{\"@id\":\"https:\/\/www.pressenza.com\/es\/#\/schema\/logo\/image\/\"},\"sameAs\":[\"https:\/\/www.facebook.com\/PressenzaItalia\",\"https:\/\/x.com\/PressenzaIPA\"]},{\"@type\":\"Person\",\"@id\":\"https:\/\/www.pressenza.com\/es\/#\/schema\/person\/010e5d02bcf40965427a1289a4cc8d75\",\"name\":\"Pressenza IPA\",\"description\":\"News from Pressenza IPA correspondents\",\"sameAs\":[\"https:\/\/www.facebook.com\/pressenza\",\"https:\/\/x.com\/PressenzaIPA\"],\"url\":\"https:\/\/www.pressenza.com\/es\/author\/pressenza-ipa\/\"}]}<\/script>\n<!-- \/ Yoast SEO plugin. -->","yoast_head_json":{"title":"Camp Casey se hace a la mar para la Cumbre de Paz a bordo del velero de Sheehan","description":"La defensora de la paz Cindy Sheehan convoca a todos los l\u00edderes de la paz a acudir a navegar a bordo de su SS Camp Casey, anclado en Martha\u2019s Vineyard, y realizar una cumbre de paz en una traves\u00eda del 27 al 29 de agosto. Cindy, a quien los medios a veces llaman \u201cla mam\u00e1 de la paz\u201d, perdi\u00f3 a su hijo Casey en la Guerra de Irak, asesinado en plena acci\u00f3n el 4 de abril de 2004.","robots":{"index":"index","follow":"follow","max-snippet":"max-snippet:-1","max-image-preview":"max-image-preview:large","max-video-preview":"max-video-preview:-1"},"canonical":"https:\/\/www.pressenza.com\/es\/2009\/08\/camp-casey-se-hace-a-la-mar-para-la-cumbre-de-paz-a-bordo-del-velero-de-sheehan\/","og_locale":"es_ES","og_type":"article","og_title":"Camp Casey se hace a la mar para la Cumbre de Paz a bordo del velero de Sheehan","og_description":"La defensora de la paz Cindy Sheehan convoca a todos los l\u00edderes de la paz a acudir a navegar a bordo de su SS Camp Casey, anclado en Martha\u2019s Vineyard, y realizar una cumbre de paz en una traves\u00eda del 27 al 29 de agosto. Cindy, a quien los medios a veces llaman \u201cla mam\u00e1 de la paz\u201d, perdi\u00f3 a su hijo Casey en la Guerra de Irak, asesinado en plena acci\u00f3n el 4 de abril de 2004.","og_url":"https:\/\/www.pressenza.com\/es\/2009\/08\/camp-casey-se-hace-a-la-mar-para-la-cumbre-de-paz-a-bordo-del-velero-de-sheehan\/","og_site_name":"Pressenza","article_publisher":"https:\/\/www.facebook.com\/PressenzaItalia","article_author":"https:\/\/www.facebook.com\/pressenza","article_published_time":"2009-08-25T00:00:00+00:00","article_modified_time":"2009-08-26T11:06:50+00:00","author":"Pressenza IPA","twitter_card":"summary_large_image","twitter_creator":"@PressenzaIPA","twitter_site":"@PressenzaIPA","twitter_misc":{"Escrito por":"Pressenza IPA","Tiempo de lectura":"2 minutos"},"schema":{"@context":"https:\/\/schema.org","@graph":[{"@type":"Article","@id":"https:\/\/www.pressenza.com\/es\/2009\/08\/camp-casey-se-hace-a-la-mar-para-la-cumbre-de-paz-a-bordo-del-velero-de-sheehan\/#article","isPartOf":{"@id":"https:\/\/www.pressenza.com\/es\/2009\/08\/camp-casey-se-hace-a-la-mar-para-la-cumbre-de-paz-a-bordo-del-velero-de-sheehan\/"},"author":{"name":"Pressenza IPA","@id":"https:\/\/www.pressenza.com\/es\/#\/schema\/person\/010e5d02bcf40965427a1289a4cc8d75"},"headline":"Camp Casey se hace a la mar para la Cumbre de Paz a bordo del velero de Sheehan","datePublished":"2009-08-25T00:00:00+00:00","dateModified":"2009-08-26T11:06:50+00:00","mainEntityOfPage":{"@id":"https:\/\/www.pressenza.com\/es\/2009\/08\/camp-casey-se-hace-a-la-mar-para-la-cumbre-de-paz-a-bordo-del-velero-de-sheehan\/"},"wordCount":472,"publisher":{"@id":"https:\/\/www.pressenza.com\/es\/#organization"},"articleSection":["Asuntos internacionales","Comunicados de Prensa","Internacional","Norteam\u00e9rica"],"inLanguage":"es"},{"@type":"WebPage","@id":"https:\/\/www.pressenza.com\/es\/2009\/08\/camp-casey-se-hace-a-la-mar-para-la-cumbre-de-paz-a-bordo-del-velero-de-sheehan\/","url":"https:\/\/www.pressenza.com\/es\/2009\/08\/camp-casey-se-hace-a-la-mar-para-la-cumbre-de-paz-a-bordo-del-velero-de-sheehan\/","name":"Camp Casey se hace a la mar para la Cumbre de Paz a bordo del velero de Sheehan","isPartOf":{"@id":"https:\/\/www.pressenza.com\/es\/#website"},"datePublished":"2009-08-25T00:00:00+00:00","dateModified":"2009-08-26T11:06:50+00:00","description":"La defensora de la paz Cindy Sheehan convoca a todos los l\u00edderes de la paz a acudir a navegar a bordo de su SS Camp Casey, anclado en Martha\u2019s Vineyard, y realizar una cumbre de paz en una traves\u00eda del 27 al 29 de agosto. Cindy, a quien los medios a veces llaman \u201cla mam\u00e1 de la paz\u201d, perdi\u00f3 a su hijo Casey en la Guerra de Irak, asesinado en plena acci\u00f3n el 4 de abril de 2004.","breadcrumb":{"@id":"https:\/\/www.pressenza.com\/es\/2009\/08\/camp-casey-se-hace-a-la-mar-para-la-cumbre-de-paz-a-bordo-del-velero-de-sheehan\/#breadcrumb"},"inLanguage":"es","potentialAction":[{"@type":"ReadAction","target":["https:\/\/www.pressenza.com\/es\/2009\/08\/camp-casey-se-hace-a-la-mar-para-la-cumbre-de-paz-a-bordo-del-velero-de-sheehan\/"]}]},{"@type":"BreadcrumbList","@id":"https:\/\/www.pressenza.com\/es\/2009\/08\/camp-casey-se-hace-a-la-mar-para-la-cumbre-de-paz-a-bordo-del-velero-de-sheehan\/#breadcrumb","itemListElement":[{"@type":"ListItem","position":1,"name":"Accueil","item":"https:\/\/www.pressenza.com\/es\/"},{"@type":"ListItem","position":2,"name":"Camp Casey se hace a la mar para la Cumbre de Paz a bordo del velero de Sheehan"}]},{"@type":"WebSite","@id":"https:\/\/www.pressenza.com\/es\/#website","url":"https:\/\/www.pressenza.com\/es\/","name":"Pressenza","description":"International Press Agency","publisher":{"@id":"https:\/\/www.pressenza.com\/es\/#organization"},"potentialAction":[{"@type":"SearchAction","target":{"@type":"EntryPoint","urlTemplate":"https:\/\/www.pressenza.com\/es\/?s={search_term_string}"},"query-input":{"@type":"PropertyValueSpecification","valueRequired":true,"valueName":"search_term_string"}}],"inLanguage":"es"},{"@type":"Organization","@id":"https:\/\/www.pressenza.com\/es\/#organization","name":"Pressenza","url":"https:\/\/www.pressenza.com\/es\/","logo":{"@type":"ImageObject","inLanguage":"es","@id":"https:\/\/www.pressenza.com\/es\/#\/schema\/logo\/image\/","url":"https:\/\/www.pressenza.com\/wp-content\/uploads\/2022\/10\/pressenza_logo_200x200.jpg","contentUrl":"https:\/\/www.pressenza.com\/wp-content\/uploads\/2022\/10\/pressenza_logo_200x200.jpg","width":200,"height":200,"caption":"Pressenza"},"image":{"@id":"https:\/\/www.pressenza.com\/es\/#\/schema\/logo\/image\/"},"sameAs":["https:\/\/www.facebook.com\/PressenzaItalia","https:\/\/x.com\/PressenzaIPA"]},{"@type":"Person","@id":"https:\/\/www.pressenza.com\/es\/#\/schema\/person\/010e5d02bcf40965427a1289a4cc8d75","name":"Pressenza IPA","description":"News from Pressenza IPA correspondents","sameAs":["https:\/\/www.facebook.com\/pressenza","https:\/\/x.com\/PressenzaIPA"],"url":"https:\/\/www.pressenza.com\/es\/author\/pressenza-ipa\/"}]}},"place":"Martha's Vineyard","original_article_url":"","_links":{"self":[{"href":"https:\/\/www.pressenza.com\/es\/wp-json\/wp\/v2\/posts\/1083","targetHints":{"allow":["GET"]}}],"collection":[{"href":"https:\/\/www.pressenza.com\/es\/wp-json\/wp\/v2\/posts"}],"about":[{"href":"https:\/\/www.pressenza.com\/es\/wp-json\/wp\/v2\/types\/post"}],"author":[{"embeddable":true,"href":"https:\/\/www.pressenza.com\/es\/wp-json\/wp\/v2\/users\/19"}],"replies":[{"embeddable":true,"href":"https:\/\/www.pressenza.com\/es\/wp-json\/wp\/v2\/comments?post=1083"}],"version-history":[{"count":0,"href":"https:\/\/www.pressenza.com\/es\/wp-json\/wp\/v2\/posts\/1083\/revisions"}],"wp:attachment":[{"href":"https:\/\/www.pressenza.com\/es\/wp-json\/wp\/v2\/media?parent=1083"}],"wp:term":[{"taxonomy":"category","embeddable":true,"href":"https:\/\/www.pressenza.com\/es\/wp-json\/wp\/v2\/categories?post=1083"},{"taxonomy":"post_tag","embeddable":true,"href":"https:\/\/www.pressenza.com\/es\/wp-json\/wp\/v2\/tags?post=1083"}],"curies":[{"name":"wp","href":"https:\/\/api.w.org\/{rel}","templated":true}]}}