{"id":1082858,"date":"2020-04-12T18:13:52","date_gmt":"2020-04-12T17:13:52","guid":{"rendered":"https:\/\/www.pressenza.com\/?p=1082858"},"modified":"2020-04-12T18:13:52","modified_gmt":"2020-04-12T17:13:52","slug":"el-coronavirus-en-las-prisiones-y-como-los-medios-de-comunicacion-cuentan-la-historia","status":"publish","type":"post","link":"https:\/\/www.pressenza.com\/es\/2020\/04\/el-coronavirus-en-las-prisiones-y-como-los-medios-de-comunicacion-cuentan-la-historia\/","title":{"rendered":"El Coronavirus en las prisiones y c\u00f3mo los medios de comunicaci\u00f3n cuentan la historia"},"content":{"rendered":"<p>La pandemia de coronavirus tambi\u00e9n pone en peligro a las personas que viven y trabajan en centros penitenciarios. \u00ab<em>El contagio se extiende en las c\u00e1rceles italianas: 58 internos positivos y 178 oficiales de custodia<\/em>\u00bb fue el titular del peri\u00f3dico <strong>Corriere della Sera <\/strong>el 9 de abril. Esta preocupante situaci\u00f3n tambi\u00e9n se siente dentro de la <strong>Casa del Distrito de Lorusso e Cutugno<\/strong> en la ciudad de<strong> Tur\u00edn<\/strong>. As\u00ed que decid\u00ed escuchar algunas voces importantes para comprender c\u00f3mo se gestion\u00f3 desde el principio la pandemia en el interior de la prisi\u00f3n y para saber si hab\u00eda iniciativas en la sociedad civil para llamar la atenci\u00f3n sobre esta situaci\u00f3n y crear una red de solidaridad con todas esas personas en dificultades.<\/p>\n<p><strong>Dos madres<\/strong> que tienen dos ni\u00f1os peque\u00f1os en la c\u00e1rcel aceptaron mi apelaci\u00f3n. Ambos me dijeron que al principio hab\u00eda poca <strong>transparencia <\/strong>sobre las medidas tomadas dentro de la prisi\u00f3n y especialmente los miembros de la familia no estaban involucrados en esta fase cr\u00edtica. \u00ab<em>En la celda donde viv\u00eda mi hijo, hace 3 semanas un preso se sinti\u00f3 enfermo, as\u00ed que inmediatamente la celda se cerr\u00f3 con llave, pero sin tomar muestras de nadie. Unos d\u00edas m\u00e1s tarde, un preso fue examinado y dio positivo. Este chico fue liberado y unos d\u00edas despu\u00e9s empez\u00f3 a sentirse mejor. Sin embargo, en ese momento su celda no hab\u00eda sido desinfectada, los prisioneros no fueron trasladados a otra celda y no fueron sometidos a pruebas<\/em>\u00bb. La celda en la que se encuentra su hijo es estrecha, por lo que es dif\u00edcil mantener<strong> las distancias<\/strong> o ventilarla adecuadamente. La madre preocupada por la salud de su hijo hizo una solicitud de<strong> liberaci\u00f3n<\/strong>, pero fue rechazada porque \u00ab<em>no ten\u00eda suficientes s\u00edntomas<\/em>\u00bb. En los \u00faltimos d\u00edas su hijo fue finalmente examinado y encontrado positivo y la familia est\u00e1 esperando la liberaci\u00f3n, ya que la solicitud puede haber sido concedida. Esta se\u00f1ora me dice que las madres tuvieron que recaudar dinero para comprar <strong>m\u00e1scaras <\/strong>y guantes porque no se los dieron a los prisioneros.<\/p>\n<p>La segunda madre que entrevist\u00e9 en su lugar comienza nuestra llamada telef\u00f3nica diciendo que est\u00e1 cansada y molesta. Su hijo, despu\u00e9s de los primeros s\u00edntomas evidentes, fue trasladado al <strong>pabell\u00f3n D<\/strong> de la prisi\u00f3n y colocado en una celda sola con malas condiciones de higiene, teniendo la misma m\u00e1scara durante 14 d\u00edas. La se\u00f1ora descubri\u00f3 hace una semana que su hijo era positivo para el coronavirus y que saldr\u00eda de prisi\u00f3n. Sin embargo, como no pod\u00eda tener un<strong> hogar adecuado<\/strong>, tuvo que encontrar un hogar adecuado en pocos d\u00edas, que por desgracia es muy peque\u00f1o y tuvo que arreglarlo todo por s\u00ed misma. La madre se\u00f1ala que la solicitud de arresto domiciliario se hizo directamente desde la prisi\u00f3n que, una vez que tuvo la orden del juez de libertad condicional, le pidi\u00f3 que llevara a su hijo directamente a la prisi\u00f3n, poniendo as\u00ed en peligro la salud de la familia del prisionero. \u00ab<em>Fue s\u00f3lo en respuesta a mi protesta que la prisi\u00f3n dispuso que mi hijo fuera llevado al centro de detenci\u00f3n domiciliaria por una ambulancia de defensa civil<\/em>\u00bb.<\/p>\n<p>En ambos casos, llaman la atenci\u00f3n sobre los mismos temas m\u00e1s all\u00e1 de las experiencias individuales. En primer lugar, la<strong> prevenci\u00f3n<\/strong> en la prisi\u00f3n no se maneja bien desde el principio. Seg\u00fan el testimonio de las madres, tanto los internos como los guardias no han sido suficientemente protegidos. \u00ab<em>Las prisiones est\u00e1n abarrotadas, se sabe desde hace tiempo. Adem\u00e1s, el n\u00famero de oficiales se ha reducido durante este per\u00edodo. Deber\u00eda haber unas 500 solicitudes de liberaci\u00f3n en espera de una respuesta. Este ser\u00eda el momento adecuado para una decisi\u00f3n importante<\/em>\u00bb; estas son las palabras de la primera madre. Otro punto com\u00fan mencionado por ambas mujeres se refiere a la transparencia de la informaci\u00f3n. \u00ab<em>Varias veces hemos escuchado declaraciones contradictorias entre los m\u00e9dicos de la prisi\u00f3n y algunos funcionarios del gobierno central. Nos parece que hay m\u00e1s <strong>prisioneros<\/strong> y <strong>oficiales<\/strong> en peor estado de salud de lo que se informa<\/em>\u00bb.<\/p>\n<p>La liberaci\u00f3n de un prisionero obviamente implica una serie de cuestiones. Adem\u00e1s de los burocr\u00e1ticos, existe un problema importante y vital, a saber, el del <strong>domicilio<\/strong>. \u00ab<em>Hay varios presos sin red social, pero tambi\u00e9n con una condici\u00f3n econ\u00f3mica extremadamente precaria<\/em>\u00bb, dice <strong>Valentina Noya<\/strong>, Directora de Proyectos de la Asociaci\u00f3n del Museo del Cine y directora del festival <a href=\"https:\/\/www.facebook.com\/liberazionifestival\/?__tn__=K-R&amp;eid=ARDQXqP0-nD9muJZor0SPq2NGbE4ch-qq523H9aMMRCP1tnwqck-sSDbDYUzaTP5bLZIX-L3vUD5U4SY&amp;fref=mentions\">LiberAzioni<\/a>. Junto con una serie de personas, hace unos d\u00edas, comenzaron una campa\u00f1a de recaudaci\u00f3n de fondos con este objetivo. \u00ab<em>En pocos d\u00edas logramos reunir suficiente dinero para garantizar a un prisionero reci\u00e9n liberado el alquiler de una habitaci\u00f3n hasta finales de julio<\/em>\u00bb. Puedes apoyar esta campa\u00f1a yendo a este <a href=\"https:\/\/www.produzionidalbasso.com\/project\/carcere-di-torino-emergenza-covid-19-liberazioni\/\">enlace<\/a>.<\/p>\n<p>Algunos reclusos han sido liberados en los \u00faltimos d\u00edas, adem\u00e1s de los mencionados anteriormente. Seg\u00fan el informe de los m\u00e9dicos de la prisi\u00f3n, no ten\u00edan un estado de salud adecuado para permanecer en el interior. En particular, la puesta en libertad de algunos presos condenados a varios a\u00f1os y con graves delitos en su contra se ha convertido en un acontecimiento en los <strong>medios<\/strong> locales. Lamentablemente, esta noticia nos ha hecho ver que todav\u00eda hay una serie de profesionales que no dudan en pisotear la \u00e9tica de su trabajo. He aqu\u00ed algunos titulares de los medios de comunicaci\u00f3n piamonteses y nacionales: \u00ab<strong>El asesino es liberado de la c\u00e1rcel<\/strong>\u00bb, \u00ab<strong>El asesino est\u00e1 fuera de la c\u00e1rcel<\/strong>\u00bb, \u00ab<strong>As\u00ed que incluso los asesinos pueden volver a casa\u00bb<\/strong> y \u00ab<strong>El marroqu\u00ed fue llevado a una casa de su familia<\/strong>\u00bb. M\u00e1s all\u00e1 de los cr\u00edmenes cometidos o de donde vinieron, estas personas son seres humanos. Es el sistema jur\u00eddico el que se ocupa de sus casos y s\u00f3lo mediante un juicio justo y equitativo puede un ser humano ser absuelto o condenado por el delito que ha cometido. El periodista, por otra parte, no est\u00e1 obligado a crear \u00ab<strong>monstruos<\/strong>\u00bb o \u00ab<strong>peligros\/amenazas en circulaci\u00f3n<\/strong>\u00bb. Los medios de comunicaci\u00f3n deben interesarse por la protecci\u00f3n de cada uno de los seres vivos presentes en este pa\u00eds, informando de los hechos de forma clara, transparente y sin elementos que creen oportunidades de linchamiento. De hecho, puedes imaginar lo impresionante que son los comentarios en las noticias publicadas estos d\u00edas en Internet.<\/p>\n<p>Exactamente como me dijo una de las dos madres durante su entrevista: \u00ab<em>Dentro hay muchos casos graves y hay que ayudarlos, en este momento, independientemente de la condena, hay que tratarlos de la misma manera. Los medios de comunicaci\u00f3n deben llamar la atenci\u00f3n sobre el estado de salud de las personas que est\u00e1n en un momento muy dif\u00edcil dentro de la prisi\u00f3n hoy en d\u00eda<\/em>\u00bb.<\/p>\n<p><em>Ps. a petici\u00f3n de ellos, no se mencionaron los nombres de algunas de las personas entrevistadas.<\/em><\/p>\n<hr \/>\n<p><em>Traducido del italiano por Estefany Zaldumbide<\/em><\/p>\n","protected":false},"excerpt":{"rendered":"<p>La pandemia de coronavirus tambi\u00e9n pone en peligro a las personas que viven y trabajan en centros penitenciarios. \u00abEl contagio se extiende en las c\u00e1rceles italianas: 58 internos positivos y 178 oficiales de custodia\u00bb fue el titular del peri\u00f3dico Corriere&hellip;<\/p>\n","protected":false},"author":899,"featured_media":1081572,"comment_status":"closed","ping_status":"closed","sticky":false,"template":"","format":"standard","meta":{"footnotes":""},"categories":[11389,75,79,1239],"tags":[5410,5649,70071,23257,398,3178,43370,56323,58413],"class_list":["post-1082858","post","type-post","status-publish","format-standard","has-post-thumbnail","hentry","category-contenido-original","category-cultura-es","category-derechos-humanos","category-salud","tag-carcel","tag-carceles","tag-coronavirus-es","tag-detencion","tag-justicia","tag-medios","tag-piamonte","tag-presos-es","tag-turin-es"],"yoast_head":"<!-- This site is optimized with the Yoast SEO plugin v27.1.1 - https:\/\/yoast.com\/product\/yoast-seo-wordpress\/ -->\n<title>El Coronavirus en las prisiones y c\u00f3mo los medios de comunicaci\u00f3n cuentan la historia<\/title>\n<meta name=\"description\" content=\"La pandemia de coronavirus tambi\u00e9n pone en peligro a las personas que viven y trabajan en centros penitenciarios. \u00abEl contagio se extiende en las c\u00e1rceles\" \/>\n<meta name=\"robots\" content=\"index, follow, max-snippet:-1, max-image-preview:large, max-video-preview:-1\" \/>\n<link rel=\"canonical\" href=\"https:\/\/www.pressenza.com\/es\/2020\/04\/el-coronavirus-en-las-prisiones-y-como-los-medios-de-comunicacion-cuentan-la-historia\/\" \/>\n<meta property=\"og:locale\" content=\"es_ES\" \/>\n<meta property=\"og:type\" content=\"article\" \/>\n<meta property=\"og:title\" content=\"El Coronavirus en las prisiones y c\u00f3mo los medios de comunicaci\u00f3n cuentan la historia\" \/>\n<meta property=\"og:description\" content=\"La pandemia de coronavirus tambi\u00e9n pone en peligro a las personas que viven y trabajan en centros penitenciarios. \u00abEl contagio se extiende en las c\u00e1rceles\" \/>\n<meta property=\"og:url\" content=\"https:\/\/www.pressenza.com\/es\/2020\/04\/el-coronavirus-en-las-prisiones-y-como-los-medios-de-comunicacion-cuentan-la-historia\/\" \/>\n<meta property=\"og:site_name\" content=\"Pressenza\" \/>\n<meta property=\"article:publisher\" content=\"https:\/\/www.facebook.com\/PressenzaItalia\" \/>\n<meta property=\"article:author\" content=\"https:\/\/www.facebook.com\/muratcinartorino\" \/>\n<meta property=\"article:published_time\" content=\"2020-04-12T17:13:52+00:00\" \/>\n<meta property=\"og:image\" content=\"https:\/\/www.pressenza.com\/wp-content\/uploads\/2020\/04\/torino-le-vallette.jpg\" \/>\n\t<meta property=\"og:image:width\" content=\"1920\" \/>\n\t<meta property=\"og:image:height\" content=\"1280\" \/>\n\t<meta property=\"og:image:type\" content=\"image\/jpeg\" \/>\n<meta name=\"author\" content=\"Murat Cinar\" \/>\n<meta name=\"twitter:card\" content=\"summary_large_image\" \/>\n<meta name=\"twitter:creator\" content=\"@muratcinar\" \/>\n<meta name=\"twitter:site\" content=\"@PressenzaIPA\" \/>\n<meta name=\"twitter:label1\" content=\"Escrito por\" \/>\n\t<meta name=\"twitter:data1\" content=\"Murat Cinar\" \/>\n\t<meta name=\"twitter:label2\" content=\"Tiempo de lectura\" \/>\n\t<meta name=\"twitter:data2\" content=\"6 minutos\" \/>\n<script type=\"application\/ld+json\" class=\"yoast-schema-graph\">{\"@context\":\"https:\/\/schema.org\",\"@graph\":[{\"@type\":\"Article\",\"@id\":\"https:\/\/www.pressenza.com\/es\/2020\/04\/el-coronavirus-en-las-prisiones-y-como-los-medios-de-comunicacion-cuentan-la-historia\/#article\",\"isPartOf\":{\"@id\":\"https:\/\/www.pressenza.com\/es\/2020\/04\/el-coronavirus-en-las-prisiones-y-como-los-medios-de-comunicacion-cuentan-la-historia\/\"},\"author\":{\"name\":\"Murat Cinar\",\"@id\":\"https:\/\/www.pressenza.com\/es\/#\/schema\/person\/e3b28c9575cd63576a05d54f8d67d1ac\"},\"headline\":\"El Coronavirus en las prisiones y c\u00f3mo los medios de comunicaci\u00f3n cuentan la historia\",\"datePublished\":\"2020-04-12T17:13:52+00:00\",\"mainEntityOfPage\":{\"@id\":\"https:\/\/www.pressenza.com\/es\/2020\/04\/el-coronavirus-en-las-prisiones-y-como-los-medios-de-comunicacion-cuentan-la-historia\/\"},\"wordCount\":1231,\"publisher\":{\"@id\":\"https:\/\/www.pressenza.com\/es\/#organization\"},\"image\":{\"@id\":\"https:\/\/www.pressenza.com\/es\/2020\/04\/el-coronavirus-en-las-prisiones-y-como-los-medios-de-comunicacion-cuentan-la-historia\/#primaryimage\"},\"thumbnailUrl\":\"https:\/\/www.pressenza.com\/wp-content\/uploads\/2020\/04\/torino-le-vallette.jpg\",\"keywords\":[\"Carcel\",\"C\u00e1rceles\",\"coronav\u00edrus\",\"detenci\u00f3n\",\"justicia\",\"medios\",\"Piamonte\",\"presos\",\"Turin\"],\"articleSection\":[\"Contenido Original\",\"Cultura y Medios\",\"Derechos Humanos\",\"Salud\"],\"inLanguage\":\"es\"},{\"@type\":\"WebPage\",\"@id\":\"https:\/\/www.pressenza.com\/es\/2020\/04\/el-coronavirus-en-las-prisiones-y-como-los-medios-de-comunicacion-cuentan-la-historia\/\",\"url\":\"https:\/\/www.pressenza.com\/es\/2020\/04\/el-coronavirus-en-las-prisiones-y-como-los-medios-de-comunicacion-cuentan-la-historia\/\",\"name\":\"El Coronavirus en las prisiones y c\u00f3mo los medios de comunicaci\u00f3n cuentan la historia\",\"isPartOf\":{\"@id\":\"https:\/\/www.pressenza.com\/es\/#website\"},\"primaryImageOfPage\":{\"@id\":\"https:\/\/www.pressenza.com\/es\/2020\/04\/el-coronavirus-en-las-prisiones-y-como-los-medios-de-comunicacion-cuentan-la-historia\/#primaryimage\"},\"image\":{\"@id\":\"https:\/\/www.pressenza.com\/es\/2020\/04\/el-coronavirus-en-las-prisiones-y-como-los-medios-de-comunicacion-cuentan-la-historia\/#primaryimage\"},\"thumbnailUrl\":\"https:\/\/www.pressenza.com\/wp-content\/uploads\/2020\/04\/torino-le-vallette.jpg\",\"datePublished\":\"2020-04-12T17:13:52+00:00\",\"description\":\"La pandemia de coronavirus tambi\u00e9n pone en peligro a las personas que viven y trabajan en centros penitenciarios. \u00abEl contagio se extiende en las c\u00e1rceles\",\"breadcrumb\":{\"@id\":\"https:\/\/www.pressenza.com\/es\/2020\/04\/el-coronavirus-en-las-prisiones-y-como-los-medios-de-comunicacion-cuentan-la-historia\/#breadcrumb\"},\"inLanguage\":\"es\",\"potentialAction\":[{\"@type\":\"ReadAction\",\"target\":[\"https:\/\/www.pressenza.com\/es\/2020\/04\/el-coronavirus-en-las-prisiones-y-como-los-medios-de-comunicacion-cuentan-la-historia\/\"]}]},{\"@type\":\"ImageObject\",\"inLanguage\":\"es\",\"@id\":\"https:\/\/www.pressenza.com\/es\/2020\/04\/el-coronavirus-en-las-prisiones-y-como-los-medios-de-comunicacion-cuentan-la-historia\/#primaryimage\",\"url\":\"https:\/\/www.pressenza.com\/wp-content\/uploads\/2020\/04\/torino-le-vallette.jpg\",\"contentUrl\":\"https:\/\/www.pressenza.com\/wp-content\/uploads\/2020\/04\/torino-le-vallette.jpg\",\"width\":1920,\"height\":1280},{\"@type\":\"BreadcrumbList\",\"@id\":\"https:\/\/www.pressenza.com\/es\/2020\/04\/el-coronavirus-en-las-prisiones-y-como-los-medios-de-comunicacion-cuentan-la-historia\/#breadcrumb\",\"itemListElement\":[{\"@type\":\"ListItem\",\"position\":1,\"name\":\"Accueil\",\"item\":\"https:\/\/www.pressenza.com\/es\/\"},{\"@type\":\"ListItem\",\"position\":2,\"name\":\"El Coronavirus en las prisiones y c\u00f3mo los medios de comunicaci\u00f3n cuentan la historia\"}]},{\"@type\":\"WebSite\",\"@id\":\"https:\/\/www.pressenza.com\/es\/#website\",\"url\":\"https:\/\/www.pressenza.com\/es\/\",\"name\":\"Pressenza\",\"description\":\"International Press Agency\",\"publisher\":{\"@id\":\"https:\/\/www.pressenza.com\/es\/#organization\"},\"potentialAction\":[{\"@type\":\"SearchAction\",\"target\":{\"@type\":\"EntryPoint\",\"urlTemplate\":\"https:\/\/www.pressenza.com\/es\/?s={search_term_string}\"},\"query-input\":{\"@type\":\"PropertyValueSpecification\",\"valueRequired\":true,\"valueName\":\"search_term_string\"}}],\"inLanguage\":\"es\"},{\"@type\":\"Organization\",\"@id\":\"https:\/\/www.pressenza.com\/es\/#organization\",\"name\":\"Pressenza\",\"url\":\"https:\/\/www.pressenza.com\/es\/\",\"logo\":{\"@type\":\"ImageObject\",\"inLanguage\":\"es\",\"@id\":\"https:\/\/www.pressenza.com\/es\/#\/schema\/logo\/image\/\",\"url\":\"https:\/\/www.pressenza.com\/wp-content\/uploads\/2022\/10\/pressenza_logo_200x200.jpg\",\"contentUrl\":\"https:\/\/www.pressenza.com\/wp-content\/uploads\/2022\/10\/pressenza_logo_200x200.jpg\",\"width\":200,\"height\":200,\"caption\":\"Pressenza\"},\"image\":{\"@id\":\"https:\/\/www.pressenza.com\/es\/#\/schema\/logo\/image\/\"},\"sameAs\":[\"https:\/\/www.facebook.com\/PressenzaItalia\",\"https:\/\/x.com\/PressenzaIPA\"]},{\"@type\":\"Person\",\"@id\":\"https:\/\/www.pressenza.com\/es\/#\/schema\/person\/e3b28c9575cd63576a05d54f8d67d1ac\",\"name\":\"Murat Cinar\",\"description\":\"One of the sons of Constantine, was born in 1981. Fruit of love of an immigrant couple in the former Ottoman city, she from Sebastia (Turkey) he from Batum (Georgia). Raised two steps away from the old Pera, between the Armenian and Jewish cultures. Big passion for photography, cinema, politics and inevitably journalism. After a short academic adventure in International Finance he landed in Italy back in 2001, first in Siena then in Turin, with the desire to study journalism, but he ended up attending Cinema and Television. He specializes in shooting and editing videos, photography and, lately, web marketing. Occasionally he writes in Turkey for the national magazine KaosGL, for the national daily Birgun and for various independent news portals such as Bianet and Sendika. In Italy he wrote for Il Manifesto and the monthly E-il mensile. He is one of the founders of the Glob011 monthly freepress, he worked for BabelMed and Prospettive Altre. Currently has collaborations with Pressenza and Caff\u00e8 dei Giornalisti. As long as he can get a little oxygen out of the city and a few hours free from work, he tries to write stories, frequenrly ironic ones, taken from what he observes and experiences. He tries to enrich his journey with Shiatsu, TaiChi and the passion for Fenerbah\u00e7e.\",\"sameAs\":[\"http:\/\/www.muratcinar.net\",\"https:\/\/www.facebook.com\/muratcinartorino\",\"https:\/\/www.instagram.com\/mcinar1981\",\"https:\/\/x.com\/muratcinar\",\"https:\/\/youtube.com\/c\/muratcinar\"],\"url\":\"https:\/\/www.pressenza.com\/es\/author\/murat-cinar\/\"}]}<\/script>\n<!-- \/ Yoast SEO plugin. -->","yoast_head_json":{"title":"El Coronavirus en las prisiones y c\u00f3mo los medios de comunicaci\u00f3n cuentan la historia","description":"La pandemia de coronavirus tambi\u00e9n pone en peligro a las personas que viven y trabajan en centros penitenciarios. \u00abEl contagio se extiende en las c\u00e1rceles","robots":{"index":"index","follow":"follow","max-snippet":"max-snippet:-1","max-image-preview":"max-image-preview:large","max-video-preview":"max-video-preview:-1"},"canonical":"https:\/\/www.pressenza.com\/es\/2020\/04\/el-coronavirus-en-las-prisiones-y-como-los-medios-de-comunicacion-cuentan-la-historia\/","og_locale":"es_ES","og_type":"article","og_title":"El Coronavirus en las prisiones y c\u00f3mo los medios de comunicaci\u00f3n cuentan la historia","og_description":"La pandemia de coronavirus tambi\u00e9n pone en peligro a las personas que viven y trabajan en centros penitenciarios. \u00abEl contagio se extiende en las c\u00e1rceles","og_url":"https:\/\/www.pressenza.com\/es\/2020\/04\/el-coronavirus-en-las-prisiones-y-como-los-medios-de-comunicacion-cuentan-la-historia\/","og_site_name":"Pressenza","article_publisher":"https:\/\/www.facebook.com\/PressenzaItalia","article_author":"https:\/\/www.facebook.com\/muratcinartorino","article_published_time":"2020-04-12T17:13:52+00:00","og_image":[{"width":1920,"height":1280,"url":"https:\/\/www.pressenza.com\/wp-content\/uploads\/2020\/04\/torino-le-vallette.jpg","type":"image\/jpeg"}],"author":"Murat Cinar","twitter_card":"summary_large_image","twitter_creator":"@muratcinar","twitter_site":"@PressenzaIPA","twitter_misc":{"Escrito por":"Murat Cinar","Tiempo de lectura":"6 minutos"},"schema":{"@context":"https:\/\/schema.org","@graph":[{"@type":"Article","@id":"https:\/\/www.pressenza.com\/es\/2020\/04\/el-coronavirus-en-las-prisiones-y-como-los-medios-de-comunicacion-cuentan-la-historia\/#article","isPartOf":{"@id":"https:\/\/www.pressenza.com\/es\/2020\/04\/el-coronavirus-en-las-prisiones-y-como-los-medios-de-comunicacion-cuentan-la-historia\/"},"author":{"name":"Murat Cinar","@id":"https:\/\/www.pressenza.com\/es\/#\/schema\/person\/e3b28c9575cd63576a05d54f8d67d1ac"},"headline":"El Coronavirus en las prisiones y c\u00f3mo los medios de comunicaci\u00f3n cuentan la historia","datePublished":"2020-04-12T17:13:52+00:00","mainEntityOfPage":{"@id":"https:\/\/www.pressenza.com\/es\/2020\/04\/el-coronavirus-en-las-prisiones-y-como-los-medios-de-comunicacion-cuentan-la-historia\/"},"wordCount":1231,"publisher":{"@id":"https:\/\/www.pressenza.com\/es\/#organization"},"image":{"@id":"https:\/\/www.pressenza.com\/es\/2020\/04\/el-coronavirus-en-las-prisiones-y-como-los-medios-de-comunicacion-cuentan-la-historia\/#primaryimage"},"thumbnailUrl":"https:\/\/www.pressenza.com\/wp-content\/uploads\/2020\/04\/torino-le-vallette.jpg","keywords":["Carcel","C\u00e1rceles","coronav\u00edrus","detenci\u00f3n","justicia","medios","Piamonte","presos","Turin"],"articleSection":["Contenido Original","Cultura y Medios","Derechos Humanos","Salud"],"inLanguage":"es"},{"@type":"WebPage","@id":"https:\/\/www.pressenza.com\/es\/2020\/04\/el-coronavirus-en-las-prisiones-y-como-los-medios-de-comunicacion-cuentan-la-historia\/","url":"https:\/\/www.pressenza.com\/es\/2020\/04\/el-coronavirus-en-las-prisiones-y-como-los-medios-de-comunicacion-cuentan-la-historia\/","name":"El Coronavirus en las prisiones y c\u00f3mo los medios de comunicaci\u00f3n cuentan la historia","isPartOf":{"@id":"https:\/\/www.pressenza.com\/es\/#website"},"primaryImageOfPage":{"@id":"https:\/\/www.pressenza.com\/es\/2020\/04\/el-coronavirus-en-las-prisiones-y-como-los-medios-de-comunicacion-cuentan-la-historia\/#primaryimage"},"image":{"@id":"https:\/\/www.pressenza.com\/es\/2020\/04\/el-coronavirus-en-las-prisiones-y-como-los-medios-de-comunicacion-cuentan-la-historia\/#primaryimage"},"thumbnailUrl":"https:\/\/www.pressenza.com\/wp-content\/uploads\/2020\/04\/torino-le-vallette.jpg","datePublished":"2020-04-12T17:13:52+00:00","description":"La pandemia de coronavirus tambi\u00e9n pone en peligro a las personas que viven y trabajan en centros penitenciarios. \u00abEl contagio se extiende en las c\u00e1rceles","breadcrumb":{"@id":"https:\/\/www.pressenza.com\/es\/2020\/04\/el-coronavirus-en-las-prisiones-y-como-los-medios-de-comunicacion-cuentan-la-historia\/#breadcrumb"},"inLanguage":"es","potentialAction":[{"@type":"ReadAction","target":["https:\/\/www.pressenza.com\/es\/2020\/04\/el-coronavirus-en-las-prisiones-y-como-los-medios-de-comunicacion-cuentan-la-historia\/"]}]},{"@type":"ImageObject","inLanguage":"es","@id":"https:\/\/www.pressenza.com\/es\/2020\/04\/el-coronavirus-en-las-prisiones-y-como-los-medios-de-comunicacion-cuentan-la-historia\/#primaryimage","url":"https:\/\/www.pressenza.com\/wp-content\/uploads\/2020\/04\/torino-le-vallette.jpg","contentUrl":"https:\/\/www.pressenza.com\/wp-content\/uploads\/2020\/04\/torino-le-vallette.jpg","width":1920,"height":1280},{"@type":"BreadcrumbList","@id":"https:\/\/www.pressenza.com\/es\/2020\/04\/el-coronavirus-en-las-prisiones-y-como-los-medios-de-comunicacion-cuentan-la-historia\/#breadcrumb","itemListElement":[{"@type":"ListItem","position":1,"name":"Accueil","item":"https:\/\/www.pressenza.com\/es\/"},{"@type":"ListItem","position":2,"name":"El Coronavirus en las prisiones y c\u00f3mo los medios de comunicaci\u00f3n cuentan la historia"}]},{"@type":"WebSite","@id":"https:\/\/www.pressenza.com\/es\/#website","url":"https:\/\/www.pressenza.com\/es\/","name":"Pressenza","description":"International Press Agency","publisher":{"@id":"https:\/\/www.pressenza.com\/es\/#organization"},"potentialAction":[{"@type":"SearchAction","target":{"@type":"EntryPoint","urlTemplate":"https:\/\/www.pressenza.com\/es\/?s={search_term_string}"},"query-input":{"@type":"PropertyValueSpecification","valueRequired":true,"valueName":"search_term_string"}}],"inLanguage":"es"},{"@type":"Organization","@id":"https:\/\/www.pressenza.com\/es\/#organization","name":"Pressenza","url":"https:\/\/www.pressenza.com\/es\/","logo":{"@type":"ImageObject","inLanguage":"es","@id":"https:\/\/www.pressenza.com\/es\/#\/schema\/logo\/image\/","url":"https:\/\/www.pressenza.com\/wp-content\/uploads\/2022\/10\/pressenza_logo_200x200.jpg","contentUrl":"https:\/\/www.pressenza.com\/wp-content\/uploads\/2022\/10\/pressenza_logo_200x200.jpg","width":200,"height":200,"caption":"Pressenza"},"image":{"@id":"https:\/\/www.pressenza.com\/es\/#\/schema\/logo\/image\/"},"sameAs":["https:\/\/www.facebook.com\/PressenzaItalia","https:\/\/x.com\/PressenzaIPA"]},{"@type":"Person","@id":"https:\/\/www.pressenza.com\/es\/#\/schema\/person\/e3b28c9575cd63576a05d54f8d67d1ac","name":"Murat Cinar","description":"One of the sons of Constantine, was born in 1981. Fruit of love of an immigrant couple in the former Ottoman city, she from Sebastia (Turkey) he from Batum (Georgia). Raised two steps away from the old Pera, between the Armenian and Jewish cultures. Big passion for photography, cinema, politics and inevitably journalism. After a short academic adventure in International Finance he landed in Italy back in 2001, first in Siena then in Turin, with the desire to study journalism, but he ended up attending Cinema and Television. He specializes in shooting and editing videos, photography and, lately, web marketing. Occasionally he writes in Turkey for the national magazine KaosGL, for the national daily Birgun and for various independent news portals such as Bianet and Sendika. In Italy he wrote for Il Manifesto and the monthly E-il mensile. He is one of the founders of the Glob011 monthly freepress, he worked for BabelMed and Prospettive Altre. Currently has collaborations with Pressenza and Caff\u00e8 dei Giornalisti. As long as he can get a little oxygen out of the city and a few hours free from work, he tries to write stories, frequenrly ironic ones, taken from what he observes and experiences. He tries to enrich his journey with Shiatsu, TaiChi and the passion for Fenerbah\u00e7e.","sameAs":["http:\/\/www.muratcinar.net","https:\/\/www.facebook.com\/muratcinartorino","https:\/\/www.instagram.com\/mcinar1981","https:\/\/x.com\/muratcinar","https:\/\/youtube.com\/c\/muratcinar"],"url":"https:\/\/www.pressenza.com\/es\/author\/murat-cinar\/"}]}},"place":"","original_article_url":"","_links":{"self":[{"href":"https:\/\/www.pressenza.com\/es\/wp-json\/wp\/v2\/posts\/1082858","targetHints":{"allow":["GET"]}}],"collection":[{"href":"https:\/\/www.pressenza.com\/es\/wp-json\/wp\/v2\/posts"}],"about":[{"href":"https:\/\/www.pressenza.com\/es\/wp-json\/wp\/v2\/types\/post"}],"author":[{"embeddable":true,"href":"https:\/\/www.pressenza.com\/es\/wp-json\/wp\/v2\/users\/899"}],"replies":[{"embeddable":true,"href":"https:\/\/www.pressenza.com\/es\/wp-json\/wp\/v2\/comments?post=1082858"}],"version-history":[{"count":0,"href":"https:\/\/www.pressenza.com\/es\/wp-json\/wp\/v2\/posts\/1082858\/revisions"}],"wp:featuredmedia":[{"embeddable":true,"href":"https:\/\/www.pressenza.com\/es\/wp-json\/wp\/v2\/media\/1081572"}],"wp:attachment":[{"href":"https:\/\/www.pressenza.com\/es\/wp-json\/wp\/v2\/media?parent=1082858"}],"wp:term":[{"taxonomy":"category","embeddable":true,"href":"https:\/\/www.pressenza.com\/es\/wp-json\/wp\/v2\/categories?post=1082858"},{"taxonomy":"post_tag","embeddable":true,"href":"https:\/\/www.pressenza.com\/es\/wp-json\/wp\/v2\/tags?post=1082858"}],"curies":[{"name":"wp","href":"https:\/\/api.w.org\/{rel}","templated":true}]}}