{"id":1082283,"date":"2020-04-11T18:21:49","date_gmt":"2020-04-11T17:21:49","guid":{"rendered":"https:\/\/www.pressenza.com\/?p=1082283"},"modified":"2020-04-11T18:21:49","modified_gmt":"2020-04-11T17:21:49","slug":"los-que-mas-sufren-por-la-pandemia","status":"publish","type":"post","link":"https:\/\/www.pressenza.com\/es\/2020\/04\/los-que-mas-sufren-por-la-pandemia\/","title":{"rendered":"Los que m\u00e1s sufren por la Pandemia"},"content":{"rendered":"<p>Los datos disponibles en todo el mundo son muy reveladores. El virus de la actual pandemia no discrimina entre pobres y ricos o entre los habitantes de los cinco continentes. La plaga se extiende inexorable por el mundo y probablemente no vaya a existir alg\u00fan lugar de la tierra que se libre de \u00e9sta.<\/p>\n<p>Sin embargo, como lo son todas las pestes, las guerras y los cataclismos de distinta \u00edndole, las soluciones siguen afectando a los pobres y excluidos m\u00e1s que a los m\u00e1s pudientes o poderosos. En el estado de Lousiana, en Estados Unidos, el 70 por ciento de los muertos son afroamericanos o latinos, cuando la poblaci\u00f3n blanca es muy mayoritaria. Tambi\u00e9n ocurre lo mismo en Nueva York y otros estados del pa\u00eds m\u00e1s afectado por la epidemia, pero que curiosamente tiene los mayores recursos del mundo para enfrentarla.<\/p>\n<p>En Chile se asume que el mal fue importado por quienes volvieron del extranjero. Principalmente por quienes regresaron de vacaciones o trabajo desde Europa, Norteam\u00e9rica y Asia. As\u00ed como se sabe que los barrios m\u00e1s infectados son los habitados por los m\u00e1s ricos, esto es los sectores m\u00e1s altos de la Capital donde las autoridades han debido imponer las m\u00e1s severas cuarentenas y acciones para mitigar los contagios. Pero en su arrogancia, no son pocas las personas de estos barrios las que justamente han evadido las medidas, al grado que varios de ellos vulneraron la disposici\u00f3n de mantenerse en sus casas, recurriendo a aviones o helic\u00f3pteros para escapar a los balnearios y contaminar a los resistentes del litoral donde se encuentran los principales lugares de descanso y esparcimiento del pa\u00eds.<\/p>\n<p>Todo el mundo celebra la disciplina con que el pueblo chileno ha cumplido las estrictas medidas impuestas para evitar la propagaci\u00f3n del Covid 19, pero son los alcaldes de las comunas m\u00e1s pudientes los que se quejan de la irresponsabilidad de su vecinos, instando a que a los infractores se los multe, encarcele y, sobre todo, se den a conocer sus nombres a manera de escarnio p\u00fablico. En esos barrios viven, por lo general, todas las principales autoridades de Gobierno, as\u00ed como los miembros del Parlamento Nacional incapaces\u00a0 en su amplia mayor\u00eda de comportarse como corresponde ante una emergencia tan grave. Pero ya sabemos que a ellos, m\u00e1s temprano que tarde, el pueblo les pasar\u00e1 la cuenta en las elecciones, as\u00ed como el descr\u00e9dito del Jefe del Estado ya se le ha hecho irreparable.<\/p>\n<p>En la observaci\u00f3n de quienes mueren en Estados Unidos y otras naciones ricas se concluye que el temor a ser deportado del pa\u00eds ha ocasionado los decesos de miles de inmigrantes ilegales. Tambi\u00e9n se constata que son los indigentes los que se enferman y fallecen con mucha frecuencia sin perjuicio de que se trate de persona m\u00e1s j\u00f3venes o ni\u00f1os. Quiz\u00e1s hasta se trate de un rasgo de justicia en toda esta situaci\u00f3n el que hasta este momento, el virus se ha hecho mucho m\u00e1s letal entre los hombres que en las mujeres, posiblemente por la mayor resistencia de todas ellas a superar el hambre, la miseria y otras enfermedades. Al ganar mayor inmunidad que los varones ante las injusticias de su cotidiana sobrevivencia.<\/p>\n<p>Pero el n\u00famero de contagiados crece exponencialmente, por lo que mucho se teme que en algunos meses ya no habr\u00e1n hospitales, camas, medicinas y respiradores mec\u00e1nicos suficientes\u00a0 para encarar la pandemia. Ello ha provocado la discusi\u00f3n mundial respecto de qui\u00e9n atender cuando haya que discriminar en los tratamientos para los infectados.<\/p>\n<p>M\u00e9dicos, soci\u00f3logos, fil\u00f3sofos y otros ya discurren qu\u00e9 hacer en tal caso. Si darles prioridad a los m\u00e1s j\u00f3venes que a los m\u00e1s ancianos, a los trabajadores o a los desocupados, la las poblaciones nativas o a los que han venido a avecindarse de otros continentes o pa\u00edses. Toda una disquisici\u00f3n que quiere soslayar que la primera prioridad tendr\u00e1 que d\u00e1rsele a los que tienen m\u00e1s recursos para financiar su recuperaci\u00f3n, versus la suerte de aquellos que, para colmo del mal, perdieron sus empleos, tienen menos educaci\u00f3n o aportan menos a la riqueza nacional.<\/p>\n<p>La Universidad Cat\u00f3lica de Chile ha colaborado en un manual de procedimiento \u00e9tico para el momento que el personal de la salud se encuentre ante la disyuntiva de qui\u00e9n salvar de la muerte o dejar que fallezca. Vaya qu\u00e9 dif\u00edcil disyuntiva, se nos dice, aunque ya sabemos c\u00f3mo en nuestro pa\u00eds, al menos, hoteles y recintos de lujo ya est\u00e1n habilitados para los enfermos m\u00e1s ricos, as\u00ed como el naci\u00f3n m\u00e1s rica del mundo y otras pobres como Ecuador se excavan fosas comunes o se construyen ata\u00fades de cart\u00f3n para sepultar a los llamados NN o a quienes no pueden financiarse un funeral.<\/p>\n<p>En su aflicci\u00f3n, el Pont\u00edfice Cat\u00f3lico acaba de advertirnos en una interesante entrevista que \u00e9l teme por el resurgimiento de la vieja teor\u00eda maltusiana que advert\u00eda la inconveniencia de que los pobres de multiplicaran mucho\u00a0 para afectar la econom\u00eda, la inminente escases de alimentos y bienes para todos. Al mismo tiempo que nos ha recordado los discursos de Hitler y la necesidad de exterminar a los seres inferiores (jud\u00edos, discapacitados y otros). Fustigando, nuevamente, la hipocres\u00eda de ciertos pol\u00edticos que hablan del hambre en el mundo mientras siguen fabricando armas\u2026<\/p>\n<p>Todo un enorme desaf\u00edo no otorga la pandemia, la que sin duda est\u00e1 llamada a cambiar nuestras formas de vida, la hegemon\u00eda de los mercados y las relaciones internacionales. A hacernos recapacitar sobre las abusivas pr\u00e1cticas de consumo, la pavorosa desigualdad social y los constantes y suicidas atentados contra la naturaleza. Ahora que la ciudad de Nueva Delhi luce despejada de humo y varias especies animales se han atrevido a acercarse a sus dominios ancestrales, mientras una enorme cantidad de pueblos se mantienen confinados.<\/p>\n","protected":false},"excerpt":{"rendered":"<p>Los datos disponibles en todo el mundo son muy reveladores. El virus de la actual pandemia no discrimina entre pobres y ricos o entre los habitantes de los cinco continentes. La plaga se extiende inexorable por el mundo y probablemente&hellip;<\/p>\n","protected":false},"author":1739,"featured_media":1082285,"comment_status":"closed","ping_status":"closed","sticky":false,"template":"","format":"standard","meta":{"footnotes":""},"categories":[11389,161,1239,67],"tags":[72388],"class_list":["post-1082283","post","type-post","status-publish","format-standard","has-post-thumbnail","hentry","category-contenido-original","category-opiniones","category-salud","category-sudamerica","tag-emergencia-coronavirus"],"yoast_head":"<!-- This site is optimized with the Yoast SEO plugin v27.1.1 - https:\/\/yoast.com\/product\/yoast-seo-wordpress\/ -->\n<title>Los que m\u00e1s sufren por la Pandemia<\/title>\n<meta name=\"description\" content=\"Los que m\u00e1s sufren por la Pandemia\" \/>\n<meta name=\"robots\" content=\"index, follow, max-snippet:-1, max-image-preview:large, max-video-preview:-1\" \/>\n<link rel=\"canonical\" href=\"https:\/\/www.pressenza.com\/es\/2020\/04\/los-que-mas-sufren-por-la-pandemia\/\" \/>\n<meta property=\"og:locale\" content=\"es_ES\" \/>\n<meta property=\"og:type\" content=\"article\" \/>\n<meta property=\"og:title\" content=\"Los que m\u00e1s sufren por la Pandemia\" \/>\n<meta property=\"og:description\" content=\"Los que m\u00e1s sufren por la Pandemia\" \/>\n<meta property=\"og:url\" content=\"https:\/\/www.pressenza.com\/es\/2020\/04\/los-que-mas-sufren-por-la-pandemia\/\" \/>\n<meta property=\"og:site_name\" content=\"Pressenza\" \/>\n<meta property=\"article:publisher\" content=\"https:\/\/www.facebook.com\/PressenzaItalia\" \/>\n<meta property=\"article:published_time\" content=\"2020-04-11T17:21:49+00:00\" \/>\n<meta property=\"og:image\" content=\"https:\/\/www.pressenza.com\/wp-content\/uploads\/2020\/04\/JCMadmisi\u00f3n.jpg\" \/>\n\t<meta property=\"og:image:width\" content=\"1235\" \/>\n\t<meta property=\"og:image:height\" content=\"926\" \/>\n\t<meta property=\"og:image:type\" content=\"image\/jpeg\" \/>\n<meta name=\"author\" content=\"Juan Pablo C\u00e1rdenas\" \/>\n<meta name=\"twitter:card\" content=\"summary_large_image\" \/>\n<meta name=\"twitter:creator\" content=\"@PressenzaIPA\" \/>\n<meta name=\"twitter:site\" content=\"@PressenzaIPA\" \/>\n<meta name=\"twitter:label1\" content=\"Escrito por\" \/>\n\t<meta name=\"twitter:data1\" content=\"Juan Pablo C\u00e1rdenas\" \/>\n\t<meta name=\"twitter:label2\" content=\"Tiempo de lectura\" \/>\n\t<meta name=\"twitter:data2\" content=\"5 minutos\" \/>\n<script type=\"application\/ld+json\" class=\"yoast-schema-graph\">{\"@context\":\"https:\/\/schema.org\",\"@graph\":[{\"@type\":\"Article\",\"@id\":\"https:\/\/www.pressenza.com\/es\/2020\/04\/los-que-mas-sufren-por-la-pandemia\/#article\",\"isPartOf\":{\"@id\":\"https:\/\/www.pressenza.com\/es\/2020\/04\/los-que-mas-sufren-por-la-pandemia\/\"},\"author\":{\"name\":\"Juan Pablo C\u00e1rdenas\",\"@id\":\"https:\/\/www.pressenza.com\/es\/#\/schema\/person\/d72a7c8c014dcbfa2ef9e9976103ea0d\"},\"headline\":\"Los que m\u00e1s sufren por la Pandemia\",\"datePublished\":\"2020-04-11T17:21:49+00:00\",\"mainEntityOfPage\":{\"@id\":\"https:\/\/www.pressenza.com\/es\/2020\/04\/los-que-mas-sufren-por-la-pandemia\/\"},\"wordCount\":1027,\"publisher\":{\"@id\":\"https:\/\/www.pressenza.com\/es\/#organization\"},\"image\":{\"@id\":\"https:\/\/www.pressenza.com\/es\/2020\/04\/los-que-mas-sufren-por-la-pandemia\/#primaryimage\"},\"thumbnailUrl\":\"https:\/\/www.pressenza.com\/wp-content\/uploads\/2020\/04\/JCMadmisi\u00f3n.jpg\",\"keywords\":[\"emergencia coronavirus\"],\"articleSection\":[\"Contenido Original\",\"Opiniones\",\"Salud\",\"Sudam\u00e9rica\"],\"inLanguage\":\"es\"},{\"@type\":\"WebPage\",\"@id\":\"https:\/\/www.pressenza.com\/es\/2020\/04\/los-que-mas-sufren-por-la-pandemia\/\",\"url\":\"https:\/\/www.pressenza.com\/es\/2020\/04\/los-que-mas-sufren-por-la-pandemia\/\",\"name\":\"Los que m\u00e1s sufren por la Pandemia\",\"isPartOf\":{\"@id\":\"https:\/\/www.pressenza.com\/es\/#website\"},\"primaryImageOfPage\":{\"@id\":\"https:\/\/www.pressenza.com\/es\/2020\/04\/los-que-mas-sufren-por-la-pandemia\/#primaryimage\"},\"image\":{\"@id\":\"https:\/\/www.pressenza.com\/es\/2020\/04\/los-que-mas-sufren-por-la-pandemia\/#primaryimage\"},\"thumbnailUrl\":\"https:\/\/www.pressenza.com\/wp-content\/uploads\/2020\/04\/JCMadmisi\u00f3n.jpg\",\"datePublished\":\"2020-04-11T17:21:49+00:00\",\"description\":\"Los que m\u00e1s sufren por la Pandemia\",\"breadcrumb\":{\"@id\":\"https:\/\/www.pressenza.com\/es\/2020\/04\/los-que-mas-sufren-por-la-pandemia\/#breadcrumb\"},\"inLanguage\":\"es\",\"potentialAction\":[{\"@type\":\"ReadAction\",\"target\":[\"https:\/\/www.pressenza.com\/es\/2020\/04\/los-que-mas-sufren-por-la-pandemia\/\"]}]},{\"@type\":\"ImageObject\",\"inLanguage\":\"es\",\"@id\":\"https:\/\/www.pressenza.com\/es\/2020\/04\/los-que-mas-sufren-por-la-pandemia\/#primaryimage\",\"url\":\"https:\/\/www.pressenza.com\/wp-content\/uploads\/2020\/04\/JCMadmisi\u00f3n.jpg\",\"contentUrl\":\"https:\/\/www.pressenza.com\/wp-content\/uploads\/2020\/04\/JCMadmisi\u00f3n.jpg\",\"width\":1235,\"height\":926},{\"@type\":\"BreadcrumbList\",\"@id\":\"https:\/\/www.pressenza.com\/es\/2020\/04\/los-que-mas-sufren-por-la-pandemia\/#breadcrumb\",\"itemListElement\":[{\"@type\":\"ListItem\",\"position\":1,\"name\":\"Accueil\",\"item\":\"https:\/\/www.pressenza.com\/es\/\"},{\"@type\":\"ListItem\",\"position\":2,\"name\":\"Los que m\u00e1s sufren por la Pandemia\"}]},{\"@type\":\"WebSite\",\"@id\":\"https:\/\/www.pressenza.com\/es\/#website\",\"url\":\"https:\/\/www.pressenza.com\/es\/\",\"name\":\"Pressenza\",\"description\":\"International Press Agency\",\"publisher\":{\"@id\":\"https:\/\/www.pressenza.com\/es\/#organization\"},\"potentialAction\":[{\"@type\":\"SearchAction\",\"target\":{\"@type\":\"EntryPoint\",\"urlTemplate\":\"https:\/\/www.pressenza.com\/es\/?s={search_term_string}\"},\"query-input\":{\"@type\":\"PropertyValueSpecification\",\"valueRequired\":true,\"valueName\":\"search_term_string\"}}],\"inLanguage\":\"es\"},{\"@type\":\"Organization\",\"@id\":\"https:\/\/www.pressenza.com\/es\/#organization\",\"name\":\"Pressenza\",\"url\":\"https:\/\/www.pressenza.com\/es\/\",\"logo\":{\"@type\":\"ImageObject\",\"inLanguage\":\"es\",\"@id\":\"https:\/\/www.pressenza.com\/es\/#\/schema\/logo\/image\/\",\"url\":\"https:\/\/www.pressenza.com\/wp-content\/uploads\/2022\/10\/pressenza_logo_200x200.jpg\",\"contentUrl\":\"https:\/\/www.pressenza.com\/wp-content\/uploads\/2022\/10\/pressenza_logo_200x200.jpg\",\"width\":200,\"height\":200,\"caption\":\"Pressenza\"},\"image\":{\"@id\":\"https:\/\/www.pressenza.com\/es\/#\/schema\/logo\/image\/\"},\"sameAs\":[\"https:\/\/www.facebook.com\/PressenzaItalia\",\"https:\/\/x.com\/PressenzaIPA\"]},{\"@type\":\"Person\",\"@id\":\"https:\/\/www.pressenza.com\/es\/#\/schema\/person\/d72a7c8c014dcbfa2ef9e9976103ea0d\",\"name\":\"Juan Pablo C\u00e1rdenas\",\"description\":\"Juan Pablo C\u00e1rdenas Squella es un periodista y profesor universitario de vasta trayectoria. En el 2005 recibi\u00f3 en premio nacional de Periodismo y, antes, la Pluma de Oro de la Libertad, otorgada por la Federaci\u00f3n Mundial de la Prensa. Tambi\u00e9n obtuvo el Premio Latinoamericano de Periodismo, la Houten Camara de Holanda (1989) entre otras m\u00faltiples distinciones nacionales y extranjeras. Forma parte de los sesenta periodistas del mundo considerados H\u00e9roes de la Libertad de Expresi\u00f3n, reconocimiento hecho por la Federaci\u00f3n Internacional de Periodistas. Ha sido director y columnista de las revistas Debate Universitario, An\u00e1lisis y Los Tiempos, as\u00ed como del diario electr\u00f3nico primeral\u00ednea.cl. Tambi\u00e9n fue por m\u00e1s 18 a\u00f1os director de la Radio Universidad de Chile y de su diario digital. Se ha desempe\u00f1ado como profesor de varias escuelas de periodismo de Santiago y Valpara\u00edso y en la Universidad de Chile alcanz\u00f3 el grado de profesor titular y senador universitario.\",\"url\":\"https:\/\/www.pressenza.com\/es\/author\/juan-pablo-cardenas\/\"}]}<\/script>\n<!-- \/ Yoast SEO plugin. -->","yoast_head_json":{"title":"Los que m\u00e1s sufren por la Pandemia","description":"Los que m\u00e1s sufren por la Pandemia","robots":{"index":"index","follow":"follow","max-snippet":"max-snippet:-1","max-image-preview":"max-image-preview:large","max-video-preview":"max-video-preview:-1"},"canonical":"https:\/\/www.pressenza.com\/es\/2020\/04\/los-que-mas-sufren-por-la-pandemia\/","og_locale":"es_ES","og_type":"article","og_title":"Los que m\u00e1s sufren por la Pandemia","og_description":"Los que m\u00e1s sufren por la Pandemia","og_url":"https:\/\/www.pressenza.com\/es\/2020\/04\/los-que-mas-sufren-por-la-pandemia\/","og_site_name":"Pressenza","article_publisher":"https:\/\/www.facebook.com\/PressenzaItalia","article_published_time":"2020-04-11T17:21:49+00:00","og_image":[{"width":1235,"height":926,"url":"https:\/\/www.pressenza.com\/wp-content\/uploads\/2020\/04\/JCMadmisi\u00f3n.jpg","type":"image\/jpeg"}],"author":"Juan Pablo C\u00e1rdenas","twitter_card":"summary_large_image","twitter_creator":"@PressenzaIPA","twitter_site":"@PressenzaIPA","twitter_misc":{"Escrito por":"Juan Pablo C\u00e1rdenas","Tiempo de lectura":"5 minutos"},"schema":{"@context":"https:\/\/schema.org","@graph":[{"@type":"Article","@id":"https:\/\/www.pressenza.com\/es\/2020\/04\/los-que-mas-sufren-por-la-pandemia\/#article","isPartOf":{"@id":"https:\/\/www.pressenza.com\/es\/2020\/04\/los-que-mas-sufren-por-la-pandemia\/"},"author":{"name":"Juan Pablo C\u00e1rdenas","@id":"https:\/\/www.pressenza.com\/es\/#\/schema\/person\/d72a7c8c014dcbfa2ef9e9976103ea0d"},"headline":"Los que m\u00e1s sufren por la Pandemia","datePublished":"2020-04-11T17:21:49+00:00","mainEntityOfPage":{"@id":"https:\/\/www.pressenza.com\/es\/2020\/04\/los-que-mas-sufren-por-la-pandemia\/"},"wordCount":1027,"publisher":{"@id":"https:\/\/www.pressenza.com\/es\/#organization"},"image":{"@id":"https:\/\/www.pressenza.com\/es\/2020\/04\/los-que-mas-sufren-por-la-pandemia\/#primaryimage"},"thumbnailUrl":"https:\/\/www.pressenza.com\/wp-content\/uploads\/2020\/04\/JCMadmisi\u00f3n.jpg","keywords":["emergencia coronavirus"],"articleSection":["Contenido Original","Opiniones","Salud","Sudam\u00e9rica"],"inLanguage":"es"},{"@type":"WebPage","@id":"https:\/\/www.pressenza.com\/es\/2020\/04\/los-que-mas-sufren-por-la-pandemia\/","url":"https:\/\/www.pressenza.com\/es\/2020\/04\/los-que-mas-sufren-por-la-pandemia\/","name":"Los que m\u00e1s sufren por la Pandemia","isPartOf":{"@id":"https:\/\/www.pressenza.com\/es\/#website"},"primaryImageOfPage":{"@id":"https:\/\/www.pressenza.com\/es\/2020\/04\/los-que-mas-sufren-por-la-pandemia\/#primaryimage"},"image":{"@id":"https:\/\/www.pressenza.com\/es\/2020\/04\/los-que-mas-sufren-por-la-pandemia\/#primaryimage"},"thumbnailUrl":"https:\/\/www.pressenza.com\/wp-content\/uploads\/2020\/04\/JCMadmisi\u00f3n.jpg","datePublished":"2020-04-11T17:21:49+00:00","description":"Los que m\u00e1s sufren por la Pandemia","breadcrumb":{"@id":"https:\/\/www.pressenza.com\/es\/2020\/04\/los-que-mas-sufren-por-la-pandemia\/#breadcrumb"},"inLanguage":"es","potentialAction":[{"@type":"ReadAction","target":["https:\/\/www.pressenza.com\/es\/2020\/04\/los-que-mas-sufren-por-la-pandemia\/"]}]},{"@type":"ImageObject","inLanguage":"es","@id":"https:\/\/www.pressenza.com\/es\/2020\/04\/los-que-mas-sufren-por-la-pandemia\/#primaryimage","url":"https:\/\/www.pressenza.com\/wp-content\/uploads\/2020\/04\/JCMadmisi\u00f3n.jpg","contentUrl":"https:\/\/www.pressenza.com\/wp-content\/uploads\/2020\/04\/JCMadmisi\u00f3n.jpg","width":1235,"height":926},{"@type":"BreadcrumbList","@id":"https:\/\/www.pressenza.com\/es\/2020\/04\/los-que-mas-sufren-por-la-pandemia\/#breadcrumb","itemListElement":[{"@type":"ListItem","position":1,"name":"Accueil","item":"https:\/\/www.pressenza.com\/es\/"},{"@type":"ListItem","position":2,"name":"Los que m\u00e1s sufren por la Pandemia"}]},{"@type":"WebSite","@id":"https:\/\/www.pressenza.com\/es\/#website","url":"https:\/\/www.pressenza.com\/es\/","name":"Pressenza","description":"International Press Agency","publisher":{"@id":"https:\/\/www.pressenza.com\/es\/#organization"},"potentialAction":[{"@type":"SearchAction","target":{"@type":"EntryPoint","urlTemplate":"https:\/\/www.pressenza.com\/es\/?s={search_term_string}"},"query-input":{"@type":"PropertyValueSpecification","valueRequired":true,"valueName":"search_term_string"}}],"inLanguage":"es"},{"@type":"Organization","@id":"https:\/\/www.pressenza.com\/es\/#organization","name":"Pressenza","url":"https:\/\/www.pressenza.com\/es\/","logo":{"@type":"ImageObject","inLanguage":"es","@id":"https:\/\/www.pressenza.com\/es\/#\/schema\/logo\/image\/","url":"https:\/\/www.pressenza.com\/wp-content\/uploads\/2022\/10\/pressenza_logo_200x200.jpg","contentUrl":"https:\/\/www.pressenza.com\/wp-content\/uploads\/2022\/10\/pressenza_logo_200x200.jpg","width":200,"height":200,"caption":"Pressenza"},"image":{"@id":"https:\/\/www.pressenza.com\/es\/#\/schema\/logo\/image\/"},"sameAs":["https:\/\/www.facebook.com\/PressenzaItalia","https:\/\/x.com\/PressenzaIPA"]},{"@type":"Person","@id":"https:\/\/www.pressenza.com\/es\/#\/schema\/person\/d72a7c8c014dcbfa2ef9e9976103ea0d","name":"Juan Pablo C\u00e1rdenas","description":"Juan Pablo C\u00e1rdenas Squella es un periodista y profesor universitario de vasta trayectoria. En el 2005 recibi\u00f3 en premio nacional de Periodismo y, antes, la Pluma de Oro de la Libertad, otorgada por la Federaci\u00f3n Mundial de la Prensa. Tambi\u00e9n obtuvo el Premio Latinoamericano de Periodismo, la Houten Camara de Holanda (1989) entre otras m\u00faltiples distinciones nacionales y extranjeras. Forma parte de los sesenta periodistas del mundo considerados H\u00e9roes de la Libertad de Expresi\u00f3n, reconocimiento hecho por la Federaci\u00f3n Internacional de Periodistas. Ha sido director y columnista de las revistas Debate Universitario, An\u00e1lisis y Los Tiempos, as\u00ed como del diario electr\u00f3nico primeral\u00ednea.cl. Tambi\u00e9n fue por m\u00e1s 18 a\u00f1os director de la Radio Universidad de Chile y de su diario digital. Se ha desempe\u00f1ado como profesor de varias escuelas de periodismo de Santiago y Valpara\u00edso y en la Universidad de Chile alcanz\u00f3 el grado de profesor titular y senador universitario.","url":"https:\/\/www.pressenza.com\/es\/author\/juan-pablo-cardenas\/"}]}},"place":"Santiago de Chile","original_article_url":"","_links":{"self":[{"href":"https:\/\/www.pressenza.com\/es\/wp-json\/wp\/v2\/posts\/1082283","targetHints":{"allow":["GET"]}}],"collection":[{"href":"https:\/\/www.pressenza.com\/es\/wp-json\/wp\/v2\/posts"}],"about":[{"href":"https:\/\/www.pressenza.com\/es\/wp-json\/wp\/v2\/types\/post"}],"author":[{"embeddable":true,"href":"https:\/\/www.pressenza.com\/es\/wp-json\/wp\/v2\/users\/1739"}],"replies":[{"embeddable":true,"href":"https:\/\/www.pressenza.com\/es\/wp-json\/wp\/v2\/comments?post=1082283"}],"version-history":[{"count":0,"href":"https:\/\/www.pressenza.com\/es\/wp-json\/wp\/v2\/posts\/1082283\/revisions"}],"wp:featuredmedia":[{"embeddable":true,"href":"https:\/\/www.pressenza.com\/es\/wp-json\/wp\/v2\/media\/1082285"}],"wp:attachment":[{"href":"https:\/\/www.pressenza.com\/es\/wp-json\/wp\/v2\/media?parent=1082283"}],"wp:term":[{"taxonomy":"category","embeddable":true,"href":"https:\/\/www.pressenza.com\/es\/wp-json\/wp\/v2\/categories?post=1082283"},{"taxonomy":"post_tag","embeddable":true,"href":"https:\/\/www.pressenza.com\/es\/wp-json\/wp\/v2\/tags?post=1082283"}],"curies":[{"name":"wp","href":"https:\/\/api.w.org\/{rel}","templated":true}]}}