{"id":1079355,"date":"2020-04-09T15:25:14","date_gmt":"2020-04-09T14:25:14","guid":{"rendered":"https:\/\/www.pressenza.com\/?p=1079355"},"modified":"2020-04-09T15:25:14","modified_gmt":"2020-04-09T14:25:14","slug":"noam-chomsky-superaremos-la-crisis-del-coronavirus-pero-tenemos-crisis-mas-serias-por-delante","status":"publish","type":"post","link":"https:\/\/www.pressenza.com\/es\/2020\/04\/noam-chomsky-superaremos-la-crisis-del-coronavirus-pero-tenemos-crisis-mas-serias-por-delante\/","title":{"rendered":"Noam Chomsky: \u00abSuperaremos la crisis del coronavirus, pero tenemos crisis m\u00e1s serias por delante\u00bb"},"content":{"rendered":"<p><strong>Noam Chomsky, conocido ling\u00fcista y analista pol\u00edtico estadounidense de 91 a\u00f1os de edad, habl\u00f3 con Sre\u0107ko Horvat en DiEM25 TV de Arizona, EE.UU., donde se encuentra en autoaislamiento debido a la pandemia. Chomsky se\u00f1al\u00f3 que la crisis sanitaria del coronavirus es muy grave y tendr\u00e1 consecuencias serias, pero ser\u00e1 temporal, mientras que hay dos horrores m\u00e1s graves para la humanidad, la guerra nuclear y el calentamiento global. Su an\u00e1lisis se\u00f1ala que todas estas amenazas se ven intensificadas por las pol\u00edticas neoliberales, y que tras el fin de esta crisis las opciones ser\u00e1n o bien estados m\u00e1s autoritarios y brutales o una reconstrucci\u00f3n radical de la sociedad con t\u00e9rminos m\u00e1s humanos.<\/strong><\/p>\n<p>Seg\u00fan Chomsky, es chocante que en este momento crucial Donald Trump sea el protagonista, a quien describe como un buf\u00f3n soci\u00f3pata. \u00abEl coronavirus es bastante serio, pero vale la pena recordar que se acercan dos amenazas mucho m\u00e1s grandes, mucho peores que cualquier cosa que haya sucedido en la historia de la humanidad: Una es la creciente amenaza de una <strong>guerra nuclear<\/strong> y la otra, por supuesto, es la creciente amenaza del <strong>calentamiento global<\/strong>. El Coronavirus es horrible y puede tener consecuencias aterradoras, pero habr\u00e1 recuperaci\u00f3n. Mientras que los otros no se recuperar\u00e1n, es un hecho definitivo\u00bb.<\/p>\n<p>El poder de los Estados Unidos es abrumador. Es el \u00fanico pa\u00eds que cuando impone <strong>sanciones<\/strong> a otros estados como <strong>Ir\u00e1n y Cuba<\/strong>, todos los dem\u00e1s tienen que seguirle la corriente. Tambi\u00e9n Europa que sigue al maestro, argumenta Chomsky. Estos pa\u00edses sufren las sanciones de EE.UU., pero sin embargo \u00abuno de los elementos m\u00e1s ir\u00f3nicos de la crisis del virus de hoy en d\u00eda es que Cuba est\u00e1 ayudando a Europa. Alemania no puede ayudar a Grecia, pero Cuba puede ayudar a los pa\u00edses europeos\u00bb. A\u00f1adiendo las muertes de miles de inmigrantes y refugiados en el Mediterr\u00e1neo, Chomsky piensa que la crisis de la civilizaci\u00f3n de Occidente en este momento es devastadora.<\/p>\n<p>La ret\u00f3rica de hoy que se refiere a la guerra es de cierta importancia, seg\u00fan Chomsky. Si queremos tratar esta crisis tenemos que pasar a algo como la <strong>movilizaci\u00f3n en tiempos de guerra<\/strong>. Por ejemplo, la movilizaci\u00f3n financiera de los EE.UU. para la Segunda Guerra Mundial, que llev\u00f3 al pa\u00eds a una deuda mucho mayor y cuadruplic\u00f3 la producci\u00f3n industrial de los EE.UU. lo que llev\u00f3 al crecimiento. Necesitamos esta mentalidad ahora para superar esta crisis a corto plazo y que puede ser tratada por los pa\u00edses ricos. \u00abEn un mundo civilizado, los pa\u00edses ricos estar\u00edan dando ayuda a los necesitados, en lugar de estrangularlos.\u00bb <strong>\u00abLa crisis del coronavirus puede hacer que la gente piense en qu\u00e9 tipo de mundo queremos\u00bb.<\/strong><\/p>\n<p>Chomsky cree que los or\u00edgenes de esta crisis son <strong>un colosal fracaso del mercado<\/strong> y las pol\u00edticas neoliberales que intensificaron los profundos problemas socioecon\u00f3micos. <strong>\u00abSe sab\u00eda desde hace tiempo, que las pandemias son muy probables de ocurrir<\/strong> y se entend\u00eda muy bien, que era probable que hubiera una pandemia de coronavirus con ligeras modificaciones de la epidemia de SARS. Podr\u00edan haber trabajado en vacunas, en el desarrollo de protecci\u00f3n para posibles pandemias de coronavirus, y con peque\u00f1as modificaciones podr\u00edamos tener vacunas disponibles hoy en d\u00eda\u00bb. En cuanto a la <strong>Gran Industria Farmac\u00e9utica<\/strong>, las tiran\u00edas privadas, en las que es imposible que el gobierno intervenga, es m\u00e1s rentable hacer nuevas cremas corporales que encontrar una vacuna que proteja a la gente de la destrucci\u00f3n total. La amenaza de la polio desapareci\u00f3 con la vacuna de Salk, de una instituci\u00f3n gubernamental, sin patentes, disponible para todos. \u00abEso podr\u00eda haberse hecho esta vez, pero la plaga neoliberal lo ha bloqueado.\u00bb<\/p>\n<p><strong>La informaci\u00f3n estaba all\u00ed, pero no le prest\u00e1bamos atenci\u00f3n.<\/strong><\/p>\n<p>\u00abEn octubre de 2019 hubo una simulaci\u00f3n a gran escala en los EE.UU., en el mundo de la posible pandemia de este tipo, pero no se hizo nada. No prestamos atenci\u00f3n a la informaci\u00f3n. El 31 de diciembre, China inform\u00f3 a la Organizaci\u00f3n Mundial de la Salud sobre la neumon\u00eda y una semana despu\u00e9s algunos cient\u00edficos chinos la identificaron como un coronavirus y dieron la informaci\u00f3n al mundo. Los pa\u00edses del \u00e1rea, China, Corea del Sur, Taiw\u00e1n, empezaron a hacer algo y parece que se ha contenido, al menos para la primera oleada de crisis. En Europa, hasta cierto punto, eso tambi\u00e9n ocurri\u00f3. Alemania, que se hab\u00eda movido justo a tiempo, tiene un sistema hospitalario fiable y fue capaz de actuar en su propio inter\u00e9s, sin ayudar a los dem\u00e1s, sino para s\u00ed misma, al menos para tener una contenci\u00f3n razonable. Otros pa\u00edses simplemente lo ignoraron, el peor de ellos el Reino Unido y el peor de todos fue Estados Unidos\u00bb.<\/p>\n<p>Cuando superemos esta crisis de alguna manera, las opciones disponibles ir\u00e1n desde la instalaci\u00f3n de Estados brutales altamente autoritarios hasta la reconstrucci\u00f3n radical de la sociedad y t\u00e9rminos m\u00e1s humanos, preocupados por las necesidades humanas en lugar del beneficio privado. <strong>\u00abExiste la posibilidad de que la gente se organice, se comprometa, como muchos est\u00e1n haciendo, y consiga un mundo mucho mejor<\/strong>, <strong>que tambi\u00e9n se enfrente a los enormes problemas que estamos afrontando en el futuro<\/strong>, los problemas de la guerra nuclear, que est\u00e1 m\u00e1s cerca que nunca, y los problemas de las cat\u00e1strofes ambientales de las que no hay recuperaci\u00f3n una vez que hemos llegado a esa etapa, que no est\u00e1 lejos, a menos que actuemos con decisi\u00f3n\u00bb.<\/p>\n<p>\u00abAs\u00ed que es un momento cr\u00edtico de la historia de la humanidad, no s\u00f3lo por el coronavirus, que deber\u00eda llevarnos a la conciencia de los profundos defectos del mundo, las caracter\u00edsticas profundas y disfuncionales de todo el sistema socioecon\u00f3mico, que tiene que cambiar, si es que va a haber un futuro superviviente. As\u00ed que esto podr\u00eda ser una se\u00f1al de advertencia y una lecci\u00f3n para lidiar con ello hoy o evitar que explote. Pero pensando en sus ra\u00edces y en c\u00f3mo esas ra\u00edces van a conducir a m\u00e1s crisis, peores que \u00e9sta\u00bb.<\/p>\n<p>Sobre la situaci\u00f3n de cuarentena a la que se enfrentan hoy en d\u00eda m\u00e1s de 2.000 millones de personas en el planeta, Chomsky se\u00f1ala que una forma de aislamiento social ha existido durante a\u00f1os y es muy perjudicial.<\/p>\n<p><strong>\u00abEstamos ahora en una situaci\u00f3n de verdadero aislamiento social. Hay que superarla recreando los lazos sociales<\/strong> de cualquier manera que se pueda hacer, de cualquier tipo que pueda ayudar a la gente necesitada. Contactando con ellos, desarrollando organizaciones, expandiendo el an\u00e1lisis. Como antes de hacerlos funcionales y operativos, haciendo planes para el futuro, reuniendo a la gente como podamos en la era de Internet, para unirse, consultar, deliberar para encontrar respuestas a los problemas que enfrentan y trabajar en ellos, lo cual se puede hacer. No se trata de una comunicaci\u00f3n cara a cara, que para los seres humanos es esencial. Sin embargo, se le privar\u00e1 de ella por un tiempo, se la puede poner en pausa\u00bb.<\/p>\n<p>Noam Chomsky concluye diciendo: <strong>\u00abHay que encontrar otros caminos y continuar, y de hecho, extender y profundizar las actividades realizadas<\/strong>. Se puede hacer. No ser\u00e1 f\u00e1cil, pero los humanos nos hemos enfrentado a problemas en el pasado\u00bb.<\/p>\n<p><iframe loading=\"lazy\" title=\"Noam Chomsky: Coronavirus \u2014 what is at stake? | DiEM25 TV\" width=\"500\" height=\"281\" src=\"https:\/\/www.youtube.com\/embed\/t-N3In2rLI4?feature=oembed\" frameborder=\"0\" allow=\"accelerometer; autoplay; clipboard-write; encrypted-media; gyroscope; picture-in-picture; web-share\" referrerpolicy=\"strict-origin-when-cross-origin\" allowfullscreen><\/iframe><\/p>\n","protected":false},"excerpt":{"rendered":"<p>Noam Chomsky, conocido ling\u00fcista y analista pol\u00edtico estadounidense de 91 a\u00f1os de edad, habl\u00f3 con Sre\u0107ko Horvat en DiEM25 TV de Arizona, EE.UU., donde se encuentra en autoaislamiento debido a la pandemia. Chomsky se\u00f1al\u00f3 que la crisis sanitaria del coronavirus&hellip;<\/p>\n","protected":false},"author":1220,"featured_media":1067193,"comment_status":"closed","ping_status":"closed","sticky":false,"template":"","format":"standard","meta":{"footnotes":""},"categories":[11389,155,68,161,74,25678],"tags":[16159,70071,54016,10793,12497,22111],"class_list":["post-1079355","post","type-post","status-publish","format-standard","has-post-thumbnail","hentry","category-contenido-original","category-entrevistas","category-norteamerica","category-opiniones","category-politica-es","category-video-es","tag-calentamiento-global","tag-coronavirus-es","tag-estados-unidos-es","tag-estados-unidos-de-norteamerica","tag-guerra-nuclear","tag-neoliberal"],"yoast_head":"<!-- This site is optimized with the Yoast SEO plugin v27.1.1 - https:\/\/yoast.com\/product\/yoast-seo-wordpress\/ -->\n<title>Noam Chomsky: &quot;Superaremos la crisis del coronavirus, pero tenemos crisis m\u00e1s serias por delante&quot;<\/title>\n<meta name=\"description\" content=\"Noam Chomsky, conocido ling\u00fcista y analista pol\u00edtico estadounidense de 91 a\u00f1os de edad, habl\u00f3 con Sre\u0107ko Horvat en DiEM25 TV de Arizona, EE.UU., donde se\" \/>\n<meta name=\"robots\" content=\"index, follow, max-snippet:-1, max-image-preview:large, max-video-preview:-1\" \/>\n<link rel=\"canonical\" href=\"https:\/\/www.pressenza.com\/es\/2020\/04\/noam-chomsky-superaremos-la-crisis-del-coronavirus-pero-tenemos-crisis-mas-serias-por-delante\/\" \/>\n<meta property=\"og:locale\" content=\"es_ES\" \/>\n<meta property=\"og:type\" content=\"article\" \/>\n<meta property=\"og:title\" content=\"Noam Chomsky: &quot;Superaremos la crisis del coronavirus, pero tenemos crisis m\u00e1s serias por delante&quot;\" \/>\n<meta property=\"og:description\" content=\"Noam Chomsky, conocido ling\u00fcista y analista pol\u00edtico estadounidense de 91 a\u00f1os de edad, habl\u00f3 con Sre\u0107ko Horvat en DiEM25 TV de Arizona, EE.UU., donde se\" \/>\n<meta property=\"og:url\" content=\"https:\/\/www.pressenza.com\/es\/2020\/04\/noam-chomsky-superaremos-la-crisis-del-coronavirus-pero-tenemos-crisis-mas-serias-por-delante\/\" \/>\n<meta property=\"og:site_name\" content=\"Pressenza\" \/>\n<meta property=\"article:publisher\" content=\"https:\/\/www.facebook.com\/PressenzaItalia\" \/>\n<meta property=\"article:author\" content=\"https:\/\/www.facebook.com\/pressenzagr\/\" \/>\n<meta property=\"article:published_time\" content=\"2020-04-09T14:25:14+00:00\" \/>\n<meta property=\"og:image\" content=\"https:\/\/www.pressenza.com\/wp-content\/uploads\/2020\/03\/Noam-Chomsky-coronavirus.jpg\" \/>\n\t<meta property=\"og:image:width\" content=\"750\" \/>\n\t<meta property=\"og:image:height\" content=\"422\" \/>\n\t<meta property=\"og:image:type\" content=\"image\/jpeg\" \/>\n<meta name=\"author\" content=\"Pressenza Athens\" \/>\n<meta name=\"twitter:card\" content=\"summary_large_image\" \/>\n<meta name=\"twitter:creator\" content=\"@Pressenza_ath\" \/>\n<meta name=\"twitter:site\" content=\"@PressenzaIPA\" \/>\n<meta name=\"twitter:label1\" content=\"Escrito por\" \/>\n\t<meta name=\"twitter:data1\" content=\"Pressenza Athens\" \/>\n\t<meta name=\"twitter:label2\" content=\"Tiempo de lectura\" \/>\n\t<meta name=\"twitter:data2\" content=\"6 minutos\" \/>\n<script type=\"application\/ld+json\" class=\"yoast-schema-graph\">{\"@context\":\"https:\/\/schema.org\",\"@graph\":[{\"@type\":\"Article\",\"@id\":\"https:\/\/www.pressenza.com\/es\/2020\/04\/noam-chomsky-superaremos-la-crisis-del-coronavirus-pero-tenemos-crisis-mas-serias-por-delante\/#article\",\"isPartOf\":{\"@id\":\"https:\/\/www.pressenza.com\/es\/2020\/04\/noam-chomsky-superaremos-la-crisis-del-coronavirus-pero-tenemos-crisis-mas-serias-por-delante\/\"},\"author\":{\"name\":\"Pressenza Athens\",\"@id\":\"https:\/\/www.pressenza.com\/es\/#\/schema\/person\/9eae8d7f0aad5ec6a7f6f21ec94480fb\"},\"headline\":\"Noam Chomsky: \u00abSuperaremos la crisis del coronavirus, pero tenemos crisis m\u00e1s serias por delante\u00bb\",\"datePublished\":\"2020-04-09T14:25:14+00:00\",\"mainEntityOfPage\":{\"@id\":\"https:\/\/www.pressenza.com\/es\/2020\/04\/noam-chomsky-superaremos-la-crisis-del-coronavirus-pero-tenemos-crisis-mas-serias-por-delante\/\"},\"wordCount\":1301,\"publisher\":{\"@id\":\"https:\/\/www.pressenza.com\/es\/#organization\"},\"image\":{\"@id\":\"https:\/\/www.pressenza.com\/es\/2020\/04\/noam-chomsky-superaremos-la-crisis-del-coronavirus-pero-tenemos-crisis-mas-serias-por-delante\/#primaryimage\"},\"thumbnailUrl\":\"https:\/\/www.pressenza.com\/wp-content\/uploads\/2020\/03\/Noam-Chomsky-coronavirus.jpg\",\"keywords\":[\"calentamiento global\",\"coronav\u00edrus\",\"Estados Unidos\",\"Estados Unidos de Norteam\u00e9rica\",\"Guerra nuclear\",\"neoliberal\"],\"articleSection\":[\"Contenido Original\",\"Entrevistas\",\"Norteam\u00e9rica\",\"Opiniones\",\"Pol\u00edtica\",\"Video\"],\"inLanguage\":\"es\"},{\"@type\":\"WebPage\",\"@id\":\"https:\/\/www.pressenza.com\/es\/2020\/04\/noam-chomsky-superaremos-la-crisis-del-coronavirus-pero-tenemos-crisis-mas-serias-por-delante\/\",\"url\":\"https:\/\/www.pressenza.com\/es\/2020\/04\/noam-chomsky-superaremos-la-crisis-del-coronavirus-pero-tenemos-crisis-mas-serias-por-delante\/\",\"name\":\"Noam Chomsky: \\\"Superaremos la crisis del coronavirus, pero tenemos crisis m\u00e1s serias por delante\\\"\",\"isPartOf\":{\"@id\":\"https:\/\/www.pressenza.com\/es\/#website\"},\"primaryImageOfPage\":{\"@id\":\"https:\/\/www.pressenza.com\/es\/2020\/04\/noam-chomsky-superaremos-la-crisis-del-coronavirus-pero-tenemos-crisis-mas-serias-por-delante\/#primaryimage\"},\"image\":{\"@id\":\"https:\/\/www.pressenza.com\/es\/2020\/04\/noam-chomsky-superaremos-la-crisis-del-coronavirus-pero-tenemos-crisis-mas-serias-por-delante\/#primaryimage\"},\"thumbnailUrl\":\"https:\/\/www.pressenza.com\/wp-content\/uploads\/2020\/03\/Noam-Chomsky-coronavirus.jpg\",\"datePublished\":\"2020-04-09T14:25:14+00:00\",\"description\":\"Noam Chomsky, conocido ling\u00fcista y analista pol\u00edtico estadounidense de 91 a\u00f1os de edad, habl\u00f3 con Sre\u0107ko Horvat en DiEM25 TV de Arizona, EE.UU., donde se\",\"breadcrumb\":{\"@id\":\"https:\/\/www.pressenza.com\/es\/2020\/04\/noam-chomsky-superaremos-la-crisis-del-coronavirus-pero-tenemos-crisis-mas-serias-por-delante\/#breadcrumb\"},\"inLanguage\":\"es\",\"potentialAction\":[{\"@type\":\"ReadAction\",\"target\":[\"https:\/\/www.pressenza.com\/es\/2020\/04\/noam-chomsky-superaremos-la-crisis-del-coronavirus-pero-tenemos-crisis-mas-serias-por-delante\/\"]}]},{\"@type\":\"ImageObject\",\"inLanguage\":\"es\",\"@id\":\"https:\/\/www.pressenza.com\/es\/2020\/04\/noam-chomsky-superaremos-la-crisis-del-coronavirus-pero-tenemos-crisis-mas-serias-por-delante\/#primaryimage\",\"url\":\"https:\/\/www.pressenza.com\/wp-content\/uploads\/2020\/03\/Noam-Chomsky-coronavirus.jpg\",\"contentUrl\":\"https:\/\/www.pressenza.com\/wp-content\/uploads\/2020\/03\/Noam-Chomsky-coronavirus.jpg\",\"width\":750,\"height\":422,\"caption\":\"\u201cNoam Chomsky : \u00ab Nous allons surmonter la crise du coronavirus, mais nous avons des crises plus graves devant nous \u00bb\u201d est verrouill\u00e9 Noam Chomsky : \u00ab Nous allons surmonter la crise du coronavirus, mais nous avons des crises plus graves devant nous \u00bb\"},{\"@type\":\"BreadcrumbList\",\"@id\":\"https:\/\/www.pressenza.com\/es\/2020\/04\/noam-chomsky-superaremos-la-crisis-del-coronavirus-pero-tenemos-crisis-mas-serias-por-delante\/#breadcrumb\",\"itemListElement\":[{\"@type\":\"ListItem\",\"position\":1,\"name\":\"Accueil\",\"item\":\"https:\/\/www.pressenza.com\/es\/\"},{\"@type\":\"ListItem\",\"position\":2,\"name\":\"Noam Chomsky: \u00abSuperaremos la crisis del coronavirus, pero tenemos crisis m\u00e1s serias por delante\u00bb\"}]},{\"@type\":\"WebSite\",\"@id\":\"https:\/\/www.pressenza.com\/es\/#website\",\"url\":\"https:\/\/www.pressenza.com\/es\/\",\"name\":\"Pressenza\",\"description\":\"International Press Agency\",\"publisher\":{\"@id\":\"https:\/\/www.pressenza.com\/es\/#organization\"},\"potentialAction\":[{\"@type\":\"SearchAction\",\"target\":{\"@type\":\"EntryPoint\",\"urlTemplate\":\"https:\/\/www.pressenza.com\/es\/?s={search_term_string}\"},\"query-input\":{\"@type\":\"PropertyValueSpecification\",\"valueRequired\":true,\"valueName\":\"search_term_string\"}}],\"inLanguage\":\"es\"},{\"@type\":\"Organization\",\"@id\":\"https:\/\/www.pressenza.com\/es\/#organization\",\"name\":\"Pressenza\",\"url\":\"https:\/\/www.pressenza.com\/es\/\",\"logo\":{\"@type\":\"ImageObject\",\"inLanguage\":\"es\",\"@id\":\"https:\/\/www.pressenza.com\/es\/#\/schema\/logo\/image\/\",\"url\":\"https:\/\/www.pressenza.com\/wp-content\/uploads\/2022\/10\/pressenza_logo_200x200.jpg\",\"contentUrl\":\"https:\/\/www.pressenza.com\/wp-content\/uploads\/2022\/10\/pressenza_logo_200x200.jpg\",\"width\":200,\"height\":200,\"caption\":\"Pressenza\"},\"image\":{\"@id\":\"https:\/\/www.pressenza.com\/es\/#\/schema\/logo\/image\/\"},\"sameAs\":[\"https:\/\/www.facebook.com\/PressenzaItalia\",\"https:\/\/x.com\/PressenzaIPA\"]},{\"@type\":\"Person\",\"@id\":\"https:\/\/www.pressenza.com\/es\/#\/schema\/person\/9eae8d7f0aad5ec6a7f6f21ec94480fb\",\"name\":\"Pressenza Athens\",\"description\":\"News from the Pressenza Bureau in Athens, Greece\",\"sameAs\":[\"https:\/\/www.facebook.com\/pressenzagr\/\",\"https:\/\/x.com\/Pressenza_ath\"],\"url\":\"https:\/\/www.pressenza.com\/es\/author\/pressenza-athens\/\"}]}<\/script>\n<!-- \/ Yoast SEO plugin. -->","yoast_head_json":{"title":"Noam Chomsky: \"Superaremos la crisis del coronavirus, pero tenemos crisis m\u00e1s serias por delante\"","description":"Noam Chomsky, conocido ling\u00fcista y analista pol\u00edtico estadounidense de 91 a\u00f1os de edad, habl\u00f3 con Sre\u0107ko Horvat en DiEM25 TV de Arizona, EE.UU., donde se","robots":{"index":"index","follow":"follow","max-snippet":"max-snippet:-1","max-image-preview":"max-image-preview:large","max-video-preview":"max-video-preview:-1"},"canonical":"https:\/\/www.pressenza.com\/es\/2020\/04\/noam-chomsky-superaremos-la-crisis-del-coronavirus-pero-tenemos-crisis-mas-serias-por-delante\/","og_locale":"es_ES","og_type":"article","og_title":"Noam Chomsky: \"Superaremos la crisis del coronavirus, pero tenemos crisis m\u00e1s serias por delante\"","og_description":"Noam Chomsky, conocido ling\u00fcista y analista pol\u00edtico estadounidense de 91 a\u00f1os de edad, habl\u00f3 con Sre\u0107ko Horvat en DiEM25 TV de Arizona, EE.UU., donde se","og_url":"https:\/\/www.pressenza.com\/es\/2020\/04\/noam-chomsky-superaremos-la-crisis-del-coronavirus-pero-tenemos-crisis-mas-serias-por-delante\/","og_site_name":"Pressenza","article_publisher":"https:\/\/www.facebook.com\/PressenzaItalia","article_author":"https:\/\/www.facebook.com\/pressenzagr\/","article_published_time":"2020-04-09T14:25:14+00:00","og_image":[{"width":750,"height":422,"url":"https:\/\/www.pressenza.com\/wp-content\/uploads\/2020\/03\/Noam-Chomsky-coronavirus.jpg","type":"image\/jpeg"}],"author":"Pressenza Athens","twitter_card":"summary_large_image","twitter_creator":"@Pressenza_ath","twitter_site":"@PressenzaIPA","twitter_misc":{"Escrito por":"Pressenza Athens","Tiempo de lectura":"6 minutos"},"schema":{"@context":"https:\/\/schema.org","@graph":[{"@type":"Article","@id":"https:\/\/www.pressenza.com\/es\/2020\/04\/noam-chomsky-superaremos-la-crisis-del-coronavirus-pero-tenemos-crisis-mas-serias-por-delante\/#article","isPartOf":{"@id":"https:\/\/www.pressenza.com\/es\/2020\/04\/noam-chomsky-superaremos-la-crisis-del-coronavirus-pero-tenemos-crisis-mas-serias-por-delante\/"},"author":{"name":"Pressenza Athens","@id":"https:\/\/www.pressenza.com\/es\/#\/schema\/person\/9eae8d7f0aad5ec6a7f6f21ec94480fb"},"headline":"Noam Chomsky: \u00abSuperaremos la crisis del coronavirus, pero tenemos crisis m\u00e1s serias por delante\u00bb","datePublished":"2020-04-09T14:25:14+00:00","mainEntityOfPage":{"@id":"https:\/\/www.pressenza.com\/es\/2020\/04\/noam-chomsky-superaremos-la-crisis-del-coronavirus-pero-tenemos-crisis-mas-serias-por-delante\/"},"wordCount":1301,"publisher":{"@id":"https:\/\/www.pressenza.com\/es\/#organization"},"image":{"@id":"https:\/\/www.pressenza.com\/es\/2020\/04\/noam-chomsky-superaremos-la-crisis-del-coronavirus-pero-tenemos-crisis-mas-serias-por-delante\/#primaryimage"},"thumbnailUrl":"https:\/\/www.pressenza.com\/wp-content\/uploads\/2020\/03\/Noam-Chomsky-coronavirus.jpg","keywords":["calentamiento global","coronav\u00edrus","Estados Unidos","Estados Unidos de Norteam\u00e9rica","Guerra nuclear","neoliberal"],"articleSection":["Contenido Original","Entrevistas","Norteam\u00e9rica","Opiniones","Pol\u00edtica","Video"],"inLanguage":"es"},{"@type":"WebPage","@id":"https:\/\/www.pressenza.com\/es\/2020\/04\/noam-chomsky-superaremos-la-crisis-del-coronavirus-pero-tenemos-crisis-mas-serias-por-delante\/","url":"https:\/\/www.pressenza.com\/es\/2020\/04\/noam-chomsky-superaremos-la-crisis-del-coronavirus-pero-tenemos-crisis-mas-serias-por-delante\/","name":"Noam Chomsky: \"Superaremos la crisis del coronavirus, pero tenemos crisis m\u00e1s serias por delante\"","isPartOf":{"@id":"https:\/\/www.pressenza.com\/es\/#website"},"primaryImageOfPage":{"@id":"https:\/\/www.pressenza.com\/es\/2020\/04\/noam-chomsky-superaremos-la-crisis-del-coronavirus-pero-tenemos-crisis-mas-serias-por-delante\/#primaryimage"},"image":{"@id":"https:\/\/www.pressenza.com\/es\/2020\/04\/noam-chomsky-superaremos-la-crisis-del-coronavirus-pero-tenemos-crisis-mas-serias-por-delante\/#primaryimage"},"thumbnailUrl":"https:\/\/www.pressenza.com\/wp-content\/uploads\/2020\/03\/Noam-Chomsky-coronavirus.jpg","datePublished":"2020-04-09T14:25:14+00:00","description":"Noam Chomsky, conocido ling\u00fcista y analista pol\u00edtico estadounidense de 91 a\u00f1os de edad, habl\u00f3 con Sre\u0107ko Horvat en DiEM25 TV de Arizona, EE.UU., donde se","breadcrumb":{"@id":"https:\/\/www.pressenza.com\/es\/2020\/04\/noam-chomsky-superaremos-la-crisis-del-coronavirus-pero-tenemos-crisis-mas-serias-por-delante\/#breadcrumb"},"inLanguage":"es","potentialAction":[{"@type":"ReadAction","target":["https:\/\/www.pressenza.com\/es\/2020\/04\/noam-chomsky-superaremos-la-crisis-del-coronavirus-pero-tenemos-crisis-mas-serias-por-delante\/"]}]},{"@type":"ImageObject","inLanguage":"es","@id":"https:\/\/www.pressenza.com\/es\/2020\/04\/noam-chomsky-superaremos-la-crisis-del-coronavirus-pero-tenemos-crisis-mas-serias-por-delante\/#primaryimage","url":"https:\/\/www.pressenza.com\/wp-content\/uploads\/2020\/03\/Noam-Chomsky-coronavirus.jpg","contentUrl":"https:\/\/www.pressenza.com\/wp-content\/uploads\/2020\/03\/Noam-Chomsky-coronavirus.jpg","width":750,"height":422,"caption":"\u201cNoam Chomsky : \u00ab Nous allons surmonter la crise du coronavirus, mais nous avons des crises plus graves devant nous \u00bb\u201d est verrouill\u00e9 Noam Chomsky : \u00ab Nous allons surmonter la crise du coronavirus, mais nous avons des crises plus graves devant nous \u00bb"},{"@type":"BreadcrumbList","@id":"https:\/\/www.pressenza.com\/es\/2020\/04\/noam-chomsky-superaremos-la-crisis-del-coronavirus-pero-tenemos-crisis-mas-serias-por-delante\/#breadcrumb","itemListElement":[{"@type":"ListItem","position":1,"name":"Accueil","item":"https:\/\/www.pressenza.com\/es\/"},{"@type":"ListItem","position":2,"name":"Noam Chomsky: \u00abSuperaremos la crisis del coronavirus, pero tenemos crisis m\u00e1s serias por delante\u00bb"}]},{"@type":"WebSite","@id":"https:\/\/www.pressenza.com\/es\/#website","url":"https:\/\/www.pressenza.com\/es\/","name":"Pressenza","description":"International Press Agency","publisher":{"@id":"https:\/\/www.pressenza.com\/es\/#organization"},"potentialAction":[{"@type":"SearchAction","target":{"@type":"EntryPoint","urlTemplate":"https:\/\/www.pressenza.com\/es\/?s={search_term_string}"},"query-input":{"@type":"PropertyValueSpecification","valueRequired":true,"valueName":"search_term_string"}}],"inLanguage":"es"},{"@type":"Organization","@id":"https:\/\/www.pressenza.com\/es\/#organization","name":"Pressenza","url":"https:\/\/www.pressenza.com\/es\/","logo":{"@type":"ImageObject","inLanguage":"es","@id":"https:\/\/www.pressenza.com\/es\/#\/schema\/logo\/image\/","url":"https:\/\/www.pressenza.com\/wp-content\/uploads\/2022\/10\/pressenza_logo_200x200.jpg","contentUrl":"https:\/\/www.pressenza.com\/wp-content\/uploads\/2022\/10\/pressenza_logo_200x200.jpg","width":200,"height":200,"caption":"Pressenza"},"image":{"@id":"https:\/\/www.pressenza.com\/es\/#\/schema\/logo\/image\/"},"sameAs":["https:\/\/www.facebook.com\/PressenzaItalia","https:\/\/x.com\/PressenzaIPA"]},{"@type":"Person","@id":"https:\/\/www.pressenza.com\/es\/#\/schema\/person\/9eae8d7f0aad5ec6a7f6f21ec94480fb","name":"Pressenza Athens","description":"News from the Pressenza Bureau in Athens, Greece","sameAs":["https:\/\/www.facebook.com\/pressenzagr\/","https:\/\/x.com\/Pressenza_ath"],"url":"https:\/\/www.pressenza.com\/es\/author\/pressenza-athens\/"}]}},"place":"","original_article_url":"","_links":{"self":[{"href":"https:\/\/www.pressenza.com\/es\/wp-json\/wp\/v2\/posts\/1079355","targetHints":{"allow":["GET"]}}],"collection":[{"href":"https:\/\/www.pressenza.com\/es\/wp-json\/wp\/v2\/posts"}],"about":[{"href":"https:\/\/www.pressenza.com\/es\/wp-json\/wp\/v2\/types\/post"}],"author":[{"embeddable":true,"href":"https:\/\/www.pressenza.com\/es\/wp-json\/wp\/v2\/users\/1220"}],"replies":[{"embeddable":true,"href":"https:\/\/www.pressenza.com\/es\/wp-json\/wp\/v2\/comments?post=1079355"}],"version-history":[{"count":0,"href":"https:\/\/www.pressenza.com\/es\/wp-json\/wp\/v2\/posts\/1079355\/revisions"}],"wp:featuredmedia":[{"embeddable":true,"href":"https:\/\/www.pressenza.com\/es\/wp-json\/wp\/v2\/media\/1067193"}],"wp:attachment":[{"href":"https:\/\/www.pressenza.com\/es\/wp-json\/wp\/v2\/media?parent=1079355"}],"wp:term":[{"taxonomy":"category","embeddable":true,"href":"https:\/\/www.pressenza.com\/es\/wp-json\/wp\/v2\/categories?post=1079355"},{"taxonomy":"post_tag","embeddable":true,"href":"https:\/\/www.pressenza.com\/es\/wp-json\/wp\/v2\/tags?post=1079355"}],"curies":[{"name":"wp","href":"https:\/\/api.w.org\/{rel}","templated":true}]}}