{"id":107738,"date":"2014-05-16T04:12:22","date_gmt":"2014-05-16T03:12:22","guid":{"rendered":"http:\/\/www.pressenza.com\/?p=107738"},"modified":"2014-05-16T04:14:17","modified_gmt":"2014-05-16T03:14:17","slug":"peru-el-juicio-por-el-baguazo-cinco-anos-despues","status":"publish","type":"post","link":"https:\/\/www.pressenza.com\/es\/2014\/05\/peru-el-juicio-por-el-baguazo-cinco-anos-despues\/","title":{"rendered":"Per\u00fa: El juicio por el \u201cBaguazo\u201d, cinco a\u00f1os despu\u00e9s"},"content":{"rendered":"<div><i>El 14 de mayo se \u00a0inici\u00f3 el juicio por el \u201cBaguazo\u201d, tragedia ocurrida el 5 de junio de 2009. Mientras las responsabilidades de las autoridades que eran gobierno en ese momento brillan por su ausencia, este juicio pone en el banquillo a 54 ind\u00edgenas y mestizos acusados de la muerte de once polic\u00edas y cuatro ind\u00edgenas en la Curva del Diablo. La acusaci\u00f3n fiscal pide penas de cadena perpetua para l\u00edderes como Alberto Pizango de AIDESEP o para el apu Santiago Manuin. En Otra Mirada no olvidamos esta tragedia, por ello compartimos una reflexi\u00f3n del cura jesuita Paco Muguiro Ibarra.<\/i><\/div>\n<div><\/div>\n<div><strong>Nos acercamos al 14 de mayo, juicio de Bagua<\/strong><\/div>\n<div><\/div>\n<div>Para algunos, despu\u00e9s de cinco a\u00f1os, todav\u00eda no queda claro que los ind\u00edgenas que lucharon por la seguridad de sus territorios, de abril a junio del 2009, ten\u00edan raz\u00f3n. Y que las leyes que hab\u00eda dado Alan Garc\u00eda, aprovechando unas facultades otorgadas para facilitar el TLC con EEUU, eran en\u00a0muchos casos inconstitucionales y en el 80%\u00a0no ten\u00edan que ver con las exigencias del TLC. Ten\u00edan raz\u00f3n los ind\u00edgenas cuando pensaban que Alan Garc\u00eda lo que hac\u00eda con esas leyes era poner los\u00a0territorios de sus comunidades y los de toda la Amazon\u00eda al servicio del mercado mundial. Del 2004, en los que estaba concesionado el 15% del territorio amaz\u00f3nico, hemos pasado en estos\u00a0a\u00f1os al 75%, y se han concedido lotes petroleros por 56 millones de hect\u00e1reas. Todos nosotros tendr\u00edamos que estar tambi\u00e9n en esa lucha, porque los nativos defend\u00edan nuestros derechos como peruanos\/as, ya\u00a0que con esas leyes \u201cse sustra\u00eda del patrimonio de la naci\u00f3n a los bosques\u201d de nuestra Amazon\u00eda (La Verdad sobre Bagua).<\/div>\n<div><\/div>\n<div>Ya sabemos c\u00f3mo termin\u00f3 esa justa protesta: con el saldo de 35 peruanos muertos y ahora, el 14 de Mayo, despu\u00e9s de cinco a\u00f1os, se pretende condenar \u00fanicamente a los ind\u00edgenas y con penas que llegan hasta la cadena perpetua, y sin pruebas. Como dice nuestro Obispo, que estuvo cerca de los hechos:<\/div>\n<div><\/div>\n<div>\u201cNo puede ser que los \u00fanicos culpables se encuentren entre los ind\u00edgenas y que las autoridades del gobierno y de la polic\u00eda de entonces hayan quedado limpios de polvo y paja, a lo m\u00e1s con una sanci\u00f3n administrativa. No puede ser que los \u00fanicos encarcelados&#8230;sean tres ind\u00edgenas, a quienes no les han probado los delitos de los que los acusan. No puede ser que se pida cadena perpetua o condenas grav\u00edsimas para quienes, seg\u00fan todos los testigos, su \u00fanico delito fue reclamar sus derechos y luego tratar de impedir que se derrame sangre inocente en ambos bandos\u201d (Santiago Garc\u00eda de la Rasilla Dom\u00ednguez, S.J. Obispo Vicariato Apost\u00f3lico San Francisco Javier, Ja\u00e9n, Junio 2013, en el cuarto aniversario)<\/div>\n<div>Este juicio va a hacer historia, porque nunca en el Per\u00fa hubo un juicio as\u00ed. Primero por el n\u00famero de muertos; segundo, por las circunstancias en que se dieron y, tercero, por tratarse del juicio que hace el Per\u00fa oficial, el Per\u00fa de Lima, al Per\u00fa profundo, al Per\u00fa de las diversas nacionalidades y culturas. No es el juicio a unas personas, es el juicio a todo un pueblo ind\u00edgena, que simboliza a todos los pueblos ind\u00edgenas de la Amazon\u00eda. Es el juicio que hacemos\u00a0a otra forma de entender el desarrollo y a otra forma de vivir y querer vivir en\u00a0nuestro pa\u00eds.<\/div>\n<div><\/div>\n<div>Todos esperamos mucha jurisprudencia y con ella mucha justicia. No s\u00e9 si en nuestra Am\u00e9rica Latina se ha dado alguna vez un juicio como este, por eso es que va a hacer historia y vamos a estar en el mirador de todo el mundo. Nuestro crecimiento econ\u00f3mico, tan cacareado por Alan Garc\u00eda, provocador de este conflicto, sin equidad y justicia no es desarrollo.<\/div>\n<div><\/div>\n<div><a href=\"http:\/\/www.otramirada.pe\/content\/el-juicio-por-el-%E2%80%9Cbaguazo%E2%80%9D-cinco-a%C3%B1os-despu%C3%A9s\">http:\/\/www.otramirada.pe\/content\/el-juicio-por-el-%E2%80%9Cbaguazo%E2%80%9D-cinco-a%C3%B1os-despu%C3%A9s<\/a><\/div>\n<div><\/div>\n<div><\/div>\n<p><b>Documentos Relacionados:<\/b><br \/>\n<a href=\"http:\/\/www.alainet.org\/active\/72973\">A qui\u00e9nes juzgamos el 14 de mayo en Bagua &#8211; Muguiro Ibarra Paco [2014-04-15]<\/a><br \/>\n<a href=\"http:\/\/www.alainet.org\/active\/73753\">El juicio de Bagua y lo deleznable &#8211; Valera Moreno Guillermo [2014-05-15]<\/a><\/p>\n","protected":false},"excerpt":{"rendered":"<p>El 14 de mayo se \u00a0inici\u00f3 el juicio por el \u201cBaguazo\u201d, tragedia ocurrida el 5 de junio de 2009. Mientras las responsabilidades de las autoridades que eran gobierno en ese momento brillan por su ausencia, este juicio pone en el&hellip;<\/p>\n","protected":false},"author":1011,"featured_media":107740,"comment_status":"closed","ping_status":"open","sticky":false,"template":"","format":"standard","meta":{"footnotes":""},"categories":[79,78,161,80,67],"tags":[],"class_list":["post-107738","post","type-post","status-publish","format-standard","has-post-thumbnail","hentry","category-derechos-humanos","category-medio-ambiente-ecologia","category-opiniones","category-pueblos-originarios","category-sudamerica"],"yoast_head":"<!-- This site is optimized with the Yoast SEO plugin v27.1.1 - https:\/\/yoast.com\/product\/yoast-seo-wordpress\/ -->\n<title>Per\u00fa: El juicio por el \u201cBaguazo\u201d, cinco a\u00f1os despu\u00e9s<\/title>\n<meta name=\"description\" content=\"El 14 de mayo se \u00a0inici\u00f3 el juicio por el \u201cBaguazo\u201d, tragedia ocurrida el 5 de junio de 2009. Mientras las responsabilidades de las autoridades que eran\" \/>\n<meta name=\"robots\" content=\"index, follow, max-snippet:-1, max-image-preview:large, max-video-preview:-1\" \/>\n<link rel=\"canonical\" href=\"https:\/\/www.pressenza.com\/es\/2014\/05\/peru-el-juicio-por-el-baguazo-cinco-anos-despues\/\" \/>\n<meta property=\"og:locale\" content=\"es_ES\" \/>\n<meta property=\"og:type\" content=\"article\" \/>\n<meta property=\"og:title\" content=\"Per\u00fa: El juicio por el \u201cBaguazo\u201d, cinco a\u00f1os despu\u00e9s\" \/>\n<meta property=\"og:description\" content=\"El 14 de mayo se \u00a0inici\u00f3 el juicio por el \u201cBaguazo\u201d, tragedia ocurrida el 5 de junio de 2009. Mientras las responsabilidades de las autoridades que eran\" \/>\n<meta property=\"og:url\" content=\"https:\/\/www.pressenza.com\/es\/2014\/05\/peru-el-juicio-por-el-baguazo-cinco-anos-despues\/\" \/>\n<meta property=\"og:site_name\" content=\"Pressenza\" \/>\n<meta property=\"article:publisher\" content=\"https:\/\/www.facebook.com\/PressenzaItalia\" \/>\n<meta property=\"article:published_time\" content=\"2014-05-16T03:12:22+00:00\" \/>\n<meta property=\"article:modified_time\" content=\"2014-05-16T03:14:17+00:00\" \/>\n<meta property=\"og:image\" content=\"https:\/\/www.pressenza.com\/wp-content\/uploads\/2014\/05\/peru.jpg\" \/>\n\t<meta property=\"og:image:width\" content=\"608\" \/>\n\t<meta property=\"og:image:height\" content=\"365\" \/>\n\t<meta property=\"og:image:type\" content=\"image\/jpeg\" \/>\n<meta name=\"author\" content=\"Redacci\u00f3n Ecuador\" \/>\n<meta name=\"twitter:card\" content=\"summary_large_image\" \/>\n<meta name=\"twitter:creator\" content=\"@PressenzaIPA\" \/>\n<meta name=\"twitter:site\" content=\"@PressenzaIPA\" \/>\n<meta name=\"twitter:label1\" content=\"Escrito por\" \/>\n\t<meta name=\"twitter:data1\" content=\"Redacci\u00f3n Ecuador\" \/>\n\t<meta name=\"twitter:label2\" content=\"Tiempo de lectura\" \/>\n\t<meta name=\"twitter:data2\" content=\"4 minutos\" \/>\n<script type=\"application\/ld+json\" class=\"yoast-schema-graph\">{\"@context\":\"https:\/\/schema.org\",\"@graph\":[{\"@type\":\"Article\",\"@id\":\"https:\/\/www.pressenza.com\/es\/2014\/05\/peru-el-juicio-por-el-baguazo-cinco-anos-despues\/#article\",\"isPartOf\":{\"@id\":\"https:\/\/www.pressenza.com\/es\/2014\/05\/peru-el-juicio-por-el-baguazo-cinco-anos-despues\/\"},\"author\":{\"name\":\"Redacci\u00f3n Ecuador\",\"@id\":\"https:\/\/www.pressenza.com\/es\/#\/schema\/person\/883a735c40665759bcc6fe0c26bcb46f\"},\"headline\":\"Per\u00fa: El juicio por el \u201cBaguazo\u201d, cinco a\u00f1os despu\u00e9s\",\"datePublished\":\"2014-05-16T03:12:22+00:00\",\"dateModified\":\"2014-05-16T03:14:17+00:00\",\"mainEntityOfPage\":{\"@id\":\"https:\/\/www.pressenza.com\/es\/2014\/05\/peru-el-juicio-por-el-baguazo-cinco-anos-despues\/\"},\"wordCount\":713,\"publisher\":{\"@id\":\"https:\/\/www.pressenza.com\/es\/#organization\"},\"image\":{\"@id\":\"https:\/\/www.pressenza.com\/es\/2014\/05\/peru-el-juicio-por-el-baguazo-cinco-anos-despues\/#primaryimage\"},\"thumbnailUrl\":\"https:\/\/www.pressenza.com\/wp-content\/uploads\/2014\/05\/peru.jpg\",\"articleSection\":[\"Derechos Humanos\",\"Ecolog\u00eda y Medio Ambiente\",\"Opiniones\",\"Pueblos Originarios\",\"Sudam\u00e9rica\"],\"inLanguage\":\"es\"},{\"@type\":\"WebPage\",\"@id\":\"https:\/\/www.pressenza.com\/es\/2014\/05\/peru-el-juicio-por-el-baguazo-cinco-anos-despues\/\",\"url\":\"https:\/\/www.pressenza.com\/es\/2014\/05\/peru-el-juicio-por-el-baguazo-cinco-anos-despues\/\",\"name\":\"Per\u00fa: El juicio por el \u201cBaguazo\u201d, cinco a\u00f1os despu\u00e9s\",\"isPartOf\":{\"@id\":\"https:\/\/www.pressenza.com\/es\/#website\"},\"primaryImageOfPage\":{\"@id\":\"https:\/\/www.pressenza.com\/es\/2014\/05\/peru-el-juicio-por-el-baguazo-cinco-anos-despues\/#primaryimage\"},\"image\":{\"@id\":\"https:\/\/www.pressenza.com\/es\/2014\/05\/peru-el-juicio-por-el-baguazo-cinco-anos-despues\/#primaryimage\"},\"thumbnailUrl\":\"https:\/\/www.pressenza.com\/wp-content\/uploads\/2014\/05\/peru.jpg\",\"datePublished\":\"2014-05-16T03:12:22+00:00\",\"dateModified\":\"2014-05-16T03:14:17+00:00\",\"description\":\"El 14 de mayo se \u00a0inici\u00f3 el juicio por el \u201cBaguazo\u201d, tragedia ocurrida el 5 de junio de 2009. Mientras las responsabilidades de las autoridades que eran\",\"breadcrumb\":{\"@id\":\"https:\/\/www.pressenza.com\/es\/2014\/05\/peru-el-juicio-por-el-baguazo-cinco-anos-despues\/#breadcrumb\"},\"inLanguage\":\"es\",\"potentialAction\":[{\"@type\":\"ReadAction\",\"target\":[\"https:\/\/www.pressenza.com\/es\/2014\/05\/peru-el-juicio-por-el-baguazo-cinco-anos-despues\/\"]}]},{\"@type\":\"ImageObject\",\"inLanguage\":\"es\",\"@id\":\"https:\/\/www.pressenza.com\/es\/2014\/05\/peru-el-juicio-por-el-baguazo-cinco-anos-despues\/#primaryimage\",\"url\":\"https:\/\/www.pressenza.com\/wp-content\/uploads\/2014\/05\/peru.jpg\",\"contentUrl\":\"https:\/\/www.pressenza.com\/wp-content\/uploads\/2014\/05\/peru.jpg\",\"width\":608,\"height\":365},{\"@type\":\"BreadcrumbList\",\"@id\":\"https:\/\/www.pressenza.com\/es\/2014\/05\/peru-el-juicio-por-el-baguazo-cinco-anos-despues\/#breadcrumb\",\"itemListElement\":[{\"@type\":\"ListItem\",\"position\":1,\"name\":\"Accueil\",\"item\":\"https:\/\/www.pressenza.com\/es\/\"},{\"@type\":\"ListItem\",\"position\":2,\"name\":\"Per\u00fa: El juicio por el \u201cBaguazo\u201d, cinco a\u00f1os despu\u00e9s\"}]},{\"@type\":\"WebSite\",\"@id\":\"https:\/\/www.pressenza.com\/es\/#website\",\"url\":\"https:\/\/www.pressenza.com\/es\/\",\"name\":\"Pressenza\",\"description\":\"International Press Agency\",\"publisher\":{\"@id\":\"https:\/\/www.pressenza.com\/es\/#organization\"},\"potentialAction\":[{\"@type\":\"SearchAction\",\"target\":{\"@type\":\"EntryPoint\",\"urlTemplate\":\"https:\/\/www.pressenza.com\/es\/?s={search_term_string}\"},\"query-input\":{\"@type\":\"PropertyValueSpecification\",\"valueRequired\":true,\"valueName\":\"search_term_string\"}}],\"inLanguage\":\"es\"},{\"@type\":\"Organization\",\"@id\":\"https:\/\/www.pressenza.com\/es\/#organization\",\"name\":\"Pressenza\",\"url\":\"https:\/\/www.pressenza.com\/es\/\",\"logo\":{\"@type\":\"ImageObject\",\"inLanguage\":\"es\",\"@id\":\"https:\/\/www.pressenza.com\/es\/#\/schema\/logo\/image\/\",\"url\":\"https:\/\/www.pressenza.com\/wp-content\/uploads\/2022\/10\/pressenza_logo_200x200.jpg\",\"contentUrl\":\"https:\/\/www.pressenza.com\/wp-content\/uploads\/2022\/10\/pressenza_logo_200x200.jpg\",\"width\":200,\"height\":200,\"caption\":\"Pressenza\"},\"image\":{\"@id\":\"https:\/\/www.pressenza.com\/es\/#\/schema\/logo\/image\/\"},\"sameAs\":[\"https:\/\/www.facebook.com\/PressenzaItalia\",\"https:\/\/x.com\/PressenzaIPA\"]},{\"@type\":\"Person\",\"@id\":\"https:\/\/www.pressenza.com\/es\/#\/schema\/person\/883a735c40665759bcc6fe0c26bcb46f\",\"name\":\"Redacci\u00f3n Ecuador\",\"description\":\"News published by the Pressenza bureau in Quito, Ecuador\",\"url\":\"https:\/\/www.pressenza.com\/es\/author\/redaccion-ecuador\/\"}]}<\/script>\n<!-- \/ Yoast SEO plugin. -->","yoast_head_json":{"title":"Per\u00fa: El juicio por el \u201cBaguazo\u201d, cinco a\u00f1os despu\u00e9s","description":"El 14 de mayo se \u00a0inici\u00f3 el juicio por el \u201cBaguazo\u201d, tragedia ocurrida el 5 de junio de 2009. Mientras las responsabilidades de las autoridades que eran","robots":{"index":"index","follow":"follow","max-snippet":"max-snippet:-1","max-image-preview":"max-image-preview:large","max-video-preview":"max-video-preview:-1"},"canonical":"https:\/\/www.pressenza.com\/es\/2014\/05\/peru-el-juicio-por-el-baguazo-cinco-anos-despues\/","og_locale":"es_ES","og_type":"article","og_title":"Per\u00fa: El juicio por el \u201cBaguazo\u201d, cinco a\u00f1os despu\u00e9s","og_description":"El 14 de mayo se \u00a0inici\u00f3 el juicio por el \u201cBaguazo\u201d, tragedia ocurrida el 5 de junio de 2009. Mientras las responsabilidades de las autoridades que eran","og_url":"https:\/\/www.pressenza.com\/es\/2014\/05\/peru-el-juicio-por-el-baguazo-cinco-anos-despues\/","og_site_name":"Pressenza","article_publisher":"https:\/\/www.facebook.com\/PressenzaItalia","article_published_time":"2014-05-16T03:12:22+00:00","article_modified_time":"2014-05-16T03:14:17+00:00","og_image":[{"width":608,"height":365,"url":"https:\/\/www.pressenza.com\/wp-content\/uploads\/2014\/05\/peru.jpg","type":"image\/jpeg"}],"author":"Redacci\u00f3n Ecuador","twitter_card":"summary_large_image","twitter_creator":"@PressenzaIPA","twitter_site":"@PressenzaIPA","twitter_misc":{"Escrito por":"Redacci\u00f3n Ecuador","Tiempo de lectura":"4 minutos"},"schema":{"@context":"https:\/\/schema.org","@graph":[{"@type":"Article","@id":"https:\/\/www.pressenza.com\/es\/2014\/05\/peru-el-juicio-por-el-baguazo-cinco-anos-despues\/#article","isPartOf":{"@id":"https:\/\/www.pressenza.com\/es\/2014\/05\/peru-el-juicio-por-el-baguazo-cinco-anos-despues\/"},"author":{"name":"Redacci\u00f3n Ecuador","@id":"https:\/\/www.pressenza.com\/es\/#\/schema\/person\/883a735c40665759bcc6fe0c26bcb46f"},"headline":"Per\u00fa: El juicio por el \u201cBaguazo\u201d, cinco a\u00f1os despu\u00e9s","datePublished":"2014-05-16T03:12:22+00:00","dateModified":"2014-05-16T03:14:17+00:00","mainEntityOfPage":{"@id":"https:\/\/www.pressenza.com\/es\/2014\/05\/peru-el-juicio-por-el-baguazo-cinco-anos-despues\/"},"wordCount":713,"publisher":{"@id":"https:\/\/www.pressenza.com\/es\/#organization"},"image":{"@id":"https:\/\/www.pressenza.com\/es\/2014\/05\/peru-el-juicio-por-el-baguazo-cinco-anos-despues\/#primaryimage"},"thumbnailUrl":"https:\/\/www.pressenza.com\/wp-content\/uploads\/2014\/05\/peru.jpg","articleSection":["Derechos Humanos","Ecolog\u00eda y Medio Ambiente","Opiniones","Pueblos Originarios","Sudam\u00e9rica"],"inLanguage":"es"},{"@type":"WebPage","@id":"https:\/\/www.pressenza.com\/es\/2014\/05\/peru-el-juicio-por-el-baguazo-cinco-anos-despues\/","url":"https:\/\/www.pressenza.com\/es\/2014\/05\/peru-el-juicio-por-el-baguazo-cinco-anos-despues\/","name":"Per\u00fa: El juicio por el \u201cBaguazo\u201d, cinco a\u00f1os despu\u00e9s","isPartOf":{"@id":"https:\/\/www.pressenza.com\/es\/#website"},"primaryImageOfPage":{"@id":"https:\/\/www.pressenza.com\/es\/2014\/05\/peru-el-juicio-por-el-baguazo-cinco-anos-despues\/#primaryimage"},"image":{"@id":"https:\/\/www.pressenza.com\/es\/2014\/05\/peru-el-juicio-por-el-baguazo-cinco-anos-despues\/#primaryimage"},"thumbnailUrl":"https:\/\/www.pressenza.com\/wp-content\/uploads\/2014\/05\/peru.jpg","datePublished":"2014-05-16T03:12:22+00:00","dateModified":"2014-05-16T03:14:17+00:00","description":"El 14 de mayo se \u00a0inici\u00f3 el juicio por el \u201cBaguazo\u201d, tragedia ocurrida el 5 de junio de 2009. Mientras las responsabilidades de las autoridades que eran","breadcrumb":{"@id":"https:\/\/www.pressenza.com\/es\/2014\/05\/peru-el-juicio-por-el-baguazo-cinco-anos-despues\/#breadcrumb"},"inLanguage":"es","potentialAction":[{"@type":"ReadAction","target":["https:\/\/www.pressenza.com\/es\/2014\/05\/peru-el-juicio-por-el-baguazo-cinco-anos-despues\/"]}]},{"@type":"ImageObject","inLanguage":"es","@id":"https:\/\/www.pressenza.com\/es\/2014\/05\/peru-el-juicio-por-el-baguazo-cinco-anos-despues\/#primaryimage","url":"https:\/\/www.pressenza.com\/wp-content\/uploads\/2014\/05\/peru.jpg","contentUrl":"https:\/\/www.pressenza.com\/wp-content\/uploads\/2014\/05\/peru.jpg","width":608,"height":365},{"@type":"BreadcrumbList","@id":"https:\/\/www.pressenza.com\/es\/2014\/05\/peru-el-juicio-por-el-baguazo-cinco-anos-despues\/#breadcrumb","itemListElement":[{"@type":"ListItem","position":1,"name":"Accueil","item":"https:\/\/www.pressenza.com\/es\/"},{"@type":"ListItem","position":2,"name":"Per\u00fa: El juicio por el \u201cBaguazo\u201d, cinco a\u00f1os despu\u00e9s"}]},{"@type":"WebSite","@id":"https:\/\/www.pressenza.com\/es\/#website","url":"https:\/\/www.pressenza.com\/es\/","name":"Pressenza","description":"International Press Agency","publisher":{"@id":"https:\/\/www.pressenza.com\/es\/#organization"},"potentialAction":[{"@type":"SearchAction","target":{"@type":"EntryPoint","urlTemplate":"https:\/\/www.pressenza.com\/es\/?s={search_term_string}"},"query-input":{"@type":"PropertyValueSpecification","valueRequired":true,"valueName":"search_term_string"}}],"inLanguage":"es"},{"@type":"Organization","@id":"https:\/\/www.pressenza.com\/es\/#organization","name":"Pressenza","url":"https:\/\/www.pressenza.com\/es\/","logo":{"@type":"ImageObject","inLanguage":"es","@id":"https:\/\/www.pressenza.com\/es\/#\/schema\/logo\/image\/","url":"https:\/\/www.pressenza.com\/wp-content\/uploads\/2022\/10\/pressenza_logo_200x200.jpg","contentUrl":"https:\/\/www.pressenza.com\/wp-content\/uploads\/2022\/10\/pressenza_logo_200x200.jpg","width":200,"height":200,"caption":"Pressenza"},"image":{"@id":"https:\/\/www.pressenza.com\/es\/#\/schema\/logo\/image\/"},"sameAs":["https:\/\/www.facebook.com\/PressenzaItalia","https:\/\/x.com\/PressenzaIPA"]},{"@type":"Person","@id":"https:\/\/www.pressenza.com\/es\/#\/schema\/person\/883a735c40665759bcc6fe0c26bcb46f","name":"Redacci\u00f3n Ecuador","description":"News published by the Pressenza bureau in Quito, Ecuador","url":"https:\/\/www.pressenza.com\/es\/author\/redaccion-ecuador\/"}]}},"place":"","original_article_url":"","_links":{"self":[{"href":"https:\/\/www.pressenza.com\/es\/wp-json\/wp\/v2\/posts\/107738","targetHints":{"allow":["GET"]}}],"collection":[{"href":"https:\/\/www.pressenza.com\/es\/wp-json\/wp\/v2\/posts"}],"about":[{"href":"https:\/\/www.pressenza.com\/es\/wp-json\/wp\/v2\/types\/post"}],"author":[{"embeddable":true,"href":"https:\/\/www.pressenza.com\/es\/wp-json\/wp\/v2\/users\/1011"}],"replies":[{"embeddable":true,"href":"https:\/\/www.pressenza.com\/es\/wp-json\/wp\/v2\/comments?post=107738"}],"version-history":[{"count":0,"href":"https:\/\/www.pressenza.com\/es\/wp-json\/wp\/v2\/posts\/107738\/revisions"}],"wp:featuredmedia":[{"embeddable":true,"href":"https:\/\/www.pressenza.com\/es\/wp-json\/wp\/v2\/media\/107740"}],"wp:attachment":[{"href":"https:\/\/www.pressenza.com\/es\/wp-json\/wp\/v2\/media?parent=107738"}],"wp:term":[{"taxonomy":"category","embeddable":true,"href":"https:\/\/www.pressenza.com\/es\/wp-json\/wp\/v2\/categories?post=107738"},{"taxonomy":"post_tag","embeddable":true,"href":"https:\/\/www.pressenza.com\/es\/wp-json\/wp\/v2\/tags?post=107738"}],"curies":[{"name":"wp","href":"https:\/\/api.w.org\/{rel}","templated":true}]}}