{"id":1076014,"date":"2020-04-04T19:36:30","date_gmt":"2020-04-04T18:36:30","guid":{"rendered":"https:\/\/www.pressenza.com\/?p=1076014"},"modified":"2020-04-04T19:36:30","modified_gmt":"2020-04-04T18:36:30","slug":"carta-abierta-a-los-parlamentarios-chilenos","status":"publish","type":"post","link":"https:\/\/www.pressenza.com\/es\/2020\/04\/carta-abierta-a-los-parlamentarios-chilenos\/","title":{"rendered":"Carta abierta a los parlamentarios chilenos"},"content":{"rendered":"<p>Nos dirigimos a ustedes, para expresarles nuestro rechazo a la decisi\u00f3n del Gobierno, de ponerle suma urgencia a la tramitaci\u00f3n del Proyecto de Ley que \u201cregula la sustituci\u00f3n de penas privativas de libertad por razones humanitarias para las personas que indica\u201d (Bolet\u00edn 12.345-07).<br \/>\nTal como lo ha reconocido el propio Gobierno, a trav\u00e9s de sus Ministros de Justicia e Interior, la iniciativa legal pretende favorecer, entre otros, a condenados por cr\u00edmenes de lesa humanidad recluidos en Punta de Peuco, sustituyendo la pena privativa de libertad por la de reclusi\u00f3n domiciliaria total, en caso de cumplirse los requisitos que establece. Ha invocado para darle suma urgencia al Proyecto ingresado en 2018 al Senado, una promesa de campa\u00f1a y la crisis sanitaria que afecta a nuestro pa\u00eds y el mundo.<br \/>\nLa Comisi\u00f3n Chilena de Derechos Humanos y la Agrupaci\u00f3n de Familiares de Detenidos Desaparecidos (AFDD), junto con las organizaciones y personas firmantes, fundan el rechazo a este nuevo intento de otorgar impunidad a los criminales de lesa Humanidad, en los siguientes razonamientos:<br \/>\n1.- Durante los 17 a\u00f1os de Dictadura c\u00edvico-militar, la comunidad internacional agrupada en la Organizaci\u00f3n de Naciones Unidas (ONU), conden\u00f3 al Estado chileno por su pol\u00edtica permanente de violaci\u00f3n sistem\u00e1tica de los derechos humanos en nuestro pa\u00eds. Chile fue un paria en el sistema internacional, siendo apuntado por el dedo por el concierto de naciones, por su abierta vulneraci\u00f3n y desconocimiento de la normativa internacional de Derechos Humanos que Naciones Unidas hab\u00eda impulsado desde su creaci\u00f3n en 1945, despu\u00e9s del t\u00e9rmino de la Segunda Guerra Mundial.<br \/>\nA partir de 1990, el Estado de Chile fue poco a poco incorpor\u00e1ndose al Sistema Internacional de Naciones Unidas, al mismo tiempo que suscribi\u00f3 y ratific\u00f3 diversos Pactos y Convenciones sobre la materia.<br \/>\n2.- El Estado chileno asumi\u00f3 al mismo tiempo, la obligaci\u00f3n de cumplir cuatro exigencias de la normativa internacional impuestas a los Gobiernos post dictatoriales: esclarecer los cr\u00edmenes contra los derechos humanos, hacer Justicia sancionado a los responsables, reparar debidamente a las v\u00edctimas e implementar medidas que den garant\u00eda de no repetici\u00f3n, que permitan que Nunca M\u00e1s el pa\u00eds vuelva a repetir la barbarie del exterminio, sufrida durante 17 a\u00f1os..<br \/>\nConjuntamente, el Estado Chileno se comprometi\u00f3 a respetar los derechos humanos consagrados en los Pactos y Convenciones sobre la materia, y a aplicar obligatoriamente su normativa, en virtud de la reforma constitucional de 1989 que modific\u00f3 el inciso 2\u00b0 del art.5\u00b0 de la Constituci\u00f3n.<br \/>\nEn consecuencia, la iniciativa legal que impulsa el actual Gobierno, debe analizarse al tenor de su compatibilidad con este marco normativo, obligatorio en su cumplimiento para el Estado chileno. Adem\u00e1s, se debe tener presente lo resuelto en esta materia, por los distintos \u00f3rganos administrativos y jurisdiccionales que integran el Sistema Internacional de los Derechos Humanos, so pena de incurrir en responsabilidad internacional.<br \/>\n3.- Al respecto, cabe tener presente que el Estatuto de Roma, cuerpo legal que tipifica y regula los cr\u00edmenes contra Humanidad, y que se encuentra vigente en Chile, en su art\u00edculo 110, se\u00f1ala que si bien resulta procedente que el condenado pueda acceder en la etapa de ejecuci\u00f3n de la pena, a la reducci\u00f3n de la misma, debe haber cumplido un porcentaje de la pena que en promedio son dos terceras partes o 25 a\u00f1os de prisi\u00f3n en caso de cadena perpetua, y siempre que el condenado haya expresado desde el principio y de manera continua su voluntad de cooperar con la investigaci\u00f3n.Adem\u00e1s, la normativa internacional sobre la materia y las sentencias dictadas por \u00f3rganos jurisdiccionales internacionales, exigen adem\u00e1s, que el condenado lo haya sido a una pena proporcional a la gravedad del delito, requisito que no se cumple con los condenados en Chile, por la aplicaci\u00f3n de la denominada \u201cmedia prescripci\u00f3n\u201d en m\u00e1s de 150 casos, que ha significado en la pr\u00e1ctica, la imposici\u00f3n de penas irrisorias, cuya improcedencia est\u00e1 dada, porque los cr\u00edmenes contra la Humanidad son inamnistiables e imprescriptibles.<br \/>\nAdem\u00e1s, los condenados en nuestro pa\u00eds por il\u00edcitos constitutivos de cr\u00edmenes contra la Humanidad, no s\u00f3lo no han colaborado ni han expresado arrepentimiento, sino algunos condenados han reivindicado p\u00fablicamente sus atroces cr\u00edmenes.<br \/>\nA lo anterior, debe tenerse presente que los condenados en Punta de Peuco gozaron durante muchos a\u00f1os, de la m\u00e1s completa Impunidad, ingresaron a cumplir sus condenas muy tard\u00edamente y en un recinto de reclusi\u00f3n cuyas condiciones sanitarias y de habitabilidad, son constitutivas de verdaderos privilegios.<br \/>\n4.- Por su parte, la Convenci\u00f3n Interamericana sobre Desaparici\u00f3n Forzada de Personas (Bel\u00e9m do Par\u00e1), de 9 de junio de 1994, aprobada en el XXIV per\u00edodo ordinario de sesiones de la Asamblea General, establece que: \u201cLos Estados Parte podr\u00e1n establecer circunstancias atenuantes para los que hubieren participado en actos que constituyan una desaparici\u00f3n forzada,cuando contribuyan a la aparici\u00f3n con vida de la v\u00edctima o suministren informaciones que permitan esclarecer la desaparici\u00f3n forzada de una persona\u201d.<br \/>\nCabe recordar que todav\u00eda existen en nuestro pa\u00eds 1192 chilenos y chilenas detenidos desaparecidos, cuyo paradero a\u00fan se desconoce, fundamentalmente por la nula colaboraci\u00f3n de los responsables. Y miles de otros cr\u00edmenes de derechos humanos, como ejecutados pol\u00edticos y torturados, siguen en la Impunidad.<br \/>\n5.- A su vez, la Comisi\u00f3n Interamericana de Derechos Humanos ha se\u00f1alado que \u201cEl sistema interamericano de derechos humanos ha advertido que la aplicaci\u00f3n de medidas que le resten sentido o eficacia a las penas impuestas en dichos tipos de cr\u00edmenes pueden llevar a la impunidad de conductas que los Estados est\u00e1n obligados a prevenir, erradicar y sancionar\u201d.<br \/>\n6.- Nos parece inmoral que, a trav\u00e9s de esta denominada Ley Humanitaria, se quiera presentar a los victimarios como las verdaderas v\u00edctimas de la sociedad, las que por revestir tal condici\u00f3n, deben ser objeto de toda clase de misericordia y compasi\u00f3n, olvidando el verdadero pecado social que significa mantener despu\u00e9s de 47 a\u00f1os, la Impunidad de graves cr\u00edmenes contra la Humanidad. E inmoral adem\u00e1s, que uno de los impulsores de esta iniciativa legal, sea el actual titular del Ministerio de Justicia y Derechos Humanos de Chile, Hern\u00e1n Larrain,quien form\u00f3 parte de una red de amigos que proteg\u00edan a la ex Colonia Dignidad, enclave alem\u00e1n ubicada en la regi\u00f3n del Maule, donde se perpetraron graves casos de violaci\u00f3n a los derechos humanos durante la dictadura de Augusto Pinochet, y cuyo incumplimiento en la obligaci\u00f3n de investigar, le fuera representada recientemente por el Estado alem\u00e1n.<br \/>\nPor tanto, nuestra posici\u00f3n no se fundamenta en la falta de humanidad \u00f3 un \u00e1nimo de venganza, sino en la necesidad de velar porque el Estado y sus tres Poderes, cumplan cabalmente los principios y normas del Derecho Internacional de los Derechos Humanos, \u00fanica forma de lograr el anhelado Nunca M\u00e1s. Y en el que el valor de la Justicia, prime por sobre cualquiera otra consideraci\u00f3n, tal como lo exige la normativa internacional, aplicable en la especie. En consecuencia, en casos de condenados por cr\u00edmenes contra la Humanidad, ni la edad, ni la enfermedad, f\u00edsica \u00f3 s\u00edquica, pueden violentar la Justicia, tal como lo pretende el Proyecto de ley del Gobierno.<br \/>\nLa verdadera falta de humanidad es intentar olvidar lo ocurrido e institucionalizar la Impunidad f\u00e1ctica que se ha ido imponiendo en estos a\u00f1os, respecto de los cr\u00edmenes cometidos en la dictadura c\u00edvico militar, as\u00ed como \u00faltimamente, con las graves, masivas y sistem\u00e1ticas violaciones a los Derechos Humanos ocurridas a partir del inicio del estallido social, muchas de ellas constitutivas de cr\u00edmenes contra la Humanidad, como la Tortura y las Mutilaciones, cuyos autores gozan de las m\u00e1s completa impunidad, tal como lo han verificado diversos organismos internacionales que han visitado nuestro pa\u00eds, y cuyas recomendaciones planteadas en sus Informes, han sido completamente deso\u00eddas por el Gobierno.<br \/>\nLa verdadera falta de Humanidad, es la del Gobierno, a trav\u00e9s de su Ministerio del Interior, cuyos abogados siguen oponi\u00e9ndose al cambio de prisi\u00f3n preventiva por la de arresto domiciliario total a los presos pol\u00edticos, a pesar de estar privados de libertad por la imputaci\u00f3n de delitos, que de ser condenados no cumplir\u00edan penas de c\u00e1rcel atendida la baja pena asignada, adem\u00e1s de la grave vulneraci\u00f3n que ello importa, del principio de la presunci\u00f3n de inocencia y el que la prisi\u00f3n preventiva no debe ser la regla general, seg\u00fan la normativa internacional y la legislaci\u00f3n nacional aplicable.7.- Concordamos con la aplicaci\u00f3n de este Proyecto de Ley para condenados por delitos comunes, pero rechazamos su aplicaci\u00f3n a los condenados por cr\u00edmenes contra la Humanidad, por ser contraria a los principios y normas del Derecho Internacional de los Derechos Humanos que el Estado chileno se ha obligado a cumplir, al momento de suscribir los Pactos y Convenciones sobre la materia.<br \/>\nDe aprobarse esta Ley, el Poder Legislativo aumentar\u00e1 su descr\u00e9dito ante la ciudadan\u00eda, constituir\u00e1 una nueva afrenta a la Memoria de las v\u00edctimas y sus familiares, habr\u00e1 hecho caso omiso del anhelo mayoritario de establecer una sociedad democr\u00e1tica fundada en el respeto y garant\u00eda de los derechos humanos, y contribuir\u00e1 a que el Estado chileno incurra nuevamente en responsabilidad internacional ante el concierto de Naciones Unidas y su Sistema de Protecci\u00f3n Internacional de los Derechos Humanos.<br \/>\nComisi\u00f3n Chilena de Derechos Humanos<br \/>\nAgrupaci\u00f3n de Familiares de Detenidos Desaparecidos (AFDD)<\/p>\n","protected":false},"excerpt":{"rendered":"<p>Nos dirigimos a ustedes, para expresarles nuestro rechazo a la decisi\u00f3n del Gobierno, de ponerle suma urgencia a la tramitaci\u00f3n del Proyecto de Ley que \u201cregula la sustituci\u00f3n de penas privativas de libertad por razones humanitarias para las personas que&hellip;<\/p>\n","protected":false},"author":43,"featured_media":1076017,"comment_status":"closed","ping_status":"closed","sticky":false,"template":"","format":"standard","meta":{"footnotes":""},"categories":[149,79,67],"tags":[73332,441,72388,56323],"class_list":["post-1076014","post","type-post","status-publish","format-standard","has-post-thumbnail","hentry","category-comunicados-de-prensa","category-derechos-humanos","category-sudamerica","tag-carcel-punta-de-peuco","tag-derechos-humanos","tag-emergencia-coronavirus","tag-presos-es"],"yoast_head":"<!-- This site is optimized with the Yoast SEO plugin v27.1.1 - https:\/\/yoast.com\/product\/yoast-seo-wordpress\/ -->\n<title>Carta abierta a los parlamentarios chilenos<\/title>\n<meta name=\"description\" content=\"Carta abierta a los parlamentarios chilenos\" \/>\n<meta name=\"robots\" content=\"index, follow, max-snippet:-1, max-image-preview:large, max-video-preview:-1\" \/>\n<link rel=\"canonical\" href=\"https:\/\/www.pressenza.com\/es\/2020\/04\/carta-abierta-a-los-parlamentarios-chilenos\/\" \/>\n<meta property=\"og:locale\" content=\"es_ES\" \/>\n<meta property=\"og:type\" content=\"article\" \/>\n<meta property=\"og:title\" content=\"Carta abierta a los parlamentarios chilenos\" \/>\n<meta property=\"og:description\" content=\"Carta abierta a los parlamentarios chilenos\" \/>\n<meta property=\"og:url\" content=\"https:\/\/www.pressenza.com\/es\/2020\/04\/carta-abierta-a-los-parlamentarios-chilenos\/\" \/>\n<meta property=\"og:site_name\" content=\"Pressenza\" \/>\n<meta property=\"article:publisher\" content=\"https:\/\/www.facebook.com\/PressenzaItalia\" \/>\n<meta property=\"article:author\" content=\"https:\/\/www.facebook.com\/pressenza\" \/>\n<meta property=\"article:published_time\" content=\"2020-04-04T18:36:30+00:00\" \/>\n<meta property=\"og:image\" content=\"https:\/\/www.pressenza.com\/wp-content\/uploads\/2020\/04\/cartelesDDHH.jpg\" \/>\n\t<meta property=\"og:image:width\" content=\"1920\" \/>\n\t<meta property=\"og:image:height\" content=\"1280\" \/>\n\t<meta property=\"og:image:type\" content=\"image\/jpeg\" \/>\n<meta name=\"author\" content=\"Redacci\u00f3n Chile\" \/>\n<meta name=\"twitter:card\" content=\"summary_large_image\" \/>\n<meta name=\"twitter:creator\" content=\"@pressenza\" \/>\n<meta name=\"twitter:site\" content=\"@PressenzaIPA\" \/>\n<meta name=\"twitter:label1\" content=\"Escrito por\" \/>\n\t<meta name=\"twitter:data1\" content=\"Redacci\u00f3n Chile\" \/>\n\t<meta name=\"twitter:label2\" content=\"Tiempo de lectura\" \/>\n\t<meta name=\"twitter:data2\" content=\"8 minutos\" \/>\n<script type=\"application\/ld+json\" class=\"yoast-schema-graph\">{\"@context\":\"https:\/\/schema.org\",\"@graph\":[{\"@type\":\"Article\",\"@id\":\"https:\/\/www.pressenza.com\/es\/2020\/04\/carta-abierta-a-los-parlamentarios-chilenos\/#article\",\"isPartOf\":{\"@id\":\"https:\/\/www.pressenza.com\/es\/2020\/04\/carta-abierta-a-los-parlamentarios-chilenos\/\"},\"author\":{\"name\":\"Redacci\u00f3n Chile\",\"@id\":\"https:\/\/www.pressenza.com\/es\/#\/schema\/person\/d7db40df35d6698ba69ba9ee260944ed\"},\"headline\":\"Carta abierta a los parlamentarios chilenos\",\"datePublished\":\"2020-04-04T18:36:30+00:00\",\"mainEntityOfPage\":{\"@id\":\"https:\/\/www.pressenza.com\/es\/2020\/04\/carta-abierta-a-los-parlamentarios-chilenos\/\"},\"wordCount\":1635,\"publisher\":{\"@id\":\"https:\/\/www.pressenza.com\/es\/#organization\"},\"image\":{\"@id\":\"https:\/\/www.pressenza.com\/es\/2020\/04\/carta-abierta-a-los-parlamentarios-chilenos\/#primaryimage\"},\"thumbnailUrl\":\"https:\/\/www.pressenza.com\/wp-content\/uploads\/2020\/04\/cartelesDDHH.jpg\",\"keywords\":[\"Carcel Punta de Peuco\",\"Derechos humanos\",\"emergencia coronavirus\",\"presos\"],\"articleSection\":[\"Comunicados de Prensa\",\"Derechos Humanos\",\"Sudam\u00e9rica\"],\"inLanguage\":\"es\"},{\"@type\":\"WebPage\",\"@id\":\"https:\/\/www.pressenza.com\/es\/2020\/04\/carta-abierta-a-los-parlamentarios-chilenos\/\",\"url\":\"https:\/\/www.pressenza.com\/es\/2020\/04\/carta-abierta-a-los-parlamentarios-chilenos\/\",\"name\":\"Carta abierta a los parlamentarios chilenos\",\"isPartOf\":{\"@id\":\"https:\/\/www.pressenza.com\/es\/#website\"},\"primaryImageOfPage\":{\"@id\":\"https:\/\/www.pressenza.com\/es\/2020\/04\/carta-abierta-a-los-parlamentarios-chilenos\/#primaryimage\"},\"image\":{\"@id\":\"https:\/\/www.pressenza.com\/es\/2020\/04\/carta-abierta-a-los-parlamentarios-chilenos\/#primaryimage\"},\"thumbnailUrl\":\"https:\/\/www.pressenza.com\/wp-content\/uploads\/2020\/04\/cartelesDDHH.jpg\",\"datePublished\":\"2020-04-04T18:36:30+00:00\",\"description\":\"Carta abierta a los parlamentarios chilenos\",\"breadcrumb\":{\"@id\":\"https:\/\/www.pressenza.com\/es\/2020\/04\/carta-abierta-a-los-parlamentarios-chilenos\/#breadcrumb\"},\"inLanguage\":\"es\",\"potentialAction\":[{\"@type\":\"ReadAction\",\"target\":[\"https:\/\/www.pressenza.com\/es\/2020\/04\/carta-abierta-a-los-parlamentarios-chilenos\/\"]}]},{\"@type\":\"ImageObject\",\"inLanguage\":\"es\",\"@id\":\"https:\/\/www.pressenza.com\/es\/2020\/04\/carta-abierta-a-los-parlamentarios-chilenos\/#primaryimage\",\"url\":\"https:\/\/www.pressenza.com\/wp-content\/uploads\/2020\/04\/cartelesDDHH.jpg\",\"contentUrl\":\"https:\/\/www.pressenza.com\/wp-content\/uploads\/2020\/04\/cartelesDDHH.jpg\",\"width\":1920,\"height\":1280},{\"@type\":\"BreadcrumbList\",\"@id\":\"https:\/\/www.pressenza.com\/es\/2020\/04\/carta-abierta-a-los-parlamentarios-chilenos\/#breadcrumb\",\"itemListElement\":[{\"@type\":\"ListItem\",\"position\":1,\"name\":\"Accueil\",\"item\":\"https:\/\/www.pressenza.com\/es\/\"},{\"@type\":\"ListItem\",\"position\":2,\"name\":\"Carta abierta a los parlamentarios chilenos\"}]},{\"@type\":\"WebSite\",\"@id\":\"https:\/\/www.pressenza.com\/es\/#website\",\"url\":\"https:\/\/www.pressenza.com\/es\/\",\"name\":\"Pressenza\",\"description\":\"International Press Agency\",\"publisher\":{\"@id\":\"https:\/\/www.pressenza.com\/es\/#organization\"},\"potentialAction\":[{\"@type\":\"SearchAction\",\"target\":{\"@type\":\"EntryPoint\",\"urlTemplate\":\"https:\/\/www.pressenza.com\/es\/?s={search_term_string}\"},\"query-input\":{\"@type\":\"PropertyValueSpecification\",\"valueRequired\":true,\"valueName\":\"search_term_string\"}}],\"inLanguage\":\"es\"},{\"@type\":\"Organization\",\"@id\":\"https:\/\/www.pressenza.com\/es\/#organization\",\"name\":\"Pressenza\",\"url\":\"https:\/\/www.pressenza.com\/es\/\",\"logo\":{\"@type\":\"ImageObject\",\"inLanguage\":\"es\",\"@id\":\"https:\/\/www.pressenza.com\/es\/#\/schema\/logo\/image\/\",\"url\":\"https:\/\/www.pressenza.com\/wp-content\/uploads\/2022\/10\/pressenza_logo_200x200.jpg\",\"contentUrl\":\"https:\/\/www.pressenza.com\/wp-content\/uploads\/2022\/10\/pressenza_logo_200x200.jpg\",\"width\":200,\"height\":200,\"caption\":\"Pressenza\"},\"image\":{\"@id\":\"https:\/\/www.pressenza.com\/es\/#\/schema\/logo\/image\/\"},\"sameAs\":[\"https:\/\/www.facebook.com\/PressenzaItalia\",\"https:\/\/x.com\/PressenzaIPA\"]},{\"@type\":\"Person\",\"@id\":\"https:\/\/www.pressenza.com\/es\/#\/schema\/person\/d7db40df35d6698ba69ba9ee260944ed\",\"name\":\"Redacci\u00f3n Chile\",\"description\":\"News from the Pressenza Bureau in Chile\",\"sameAs\":[\"https:\/\/www.facebook.com\/pressenza\",\"https:\/\/x.com\/pressenza\"],\"url\":\"https:\/\/www.pressenza.com\/es\/author\/redaccion-chile\/\"}]}<\/script>\n<!-- \/ Yoast SEO plugin. -->","yoast_head_json":{"title":"Carta abierta a los parlamentarios chilenos","description":"Carta abierta a los parlamentarios chilenos","robots":{"index":"index","follow":"follow","max-snippet":"max-snippet:-1","max-image-preview":"max-image-preview:large","max-video-preview":"max-video-preview:-1"},"canonical":"https:\/\/www.pressenza.com\/es\/2020\/04\/carta-abierta-a-los-parlamentarios-chilenos\/","og_locale":"es_ES","og_type":"article","og_title":"Carta abierta a los parlamentarios chilenos","og_description":"Carta abierta a los parlamentarios chilenos","og_url":"https:\/\/www.pressenza.com\/es\/2020\/04\/carta-abierta-a-los-parlamentarios-chilenos\/","og_site_name":"Pressenza","article_publisher":"https:\/\/www.facebook.com\/PressenzaItalia","article_author":"https:\/\/www.facebook.com\/pressenza","article_published_time":"2020-04-04T18:36:30+00:00","og_image":[{"width":1920,"height":1280,"url":"https:\/\/www.pressenza.com\/wp-content\/uploads\/2020\/04\/cartelesDDHH.jpg","type":"image\/jpeg"}],"author":"Redacci\u00f3n Chile","twitter_card":"summary_large_image","twitter_creator":"@pressenza","twitter_site":"@PressenzaIPA","twitter_misc":{"Escrito por":"Redacci\u00f3n Chile","Tiempo de lectura":"8 minutos"},"schema":{"@context":"https:\/\/schema.org","@graph":[{"@type":"Article","@id":"https:\/\/www.pressenza.com\/es\/2020\/04\/carta-abierta-a-los-parlamentarios-chilenos\/#article","isPartOf":{"@id":"https:\/\/www.pressenza.com\/es\/2020\/04\/carta-abierta-a-los-parlamentarios-chilenos\/"},"author":{"name":"Redacci\u00f3n Chile","@id":"https:\/\/www.pressenza.com\/es\/#\/schema\/person\/d7db40df35d6698ba69ba9ee260944ed"},"headline":"Carta abierta a los parlamentarios chilenos","datePublished":"2020-04-04T18:36:30+00:00","mainEntityOfPage":{"@id":"https:\/\/www.pressenza.com\/es\/2020\/04\/carta-abierta-a-los-parlamentarios-chilenos\/"},"wordCount":1635,"publisher":{"@id":"https:\/\/www.pressenza.com\/es\/#organization"},"image":{"@id":"https:\/\/www.pressenza.com\/es\/2020\/04\/carta-abierta-a-los-parlamentarios-chilenos\/#primaryimage"},"thumbnailUrl":"https:\/\/www.pressenza.com\/wp-content\/uploads\/2020\/04\/cartelesDDHH.jpg","keywords":["Carcel Punta de Peuco","Derechos humanos","emergencia coronavirus","presos"],"articleSection":["Comunicados de Prensa","Derechos Humanos","Sudam\u00e9rica"],"inLanguage":"es"},{"@type":"WebPage","@id":"https:\/\/www.pressenza.com\/es\/2020\/04\/carta-abierta-a-los-parlamentarios-chilenos\/","url":"https:\/\/www.pressenza.com\/es\/2020\/04\/carta-abierta-a-los-parlamentarios-chilenos\/","name":"Carta abierta a los parlamentarios chilenos","isPartOf":{"@id":"https:\/\/www.pressenza.com\/es\/#website"},"primaryImageOfPage":{"@id":"https:\/\/www.pressenza.com\/es\/2020\/04\/carta-abierta-a-los-parlamentarios-chilenos\/#primaryimage"},"image":{"@id":"https:\/\/www.pressenza.com\/es\/2020\/04\/carta-abierta-a-los-parlamentarios-chilenos\/#primaryimage"},"thumbnailUrl":"https:\/\/www.pressenza.com\/wp-content\/uploads\/2020\/04\/cartelesDDHH.jpg","datePublished":"2020-04-04T18:36:30+00:00","description":"Carta abierta a los parlamentarios chilenos","breadcrumb":{"@id":"https:\/\/www.pressenza.com\/es\/2020\/04\/carta-abierta-a-los-parlamentarios-chilenos\/#breadcrumb"},"inLanguage":"es","potentialAction":[{"@type":"ReadAction","target":["https:\/\/www.pressenza.com\/es\/2020\/04\/carta-abierta-a-los-parlamentarios-chilenos\/"]}]},{"@type":"ImageObject","inLanguage":"es","@id":"https:\/\/www.pressenza.com\/es\/2020\/04\/carta-abierta-a-los-parlamentarios-chilenos\/#primaryimage","url":"https:\/\/www.pressenza.com\/wp-content\/uploads\/2020\/04\/cartelesDDHH.jpg","contentUrl":"https:\/\/www.pressenza.com\/wp-content\/uploads\/2020\/04\/cartelesDDHH.jpg","width":1920,"height":1280},{"@type":"BreadcrumbList","@id":"https:\/\/www.pressenza.com\/es\/2020\/04\/carta-abierta-a-los-parlamentarios-chilenos\/#breadcrumb","itemListElement":[{"@type":"ListItem","position":1,"name":"Accueil","item":"https:\/\/www.pressenza.com\/es\/"},{"@type":"ListItem","position":2,"name":"Carta abierta a los parlamentarios chilenos"}]},{"@type":"WebSite","@id":"https:\/\/www.pressenza.com\/es\/#website","url":"https:\/\/www.pressenza.com\/es\/","name":"Pressenza","description":"International Press Agency","publisher":{"@id":"https:\/\/www.pressenza.com\/es\/#organization"},"potentialAction":[{"@type":"SearchAction","target":{"@type":"EntryPoint","urlTemplate":"https:\/\/www.pressenza.com\/es\/?s={search_term_string}"},"query-input":{"@type":"PropertyValueSpecification","valueRequired":true,"valueName":"search_term_string"}}],"inLanguage":"es"},{"@type":"Organization","@id":"https:\/\/www.pressenza.com\/es\/#organization","name":"Pressenza","url":"https:\/\/www.pressenza.com\/es\/","logo":{"@type":"ImageObject","inLanguage":"es","@id":"https:\/\/www.pressenza.com\/es\/#\/schema\/logo\/image\/","url":"https:\/\/www.pressenza.com\/wp-content\/uploads\/2022\/10\/pressenza_logo_200x200.jpg","contentUrl":"https:\/\/www.pressenza.com\/wp-content\/uploads\/2022\/10\/pressenza_logo_200x200.jpg","width":200,"height":200,"caption":"Pressenza"},"image":{"@id":"https:\/\/www.pressenza.com\/es\/#\/schema\/logo\/image\/"},"sameAs":["https:\/\/www.facebook.com\/PressenzaItalia","https:\/\/x.com\/PressenzaIPA"]},{"@type":"Person","@id":"https:\/\/www.pressenza.com\/es\/#\/schema\/person\/d7db40df35d6698ba69ba9ee260944ed","name":"Redacci\u00f3n Chile","description":"News from the Pressenza Bureau in Chile","sameAs":["https:\/\/www.facebook.com\/pressenza","https:\/\/x.com\/pressenza"],"url":"https:\/\/www.pressenza.com\/es\/author\/redaccion-chile\/"}]}},"place":"Santiago de Chile","original_article_url":"","_links":{"self":[{"href":"https:\/\/www.pressenza.com\/es\/wp-json\/wp\/v2\/posts\/1076014","targetHints":{"allow":["GET"]}}],"collection":[{"href":"https:\/\/www.pressenza.com\/es\/wp-json\/wp\/v2\/posts"}],"about":[{"href":"https:\/\/www.pressenza.com\/es\/wp-json\/wp\/v2\/types\/post"}],"author":[{"embeddable":true,"href":"https:\/\/www.pressenza.com\/es\/wp-json\/wp\/v2\/users\/43"}],"replies":[{"embeddable":true,"href":"https:\/\/www.pressenza.com\/es\/wp-json\/wp\/v2\/comments?post=1076014"}],"version-history":[{"count":0,"href":"https:\/\/www.pressenza.com\/es\/wp-json\/wp\/v2\/posts\/1076014\/revisions"}],"wp:featuredmedia":[{"embeddable":true,"href":"https:\/\/www.pressenza.com\/es\/wp-json\/wp\/v2\/media\/1076017"}],"wp:attachment":[{"href":"https:\/\/www.pressenza.com\/es\/wp-json\/wp\/v2\/media?parent=1076014"}],"wp:term":[{"taxonomy":"category","embeddable":true,"href":"https:\/\/www.pressenza.com\/es\/wp-json\/wp\/v2\/categories?post=1076014"},{"taxonomy":"post_tag","embeddable":true,"href":"https:\/\/www.pressenza.com\/es\/wp-json\/wp\/v2\/tags?post=1076014"}],"curies":[{"name":"wp","href":"https:\/\/api.w.org\/{rel}","templated":true}]}}