{"id":107395,"date":"2014-05-14T21:25:39","date_gmt":"2014-05-14T20:25:39","guid":{"rendered":"http:\/\/www.pressenza.com\/?p=107395"},"modified":"2014-05-14T22:19:44","modified_gmt":"2014-05-14T21:19:44","slug":"ecuador-alerta-la-corte-idh-sobre-manipulacion-de-sentencia-por-parte-de-dirigentes-indigenas-y-actores-politicos","status":"publish","type":"post","link":"https:\/\/www.pressenza.com\/es\/2014\/05\/ecuador-alerta-la-corte-idh-sobre-manipulacion-de-sentencia-por-parte-de-dirigentes-indigenas-y-actores-politicos\/","title":{"rendered":"Ecuador alerta a la CIDH sobre manipulaci\u00f3n de sentencia por parte de dirigentes ind\u00edgenas y actores pol\u00edticos"},"content":{"rendered":"<p>Autoridades del estado ecuatoriano alertaron este mi\u00e9rcoles a la Corte Interamericana de Derechos Humanos sobre la pretensi\u00f3n de algunos actores pol\u00edticos y un sector de la dirigencia Sarayacu de manipular la sentencia que el m\u00e1ximo organismo con sede en Costa Rica emiti\u00f3 en 2012 y que contraviene el ordenamiento jur\u00eddico del pa\u00eds andino.<\/p>\n<p>Diego Garc\u00eda, procurador del estado, y Ledy Z\u00fa\u00f1iga, ministra de Justicia, fueron recibidos por Humberto Sierra Porto y por Pablo Saavedra, presidente y secretario ejecutivo de la Corte, para informar tambi\u00e9n sobre los avances en el cumplimiento de dicha sentencia derivada de acciones del gobierno de Lucio Guti\u00e9rrez (2003-2005), inform\u00f3 la Procuradur\u00eda en un comunicado.<\/p>\n<p>Garc\u00eda y Z\u00fa\u00f1iga se refirieron a la protecci\u00f3n que dirigentes de la comunidad ind\u00edgena han dado al exlegislador Cl\u00e9ver Jim\u00e9nez y sus asesores Carlos Figueroa, sentenciados a prisi\u00f3n por injurias contra el presidente de la Rep\u00fablica, Rafael Correa.<\/p>\n<p>La decisi\u00f3n de proteger a los pr\u00f3fugos, tomada en v\u00edsperas de un recambio de dirigentes en la comunidad situada en la provincia de Pastaza, ha generado el rechazo del gobierno, de otras instancias del estado y de los propios l\u00edderes abor\u00edgenes como Humberto Cholango, presidente de la Confederaci\u00f3n de Nacionalidades Ind\u00edgenas (Conaie).<\/p>\n<p>En su visita a la sede de la Corte IDH en San Jos\u00e9 de Costa Rica, los representantes de Ecuador presentaron el segundo informe (el primero fue enviado el 6 de febrero) sobre las acciones desarrolladas para el cumplimiento de la mencionada sentencia, as\u00ed como los hechos que han incidido en los plazos de su ejecuci\u00f3n, con especial \u00e9nfasis en los acontecimientos de las \u00faltimas semanas, relacionados con la protecci\u00f3n brindada por los dirigentes a los pol\u00edticos que han recibido sentencia condenatoria por parte de la justicia ordinaria.<\/p>\n<p>La ministra Z\u00fa\u00f1iga detall\u00f3 en su cuenta de Twitter que entregaron a la Corte IDH respaldos en audio, video y texto que confirman el mal uso que se pretendi\u00f3 dar a la sentencia del organismo. \u00abLa dirigencia cre\u00f3 grave incidente acogiendo a 3 pr\u00f3fugos en su territorio, han alterado la cotidianidad de su pueblo\u00bb, escribi\u00f3 la funcionaria.<\/p>\n<p>\u00abHemos informado a la Corte Interamericana DDHH que dirigencia\u00a0<a dir=\"ltr\" href=\"https:\/\/twitter.com\/search?q=%23Sarayacu&amp;src=hash\" rel=\"nofollow\" data-query-source=\"hashtag_click\">#Sarayacu<\/a>\u00a0ha dado prioridad a intereses pol\u00edticos sobre los de su propio pueblo\u00bb, revel\u00f3 en otro tuit.<\/p>\n<p><strong>Sentencia<\/strong><\/p>\n<p>Sobre el cumplimiento de la sentencia, se inform\u00f3 a la Corte IDH los avances en el proceso de extracci\u00f3n de la pentolita, el reconocimiento del derecho a la consulta previa en el ordenamiento jur\u00eddico ecuatoriano y las gestiones cumplidas para la coordinaci\u00f3n de la presentaci\u00f3n de las disculpas p\u00fablicas al pueblo Sarayaku por parte de las autoridades del Estado.<\/p>\n<p>Se notific\u00f3, adem\u00e1s, que la propia dirigencia de la comunidad es la que ha impedido de forma sistem\u00e1tica el cumplimiento de la sentencia, cuyo m\u00e1s reciente incidente es la protecci\u00f3n brindada a tres personas que han recibido sentencia condenatoria por parte de la justicia ordinaria ecuatoriana e impedir el ingreso de agentes del Estado.<\/p>\n<p>Z\u00fa\u00f1iga y Garc\u00eda fueron enf\u00e1ticos al rechazar las recientes declaraciones p\u00fablicas de los l\u00edderes de la comunidad en torno a que la sentencia de la corte IDH ordenar\u00eda un estatus ilimitado de protecci\u00f3n a su territorio, recordando que el art\u00edculo 56 de la Constituci\u00f3n de la Rep\u00fablica establece que las comunidades, pueblos y nacionalidades ind\u00edgenas forman parte del Estado ecuatoriano, \u00fanico e indivisible.<\/p>\n<p>\u201cLa dirigencia invoca err\u00f3neamente la sentencia de la Corte IDH para sostener que \u00e9sta les permitir\u00eda actuar al margen del ordenamiento jur\u00eddico, entendiendo de forma tergiversada las nociones de propiedad de los pueblos ind\u00edgenas desarrolladas en esa misma sentencia. El Estado recuerda que el territorio de Ecuador constituye una unidad geogr\u00e1fica, irreductible e indivisible, sin que pueda aceptarse la existencia de un espacio geogr\u00e1fico independiente ajeno al Estado de derecho\u201d, se\u00f1ala el comunicado de la Procuradur\u00eda.<\/p>\n<p>Se indica que los l\u00edderes de Sarayacu pretenden utilizar el an\u00e1lisis de la Corte IDH con relaci\u00f3n a la presencia de las Fuerzas Armadas que brindaron seguridad a las compa\u00f1\u00edas petroleras en la Amazon\u00eda entre los a\u00f1os 2003 y 2004, para impedir que los agentes de la fuerza p\u00fablica localicen y detengan a personas que han recibido sentencia condenatoria por parte de la justicia ordinaria ecuatoriana y que se encuentran escondidos en su territorio, present\u00e1ndolos, adem\u00e1s, bajo la custodia de personas armadas, situaci\u00f3n que viola la Constituci\u00f3n de la Rep\u00fablica y no se ampara en ninguna norma de derechos humanos.<\/p>\n<p>Tambi\u00e9n se deja en claro que la dirigencia de Sarayaku tampoco puede invocar el reconocimiento del estatus de la justicia ind\u00edgena para brindar protecci\u00f3n a los ciudadanos Jim\u00e9nez, Villavicencio y Figueroa, por cuanto la Constituci\u00f3n reconoce a las autoridades ind\u00edgenas funciones jurisdiccionales con base en sus tradiciones y derecho propio, siempre y cuando tales funciones se ejerzan \u00fanicamente para resolver un conflicto interno, y no sean contrarios a la Constituci\u00f3n ni a los derechos humanos reconocidos en instrumentos internacionales.<\/p>\n<p><strong>En contexto:<\/strong><\/p>\n<p><a href=\"http:\/\/www.andes.info.ec\/es\/noticias\/lider-organizacion-indigena-insta-profugos-justicia-abandonar-territorio-sarayacu.html\" rel=\"nofollow\">L\u00edder de organizaci\u00f3n ind\u00edgena insta a pr\u00f3fugos de la justicia abandonar territorio Sarayacu<\/a><\/p>\n<p><a href=\"http:\/\/www.andes.info.ec\/es\/noticias\/sarayacu-no-expondremos-poblacion-frente-presencia-grupos-armados-afirma-presidente-ecuador\" target=\"_blank\" rel=\"nofollow\">Sarayacu: No expondremos a la poblaci\u00f3n frente a la presencia de grupos armados, afirma presidente de Ecuador<\/a><\/p>\n<p><a href=\"http:\/\/www.andes.info.ec\/es\/noticias\/gobierno-ecuador-ejercera-autoridad-comuna-indigena-acoge-tres-profugos.html\" target=\"_blank\" rel=\"nofollow\">El gobierno de Ecuador ejercer\u00e1 autoridad en comuna ind\u00edgena que acoge a tres pr\u00f3fugos<\/a><\/p>\n<p><a href=\"http:\/\/www.andes.info.ec\/es\/noticias\/ministro-interior-denuncia-presencia-paramilitares-custodiando-ex-asambleista-asesores\" target=\"_blank\" rel=\"nofollow\">Ministro del Interior denuncia presencia de paramilitares custodiando a ex asamble\u00edsta y asesores pr\u00f3fugos<\/a><\/p>\n<p><em><b>Fuente:\u00a0<\/b>http:\/\/www.andes.info.ec\/es\/noticias\/ecuador-alerta-corte-idh-sobre-manipulacion-sentencia-parte-dirigentes-indigenas-actores<\/em><\/p>\n","protected":false},"excerpt":{"rendered":"<p>Autoridades del estado ecuatoriano alertaron este mi\u00e9rcoles a la Corte Interamericana de Derechos Humanos sobre la pretensi\u00f3n de algunos actores pol\u00edticos y un sector de la dirigencia Sarayacu de manipular la sentencia que el m\u00e1ximo organismo con sede en Costa&hellip;<\/p>\n","protected":false},"author":1011,"featured_media":107396,"comment_status":"closed","ping_status":"open","sticky":false,"template":"","format":"standard","meta":{"footnotes":""},"categories":[74,80,67],"tags":[],"class_list":["post-107395","post","type-post","status-publish","format-standard","has-post-thumbnail","hentry","category-politica-es","category-pueblos-originarios","category-sudamerica"],"yoast_head":"<!-- This site is optimized with the Yoast SEO plugin v27.1.1 - https:\/\/yoast.com\/product\/yoast-seo-wordpress\/ -->\n<title>Ecuador alerta a la CIDH sobre manipulaci\u00f3n de sentencia por parte de dirigentes ind\u00edgenas y actores pol\u00edticos<\/title>\n<meta name=\"description\" content=\"Autoridades del estado ecuatoriano alertaron este mi\u00e9rcoles a la Corte Interamericana de Derechos Humanos sobre la pretensi\u00f3n de algunos actores pol\u00edticos\" \/>\n<meta name=\"robots\" content=\"index, follow, max-snippet:-1, max-image-preview:large, max-video-preview:-1\" \/>\n<link rel=\"canonical\" href=\"https:\/\/www.pressenza.com\/es\/2014\/05\/ecuador-alerta-la-corte-idh-sobre-manipulacion-de-sentencia-por-parte-de-dirigentes-indigenas-y-actores-politicos\/\" \/>\n<meta property=\"og:locale\" content=\"es_ES\" \/>\n<meta property=\"og:type\" content=\"article\" \/>\n<meta property=\"og:title\" content=\"Ecuador alerta a la CIDH sobre manipulaci\u00f3n de sentencia por parte de dirigentes ind\u00edgenas y actores pol\u00edticos\" \/>\n<meta property=\"og:description\" content=\"Autoridades del estado ecuatoriano alertaron este mi\u00e9rcoles a la Corte Interamericana de Derechos Humanos sobre la pretensi\u00f3n de algunos actores pol\u00edticos\" \/>\n<meta property=\"og:url\" content=\"https:\/\/www.pressenza.com\/es\/2014\/05\/ecuador-alerta-la-corte-idh-sobre-manipulacion-de-sentencia-por-parte-de-dirigentes-indigenas-y-actores-politicos\/\" \/>\n<meta property=\"og:site_name\" content=\"Pressenza\" \/>\n<meta property=\"article:publisher\" content=\"https:\/\/www.facebook.com\/PressenzaItalia\" \/>\n<meta property=\"article:published_time\" content=\"2014-05-14T20:25:39+00:00\" \/>\n<meta property=\"article:modified_time\" content=\"2014-05-14T21:19:44+00:00\" \/>\n<meta property=\"og:image\" content=\"https:\/\/www.pressenza.com\/wp-content\/uploads\/2014\/05\/sarayacu.jpg\" \/>\n\t<meta property=\"og:image:width\" content=\"580\" \/>\n\t<meta property=\"og:image:height\" content=\"327\" \/>\n\t<meta property=\"og:image:type\" content=\"image\/jpeg\" \/>\n<meta name=\"author\" content=\"Redacci\u00f3n Ecuador\" \/>\n<meta name=\"twitter:card\" content=\"summary_large_image\" \/>\n<meta name=\"twitter:creator\" content=\"@PressenzaIPA\" \/>\n<meta name=\"twitter:site\" content=\"@PressenzaIPA\" \/>\n<meta name=\"twitter:label1\" content=\"Escrito por\" \/>\n\t<meta name=\"twitter:data1\" content=\"Redacci\u00f3n Ecuador\" \/>\n\t<meta name=\"twitter:label2\" content=\"Tiempo de lectura\" \/>\n\t<meta name=\"twitter:data2\" content=\"5 minutos\" \/>\n<script type=\"application\/ld+json\" class=\"yoast-schema-graph\">{\"@context\":\"https:\/\/schema.org\",\"@graph\":[{\"@type\":\"Article\",\"@id\":\"https:\/\/www.pressenza.com\/es\/2014\/05\/ecuador-alerta-la-corte-idh-sobre-manipulacion-de-sentencia-por-parte-de-dirigentes-indigenas-y-actores-politicos\/#article\",\"isPartOf\":{\"@id\":\"https:\/\/www.pressenza.com\/es\/2014\/05\/ecuador-alerta-la-corte-idh-sobre-manipulacion-de-sentencia-por-parte-de-dirigentes-indigenas-y-actores-politicos\/\"},\"author\":{\"name\":\"Redacci\u00f3n Ecuador\",\"@id\":\"https:\/\/www.pressenza.com\/es\/#\/schema\/person\/883a735c40665759bcc6fe0c26bcb46f\"},\"headline\":\"Ecuador alerta a la CIDH sobre manipulaci\u00f3n de sentencia por parte de dirigentes ind\u00edgenas y actores pol\u00edticos\",\"datePublished\":\"2014-05-14T20:25:39+00:00\",\"dateModified\":\"2014-05-14T21:19:44+00:00\",\"mainEntityOfPage\":{\"@id\":\"https:\/\/www.pressenza.com\/es\/2014\/05\/ecuador-alerta-la-corte-idh-sobre-manipulacion-de-sentencia-por-parte-de-dirigentes-indigenas-y-actores-politicos\/\"},\"wordCount\":972,\"publisher\":{\"@id\":\"https:\/\/www.pressenza.com\/es\/#organization\"},\"image\":{\"@id\":\"https:\/\/www.pressenza.com\/es\/2014\/05\/ecuador-alerta-la-corte-idh-sobre-manipulacion-de-sentencia-por-parte-de-dirigentes-indigenas-y-actores-politicos\/#primaryimage\"},\"thumbnailUrl\":\"https:\/\/www.pressenza.com\/wp-content\/uploads\/2014\/05\/sarayacu.jpg\",\"articleSection\":[\"Pol\u00edtica\",\"Pueblos Originarios\",\"Sudam\u00e9rica\"],\"inLanguage\":\"es\"},{\"@type\":\"WebPage\",\"@id\":\"https:\/\/www.pressenza.com\/es\/2014\/05\/ecuador-alerta-la-corte-idh-sobre-manipulacion-de-sentencia-por-parte-de-dirigentes-indigenas-y-actores-politicos\/\",\"url\":\"https:\/\/www.pressenza.com\/es\/2014\/05\/ecuador-alerta-la-corte-idh-sobre-manipulacion-de-sentencia-por-parte-de-dirigentes-indigenas-y-actores-politicos\/\",\"name\":\"Ecuador alerta a la CIDH sobre manipulaci\u00f3n de sentencia por parte de dirigentes ind\u00edgenas y actores pol\u00edticos\",\"isPartOf\":{\"@id\":\"https:\/\/www.pressenza.com\/es\/#website\"},\"primaryImageOfPage\":{\"@id\":\"https:\/\/www.pressenza.com\/es\/2014\/05\/ecuador-alerta-la-corte-idh-sobre-manipulacion-de-sentencia-por-parte-de-dirigentes-indigenas-y-actores-politicos\/#primaryimage\"},\"image\":{\"@id\":\"https:\/\/www.pressenza.com\/es\/2014\/05\/ecuador-alerta-la-corte-idh-sobre-manipulacion-de-sentencia-por-parte-de-dirigentes-indigenas-y-actores-politicos\/#primaryimage\"},\"thumbnailUrl\":\"https:\/\/www.pressenza.com\/wp-content\/uploads\/2014\/05\/sarayacu.jpg\",\"datePublished\":\"2014-05-14T20:25:39+00:00\",\"dateModified\":\"2014-05-14T21:19:44+00:00\",\"description\":\"Autoridades del estado ecuatoriano alertaron este mi\u00e9rcoles a la Corte Interamericana de Derechos Humanos sobre la pretensi\u00f3n de algunos actores pol\u00edticos\",\"breadcrumb\":{\"@id\":\"https:\/\/www.pressenza.com\/es\/2014\/05\/ecuador-alerta-la-corte-idh-sobre-manipulacion-de-sentencia-por-parte-de-dirigentes-indigenas-y-actores-politicos\/#breadcrumb\"},\"inLanguage\":\"es\",\"potentialAction\":[{\"@type\":\"ReadAction\",\"target\":[\"https:\/\/www.pressenza.com\/es\/2014\/05\/ecuador-alerta-la-corte-idh-sobre-manipulacion-de-sentencia-por-parte-de-dirigentes-indigenas-y-actores-politicos\/\"]}]},{\"@type\":\"ImageObject\",\"inLanguage\":\"es\",\"@id\":\"https:\/\/www.pressenza.com\/es\/2014\/05\/ecuador-alerta-la-corte-idh-sobre-manipulacion-de-sentencia-por-parte-de-dirigentes-indigenas-y-actores-politicos\/#primaryimage\",\"url\":\"https:\/\/www.pressenza.com\/wp-content\/uploads\/2014\/05\/sarayacu.jpg\",\"contentUrl\":\"https:\/\/www.pressenza.com\/wp-content\/uploads\/2014\/05\/sarayacu.jpg\",\"width\":580,\"height\":327},{\"@type\":\"BreadcrumbList\",\"@id\":\"https:\/\/www.pressenza.com\/es\/2014\/05\/ecuador-alerta-la-corte-idh-sobre-manipulacion-de-sentencia-por-parte-de-dirigentes-indigenas-y-actores-politicos\/#breadcrumb\",\"itemListElement\":[{\"@type\":\"ListItem\",\"position\":1,\"name\":\"Accueil\",\"item\":\"https:\/\/www.pressenza.com\/es\/\"},{\"@type\":\"ListItem\",\"position\":2,\"name\":\"Ecuador alerta a la CIDH sobre manipulaci\u00f3n de sentencia por parte de dirigentes ind\u00edgenas y actores pol\u00edticos\"}]},{\"@type\":\"WebSite\",\"@id\":\"https:\/\/www.pressenza.com\/es\/#website\",\"url\":\"https:\/\/www.pressenza.com\/es\/\",\"name\":\"Pressenza\",\"description\":\"International Press Agency\",\"publisher\":{\"@id\":\"https:\/\/www.pressenza.com\/es\/#organization\"},\"potentialAction\":[{\"@type\":\"SearchAction\",\"target\":{\"@type\":\"EntryPoint\",\"urlTemplate\":\"https:\/\/www.pressenza.com\/es\/?s={search_term_string}\"},\"query-input\":{\"@type\":\"PropertyValueSpecification\",\"valueRequired\":true,\"valueName\":\"search_term_string\"}}],\"inLanguage\":\"es\"},{\"@type\":\"Organization\",\"@id\":\"https:\/\/www.pressenza.com\/es\/#organization\",\"name\":\"Pressenza\",\"url\":\"https:\/\/www.pressenza.com\/es\/\",\"logo\":{\"@type\":\"ImageObject\",\"inLanguage\":\"es\",\"@id\":\"https:\/\/www.pressenza.com\/es\/#\/schema\/logo\/image\/\",\"url\":\"https:\/\/www.pressenza.com\/wp-content\/uploads\/2022\/10\/pressenza_logo_200x200.jpg\",\"contentUrl\":\"https:\/\/www.pressenza.com\/wp-content\/uploads\/2022\/10\/pressenza_logo_200x200.jpg\",\"width\":200,\"height\":200,\"caption\":\"Pressenza\"},\"image\":{\"@id\":\"https:\/\/www.pressenza.com\/es\/#\/schema\/logo\/image\/\"},\"sameAs\":[\"https:\/\/www.facebook.com\/PressenzaItalia\",\"https:\/\/x.com\/PressenzaIPA\"]},{\"@type\":\"Person\",\"@id\":\"https:\/\/www.pressenza.com\/es\/#\/schema\/person\/883a735c40665759bcc6fe0c26bcb46f\",\"name\":\"Redacci\u00f3n Ecuador\",\"description\":\"News published by the Pressenza bureau in Quito, Ecuador\",\"url\":\"https:\/\/www.pressenza.com\/es\/author\/redaccion-ecuador\/\"}]}<\/script>\n<!-- \/ Yoast SEO plugin. -->","yoast_head_json":{"title":"Ecuador alerta a la CIDH sobre manipulaci\u00f3n de sentencia por parte de dirigentes ind\u00edgenas y actores pol\u00edticos","description":"Autoridades del estado ecuatoriano alertaron este mi\u00e9rcoles a la Corte Interamericana de Derechos Humanos sobre la pretensi\u00f3n de algunos actores pol\u00edticos","robots":{"index":"index","follow":"follow","max-snippet":"max-snippet:-1","max-image-preview":"max-image-preview:large","max-video-preview":"max-video-preview:-1"},"canonical":"https:\/\/www.pressenza.com\/es\/2014\/05\/ecuador-alerta-la-corte-idh-sobre-manipulacion-de-sentencia-por-parte-de-dirigentes-indigenas-y-actores-politicos\/","og_locale":"es_ES","og_type":"article","og_title":"Ecuador alerta a la CIDH sobre manipulaci\u00f3n de sentencia por parte de dirigentes ind\u00edgenas y actores pol\u00edticos","og_description":"Autoridades del estado ecuatoriano alertaron este mi\u00e9rcoles a la Corte Interamericana de Derechos Humanos sobre la pretensi\u00f3n de algunos actores pol\u00edticos","og_url":"https:\/\/www.pressenza.com\/es\/2014\/05\/ecuador-alerta-la-corte-idh-sobre-manipulacion-de-sentencia-por-parte-de-dirigentes-indigenas-y-actores-politicos\/","og_site_name":"Pressenza","article_publisher":"https:\/\/www.facebook.com\/PressenzaItalia","article_published_time":"2014-05-14T20:25:39+00:00","article_modified_time":"2014-05-14T21:19:44+00:00","og_image":[{"width":580,"height":327,"url":"https:\/\/www.pressenza.com\/wp-content\/uploads\/2014\/05\/sarayacu.jpg","type":"image\/jpeg"}],"author":"Redacci\u00f3n Ecuador","twitter_card":"summary_large_image","twitter_creator":"@PressenzaIPA","twitter_site":"@PressenzaIPA","twitter_misc":{"Escrito por":"Redacci\u00f3n Ecuador","Tiempo de lectura":"5 minutos"},"schema":{"@context":"https:\/\/schema.org","@graph":[{"@type":"Article","@id":"https:\/\/www.pressenza.com\/es\/2014\/05\/ecuador-alerta-la-corte-idh-sobre-manipulacion-de-sentencia-por-parte-de-dirigentes-indigenas-y-actores-politicos\/#article","isPartOf":{"@id":"https:\/\/www.pressenza.com\/es\/2014\/05\/ecuador-alerta-la-corte-idh-sobre-manipulacion-de-sentencia-por-parte-de-dirigentes-indigenas-y-actores-politicos\/"},"author":{"name":"Redacci\u00f3n Ecuador","@id":"https:\/\/www.pressenza.com\/es\/#\/schema\/person\/883a735c40665759bcc6fe0c26bcb46f"},"headline":"Ecuador alerta a la CIDH sobre manipulaci\u00f3n de sentencia por parte de dirigentes ind\u00edgenas y actores pol\u00edticos","datePublished":"2014-05-14T20:25:39+00:00","dateModified":"2014-05-14T21:19:44+00:00","mainEntityOfPage":{"@id":"https:\/\/www.pressenza.com\/es\/2014\/05\/ecuador-alerta-la-corte-idh-sobre-manipulacion-de-sentencia-por-parte-de-dirigentes-indigenas-y-actores-politicos\/"},"wordCount":972,"publisher":{"@id":"https:\/\/www.pressenza.com\/es\/#organization"},"image":{"@id":"https:\/\/www.pressenza.com\/es\/2014\/05\/ecuador-alerta-la-corte-idh-sobre-manipulacion-de-sentencia-por-parte-de-dirigentes-indigenas-y-actores-politicos\/#primaryimage"},"thumbnailUrl":"https:\/\/www.pressenza.com\/wp-content\/uploads\/2014\/05\/sarayacu.jpg","articleSection":["Pol\u00edtica","Pueblos Originarios","Sudam\u00e9rica"],"inLanguage":"es"},{"@type":"WebPage","@id":"https:\/\/www.pressenza.com\/es\/2014\/05\/ecuador-alerta-la-corte-idh-sobre-manipulacion-de-sentencia-por-parte-de-dirigentes-indigenas-y-actores-politicos\/","url":"https:\/\/www.pressenza.com\/es\/2014\/05\/ecuador-alerta-la-corte-idh-sobre-manipulacion-de-sentencia-por-parte-de-dirigentes-indigenas-y-actores-politicos\/","name":"Ecuador alerta a la CIDH sobre manipulaci\u00f3n de sentencia por parte de dirigentes ind\u00edgenas y actores pol\u00edticos","isPartOf":{"@id":"https:\/\/www.pressenza.com\/es\/#website"},"primaryImageOfPage":{"@id":"https:\/\/www.pressenza.com\/es\/2014\/05\/ecuador-alerta-la-corte-idh-sobre-manipulacion-de-sentencia-por-parte-de-dirigentes-indigenas-y-actores-politicos\/#primaryimage"},"image":{"@id":"https:\/\/www.pressenza.com\/es\/2014\/05\/ecuador-alerta-la-corte-idh-sobre-manipulacion-de-sentencia-por-parte-de-dirigentes-indigenas-y-actores-politicos\/#primaryimage"},"thumbnailUrl":"https:\/\/www.pressenza.com\/wp-content\/uploads\/2014\/05\/sarayacu.jpg","datePublished":"2014-05-14T20:25:39+00:00","dateModified":"2014-05-14T21:19:44+00:00","description":"Autoridades del estado ecuatoriano alertaron este mi\u00e9rcoles a la Corte Interamericana de Derechos Humanos sobre la pretensi\u00f3n de algunos actores pol\u00edticos","breadcrumb":{"@id":"https:\/\/www.pressenza.com\/es\/2014\/05\/ecuador-alerta-la-corte-idh-sobre-manipulacion-de-sentencia-por-parte-de-dirigentes-indigenas-y-actores-politicos\/#breadcrumb"},"inLanguage":"es","potentialAction":[{"@type":"ReadAction","target":["https:\/\/www.pressenza.com\/es\/2014\/05\/ecuador-alerta-la-corte-idh-sobre-manipulacion-de-sentencia-por-parte-de-dirigentes-indigenas-y-actores-politicos\/"]}]},{"@type":"ImageObject","inLanguage":"es","@id":"https:\/\/www.pressenza.com\/es\/2014\/05\/ecuador-alerta-la-corte-idh-sobre-manipulacion-de-sentencia-por-parte-de-dirigentes-indigenas-y-actores-politicos\/#primaryimage","url":"https:\/\/www.pressenza.com\/wp-content\/uploads\/2014\/05\/sarayacu.jpg","contentUrl":"https:\/\/www.pressenza.com\/wp-content\/uploads\/2014\/05\/sarayacu.jpg","width":580,"height":327},{"@type":"BreadcrumbList","@id":"https:\/\/www.pressenza.com\/es\/2014\/05\/ecuador-alerta-la-corte-idh-sobre-manipulacion-de-sentencia-por-parte-de-dirigentes-indigenas-y-actores-politicos\/#breadcrumb","itemListElement":[{"@type":"ListItem","position":1,"name":"Accueil","item":"https:\/\/www.pressenza.com\/es\/"},{"@type":"ListItem","position":2,"name":"Ecuador alerta a la CIDH sobre manipulaci\u00f3n de sentencia por parte de dirigentes ind\u00edgenas y actores pol\u00edticos"}]},{"@type":"WebSite","@id":"https:\/\/www.pressenza.com\/es\/#website","url":"https:\/\/www.pressenza.com\/es\/","name":"Pressenza","description":"International Press Agency","publisher":{"@id":"https:\/\/www.pressenza.com\/es\/#organization"},"potentialAction":[{"@type":"SearchAction","target":{"@type":"EntryPoint","urlTemplate":"https:\/\/www.pressenza.com\/es\/?s={search_term_string}"},"query-input":{"@type":"PropertyValueSpecification","valueRequired":true,"valueName":"search_term_string"}}],"inLanguage":"es"},{"@type":"Organization","@id":"https:\/\/www.pressenza.com\/es\/#organization","name":"Pressenza","url":"https:\/\/www.pressenza.com\/es\/","logo":{"@type":"ImageObject","inLanguage":"es","@id":"https:\/\/www.pressenza.com\/es\/#\/schema\/logo\/image\/","url":"https:\/\/www.pressenza.com\/wp-content\/uploads\/2022\/10\/pressenza_logo_200x200.jpg","contentUrl":"https:\/\/www.pressenza.com\/wp-content\/uploads\/2022\/10\/pressenza_logo_200x200.jpg","width":200,"height":200,"caption":"Pressenza"},"image":{"@id":"https:\/\/www.pressenza.com\/es\/#\/schema\/logo\/image\/"},"sameAs":["https:\/\/www.facebook.com\/PressenzaItalia","https:\/\/x.com\/PressenzaIPA"]},{"@type":"Person","@id":"https:\/\/www.pressenza.com\/es\/#\/schema\/person\/883a735c40665759bcc6fe0c26bcb46f","name":"Redacci\u00f3n Ecuador","description":"News published by the Pressenza bureau in Quito, Ecuador","url":"https:\/\/www.pressenza.com\/es\/author\/redaccion-ecuador\/"}]}},"place":"","original_article_url":"","_links":{"self":[{"href":"https:\/\/www.pressenza.com\/es\/wp-json\/wp\/v2\/posts\/107395","targetHints":{"allow":["GET"]}}],"collection":[{"href":"https:\/\/www.pressenza.com\/es\/wp-json\/wp\/v2\/posts"}],"about":[{"href":"https:\/\/www.pressenza.com\/es\/wp-json\/wp\/v2\/types\/post"}],"author":[{"embeddable":true,"href":"https:\/\/www.pressenza.com\/es\/wp-json\/wp\/v2\/users\/1011"}],"replies":[{"embeddable":true,"href":"https:\/\/www.pressenza.com\/es\/wp-json\/wp\/v2\/comments?post=107395"}],"version-history":[{"count":0,"href":"https:\/\/www.pressenza.com\/es\/wp-json\/wp\/v2\/posts\/107395\/revisions"}],"wp:featuredmedia":[{"embeddable":true,"href":"https:\/\/www.pressenza.com\/es\/wp-json\/wp\/v2\/media\/107396"}],"wp:attachment":[{"href":"https:\/\/www.pressenza.com\/es\/wp-json\/wp\/v2\/media?parent=107395"}],"wp:term":[{"taxonomy":"category","embeddable":true,"href":"https:\/\/www.pressenza.com\/es\/wp-json\/wp\/v2\/categories?post=107395"},{"taxonomy":"post_tag","embeddable":true,"href":"https:\/\/www.pressenza.com\/es\/wp-json\/wp\/v2\/tags?post=107395"}],"curies":[{"name":"wp","href":"https:\/\/api.w.org\/{rel}","templated":true}]}}