{"id":107283,"date":"2014-05-13T22:25:14","date_gmt":"2014-05-13T21:25:14","guid":{"rendered":"http:\/\/www.pressenza.com\/?p=107283"},"modified":"2014-05-14T14:11:43","modified_gmt":"2014-05-14T13:11:43","slug":"venezuela-elaboran-plan-articulado-para-atender-pueblos-indigenas","status":"publish","type":"post","link":"https:\/\/www.pressenza.com\/es\/2014\/05\/venezuela-elaboran-plan-articulado-para-atender-pueblos-indigenas\/","title":{"rendered":"Venezuela: elaboran plan articulado para atender a pueblos ind\u00edgenas"},"content":{"rendered":"<p>La Comisi\u00f3n Permanente de Pueblos Ind\u00edgenas de la Asamblea Nacional sostuvo una reuni\u00f3n con representantes de ministerios que tienen pol\u00edticas p\u00fablicas a favor de los pueblos ind\u00edgenas, en la que propuso el desarrollo de un plan articulado para atender las necesidades de los pueblos originarios del pa\u00eds.<\/p>\n<p>El presidente de la Comisi\u00f3n Permanente de Pueblos Ind\u00edgenas, diputado Jos\u00e9 Luis Gonz\u00e1lez, acompa\u00f1ado de los y las diputadas Loa Tamaronis, C\u00e9sar Sanguinetti\u00b8 Jes\u00fas Paraqueima y Jes\u00fas Jim\u00e9nez, present\u00f3, durante la reuni\u00f3n, el plan de trabajo de este a\u00f1o 2014, en el cual se contempla reuniones o encuentros con instituciones y ministerios para coordinar agendas de trabajo y as\u00ed ayudar a lograr los cambios que requieren los pueblos ind\u00edgenas.<\/p>\n<p>En la reuni\u00f3n estuvieron presentes el viceministro Ra\u00fal Rodr\u00edguez y Maritza Mendoza del Ministerio del Poder Popular para los Pueblos Ind\u00edgenas; Ministerio del Poder Popular para la Salud, representado por la licenciada Yaneth Ypuana, directora nacional de Salud Ind\u00edgena; Ministerio de Poder Popular para la Juventud, Comisionado Nacional Ind\u00edgena, Luis Tamanaico; Ministerio del Poder Popular para el Ambiente, Fredy Parada y la coordinadora de Demarcaci\u00f3n, Luxbranyf Rodriguez; Ministerio del Poder Popular para la Cultura, licenciada Gabriela Croes.<\/p>\n<p>Cada uno de los representantes de los ministerios expuso las actividades a desarrollar en pueblos y comunidades ind\u00edgenas. La licenciada Yaneth Ypuana explic\u00f3 que su despacho desarrolla un plan sistem\u00e1tico de trabajo desde hace 4 a\u00f1os que contempla, vacunaci\u00f3n masiva en zonas ind\u00edgenas, servicios de atenci\u00f3n y orientaci\u00f3n al ind\u00edgena, a trav\u00e9s de la red hospitalaria, la cual funciona en 11 estados, adem\u00e1s, de la formaci\u00f3n de agentes comunitarios, recuperaci\u00f3n y reactivaci\u00f3n de ambulatorios, atenci\u00f3n medica a trav\u00e9s de m\u00e9dicos itinerantes, as\u00ed como a la mujer embarazada en las comunidades originarias y la incorporaci\u00f3n y censo de parteras ind\u00edgenas.<\/p>\n<p>Por su parte, Luis Tamanaico, coordinador nacional ind\u00edgena, entreg\u00f3 el plan de acci\u00f3n para pueblos y comunidades originarias del Ministerio del Poder Popular para la Juventud, con gestiones basadas en el Plan de la Patria, en el que destaca la organizaci\u00f3n, promoci\u00f3n y lanzamiento de la Misi\u00f3n J\u00f3venes de la Patria. Asimismo, Freddy Parada y Luxbranyf Rodr\u00edguez expusieron que la agenda del Ministerio del Ambiente se basa en tres l\u00edneas pol\u00edticas de acci\u00f3n: agua, desechos s\u00f3lidos y desforestaci\u00f3n, con los que se busca salvaguardar el ambiente en h\u00e1bitats y tierras ind\u00edgenas.<\/p>\n<p>Gabriela Croes, funcionaria del Ministerio del Poder Popular para la Cultura, dijo que este Ministerio tiene como punto central el territorio y para ello realizan mapas mentales o mapas territoriales cuyos temas son los saberes y conocimientos ancestrales, que como tal forman parte del patrimonio cultural de los pueblos ind\u00edgenas por lo que es vital resguardarlos.<\/p>\n<p>Luego de escuchar cada uno de los representantes de los ministerios presentes en la reuni\u00f3n, el diputado Jos\u00e9 Luis Gonz\u00e1lez, presidente de la Comisi\u00f3n Permanente de Pueblos Ind\u00edgenas, resalt\u00f3 la importancia de fortalecer las relaciones interinstitucionales para de esa manera conocer, apoyar e involucrarse en cada uno de los proyectos, para garantizar el \u00e9xito de la ejecuci\u00f3n de las pol\u00edticas p\u00fablicas del gobierno revolucionario dirigidas a los pueblos y comunidades ind\u00edgenas.<\/p>\n<p><em>Por, Prensa CPPI\/AN &#8211; Fuente ALER<\/em><\/p>\n","protected":false},"excerpt":{"rendered":"<p>La Comisi\u00f3n Permanente de Pueblos Ind\u00edgenas de la Asamblea Nacional sostuvo una reuni\u00f3n con representantes de ministerios que tienen pol\u00edticas p\u00fablicas a favor de los pueblos ind\u00edgenas, en la que propuso el desarrollo de un plan articulado para atender las&hellip;<\/p>\n","protected":false},"author":1011,"featured_media":107353,"comment_status":"closed","ping_status":"open","sticky":false,"template":"","format":"standard","meta":{"footnotes":""},"categories":[39,80,67],"tags":[],"class_list":["post-107283","post","type-post","status-publish","format-standard","has-post-thumbnail","hentry","category-internacional","category-pueblos-originarios","category-sudamerica"],"yoast_head":"<!-- This site is optimized with the Yoast SEO plugin v27.1.1 - https:\/\/yoast.com\/product\/yoast-seo-wordpress\/ -->\n<title>Venezuela: elaboran plan articulado para atender a pueblos ind\u00edgenas<\/title>\n<meta name=\"description\" content=\"La Comisi\u00f3n Permanente de Pueblos Ind\u00edgenas de la Asamblea Nacional sostuvo una reuni\u00f3n con representantes de ministerios que tienen pol\u00edticas p\u00fablicas a\" \/>\n<meta name=\"robots\" content=\"index, follow, max-snippet:-1, max-image-preview:large, max-video-preview:-1\" \/>\n<link rel=\"canonical\" href=\"https:\/\/www.pressenza.com\/es\/2014\/05\/venezuela-elaboran-plan-articulado-para-atender-pueblos-indigenas\/\" \/>\n<meta property=\"og:locale\" content=\"es_ES\" \/>\n<meta property=\"og:type\" content=\"article\" \/>\n<meta property=\"og:title\" content=\"Venezuela: elaboran plan articulado para atender a pueblos ind\u00edgenas\" \/>\n<meta property=\"og:description\" content=\"La Comisi\u00f3n Permanente de Pueblos Ind\u00edgenas de la Asamblea Nacional sostuvo una reuni\u00f3n con representantes de ministerios que tienen pol\u00edticas p\u00fablicas a\" \/>\n<meta property=\"og:url\" content=\"https:\/\/www.pressenza.com\/es\/2014\/05\/venezuela-elaboran-plan-articulado-para-atender-pueblos-indigenas\/\" \/>\n<meta property=\"og:site_name\" content=\"Pressenza\" \/>\n<meta property=\"article:publisher\" content=\"https:\/\/www.facebook.com\/PressenzaItalia\" \/>\n<meta property=\"article:published_time\" content=\"2014-05-13T21:25:14+00:00\" \/>\n<meta property=\"article:modified_time\" content=\"2014-05-14T13:11:43+00:00\" \/>\n<meta property=\"og:image\" content=\"https:\/\/www.pressenza.com\/wp-content\/uploads\/2014\/05\/Ind\u00edgenas-Venezolanos.jpeg\" \/>\n\t<meta property=\"og:image:width\" content=\"998\" \/>\n\t<meta property=\"og:image:height\" content=\"749\" \/>\n\t<meta property=\"og:image:type\" content=\"image\/jpeg\" \/>\n<meta name=\"author\" content=\"Redacci\u00f3n Ecuador\" \/>\n<meta name=\"twitter:card\" content=\"summary_large_image\" \/>\n<meta name=\"twitter:creator\" content=\"@PressenzaIPA\" \/>\n<meta name=\"twitter:site\" content=\"@PressenzaIPA\" \/>\n<meta name=\"twitter:label1\" content=\"Escrito por\" \/>\n\t<meta name=\"twitter:data1\" content=\"Redacci\u00f3n Ecuador\" \/>\n\t<meta name=\"twitter:label2\" content=\"Tiempo de lectura\" \/>\n\t<meta name=\"twitter:data2\" content=\"3 minutos\" \/>\n<script type=\"application\/ld+json\" class=\"yoast-schema-graph\">{\"@context\":\"https:\/\/schema.org\",\"@graph\":[{\"@type\":\"Article\",\"@id\":\"https:\/\/www.pressenza.com\/es\/2014\/05\/venezuela-elaboran-plan-articulado-para-atender-pueblos-indigenas\/#article\",\"isPartOf\":{\"@id\":\"https:\/\/www.pressenza.com\/es\/2014\/05\/venezuela-elaboran-plan-articulado-para-atender-pueblos-indigenas\/\"},\"author\":{\"name\":\"Redacci\u00f3n Ecuador\",\"@id\":\"https:\/\/www.pressenza.com\/es\/#\/schema\/person\/883a735c40665759bcc6fe0c26bcb46f\"},\"headline\":\"Venezuela: elaboran plan articulado para atender a pueblos ind\u00edgenas\",\"datePublished\":\"2014-05-13T21:25:14+00:00\",\"dateModified\":\"2014-05-14T13:11:43+00:00\",\"mainEntityOfPage\":{\"@id\":\"https:\/\/www.pressenza.com\/es\/2014\/05\/venezuela-elaboran-plan-articulado-para-atender-pueblos-indigenas\/\"},\"wordCount\":590,\"publisher\":{\"@id\":\"https:\/\/www.pressenza.com\/es\/#organization\"},\"image\":{\"@id\":\"https:\/\/www.pressenza.com\/es\/2014\/05\/venezuela-elaboran-plan-articulado-para-atender-pueblos-indigenas\/#primaryimage\"},\"thumbnailUrl\":\"https:\/\/www.pressenza.com\/wp-content\/uploads\/2014\/05\/Ind\u00edgenas-Venezolanos.jpeg\",\"articleSection\":[\"Internacional\",\"Pueblos Originarios\",\"Sudam\u00e9rica\"],\"inLanguage\":\"es\"},{\"@type\":\"WebPage\",\"@id\":\"https:\/\/www.pressenza.com\/es\/2014\/05\/venezuela-elaboran-plan-articulado-para-atender-pueblos-indigenas\/\",\"url\":\"https:\/\/www.pressenza.com\/es\/2014\/05\/venezuela-elaboran-plan-articulado-para-atender-pueblos-indigenas\/\",\"name\":\"Venezuela: elaboran plan articulado para atender a pueblos ind\u00edgenas\",\"isPartOf\":{\"@id\":\"https:\/\/www.pressenza.com\/es\/#website\"},\"primaryImageOfPage\":{\"@id\":\"https:\/\/www.pressenza.com\/es\/2014\/05\/venezuela-elaboran-plan-articulado-para-atender-pueblos-indigenas\/#primaryimage\"},\"image\":{\"@id\":\"https:\/\/www.pressenza.com\/es\/2014\/05\/venezuela-elaboran-plan-articulado-para-atender-pueblos-indigenas\/#primaryimage\"},\"thumbnailUrl\":\"https:\/\/www.pressenza.com\/wp-content\/uploads\/2014\/05\/Ind\u00edgenas-Venezolanos.jpeg\",\"datePublished\":\"2014-05-13T21:25:14+00:00\",\"dateModified\":\"2014-05-14T13:11:43+00:00\",\"description\":\"La Comisi\u00f3n Permanente de Pueblos Ind\u00edgenas de la Asamblea Nacional sostuvo una reuni\u00f3n con representantes de ministerios que tienen pol\u00edticas p\u00fablicas a\",\"breadcrumb\":{\"@id\":\"https:\/\/www.pressenza.com\/es\/2014\/05\/venezuela-elaboran-plan-articulado-para-atender-pueblos-indigenas\/#breadcrumb\"},\"inLanguage\":\"es\",\"potentialAction\":[{\"@type\":\"ReadAction\",\"target\":[\"https:\/\/www.pressenza.com\/es\/2014\/05\/venezuela-elaboran-plan-articulado-para-atender-pueblos-indigenas\/\"]}]},{\"@type\":\"ImageObject\",\"inLanguage\":\"es\",\"@id\":\"https:\/\/www.pressenza.com\/es\/2014\/05\/venezuela-elaboran-plan-articulado-para-atender-pueblos-indigenas\/#primaryimage\",\"url\":\"https:\/\/www.pressenza.com\/wp-content\/uploads\/2014\/05\/Ind\u00edgenas-Venezolanos.jpeg\",\"contentUrl\":\"https:\/\/www.pressenza.com\/wp-content\/uploads\/2014\/05\/Ind\u00edgenas-Venezolanos.jpeg\",\"width\":998,\"height\":749},{\"@type\":\"BreadcrumbList\",\"@id\":\"https:\/\/www.pressenza.com\/es\/2014\/05\/venezuela-elaboran-plan-articulado-para-atender-pueblos-indigenas\/#breadcrumb\",\"itemListElement\":[{\"@type\":\"ListItem\",\"position\":1,\"name\":\"Accueil\",\"item\":\"https:\/\/www.pressenza.com\/es\/\"},{\"@type\":\"ListItem\",\"position\":2,\"name\":\"Venezuela: elaboran plan articulado para atender a pueblos ind\u00edgenas\"}]},{\"@type\":\"WebSite\",\"@id\":\"https:\/\/www.pressenza.com\/es\/#website\",\"url\":\"https:\/\/www.pressenza.com\/es\/\",\"name\":\"Pressenza\",\"description\":\"International Press Agency\",\"publisher\":{\"@id\":\"https:\/\/www.pressenza.com\/es\/#organization\"},\"potentialAction\":[{\"@type\":\"SearchAction\",\"target\":{\"@type\":\"EntryPoint\",\"urlTemplate\":\"https:\/\/www.pressenza.com\/es\/?s={search_term_string}\"},\"query-input\":{\"@type\":\"PropertyValueSpecification\",\"valueRequired\":true,\"valueName\":\"search_term_string\"}}],\"inLanguage\":\"es\"},{\"@type\":\"Organization\",\"@id\":\"https:\/\/www.pressenza.com\/es\/#organization\",\"name\":\"Pressenza\",\"url\":\"https:\/\/www.pressenza.com\/es\/\",\"logo\":{\"@type\":\"ImageObject\",\"inLanguage\":\"es\",\"@id\":\"https:\/\/www.pressenza.com\/es\/#\/schema\/logo\/image\/\",\"url\":\"https:\/\/www.pressenza.com\/wp-content\/uploads\/2022\/10\/pressenza_logo_200x200.jpg\",\"contentUrl\":\"https:\/\/www.pressenza.com\/wp-content\/uploads\/2022\/10\/pressenza_logo_200x200.jpg\",\"width\":200,\"height\":200,\"caption\":\"Pressenza\"},\"image\":{\"@id\":\"https:\/\/www.pressenza.com\/es\/#\/schema\/logo\/image\/\"},\"sameAs\":[\"https:\/\/www.facebook.com\/PressenzaItalia\",\"https:\/\/x.com\/PressenzaIPA\"]},{\"@type\":\"Person\",\"@id\":\"https:\/\/www.pressenza.com\/es\/#\/schema\/person\/883a735c40665759bcc6fe0c26bcb46f\",\"name\":\"Redacci\u00f3n Ecuador\",\"description\":\"News published by the Pressenza bureau in Quito, Ecuador\",\"url\":\"https:\/\/www.pressenza.com\/es\/author\/redaccion-ecuador\/\"}]}<\/script>\n<!-- \/ Yoast SEO plugin. -->","yoast_head_json":{"title":"Venezuela: elaboran plan articulado para atender a pueblos ind\u00edgenas","description":"La Comisi\u00f3n Permanente de Pueblos Ind\u00edgenas de la Asamblea Nacional sostuvo una reuni\u00f3n con representantes de ministerios que tienen pol\u00edticas p\u00fablicas a","robots":{"index":"index","follow":"follow","max-snippet":"max-snippet:-1","max-image-preview":"max-image-preview:large","max-video-preview":"max-video-preview:-1"},"canonical":"https:\/\/www.pressenza.com\/es\/2014\/05\/venezuela-elaboran-plan-articulado-para-atender-pueblos-indigenas\/","og_locale":"es_ES","og_type":"article","og_title":"Venezuela: elaboran plan articulado para atender a pueblos ind\u00edgenas","og_description":"La Comisi\u00f3n Permanente de Pueblos Ind\u00edgenas de la Asamblea Nacional sostuvo una reuni\u00f3n con representantes de ministerios que tienen pol\u00edticas p\u00fablicas a","og_url":"https:\/\/www.pressenza.com\/es\/2014\/05\/venezuela-elaboran-plan-articulado-para-atender-pueblos-indigenas\/","og_site_name":"Pressenza","article_publisher":"https:\/\/www.facebook.com\/PressenzaItalia","article_published_time":"2014-05-13T21:25:14+00:00","article_modified_time":"2014-05-14T13:11:43+00:00","og_image":[{"width":998,"height":749,"url":"https:\/\/www.pressenza.com\/wp-content\/uploads\/2014\/05\/Ind\u00edgenas-Venezolanos.jpeg","type":"image\/jpeg"}],"author":"Redacci\u00f3n Ecuador","twitter_card":"summary_large_image","twitter_creator":"@PressenzaIPA","twitter_site":"@PressenzaIPA","twitter_misc":{"Escrito por":"Redacci\u00f3n Ecuador","Tiempo de lectura":"3 minutos"},"schema":{"@context":"https:\/\/schema.org","@graph":[{"@type":"Article","@id":"https:\/\/www.pressenza.com\/es\/2014\/05\/venezuela-elaboran-plan-articulado-para-atender-pueblos-indigenas\/#article","isPartOf":{"@id":"https:\/\/www.pressenza.com\/es\/2014\/05\/venezuela-elaboran-plan-articulado-para-atender-pueblos-indigenas\/"},"author":{"name":"Redacci\u00f3n Ecuador","@id":"https:\/\/www.pressenza.com\/es\/#\/schema\/person\/883a735c40665759bcc6fe0c26bcb46f"},"headline":"Venezuela: elaboran plan articulado para atender a pueblos ind\u00edgenas","datePublished":"2014-05-13T21:25:14+00:00","dateModified":"2014-05-14T13:11:43+00:00","mainEntityOfPage":{"@id":"https:\/\/www.pressenza.com\/es\/2014\/05\/venezuela-elaboran-plan-articulado-para-atender-pueblos-indigenas\/"},"wordCount":590,"publisher":{"@id":"https:\/\/www.pressenza.com\/es\/#organization"},"image":{"@id":"https:\/\/www.pressenza.com\/es\/2014\/05\/venezuela-elaboran-plan-articulado-para-atender-pueblos-indigenas\/#primaryimage"},"thumbnailUrl":"https:\/\/www.pressenza.com\/wp-content\/uploads\/2014\/05\/Ind\u00edgenas-Venezolanos.jpeg","articleSection":["Internacional","Pueblos Originarios","Sudam\u00e9rica"],"inLanguage":"es"},{"@type":"WebPage","@id":"https:\/\/www.pressenza.com\/es\/2014\/05\/venezuela-elaboran-plan-articulado-para-atender-pueblos-indigenas\/","url":"https:\/\/www.pressenza.com\/es\/2014\/05\/venezuela-elaboran-plan-articulado-para-atender-pueblos-indigenas\/","name":"Venezuela: elaboran plan articulado para atender a pueblos ind\u00edgenas","isPartOf":{"@id":"https:\/\/www.pressenza.com\/es\/#website"},"primaryImageOfPage":{"@id":"https:\/\/www.pressenza.com\/es\/2014\/05\/venezuela-elaboran-plan-articulado-para-atender-pueblos-indigenas\/#primaryimage"},"image":{"@id":"https:\/\/www.pressenza.com\/es\/2014\/05\/venezuela-elaboran-plan-articulado-para-atender-pueblos-indigenas\/#primaryimage"},"thumbnailUrl":"https:\/\/www.pressenza.com\/wp-content\/uploads\/2014\/05\/Ind\u00edgenas-Venezolanos.jpeg","datePublished":"2014-05-13T21:25:14+00:00","dateModified":"2014-05-14T13:11:43+00:00","description":"La Comisi\u00f3n Permanente de Pueblos Ind\u00edgenas de la Asamblea Nacional sostuvo una reuni\u00f3n con representantes de ministerios que tienen pol\u00edticas p\u00fablicas a","breadcrumb":{"@id":"https:\/\/www.pressenza.com\/es\/2014\/05\/venezuela-elaboran-plan-articulado-para-atender-pueblos-indigenas\/#breadcrumb"},"inLanguage":"es","potentialAction":[{"@type":"ReadAction","target":["https:\/\/www.pressenza.com\/es\/2014\/05\/venezuela-elaboran-plan-articulado-para-atender-pueblos-indigenas\/"]}]},{"@type":"ImageObject","inLanguage":"es","@id":"https:\/\/www.pressenza.com\/es\/2014\/05\/venezuela-elaboran-plan-articulado-para-atender-pueblos-indigenas\/#primaryimage","url":"https:\/\/www.pressenza.com\/wp-content\/uploads\/2014\/05\/Ind\u00edgenas-Venezolanos.jpeg","contentUrl":"https:\/\/www.pressenza.com\/wp-content\/uploads\/2014\/05\/Ind\u00edgenas-Venezolanos.jpeg","width":998,"height":749},{"@type":"BreadcrumbList","@id":"https:\/\/www.pressenza.com\/es\/2014\/05\/venezuela-elaboran-plan-articulado-para-atender-pueblos-indigenas\/#breadcrumb","itemListElement":[{"@type":"ListItem","position":1,"name":"Accueil","item":"https:\/\/www.pressenza.com\/es\/"},{"@type":"ListItem","position":2,"name":"Venezuela: elaboran plan articulado para atender a pueblos ind\u00edgenas"}]},{"@type":"WebSite","@id":"https:\/\/www.pressenza.com\/es\/#website","url":"https:\/\/www.pressenza.com\/es\/","name":"Pressenza","description":"International Press Agency","publisher":{"@id":"https:\/\/www.pressenza.com\/es\/#organization"},"potentialAction":[{"@type":"SearchAction","target":{"@type":"EntryPoint","urlTemplate":"https:\/\/www.pressenza.com\/es\/?s={search_term_string}"},"query-input":{"@type":"PropertyValueSpecification","valueRequired":true,"valueName":"search_term_string"}}],"inLanguage":"es"},{"@type":"Organization","@id":"https:\/\/www.pressenza.com\/es\/#organization","name":"Pressenza","url":"https:\/\/www.pressenza.com\/es\/","logo":{"@type":"ImageObject","inLanguage":"es","@id":"https:\/\/www.pressenza.com\/es\/#\/schema\/logo\/image\/","url":"https:\/\/www.pressenza.com\/wp-content\/uploads\/2022\/10\/pressenza_logo_200x200.jpg","contentUrl":"https:\/\/www.pressenza.com\/wp-content\/uploads\/2022\/10\/pressenza_logo_200x200.jpg","width":200,"height":200,"caption":"Pressenza"},"image":{"@id":"https:\/\/www.pressenza.com\/es\/#\/schema\/logo\/image\/"},"sameAs":["https:\/\/www.facebook.com\/PressenzaItalia","https:\/\/x.com\/PressenzaIPA"]},{"@type":"Person","@id":"https:\/\/www.pressenza.com\/es\/#\/schema\/person\/883a735c40665759bcc6fe0c26bcb46f","name":"Redacci\u00f3n Ecuador","description":"News published by the Pressenza bureau in Quito, Ecuador","url":"https:\/\/www.pressenza.com\/es\/author\/redaccion-ecuador\/"}]}},"place":"","original_article_url":"","_links":{"self":[{"href":"https:\/\/www.pressenza.com\/es\/wp-json\/wp\/v2\/posts\/107283","targetHints":{"allow":["GET"]}}],"collection":[{"href":"https:\/\/www.pressenza.com\/es\/wp-json\/wp\/v2\/posts"}],"about":[{"href":"https:\/\/www.pressenza.com\/es\/wp-json\/wp\/v2\/types\/post"}],"author":[{"embeddable":true,"href":"https:\/\/www.pressenza.com\/es\/wp-json\/wp\/v2\/users\/1011"}],"replies":[{"embeddable":true,"href":"https:\/\/www.pressenza.com\/es\/wp-json\/wp\/v2\/comments?post=107283"}],"version-history":[{"count":0,"href":"https:\/\/www.pressenza.com\/es\/wp-json\/wp\/v2\/posts\/107283\/revisions"}],"wp:featuredmedia":[{"embeddable":true,"href":"https:\/\/www.pressenza.com\/es\/wp-json\/wp\/v2\/media\/107353"}],"wp:attachment":[{"href":"https:\/\/www.pressenza.com\/es\/wp-json\/wp\/v2\/media?parent=107283"}],"wp:term":[{"taxonomy":"category","embeddable":true,"href":"https:\/\/www.pressenza.com\/es\/wp-json\/wp\/v2\/categories?post=107283"},{"taxonomy":"post_tag","embeddable":true,"href":"https:\/\/www.pressenza.com\/es\/wp-json\/wp\/v2\/tags?post=107283"}],"curies":[{"name":"wp","href":"https:\/\/api.w.org\/{rel}","templated":true}]}}