{"id":107229,"date":"2014-05-13T21:45:02","date_gmt":"2014-05-13T20:45:02","guid":{"rendered":"http:\/\/www.pressenza.com\/?p=107229"},"modified":"2014-05-13T21:45:02","modified_gmt":"2014-05-13T20:45:02","slug":"verso-libre-en-el-senado-nacion","status":"publish","type":"post","link":"https:\/\/www.pressenza.com\/es\/2014\/05\/verso-libre-en-el-senado-nacion\/","title":{"rendered":"Verso libre en el Senado de la Naci\u00f3n"},"content":{"rendered":"<p><!--[if gte mso 9]><xml>\n <o:OfficeDocumentSettings>\n  <o:AllowPNG\/>\n <\/o:OfficeDocumentSettings>\n<\/xml><![endif]--><\/p>\n<p><!--[if gte mso 9]><xml>\n <w:WordDocument>\n  <w:View>Normal<\/w:View>\n  <w:Zoom>0<\/w:Zoom>\n  <w:TrackMoves\/>\n  <w:TrackFormatting\/>\n  <w:HyphenationZone>21<\/w:HyphenationZone>\n  <w:PunctuationKerning\/>\n  <w:ValidateAgainstSchemas\/>\n  <w:SaveIfXMLInvalid>false<\/w:SaveIfXMLInvalid>\n  <w:IgnoreMixedContent>false<\/w:IgnoreMixedContent>\n  <w:AlwaysShowPlaceholderText>false<\/w:AlwaysShowPlaceholderText>\n  <w:DoNotPromoteQF\/>\n  <w:LidThemeOther>FR<\/w:LidThemeOther>\n  <w:LidThemeAsian>X-NONE<\/w:LidThemeAsian>\n  <w:LidThemeComplexScript>X-NONE<\/w:LidThemeComplexScript>\n  <w:Compatibility>\n   <w:BreakWrappedTables\/>\n   <w:SnapToGridInCell\/>\n   <w:WrapTextWithPunct\/>\n   <w:UseAsianBreakRules\/>\n   <w:DontGrowAutofit\/>\n   <w:SplitPgBreakAndParaMark\/>\n   <w:EnableOpenTypeKerning\/>\n   <w:DontFlipMirrorIndents\/>\n   <w:OverrideTableStyleHps\/>\n  <\/w:Compatibility>\n  <m:mathPr>\n   <m:mathFont m:val=\"Cambria Math\"\/>\n   <m:brkBin m:val=\"before\"\/>\n   <m:brkBinSub m:val=\"&#45;-\"\/>\n   <m:smallFrac m:val=\"off\"\/>\n   <m:dispDef\/>\n   <m:lMargin m:val=\"0\"\/>\n   <m:rMargin m:val=\"0\"\/>\n   <m:defJc m:val=\"centerGroup\"\/>\n   <m:wrapIndent m:val=\"1440\"\/>\n   <m:intLim m:val=\"subSup\"\/>\n   <m:naryLim m:val=\"undOvr\"\/>\n  <\/m:mathPr><\/w:WordDocument>\n<\/xml><![endif]--><!--[if gte mso 9]><xml>\n <w:LatentStyles DefLockedState=\"false\" DefUnhideWhenUsed=\"true\"\n  DefSemiHidden=\"true\" DefQFormat=\"false\" DefPriority=\"99\"\n  LatentStyleCount=\"267\">\n  <w:LsdException Locked=\"false\" Priority=\"0\" SemiHidden=\"false\"\n   UnhideWhenUsed=\"false\" QFormat=\"true\" Name=\"Normal\"\/>\n  <w:LsdException Locked=\"false\" Priority=\"9\" SemiHidden=\"false\"\n   UnhideWhenUsed=\"false\" QFormat=\"true\" Name=\"heading 1\"\/>\n  <w:LsdException Locked=\"false\" Priority=\"9\" QFormat=\"true\" Name=\"heading 2\"\/>\n  <w:LsdException Locked=\"false\" Priority=\"9\" QFormat=\"true\" Name=\"heading 3\"\/>\n  <w:LsdException Locked=\"false\" Priority=\"9\" QFormat=\"true\" Name=\"heading 4\"\/>\n  <w:LsdException Locked=\"false\" Priority=\"9\" QFormat=\"true\" Name=\"heading 5\"\/>\n  <w:LsdException Locked=\"false\" Priority=\"9\" QFormat=\"true\" Name=\"heading 6\"\/>\n  <w:LsdException Locked=\"false\" Priority=\"9\" QFormat=\"true\" Name=\"heading 7\"\/>\n  <w:LsdException Locked=\"false\" Priority=\"9\" QFormat=\"true\" Name=\"heading 8\"\/>\n  <w:LsdException Locked=\"false\" Priority=\"9\" QFormat=\"true\" Name=\"heading 9\"\/>\n  <w:LsdException Locked=\"false\" Priority=\"39\" Name=\"toc 1\"\/>\n  <w:LsdException Locked=\"false\" Priority=\"39\" Name=\"toc 2\"\/>\n  <w:LsdException Locked=\"false\" Priority=\"39\" Name=\"toc 3\"\/>\n  <w:LsdException Locked=\"false\" Priority=\"39\" Name=\"toc 4\"\/>\n  <w:LsdException Locked=\"false\" Priority=\"39\" Name=\"toc 5\"\/>\n  <w:LsdException Locked=\"false\" Priority=\"39\" Name=\"toc 6\"\/>\n  <w:LsdException Locked=\"false\" Priority=\"39\" Name=\"toc 7\"\/>\n  <w:LsdException Locked=\"false\" Priority=\"39\" Name=\"toc 8\"\/>\n  <w:LsdException Locked=\"false\" Priority=\"39\" Name=\"toc 9\"\/>\n  <w:LsdException Locked=\"false\" Priority=\"35\" QFormat=\"true\" Name=\"caption\"\/>\n  <w:LsdException Locked=\"false\" Priority=\"10\" SemiHidden=\"false\"\n   UnhideWhenUsed=\"false\" QFormat=\"true\" Name=\"Title\"\/>\n  <w:LsdException Locked=\"false\" Priority=\"1\" Name=\"Default Paragraph Font\"\/>\n  <w:LsdException Locked=\"false\" Priority=\"11\" SemiHidden=\"false\"\n   UnhideWhenUsed=\"false\" QFormat=\"true\" Name=\"Subtitle\"\/>\n  <w:LsdException Locked=\"false\" Priority=\"22\" SemiHidden=\"false\"\n   UnhideWhenUsed=\"false\" QFormat=\"true\" Name=\"Strong\"\/>\n  <w:LsdException Locked=\"false\" Priority=\"20\" SemiHidden=\"false\"\n   UnhideWhenUsed=\"false\" QFormat=\"true\" Name=\"Emphasis\"\/>\n  <w:LsdException Locked=\"false\" Priority=\"59\" SemiHidden=\"false\"\n   UnhideWhenUsed=\"false\" Name=\"Table Grid\"\/>\n  <w:LsdException Locked=\"false\" UnhideWhenUsed=\"false\" Name=\"Placeholder Text\"\/>\n  <w:LsdException Locked=\"false\" Priority=\"1\" SemiHidden=\"false\"\n   UnhideWhenUsed=\"false\" QFormat=\"true\" Name=\"No Spacing\"\/>\n  <w:LsdException Locked=\"false\" Priority=\"60\" SemiHidden=\"false\"\n   UnhideWhenUsed=\"false\" Name=\"Light Shading\"\/>\n  <w:LsdException Locked=\"false\" Priority=\"61\" SemiHidden=\"false\"\n   UnhideWhenUsed=\"false\" Name=\"Light List\"\/>\n  <w:LsdException Locked=\"false\" Priority=\"62\" SemiHidden=\"false\"\n   UnhideWhenUsed=\"false\" Name=\"Light Grid\"\/>\n  <w:LsdException Locked=\"false\" Priority=\"63\" SemiHidden=\"false\"\n   UnhideWhenUsed=\"false\" Name=\"Medium Shading 1\"\/>\n  <w:LsdException Locked=\"false\" Priority=\"64\" SemiHidden=\"false\"\n   UnhideWhenUsed=\"false\" Name=\"Medium Shading 2\"\/>\n  <w:LsdException Locked=\"false\" Priority=\"65\" SemiHidden=\"false\"\n   UnhideWhenUsed=\"false\" Name=\"Medium List 1\"\/>\n  <w:LsdException Locked=\"false\" Priority=\"66\" SemiHidden=\"false\"\n   UnhideWhenUsed=\"false\" Name=\"Medium List 2\"\/>\n  <w:LsdException Locked=\"false\" Priority=\"67\" SemiHidden=\"false\"\n   UnhideWhenUsed=\"false\" Name=\"Medium Grid 1\"\/>\n  <w:LsdException Locked=\"false\" Priority=\"68\" SemiHidden=\"false\"\n   UnhideWhenUsed=\"false\" Name=\"Medium Grid 2\"\/>\n  <w:LsdException Locked=\"false\" Priority=\"69\" SemiHidden=\"false\"\n   UnhideWhenUsed=\"false\" Name=\"Medium Grid 3\"\/>\n  <w:LsdException Locked=\"false\" Priority=\"70\" SemiHidden=\"false\"\n   UnhideWhenUsed=\"false\" Name=\"Dark List\"\/>\n  <w:LsdException Locked=\"false\" Priority=\"71\" SemiHidden=\"false\"\n   UnhideWhenUsed=\"false\" Name=\"Colorful Shading\"\/>\n  <w:LsdException Locked=\"false\" Priority=\"72\" SemiHidden=\"false\"\n   UnhideWhenUsed=\"false\" Name=\"Colorful List\"\/>\n  <w:LsdException Locked=\"false\" Priority=\"73\" SemiHidden=\"false\"\n   UnhideWhenUsed=\"false\" Name=\"Colorful Grid\"\/>\n  <w:LsdException Locked=\"false\" Priority=\"60\" SemiHidden=\"false\"\n   UnhideWhenUsed=\"false\" Name=\"Light Shading Accent 1\"\/>\n  <w:LsdException Locked=\"false\" Priority=\"61\" SemiHidden=\"false\"\n   UnhideWhenUsed=\"false\" Name=\"Light List Accent 1\"\/>\n  <w:LsdException Locked=\"false\" Priority=\"62\" SemiHidden=\"false\"\n   UnhideWhenUsed=\"false\" Name=\"Light Grid Accent 1\"\/>\n  <w:LsdException Locked=\"false\" Priority=\"63\" SemiHidden=\"false\"\n   UnhideWhenUsed=\"false\" Name=\"Medium Shading 1 Accent 1\"\/>\n  <w:LsdException Locked=\"false\" Priority=\"64\" SemiHidden=\"false\"\n   UnhideWhenUsed=\"false\" Name=\"Medium Shading 2 Accent 1\"\/>\n  <w:LsdException Locked=\"false\" Priority=\"65\" SemiHidden=\"false\"\n   UnhideWhenUsed=\"false\" Name=\"Medium List 1 Accent 1\"\/>\n  <w:LsdException Locked=\"false\" UnhideWhenUsed=\"false\" Name=\"Revision\"\/>\n  <w:LsdException Locked=\"false\" Priority=\"34\" SemiHidden=\"false\"\n   UnhideWhenUsed=\"false\" QFormat=\"true\" Name=\"List Paragraph\"\/>\n  <w:LsdException Locked=\"false\" Priority=\"29\" SemiHidden=\"false\"\n   UnhideWhenUsed=\"false\" QFormat=\"true\" Name=\"Quote\"\/>\n  <w:LsdException Locked=\"false\" Priority=\"30\" SemiHidden=\"false\"\n   UnhideWhenUsed=\"false\" QFormat=\"true\" Name=\"Intense Quote\"\/>\n  <w:LsdException Locked=\"false\" Priority=\"66\" SemiHidden=\"false\"\n   UnhideWhenUsed=\"false\" Name=\"Medium List 2 Accent 1\"\/>\n  <w:LsdException Locked=\"false\" Priority=\"67\" SemiHidden=\"false\"\n   UnhideWhenUsed=\"false\" Name=\"Medium Grid 1 Accent 1\"\/>\n  <w:LsdException Locked=\"false\" Priority=\"68\" SemiHidden=\"false\"\n   UnhideWhenUsed=\"false\" Name=\"Medium Grid 2 Accent 1\"\/>\n  <w:LsdException Locked=\"false\" Priority=\"69\" SemiHidden=\"false\"\n   UnhideWhenUsed=\"false\" Name=\"Medium Grid 3 Accent 1\"\/>\n  <w:LsdException Locked=\"false\" Priority=\"70\" SemiHidden=\"false\"\n   UnhideWhenUsed=\"false\" Name=\"Dark List Accent 1\"\/>\n  <w:LsdException Locked=\"false\" Priority=\"71\" SemiHidden=\"false\"\n   UnhideWhenUsed=\"false\" Name=\"Colorful Shading Accent 1\"\/>\n  <w:LsdException Locked=\"false\" Priority=\"72\" SemiHidden=\"false\"\n   UnhideWhenUsed=\"false\" Name=\"Colorful List Accent 1\"\/>\n  <w:LsdException Locked=\"false\" Priority=\"73\" SemiHidden=\"false\"\n   UnhideWhenUsed=\"false\" Name=\"Colorful Grid Accent 1\"\/>\n  <w:LsdException Locked=\"false\" Priority=\"60\" SemiHidden=\"false\"\n   UnhideWhenUsed=\"false\" Name=\"Light Shading Accent 2\"\/>\n  <w:LsdException Locked=\"false\" Priority=\"61\" SemiHidden=\"false\"\n   UnhideWhenUsed=\"false\" Name=\"Light List Accent 2\"\/>\n  <w:LsdException Locked=\"false\" Priority=\"62\" SemiHidden=\"false\"\n   UnhideWhenUsed=\"false\" Name=\"Light Grid Accent 2\"\/>\n  <w:LsdException Locked=\"false\" Priority=\"63\" SemiHidden=\"false\"\n   UnhideWhenUsed=\"false\" Name=\"Medium Shading 1 Accent 2\"\/>\n  <w:LsdException Locked=\"false\" Priority=\"64\" SemiHidden=\"false\"\n   UnhideWhenUsed=\"false\" Name=\"Medium Shading 2 Accent 2\"\/>\n  <w:LsdException Locked=\"false\" Priority=\"65\" SemiHidden=\"false\"\n   UnhideWhenUsed=\"false\" Name=\"Medium List 1 Accent 2\"\/>\n  <w:LsdException Locked=\"false\" Priority=\"66\" SemiHidden=\"false\"\n   UnhideWhenUsed=\"false\" Name=\"Medium List 2 Accent 2\"\/>\n  <w:LsdException Locked=\"false\" Priority=\"67\" SemiHidden=\"false\"\n   UnhideWhenUsed=\"false\" Name=\"Medium Grid 1 Accent 2\"\/>\n  <w:LsdException Locked=\"false\" Priority=\"68\" SemiHidden=\"false\"\n   UnhideWhenUsed=\"false\" Name=\"Medium Grid 2 Accent 2\"\/>\n  <w:LsdException Locked=\"false\" Priority=\"69\" SemiHidden=\"false\"\n   UnhideWhenUsed=\"false\" Name=\"Medium Grid 3 Accent 2\"\/>\n  <w:LsdException Locked=\"false\" Priority=\"70\" SemiHidden=\"false\"\n   UnhideWhenUsed=\"false\" Name=\"Dark List Accent 2\"\/>\n  <w:LsdException Locked=\"false\" Priority=\"71\" SemiHidden=\"false\"\n   UnhideWhenUsed=\"false\" Name=\"Colorful Shading Accent 2\"\/>\n  <w:LsdException Locked=\"false\" Priority=\"72\" SemiHidden=\"false\"\n   UnhideWhenUsed=\"false\" Name=\"Colorful List Accent 2\"\/>\n  <w:LsdException Locked=\"false\" Priority=\"73\" SemiHidden=\"false\"\n   UnhideWhenUsed=\"false\" Name=\"Colorful Grid Accent 2\"\/>\n  <w:LsdException Locked=\"false\" Priority=\"60\" SemiHidden=\"false\"\n   UnhideWhenUsed=\"false\" Name=\"Light Shading Accent 3\"\/>\n  <w:LsdException Locked=\"false\" Priority=\"61\" SemiHidden=\"false\"\n   UnhideWhenUsed=\"false\" Name=\"Light List Accent 3\"\/>\n  <w:LsdException Locked=\"false\" Priority=\"62\" SemiHidden=\"false\"\n   UnhideWhenUsed=\"false\" Name=\"Light Grid Accent 3\"\/>\n  <w:LsdException Locked=\"false\" Priority=\"63\" SemiHidden=\"false\"\n   UnhideWhenUsed=\"false\" Name=\"Medium Shading 1 Accent 3\"\/>\n  <w:LsdException Locked=\"false\" Priority=\"64\" SemiHidden=\"false\"\n   UnhideWhenUsed=\"false\" Name=\"Medium Shading 2 Accent 3\"\/>\n  <w:LsdException Locked=\"false\" Priority=\"65\" SemiHidden=\"false\"\n   UnhideWhenUsed=\"false\" Name=\"Medium List 1 Accent 3\"\/>\n  <w:LsdException Locked=\"false\" Priority=\"66\" SemiHidden=\"false\"\n   UnhideWhenUsed=\"false\" Name=\"Medium List 2 Accent 3\"\/>\n  <w:LsdException Locked=\"false\" Priority=\"67\" SemiHidden=\"false\"\n   UnhideWhenUsed=\"false\" Name=\"Medium Grid 1 Accent 3\"\/>\n  <w:LsdException Locked=\"false\" Priority=\"68\" SemiHidden=\"false\"\n   UnhideWhenUsed=\"false\" Name=\"Medium Grid 2 Accent 3\"\/>\n  <w:LsdException Locked=\"false\" Priority=\"69\" SemiHidden=\"false\"\n   UnhideWhenUsed=\"false\" Name=\"Medium Grid 3 Accent 3\"\/>\n  <w:LsdException Locked=\"false\" Priority=\"70\" SemiHidden=\"false\"\n   UnhideWhenUsed=\"false\" Name=\"Dark List Accent 3\"\/>\n  <w:LsdException Locked=\"false\" Priority=\"71\" SemiHidden=\"false\"\n   UnhideWhenUsed=\"false\" Name=\"Colorful Shading Accent 3\"\/>\n  <w:LsdException Locked=\"false\" Priority=\"72\" SemiHidden=\"false\"\n   UnhideWhenUsed=\"false\" Name=\"Colorful List Accent 3\"\/>\n  <w:LsdException Locked=\"false\" Priority=\"73\" SemiHidden=\"false\"\n   UnhideWhenUsed=\"false\" Name=\"Colorful Grid Accent 3\"\/>\n  <w:LsdException Locked=\"false\" Priority=\"60\" SemiHidden=\"false\"\n   UnhideWhenUsed=\"false\" Name=\"Light Shading Accent 4\"\/>\n  <w:LsdException Locked=\"false\" Priority=\"61\" SemiHidden=\"false\"\n   UnhideWhenUsed=\"false\" Name=\"Light List Accent 4\"\/>\n  <w:LsdException Locked=\"false\" Priority=\"62\" SemiHidden=\"false\"\n   UnhideWhenUsed=\"false\" Name=\"Light Grid Accent 4\"\/>\n  <w:LsdException Locked=\"false\" Priority=\"63\" SemiHidden=\"false\"\n   UnhideWhenUsed=\"false\" Name=\"Medium Shading 1 Accent 4\"\/>\n  <w:LsdException Locked=\"false\" Priority=\"64\" SemiHidden=\"false\"\n   UnhideWhenUsed=\"false\" Name=\"Medium Shading 2 Accent 4\"\/>\n  <w:LsdException Locked=\"false\" Priority=\"65\" SemiHidden=\"false\"\n   UnhideWhenUsed=\"false\" Name=\"Medium List 1 Accent 4\"\/>\n  <w:LsdException Locked=\"false\" Priority=\"66\" SemiHidden=\"false\"\n   UnhideWhenUsed=\"false\" Name=\"Medium List 2 Accent 4\"\/>\n  <w:LsdException Locked=\"false\" Priority=\"67\" SemiHidden=\"false\"\n   UnhideWhenUsed=\"false\" Name=\"Medium Grid 1 Accent 4\"\/>\n  <w:LsdException Locked=\"false\" Priority=\"68\" SemiHidden=\"false\"\n   UnhideWhenUsed=\"false\" Name=\"Medium Grid 2 Accent 4\"\/>\n  <w:LsdException Locked=\"false\" Priority=\"69\" SemiHidden=\"false\"\n   UnhideWhenUsed=\"false\" Name=\"Medium Grid 3 Accent 4\"\/>\n  <w:LsdException Locked=\"false\" Priority=\"70\" SemiHidden=\"false\"\n   UnhideWhenUsed=\"false\" Name=\"Dark List Accent 4\"\/>\n  <w:LsdException Locked=\"false\" Priority=\"71\" SemiHidden=\"false\"\n   UnhideWhenUsed=\"false\" Name=\"Colorful Shading Accent 4\"\/>\n  <w:LsdException Locked=\"false\" Priority=\"72\" SemiHidden=\"false\"\n   UnhideWhenUsed=\"false\" Name=\"Colorful List Accent 4\"\/>\n  <w:LsdException Locked=\"false\" Priority=\"73\" SemiHidden=\"false\"\n   UnhideWhenUsed=\"false\" Name=\"Colorful Grid Accent 4\"\/>\n  <w:LsdException Locked=\"false\" Priority=\"60\" SemiHidden=\"false\"\n   UnhideWhenUsed=\"false\" Name=\"Light Shading Accent 5\"\/>\n  <w:LsdException Locked=\"false\" Priority=\"61\" SemiHidden=\"false\"\n   UnhideWhenUsed=\"false\" Name=\"Light List Accent 5\"\/>\n  <w:LsdException Locked=\"false\" Priority=\"62\" SemiHidden=\"false\"\n   UnhideWhenUsed=\"false\" Name=\"Light Grid Accent 5\"\/>\n  <w:LsdException Locked=\"false\" Priority=\"63\" SemiHidden=\"false\"\n   UnhideWhenUsed=\"false\" Name=\"Medium Shading 1 Accent 5\"\/>\n  <w:LsdException Locked=\"false\" Priority=\"64\" SemiHidden=\"false\"\n   UnhideWhenUsed=\"false\" Name=\"Medium Shading 2 Accent 5\"\/>\n  <w:LsdException Locked=\"false\" Priority=\"65\" SemiHidden=\"false\"\n   UnhideWhenUsed=\"false\" Name=\"Medium List 1 Accent 5\"\/>\n  <w:LsdException Locked=\"false\" Priority=\"66\" SemiHidden=\"false\"\n   UnhideWhenUsed=\"false\" Name=\"Medium List 2 Accent 5\"\/>\n  <w:LsdException Locked=\"false\" Priority=\"67\" SemiHidden=\"false\"\n   UnhideWhenUsed=\"false\" Name=\"Medium Grid 1 Accent 5\"\/>\n  <w:LsdException Locked=\"false\" Priority=\"68\" SemiHidden=\"false\"\n   UnhideWhenUsed=\"false\" Name=\"Medium Grid 2 Accent 5\"\/>\n  <w:LsdException Locked=\"false\" Priority=\"69\" SemiHidden=\"false\"\n   UnhideWhenUsed=\"false\" Name=\"Medium Grid 3 Accent 5\"\/>\n  <w:LsdException Locked=\"false\" Priority=\"70\" SemiHidden=\"false\"\n   UnhideWhenUsed=\"false\" Name=\"Dark List Accent 5\"\/>\n  <w:LsdException Locked=\"false\" Priority=\"71\" SemiHidden=\"false\"\n   UnhideWhenUsed=\"false\" Name=\"Colorful Shading Accent 5\"\/>\n  <w:LsdException Locked=\"false\" Priority=\"72\" SemiHidden=\"false\"\n   UnhideWhenUsed=\"false\" Name=\"Colorful List Accent 5\"\/>\n  <w:LsdException Locked=\"false\" Priority=\"73\" SemiHidden=\"false\"\n   UnhideWhenUsed=\"false\" Name=\"Colorful Grid Accent 5\"\/>\n  <w:LsdException Locked=\"false\" Priority=\"60\" SemiHidden=\"false\"\n   UnhideWhenUsed=\"false\" Name=\"Light Shading Accent 6\"\/>\n  <w:LsdException Locked=\"false\" Priority=\"61\" SemiHidden=\"false\"\n   UnhideWhenUsed=\"false\" Name=\"Light List Accent 6\"\/>\n  <w:LsdException Locked=\"false\" Priority=\"62\" SemiHidden=\"false\"\n   UnhideWhenUsed=\"false\" Name=\"Light Grid Accent 6\"\/>\n  <w:LsdException Locked=\"false\" Priority=\"63\" SemiHidden=\"false\"\n   UnhideWhenUsed=\"false\" Name=\"Medium Shading 1 Accent 6\"\/>\n  <w:LsdException Locked=\"false\" Priority=\"64\" SemiHidden=\"false\"\n   UnhideWhenUsed=\"false\" Name=\"Medium Shading 2 Accent 6\"\/>\n  <w:LsdException Locked=\"false\" Priority=\"65\" SemiHidden=\"false\"\n   UnhideWhenUsed=\"false\" Name=\"Medium List 1 Accent 6\"\/>\n  <w:LsdException Locked=\"false\" Priority=\"66\" SemiHidden=\"false\"\n   UnhideWhenUsed=\"false\" Name=\"Medium List 2 Accent 6\"\/>\n  <w:LsdException Locked=\"false\" Priority=\"67\" SemiHidden=\"false\"\n   UnhideWhenUsed=\"false\" Name=\"Medium Grid 1 Accent 6\"\/>\n  <w:LsdException Locked=\"false\" Priority=\"68\" SemiHidden=\"false\"\n   UnhideWhenUsed=\"false\" Name=\"Medium Grid 2 Accent 6\"\/>\n  <w:LsdException Locked=\"false\" Priority=\"69\" SemiHidden=\"false\"\n   UnhideWhenUsed=\"false\" Name=\"Medium Grid 3 Accent 6\"\/>\n  <w:LsdException Locked=\"false\" Priority=\"70\" SemiHidden=\"false\"\n   UnhideWhenUsed=\"false\" Name=\"Dark List Accent 6\"\/>\n  <w:LsdException Locked=\"false\" Priority=\"71\" SemiHidden=\"false\"\n   UnhideWhenUsed=\"false\" Name=\"Colorful Shading Accent 6\"\/>\n  <w:LsdException Locked=\"false\" Priority=\"72\" SemiHidden=\"false\"\n   UnhideWhenUsed=\"false\" Name=\"Colorful List Accent 6\"\/>\n  <w:LsdException Locked=\"false\" Priority=\"73\" SemiHidden=\"false\"\n   UnhideWhenUsed=\"false\" Name=\"Colorful Grid Accent 6\"\/>\n  <w:LsdException Locked=\"false\" Priority=\"19\" SemiHidden=\"false\"\n   UnhideWhenUsed=\"false\" QFormat=\"true\" Name=\"Subtle Emphasis\"\/>\n  <w:LsdException Locked=\"false\" Priority=\"21\" SemiHidden=\"false\"\n   UnhideWhenUsed=\"false\" QFormat=\"true\" Name=\"Intense Emphasis\"\/>\n  <w:LsdException Locked=\"false\" Priority=\"31\" SemiHidden=\"false\"\n   UnhideWhenUsed=\"false\" QFormat=\"true\" Name=\"Subtle Reference\"\/>\n  <w:LsdException Locked=\"false\" Priority=\"32\" SemiHidden=\"false\"\n   UnhideWhenUsed=\"false\" QFormat=\"true\" Name=\"Intense Reference\"\/>\n  <w:LsdException Locked=\"false\" Priority=\"33\" SemiHidden=\"false\"\n   UnhideWhenUsed=\"false\" QFormat=\"true\" Name=\"Book Title\"\/>\n  <w:LsdException Locked=\"false\" Priority=\"37\" Name=\"Bibliography\"\/>\n  <w:LsdException Locked=\"false\" Priority=\"39\" QFormat=\"true\" Name=\"TOC Heading\"\/>\n <\/w:LatentStyles>\n<\/xml><![endif]--><!--[if gte mso 10]>\n\n\n<style>\n \/* Style Definitions *\/\n table.MsoNormalTable\n\t{mso-style-name:\"Tableau Normal\";\n\tmso-tstyle-rowband-size:0;\n\tmso-tstyle-colband-size:0;\n\tmso-style-noshow:yes;\n\tmso-style-priority:99;\n\tmso-style-parent:\"\";\n\tmso-padding-alt:0cm 5.4pt 0cm 5.4pt;\n\tmso-para-margin-top:0cm;\n\tmso-para-margin-right:0cm;\n\tmso-para-margin-bottom:10.0pt;\n\tmso-para-margin-left:0cm;\n\tline-height:115%;\n\tmso-pagination:widow-orphan;\n\tfont-size:11.0pt;\n\tfont-family:\"Calibri\",\"sans-serif\";\n\tmso-ascii-font-family:Calibri;\n\tmso-ascii-theme-font:minor-latin;\n\tmso-hansi-font-family:Calibri;\n\tmso-hansi-theme-font:minor-latin;\n\tmso-fareast-language:EN-US;}\n<\/style>\n\n\n<![endif]--><\/p>\n<p class=\"MsoNormal\"><span lang=\"ES-TRAD\" style=\"mso-ansi-language: ES-TRAD;\">El jueves pasado los salones del Senado estuvieron repletos de militantes, de juristas, de dirigentes pol\u00edticos y se habl\u00f3 mucho de seguridad, de exclusi\u00f3n, de reformar el C\u00f3digo Civil, de hacer cumplir las penas, de la justicia.<\/span><\/p>\n<p class=\"MsoNormal\"><span lang=\"ES-TRAD\" style=\"mso-ansi-language: ES-TRAD;\">El viernes, en el sal\u00f3n Arturo Illia, se abord\u00f3 el asunto desde otro lugar, desde otra mirada. \u00bfC\u00f3mo sienten los privados de libertad? \u00bfCon qu\u00e9 palabras dicen lo que les pasa? \u00bfA qui\u00e9n se lo dicen? \u00bfQui\u00e9n los escucha?<\/span><\/p>\n<p class=\"MsoNormal\"><span lang=\"ES-TRAD\" style=\"mso-ansi-language: ES-TRAD;\">\u201cVerso libre\u201d es un libro que recopila textos fraguados entre rejas y que busca despegarse de los lugares comunes. De todos los lugares comunes. Y eso significa romper con los prejuicios, propios y ajenos, significa abrir el coraz\u00f3n y escuchar, para entender. <\/span><\/p>\n<p class=\"MsoNormal\"><span lang=\"ES-TRAD\" style=\"mso-ansi-language: ES-TRAD;\">Inaugur\u00f3 la presentaci\u00f3n L\u00eda M\u00e9ndez, que contin\u00faa desde la Direcci\u00f3n de Relaciones Institucionales del Senado abriendo el Congreso a la sociedad. Dialogando y forjando encuentros entre activistas, asociaciones y colectivos que buscan, cada uno en su lugar, hacer de la Argentina un lugar mejor.<\/span><\/p>\n<p class=\"MsoNormal\"><span lang=\"ES-TRAD\" style=\"mso-ansi-language: ES-TRAD;\">Continu\u00f3 la ceremonia Osvaldo Quiroga, invitado a testimoniar sobre el significado de la cultura en las prisiones y el rol de los medios de comunicaci\u00f3n con respecto a los reclusos. El periodista de la Televisi\u00f3n P\u00fablica advirti\u00f3 sobre la \u201cconstrucci\u00f3n del delincuente\u201d. \u201cAs\u00ed como en otro momento se construy\u00f3 el subversivo o en la Alemania nazi se construy\u00f3 al jud\u00edo, ahora se construye al delincuente, poco menos que una rata que no merece que nos ocupemos de \u00e9l\u201d indic\u00f3 indignado. Y agreg\u00f3 que este libro es una buena oportunidad de abandonar la comodidad de lo pol\u00edticamente correcto y adentrarse en una realidad m\u00e1s profunda y que necesita ser abordada con urgencia.<\/span><\/p>\n<p class=\"MsoNormal\"><span lang=\"ES-TRAD\" style=\"mso-ansi-language: ES-TRAD;\">En el libro, que coordin\u00f3 y edit\u00f3 Mauro Fern\u00e1ndez, hay un intenso art\u00edculo sobre el rol de la escuela en el contexto de encierro a cargo de Alberto Florio. El profesor tambi\u00e9n estuvo durante la presentaci\u00f3n y asegur\u00f3 que las c\u00e1rceles estaban hechas para que los condenados sufran cada minuto y que \u201cno hay nada m\u00e1s contrario a la vida que la c\u00e1rcel\u201d. De all\u00ed la alta valoraci\u00f3n que hizo de la creatividad, el talento y expresi\u00f3n de los j\u00f3venes, y dijo \u201cno saben lo significativo que es, producir algo hermoso en un lugar tan est\u00e9ril\u201d. Se sucedieron los agradecimientos entre l\u00e1grimas que no terminaban de rodar y se permiti\u00f3 al editor, explicar los pormenores del libro.<\/span><\/p>\n<p class=\"MsoNormal\"><span lang=\"ES-TRAD\" style=\"mso-ansi-language: ES-TRAD;\">Cont\u00f3 de la participaci\u00f3n de Gabriel Rol\u00f3n, el aporte de Guillermo Saccomano y de las ilustraciones de Chempes. Explic\u00f3 las dificultades de trabajar en los establecimientos penitenciarios y la necesidad de terminar con el mito de la inseguridad. A su lado estaba sentado Nicol\u00e1s, uno de los j\u00f3venes poetas y Mauro quer\u00eda que su historia fuera protagonista.<\/span><\/p>\n<p class=\"MsoNormal\">[image src=\u00bbhttp:\/\/www.pressenza.com\/wp-content\/uploads\/2014\/05\/lia2.jpg\u00bb width=\u00bb640&#8243; height=\u00bb480&#8243; lightbox=\u00bbyes\u00bb align=\u00bbleft\u00bb]<\/p>\n<p class=\"MsoNormal\"><span lang=\"ES-TRAD\" style=\"mso-ansi-language: ES-TRAD;\">\u201cYo no quer\u00eda estudiar, pero me insistieron tanto que al final les hice caso. Y me cambi\u00f3 la vida\u201d puntualiz\u00f3. A trav\u00e9s de las clases fue descubriendo las palabras y al ir entendiendo c\u00f3mo usarlas, fue pudiendo pensar mejor, seg\u00fan dijo. Eso le permiti\u00f3 escuchar m\u00e1s y hablar mejor, expresarse con mayor claridad. Su pasi\u00f3n por la escritura le trajo la felicidad, pero tambi\u00e9n la crueldad y la intolerancia de los guardias, lo hizo terminar en un hospital psiqui\u00e1trico, donde se pas\u00f3 el tiempo llorando por la vida que se perd\u00eda. \u201cEstaba saliendo a trabajar, ve\u00eda a mi familia y de un d\u00eda para el otro me metieron en el hospital, \u00bfc\u00f3mo no iba a llorar? La psiquiatra se enoj\u00f3 conmigo cuando se lo dije\u201d cont\u00f3. Para luego continuar explicando su situaci\u00f3n actual, donde coordina una murga con 135 ni\u00f1os a su cargo en Lomas de Zamora y el esfuerzo diario que realiza para que los chicos de su barrio comprendan la importancia de estudiar, de formarse, para no pasar por lo que \u00e9l pas\u00f3.<\/span><\/p>\n<p class=\"MsoNormal\"><span lang=\"ES-TRAD\" style=\"mso-ansi-language: ES-TRAD;\">El libro da testimonio el trabajo realizado con dedicaci\u00f3n y amor por el cuerpo de docentes en contexto de encierro, que no pod\u00edan evitar las cr\u00edticas hacia los palos en la rueda que pone el sistema penitenciario para su trabajo y el desarrollo de los chicos. Al igual que la falta de voluntad pol\u00edtica para terminar con este problema.<\/span><\/p>\n<p class=\"MsoNormal\"><span lang=\"ES-TRAD\" style=\"mso-ansi-language: ES-TRAD;\">Entre todos podemos continuar desarmando los estereotipos y aprender lo que tienen para ense\u00f1arnos desde otra condici\u00f3n, desde otra situaci\u00f3n, desde otra inseguridad. Osvaldo Quiroga nos recordaba que \u201cninguno de estos chicos presos le dijo a los 5 a\u00f1os a sus pap\u00e1s que quer\u00eda ser delincuente\u201d.<\/span><\/p>\n<p class=\"MsoNormal\"><span lang=\"ES-TRAD\" style=\"mso-ansi-language: ES-TRAD;\">Verso libre reconforta, Verso libre nos pone nuevamente frente al desaf\u00edo de mirar por encima de la tapia, de no bajar la mirada, de estrechar una mano y de desaparecer soledades. Las almas anestesiadas no se dejar\u00e1n conmover por los sue\u00f1os de libertad, pero en un mundo donde nos quieren adoctrinar que la libertad es la libertad de consumo, defender la libertad de so\u00f1ar es un acto de rebeli\u00f3n imprescindible. Bienaventurados los que porf\u00edan y no bajan los brazos ante el abandono aparente y le siguen poniendo fichas a la educaci\u00f3n y a ocuparse de los que se han ca\u00eddo de este sistema generador de inequidades.<\/span><\/p>\n<p class=\"MsoNormal\">[image src=\u00bbhttp:\/\/www.pressenza.com\/wp-content\/uploads\/2014\/05\/lia3.jpg\u00bb width=\u00bb640&#8243; height=\u00bb480&#8243; lightbox=\u00bbyes\u00bb align=\u00bbleft\u00bb]<\/p>\n","protected":false},"excerpt":{"rendered":"<p>El jueves pasado los salones del Senado estuvieron repletos de militantes, de juristas, de dirigentes pol\u00edticos y se habl\u00f3 mucho de seguridad, de exclusi\u00f3n, de reformar el C\u00f3digo Civil, de hacer cumplir las penas, de la justicia. El viernes, en&hellip;<\/p>\n","protected":false},"author":96,"featured_media":107231,"comment_status":"closed","ping_status":"open","sticky":false,"template":"","format":"standard","meta":{"footnotes":""},"categories":[75,79,1230,67],"tags":[26,5649,696,393,970,10474,623],"class_list":["post-107229","post","type-post","status-publish","format-standard","has-post-thumbnail","hentry","category-cultura-es","category-derechos-humanos","category-educacion-tema","category-sudamerica","tag-argentina","tag-carceles","tag-democracia","tag-educacion","tag-poesia","tag-servicio-penitenciario","tag-violencia"],"yoast_head":"<!-- This site is optimized with the Yoast SEO plugin v27.1.1 - https:\/\/yoast.com\/product\/yoast-seo-wordpress\/ -->\n<title>Verso libre en el Senado de la Naci\u00f3n<\/title>\n<meta name=\"description\" content=\"Normal 0 21 false false false FR X-NONE X-NONE El jueves pasado los salones del Senado estuvieron repletos de militantes, de juristas, de dirigentes\" \/>\n<meta name=\"robots\" content=\"index, follow, max-snippet:-1, max-image-preview:large, max-video-preview:-1\" \/>\n<link rel=\"canonical\" href=\"https:\/\/www.pressenza.com\/es\/2014\/05\/verso-libre-en-el-senado-nacion\/\" \/>\n<meta property=\"og:locale\" content=\"es_ES\" \/>\n<meta property=\"og:type\" content=\"article\" \/>\n<meta property=\"og:title\" content=\"Verso libre en el Senado de la Naci\u00f3n\" \/>\n<meta property=\"og:description\" content=\"Normal 0 21 false false false FR X-NONE X-NONE El jueves pasado los salones del Senado estuvieron repletos de militantes, de juristas, de dirigentes\" \/>\n<meta property=\"og:url\" content=\"https:\/\/www.pressenza.com\/es\/2014\/05\/verso-libre-en-el-senado-nacion\/\" \/>\n<meta property=\"og:site_name\" content=\"Pressenza\" \/>\n<meta property=\"article:publisher\" content=\"https:\/\/www.facebook.com\/PressenzaItalia\" \/>\n<meta property=\"article:author\" content=\"https:\/\/www.facebook.com\/mariano.quiroga.779\" \/>\n<meta property=\"article:published_time\" content=\"2014-05-13T20:45:02+00:00\" \/>\n<meta property=\"og:image\" content=\"https:\/\/www.pressenza.com\/wp-content\/uploads\/2014\/05\/lia1.jpg\" \/>\n\t<meta property=\"og:image:width\" content=\"960\" \/>\n\t<meta property=\"og:image:height\" content=\"539\" \/>\n\t<meta property=\"og:image:type\" content=\"image\/jpeg\" \/>\n<meta name=\"author\" content=\"Mariano Quiroga\" \/>\n<meta name=\"twitter:card\" content=\"summary_large_image\" \/>\n<meta name=\"twitter:creator\" content=\"@MaruchoQuiroga\" \/>\n<meta name=\"twitter:site\" content=\"@PressenzaIPA\" \/>\n<meta name=\"twitter:label1\" content=\"Escrito por\" \/>\n\t<meta name=\"twitter:data1\" content=\"Mariano Quiroga\" \/>\n\t<meta name=\"twitter:label2\" content=\"Tiempo de lectura\" \/>\n\t<meta name=\"twitter:data2\" content=\"5 minutos\" \/>\n<script type=\"application\/ld+json\" class=\"yoast-schema-graph\">{\"@context\":\"https:\/\/schema.org\",\"@graph\":[{\"@type\":\"Article\",\"@id\":\"https:\/\/www.pressenza.com\/es\/2014\/05\/verso-libre-en-el-senado-nacion\/#article\",\"isPartOf\":{\"@id\":\"https:\/\/www.pressenza.com\/es\/2014\/05\/verso-libre-en-el-senado-nacion\/\"},\"author\":{\"name\":\"Mariano Quiroga\",\"@id\":\"https:\/\/www.pressenza.com\/es\/#\/schema\/person\/a0856fe41d8234b92503e6b28dc2585e\"},\"headline\":\"Verso libre en el Senado de la Naci\u00f3n\",\"datePublished\":\"2014-05-13T20:45:02+00:00\",\"mainEntityOfPage\":{\"@id\":\"https:\/\/www.pressenza.com\/es\/2014\/05\/verso-libre-en-el-senado-nacion\/\"},\"wordCount\":941,\"publisher\":{\"@id\":\"https:\/\/www.pressenza.com\/es\/#organization\"},\"image\":{\"@id\":\"https:\/\/www.pressenza.com\/es\/2014\/05\/verso-libre-en-el-senado-nacion\/#primaryimage\"},\"thumbnailUrl\":\"https:\/\/www.pressenza.com\/wp-content\/uploads\/2014\/05\/lia1.jpg\",\"keywords\":[\"Argentina\",\"C\u00e1rceles\",\"Democracia\",\"Educaci\u00f3n\",\"poes\u00eda\",\"servicio penitenciario\",\"Violencia\"],\"articleSection\":[\"Cultura y Medios\",\"Derechos Humanos\",\"Educaci\u00f3n\",\"Sudam\u00e9rica\"],\"inLanguage\":\"es\"},{\"@type\":\"WebPage\",\"@id\":\"https:\/\/www.pressenza.com\/es\/2014\/05\/verso-libre-en-el-senado-nacion\/\",\"url\":\"https:\/\/www.pressenza.com\/es\/2014\/05\/verso-libre-en-el-senado-nacion\/\",\"name\":\"Verso libre en el Senado de la Naci\u00f3n\",\"isPartOf\":{\"@id\":\"https:\/\/www.pressenza.com\/es\/#website\"},\"primaryImageOfPage\":{\"@id\":\"https:\/\/www.pressenza.com\/es\/2014\/05\/verso-libre-en-el-senado-nacion\/#primaryimage\"},\"image\":{\"@id\":\"https:\/\/www.pressenza.com\/es\/2014\/05\/verso-libre-en-el-senado-nacion\/#primaryimage\"},\"thumbnailUrl\":\"https:\/\/www.pressenza.com\/wp-content\/uploads\/2014\/05\/lia1.jpg\",\"datePublished\":\"2014-05-13T20:45:02+00:00\",\"description\":\"Normal 0 21 false false false FR X-NONE X-NONE El jueves pasado los salones del Senado estuvieron repletos de militantes, de juristas, de dirigentes\",\"breadcrumb\":{\"@id\":\"https:\/\/www.pressenza.com\/es\/2014\/05\/verso-libre-en-el-senado-nacion\/#breadcrumb\"},\"inLanguage\":\"es\",\"potentialAction\":[{\"@type\":\"ReadAction\",\"target\":[\"https:\/\/www.pressenza.com\/es\/2014\/05\/verso-libre-en-el-senado-nacion\/\"]}]},{\"@type\":\"ImageObject\",\"inLanguage\":\"es\",\"@id\":\"https:\/\/www.pressenza.com\/es\/2014\/05\/verso-libre-en-el-senado-nacion\/#primaryimage\",\"url\":\"https:\/\/www.pressenza.com\/wp-content\/uploads\/2014\/05\/lia1.jpg\",\"contentUrl\":\"https:\/\/www.pressenza.com\/wp-content\/uploads\/2014\/05\/lia1.jpg\",\"width\":960,\"height\":539},{\"@type\":\"BreadcrumbList\",\"@id\":\"https:\/\/www.pressenza.com\/es\/2014\/05\/verso-libre-en-el-senado-nacion\/#breadcrumb\",\"itemListElement\":[{\"@type\":\"ListItem\",\"position\":1,\"name\":\"Accueil\",\"item\":\"https:\/\/www.pressenza.com\/es\/\"},{\"@type\":\"ListItem\",\"position\":2,\"name\":\"Verso libre en el Senado de la Naci\u00f3n\"}]},{\"@type\":\"WebSite\",\"@id\":\"https:\/\/www.pressenza.com\/es\/#website\",\"url\":\"https:\/\/www.pressenza.com\/es\/\",\"name\":\"Pressenza\",\"description\":\"International Press Agency\",\"publisher\":{\"@id\":\"https:\/\/www.pressenza.com\/es\/#organization\"},\"potentialAction\":[{\"@type\":\"SearchAction\",\"target\":{\"@type\":\"EntryPoint\",\"urlTemplate\":\"https:\/\/www.pressenza.com\/es\/?s={search_term_string}\"},\"query-input\":{\"@type\":\"PropertyValueSpecification\",\"valueRequired\":true,\"valueName\":\"search_term_string\"}}],\"inLanguage\":\"es\"},{\"@type\":\"Organization\",\"@id\":\"https:\/\/www.pressenza.com\/es\/#organization\",\"name\":\"Pressenza\",\"url\":\"https:\/\/www.pressenza.com\/es\/\",\"logo\":{\"@type\":\"ImageObject\",\"inLanguage\":\"es\",\"@id\":\"https:\/\/www.pressenza.com\/es\/#\/schema\/logo\/image\/\",\"url\":\"https:\/\/www.pressenza.com\/wp-content\/uploads\/2022\/10\/pressenza_logo_200x200.jpg\",\"contentUrl\":\"https:\/\/www.pressenza.com\/wp-content\/uploads\/2022\/10\/pressenza_logo_200x200.jpg\",\"width\":200,\"height\":200,\"caption\":\"Pressenza\"},\"image\":{\"@id\":\"https:\/\/www.pressenza.com\/es\/#\/schema\/logo\/image\/\"},\"sameAs\":[\"https:\/\/www.facebook.com\/PressenzaItalia\",\"https:\/\/x.com\/PressenzaIPA\"]},{\"@type\":\"Person\",\"@id\":\"https:\/\/www.pressenza.com\/es\/#\/schema\/person\/a0856fe41d8234b92503e6b28dc2585e\",\"name\":\"Mariano Quiroga\",\"description\":\"Born in Buenos Aires, Argentina, in 1976, Mariano is a journalist, poet and international editor for Pressenza. His career includes publications in different countries and languages. Currently he is presenter on radio programmes in Ecuador and Argentina. A humanist communicator specialising in international politics, his vocation has led him to seek to build bridges that allow relationships to be made between data, events, people and contexts in order to create an inclusive look that synthesises the noblest searches for social justice and humanisation of the planet.\",\"sameAs\":[\"https:\/\/www.facebook.com\/mariano.quiroga.779\",\"https:\/\/x.com\/MaruchoQuiroga\"],\"url\":\"https:\/\/www.pressenza.com\/es\/author\/mariano-quiroga\/\"}]}<\/script>\n<!-- \/ Yoast SEO plugin. -->","yoast_head_json":{"title":"Verso libre en el Senado de la Naci\u00f3n","description":"Normal 0 21 false false false FR X-NONE X-NONE El jueves pasado los salones del Senado estuvieron repletos de militantes, de juristas, de dirigentes","robots":{"index":"index","follow":"follow","max-snippet":"max-snippet:-1","max-image-preview":"max-image-preview:large","max-video-preview":"max-video-preview:-1"},"canonical":"https:\/\/www.pressenza.com\/es\/2014\/05\/verso-libre-en-el-senado-nacion\/","og_locale":"es_ES","og_type":"article","og_title":"Verso libre en el Senado de la Naci\u00f3n","og_description":"Normal 0 21 false false false FR X-NONE X-NONE El jueves pasado los salones del Senado estuvieron repletos de militantes, de juristas, de dirigentes","og_url":"https:\/\/www.pressenza.com\/es\/2014\/05\/verso-libre-en-el-senado-nacion\/","og_site_name":"Pressenza","article_publisher":"https:\/\/www.facebook.com\/PressenzaItalia","article_author":"https:\/\/www.facebook.com\/mariano.quiroga.779","article_published_time":"2014-05-13T20:45:02+00:00","og_image":[{"width":960,"height":539,"url":"https:\/\/www.pressenza.com\/wp-content\/uploads\/2014\/05\/lia1.jpg","type":"image\/jpeg"}],"author":"Mariano Quiroga","twitter_card":"summary_large_image","twitter_creator":"@MaruchoQuiroga","twitter_site":"@PressenzaIPA","twitter_misc":{"Escrito por":"Mariano Quiroga","Tiempo de lectura":"5 minutos"},"schema":{"@context":"https:\/\/schema.org","@graph":[{"@type":"Article","@id":"https:\/\/www.pressenza.com\/es\/2014\/05\/verso-libre-en-el-senado-nacion\/#article","isPartOf":{"@id":"https:\/\/www.pressenza.com\/es\/2014\/05\/verso-libre-en-el-senado-nacion\/"},"author":{"name":"Mariano Quiroga","@id":"https:\/\/www.pressenza.com\/es\/#\/schema\/person\/a0856fe41d8234b92503e6b28dc2585e"},"headline":"Verso libre en el Senado de la Naci\u00f3n","datePublished":"2014-05-13T20:45:02+00:00","mainEntityOfPage":{"@id":"https:\/\/www.pressenza.com\/es\/2014\/05\/verso-libre-en-el-senado-nacion\/"},"wordCount":941,"publisher":{"@id":"https:\/\/www.pressenza.com\/es\/#organization"},"image":{"@id":"https:\/\/www.pressenza.com\/es\/2014\/05\/verso-libre-en-el-senado-nacion\/#primaryimage"},"thumbnailUrl":"https:\/\/www.pressenza.com\/wp-content\/uploads\/2014\/05\/lia1.jpg","keywords":["Argentina","C\u00e1rceles","Democracia","Educaci\u00f3n","poes\u00eda","servicio penitenciario","Violencia"],"articleSection":["Cultura y Medios","Derechos Humanos","Educaci\u00f3n","Sudam\u00e9rica"],"inLanguage":"es"},{"@type":"WebPage","@id":"https:\/\/www.pressenza.com\/es\/2014\/05\/verso-libre-en-el-senado-nacion\/","url":"https:\/\/www.pressenza.com\/es\/2014\/05\/verso-libre-en-el-senado-nacion\/","name":"Verso libre en el Senado de la Naci\u00f3n","isPartOf":{"@id":"https:\/\/www.pressenza.com\/es\/#website"},"primaryImageOfPage":{"@id":"https:\/\/www.pressenza.com\/es\/2014\/05\/verso-libre-en-el-senado-nacion\/#primaryimage"},"image":{"@id":"https:\/\/www.pressenza.com\/es\/2014\/05\/verso-libre-en-el-senado-nacion\/#primaryimage"},"thumbnailUrl":"https:\/\/www.pressenza.com\/wp-content\/uploads\/2014\/05\/lia1.jpg","datePublished":"2014-05-13T20:45:02+00:00","description":"Normal 0 21 false false false FR X-NONE X-NONE El jueves pasado los salones del Senado estuvieron repletos de militantes, de juristas, de dirigentes","breadcrumb":{"@id":"https:\/\/www.pressenza.com\/es\/2014\/05\/verso-libre-en-el-senado-nacion\/#breadcrumb"},"inLanguage":"es","potentialAction":[{"@type":"ReadAction","target":["https:\/\/www.pressenza.com\/es\/2014\/05\/verso-libre-en-el-senado-nacion\/"]}]},{"@type":"ImageObject","inLanguage":"es","@id":"https:\/\/www.pressenza.com\/es\/2014\/05\/verso-libre-en-el-senado-nacion\/#primaryimage","url":"https:\/\/www.pressenza.com\/wp-content\/uploads\/2014\/05\/lia1.jpg","contentUrl":"https:\/\/www.pressenza.com\/wp-content\/uploads\/2014\/05\/lia1.jpg","width":960,"height":539},{"@type":"BreadcrumbList","@id":"https:\/\/www.pressenza.com\/es\/2014\/05\/verso-libre-en-el-senado-nacion\/#breadcrumb","itemListElement":[{"@type":"ListItem","position":1,"name":"Accueil","item":"https:\/\/www.pressenza.com\/es\/"},{"@type":"ListItem","position":2,"name":"Verso libre en el Senado de la Naci\u00f3n"}]},{"@type":"WebSite","@id":"https:\/\/www.pressenza.com\/es\/#website","url":"https:\/\/www.pressenza.com\/es\/","name":"Pressenza","description":"International Press Agency","publisher":{"@id":"https:\/\/www.pressenza.com\/es\/#organization"},"potentialAction":[{"@type":"SearchAction","target":{"@type":"EntryPoint","urlTemplate":"https:\/\/www.pressenza.com\/es\/?s={search_term_string}"},"query-input":{"@type":"PropertyValueSpecification","valueRequired":true,"valueName":"search_term_string"}}],"inLanguage":"es"},{"@type":"Organization","@id":"https:\/\/www.pressenza.com\/es\/#organization","name":"Pressenza","url":"https:\/\/www.pressenza.com\/es\/","logo":{"@type":"ImageObject","inLanguage":"es","@id":"https:\/\/www.pressenza.com\/es\/#\/schema\/logo\/image\/","url":"https:\/\/www.pressenza.com\/wp-content\/uploads\/2022\/10\/pressenza_logo_200x200.jpg","contentUrl":"https:\/\/www.pressenza.com\/wp-content\/uploads\/2022\/10\/pressenza_logo_200x200.jpg","width":200,"height":200,"caption":"Pressenza"},"image":{"@id":"https:\/\/www.pressenza.com\/es\/#\/schema\/logo\/image\/"},"sameAs":["https:\/\/www.facebook.com\/PressenzaItalia","https:\/\/x.com\/PressenzaIPA"]},{"@type":"Person","@id":"https:\/\/www.pressenza.com\/es\/#\/schema\/person\/a0856fe41d8234b92503e6b28dc2585e","name":"Mariano Quiroga","description":"Born in Buenos Aires, Argentina, in 1976, Mariano is a journalist, poet and international editor for Pressenza. His career includes publications in different countries and languages. Currently he is presenter on radio programmes in Ecuador and Argentina. A humanist communicator specialising in international politics, his vocation has led him to seek to build bridges that allow relationships to be made between data, events, people and contexts in order to create an inclusive look that synthesises the noblest searches for social justice and humanisation of the planet.","sameAs":["https:\/\/www.facebook.com\/mariano.quiroga.779","https:\/\/x.com\/MaruchoQuiroga"],"url":"https:\/\/www.pressenza.com\/es\/author\/mariano-quiroga\/"}]}},"place":"Buenos Aires","original_article_url":"","_links":{"self":[{"href":"https:\/\/www.pressenza.com\/es\/wp-json\/wp\/v2\/posts\/107229","targetHints":{"allow":["GET"]}}],"collection":[{"href":"https:\/\/www.pressenza.com\/es\/wp-json\/wp\/v2\/posts"}],"about":[{"href":"https:\/\/www.pressenza.com\/es\/wp-json\/wp\/v2\/types\/post"}],"author":[{"embeddable":true,"href":"https:\/\/www.pressenza.com\/es\/wp-json\/wp\/v2\/users\/96"}],"replies":[{"embeddable":true,"href":"https:\/\/www.pressenza.com\/es\/wp-json\/wp\/v2\/comments?post=107229"}],"version-history":[{"count":0,"href":"https:\/\/www.pressenza.com\/es\/wp-json\/wp\/v2\/posts\/107229\/revisions"}],"wp:featuredmedia":[{"embeddable":true,"href":"https:\/\/www.pressenza.com\/es\/wp-json\/wp\/v2\/media\/107231"}],"wp:attachment":[{"href":"https:\/\/www.pressenza.com\/es\/wp-json\/wp\/v2\/media?parent=107229"}],"wp:term":[{"taxonomy":"category","embeddable":true,"href":"https:\/\/www.pressenza.com\/es\/wp-json\/wp\/v2\/categories?post=107229"},{"taxonomy":"post_tag","embeddable":true,"href":"https:\/\/www.pressenza.com\/es\/wp-json\/wp\/v2\/tags?post=107229"}],"curies":[{"name":"wp","href":"https:\/\/api.w.org\/{rel}","templated":true}]}}