{"id":1068965,"date":"2020-03-31T17:19:56","date_gmt":"2020-03-31T16:19:56","guid":{"rendered":"https:\/\/www.pressenza.com\/?p=1068965"},"modified":"2020-04-04T23:34:46","modified_gmt":"2020-04-04T22:34:46","slug":"como-tomarse-el-aislamiento-con-filosofia","status":"publish","type":"post","link":"https:\/\/www.pressenza.com\/es\/2020\/03\/como-tomarse-el-aislamiento-con-filosofia\/","title":{"rendered":"C\u00f3mo tomarse el aislamiento con Filosof\u00eda"},"content":{"rendered":"<p><a href=\"https:\/\/theconversation.com\/profiles\/antonio-fernandez-vicente-531274\">Por Antonio Fern\u00e1ndez Vicente<\/a>, <em><a href=\"https:\/\/theconversation.com\/institutions\/universidad-de-castilla-la-mancha-3661\">Universidad de Castilla-La Mancha<\/a><\/em><\/p>\n<p>El escritor Jorge Luis Borges nos dec\u00eda que <em>\u201ctoda casa es un candelabro donde las vidas de los hombres arden como velas aisladas\u201d<\/em>. El aislamiento domiciliario podr\u00eda ser un motivo m\u00e1s de aburrimiento y tedio. Pero tambi\u00e9n una oportunidad para que, alejados de las preocupaciones habituales, nos miremos al espejo.<\/p>\n<figure class=\"align-right zoomable\"><figcaption><\/figcaption><\/figure>\n<div id=\"attachment_1068924\" class=\"wp-caption alignleft\"><img loading=\"lazy\" decoding=\"async\" aria-describedby=\"caption-attachment-1068924\" class=\" wp-image-1068924\" src=\"https:\/\/www.pressenza.com\/wp-content\/uploads\/2020\/03\/Elisabeth-Vig\u00e9e-Le-Brun-1787.-Jeanne-Julie-Louise-Le-Brun-mir\u00e1ndose-en-un-espejo.-720x881.jpg\" alt=\"\" width=\"241\" height=\"294\" srcset=\"https:\/\/www.pressenza.com\/wp-content\/uploads\/2020\/03\/Elisabeth-Vig\u00e9e-Le-Brun-1787.-Jeanne-Julie-Louise-Le-Brun-mir\u00e1ndose-en-un-espejo.-720x881.jpg 720w, https:\/\/www.pressenza.com\/wp-content\/uploads\/2020\/03\/Elisabeth-Vig\u00e9e-Le-Brun-1787.-Jeanne-Julie-Louise-Le-Brun-mir\u00e1ndose-en-un-espejo.-245x300.jpg 245w, https:\/\/www.pressenza.com\/wp-content\/uploads\/2020\/03\/Elisabeth-Vig\u00e9e-Le-Brun-1787.-Jeanne-Julie-Louise-Le-Brun-mir\u00e1ndose-en-un-espejo..jpg 754w\" sizes=\"auto, (max-width: 241px) 100vw, 241px\" \/><p id=\"caption-attachment-1068924\" class=\"wp-caption-text\">Elisabeth Vig\u00e9e-Le Brun (1787).<br \/>Jeanne Julie Louise Le Brun mir\u00e1ndose en un espejo.<\/p><\/div>\n<p>Vernos reflejados nos permite reflexionar. Nos distanciamos del ambiente familiar en el que vivimos. Es como haber parado en seco. En estos momentos de excepci\u00f3n es m\u00e1s f\u00e1cil apreciar con nitidez los detalles inadvertidos de nuestras vidas cotidianas.<\/p>\n<p>Todo aquello que somos o que creemos ser, o lo que nos gustar\u00eda llegar a ser, se ve reflejado en el espejo cuando uno sabe mirar con atenci\u00f3n. Ver\u00e1 usted lo desapercibido.<\/p>\n<p>En este periodo de retiro obligado y desasosiego, tal vez haya ocasi\u00f3n para unas cuantas reflexiones especulares:<\/p>\n<h2><\/h2>\n<h2><\/h2>\n<h2>1. Pensar en soledad<\/h2>\n<p>Aproveche para alejarse de las multitudes no s\u00f3lo f\u00edsica, sino mentalmente. Preg\u00fantese si prioriza bien su tiempo; si dedica usted el necesario a lo que en realidad ama o, al contrario, a ocupaciones bald\u00edas.<\/p>\n<p>Imagine otras vidas posibles para s\u00ed mismo y para los dem\u00e1s. Pensar es ser ut\u00f3pico en el mejor de los sentidos. Y pensar tambi\u00e9n es decir que no, por mucho que disentir y salirse del redil moleste a quienes no entienden de diversidad y diferencias.<\/p>\n<p>Preg\u00fantese si su ritmo de vida es tranquilo o infernal y apresurado. \u00bfSe siente usted libre en su vida cotidiana? \u00bfSe limita a seguir la inercia de los caminos ya trillados?<\/p>\n<blockquote><p><em>\u201cLibertad no conozco sino la libertad de estar preso en alguien<\/em><\/p>\n<p><em>Cuyo nombre no puedo o\u00edr sin escalofr\u00edo;<\/em><\/p>\n<p><em>Alguien por quien me olvido de esta existencia mezquina,<\/em><\/p>\n<p><em>Por quien el d\u00eda y la noche son para m\u00ed lo que quiera.\u201d<\/em><\/p>\n<p><strong>Luis Cernuda, <em>Si el hombre pudiera decir<\/em><\/strong><\/p><\/blockquote>\n<div id=\"attachment_1068927\" class=\"wp-caption alignleft\"><img loading=\"lazy\" decoding=\"async\" aria-describedby=\"caption-attachment-1068927\" class=\"wp-image-1068927\" src=\"https:\/\/www.pressenza.com\/wp-content\/uploads\/2020\/03\/Busto-de-S\u00e9neca-por-Finizio.-Museo-Arqueol\u00f3gico-de-N\u00e1poles-720x722.jpg\" alt=\"\" width=\"240\" height=\"241\" srcset=\"https:\/\/www.pressenza.com\/wp-content\/uploads\/2020\/03\/Busto-de-S\u00e9neca-por-Finizio.-Museo-Arqueol\u00f3gico-de-N\u00e1poles-720x722.jpg 720w, https:\/\/www.pressenza.com\/wp-content\/uploads\/2020\/03\/Busto-de-S\u00e9neca-por-Finizio.-Museo-Arqueol\u00f3gico-de-N\u00e1poles-150x150.jpg 150w, https:\/\/www.pressenza.com\/wp-content\/uploads\/2020\/03\/Busto-de-S\u00e9neca-por-Finizio.-Museo-Arqueol\u00f3gico-de-N\u00e1poles-300x300.jpg 300w, https:\/\/www.pressenza.com\/wp-content\/uploads\/2020\/03\/Busto-de-S\u00e9neca-por-Finizio.-Museo-Arqueol\u00f3gico-de-N\u00e1poles.jpg 754w\" sizes=\"auto, (max-width: 240px) 100vw, 240px\" \/><p id=\"caption-attachment-1068927\" class=\"wp-caption-text\">Busto de S\u00e9neca, por Finizio. Museo Arqueol\u00f3gico de N\u00e1poles. Flikr<\/p><\/div>\n<p>Para esta tarea del pensar y en esa b\u00fasqueda del buen vivir, recurra a la ayuda de grandes escritores, por ejemplo. Ensanche sus horizontes de pensamiento. Lea con detenimiento y en silencio, en una soledad compartida, las ocurrencias de autores m\u00e1s sabios que usted. Sea humilde: nadie se basta a s\u00ed mismo.<\/p>\n<p><em>\u201cEnci\u00e9rrate en ti mismo cuanto puedas; relaci\u00f3nate con los que han de hacerte mejor; admite a aquellos a quienes t\u00fa puedes hacer mejores\u201d. No busque autojustificaciones para esas prisiones cotidianas que dependen de usted. Tampoco se consuele con soluciones f\u00e1ciles y c\u00f3modas. Para vivir mejor a veces hay que sacrificar privilegios: ambicionar menos para vivir m\u00e1s. Escoja bien de qui\u00e9n dejarse aconsejar para ser sincero consigo mismo:<\/em><\/p>\n<blockquote><p><em>S\u00e9neca, Cartas a Lucilio<\/em><\/p><\/blockquote>\n<h2>2. Conversar<\/h2>\n<p>No se puede vivir siempre en soledad. Los dem\u00e1s a veces son el problema, y otras veces la soluci\u00f3n. Normalmente, las relaciones con nuestros cong\u00e9neres suelen ser superficiales y funcionales. Todo lo medimos en n\u00fameros, en balances econ\u00f3micos, en rentabilidad. \u201c\u00bfPara qu\u00e9 me servir\u00e1 esta persona?\u201d<\/p>\n<p>A la crisis invisible de afectos no le damos la suficiente importancia. Quiz\u00e1s este par\u00e9ntesis de pesadilla pueda servir en alg\u00fan caso para recuperar una relaci\u00f3n deteriorada, un amor fosilizado o una amistad carcomida.<\/p>\n<blockquote><p><em>\u201cTe quiero en mi para\u00edso<\/em><\/p>\n<p><em>es decir que en mi pa\u00eds<\/em><\/p>\n<p><em>la gente vive feliz<\/em><\/p>\n<p><em>aunque no tenga permiso<\/em><\/p>\n<p><em>Si te quiero es porque sos<\/em><\/p>\n<p><em>mi amor mi c\u00f3mplice y todo<\/em><\/p>\n<p><em>y en la calle codo a codo<\/em><\/p>\n<p><em>somos mucho m\u00e1s que dos\u201d.<\/em><\/p>\n<p><strong>Mario Benedetti, <em>Te quiero<\/em><\/strong><\/p><\/blockquote>\n<p>No s\u00f3lo en la calle podemos ser m\u00e1s que dos. Tambi\u00e9n en la intimidad del hogar. Pruebe usted a mantener sencillas conversaciones con su entorno m\u00e1s cercano, ahora, cara a cara y en confinamiento.<\/p>\n<div id=\"attachment_1068967\" class=\"wp-caption alignnone\"><img loading=\"lazy\" decoding=\"async\" aria-describedby=\"caption-attachment-1068967\" class=\"wp-image-1068967 size-large\" src=\"https:\/\/www.pressenza.com\/wp-content\/uploads\/2020\/03\/Ni\u00f1a-y-globo-de-coraz\u00f3n-Banksy-720x360.jpg\" alt=\"\" width=\"720\" height=\"360\" srcset=\"https:\/\/www.pressenza.com\/wp-content\/uploads\/2020\/03\/Ni\u00f1a-y-globo-de-coraz\u00f3n-Banksy-720x360.jpg 720w, https:\/\/www.pressenza.com\/wp-content\/uploads\/2020\/03\/Ni\u00f1a-y-globo-de-coraz\u00f3n-Banksy-300x150.jpg 300w, https:\/\/www.pressenza.com\/wp-content\/uploads\/2020\/03\/Ni\u00f1a-y-globo-de-coraz\u00f3n-Banksy.jpg 754w\" sizes=\"auto, (max-width: 720px) 100vw, 720px\" \/><p id=\"caption-attachment-1068967\" class=\"wp-caption-text\">Ni\u00f1a y globo de coraz\u00f3n, Banksy. Wikimedia Commons<\/p><\/div>\n<p>Escuche en profundidad tal y como lee cada una de las s\u00edlabas y palabras de su poema favorito. Escuchar as\u00ed es ya una declaraci\u00f3n de amor, un <em>te quiero<\/em>, un regalo que ofrece con generosidad. Y no espere nada a cambio: una relaci\u00f3n humana no es una transacci\u00f3n econ\u00f3mica, y \u00e9sa es nuestra esperanza.<\/p>\n<p>Esas conversaciones no tienen finalidad alguna, m\u00e1s que la de entrar en relaci\u00f3n y sentirse escuchados. Son el encuentro desinteresado que forjar\u00e1 lazos afectivos, v\u00ednculos emocionales que construir\u00e1n una verdadera comunidad.<br \/>\nHable por hablar y escuche por escuchar.<\/p>\n<h2>3. Proyectar<\/h2>\n<p>Es tiempo de idear proyectos y ponerlos en marcha. No se convierta usted en un proyectil que colisiona con otros, lanzados por una inercia economicista devastadora. O deje de serlo si en ese espejo en el que se refleja ahora le desagrada lo que ve.<\/p>\n<p>\u00bfQu\u00e9 hace usted cuya recompensa sea \u00fanicamente la alegr\u00eda de haberlo hecho bien? En nuestra sociedad en exceso utilitarista, nada se hace porque s\u00ed: se confunde valor y precio.<\/p>\n<p>Cada cual tendr\u00e1 que encontrar sus proyectos. Algunos m\u00e1s sencillos, otros m\u00e1s complejos, unos individuales y otros colectivos, pero siempre desde la tranquilidad de esp\u00edritu.<\/p>\n<div id=\"attachment_1068977\" class=\"wp-caption alignnone\"><img loading=\"lazy\" decoding=\"async\" aria-describedby=\"caption-attachment-1068977\" class=\" wp-image-1068977\" src=\"https:\/\/www.pressenza.com\/wp-content\/uploads\/2020\/03\/M.-C.-Escher-Drawing-Hands-1948-720x623.jpg\" alt=\"\" width=\"635\" height=\"549\" srcset=\"https:\/\/www.pressenza.com\/wp-content\/uploads\/2020\/03\/M.-C.-Escher-Drawing-Hands-1948-720x623.jpg 720w, https:\/\/www.pressenza.com\/wp-content\/uploads\/2020\/03\/M.-C.-Escher-Drawing-Hands-1948-300x259.jpg 300w, https:\/\/www.pressenza.com\/wp-content\/uploads\/2020\/03\/M.-C.-Escher-Drawing-Hands-1948.jpg 754w\" sizes=\"auto, (max-width: 635px) 100vw, 635px\" \/><p id=\"caption-attachment-1068977\" class=\"wp-caption-text\">M. C. Escher, Drawing Hands (1948)<\/p><\/div>\n<p>La vida no deber\u00eda ser un eterno concurso que discrimina entre ganadores y perdedores. Lo importante es el recorrido, el trayecto, no el simple hecho de llegar primero al destino. \u00bfPor qu\u00e9 no proyectar sin esperar \u201cser mejores que otro\u201d?<\/p>\n<div id=\"attachment_1068943\" class=\"wp-caption alignright\"><img loading=\"lazy\" decoding=\"async\" aria-describedby=\"caption-attachment-1068943\" class=\"wp-image-1068943\" src=\"https:\/\/www.pressenza.com\/wp-content\/uploads\/2020\/03\/La-poeta-argentina-Alejandra-Pizarnik.-720x659.jpg\" alt=\"\" width=\"243\" height=\"222\" \/><p id=\"caption-attachment-1068943\" class=\"wp-caption-text\">La poeta argentina Alejandra Pizarnik.<\/p><\/div>\n<p>Aprenda a escuchar en un mundo repleto de gente que habla para no verle. Aprenda a mirar con ojos que eran \u201ctrozos de infinito\u201d para la poeta Alejandra Pizarnik. Ame la belleza que brilla en medio del caos, por encima de lo vulgar y lo fr\u00edvolo.<\/p>\n<p>Intente responder a la pregunta socr\u00e1tica \u201c\u00bfC\u00f3mo deber\u00edamos vivir?\u201d. Quiz\u00e1s Antonio Vega respondi\u00f3 a esta cuesti\u00f3n mejor que nadie. Deber\u00edamos habitar esos hogares <em>\u201cdonde nos llev\u00f3 la imaginaci\u00f3n, donde con los ojos cerrados se divisan infinitos campos\u201d.<\/em><\/p>\n<p>&nbsp;<\/p>\n<p>&nbsp;<\/p>\n<figure><iframe loading=\"lazy\" src=\"https:\/\/www.youtube.com\/embed\/KgjfPcjWkyg?wmode=transparent&amp;start=0\" width=\"440\" height=\"260\" frameborder=\"0\" allowfullscreen=\"allowfullscreen\" data-mce-fragment=\"1\"><\/iframe><figcaption><span class=\"caption\">Antonio Vega, \u201cEl sitio de mi recreo\u201d<\/span><\/figcaption><\/figure>\n<p>Usted puede viajar a esos lugares de ensue\u00f1o sin salir de casa. S\u00f3lo hay que mirarse al espejo e imaginar.<!-- Below is The Conversation's page counter tag. Please DO NOT REMOVE. --><img loading=\"lazy\" decoding=\"async\" style=\"border: none !important; box-shadow: none !important; margin: 0 !important; max-height: 1px !important; max-width: 1px !important; min-height: 1px !important; min-width: 1px !important; opacity: 0 !important; outline: none !important; padding: 0 !important; text-shadow: none !important;\" src=\"https:\/\/counter.theconversation.com\/content\/133746\/count.gif?distributor=republish-lightbox-basic\" alt=\"The Conversation\" width=\"1\" height=\"1\" \/><!-- Fin del c\u00f3digo. Si no ve ning\u00fan c\u00f3digo arriba, por favor, obtenga el nuevo c\u00f3digo de la pesta\u00f1a Avanzado despu\u00e9s de hacer clic en el bot\u00f3n de republicar. El contador de p\u00e1ginas no recoge ning\u00fan dato personal. M\u00e1s informaci\u00f3n: http:\/\/theconversation.com\/es\/republishing-guidelines --><\/p>\n<p><a href=\"https:\/\/theconversation.com\/profiles\/antonio-fernandez-vicente-531274\">Antonio Fern\u00e1ndez Vicente<\/a>, Profesor de teor\u00eda de la comunicaci\u00f3n, <em><a href=\"https:\/\/theconversation.com\/institutions\/universidad-de-castilla-la-mancha-3661\">Universidad de Castilla-La Mancha<\/a><\/em><\/p>\n<p>Este art\u00edculo fue publicado originalmente en <a href=\"https:\/\/theconversation.com\">The Conversation<\/a>. Lea el <a href=\"https:\/\/theconversation.com\/como-tomarse-el-aislamiento-con-filosofia-133746\">original<\/a>.<\/p>\n","protected":false},"excerpt":{"rendered":"<p>Por Antonio Fern\u00e1ndez Vicente, Universidad de Castilla-La Mancha El escritor Jorge Luis Borges nos dec\u00eda que \u201ctoda casa es un candelabro donde las vidas de los hombres arden como velas aisladas\u201d. El aislamiento domiciliario podr\u00eda ser un motivo m\u00e1s de&hellip;<\/p>\n","protected":false},"author":1053,"featured_media":1068914,"comment_status":"closed","ping_status":"closed","sticky":false,"template":"","format":"standard","meta":{"footnotes":""},"categories":[1240,20607],"tags":[53803,70071,72131,1319,970],"class_list":["post-1068965","post","type-post","status-publish","format-standard","has-post-thumbnail","hentry","category-humanismo-espiritualidad","category-sin-categorizar","tag-confinamiento","tag-coronavirus-es","tag-covid-19-es","tag-filosofia","tag-poesia"],"yoast_head":"<!-- This site is optimized with the Yoast SEO plugin v27.1.1 - https:\/\/yoast.com\/product\/yoast-seo-wordpress\/ -->\n<title>C\u00f3mo tomarse el aislamiento con Filosof\u00eda<\/title>\n<meta name=\"description\" content=\"Por Antonio Fern\u00e1ndez Vicente, Universidad de Castilla-La Mancha El escritor Jorge Luis Borges nos dec\u00eda que \u201ctoda casa es un candelabro donde las vidas\" \/>\n<meta name=\"robots\" content=\"index, follow, max-snippet:-1, max-image-preview:large, max-video-preview:-1\" \/>\n<link rel=\"canonical\" href=\"https:\/\/www.pressenza.com\/es\/2020\/03\/como-tomarse-el-aislamiento-con-filosofia\/\" \/>\n<meta property=\"og:locale\" content=\"es_ES\" \/>\n<meta property=\"og:type\" content=\"article\" \/>\n<meta property=\"og:title\" content=\"C\u00f3mo tomarse el aislamiento con Filosof\u00eda\" \/>\n<meta property=\"og:description\" content=\"Por Antonio Fern\u00e1ndez Vicente, Universidad de Castilla-La Mancha El escritor Jorge Luis Borges nos dec\u00eda que \u201ctoda casa es un candelabro donde las vidas\" \/>\n<meta property=\"og:url\" content=\"https:\/\/www.pressenza.com\/es\/2020\/03\/como-tomarse-el-aislamiento-con-filosofia\/\" \/>\n<meta property=\"og:site_name\" content=\"Pressenza\" \/>\n<meta property=\"article:publisher\" content=\"https:\/\/www.facebook.com\/PressenzaItalia\" \/>\n<meta property=\"article:published_time\" content=\"2020-03-31T16:19:56+00:00\" \/>\n<meta property=\"article:modified_time\" content=\"2020-04-04T22:34:46+00:00\" \/>\n<meta property=\"og:image\" content=\"https:\/\/www.pressenza.com\/wp-content\/uploads\/2020\/03\/Mujer-con-gato-Balthus-1949..jpg\" \/>\n\t<meta property=\"og:image:width\" content=\"754\" \/>\n\t<meta property=\"og:image:height\" content=\"885\" \/>\n\t<meta property=\"og:image:type\" content=\"image\/jpeg\" \/>\n<meta name=\"author\" content=\"Redacci\u00f3n Colombia\" \/>\n<meta name=\"twitter:card\" content=\"summary_large_image\" \/>\n<meta name=\"twitter:creator\" content=\"@PressenzaIPA\" \/>\n<meta name=\"twitter:site\" content=\"@PressenzaIPA\" \/>\n<meta name=\"twitter:label1\" content=\"Escrito por\" \/>\n\t<meta name=\"twitter:data1\" content=\"Redacci\u00f3n Colombia\" \/>\n\t<meta name=\"twitter:label2\" content=\"Tiempo de lectura\" \/>\n\t<meta name=\"twitter:data2\" content=\"6 minutos\" \/>\n<script type=\"application\/ld+json\" class=\"yoast-schema-graph\">{\"@context\":\"https:\/\/schema.org\",\"@graph\":[{\"@type\":\"Article\",\"@id\":\"https:\/\/www.pressenza.com\/es\/2020\/03\/como-tomarse-el-aislamiento-con-filosofia\/#article\",\"isPartOf\":{\"@id\":\"https:\/\/www.pressenza.com\/es\/2020\/03\/como-tomarse-el-aislamiento-con-filosofia\/\"},\"author\":{\"name\":\"Redacci\u00f3n Colombia\",\"@id\":\"https:\/\/www.pressenza.com\/es\/#\/schema\/person\/7c8ee170a4502d638436c91e385315f2\"},\"headline\":\"C\u00f3mo tomarse el aislamiento con Filosof\u00eda\",\"datePublished\":\"2020-03-31T16:19:56+00:00\",\"dateModified\":\"2020-04-04T22:34:46+00:00\",\"mainEntityOfPage\":{\"@id\":\"https:\/\/www.pressenza.com\/es\/2020\/03\/como-tomarse-el-aislamiento-con-filosofia\/\"},\"wordCount\":1124,\"publisher\":{\"@id\":\"https:\/\/www.pressenza.com\/es\/#organization\"},\"image\":{\"@id\":\"https:\/\/www.pressenza.com\/es\/2020\/03\/como-tomarse-el-aislamiento-con-filosofia\/#primaryimage\"},\"thumbnailUrl\":\"https:\/\/www.pressenza.com\/wp-content\/uploads\/2020\/03\/Mujer-con-gato-Balthus-1949..jpg\",\"keywords\":[\"confinamiento\",\"coronav\u00edrus\",\"COVID-19\",\"filosof\u00eda\",\"poes\u00eda\"],\"articleSection\":[\"Humanismo y Espiritualidad\",\"Sin categorizar\"],\"inLanguage\":\"es\"},{\"@type\":\"WebPage\",\"@id\":\"https:\/\/www.pressenza.com\/es\/2020\/03\/como-tomarse-el-aislamiento-con-filosofia\/\",\"url\":\"https:\/\/www.pressenza.com\/es\/2020\/03\/como-tomarse-el-aislamiento-con-filosofia\/\",\"name\":\"C\u00f3mo tomarse el aislamiento con Filosof\u00eda\",\"isPartOf\":{\"@id\":\"https:\/\/www.pressenza.com\/es\/#website\"},\"primaryImageOfPage\":{\"@id\":\"https:\/\/www.pressenza.com\/es\/2020\/03\/como-tomarse-el-aislamiento-con-filosofia\/#primaryimage\"},\"image\":{\"@id\":\"https:\/\/www.pressenza.com\/es\/2020\/03\/como-tomarse-el-aislamiento-con-filosofia\/#primaryimage\"},\"thumbnailUrl\":\"https:\/\/www.pressenza.com\/wp-content\/uploads\/2020\/03\/Mujer-con-gato-Balthus-1949..jpg\",\"datePublished\":\"2020-03-31T16:19:56+00:00\",\"dateModified\":\"2020-04-04T22:34:46+00:00\",\"description\":\"Por Antonio Fern\u00e1ndez Vicente, Universidad de Castilla-La Mancha El escritor Jorge Luis Borges nos dec\u00eda que \u201ctoda casa es un candelabro donde las vidas\",\"breadcrumb\":{\"@id\":\"https:\/\/www.pressenza.com\/es\/2020\/03\/como-tomarse-el-aislamiento-con-filosofia\/#breadcrumb\"},\"inLanguage\":\"es\",\"potentialAction\":[{\"@type\":\"ReadAction\",\"target\":[\"https:\/\/www.pressenza.com\/es\/2020\/03\/como-tomarse-el-aislamiento-con-filosofia\/\"]}]},{\"@type\":\"ImageObject\",\"inLanguage\":\"es\",\"@id\":\"https:\/\/www.pressenza.com\/es\/2020\/03\/como-tomarse-el-aislamiento-con-filosofia\/#primaryimage\",\"url\":\"https:\/\/www.pressenza.com\/wp-content\/uploads\/2020\/03\/Mujer-con-gato-Balthus-1949..jpg\",\"contentUrl\":\"https:\/\/www.pressenza.com\/wp-content\/uploads\/2020\/03\/Mujer-con-gato-Balthus-1949..jpg\",\"width\":754,\"height\":885,\"caption\":\"Mujer con gato (Balthus, 1949). Flikr\"},{\"@type\":\"BreadcrumbList\",\"@id\":\"https:\/\/www.pressenza.com\/es\/2020\/03\/como-tomarse-el-aislamiento-con-filosofia\/#breadcrumb\",\"itemListElement\":[{\"@type\":\"ListItem\",\"position\":1,\"name\":\"Accueil\",\"item\":\"https:\/\/www.pressenza.com\/es\/\"},{\"@type\":\"ListItem\",\"position\":2,\"name\":\"C\u00f3mo tomarse el aislamiento con Filosof\u00eda\"}]},{\"@type\":\"WebSite\",\"@id\":\"https:\/\/www.pressenza.com\/es\/#website\",\"url\":\"https:\/\/www.pressenza.com\/es\/\",\"name\":\"Pressenza\",\"description\":\"International Press Agency\",\"publisher\":{\"@id\":\"https:\/\/www.pressenza.com\/es\/#organization\"},\"potentialAction\":[{\"@type\":\"SearchAction\",\"target\":{\"@type\":\"EntryPoint\",\"urlTemplate\":\"https:\/\/www.pressenza.com\/es\/?s={search_term_string}\"},\"query-input\":{\"@type\":\"PropertyValueSpecification\",\"valueRequired\":true,\"valueName\":\"search_term_string\"}}],\"inLanguage\":\"es\"},{\"@type\":\"Organization\",\"@id\":\"https:\/\/www.pressenza.com\/es\/#organization\",\"name\":\"Pressenza\",\"url\":\"https:\/\/www.pressenza.com\/es\/\",\"logo\":{\"@type\":\"ImageObject\",\"inLanguage\":\"es\",\"@id\":\"https:\/\/www.pressenza.com\/es\/#\/schema\/logo\/image\/\",\"url\":\"https:\/\/www.pressenza.com\/wp-content\/uploads\/2022\/10\/pressenza_logo_200x200.jpg\",\"contentUrl\":\"https:\/\/www.pressenza.com\/wp-content\/uploads\/2022\/10\/pressenza_logo_200x200.jpg\",\"width\":200,\"height\":200,\"caption\":\"Pressenza\"},\"image\":{\"@id\":\"https:\/\/www.pressenza.com\/es\/#\/schema\/logo\/image\/\"},\"sameAs\":[\"https:\/\/www.facebook.com\/PressenzaItalia\",\"https:\/\/x.com\/PressenzaIPA\"]},{\"@type\":\"Person\",\"@id\":\"https:\/\/www.pressenza.com\/es\/#\/schema\/person\/7c8ee170a4502d638436c91e385315f2\",\"name\":\"Redacci\u00f3n Colombia\",\"description\":\"News published by the Pressenza bureau in Colombia\",\"url\":\"https:\/\/www.pressenza.com\/es\/author\/redaccion-colombia\/\"}]}<\/script>\n<!-- \/ Yoast SEO plugin. -->","yoast_head_json":{"title":"C\u00f3mo tomarse el aislamiento con Filosof\u00eda","description":"Por Antonio Fern\u00e1ndez Vicente, Universidad de Castilla-La Mancha El escritor Jorge Luis Borges nos dec\u00eda que \u201ctoda casa es un candelabro donde las vidas","robots":{"index":"index","follow":"follow","max-snippet":"max-snippet:-1","max-image-preview":"max-image-preview:large","max-video-preview":"max-video-preview:-1"},"canonical":"https:\/\/www.pressenza.com\/es\/2020\/03\/como-tomarse-el-aislamiento-con-filosofia\/","og_locale":"es_ES","og_type":"article","og_title":"C\u00f3mo tomarse el aislamiento con Filosof\u00eda","og_description":"Por Antonio Fern\u00e1ndez Vicente, Universidad de Castilla-La Mancha El escritor Jorge Luis Borges nos dec\u00eda que \u201ctoda casa es un candelabro donde las vidas","og_url":"https:\/\/www.pressenza.com\/es\/2020\/03\/como-tomarse-el-aislamiento-con-filosofia\/","og_site_name":"Pressenza","article_publisher":"https:\/\/www.facebook.com\/PressenzaItalia","article_published_time":"2020-03-31T16:19:56+00:00","article_modified_time":"2020-04-04T22:34:46+00:00","og_image":[{"width":754,"height":885,"url":"https:\/\/www.pressenza.com\/wp-content\/uploads\/2020\/03\/Mujer-con-gato-Balthus-1949..jpg","type":"image\/jpeg"}],"author":"Redacci\u00f3n Colombia","twitter_card":"summary_large_image","twitter_creator":"@PressenzaIPA","twitter_site":"@PressenzaIPA","twitter_misc":{"Escrito por":"Redacci\u00f3n Colombia","Tiempo de lectura":"6 minutos"},"schema":{"@context":"https:\/\/schema.org","@graph":[{"@type":"Article","@id":"https:\/\/www.pressenza.com\/es\/2020\/03\/como-tomarse-el-aislamiento-con-filosofia\/#article","isPartOf":{"@id":"https:\/\/www.pressenza.com\/es\/2020\/03\/como-tomarse-el-aislamiento-con-filosofia\/"},"author":{"name":"Redacci\u00f3n Colombia","@id":"https:\/\/www.pressenza.com\/es\/#\/schema\/person\/7c8ee170a4502d638436c91e385315f2"},"headline":"C\u00f3mo tomarse el aislamiento con Filosof\u00eda","datePublished":"2020-03-31T16:19:56+00:00","dateModified":"2020-04-04T22:34:46+00:00","mainEntityOfPage":{"@id":"https:\/\/www.pressenza.com\/es\/2020\/03\/como-tomarse-el-aislamiento-con-filosofia\/"},"wordCount":1124,"publisher":{"@id":"https:\/\/www.pressenza.com\/es\/#organization"},"image":{"@id":"https:\/\/www.pressenza.com\/es\/2020\/03\/como-tomarse-el-aislamiento-con-filosofia\/#primaryimage"},"thumbnailUrl":"https:\/\/www.pressenza.com\/wp-content\/uploads\/2020\/03\/Mujer-con-gato-Balthus-1949..jpg","keywords":["confinamiento","coronav\u00edrus","COVID-19","filosof\u00eda","poes\u00eda"],"articleSection":["Humanismo y Espiritualidad","Sin categorizar"],"inLanguage":"es"},{"@type":"WebPage","@id":"https:\/\/www.pressenza.com\/es\/2020\/03\/como-tomarse-el-aislamiento-con-filosofia\/","url":"https:\/\/www.pressenza.com\/es\/2020\/03\/como-tomarse-el-aislamiento-con-filosofia\/","name":"C\u00f3mo tomarse el aislamiento con Filosof\u00eda","isPartOf":{"@id":"https:\/\/www.pressenza.com\/es\/#website"},"primaryImageOfPage":{"@id":"https:\/\/www.pressenza.com\/es\/2020\/03\/como-tomarse-el-aislamiento-con-filosofia\/#primaryimage"},"image":{"@id":"https:\/\/www.pressenza.com\/es\/2020\/03\/como-tomarse-el-aislamiento-con-filosofia\/#primaryimage"},"thumbnailUrl":"https:\/\/www.pressenza.com\/wp-content\/uploads\/2020\/03\/Mujer-con-gato-Balthus-1949..jpg","datePublished":"2020-03-31T16:19:56+00:00","dateModified":"2020-04-04T22:34:46+00:00","description":"Por Antonio Fern\u00e1ndez Vicente, Universidad de Castilla-La Mancha El escritor Jorge Luis Borges nos dec\u00eda que \u201ctoda casa es un candelabro donde las vidas","breadcrumb":{"@id":"https:\/\/www.pressenza.com\/es\/2020\/03\/como-tomarse-el-aislamiento-con-filosofia\/#breadcrumb"},"inLanguage":"es","potentialAction":[{"@type":"ReadAction","target":["https:\/\/www.pressenza.com\/es\/2020\/03\/como-tomarse-el-aislamiento-con-filosofia\/"]}]},{"@type":"ImageObject","inLanguage":"es","@id":"https:\/\/www.pressenza.com\/es\/2020\/03\/como-tomarse-el-aislamiento-con-filosofia\/#primaryimage","url":"https:\/\/www.pressenza.com\/wp-content\/uploads\/2020\/03\/Mujer-con-gato-Balthus-1949..jpg","contentUrl":"https:\/\/www.pressenza.com\/wp-content\/uploads\/2020\/03\/Mujer-con-gato-Balthus-1949..jpg","width":754,"height":885,"caption":"Mujer con gato (Balthus, 1949). Flikr"},{"@type":"BreadcrumbList","@id":"https:\/\/www.pressenza.com\/es\/2020\/03\/como-tomarse-el-aislamiento-con-filosofia\/#breadcrumb","itemListElement":[{"@type":"ListItem","position":1,"name":"Accueil","item":"https:\/\/www.pressenza.com\/es\/"},{"@type":"ListItem","position":2,"name":"C\u00f3mo tomarse el aislamiento con Filosof\u00eda"}]},{"@type":"WebSite","@id":"https:\/\/www.pressenza.com\/es\/#website","url":"https:\/\/www.pressenza.com\/es\/","name":"Pressenza","description":"International Press Agency","publisher":{"@id":"https:\/\/www.pressenza.com\/es\/#organization"},"potentialAction":[{"@type":"SearchAction","target":{"@type":"EntryPoint","urlTemplate":"https:\/\/www.pressenza.com\/es\/?s={search_term_string}"},"query-input":{"@type":"PropertyValueSpecification","valueRequired":true,"valueName":"search_term_string"}}],"inLanguage":"es"},{"@type":"Organization","@id":"https:\/\/www.pressenza.com\/es\/#organization","name":"Pressenza","url":"https:\/\/www.pressenza.com\/es\/","logo":{"@type":"ImageObject","inLanguage":"es","@id":"https:\/\/www.pressenza.com\/es\/#\/schema\/logo\/image\/","url":"https:\/\/www.pressenza.com\/wp-content\/uploads\/2022\/10\/pressenza_logo_200x200.jpg","contentUrl":"https:\/\/www.pressenza.com\/wp-content\/uploads\/2022\/10\/pressenza_logo_200x200.jpg","width":200,"height":200,"caption":"Pressenza"},"image":{"@id":"https:\/\/www.pressenza.com\/es\/#\/schema\/logo\/image\/"},"sameAs":["https:\/\/www.facebook.com\/PressenzaItalia","https:\/\/x.com\/PressenzaIPA"]},{"@type":"Person","@id":"https:\/\/www.pressenza.com\/es\/#\/schema\/person\/7c8ee170a4502d638436c91e385315f2","name":"Redacci\u00f3n Colombia","description":"News published by the Pressenza bureau in Colombia","url":"https:\/\/www.pressenza.com\/es\/author\/redaccion-colombia\/"}]}},"place":"","original_article_url":"","_links":{"self":[{"href":"https:\/\/www.pressenza.com\/es\/wp-json\/wp\/v2\/posts\/1068965","targetHints":{"allow":["GET"]}}],"collection":[{"href":"https:\/\/www.pressenza.com\/es\/wp-json\/wp\/v2\/posts"}],"about":[{"href":"https:\/\/www.pressenza.com\/es\/wp-json\/wp\/v2\/types\/post"}],"author":[{"embeddable":true,"href":"https:\/\/www.pressenza.com\/es\/wp-json\/wp\/v2\/users\/1053"}],"replies":[{"embeddable":true,"href":"https:\/\/www.pressenza.com\/es\/wp-json\/wp\/v2\/comments?post=1068965"}],"version-history":[{"count":0,"href":"https:\/\/www.pressenza.com\/es\/wp-json\/wp\/v2\/posts\/1068965\/revisions"}],"wp:featuredmedia":[{"embeddable":true,"href":"https:\/\/www.pressenza.com\/es\/wp-json\/wp\/v2\/media\/1068914"}],"wp:attachment":[{"href":"https:\/\/www.pressenza.com\/es\/wp-json\/wp\/v2\/media?parent=1068965"}],"wp:term":[{"taxonomy":"category","embeddable":true,"href":"https:\/\/www.pressenza.com\/es\/wp-json\/wp\/v2\/categories?post=1068965"},{"taxonomy":"post_tag","embeddable":true,"href":"https:\/\/www.pressenza.com\/es\/wp-json\/wp\/v2\/tags?post=1068965"}],"curies":[{"name":"wp","href":"https:\/\/api.w.org\/{rel}","templated":true}]}}