{"id":1068291,"date":"2020-03-30T21:50:30","date_gmt":"2020-03-30T20:50:30","guid":{"rendered":"https:\/\/www.pressenza.com\/?p=1068291"},"modified":"2020-03-30T21:50:30","modified_gmt":"2020-03-30T20:50:30","slug":"pandemia-y-amnesia","status":"publish","type":"post","link":"https:\/\/www.pressenza.com\/es\/2020\/03\/pandemia-y-amnesia\/","title":{"rendered":"Pandemia y Amnesia"},"content":{"rendered":"<p>Es probable que una de las consecuencias positivas de la pandemia del coronavirus sea que perpetuemos el buen h\u00e1bito de lavarnos las manos. Pero ojal\u00e1 con ello no corramos el riesgo de asumir esta costumbre en un sentido b\u00edblico, al estilo de lo que hizo Poncio Pilatos para zafarse de sus responsabilidades pol\u00edticas y sociales. En este sentido, el Alcalde de Santiago ya ha declarado que despu\u00e9s de esta crisis espera que a nadie se le ocurra reeditar el Estallido Social o retornar a la Plaza Baquedano (Plaza de la Dignidad) a manifestar sus protestas. Asimismo, diversas figuras del oficialismo se soban las manos pensando que el virus epid\u00e9mico le permitir\u00e1 a Sebasti\u00e1n Pi\u00f1era completar su gobierno y, de paso, darle una nueva oportunidad a la clase pol\u00edtica de recuperar su imagen que al momento que se nos instal\u00f3 el flagelo pasaba por su peor momento. Esto es, pol\u00edticos de derecha a izquierda sin credibilidad alguna, como con cero posibilidad de ser considerados por el pueblo para integrar la convenci\u00f3n constituyente que nazca del plebiscito prometido.<\/p>\n<p>La ejemplar conducta de los chilenos para encarar la emergencia sanitaria hace pensar a algunos que el Coronavirus puede haber adormecido de nuevo a ese Chile que hab\u00eda despertado y alzado contra las injusticias, los abusos y la vergonzosa inequidad que afectaba a nuestra poblaci\u00f3n. Lo que s\u00ed es cierto es que la posibilidad de contraer el mal asusta mucho m\u00e1s a la poblaci\u00f3n de las golpizas de los carabineros y las leyes represivas que el Gobierno y sus c\u00f3mplices del Parlamento se apuraron a aprobar para hacer frente a la marea de descontento. De all\u00ed que abrigamos la esperanza de que lo ocurrido es simplemente una debida tregua en la lucha que se hab\u00eda iniciado para poner el jaque el sistema neoliberal y sacudirnos de quienes por treinta a\u00f1os prometieron m\u00e1s democracia, justicia social; m\u00e1s soberan\u00eda nacional y mejor distribuci\u00f3n del ingreso.<\/p>\n<p>Muy por el contrario, cuando los chilenos se pongan a reflexionar de nuevo en Chile y su futuro lo que va a dominar de nuevo son una serie de convicciones que vuelvan a agitar social y pol\u00edticamente al pa\u00eds. Desde luego todos tendr\u00e1n que reconocer la importancia del Estado, como la completa incapacidad del mercado para hacer frente a una crisis como la vivida. Especialmente despu\u00e9s de comprobar la cala\u00f1a de la clase patronal mucho m\u00e1s preocupada de conservar sus fuentes de ingresos as\u00ed sea poniendo en riesgo la vida o la salud de sus trabajadores. Apreciar\u00e1, asimismo, la codicia irrefrenable de nuestro sistema financiero (incluido el Banco del \u201cEstado\u201d) al discurrir todo tipo de argucias para seguir lucrando del cr\u00e9dito o reclamar la asistencia del Fisco para hacer frente a la merma de sus utilidades.<\/p>\n<p>Ser\u00e1 tambi\u00e9n evidente despu\u00e9s de esta crisis la inoperancia del sistema de salud del pa\u00eds para hacer frente a una epidemia, as\u00ed como la completa inmoralidad e insensibilidad de las isapres que salieron a especular con los servicios de primera necesidad, cobrando el doble o el triple que la estatal Fonasa por realizar los mismos ex\u00e1menes. Igualando la irresponsabilidad de las cadenas de farmacias y laboratorios que advirtieron en el Coronavirus la posibilidad de volver a coludirse y subir abusivamente los precios de productos tan esenciales como el Paracetamol.<\/p>\n<p>Lo propio se confirmar\u00e1 con el lamentable desempe\u00f1o de las AFP que administran nuestros fondos de pensiones, agigant\u00e1ndose la idea de que estas reservas de los trabajadores deben estar resguardadas tambi\u00e9n por el Estado, como administrados o supervisados por los propios imponentes. A los argumentos de NO+AFP se sumar\u00e1 la constataci\u00f3n palmaria de cu\u00e1nto le ha arrebatado a los trabajadores del pa\u00eds este pu\u00f1ado de entidades para colmo ahora en manos extranjeras.<\/p>\n<p>Caer\u00e1 por su propio peso, adem\u00e1s, lo inmoral que resulta que Chile y tantos otros pa\u00edses sigan gastando ingentes recursos destinados a la Defensa Nacional, para financiar a miles de efectivos ociosos o que pudieran ser \u00fatiles en otras funciones, tanto como adquirir multimillonarias armas para la mera entretenci\u00f3n castrense . Las que caen en desuso r\u00e1pidamente, salvo cuando se usan para bombardear nuestro Palacio der Gobierno, levantar campos de concentraci\u00f3n y\u00a0 tortura, a fin de reprimir a nuestra propia poblaci\u00f3n. El sentido com\u00fan har\u00e1 el c\u00e1lculo de cuantos hospitales, camas, respiradores mec\u00e1nicos podr\u00edan tener las ciudades y pueblos de Chile si se redestinaran a este objeto los absurdos y criminales presupuestos para comprar tanques, aviones de guerra y barcos.<\/p>\n<p>A lo anterior, se sumar\u00e1 la evidencia de que los mejores especialistas y t\u00e9cnicos del pa\u00eds se encuentran en las m\u00e1s prestigiosas universidades y no en las planillas de los operadores pol\u00edticos y los esbirros de las autoridades de turno, como esa c\u00e1fila de economistas que se turnaron durante los treinta a\u00f1os de la posdictadura por los ministerios de Hacienda, Econom\u00eda, Educaci\u00f3n y, en general, por todas las carteras y reparticiones p\u00fablicas, d\u00e1ndole constantes portazos a las demandas populares para concentrar la riqueza en manos de un 0.5 por ciento de la poblaci\u00f3n y cederles nuestras riquezas b\u00e1sicas a los inversionistas extranjeros. Arrodillados como los vimos ante el FMI y otras catedrales del neoliberalismo, o el capitalismo salvaje que, por fin, ya hace agua en todo el mundo.<\/p>\n<p>Pero, por sobre todo, el pa\u00eds comprobar\u00e1 las mentiras del actual gobierno como de sus predecesores. Millones de chilenos concluir\u00e1n que este pa\u00eds es mucho m\u00e1s rico de lo que se dec\u00eda, que las reservas depositadas en el extranjero podr\u00edan ser m\u00e1s que suficientes para financiar la lucha contra las epidemias, los terremotos y otros desastres propios de nuestra geograf\u00eda. Para dotarnos, adem\u00e1s, de establecimientos educacionales gratuitos y modernos, financiar viviendas populares dignas y un sistema cultural que promueva a nuestros talentos art\u00edsticos, suprima los bochornosos impuestos a la lectura y desarrolle una promisoria actividad deportiva y recreacional.<\/p>\n<p>Ya nada justificar\u00e1 los salarios y pensiones de hambre si se distribuyen mejor los recursos aportados por el trabajo y se suprimen los ingresos dispendiosos que se llevan los uniformados, los parlamentarios y los miembros de la casta empresarial y bancaria que en Chile pueden ostentar utilidades muy por encima de las de los pa\u00edses europeos y los Estados Unidos. Pa\u00edses que, por supuesto,\u00a0 les imponen tributos razonables y les impiden o limitan comprar leyes, ejercer el tr\u00e1fico de influencias, sobornar a los legisladores y municipios. Adem\u00e1s de sus consabidas pr\u00e1cticas de cohecho electoral, concentraci\u00f3n informativa e impunidad judicial.<\/p>\n<p>El coronavirus es sin duda una desdicha nacional y universal, pero tambi\u00e9n un magn\u00edfico acicate para que tengamos m\u00e1s democracia, paz y seguridad social. Retomando con m\u00e1s \u00edmpetu, todav\u00eda, los valores del 18 de octubre y proscribiendo la amnesia, como tambi\u00e9n la impunidad.<\/p>\n","protected":false},"excerpt":{"rendered":"<p>Es probable que una de las consecuencias positivas de la pandemia del coronavirus sea que perpetuemos el buen h\u00e1bito de lavarnos las manos. Pero ojal\u00e1 con ello no corramos el riesgo de asumir esta costumbre en un sentido b\u00edblico, al&hellip;<\/p>\n","protected":false},"author":1739,"featured_media":1068302,"comment_status":"closed","ping_status":"closed","sticky":false,"template":"","format":"standard","meta":{"footnotes":""},"categories":[11389,161,74,67],"tags":[72388],"class_list":["post-1068291","post","type-post","status-publish","format-standard","has-post-thumbnail","hentry","category-contenido-original","category-opiniones","category-politica-es","category-sudamerica","tag-emergencia-coronavirus"],"yoast_head":"<!-- This site is optimized with the Yoast SEO plugin v27.1.1 - https:\/\/yoast.com\/product\/yoast-seo-wordpress\/ -->\n<title>Pandemia y Amnesia<\/title>\n<meta name=\"description\" content=\"Pandemia y Amnesia\" \/>\n<meta name=\"robots\" content=\"index, follow, max-snippet:-1, max-image-preview:large, max-video-preview:-1\" \/>\n<link rel=\"canonical\" href=\"https:\/\/www.pressenza.com\/es\/2020\/03\/pandemia-y-amnesia\/\" \/>\n<meta property=\"og:locale\" content=\"es_ES\" \/>\n<meta property=\"og:type\" content=\"article\" \/>\n<meta property=\"og:title\" content=\"Pandemia y Amnesia\" \/>\n<meta property=\"og:description\" content=\"Pandemia y Amnesia\" \/>\n<meta property=\"og:url\" content=\"https:\/\/www.pressenza.com\/es\/2020\/03\/pandemia-y-amnesia\/\" \/>\n<meta property=\"og:site_name\" content=\"Pressenza\" \/>\n<meta property=\"article:publisher\" content=\"https:\/\/www.facebook.com\/PressenzaItalia\" \/>\n<meta property=\"article:published_time\" content=\"2020-03-30T20:50:30+00:00\" \/>\n<meta property=\"og:image\" content=\"https:\/\/www.pressenza.com\/wp-content\/uploads\/2020\/03\/bandera-en-calle.jpg\" \/>\n\t<meta property=\"og:image:width\" content=\"1424\" \/>\n\t<meta property=\"og:image:height\" content=\"949\" \/>\n\t<meta property=\"og:image:type\" content=\"image\/jpeg\" \/>\n<meta name=\"author\" content=\"Juan Pablo C\u00e1rdenas\" \/>\n<meta name=\"twitter:card\" content=\"summary_large_image\" \/>\n<meta name=\"twitter:creator\" content=\"@PressenzaIPA\" \/>\n<meta name=\"twitter:site\" content=\"@PressenzaIPA\" \/>\n<meta name=\"twitter:label1\" content=\"Escrito por\" \/>\n\t<meta name=\"twitter:data1\" content=\"Juan Pablo C\u00e1rdenas\" \/>\n\t<meta name=\"twitter:label2\" content=\"Tiempo de lectura\" \/>\n\t<meta name=\"twitter:data2\" content=\"6 minutos\" \/>\n<script type=\"application\/ld+json\" class=\"yoast-schema-graph\">{\"@context\":\"https:\/\/schema.org\",\"@graph\":[{\"@type\":\"Article\",\"@id\":\"https:\/\/www.pressenza.com\/es\/2020\/03\/pandemia-y-amnesia\/#article\",\"isPartOf\":{\"@id\":\"https:\/\/www.pressenza.com\/es\/2020\/03\/pandemia-y-amnesia\/\"},\"author\":{\"name\":\"Juan Pablo C\u00e1rdenas\",\"@id\":\"https:\/\/www.pressenza.com\/es\/#\/schema\/person\/d72a7c8c014dcbfa2ef9e9976103ea0d\"},\"headline\":\"Pandemia y Amnesia\",\"datePublished\":\"2020-03-30T20:50:30+00:00\",\"mainEntityOfPage\":{\"@id\":\"https:\/\/www.pressenza.com\/es\/2020\/03\/pandemia-y-amnesia\/\"},\"wordCount\":1188,\"publisher\":{\"@id\":\"https:\/\/www.pressenza.com\/es\/#organization\"},\"image\":{\"@id\":\"https:\/\/www.pressenza.com\/es\/2020\/03\/pandemia-y-amnesia\/#primaryimage\"},\"thumbnailUrl\":\"https:\/\/www.pressenza.com\/wp-content\/uploads\/2020\/03\/bandera-en-calle.jpg\",\"keywords\":[\"emergencia coronavirus\"],\"articleSection\":[\"Contenido Original\",\"Opiniones\",\"Pol\u00edtica\",\"Sudam\u00e9rica\"],\"inLanguage\":\"es\"},{\"@type\":\"WebPage\",\"@id\":\"https:\/\/www.pressenza.com\/es\/2020\/03\/pandemia-y-amnesia\/\",\"url\":\"https:\/\/www.pressenza.com\/es\/2020\/03\/pandemia-y-amnesia\/\",\"name\":\"Pandemia y Amnesia\",\"isPartOf\":{\"@id\":\"https:\/\/www.pressenza.com\/es\/#website\"},\"primaryImageOfPage\":{\"@id\":\"https:\/\/www.pressenza.com\/es\/2020\/03\/pandemia-y-amnesia\/#primaryimage\"},\"image\":{\"@id\":\"https:\/\/www.pressenza.com\/es\/2020\/03\/pandemia-y-amnesia\/#primaryimage\"},\"thumbnailUrl\":\"https:\/\/www.pressenza.com\/wp-content\/uploads\/2020\/03\/bandera-en-calle.jpg\",\"datePublished\":\"2020-03-30T20:50:30+00:00\",\"description\":\"Pandemia y Amnesia\",\"breadcrumb\":{\"@id\":\"https:\/\/www.pressenza.com\/es\/2020\/03\/pandemia-y-amnesia\/#breadcrumb\"},\"inLanguage\":\"es\",\"potentialAction\":[{\"@type\":\"ReadAction\",\"target\":[\"https:\/\/www.pressenza.com\/es\/2020\/03\/pandemia-y-amnesia\/\"]}]},{\"@type\":\"ImageObject\",\"inLanguage\":\"es\",\"@id\":\"https:\/\/www.pressenza.com\/es\/2020\/03\/pandemia-y-amnesia\/#primaryimage\",\"url\":\"https:\/\/www.pressenza.com\/wp-content\/uploads\/2020\/03\/bandera-en-calle.jpg\",\"contentUrl\":\"https:\/\/www.pressenza.com\/wp-content\/uploads\/2020\/03\/bandera-en-calle.jpg\",\"width\":1424,\"height\":949},{\"@type\":\"BreadcrumbList\",\"@id\":\"https:\/\/www.pressenza.com\/es\/2020\/03\/pandemia-y-amnesia\/#breadcrumb\",\"itemListElement\":[{\"@type\":\"ListItem\",\"position\":1,\"name\":\"Accueil\",\"item\":\"https:\/\/www.pressenza.com\/es\/\"},{\"@type\":\"ListItem\",\"position\":2,\"name\":\"Pandemia y Amnesia\"}]},{\"@type\":\"WebSite\",\"@id\":\"https:\/\/www.pressenza.com\/es\/#website\",\"url\":\"https:\/\/www.pressenza.com\/es\/\",\"name\":\"Pressenza\",\"description\":\"International Press Agency\",\"publisher\":{\"@id\":\"https:\/\/www.pressenza.com\/es\/#organization\"},\"potentialAction\":[{\"@type\":\"SearchAction\",\"target\":{\"@type\":\"EntryPoint\",\"urlTemplate\":\"https:\/\/www.pressenza.com\/es\/?s={search_term_string}\"},\"query-input\":{\"@type\":\"PropertyValueSpecification\",\"valueRequired\":true,\"valueName\":\"search_term_string\"}}],\"inLanguage\":\"es\"},{\"@type\":\"Organization\",\"@id\":\"https:\/\/www.pressenza.com\/es\/#organization\",\"name\":\"Pressenza\",\"url\":\"https:\/\/www.pressenza.com\/es\/\",\"logo\":{\"@type\":\"ImageObject\",\"inLanguage\":\"es\",\"@id\":\"https:\/\/www.pressenza.com\/es\/#\/schema\/logo\/image\/\",\"url\":\"https:\/\/www.pressenza.com\/wp-content\/uploads\/2022\/10\/pressenza_logo_200x200.jpg\",\"contentUrl\":\"https:\/\/www.pressenza.com\/wp-content\/uploads\/2022\/10\/pressenza_logo_200x200.jpg\",\"width\":200,\"height\":200,\"caption\":\"Pressenza\"},\"image\":{\"@id\":\"https:\/\/www.pressenza.com\/es\/#\/schema\/logo\/image\/\"},\"sameAs\":[\"https:\/\/www.facebook.com\/PressenzaItalia\",\"https:\/\/x.com\/PressenzaIPA\"]},{\"@type\":\"Person\",\"@id\":\"https:\/\/www.pressenza.com\/es\/#\/schema\/person\/d72a7c8c014dcbfa2ef9e9976103ea0d\",\"name\":\"Juan Pablo C\u00e1rdenas\",\"description\":\"Juan Pablo C\u00e1rdenas Squella es un periodista y profesor universitario de vasta trayectoria. En el 2005 recibi\u00f3 en premio nacional de Periodismo y, antes, la Pluma de Oro de la Libertad, otorgada por la Federaci\u00f3n Mundial de la Prensa. Tambi\u00e9n obtuvo el Premio Latinoamericano de Periodismo, la Houten Camara de Holanda (1989) entre otras m\u00faltiples distinciones nacionales y extranjeras. Forma parte de los sesenta periodistas del mundo considerados H\u00e9roes de la Libertad de Expresi\u00f3n, reconocimiento hecho por la Federaci\u00f3n Internacional de Periodistas. Ha sido director y columnista de las revistas Debate Universitario, An\u00e1lisis y Los Tiempos, as\u00ed como del diario electr\u00f3nico primeral\u00ednea.cl. Tambi\u00e9n fue por m\u00e1s 18 a\u00f1os director de la Radio Universidad de Chile y de su diario digital. Se ha desempe\u00f1ado como profesor de varias escuelas de periodismo de Santiago y Valpara\u00edso y en la Universidad de Chile alcanz\u00f3 el grado de profesor titular y senador universitario.\",\"url\":\"https:\/\/www.pressenza.com\/es\/author\/juan-pablo-cardenas\/\"}]}<\/script>\n<!-- \/ Yoast SEO plugin. -->","yoast_head_json":{"title":"Pandemia y Amnesia","description":"Pandemia y Amnesia","robots":{"index":"index","follow":"follow","max-snippet":"max-snippet:-1","max-image-preview":"max-image-preview:large","max-video-preview":"max-video-preview:-1"},"canonical":"https:\/\/www.pressenza.com\/es\/2020\/03\/pandemia-y-amnesia\/","og_locale":"es_ES","og_type":"article","og_title":"Pandemia y Amnesia","og_description":"Pandemia y Amnesia","og_url":"https:\/\/www.pressenza.com\/es\/2020\/03\/pandemia-y-amnesia\/","og_site_name":"Pressenza","article_publisher":"https:\/\/www.facebook.com\/PressenzaItalia","article_published_time":"2020-03-30T20:50:30+00:00","og_image":[{"width":1424,"height":949,"url":"https:\/\/www.pressenza.com\/wp-content\/uploads\/2020\/03\/bandera-en-calle.jpg","type":"image\/jpeg"}],"author":"Juan Pablo C\u00e1rdenas","twitter_card":"summary_large_image","twitter_creator":"@PressenzaIPA","twitter_site":"@PressenzaIPA","twitter_misc":{"Escrito por":"Juan Pablo C\u00e1rdenas","Tiempo de lectura":"6 minutos"},"schema":{"@context":"https:\/\/schema.org","@graph":[{"@type":"Article","@id":"https:\/\/www.pressenza.com\/es\/2020\/03\/pandemia-y-amnesia\/#article","isPartOf":{"@id":"https:\/\/www.pressenza.com\/es\/2020\/03\/pandemia-y-amnesia\/"},"author":{"name":"Juan Pablo C\u00e1rdenas","@id":"https:\/\/www.pressenza.com\/es\/#\/schema\/person\/d72a7c8c014dcbfa2ef9e9976103ea0d"},"headline":"Pandemia y Amnesia","datePublished":"2020-03-30T20:50:30+00:00","mainEntityOfPage":{"@id":"https:\/\/www.pressenza.com\/es\/2020\/03\/pandemia-y-amnesia\/"},"wordCount":1188,"publisher":{"@id":"https:\/\/www.pressenza.com\/es\/#organization"},"image":{"@id":"https:\/\/www.pressenza.com\/es\/2020\/03\/pandemia-y-amnesia\/#primaryimage"},"thumbnailUrl":"https:\/\/www.pressenza.com\/wp-content\/uploads\/2020\/03\/bandera-en-calle.jpg","keywords":["emergencia coronavirus"],"articleSection":["Contenido Original","Opiniones","Pol\u00edtica","Sudam\u00e9rica"],"inLanguage":"es"},{"@type":"WebPage","@id":"https:\/\/www.pressenza.com\/es\/2020\/03\/pandemia-y-amnesia\/","url":"https:\/\/www.pressenza.com\/es\/2020\/03\/pandemia-y-amnesia\/","name":"Pandemia y Amnesia","isPartOf":{"@id":"https:\/\/www.pressenza.com\/es\/#website"},"primaryImageOfPage":{"@id":"https:\/\/www.pressenza.com\/es\/2020\/03\/pandemia-y-amnesia\/#primaryimage"},"image":{"@id":"https:\/\/www.pressenza.com\/es\/2020\/03\/pandemia-y-amnesia\/#primaryimage"},"thumbnailUrl":"https:\/\/www.pressenza.com\/wp-content\/uploads\/2020\/03\/bandera-en-calle.jpg","datePublished":"2020-03-30T20:50:30+00:00","description":"Pandemia y Amnesia","breadcrumb":{"@id":"https:\/\/www.pressenza.com\/es\/2020\/03\/pandemia-y-amnesia\/#breadcrumb"},"inLanguage":"es","potentialAction":[{"@type":"ReadAction","target":["https:\/\/www.pressenza.com\/es\/2020\/03\/pandemia-y-amnesia\/"]}]},{"@type":"ImageObject","inLanguage":"es","@id":"https:\/\/www.pressenza.com\/es\/2020\/03\/pandemia-y-amnesia\/#primaryimage","url":"https:\/\/www.pressenza.com\/wp-content\/uploads\/2020\/03\/bandera-en-calle.jpg","contentUrl":"https:\/\/www.pressenza.com\/wp-content\/uploads\/2020\/03\/bandera-en-calle.jpg","width":1424,"height":949},{"@type":"BreadcrumbList","@id":"https:\/\/www.pressenza.com\/es\/2020\/03\/pandemia-y-amnesia\/#breadcrumb","itemListElement":[{"@type":"ListItem","position":1,"name":"Accueil","item":"https:\/\/www.pressenza.com\/es\/"},{"@type":"ListItem","position":2,"name":"Pandemia y Amnesia"}]},{"@type":"WebSite","@id":"https:\/\/www.pressenza.com\/es\/#website","url":"https:\/\/www.pressenza.com\/es\/","name":"Pressenza","description":"International Press Agency","publisher":{"@id":"https:\/\/www.pressenza.com\/es\/#organization"},"potentialAction":[{"@type":"SearchAction","target":{"@type":"EntryPoint","urlTemplate":"https:\/\/www.pressenza.com\/es\/?s={search_term_string}"},"query-input":{"@type":"PropertyValueSpecification","valueRequired":true,"valueName":"search_term_string"}}],"inLanguage":"es"},{"@type":"Organization","@id":"https:\/\/www.pressenza.com\/es\/#organization","name":"Pressenza","url":"https:\/\/www.pressenza.com\/es\/","logo":{"@type":"ImageObject","inLanguage":"es","@id":"https:\/\/www.pressenza.com\/es\/#\/schema\/logo\/image\/","url":"https:\/\/www.pressenza.com\/wp-content\/uploads\/2022\/10\/pressenza_logo_200x200.jpg","contentUrl":"https:\/\/www.pressenza.com\/wp-content\/uploads\/2022\/10\/pressenza_logo_200x200.jpg","width":200,"height":200,"caption":"Pressenza"},"image":{"@id":"https:\/\/www.pressenza.com\/es\/#\/schema\/logo\/image\/"},"sameAs":["https:\/\/www.facebook.com\/PressenzaItalia","https:\/\/x.com\/PressenzaIPA"]},{"@type":"Person","@id":"https:\/\/www.pressenza.com\/es\/#\/schema\/person\/d72a7c8c014dcbfa2ef9e9976103ea0d","name":"Juan Pablo C\u00e1rdenas","description":"Juan Pablo C\u00e1rdenas Squella es un periodista y profesor universitario de vasta trayectoria. En el 2005 recibi\u00f3 en premio nacional de Periodismo y, antes, la Pluma de Oro de la Libertad, otorgada por la Federaci\u00f3n Mundial de la Prensa. Tambi\u00e9n obtuvo el Premio Latinoamericano de Periodismo, la Houten Camara de Holanda (1989) entre otras m\u00faltiples distinciones nacionales y extranjeras. Forma parte de los sesenta periodistas del mundo considerados H\u00e9roes de la Libertad de Expresi\u00f3n, reconocimiento hecho por la Federaci\u00f3n Internacional de Periodistas. Ha sido director y columnista de las revistas Debate Universitario, An\u00e1lisis y Los Tiempos, as\u00ed como del diario electr\u00f3nico primeral\u00ednea.cl. Tambi\u00e9n fue por m\u00e1s 18 a\u00f1os director de la Radio Universidad de Chile y de su diario digital. Se ha desempe\u00f1ado como profesor de varias escuelas de periodismo de Santiago y Valpara\u00edso y en la Universidad de Chile alcanz\u00f3 el grado de profesor titular y senador universitario.","url":"https:\/\/www.pressenza.com\/es\/author\/juan-pablo-cardenas\/"}]}},"place":"Santiago de Chile","original_article_url":"","_links":{"self":[{"href":"https:\/\/www.pressenza.com\/es\/wp-json\/wp\/v2\/posts\/1068291","targetHints":{"allow":["GET"]}}],"collection":[{"href":"https:\/\/www.pressenza.com\/es\/wp-json\/wp\/v2\/posts"}],"about":[{"href":"https:\/\/www.pressenza.com\/es\/wp-json\/wp\/v2\/types\/post"}],"author":[{"embeddable":true,"href":"https:\/\/www.pressenza.com\/es\/wp-json\/wp\/v2\/users\/1739"}],"replies":[{"embeddable":true,"href":"https:\/\/www.pressenza.com\/es\/wp-json\/wp\/v2\/comments?post=1068291"}],"version-history":[{"count":0,"href":"https:\/\/www.pressenza.com\/es\/wp-json\/wp\/v2\/posts\/1068291\/revisions"}],"wp:featuredmedia":[{"embeddable":true,"href":"https:\/\/www.pressenza.com\/es\/wp-json\/wp\/v2\/media\/1068302"}],"wp:attachment":[{"href":"https:\/\/www.pressenza.com\/es\/wp-json\/wp\/v2\/media?parent=1068291"}],"wp:term":[{"taxonomy":"category","embeddable":true,"href":"https:\/\/www.pressenza.com\/es\/wp-json\/wp\/v2\/categories?post=1068291"},{"taxonomy":"post_tag","embeddable":true,"href":"https:\/\/www.pressenza.com\/es\/wp-json\/wp\/v2\/tags?post=1068291"}],"curies":[{"name":"wp","href":"https:\/\/api.w.org\/{rel}","templated":true}]}}