{"id":1068,"date":"2009-08-25T00:00:00","date_gmt":"2009-08-25T00:00:00","guid":{"rendered":""},"modified":"2009-08-26T08:41:50","modified_gmt":"2009-08-26T08:41:50","slug":"promueven-nuevas-iniciativas-de-paz-en-mendoza","status":"publish","type":"post","link":"https:\/\/www.pressenza.com\/es\/2009\/08\/promueven-nuevas-iniciativas-de-paz-en-mendoza\/","title":{"rendered":"Promueven nuevas iniciativas de Paz en Mendoza"},"content":{"rendered":"<p> \u201cVivimos en un mundo muy complejo. Suenan los tambores de la guerra, vemos la matanza de ni\u00f1os inocentes. Hoy tenemos que condenar los tiempos de la violencia. No fue casual ni es casual que a lo largo de la historia, una de las consignas fundamentales haya sido siempre la consigna de la paz\u201d, expresa Enrique Le\u00f3n, en representaci\u00f3n del Consejo Deliberante del Municipio de Rivadavia, uno de los principales departamentos de la provincia de Mendoza, Argentina.<\/p>\n<p>A su vez, el Intentente de esa localidad, Juan Del R\u00edo, se prepara para seguir promoviendo nuevas iniciativas de paz, ya no s\u00f3lo en el Municipio, sino en todo el territorio del este mendocino, que est\u00e1 integrado por cinco Departamentos. Entre dichas iniciativas sobresale la Marcha Mundial por la Paz y la No-violencia, organizada por la Fundaci\u00f3n Mundo Sin Guerras de forma internacional. La misma concluye el 2 de enero en Punta de Vacas, Mendoza, reuniendo a miles de personas provenientes de diversos puntos del mundo. <\/p>\n<p>Para ello, Del R\u00edo present\u00f3 formalmente su adhesi\u00f3n a la Marcha Mundial el pasado 10 de agosto, manifest\u00e1ndole su compromiso a Carlos Buj y Tania Germ, representantes de esa iniciativa en Mendoza.<\/p>\n<p>El Municipio de Rivadavia es pionero en la difusi\u00f3n de este tipo de iniciativas. En febrero, en su festival anual \u201cRivadavia le Canta al pa\u00eds\u201d, invit\u00f3 al p\u00fablico presente sumarse a la Marcha Mundial, ante la asistencia de miles de personas y artistas de renombre que adhirieron en dicha oportunidad, como Le\u00f3n Gieco, Teresa Parodi, Pocho Soza y Ernesto Suar\u00e9z, entre otras personalidades.<\/p>\n<p>Igualmente significativo fue el Festival de la Marcha Mundial, desarrollado en el Parque C\u00edvico de la ciudad de Mendoza, en el mes de mayo, junto a la Direcci\u00f3n de la Juventud de la Provincia de Mendoza y la comunidad del Mensaje de Silo.<\/p>\n","protected":false},"excerpt":{"rendered":"<p>\u201cHoy tenemos que condenar los tiempos de la violencia\u201d, manifest\u00f3 el Consejo Deliberante del Municipio de Rivadavia, en la provincia argentina de Mendoza, en su declaraci\u00f3n de inter\u00e9s municipal de la Marcha Mundial por la Paz y la No-Violencia. Sumado a esto, Juan Del R\u00edo, Intendente de esa localidad, impulsa diversas acciones sociales a favor de la Paz. <\/p>\n","protected":false},"author":19,"featured_media":0,"comment_status":"closed","ping_status":"open","sticky":false,"template":"","format":"standard","meta":{"footnotes":""},"categories":[75,67],"tags":[],"class_list":["post-1068","post","type-post","status-publish","format-standard","hentry","category-cultura-es","category-sudamerica"],"yoast_head":"<!-- This site is optimized with the Yoast SEO plugin v27.1.1 - https:\/\/yoast.com\/product\/yoast-seo-wordpress\/ -->\n<title>Promueven nuevas iniciativas de Paz en Mendoza<\/title>\n<meta name=\"description\" content=\"\u201cHoy tenemos que condenar los tiempos de la violencia\u201d, manifest\u00f3 el Consejo Deliberante del Municipio de Rivadavia, en la provincia argentina de Mendoza, en su declaraci\u00f3n de inter\u00e9s municipal de la Marcha Mundial por la Paz y la No-Violencia. Sumado a esto, Juan Del R\u00edo, Intendente de esa localidad, impulsa diversas acciones sociales a favor de la Paz.\" \/>\n<meta name=\"robots\" content=\"index, follow, max-snippet:-1, max-image-preview:large, max-video-preview:-1\" \/>\n<link rel=\"canonical\" href=\"https:\/\/www.pressenza.com\/es\/2009\/08\/promueven-nuevas-iniciativas-de-paz-en-mendoza\/\" \/>\n<meta property=\"og:locale\" content=\"es_ES\" \/>\n<meta property=\"og:type\" content=\"article\" \/>\n<meta property=\"og:title\" content=\"Promueven nuevas iniciativas de Paz en Mendoza\" \/>\n<meta property=\"og:description\" content=\"\u201cHoy tenemos que condenar los tiempos de la violencia\u201d, manifest\u00f3 el Consejo Deliberante del Municipio de Rivadavia, en la provincia argentina de Mendoza, en su declaraci\u00f3n de inter\u00e9s municipal de la Marcha Mundial por la Paz y la No-Violencia. Sumado a esto, Juan Del R\u00edo, Intendente de esa localidad, impulsa diversas acciones sociales a favor de la Paz.\" \/>\n<meta property=\"og:url\" content=\"https:\/\/www.pressenza.com\/es\/2009\/08\/promueven-nuevas-iniciativas-de-paz-en-mendoza\/\" \/>\n<meta property=\"og:site_name\" content=\"Pressenza\" \/>\n<meta property=\"article:publisher\" content=\"https:\/\/www.facebook.com\/PressenzaItalia\" \/>\n<meta property=\"article:author\" content=\"https:\/\/www.facebook.com\/pressenza\" \/>\n<meta property=\"article:published_time\" content=\"2009-08-25T00:00:00+00:00\" \/>\n<meta property=\"article:modified_time\" content=\"2009-08-26T08:41:50+00:00\" \/>\n<meta name=\"author\" content=\"Pressenza IPA\" \/>\n<meta name=\"twitter:card\" content=\"summary_large_image\" \/>\n<meta name=\"twitter:creator\" content=\"@PressenzaIPA\" \/>\n<meta name=\"twitter:site\" content=\"@PressenzaIPA\" \/>\n<meta name=\"twitter:label1\" content=\"Escrito por\" \/>\n\t<meta name=\"twitter:data1\" content=\"Pressenza IPA\" \/>\n\t<meta name=\"twitter:label2\" content=\"Tiempo de lectura\" \/>\n\t<meta name=\"twitter:data2\" content=\"2 minutos\" \/>\n<script type=\"application\/ld+json\" class=\"yoast-schema-graph\">{\"@context\":\"https:\/\/schema.org\",\"@graph\":[{\"@type\":\"Article\",\"@id\":\"https:\/\/www.pressenza.com\/es\/2009\/08\/promueven-nuevas-iniciativas-de-paz-en-mendoza\/#article\",\"isPartOf\":{\"@id\":\"https:\/\/www.pressenza.com\/es\/2009\/08\/promueven-nuevas-iniciativas-de-paz-en-mendoza\/\"},\"author\":{\"name\":\"Pressenza IPA\",\"@id\":\"https:\/\/www.pressenza.com\/es\/#\/schema\/person\/010e5d02bcf40965427a1289a4cc8d75\"},\"headline\":\"Promueven nuevas iniciativas de Paz en Mendoza\",\"datePublished\":\"2009-08-25T00:00:00+00:00\",\"dateModified\":\"2009-08-26T08:41:50+00:00\",\"mainEntityOfPage\":{\"@id\":\"https:\/\/www.pressenza.com\/es\/2009\/08\/promueven-nuevas-iniciativas-de-paz-en-mendoza\/\"},\"wordCount\":321,\"publisher\":{\"@id\":\"https:\/\/www.pressenza.com\/es\/#organization\"},\"articleSection\":[\"Cultura y Medios\",\"Sudam\u00e9rica\"],\"inLanguage\":\"es\"},{\"@type\":\"WebPage\",\"@id\":\"https:\/\/www.pressenza.com\/es\/2009\/08\/promueven-nuevas-iniciativas-de-paz-en-mendoza\/\",\"url\":\"https:\/\/www.pressenza.com\/es\/2009\/08\/promueven-nuevas-iniciativas-de-paz-en-mendoza\/\",\"name\":\"Promueven nuevas iniciativas de Paz en Mendoza\",\"isPartOf\":{\"@id\":\"https:\/\/www.pressenza.com\/es\/#website\"},\"datePublished\":\"2009-08-25T00:00:00+00:00\",\"dateModified\":\"2009-08-26T08:41:50+00:00\",\"description\":\"\u201cHoy tenemos que condenar los tiempos de la violencia\u201d, manifest\u00f3 el Consejo Deliberante del Municipio de Rivadavia, en la provincia argentina de Mendoza, en su declaraci\u00f3n de inter\u00e9s municipal de la Marcha Mundial por la Paz y la No-Violencia. Sumado a esto, Juan Del R\u00edo, Intendente de esa localidad, impulsa diversas acciones sociales a favor de la Paz.\",\"breadcrumb\":{\"@id\":\"https:\/\/www.pressenza.com\/es\/2009\/08\/promueven-nuevas-iniciativas-de-paz-en-mendoza\/#breadcrumb\"},\"inLanguage\":\"es\",\"potentialAction\":[{\"@type\":\"ReadAction\",\"target\":[\"https:\/\/www.pressenza.com\/es\/2009\/08\/promueven-nuevas-iniciativas-de-paz-en-mendoza\/\"]}]},{\"@type\":\"BreadcrumbList\",\"@id\":\"https:\/\/www.pressenza.com\/es\/2009\/08\/promueven-nuevas-iniciativas-de-paz-en-mendoza\/#breadcrumb\",\"itemListElement\":[{\"@type\":\"ListItem\",\"position\":1,\"name\":\"Accueil\",\"item\":\"https:\/\/www.pressenza.com\/es\/\"},{\"@type\":\"ListItem\",\"position\":2,\"name\":\"Promueven nuevas iniciativas de Paz en Mendoza\"}]},{\"@type\":\"WebSite\",\"@id\":\"https:\/\/www.pressenza.com\/es\/#website\",\"url\":\"https:\/\/www.pressenza.com\/es\/\",\"name\":\"Pressenza\",\"description\":\"International Press Agency\",\"publisher\":{\"@id\":\"https:\/\/www.pressenza.com\/es\/#organization\"},\"potentialAction\":[{\"@type\":\"SearchAction\",\"target\":{\"@type\":\"EntryPoint\",\"urlTemplate\":\"https:\/\/www.pressenza.com\/es\/?s={search_term_string}\"},\"query-input\":{\"@type\":\"PropertyValueSpecification\",\"valueRequired\":true,\"valueName\":\"search_term_string\"}}],\"inLanguage\":\"es\"},{\"@type\":\"Organization\",\"@id\":\"https:\/\/www.pressenza.com\/es\/#organization\",\"name\":\"Pressenza\",\"url\":\"https:\/\/www.pressenza.com\/es\/\",\"logo\":{\"@type\":\"ImageObject\",\"inLanguage\":\"es\",\"@id\":\"https:\/\/www.pressenza.com\/es\/#\/schema\/logo\/image\/\",\"url\":\"https:\/\/www.pressenza.com\/wp-content\/uploads\/2022\/10\/pressenza_logo_200x200.jpg\",\"contentUrl\":\"https:\/\/www.pressenza.com\/wp-content\/uploads\/2022\/10\/pressenza_logo_200x200.jpg\",\"width\":200,\"height\":200,\"caption\":\"Pressenza\"},\"image\":{\"@id\":\"https:\/\/www.pressenza.com\/es\/#\/schema\/logo\/image\/\"},\"sameAs\":[\"https:\/\/www.facebook.com\/PressenzaItalia\",\"https:\/\/x.com\/PressenzaIPA\"]},{\"@type\":\"Person\",\"@id\":\"https:\/\/www.pressenza.com\/es\/#\/schema\/person\/010e5d02bcf40965427a1289a4cc8d75\",\"name\":\"Pressenza IPA\",\"description\":\"News from Pressenza IPA correspondents\",\"sameAs\":[\"https:\/\/www.facebook.com\/pressenza\",\"https:\/\/x.com\/PressenzaIPA\"],\"url\":\"https:\/\/www.pressenza.com\/es\/author\/pressenza-ipa\/\"}]}<\/script>\n<!-- \/ Yoast SEO plugin. -->","yoast_head_json":{"title":"Promueven nuevas iniciativas de Paz en Mendoza","description":"\u201cHoy tenemos que condenar los tiempos de la violencia\u201d, manifest\u00f3 el Consejo Deliberante del Municipio de Rivadavia, en la provincia argentina de Mendoza, en su declaraci\u00f3n de inter\u00e9s municipal de la Marcha Mundial por la Paz y la No-Violencia. Sumado a esto, Juan Del R\u00edo, Intendente de esa localidad, impulsa diversas acciones sociales a favor de la Paz.","robots":{"index":"index","follow":"follow","max-snippet":"max-snippet:-1","max-image-preview":"max-image-preview:large","max-video-preview":"max-video-preview:-1"},"canonical":"https:\/\/www.pressenza.com\/es\/2009\/08\/promueven-nuevas-iniciativas-de-paz-en-mendoza\/","og_locale":"es_ES","og_type":"article","og_title":"Promueven nuevas iniciativas de Paz en Mendoza","og_description":"\u201cHoy tenemos que condenar los tiempos de la violencia\u201d, manifest\u00f3 el Consejo Deliberante del Municipio de Rivadavia, en la provincia argentina de Mendoza, en su declaraci\u00f3n de inter\u00e9s municipal de la Marcha Mundial por la Paz y la No-Violencia. Sumado a esto, Juan Del R\u00edo, Intendente de esa localidad, impulsa diversas acciones sociales a favor de la Paz.","og_url":"https:\/\/www.pressenza.com\/es\/2009\/08\/promueven-nuevas-iniciativas-de-paz-en-mendoza\/","og_site_name":"Pressenza","article_publisher":"https:\/\/www.facebook.com\/PressenzaItalia","article_author":"https:\/\/www.facebook.com\/pressenza","article_published_time":"2009-08-25T00:00:00+00:00","article_modified_time":"2009-08-26T08:41:50+00:00","author":"Pressenza IPA","twitter_card":"summary_large_image","twitter_creator":"@PressenzaIPA","twitter_site":"@PressenzaIPA","twitter_misc":{"Escrito por":"Pressenza IPA","Tiempo de lectura":"2 minutos"},"schema":{"@context":"https:\/\/schema.org","@graph":[{"@type":"Article","@id":"https:\/\/www.pressenza.com\/es\/2009\/08\/promueven-nuevas-iniciativas-de-paz-en-mendoza\/#article","isPartOf":{"@id":"https:\/\/www.pressenza.com\/es\/2009\/08\/promueven-nuevas-iniciativas-de-paz-en-mendoza\/"},"author":{"name":"Pressenza IPA","@id":"https:\/\/www.pressenza.com\/es\/#\/schema\/person\/010e5d02bcf40965427a1289a4cc8d75"},"headline":"Promueven nuevas iniciativas de Paz en Mendoza","datePublished":"2009-08-25T00:00:00+00:00","dateModified":"2009-08-26T08:41:50+00:00","mainEntityOfPage":{"@id":"https:\/\/www.pressenza.com\/es\/2009\/08\/promueven-nuevas-iniciativas-de-paz-en-mendoza\/"},"wordCount":321,"publisher":{"@id":"https:\/\/www.pressenza.com\/es\/#organization"},"articleSection":["Cultura y Medios","Sudam\u00e9rica"],"inLanguage":"es"},{"@type":"WebPage","@id":"https:\/\/www.pressenza.com\/es\/2009\/08\/promueven-nuevas-iniciativas-de-paz-en-mendoza\/","url":"https:\/\/www.pressenza.com\/es\/2009\/08\/promueven-nuevas-iniciativas-de-paz-en-mendoza\/","name":"Promueven nuevas iniciativas de Paz en Mendoza","isPartOf":{"@id":"https:\/\/www.pressenza.com\/es\/#website"},"datePublished":"2009-08-25T00:00:00+00:00","dateModified":"2009-08-26T08:41:50+00:00","description":"\u201cHoy tenemos que condenar los tiempos de la violencia\u201d, manifest\u00f3 el Consejo Deliberante del Municipio de Rivadavia, en la provincia argentina de Mendoza, en su declaraci\u00f3n de inter\u00e9s municipal de la Marcha Mundial por la Paz y la No-Violencia. Sumado a esto, Juan Del R\u00edo, Intendente de esa localidad, impulsa diversas acciones sociales a favor de la Paz.","breadcrumb":{"@id":"https:\/\/www.pressenza.com\/es\/2009\/08\/promueven-nuevas-iniciativas-de-paz-en-mendoza\/#breadcrumb"},"inLanguage":"es","potentialAction":[{"@type":"ReadAction","target":["https:\/\/www.pressenza.com\/es\/2009\/08\/promueven-nuevas-iniciativas-de-paz-en-mendoza\/"]}]},{"@type":"BreadcrumbList","@id":"https:\/\/www.pressenza.com\/es\/2009\/08\/promueven-nuevas-iniciativas-de-paz-en-mendoza\/#breadcrumb","itemListElement":[{"@type":"ListItem","position":1,"name":"Accueil","item":"https:\/\/www.pressenza.com\/es\/"},{"@type":"ListItem","position":2,"name":"Promueven nuevas iniciativas de Paz en Mendoza"}]},{"@type":"WebSite","@id":"https:\/\/www.pressenza.com\/es\/#website","url":"https:\/\/www.pressenza.com\/es\/","name":"Pressenza","description":"International Press Agency","publisher":{"@id":"https:\/\/www.pressenza.com\/es\/#organization"},"potentialAction":[{"@type":"SearchAction","target":{"@type":"EntryPoint","urlTemplate":"https:\/\/www.pressenza.com\/es\/?s={search_term_string}"},"query-input":{"@type":"PropertyValueSpecification","valueRequired":true,"valueName":"search_term_string"}}],"inLanguage":"es"},{"@type":"Organization","@id":"https:\/\/www.pressenza.com\/es\/#organization","name":"Pressenza","url":"https:\/\/www.pressenza.com\/es\/","logo":{"@type":"ImageObject","inLanguage":"es","@id":"https:\/\/www.pressenza.com\/es\/#\/schema\/logo\/image\/","url":"https:\/\/www.pressenza.com\/wp-content\/uploads\/2022\/10\/pressenza_logo_200x200.jpg","contentUrl":"https:\/\/www.pressenza.com\/wp-content\/uploads\/2022\/10\/pressenza_logo_200x200.jpg","width":200,"height":200,"caption":"Pressenza"},"image":{"@id":"https:\/\/www.pressenza.com\/es\/#\/schema\/logo\/image\/"},"sameAs":["https:\/\/www.facebook.com\/PressenzaItalia","https:\/\/x.com\/PressenzaIPA"]},{"@type":"Person","@id":"https:\/\/www.pressenza.com\/es\/#\/schema\/person\/010e5d02bcf40965427a1289a4cc8d75","name":"Pressenza IPA","description":"News from Pressenza IPA correspondents","sameAs":["https:\/\/www.facebook.com\/pressenza","https:\/\/x.com\/PressenzaIPA"],"url":"https:\/\/www.pressenza.com\/es\/author\/pressenza-ipa\/"}]}},"place":"Mendoza","original_article_url":"","_links":{"self":[{"href":"https:\/\/www.pressenza.com\/es\/wp-json\/wp\/v2\/posts\/1068","targetHints":{"allow":["GET"]}}],"collection":[{"href":"https:\/\/www.pressenza.com\/es\/wp-json\/wp\/v2\/posts"}],"about":[{"href":"https:\/\/www.pressenza.com\/es\/wp-json\/wp\/v2\/types\/post"}],"author":[{"embeddable":true,"href":"https:\/\/www.pressenza.com\/es\/wp-json\/wp\/v2\/users\/19"}],"replies":[{"embeddable":true,"href":"https:\/\/www.pressenza.com\/es\/wp-json\/wp\/v2\/comments?post=1068"}],"version-history":[{"count":0,"href":"https:\/\/www.pressenza.com\/es\/wp-json\/wp\/v2\/posts\/1068\/revisions"}],"wp:attachment":[{"href":"https:\/\/www.pressenza.com\/es\/wp-json\/wp\/v2\/media?parent=1068"}],"wp:term":[{"taxonomy":"category","embeddable":true,"href":"https:\/\/www.pressenza.com\/es\/wp-json\/wp\/v2\/categories?post=1068"},{"taxonomy":"post_tag","embeddable":true,"href":"https:\/\/www.pressenza.com\/es\/wp-json\/wp\/v2\/tags?post=1068"}],"curies":[{"name":"wp","href":"https:\/\/api.w.org\/{rel}","templated":true}]}}